{"id":12835,"date":"2026-02-28T16:17:43","date_gmt":"2026-02-28T15:17:43","guid":{"rendered":"https:\/\/vieassociative.be\/actualites\/le-nouvel-ultrahuman-ring-pro-a-un-etui-de-chargement-etonnamment-rempli-de-fonctionnalites\/"},"modified":"2026-02-28T16:17:43","modified_gmt":"2026-02-28T15:17:43","slug":"le-nouvel-ultrahuman-ring-pro-a-un-etui-de-chargement-etonnamment-rempli-de-fonctionnalites","status":"publish","type":"post","link":"https:\/\/vieassociative.be\/actualites\/le-nouvel-ultrahuman-ring-pro-a-un-etui-de-chargement-etonnamment-rempli-de-fonctionnalites\/","title":{"rendered":"Le nouvel Ultrahuman Ring Pro a un \u00e9tui de chargement \u00e9tonnamment rempli de fonctionnalit\u00e9s"},"content":{"rendered":"<p>Nous pouvons gagner une commission sur les liens sur cette page.<\/p>\n<p>Ultrahuman vient de lancer sa nouvelle bague, l&rsquo;Ultrahuman Ring Pro. Bien qu&rsquo;il ne soit pas encore disponible aux \u00c9tats-Unis, je suis ravi qu&rsquo;il arrive sur le march\u00e9. Le v\u00e9ritable changement ici n&rsquo;est pas ce qu&rsquo;il y a sur le ring, mais ce qu&rsquo;Ultrahuman a r\u00e9ussi \u00e0 faire avec le bo\u00eetier de chargement, c&rsquo;est-\u00e0-dire bien plus que simplement charger.<\/p>\n<h2 id=\"specs-of-the-ultrahuman-ring-pro\">Sp\u00e9cifications de l\u2019Ultrahuman Ring Pro<\/h2>\n<p>Selon Ultrahuman, la nouvelle bague co\u00fbte 429 $ et comprend\u00a0:<\/p>\n<ul>\n<li>\n<p>Autonomie de la batterie de 15 jours\u00a0: c&rsquo;est plus que l&rsquo;autonomie de la batterie de RingConn et environ le double de celle d&rsquo;Oura<\/p>\n<\/li>\n<li>\n<p>Stockage de 250 jours de donn\u00e9es<\/p>\n<\/li>\n<li>\n<p>Tailles enti\u00e8res 5 \u00e0 14<\/p>\n<\/li>\n<li>\n<p>Un processeur plus rapide qui, selon Ultrahuman, permet un traitement des donn\u00e9es plus pr\u00e9cis<\/p>\n<\/li>\n<li>\n<p>Points de rupture permettant de couper facilement l&rsquo;anneau en cas d&rsquo;urgence<\/p>\n<\/li>\n<\/ul>\n<p>Physiquement, l\u2019anneau ressemble \u00e0 l\u2019Ultrahuman Ring Air, que j\u2019ai d\u00e9j\u00e0 examin\u00e9. Il pr\u00e9sente une surface interne lisse (pas de bosses du capteur) avec une petite zone plane \u00e0 la base du doigt.<\/p>\n<h2 id=\"the-charging-case-is-the-real-innovation-here\">Le bo\u00eetier de chargement est la v\u00e9ritable innovation ici<\/h2>\n<div class=\"eloquent-imagery-image\">\n<div class=\"flex justify-center\">\n                    <img decoding=\"async\" class=\"border border-gray-100\" src=\"https:\/\/vieassociative.be\/actualites\/wp-content\/uploads\/2026\/02\/Le-nouvel-Ultrahuman-Ring-Pro-a-un-etui-de-chargement.png\" alt=\"\u00c9tui de chargement Ultrahuman Ring Pro\" width=\"2000\" height=\"1125\" loading=\"lazy\">\n            <\/div>\n<div class=\"mt-2 font-akshar\">\n                            <span class=\"image-caption block text-sm leading-4 tracking-wide text-(#1F2937)\"><\/span><br \/>\n                                        <span class=\"mt-1 block font-sans text-xs tracking-normal text-gray-600\">Cr\u00e9dit : Beth Skwarecki<\/span>\n                    <\/div>\n<\/p><\/div>\n<p>Ce qui m&rsquo;intrigue vraiment dans cet anneau, ce n&rsquo;est pas l&rsquo;anneau lui-m\u00eame, ni m\u00eame le fait qu&rsquo;il dispose d&rsquo;un \u00e9tui de chargement, mais le fait qu&rsquo;Ultrahuman utilise d\u00e9sormais l&rsquo;\u00e9tui de chargement comme un appareil \u00e0 part enti\u00e8re. Je n&rsquo;ai rien vu de tel chez d&rsquo;autres fabricants d&rsquo;anneaux intelligents, et c&rsquo;est une id\u00e9e brillante.<\/p>\n<p>Par exemple, les anneaux intelligents ne peuvent pas facilement servir d&rsquo;alarme, car ils auraient alors besoin de composants capables de vibrer ou de faire du bruit, augmentant ainsi le volume de l&rsquo;anneau et r\u00e9duisant la dur\u00e9e de vie de la batterie. Mais un \u00e9tui de chargement peut facilement faire office de r\u00e9veil, d&rsquo;autant plus que vous l&rsquo;avez probablement d\u00e9j\u00e0 sur votre table de nuit. (L&rsquo;application Ultrahuman dispose d&rsquo;une fonction d&rsquo;alarme, mais elle ne fonctionnait pas bien avec le mode silencieux de mon iPhone et je ne l&rsquo;ai pas trouv\u00e9e fiable.)<\/p>\n<p>Le bo\u00eetier de chargement de l\u2019Ultrahuman Ring Pro dispose \u00e9galement d\u2019indicateurs LED, peut se charger sans fil et dispose d\u2019un port USB-C. Le bo\u00eetier dispose de fonctionnalit\u00e9s de diagnostic et de d\u00e9pannage, notamment un bouton pour r\u00e9initialiser la bague si n\u00e9cessaire. L&rsquo;\u00e9tui peut \u00e9galement stocker jusqu&rsquo;\u00e0 un an de donn\u00e9es de sonnerie et les synchroniser avec votre t\u00e9l\u00e9phone plus tard.<\/p>\n<p>Et vous savez ce que j&rsquo;aime d&rsquo;autre dans la nouvelle affaire ? <em>Il n&rsquo;est pas dimensionn\u00e9 pour la bague<\/em>. L&rsquo;anneau se fixe magn\u00e9tiquement aux broches du poteau, laissant un espace vide autour si l&rsquo;anneau est de grande taille, et moins d&rsquo;espace vide s&rsquo;il est de plus petite taille. Si jamais vous aviez besoin de remplacer le bo\u00eetier, vous n&rsquo;auriez pas besoin d&rsquo;en trouver un \u00e0 votre taille sp\u00e9cifique.<\/p>\n<h2 id=\"why-we-cant-get-this-ring-in-the-us-yet\">Pourquoi nous ne pouvons pas (encore) obtenir cette bague aux \u00c9tats-Unis ?<\/h2>\n<p>Des poursuites judiciaires en coulisses ont perturb\u00e9 le march\u00e9 am\u00e9ricain des bagues intelligentes. Il y a environ un an, les options \u00e9taient nombreuses, mais Oura a ensuite fait valoir aupr\u00e8s de la Commission am\u00e9ricaine du commerce international (ITC) qu&rsquo;elle pensait que son brevet sur les anneaux intelligents couvrait la conception de presque tous les anneaux intelligents. L&rsquo;ITC a accept\u00e9, et Ultrahuman \u00e9tait l&rsquo;une des soci\u00e9t\u00e9s qui devaient retirer leurs anneaux du march\u00e9 am\u00e9ricain.<\/p>\n<p>Ultrahuman a d\u00e9clar\u00e9 presque imm\u00e9diatement qu&rsquo;il travaillait de toute fa\u00e7on sur une nouvelle conception d&rsquo;anneau, une construction si diff\u00e9rente qu&rsquo;elle ne peut pas enfreindre la d\u00e9cision de l&rsquo;ITC. Le Ring Pro semble \u00eatre le design auquel il faisait r\u00e9f\u00e9rence, Ultrahuman faisant clairement r\u00e9f\u00e9rence \u00e0 son \u00ab architecture monocoque \u00bb plut\u00f4t que d\u2019utiliser un design avec une doublure transparente (cette doublure transparente est l\u2019une des caract\u00e9ristiques du brevet en cause).<\/p>\n<p>Il semble qu\u2019il existe encore une possibilit\u00e9 que cette approche s\u2019av\u00e8re payante. Un porte-parole m&rsquo;a dit par e-mail aujourd&rsquo;hui : \u00ab Nous travaillons sur les \u00e9tapes n\u00e9cessaires pour proposer Ring PRO \u00e0 nos clients am\u00e9ricains et esp\u00e9rons partager bient\u00f4t de bonnes nouvelles. \u00bb<\/p>\n","protected":false},"excerpt":{"rendered":"<p>Nous pouvons gagner une commission sur les liens sur cette page. Ultrahuman vient de lancer sa nouvelle bague, l&rsquo;Ultrahuman Ring Pro. Bien qu&rsquo;il ne soit<\/p>\n","protected":false},"author":1,"featured_media":12836,"comment_status":"","ping_status":"","sticky":false,"template":"","format":"standard","meta":{"footnotes":""},"categories":[1],"tags":[9722,4607,10126,1216,929,630,7565,2311,10125],"class_list":["post-12835","post","type-post","status-publish","format-standard","has-post-thumbnail","hentry","category-non-classe","tag-chargement","tag-etonnamment","tag-etui","tag-fonctionnalites","tag-nouvel","tag-pro","tag-rempli","tag-ring","tag-ultrahuman","generate-columns","tablet-grid-50","mobile-grid-100","grid-parent","grid-33"],"yoast_head":"<!-- This site is optimized with the Yoast SEO plugin v24.0 - https:\/\/yoast.com\/wordpress\/plugins\/seo\/ -->\n<title>Le nouvel Ultrahuman Ring Pro a un \u00e9tui de chargement \u00e9tonnamment rempli de fonctionnalit\u00e9s | Vie Associative<\/title>\n<meta name=\"robots\" content=\"index, follow, max-snippet:-1, max-image-preview:large, max-video-preview:-1\" \/>\n<link rel=\"canonical\" href=\"https:\/\/vieassociative.be\/actualites\/le-nouvel-ultrahuman-ring-pro-a-un-etui-de-chargement-etonnamment-rempli-de-fonctionnalites\/\" \/>\n<meta property=\"og:locale\" content=\"fr_FR\" \/>\n<meta property=\"og:type\" content=\"article\" \/>\n<meta property=\"og:title\" content=\"Le nouvel Ultrahuman Ring Pro a un \u00e9tui de chargement \u00e9tonnamment rempli de fonctionnalit\u00e9s | Vie Associative\" \/>\n<meta property=\"og:description\" content=\"Nous pouvons gagner une commission sur les liens sur cette page. Ultrahuman vient de lancer sa nouvelle bague, l&rsquo;Ultrahuman Ring Pro. Bien qu&rsquo;il ne soit\" \/>\n<meta property=\"og:url\" content=\"https:\/\/vieassociative.be\/actualites\/le-nouvel-ultrahuman-ring-pro-a-un-etui-de-chargement-etonnamment-rempli-de-fonctionnalites\/\" \/>\n<meta property=\"og:site_name\" content=\"Vie Associative\" \/>\n<meta property=\"article:published_time\" content=\"2026-02-28T15:17:43+00:00\" \/>\n<meta property=\"og:image\" content=\"https:\/\/vieassociative.be\/actualites\/wp-content\/uploads\/2026\/02\/Le-nouvel-Ultrahuman-Ring-Pro-a-un-etui-de-chargement.png\" \/>\n<meta name=\"author\" content=\"Julien\" \/>\n<meta name=\"twitter:card\" content=\"summary_large_image\" \/>\n<meta name=\"twitter:label1\" content=\"\u00c9crit par\" \/>\n\t<meta name=\"twitter:data1\" content=\"Julien\" \/>\n\t<meta name=\"twitter:label2\" content=\"Dur\u00e9e de lecture est.\" \/>\n\t<meta name=\"twitter:data2\" content=\"4 minutes\" \/>\n<script type=\"application\/ld+json\" class=\"yoast-schema-graph\">{\"@context\":\"https:\/\/schema.org\",\"@graph\":[{\"@type\":\"Article\",\"@id\":\"https:\/\/vieassociative.be\/actualites\/le-nouvel-ultrahuman-ring-pro-a-un-etui-de-chargement-etonnamment-rempli-de-fonctionnalites\/#article\",\"isPartOf\":{\"@id\":\"https:\/\/vieassociative.be\/actualites\/le-nouvel-ultrahuman-ring-pro-a-un-etui-de-chargement-etonnamment-rempli-de-fonctionnalites\/\"},\"author\":{\"name\":\"Julien\",\"@id\":\"https:\/\/vieassociative.be\/actualites\/#\/schema\/person\/b87ac4f82f9d4e7b7cec7395b679edc4\"},\"headline\":\"Le nouvel Ultrahuman Ring Pro a un \u00e9tui de chargement \u00e9tonnamment rempli de fonctionnalit\u00e9s\",\"datePublished\":\"2026-02-28T15:17:43+00:00\",\"dateModified\":\"2026-02-28T15:17:43+00:00\",\"mainEntityOfPage\":{\"@id\":\"https:\/\/vieassociative.be\/actualites\/le-nouvel-ultrahuman-ring-pro-a-un-etui-de-chargement-etonnamment-rempli-de-fonctionnalites\/\"},\"wordCount\":769,\"publisher\":{\"@id\":\"https:\/\/vieassociative.be\/actualites\/#organization\"},\"image\":{\"@id\":\"https:\/\/vieassociative.be\/actualites\/le-nouvel-ultrahuman-ring-pro-a-un-etui-de-chargement-etonnamment-rempli-de-fonctionnalites\/#primaryimage\"},\"thumbnailUrl\":\"https:\/\/vieassociative.be\/actualites\/wp-content\/uploads\/2026\/02\/1772291864_Le-nouvel-Ultrahuman-Ring-Pro-a-un-etui-de-chargement.png\",\"keywords\":[\"chargement\",\"\u00e9tonnamment\",\"\u00e9tui\",\"fonctionnalit\u00e9s\",\"nouvel\",\"Pro\",\"rempli\",\"Ring\",\"Ultrahuman\"],\"inLanguage\":\"fr-BE\"},{\"@type\":\"WebPage\",\"@id\":\"https:\/\/vieassociative.be\/actualites\/le-nouvel-ultrahuman-ring-pro-a-un-etui-de-chargement-etonnamment-rempli-de-fonctionnalites\/\",\"url\":\"https:\/\/vieassociative.be\/actualites\/le-nouvel-ultrahuman-ring-pro-a-un-etui-de-chargement-etonnamment-rempli-de-fonctionnalites\/\",\"name\":\"Le nouvel Ultrahuman Ring Pro a un \u00e9tui de chargement \u00e9tonnamment rempli de fonctionnalit\u00e9s | Vie Associative\",\"isPartOf\":{\"@id\":\"https:\/\/vieassociative.be\/actualites\/#website\"},\"primaryImageOfPage\":{\"@id\":\"https:\/\/vieassociative.be\/actualites\/le-nouvel-ultrahuman-ring-pro-a-un-etui-de-chargement-etonnamment-rempli-de-fonctionnalites\/#primaryimage\"},\"image\":{\"@id\":\"https:\/\/vieassociative.be\/actualites\/le-nouvel-ultrahuman-ring-pro-a-un-etui-de-chargement-etonnamment-rempli-de-fonctionnalites\/#primaryimage\"},\"thumbnailUrl\":\"https:\/\/vieassociative.be\/actualites\/wp-content\/uploads\/2026\/02\/1772291864_Le-nouvel-Ultrahuman-Ring-Pro-a-un-etui-de-chargement.png\",\"datePublished\":\"2026-02-28T15:17:43+00:00\",\"dateModified\":\"2026-02-28T15:17:43+00:00\",\"breadcrumb\":{\"@id\":\"https:\/\/vieassociative.be\/actualites\/le-nouvel-ultrahuman-ring-pro-a-un-etui-de-chargement-etonnamment-rempli-de-fonctionnalites\/#breadcrumb\"},\"inLanguage\":\"fr-BE\",\"potentialAction\":[{\"@type\":\"ReadAction\",\"target\":[\"https:\/\/vieassociative.be\/actualites\/le-nouvel-ultrahuman-ring-pro-a-un-etui-de-chargement-etonnamment-rempli-de-fonctionnalites\/\"]}]},{\"@type\":\"ImageObject\",\"inLanguage\":\"fr-BE\",\"@id\":\"https:\/\/vieassociative.be\/actualites\/le-nouvel-ultrahuman-ring-pro-a-un-etui-de-chargement-etonnamment-rempli-de-fonctionnalites\/#primaryimage\",\"url\":\"https:\/\/vieassociative.be\/actualites\/wp-content\/uploads\/2026\/02\/1772291864_Le-nouvel-Ultrahuman-Ring-Pro-a-un-etui-de-chargement.png\",\"contentUrl\":\"https:\/\/vieassociative.be\/actualites\/wp-content\/uploads\/2026\/02\/1772291864_Le-nouvel-Ultrahuman-Ring-Pro-a-un-etui-de-chargement.png\",\"width\":1200,\"height\":675,\"caption\":\"Le nouvel Ultrahuman Ring Pro a un \u00e9tui de chargement \u00e9tonnamment rempli de fonctionnalit\u00e9s\"},{\"@type\":\"BreadcrumbList\",\"@id\":\"https:\/\/vieassociative.be\/actualites\/le-nouvel-ultrahuman-ring-pro-a-un-etui-de-chargement-etonnamment-rempli-de-fonctionnalites\/#breadcrumb\",\"itemListElement\":[{\"@type\":\"ListItem\",\"position\":1,\"name\":\"Accueil\",\"item\":\"https:\/\/vieassociative.be\/actualites\/\"},{\"@type\":\"ListItem\",\"position\":2,\"name\":\"Le nouvel Ultrahuman Ring Pro a un \u00e9tui de chargement \u00e9tonnamment rempli de fonctionnalit\u00e9s\"}]},{\"@type\":\"WebSite\",\"@id\":\"https:\/\/vieassociative.be\/actualites\/#website\",\"url\":\"https:\/\/vieassociative.be\/actualites\/\",\"name\":\"Vie Associative\",\"description\":\"\",\"publisher\":{\"@id\":\"https:\/\/vieassociative.be\/actualites\/#organization\"},\"potentialAction\":[{\"@type\":\"SearchAction\",\"target\":{\"@type\":\"EntryPoint\",\"urlTemplate\":\"https:\/\/vieassociative.be\/actualites\/?s={search_term_string}\"},\"query-input\":{\"@type\":\"PropertyValueSpecification\",\"valueRequired\":true,\"valueName\":\"search_term_string\"}}],\"inLanguage\":\"fr-BE\"},{\"@type\":\"Organization\",\"@id\":\"https:\/\/vieassociative.be\/actualites\/#organization\",\"name\":\"Vie Associative\",\"url\":\"https:\/\/vieassociative.be\/actualites\/\",\"logo\":{\"@type\":\"ImageObject\",\"inLanguage\":\"fr-BE\",\"@id\":\"https:\/\/vieassociative.be\/actualites\/#\/schema\/logo\/image\/\",\"url\":\"https:\/\/vieassociative.be\/actualites\/wp-content\/uploads\/2024\/09\/cropped-vieassociative_favicon.ico.png\",\"contentUrl\":\"https:\/\/vieassociative.be\/actualites\/wp-content\/uploads\/2024\/09\/cropped-vieassociative_favicon.ico.png\",\"width\":512,\"height\":512,\"caption\":\"Vie Associative\"},\"image\":{\"@id\":\"https:\/\/vieassociative.be\/actualites\/#\/schema\/logo\/image\/\"}},{\"@type\":\"Person\",\"@id\":\"https:\/\/vieassociative.be\/actualites\/#\/schema\/person\/b87ac4f82f9d4e7b7cec7395b679edc4\",\"name\":\"Julien\",\"image\":{\"@type\":\"ImageObject\",\"inLanguage\":\"fr-BE\",\"@id\":\"https:\/\/vieassociative.be\/actualites\/#\/schema\/person\/image\/\",\"url\":\"https:\/\/vieassociative.be\/actualites\/wp-content\/uploads\/2024\/09\/vie-associative-1-150x150.jpg\",\"contentUrl\":\"https:\/\/vieassociative.be\/actualites\/wp-content\/uploads\/2024\/09\/vie-associative-1-150x150.jpg\",\"caption\":\"Julien\"},\"description\":\"Je suis Julien, r\u00e9dacteur pour Vie Associative. Passionn\u00e9 par le monde associatif depuis plus de 10 ans, j'ai \u00e0 c\u0153ur de partager des histoires inspirantes et de mettre en lumi\u00e8re les initiatives locales. Mon objectif est de sensibiliser et d'encourager l'engagement communautaire \u00e0 travers mes articles.\",\"sameAs\":[\"https:\/\/vieassociative.be\/\"]}]}<\/script>\n<!-- \/ Yoast SEO plugin. -->","yoast_head_json":{"title":"Le nouvel Ultrahuman Ring Pro a un \u00e9tui de chargement \u00e9tonnamment rempli de fonctionnalit\u00e9s | Vie Associative","robots":{"index":"index","follow":"follow","max-snippet":"max-snippet:-1","max-image-preview":"max-image-preview:large","max-video-preview":"max-video-preview:-1"},"canonical":"https:\/\/vieassociative.be\/actualites\/le-nouvel-ultrahuman-ring-pro-a-un-etui-de-chargement-etonnamment-rempli-de-fonctionnalites\/","og_locale":"fr_FR","og_type":"article","og_title":"Le nouvel Ultrahuman Ring Pro a un \u00e9tui de chargement \u00e9tonnamment rempli de fonctionnalit\u00e9s | Vie Associative","og_description":"Nous pouvons gagner une commission sur les liens sur cette page. Ultrahuman vient de lancer sa nouvelle bague, l&rsquo;Ultrahuman Ring Pro. Bien qu&rsquo;il ne soit","og_url":"https:\/\/vieassociative.be\/actualites\/le-nouvel-ultrahuman-ring-pro-a-un-etui-de-chargement-etonnamment-rempli-de-fonctionnalites\/","og_site_name":"Vie Associative","article_published_time":"2026-02-28T15:17:43+00:00","og_image":[{"url":"https:\/\/vieassociative.be\/actualites\/wp-content\/uploads\/2026\/02\/Le-nouvel-Ultrahuman-Ring-Pro-a-un-etui-de-chargement.png","type":"","width":"","height":""}],"author":"Julien","twitter_card":"summary_large_image","twitter_misc":{"\u00c9crit par":"Julien","Dur\u00e9e de lecture est.":"4 minutes"},"schema":{"@context":"https:\/\/schema.org","@graph":[{"@type":"Article","@id":"https:\/\/vieassociative.be\/actualites\/le-nouvel-ultrahuman-ring-pro-a-un-etui-de-chargement-etonnamment-rempli-de-fonctionnalites\/#article","isPartOf":{"@id":"https:\/\/vieassociative.be\/actualites\/le-nouvel-ultrahuman-ring-pro-a-un-etui-de-chargement-etonnamment-rempli-de-fonctionnalites\/"},"author":{"name":"Julien","@id":"https:\/\/vieassociative.be\/actualites\/#\/schema\/person\/b87ac4f82f9d4e7b7cec7395b679edc4"},"headline":"Le nouvel Ultrahuman Ring Pro a un \u00e9tui de chargement \u00e9tonnamment rempli de fonctionnalit\u00e9s","datePublished":"2026-02-28T15:17:43+00:00","dateModified":"2026-02-28T15:17:43+00:00","mainEntityOfPage":{"@id":"https:\/\/vieassociative.be\/actualites\/le-nouvel-ultrahuman-ring-pro-a-un-etui-de-chargement-etonnamment-rempli-de-fonctionnalites\/"},"wordCount":769,"publisher":{"@id":"https:\/\/vieassociative.be\/actualites\/#organization"},"image":{"@id":"https:\/\/vieassociative.be\/actualites\/le-nouvel-ultrahuman-ring-pro-a-un-etui-de-chargement-etonnamment-rempli-de-fonctionnalites\/#primaryimage"},"thumbnailUrl":"https:\/\/vieassociative.be\/actualites\/wp-content\/uploads\/2026\/02\/1772291864_Le-nouvel-Ultrahuman-Ring-Pro-a-un-etui-de-chargement.png","keywords":["chargement","\u00e9tonnamment","\u00e9tui","fonctionnalit\u00e9s","nouvel","Pro","rempli","Ring","Ultrahuman"],"inLanguage":"fr-BE"},{"@type":"WebPage","@id":"https:\/\/vieassociative.be\/actualites\/le-nouvel-ultrahuman-ring-pro-a-un-etui-de-chargement-etonnamment-rempli-de-fonctionnalites\/","url":"https:\/\/vieassociative.be\/actualites\/le-nouvel-ultrahuman-ring-pro-a-un-etui-de-chargement-etonnamment-rempli-de-fonctionnalites\/","name":"Le nouvel Ultrahuman Ring Pro a un \u00e9tui de chargement \u00e9tonnamment rempli de fonctionnalit\u00e9s | Vie Associative","isPartOf":{"@id":"https:\/\/vieassociative.be\/actualites\/#website"},"primaryImageOfPage":{"@id":"https:\/\/vieassociative.be\/actualites\/le-nouvel-ultrahuman-ring-pro-a-un-etui-de-chargement-etonnamment-rempli-de-fonctionnalites\/#primaryimage"},"image":{"@id":"https:\/\/vieassociative.be\/actualites\/le-nouvel-ultrahuman-ring-pro-a-un-etui-de-chargement-etonnamment-rempli-de-fonctionnalites\/#primaryimage"},"thumbnailUrl":"https:\/\/vieassociative.be\/actualites\/wp-content\/uploads\/2026\/02\/1772291864_Le-nouvel-Ultrahuman-Ring-Pro-a-un-etui-de-chargement.png","datePublished":"2026-02-28T15:17:43+00:00","dateModified":"2026-02-28T15:17:43+00:00","breadcrumb":{"@id":"https:\/\/vieassociative.be\/actualites\/le-nouvel-ultrahuman-ring-pro-a-un-etui-de-chargement-etonnamment-rempli-de-fonctionnalites\/#breadcrumb"},"inLanguage":"fr-BE","potentialAction":[{"@type":"ReadAction","target":["https:\/\/vieassociative.be\/actualites\/le-nouvel-ultrahuman-ring-pro-a-un-etui-de-chargement-etonnamment-rempli-de-fonctionnalites\/"]}]},{"@type":"ImageObject","inLanguage":"fr-BE","@id":"https:\/\/vieassociative.be\/actualites\/le-nouvel-ultrahuman-ring-pro-a-un-etui-de-chargement-etonnamment-rempli-de-fonctionnalites\/#primaryimage","url":"https:\/\/vieassociative.be\/actualites\/wp-content\/uploads\/2026\/02\/1772291864_Le-nouvel-Ultrahuman-Ring-Pro-a-un-etui-de-chargement.png","contentUrl":"https:\/\/vieassociative.be\/actualites\/wp-content\/uploads\/2026\/02\/1772291864_Le-nouvel-Ultrahuman-Ring-Pro-a-un-etui-de-chargement.png","width":1200,"height":675,"caption":"Le nouvel Ultrahuman Ring Pro a un \u00e9tui de chargement \u00e9tonnamment rempli de fonctionnalit\u00e9s"},{"@type":"BreadcrumbList","@id":"https:\/\/vieassociative.be\/actualites\/le-nouvel-ultrahuman-ring-pro-a-un-etui-de-chargement-etonnamment-rempli-de-fonctionnalites\/#breadcrumb","itemListElement":[{"@type":"ListItem","position":1,"name":"Accueil","item":"https:\/\/vieassociative.be\/actualites\/"},{"@type":"ListItem","position":2,"name":"Le nouvel Ultrahuman Ring Pro a un \u00e9tui de chargement \u00e9tonnamment rempli de fonctionnalit\u00e9s"}]},{"@type":"WebSite","@id":"https:\/\/vieassociative.be\/actualites\/#website","url":"https:\/\/vieassociative.be\/actualites\/","name":"Vie Associative","description":"","publisher":{"@id":"https:\/\/vieassociative.be\/actualites\/#organization"},"potentialAction":[{"@type":"SearchAction","target":{"@type":"EntryPoint","urlTemplate":"https:\/\/vieassociative.be\/actualites\/?s={search_term_string}"},"query-input":{"@type":"PropertyValueSpecification","valueRequired":true,"valueName":"search_term_string"}}],"inLanguage":"fr-BE"},{"@type":"Organization","@id":"https:\/\/vieassociative.be\/actualites\/#organization","name":"Vie Associative","url":"https:\/\/vieassociative.be\/actualites\/","logo":{"@type":"ImageObject","inLanguage":"fr-BE","@id":"https:\/\/vieassociative.be\/actualites\/#\/schema\/logo\/image\/","url":"https:\/\/vieassociative.be\/actualites\/wp-content\/uploads\/2024\/09\/cropped-vieassociative_favicon.ico.png","contentUrl":"https:\/\/vieassociative.be\/actualites\/wp-content\/uploads\/2024\/09\/cropped-vieassociative_favicon.ico.png","width":512,"height":512,"caption":"Vie Associative"},"image":{"@id":"https:\/\/vieassociative.be\/actualites\/#\/schema\/logo\/image\/"}},{"@type":"Person","@id":"https:\/\/vieassociative.be\/actualites\/#\/schema\/person\/b87ac4f82f9d4e7b7cec7395b679edc4","name":"Julien","image":{"@type":"ImageObject","inLanguage":"fr-BE","@id":"https:\/\/vieassociative.be\/actualites\/#\/schema\/person\/image\/","url":"https:\/\/vieassociative.be\/actualites\/wp-content\/uploads\/2024\/09\/vie-associative-1-150x150.jpg","contentUrl":"https:\/\/vieassociative.be\/actualites\/wp-content\/uploads\/2024\/09\/vie-associative-1-150x150.jpg","caption":"Julien"},"description":"Je suis Julien, r\u00e9dacteur pour Vie Associative. Passionn\u00e9 par le monde associatif depuis plus de 10 ans, j'ai \u00e0 c\u0153ur de partager des histoires inspirantes et de mettre en lumi\u00e8re les initiatives locales. Mon objectif est de sensibiliser et d'encourager l'engagement communautaire \u00e0 travers mes articles.","sameAs":["https:\/\/vieassociative.be\/"]}]}},"_links":{"self":[{"href":"https:\/\/vieassociative.be\/actualites\/wp-json\/wp\/v2\/posts\/12835"}],"collection":[{"href":"https:\/\/vieassociative.be\/actualites\/wp-json\/wp\/v2\/posts"}],"about":[{"href":"https:\/\/vieassociative.be\/actualites\/wp-json\/wp\/v2\/types\/post"}],"author":[{"embeddable":true,"href":"https:\/\/vieassociative.be\/actualites\/wp-json\/wp\/v2\/users\/1"}],"replies":[{"embeddable":true,"href":"https:\/\/vieassociative.be\/actualites\/wp-json\/wp\/v2\/comments?post=12835"}],"version-history":[{"count":0,"href":"https:\/\/vieassociative.be\/actualites\/wp-json\/wp\/v2\/posts\/12835\/revisions"}],"wp:featuredmedia":[{"embeddable":true,"href":"https:\/\/vieassociative.be\/actualites\/wp-json\/wp\/v2\/media\/12836"}],"wp:attachment":[{"href":"https:\/\/vieassociative.be\/actualites\/wp-json\/wp\/v2\/media?parent=12835"}],"wp:term":[{"taxonomy":"category","embeddable":true,"href":"https:\/\/vieassociative.be\/actualites\/wp-json\/wp\/v2\/categories?post=12835"},{"taxonomy":"post_tag","embeddable":true,"href":"https:\/\/vieassociative.be\/actualites\/wp-json\/wp\/v2\/tags?post=12835"}],"curies":[{"name":"wp","href":"https:\/\/api.w.org\/{rel}","templated":true}]}}