{"id":12833,"date":"2026-02-28T11:17:27","date_gmt":"2026-02-28T10:17:27","guid":{"rendered":"https:\/\/vieassociative.be\/actualites\/israel-et-les-etats-unis-attaquent-a-nouveau-liran\/"},"modified":"2026-02-28T11:17:27","modified_gmt":"2026-02-28T10:17:27","slug":"israel-et-les-etats-unis-attaquent-a-nouveau-liran","status":"publish","type":"post","link":"https:\/\/vieassociative.be\/actualites\/israel-et-les-etats-unis-attaquent-a-nouveau-liran\/","title":{"rendered":"Isra\u00ebl et les \u00c9tats-Unis attaquent \u00e0 nouveau l&rsquo;Iran"},"content":{"rendered":"<p><strong>MISE \u00c0 JOUR \u2013 Les craintes d\u2019une nouvelle guerre \u00e9taient \u00e9lev\u00e9es. Dans la matin\u00e9e, Isra\u00ebl et les \u00c9tats-Unis lancent leurs attaques contre l&rsquo;Iran. Il envoie alors des roquettes vers Isra\u00ebl.<\/strong><\/p>\n<p><span id=\"more-437259\"><\/span>Selon l&rsquo;arm\u00e9e isra\u00e9lienne, l&rsquo;Iran a ripost\u00e9. L&rsquo;arm\u00e9e a d\u00e9clar\u00e9 que des roquettes avaient \u00e9t\u00e9 tir\u00e9es vers Isra\u00ebl. Les Gardiens de la r\u00e9volution iraniens ont parl\u00e9 d\u2019une \u00ab r\u00e9ponse \u00e0 l\u2019agression de l\u2019ennemi hostile et criminel \u00bb, selon un communiqu\u00e9 de l\u2019agence de presse officielle Irna. Isra\u00ebl et les \u00c9tats-Unis avaient d\u00e9j\u00e0 lanc\u00e9 des attaques contre l\u2019Iran.<\/p>\n<p>Dans la m\u00e9tropole c\u00f4ti\u00e8re de Tel Aviv et dans d\u2019autres r\u00e9gions du pays, des sir\u00e8nes ont retenti et les gens se sont pr\u00e9cipit\u00e9s pour se mettre \u00e0 l\u2019abri. L&rsquo;arm\u00e9e a indiqu\u00e9 que la d\u00e9fense a\u00e9rienne avait \u00e9t\u00e9 activ\u00e9e pour intercepter les projectiles. L&rsquo;arm\u00e9e a ordonn\u00e9 \u00e0 la population de rester dans des abris jusqu&rsquo;\u00e0 nouvel ordre. Apr\u00e8s une premi\u00e8re contre-attaque iranienne, une alarme de missile a retenti dans le nord d\u2019Isra\u00ebl. Au d\u00e9part, aucune victime n&rsquo;a \u00e9t\u00e9 signal\u00e9e.<\/p>\n<div id=\"attachment_437266\" class=\"wp-caption alignleft\" style=\"max-width: 300px\"><img fetchpriority=\"high\" decoding=\"async\" class=\"wp-image-437266 size-medium\" src=\"https:\/\/vieassociative.be\/actualites\/wp-content\/uploads\/2026\/02\/Israel-et-les-Etats-Unis-attaquent-a-nouveau-lIran.jpg\" alt=\"\" width=\"300\" height=\"200\"><\/div>\n<p><strong>\u2013 Panique \u00e0 T\u00e9h\u00e9ran :<\/strong> Des explosions ont eu lieu dans le centre de T\u00e9h\u00e9ran, la capitale iranienne. La panique \u00e9clate dans la m\u00e9tropole. Les gens ont tent\u00e9 de quitter la capitale en masse, ont rapport\u00e9 des t\u00e9moins oculaires.<\/p>\n<p>Les m\u00e9dias officiels iraniens ont \u00e9galement fait \u00e9tat d\u2019explosions \u00e0 la p\u00e9riph\u00e9rie de la ville d\u2019Ispahan. Au sud-est se trouve un centre nucl\u00e9aire qui a \u00e9t\u00e9 bombard\u00e9 par l&rsquo;arm\u00e9e am\u00e9ricaine l&rsquo;ann\u00e9e derni\u00e8re, accompagn\u00e9 d&rsquo;attaques isra\u00e9liennes.<\/p>\n<p>Le ministre de la D\u00e9fense Israel Katz a annonc\u00e9 ce matin que l&rsquo;\u00c9tat d&rsquo;Isra\u00ebl avait lanc\u00e9 une frappe pr\u00e9ventive pour \u00e9liminer les menaces contre Isra\u00ebl. Il a d\u00e9clar\u00e9 l&rsquo;\u00e9tat d&rsquo;urgence imm\u00e9diat. Peu de temps apr\u00e8s, le pr\u00e9sident am\u00e9ricain Donald Trump a \u00e9galement annonc\u00e9 que l\u2019arm\u00e9e am\u00e9ricaine menait une \u00ab op\u00e9ration massive et soutenue \u00bb contre l\u2019ennemi jur\u00e9 d\u2019Isra\u00ebl. L&rsquo;espace a\u00e9rien au-dessus d&rsquo;Isra\u00ebl a \u00e9t\u00e9 ferm\u00e9 jusqu&rsquo;\u00e0 nouvel ordre en pr\u00e9vision de la contre-attaque iranienne. La D\u00e9fense civile isra\u00e9lienne a publi\u00e9 des instructions \u00e0 l&rsquo;intention des citoyens du pays.<\/p>\n<p><strong>\u2013 \u00ab L\u2019Iran n\u2019aura jamais l\u2019arme nucl\u00e9aire \u00bb :<\/strong> L&rsquo;attaque conjointe d&rsquo;Isra\u00ebl et de son alli\u00e9 am\u00e9ricain intervient deux jours seulement apr\u00e8s un nouveau cycle de n\u00e9gociations entre les \u00c9tats-Unis et l&rsquo;Iran sur le programme nucl\u00e9aire controvers\u00e9 de la R\u00e9publique islamique. Il n\u2019y a eu aucune avanc\u00e9e dans les pourparlers \u00e0 Gen\u00e8ve. Trump a menac\u00e9 \u00e0 plusieurs reprises les dirigeants iraniens d\u2019attaques militaires ces derni\u00e8res semaines. Trump a r\u00e9cemment lanc\u00e9 un ultimatum \u00e0 l\u2019Iran jusqu\u2019au d\u00e9but mars. \u00ab\u00a0Soit nous parvenons \u00e0 un accord, soit cela devient malheureux pour eux.\u00a0\u00bb<\/p>\n<div id=\"attachment_437261\" class=\"wp-caption alignleft\" style=\"max-width: 300px\"><img decoding=\"async\" class=\"wp-image-437261 size-medium\" src=\"https:\/\/vieassociative.be\/actualites\/wp-content\/uploads\/2026\/02\/1772273847_285_Israel-et-les-Etats-Unis-attaquent-a-nouveau-lIran.jpg\" alt=\"\" width=\"300\" height=\"200\"><\/div>\n<p>Trump a annonc\u00e9 qu&rsquo;il d\u00e9truirait les missiles iraniens. \u00ab Nous d\u00e9truirons leur marine \u00bb, a-t-il poursuivi. Ils veilleront \u00e0 ce que l\u2019Iran ne poss\u00e8de pas l\u2019arme nucl\u00e9aire. \u00ab\u00a0Ils n&rsquo;auront jamais l&rsquo;arme nucl\u00e9aire.\u00a0\u00bb Les dirigeants iraniens apprendront bient\u00f4t que la force des forces arm\u00e9es am\u00e9ricaines ne doit jamais \u00eatre contest\u00e9e, a d\u00e9clar\u00e9 Trump. Il a \u00e9galement appel\u00e9 les Gardiens de la r\u00e9volution, les forces arm\u00e9es iraniennes et les forces de police \u00e0 d\u00e9poser les armes. La mission avait pour but d&#8217;emp\u00eacher cette \u00ab dictature radicale \u00bb de menacer les int\u00e9r\u00eats de s\u00e9curit\u00e9 nationale des \u00c9tats-Unis.<\/p>\n<p><strong>\u2013 Les cliniques en Iran mises en alerte :<\/strong> Apr\u00e8s le d\u00e9but des attaques contre l\u2019Iran, le minist\u00e8re de la Sant\u00e9 a pris les premi\u00e8res mesures. Les cliniques continueront \u00e0 fonctionner 24 heures sur 24, selon l&rsquo;agence de presse officielle Irna. Certaines pharmacies du pays seront \u00e9galement ouvertes jour et nuit. Les m\u00e9decins et le personnel soignant doivent \u00eatre en alerte. Les blessures de guerre doivent \u00eatre soign\u00e9es gratuitement.<\/p>\n<p>Washington et T\u00e9h\u00e9ran avaient d\u00e9j\u00e0 n\u00e9goci\u00e9 l\u2019ann\u00e9e derni\u00e8re le programme nucl\u00e9aire controvers\u00e9 de l\u2019Iran avant qu\u2019Isra\u00ebl n\u2019attaque l\u2019Iran. A cette \u00e9poque, les \u00c9tats-Unis se joignirent aux frappes a\u00e9riennes et bombard\u00e8rent les installations nucl\u00e9aires centrales. L\u2019Iran a ensuite tir\u00e9 des missiles balistiques sur Isra\u00ebl. (dpa)<\/p>\n","protected":false},"excerpt":{"rendered":"<p>MISE \u00c0 JOUR \u2013 Les craintes d\u2019une nouvelle guerre \u00e9taient \u00e9lev\u00e9es. Dans la matin\u00e9e, Isra\u00ebl et les \u00c9tats-Unis lancent leurs attaques contre l&rsquo;Iran. Il envoie<\/p>\n","protected":false},"author":1,"featured_media":12834,"comment_status":"","ping_status":"","sticky":false,"template":"","format":"standard","meta":{"footnotes":""},"categories":[298],"tags":[3687,290,3004,14,7426,553],"class_list":["post-12833","post","type-post","status-publish","format-standard","has-post-thumbnail","hentry","category-belgique","tag-attaquent","tag-etatsunis","tag-israel","tag-les","tag-liran","tag-nouveau","generate-columns","tablet-grid-50","mobile-grid-100","grid-parent","grid-33"],"yoast_head":"<!-- This site is optimized with the Yoast SEO plugin v24.0 - https:\/\/yoast.com\/wordpress\/plugins\/seo\/ -->\n<title>Isra\u00ebl et les \u00c9tats-Unis attaquent \u00e0 nouveau l&#039;Iran | Vie Associative<\/title>\n<meta name=\"robots\" content=\"index, follow, max-snippet:-1, max-image-preview:large, max-video-preview:-1\" \/>\n<link rel=\"canonical\" href=\"https:\/\/vieassociative.be\/actualites\/israel-et-les-etats-unis-attaquent-a-nouveau-liran\/\" \/>\n<meta property=\"og:locale\" content=\"fr_FR\" \/>\n<meta property=\"og:type\" content=\"article\" \/>\n<meta property=\"og:title\" content=\"Isra\u00ebl et les \u00c9tats-Unis attaquent \u00e0 nouveau l&#039;Iran | Vie Associative\" \/>\n<meta property=\"og:description\" content=\"MISE \u00c0 JOUR \u2013 Les craintes d\u2019une nouvelle guerre \u00e9taient \u00e9lev\u00e9es. Dans la matin\u00e9e, Isra\u00ebl et les \u00c9tats-Unis lancent leurs attaques contre l&rsquo;Iran. Il envoie\" \/>\n<meta property=\"og:url\" content=\"https:\/\/vieassociative.be\/actualites\/israel-et-les-etats-unis-attaquent-a-nouveau-liran\/\" \/>\n<meta property=\"og:site_name\" content=\"Vie Associative\" \/>\n<meta property=\"article:published_time\" content=\"2026-02-28T10:17:27+00:00\" \/>\n<meta property=\"og:image\" content=\"https:\/\/vieassociative.be\/actualites\/wp-content\/uploads\/2024\/09\/header_backgroundk-01-e1726694325946.png\" \/>\n\t<meta property=\"og:image:width\" content=\"279\" \/>\n\t<meta property=\"og:image:height\" content=\"92\" \/>\n\t<meta property=\"og:image:type\" content=\"image\/png\" \/>\n<meta name=\"author\" content=\"Julien\" \/>\n<meta name=\"twitter:card\" content=\"summary_large_image\" \/>\n<meta name=\"twitter:label1\" content=\"\u00c9crit par\" \/>\n\t<meta name=\"twitter:data1\" content=\"Julien\" \/>\n\t<meta name=\"twitter:label2\" content=\"Dur\u00e9e de lecture est.\" \/>\n\t<meta name=\"twitter:data2\" content=\"4 minutes\" \/>\n<script type=\"application\/ld+json\" class=\"yoast-schema-graph\">{\"@context\":\"https:\/\/schema.org\",\"@graph\":[{\"@type\":\"Article\",\"@id\":\"https:\/\/vieassociative.be\/actualites\/israel-et-les-etats-unis-attaquent-a-nouveau-liran\/#article\",\"isPartOf\":{\"@id\":\"https:\/\/vieassociative.be\/actualites\/israel-et-les-etats-unis-attaquent-a-nouveau-liran\/\"},\"author\":{\"name\":\"Julien\",\"@id\":\"https:\/\/vieassociative.be\/actualites\/#\/schema\/person\/b87ac4f82f9d4e7b7cec7395b679edc4\"},\"headline\":\"Isra\u00ebl et les \u00c9tats-Unis attaquent \u00e0 nouveau l&rsquo;Iran\",\"datePublished\":\"2026-02-28T10:17:27+00:00\",\"dateModified\":\"2026-02-28T10:17:27+00:00\",\"mainEntityOfPage\":{\"@id\":\"https:\/\/vieassociative.be\/actualites\/israel-et-les-etats-unis-attaquent-a-nouveau-liran\/\"},\"wordCount\":764,\"publisher\":{\"@id\":\"https:\/\/vieassociative.be\/actualites\/#organization\"},\"image\":{\"@id\":\"https:\/\/vieassociative.be\/actualites\/israel-et-les-etats-unis-attaquent-a-nouveau-liran\/#primaryimage\"},\"thumbnailUrl\":\"https:\/\/vieassociative.be\/actualites\/wp-content\/uploads\/2026\/02\/1772273848_Israel-et-les-Etats-Unis-attaquent-a-nouveau-lIran.jpg\",\"keywords\":[\"attaquent\",\"\u00c9tatsUnis\",\"Isra\u00ebl\",\"Les\",\"lIran\",\"nouveau\"],\"articleSection\":[\"Belgique\"],\"inLanguage\":\"fr-BE\"},{\"@type\":\"WebPage\",\"@id\":\"https:\/\/vieassociative.be\/actualites\/israel-et-les-etats-unis-attaquent-a-nouveau-liran\/\",\"url\":\"https:\/\/vieassociative.be\/actualites\/israel-et-les-etats-unis-attaquent-a-nouveau-liran\/\",\"name\":\"Isra\u00ebl et les \u00c9tats-Unis attaquent \u00e0 nouveau l'Iran | Vie Associative\",\"isPartOf\":{\"@id\":\"https:\/\/vieassociative.be\/actualites\/#website\"},\"primaryImageOfPage\":{\"@id\":\"https:\/\/vieassociative.be\/actualites\/israel-et-les-etats-unis-attaquent-a-nouveau-liran\/#primaryimage\"},\"image\":{\"@id\":\"https:\/\/vieassociative.be\/actualites\/israel-et-les-etats-unis-attaquent-a-nouveau-liran\/#primaryimage\"},\"thumbnailUrl\":\"https:\/\/vieassociative.be\/actualites\/wp-content\/uploads\/2026\/02\/1772273848_Israel-et-les-Etats-Unis-attaquent-a-nouveau-lIran.jpg\",\"datePublished\":\"2026-02-28T10:17:27+00:00\",\"dateModified\":\"2026-02-28T10:17:27+00:00\",\"breadcrumb\":{\"@id\":\"https:\/\/vieassociative.be\/actualites\/israel-et-les-etats-unis-attaquent-a-nouveau-liran\/#breadcrumb\"},\"inLanguage\":\"fr-BE\",\"potentialAction\":[{\"@type\":\"ReadAction\",\"target\":[\"https:\/\/vieassociative.be\/actualites\/israel-et-les-etats-unis-attaquent-a-nouveau-liran\/\"]}]},{\"@type\":\"ImageObject\",\"inLanguage\":\"fr-BE\",\"@id\":\"https:\/\/vieassociative.be\/actualites\/israel-et-les-etats-unis-attaquent-a-nouveau-liran\/#primaryimage\",\"url\":\"https:\/\/vieassociative.be\/actualites\/wp-content\/uploads\/2026\/02\/1772273848_Israel-et-les-Etats-Unis-attaquent-a-nouveau-lIran.jpg\",\"contentUrl\":\"https:\/\/vieassociative.be\/actualites\/wp-content\/uploads\/2026\/02\/1772273848_Israel-et-les-Etats-Unis-attaquent-a-nouveau-lIran.jpg\",\"width\":1200,\"height\":800,\"caption\":\"Isra\u00ebl et les \u00c9tats-Unis attaquent \u00e0 nouveau l'Iran\"},{\"@type\":\"BreadcrumbList\",\"@id\":\"https:\/\/vieassociative.be\/actualites\/israel-et-les-etats-unis-attaquent-a-nouveau-liran\/#breadcrumb\",\"itemListElement\":[{\"@type\":\"ListItem\",\"position\":1,\"name\":\"Accueil\",\"item\":\"https:\/\/vieassociative.be\/actualites\/\"},{\"@type\":\"ListItem\",\"position\":2,\"name\":\"Isra\u00ebl et les \u00c9tats-Unis attaquent \u00e0 nouveau l&rsquo;Iran\"}]},{\"@type\":\"WebSite\",\"@id\":\"https:\/\/vieassociative.be\/actualites\/#website\",\"url\":\"https:\/\/vieassociative.be\/actualites\/\",\"name\":\"Vie Associative\",\"description\":\"\",\"publisher\":{\"@id\":\"https:\/\/vieassociative.be\/actualites\/#organization\"},\"potentialAction\":[{\"@type\":\"SearchAction\",\"target\":{\"@type\":\"EntryPoint\",\"urlTemplate\":\"https:\/\/vieassociative.be\/actualites\/?s={search_term_string}\"},\"query-input\":{\"@type\":\"PropertyValueSpecification\",\"valueRequired\":true,\"valueName\":\"search_term_string\"}}],\"inLanguage\":\"fr-BE\"},{\"@type\":\"Organization\",\"@id\":\"https:\/\/vieassociative.be\/actualites\/#organization\",\"name\":\"Vie Associative\",\"url\":\"https:\/\/vieassociative.be\/actualites\/\",\"logo\":{\"@type\":\"ImageObject\",\"inLanguage\":\"fr-BE\",\"@id\":\"https:\/\/vieassociative.be\/actualites\/#\/schema\/logo\/image\/\",\"url\":\"https:\/\/vieassociative.be\/actualites\/wp-content\/uploads\/2024\/09\/cropped-vieassociative_favicon.ico.png\",\"contentUrl\":\"https:\/\/vieassociative.be\/actualites\/wp-content\/uploads\/2024\/09\/cropped-vieassociative_favicon.ico.png\",\"width\":512,\"height\":512,\"caption\":\"Vie Associative\"},\"image\":{\"@id\":\"https:\/\/vieassociative.be\/actualites\/#\/schema\/logo\/image\/\"}},{\"@type\":\"Person\",\"@id\":\"https:\/\/vieassociative.be\/actualites\/#\/schema\/person\/b87ac4f82f9d4e7b7cec7395b679edc4\",\"name\":\"Julien\",\"image\":{\"@type\":\"ImageObject\",\"inLanguage\":\"fr-BE\",\"@id\":\"https:\/\/vieassociative.be\/actualites\/#\/schema\/person\/image\/\",\"url\":\"https:\/\/vieassociative.be\/actualites\/wp-content\/uploads\/2024\/09\/vie-associative-1-150x150.jpg\",\"contentUrl\":\"https:\/\/vieassociative.be\/actualites\/wp-content\/uploads\/2024\/09\/vie-associative-1-150x150.jpg\",\"caption\":\"Julien\"},\"description\":\"Je suis Julien, r\u00e9dacteur pour Vie Associative. Passionn\u00e9 par le monde associatif depuis plus de 10 ans, j'ai \u00e0 c\u0153ur de partager des histoires inspirantes et de mettre en lumi\u00e8re les initiatives locales. Mon objectif est de sensibiliser et d'encourager l'engagement communautaire \u00e0 travers mes articles.\",\"sameAs\":[\"https:\/\/vieassociative.be\/\"]}]}<\/script>\n<!-- \/ Yoast SEO plugin. -->","yoast_head_json":{"title":"Isra\u00ebl et les \u00c9tats-Unis attaquent \u00e0 nouveau l'Iran | Vie Associative","robots":{"index":"index","follow":"follow","max-snippet":"max-snippet:-1","max-image-preview":"max-image-preview:large","max-video-preview":"max-video-preview:-1"},"canonical":"https:\/\/vieassociative.be\/actualites\/israel-et-les-etats-unis-attaquent-a-nouveau-liran\/","og_locale":"fr_FR","og_type":"article","og_title":"Isra\u00ebl et les \u00c9tats-Unis attaquent \u00e0 nouveau l'Iran | Vie Associative","og_description":"MISE \u00c0 JOUR \u2013 Les craintes d\u2019une nouvelle guerre \u00e9taient \u00e9lev\u00e9es. Dans la matin\u00e9e, Isra\u00ebl et les \u00c9tats-Unis lancent leurs attaques contre l&rsquo;Iran. Il envoie","og_url":"https:\/\/vieassociative.be\/actualites\/israel-et-les-etats-unis-attaquent-a-nouveau-liran\/","og_site_name":"Vie Associative","article_published_time":"2026-02-28T10:17:27+00:00","og_image":[{"width":279,"height":92,"url":"https:\/\/vieassociative.be\/actualites\/wp-content\/uploads\/2024\/09\/header_backgroundk-01-e1726694325946.png","type":"image\/png"}],"author":"Julien","twitter_card":"summary_large_image","twitter_misc":{"\u00c9crit par":"Julien","Dur\u00e9e de lecture est.":"4 minutes"},"schema":{"@context":"https:\/\/schema.org","@graph":[{"@type":"Article","@id":"https:\/\/vieassociative.be\/actualites\/israel-et-les-etats-unis-attaquent-a-nouveau-liran\/#article","isPartOf":{"@id":"https:\/\/vieassociative.be\/actualites\/israel-et-les-etats-unis-attaquent-a-nouveau-liran\/"},"author":{"name":"Julien","@id":"https:\/\/vieassociative.be\/actualites\/#\/schema\/person\/b87ac4f82f9d4e7b7cec7395b679edc4"},"headline":"Isra\u00ebl et les \u00c9tats-Unis attaquent \u00e0 nouveau l&rsquo;Iran","datePublished":"2026-02-28T10:17:27+00:00","dateModified":"2026-02-28T10:17:27+00:00","mainEntityOfPage":{"@id":"https:\/\/vieassociative.be\/actualites\/israel-et-les-etats-unis-attaquent-a-nouveau-liran\/"},"wordCount":764,"publisher":{"@id":"https:\/\/vieassociative.be\/actualites\/#organization"},"image":{"@id":"https:\/\/vieassociative.be\/actualites\/israel-et-les-etats-unis-attaquent-a-nouveau-liran\/#primaryimage"},"thumbnailUrl":"https:\/\/vieassociative.be\/actualites\/wp-content\/uploads\/2026\/02\/1772273848_Israel-et-les-Etats-Unis-attaquent-a-nouveau-lIran.jpg","keywords":["attaquent","\u00c9tatsUnis","Isra\u00ebl","Les","lIran","nouveau"],"articleSection":["Belgique"],"inLanguage":"fr-BE"},{"@type":"WebPage","@id":"https:\/\/vieassociative.be\/actualites\/israel-et-les-etats-unis-attaquent-a-nouveau-liran\/","url":"https:\/\/vieassociative.be\/actualites\/israel-et-les-etats-unis-attaquent-a-nouveau-liran\/","name":"Isra\u00ebl et les \u00c9tats-Unis attaquent \u00e0 nouveau l'Iran | Vie Associative","isPartOf":{"@id":"https:\/\/vieassociative.be\/actualites\/#website"},"primaryImageOfPage":{"@id":"https:\/\/vieassociative.be\/actualites\/israel-et-les-etats-unis-attaquent-a-nouveau-liran\/#primaryimage"},"image":{"@id":"https:\/\/vieassociative.be\/actualites\/israel-et-les-etats-unis-attaquent-a-nouveau-liran\/#primaryimage"},"thumbnailUrl":"https:\/\/vieassociative.be\/actualites\/wp-content\/uploads\/2026\/02\/1772273848_Israel-et-les-Etats-Unis-attaquent-a-nouveau-lIran.jpg","datePublished":"2026-02-28T10:17:27+00:00","dateModified":"2026-02-28T10:17:27+00:00","breadcrumb":{"@id":"https:\/\/vieassociative.be\/actualites\/israel-et-les-etats-unis-attaquent-a-nouveau-liran\/#breadcrumb"},"inLanguage":"fr-BE","potentialAction":[{"@type":"ReadAction","target":["https:\/\/vieassociative.be\/actualites\/israel-et-les-etats-unis-attaquent-a-nouveau-liran\/"]}]},{"@type":"ImageObject","inLanguage":"fr-BE","@id":"https:\/\/vieassociative.be\/actualites\/israel-et-les-etats-unis-attaquent-a-nouveau-liran\/#primaryimage","url":"https:\/\/vieassociative.be\/actualites\/wp-content\/uploads\/2026\/02\/1772273848_Israel-et-les-Etats-Unis-attaquent-a-nouveau-lIran.jpg","contentUrl":"https:\/\/vieassociative.be\/actualites\/wp-content\/uploads\/2026\/02\/1772273848_Israel-et-les-Etats-Unis-attaquent-a-nouveau-lIran.jpg","width":1200,"height":800,"caption":"Isra\u00ebl et les \u00c9tats-Unis attaquent \u00e0 nouveau l'Iran"},{"@type":"BreadcrumbList","@id":"https:\/\/vieassociative.be\/actualites\/israel-et-les-etats-unis-attaquent-a-nouveau-liran\/#breadcrumb","itemListElement":[{"@type":"ListItem","position":1,"name":"Accueil","item":"https:\/\/vieassociative.be\/actualites\/"},{"@type":"ListItem","position":2,"name":"Isra\u00ebl et les \u00c9tats-Unis attaquent \u00e0 nouveau l&rsquo;Iran"}]},{"@type":"WebSite","@id":"https:\/\/vieassociative.be\/actualites\/#website","url":"https:\/\/vieassociative.be\/actualites\/","name":"Vie Associative","description":"","publisher":{"@id":"https:\/\/vieassociative.be\/actualites\/#organization"},"potentialAction":[{"@type":"SearchAction","target":{"@type":"EntryPoint","urlTemplate":"https:\/\/vieassociative.be\/actualites\/?s={search_term_string}"},"query-input":{"@type":"PropertyValueSpecification","valueRequired":true,"valueName":"search_term_string"}}],"inLanguage":"fr-BE"},{"@type":"Organization","@id":"https:\/\/vieassociative.be\/actualites\/#organization","name":"Vie Associative","url":"https:\/\/vieassociative.be\/actualites\/","logo":{"@type":"ImageObject","inLanguage":"fr-BE","@id":"https:\/\/vieassociative.be\/actualites\/#\/schema\/logo\/image\/","url":"https:\/\/vieassociative.be\/actualites\/wp-content\/uploads\/2024\/09\/cropped-vieassociative_favicon.ico.png","contentUrl":"https:\/\/vieassociative.be\/actualites\/wp-content\/uploads\/2024\/09\/cropped-vieassociative_favicon.ico.png","width":512,"height":512,"caption":"Vie Associative"},"image":{"@id":"https:\/\/vieassociative.be\/actualites\/#\/schema\/logo\/image\/"}},{"@type":"Person","@id":"https:\/\/vieassociative.be\/actualites\/#\/schema\/person\/b87ac4f82f9d4e7b7cec7395b679edc4","name":"Julien","image":{"@type":"ImageObject","inLanguage":"fr-BE","@id":"https:\/\/vieassociative.be\/actualites\/#\/schema\/person\/image\/","url":"https:\/\/vieassociative.be\/actualites\/wp-content\/uploads\/2024\/09\/vie-associative-1-150x150.jpg","contentUrl":"https:\/\/vieassociative.be\/actualites\/wp-content\/uploads\/2024\/09\/vie-associative-1-150x150.jpg","caption":"Julien"},"description":"Je suis Julien, r\u00e9dacteur pour Vie Associative. Passionn\u00e9 par le monde associatif depuis plus de 10 ans, j'ai \u00e0 c\u0153ur de partager des histoires inspirantes et de mettre en lumi\u00e8re les initiatives locales. Mon objectif est de sensibiliser et d'encourager l'engagement communautaire \u00e0 travers mes articles.","sameAs":["https:\/\/vieassociative.be\/"]}]}},"_links":{"self":[{"href":"https:\/\/vieassociative.be\/actualites\/wp-json\/wp\/v2\/posts\/12833"}],"collection":[{"href":"https:\/\/vieassociative.be\/actualites\/wp-json\/wp\/v2\/posts"}],"about":[{"href":"https:\/\/vieassociative.be\/actualites\/wp-json\/wp\/v2\/types\/post"}],"author":[{"embeddable":true,"href":"https:\/\/vieassociative.be\/actualites\/wp-json\/wp\/v2\/users\/1"}],"replies":[{"embeddable":true,"href":"https:\/\/vieassociative.be\/actualites\/wp-json\/wp\/v2\/comments?post=12833"}],"version-history":[{"count":0,"href":"https:\/\/vieassociative.be\/actualites\/wp-json\/wp\/v2\/posts\/12833\/revisions"}],"wp:featuredmedia":[{"embeddable":true,"href":"https:\/\/vieassociative.be\/actualites\/wp-json\/wp\/v2\/media\/12834"}],"wp:attachment":[{"href":"https:\/\/vieassociative.be\/actualites\/wp-json\/wp\/v2\/media?parent=12833"}],"wp:term":[{"taxonomy":"category","embeddable":true,"href":"https:\/\/vieassociative.be\/actualites\/wp-json\/wp\/v2\/categories?post=12833"},{"taxonomy":"post_tag","embeddable":true,"href":"https:\/\/vieassociative.be\/actualites\/wp-json\/wp\/v2\/tags?post=12833"}],"curies":[{"name":"wp","href":"https:\/\/api.w.org\/{rel}","templated":true}]}}