{"id":12829,"date":"2026-02-28T05:17:54","date_gmt":"2026-02-28T04:17:54","guid":{"rendered":"https:\/\/vieassociative.be\/actualites\/le-krc-genk-en-huitiemes-de-finale-de-la-ligue-europa-contre-fribourg\/"},"modified":"2026-02-28T05:17:54","modified_gmt":"2026-02-28T04:17:54","slug":"le-krc-genk-en-huitiemes-de-finale-de-la-ligue-europa-contre-fribourg","status":"publish","type":"post","link":"https:\/\/vieassociative.be\/actualites\/le-krc-genk-en-huitiemes-de-finale-de-la-ligue-europa-contre-fribourg\/","title":{"rendered":"Le KRC Genk en huiti\u00e8mes de finale de la Ligue Europa contre Fribourg"},"content":{"rendered":"<p><strong>Apr\u00e8s l&rsquo;\u00e9limination du FC Bruges en Ligue des Champions, le KRC Genk est le dernier repr\u00e9sentant du football belge en Coupe d&rsquo;Europe. En huiti\u00e8mes de finale, le Limbourg affrontera le club de Bundesliga du SC Freiburg.<\/strong><\/p>\n<p><span id=\"more-437247\"><\/span>Jeudi, malgr\u00e9 sa victoire 3-1 contre le Dinamo Zagreb au match aller, Genk a connu des difficult\u00e9s au match retour et n&rsquo;a r\u00e9ussi \u00e0 s&rsquo;imposer qu&rsquo;en prolongation. L&rsquo;\u00e9quipe de l&rsquo;entra\u00eeneur Nicky Hayen a commis des erreurs catastrophiques, qui ont \u00e9t\u00e9 punies par les forts Croates.<\/p>\n<p>Le SC Fribourg occupe actuellement la 7\u00e8me place de la Bundesliga et a \u00e9galement pris cette place lors de la phase de groupes de la Ligue Europa. L&rsquo;\u00e9quipe est compos\u00e9e de noms relativement inconnus, mais il y a des joueurs prometteurs parmi lesquels Johan Manzambi, Noah Atubolu et Yuito Suzuki.<\/p>\n<div id=\"attachment_350200\" class=\"wp-caption alignnone\" style=\"max-width: 300px\"><img fetchpriority=\"high\" decoding=\"async\" class=\"size-medium wp-image-350200\" src=\"https:\/\/vieassociative.be\/actualites\/wp-content\/uploads\/2025\/05\/Union-apres-une-victoire-1-0-contre-Genk-sur-le-cours.jpeg\" alt=\"\" width=\"300\" height=\"203\"  ><\/div>\n<p>Le match \u00e0 domicile de Genk aura lieu le jeudi 12 mars, suivi du match retour en Allemagne une semaine plus tard, le 19 mars.<\/p>\n<p>Si le KRC Genk se qualifie, le vainqueur du match entre l&rsquo;Olympique Lyonnais de France et le Celta de Vigo d&rsquo;Espagne attendra en quarts de finale.<\/p>\n<p>Il y a aussi un duel purement italien au programme avec Bologne contre l&rsquo;AS Roma, Lille contre Aston Villa est peut-\u00eatre le match le plus excitant. (cr\u00e9er)<\/p>\n<h3>Ligue des champions : le FC Bayern en huiti\u00e8mes de finale face \u00e0 l&rsquo;Atalanta<\/h3>\n<p>En huiti\u00e8mes de finale de la Ligue des champions, le Bayer Leverkusen affrontera le favori du titre, le FC Arsenal, tandis que le FC Bayern affrontera le vainqueur de Dortmund, l&rsquo;Atalanta Bergame. C&rsquo;est le r\u00e9sultat du tirage au sort de l&rsquo;Union europ\u00e9enne de football \u00e0 Nyon, en Suisse.<\/p>\n<p>Leverkusen profite le 10\/11. La marche contre les leaders de la Premier League anglaise sera dans un premier temps l&rsquo;avantage du terrain, l&rsquo;\u00e9quipe de Munich se rendra en Italie pour le premier match. Les matchs retour auront lieu les 17 et 18. Mars.<\/p>\n<p>\u00ab\u00a0Je pense que (la sortie de Dortmund) est un grand avertissement. L&rsquo;Atalanta ou les \u00e9quipes italiennes en soi sont incroyablement stables en termes de structure ou de tactique, incroyablement bonnes\u00a0\u00bb, a d\u00e9clar\u00e9 le directeur sportif du Bayern, Max Eberl, sur la cha\u00eene de t\u00e9l\u00e9vision Sky : \u00ab\u00a0Une t\u00e2che qui est d\u00e9finitivement ambitieuse. Mais nous voulons aller de l&rsquo;avant.\u00a0\u00bb<\/p>\n<p><strong>\u2013 La voie \u00e0 suivre vers la finale est claire :<\/strong> Le chemin vers la finale du 30 mai \u00e0 Budapest est d\u00e9sormais d\u00e9termin\u00e9. L&rsquo;\u00e9quipe munichoise, qui devrait \u00e9galement jouer le match retour \u00e0 domicile lors des huiti\u00e8mes de finale suppl\u00e9mentaires, affronterait le Real Madrid ou Manchester City en quarts de finale. Le Liverpool FC ou le Paris Saint-Germain pourraient attendre en demi-finale. L&rsquo;\u00e9quipe de l&rsquo;entra\u00eeneur Vincent Kompany profite du bonus \u00e0 domicile gr\u00e2ce \u00e0 sa deuxi\u00e8me place en phase de championnat.<\/p>\n<p>Si les outsiders de Leverkusen l&#8217;emportent contre le FC Arsenal, ils affronteront le FK Bod\u00f6\/Glimt ou le Sporting Lisbonne en quarts de finale. Le FC Barcelone serait un adversaire possible en demi-finale. L&rsquo;\u00e9quipe de l&rsquo;entra\u00eeneur Kaspar Hjulmand n&rsquo;a atteint les huiti\u00e8mes de finale qu&rsquo;en barrages contre l&rsquo;Olympiacos Le Pir\u00e9e (2-0\/0-0).<\/p>\n<p><strong>\u2013 Meilleur duel Real Madrid contre Manchester City :<\/strong> Le duel entre le Real Madrid, champion d&rsquo;Espagne et Manchester City, promet des huiti\u00e8mes de finale passionnants. Newcastle United affrontera le FC Barcelone, le champion en titre du Paris Saint-Germain affrontera le Chelsea FC.<\/p>\n<p>Galatasaray Istanbul affrontera le Liverpool FC. L&rsquo;Atl\u00e9tico Madrid, vainqueur de Bruges, affrontera Tottenham Hotspur, tandis que les outsiders norv\u00e9giens du FK Bod\u00f6\/Glimt peuvent esp\u00e9rer une prochaine surprise contre le Sporting Lisbonne. (dpa\/cr\u00e9)<\/p>\n","protected":false},"excerpt":{"rendered":"<p>Apr\u00e8s l&rsquo;\u00e9limination du FC Bruges en Ligue des Champions, le KRC Genk est le dernier repr\u00e9sentant du football belge en Coupe d&rsquo;Europe. En huiti\u00e8mes de<\/p>\n","protected":false},"author":1,"featured_media":12830,"comment_status":"","ping_status":"","sticky":false,"template":"","format":"standard","meta":{"footnotes":""},"categories":[298],"tags":[796,724,879,10123,932,9881,931,2817],"class_list":["post-12829","post","type-post","status-publish","format-standard","has-post-thumbnail","hentry","category-belgique","tag-contre","tag-europa","tag-finale","tag-fribourg","tag-genk","tag-huitiemes","tag-krc","tag-ligue","generate-columns","tablet-grid-50","mobile-grid-100","grid-parent","grid-33"],"yoast_head":"<!-- This site is optimized with the Yoast SEO plugin v24.0 - https:\/\/yoast.com\/wordpress\/plugins\/seo\/ -->\n<title>Le KRC Genk en huiti\u00e8mes de finale de la Ligue Europa contre Fribourg | Vie Associative<\/title>\n<meta name=\"robots\" content=\"index, follow, max-snippet:-1, max-image-preview:large, max-video-preview:-1\" \/>\n<link rel=\"canonical\" href=\"https:\/\/vieassociative.be\/actualites\/le-krc-genk-en-huitiemes-de-finale-de-la-ligue-europa-contre-fribourg\/\" \/>\n<meta property=\"og:locale\" content=\"fr_FR\" \/>\n<meta property=\"og:type\" content=\"article\" \/>\n<meta property=\"og:title\" content=\"Le KRC Genk en huiti\u00e8mes de finale de la Ligue Europa contre Fribourg | Vie Associative\" \/>\n<meta property=\"og:description\" content=\"Apr\u00e8s l&rsquo;\u00e9limination du FC Bruges en Ligue des Champions, le KRC Genk est le dernier repr\u00e9sentant du football belge en Coupe d&rsquo;Europe. En huiti\u00e8mes de\" \/>\n<meta property=\"og:url\" content=\"https:\/\/vieassociative.be\/actualites\/le-krc-genk-en-huitiemes-de-finale-de-la-ligue-europa-contre-fribourg\/\" \/>\n<meta property=\"og:site_name\" content=\"Vie Associative\" \/>\n<meta property=\"article:published_time\" content=\"2026-02-28T04:17:54+00:00\" \/>\n<meta property=\"og:image\" content=\"https:\/\/vieassociative.be\/actualites\/wp-content\/uploads\/2024\/09\/header_backgroundk-01-e1726694325946.png\" \/>\n\t<meta property=\"og:image:width\" content=\"279\" \/>\n\t<meta property=\"og:image:height\" content=\"92\" \/>\n\t<meta property=\"og:image:type\" content=\"image\/png\" \/>\n<meta name=\"author\" content=\"Julien\" \/>\n<meta name=\"twitter:card\" content=\"summary_large_image\" \/>\n<meta name=\"twitter:label1\" content=\"\u00c9crit par\" \/>\n\t<meta name=\"twitter:data1\" content=\"Julien\" \/>\n\t<meta name=\"twitter:label2\" content=\"Dur\u00e9e de lecture est.\" \/>\n\t<meta name=\"twitter:data2\" content=\"3 minutes\" \/>\n<script type=\"application\/ld+json\" class=\"yoast-schema-graph\">{\"@context\":\"https:\/\/schema.org\",\"@graph\":[{\"@type\":\"Article\",\"@id\":\"https:\/\/vieassociative.be\/actualites\/le-krc-genk-en-huitiemes-de-finale-de-la-ligue-europa-contre-fribourg\/#article\",\"isPartOf\":{\"@id\":\"https:\/\/vieassociative.be\/actualites\/le-krc-genk-en-huitiemes-de-finale-de-la-ligue-europa-contre-fribourg\/\"},\"author\":{\"name\":\"Julien\",\"@id\":\"https:\/\/vieassociative.be\/actualites\/#\/schema\/person\/b87ac4f82f9d4e7b7cec7395b679edc4\"},\"headline\":\"Le KRC Genk en huiti\u00e8mes de finale de la Ligue Europa contre Fribourg\",\"datePublished\":\"2026-02-28T04:17:54+00:00\",\"dateModified\":\"2026-02-28T04:17:54+00:00\",\"mainEntityOfPage\":{\"@id\":\"https:\/\/vieassociative.be\/actualites\/le-krc-genk-en-huitiemes-de-finale-de-la-ligue-europa-contre-fribourg\/\"},\"wordCount\":639,\"publisher\":{\"@id\":\"https:\/\/vieassociative.be\/actualites\/#organization\"},\"image\":{\"@id\":\"https:\/\/vieassociative.be\/actualites\/le-krc-genk-en-huitiemes-de-finale-de-la-ligue-europa-contre-fribourg\/#primaryimage\"},\"thumbnailUrl\":\"https:\/\/vieassociative.be\/actualites\/wp-content\/uploads\/2026\/02\/Le-KRC-Genk-en-huitiemes-de-finale-de-la-Ligue.jpg\",\"keywords\":[\"contre\",\"Europa\",\"finale\",\"Fribourg\",\"Genk\",\"huiti\u00e8mes\",\"KRC\",\"Ligue\"],\"articleSection\":[\"Belgique\"],\"inLanguage\":\"fr-BE\"},{\"@type\":\"WebPage\",\"@id\":\"https:\/\/vieassociative.be\/actualites\/le-krc-genk-en-huitiemes-de-finale-de-la-ligue-europa-contre-fribourg\/\",\"url\":\"https:\/\/vieassociative.be\/actualites\/le-krc-genk-en-huitiemes-de-finale-de-la-ligue-europa-contre-fribourg\/\",\"name\":\"Le KRC Genk en huiti\u00e8mes de finale de la Ligue Europa contre Fribourg | Vie Associative\",\"isPartOf\":{\"@id\":\"https:\/\/vieassociative.be\/actualites\/#website\"},\"primaryImageOfPage\":{\"@id\":\"https:\/\/vieassociative.be\/actualites\/le-krc-genk-en-huitiemes-de-finale-de-la-ligue-europa-contre-fribourg\/#primaryimage\"},\"image\":{\"@id\":\"https:\/\/vieassociative.be\/actualites\/le-krc-genk-en-huitiemes-de-finale-de-la-ligue-europa-contre-fribourg\/#primaryimage\"},\"thumbnailUrl\":\"https:\/\/vieassociative.be\/actualites\/wp-content\/uploads\/2026\/02\/Le-KRC-Genk-en-huitiemes-de-finale-de-la-Ligue.jpg\",\"datePublished\":\"2026-02-28T04:17:54+00:00\",\"dateModified\":\"2026-02-28T04:17:54+00:00\",\"breadcrumb\":{\"@id\":\"https:\/\/vieassociative.be\/actualites\/le-krc-genk-en-huitiemes-de-finale-de-la-ligue-europa-contre-fribourg\/#breadcrumb\"},\"inLanguage\":\"fr-BE\",\"potentialAction\":[{\"@type\":\"ReadAction\",\"target\":[\"https:\/\/vieassociative.be\/actualites\/le-krc-genk-en-huitiemes-de-finale-de-la-ligue-europa-contre-fribourg\/\"]}]},{\"@type\":\"ImageObject\",\"inLanguage\":\"fr-BE\",\"@id\":\"https:\/\/vieassociative.be\/actualites\/le-krc-genk-en-huitiemes-de-finale-de-la-ligue-europa-contre-fribourg\/#primaryimage\",\"url\":\"https:\/\/vieassociative.be\/actualites\/wp-content\/uploads\/2026\/02\/Le-KRC-Genk-en-huitiemes-de-finale-de-la-Ligue.jpg\",\"contentUrl\":\"https:\/\/vieassociative.be\/actualites\/wp-content\/uploads\/2026\/02\/Le-KRC-Genk-en-huitiemes-de-finale-de-la-Ligue.jpg\",\"width\":1000,\"height\":647,\"caption\":\"Le KRC Genk en huiti\u00e8mes de finale de la Ligue Europa contre Fribourg\"},{\"@type\":\"BreadcrumbList\",\"@id\":\"https:\/\/vieassociative.be\/actualites\/le-krc-genk-en-huitiemes-de-finale-de-la-ligue-europa-contre-fribourg\/#breadcrumb\",\"itemListElement\":[{\"@type\":\"ListItem\",\"position\":1,\"name\":\"Accueil\",\"item\":\"https:\/\/vieassociative.be\/actualites\/\"},{\"@type\":\"ListItem\",\"position\":2,\"name\":\"Le KRC Genk en huiti\u00e8mes de finale de la Ligue Europa contre Fribourg\"}]},{\"@type\":\"WebSite\",\"@id\":\"https:\/\/vieassociative.be\/actualites\/#website\",\"url\":\"https:\/\/vieassociative.be\/actualites\/\",\"name\":\"Vie Associative\",\"description\":\"\",\"publisher\":{\"@id\":\"https:\/\/vieassociative.be\/actualites\/#organization\"},\"potentialAction\":[{\"@type\":\"SearchAction\",\"target\":{\"@type\":\"EntryPoint\",\"urlTemplate\":\"https:\/\/vieassociative.be\/actualites\/?s={search_term_string}\"},\"query-input\":{\"@type\":\"PropertyValueSpecification\",\"valueRequired\":true,\"valueName\":\"search_term_string\"}}],\"inLanguage\":\"fr-BE\"},{\"@type\":\"Organization\",\"@id\":\"https:\/\/vieassociative.be\/actualites\/#organization\",\"name\":\"Vie Associative\",\"url\":\"https:\/\/vieassociative.be\/actualites\/\",\"logo\":{\"@type\":\"ImageObject\",\"inLanguage\":\"fr-BE\",\"@id\":\"https:\/\/vieassociative.be\/actualites\/#\/schema\/logo\/image\/\",\"url\":\"https:\/\/vieassociative.be\/actualites\/wp-content\/uploads\/2024\/09\/cropped-vieassociative_favicon.ico.png\",\"contentUrl\":\"https:\/\/vieassociative.be\/actualites\/wp-content\/uploads\/2024\/09\/cropped-vieassociative_favicon.ico.png\",\"width\":512,\"height\":512,\"caption\":\"Vie Associative\"},\"image\":{\"@id\":\"https:\/\/vieassociative.be\/actualites\/#\/schema\/logo\/image\/\"}},{\"@type\":\"Person\",\"@id\":\"https:\/\/vieassociative.be\/actualites\/#\/schema\/person\/b87ac4f82f9d4e7b7cec7395b679edc4\",\"name\":\"Julien\",\"image\":{\"@type\":\"ImageObject\",\"inLanguage\":\"fr-BE\",\"@id\":\"https:\/\/vieassociative.be\/actualites\/#\/schema\/person\/image\/\",\"url\":\"https:\/\/vieassociative.be\/actualites\/wp-content\/uploads\/2024\/09\/vie-associative-1-150x150.jpg\",\"contentUrl\":\"https:\/\/vieassociative.be\/actualites\/wp-content\/uploads\/2024\/09\/vie-associative-1-150x150.jpg\",\"caption\":\"Julien\"},\"description\":\"Je suis Julien, r\u00e9dacteur pour Vie Associative. Passionn\u00e9 par le monde associatif depuis plus de 10 ans, j'ai \u00e0 c\u0153ur de partager des histoires inspirantes et de mettre en lumi\u00e8re les initiatives locales. Mon objectif est de sensibiliser et d'encourager l'engagement communautaire \u00e0 travers mes articles.\",\"sameAs\":[\"https:\/\/vieassociative.be\/\"]}]}<\/script>\n<!-- \/ Yoast SEO plugin. -->","yoast_head_json":{"title":"Le KRC Genk en huiti\u00e8mes de finale de la Ligue Europa contre Fribourg | Vie Associative","robots":{"index":"index","follow":"follow","max-snippet":"max-snippet:-1","max-image-preview":"max-image-preview:large","max-video-preview":"max-video-preview:-1"},"canonical":"https:\/\/vieassociative.be\/actualites\/le-krc-genk-en-huitiemes-de-finale-de-la-ligue-europa-contre-fribourg\/","og_locale":"fr_FR","og_type":"article","og_title":"Le KRC Genk en huiti\u00e8mes de finale de la Ligue Europa contre Fribourg | Vie Associative","og_description":"Apr\u00e8s l&rsquo;\u00e9limination du FC Bruges en Ligue des Champions, le KRC Genk est le dernier repr\u00e9sentant du football belge en Coupe d&rsquo;Europe. En huiti\u00e8mes de","og_url":"https:\/\/vieassociative.be\/actualites\/le-krc-genk-en-huitiemes-de-finale-de-la-ligue-europa-contre-fribourg\/","og_site_name":"Vie Associative","article_published_time":"2026-02-28T04:17:54+00:00","og_image":[{"width":279,"height":92,"url":"https:\/\/vieassociative.be\/actualites\/wp-content\/uploads\/2024\/09\/header_backgroundk-01-e1726694325946.png","type":"image\/png"}],"author":"Julien","twitter_card":"summary_large_image","twitter_misc":{"\u00c9crit par":"Julien","Dur\u00e9e de lecture est.":"3 minutes"},"schema":{"@context":"https:\/\/schema.org","@graph":[{"@type":"Article","@id":"https:\/\/vieassociative.be\/actualites\/le-krc-genk-en-huitiemes-de-finale-de-la-ligue-europa-contre-fribourg\/#article","isPartOf":{"@id":"https:\/\/vieassociative.be\/actualites\/le-krc-genk-en-huitiemes-de-finale-de-la-ligue-europa-contre-fribourg\/"},"author":{"name":"Julien","@id":"https:\/\/vieassociative.be\/actualites\/#\/schema\/person\/b87ac4f82f9d4e7b7cec7395b679edc4"},"headline":"Le KRC Genk en huiti\u00e8mes de finale de la Ligue Europa contre Fribourg","datePublished":"2026-02-28T04:17:54+00:00","dateModified":"2026-02-28T04:17:54+00:00","mainEntityOfPage":{"@id":"https:\/\/vieassociative.be\/actualites\/le-krc-genk-en-huitiemes-de-finale-de-la-ligue-europa-contre-fribourg\/"},"wordCount":639,"publisher":{"@id":"https:\/\/vieassociative.be\/actualites\/#organization"},"image":{"@id":"https:\/\/vieassociative.be\/actualites\/le-krc-genk-en-huitiemes-de-finale-de-la-ligue-europa-contre-fribourg\/#primaryimage"},"thumbnailUrl":"https:\/\/vieassociative.be\/actualites\/wp-content\/uploads\/2026\/02\/Le-KRC-Genk-en-huitiemes-de-finale-de-la-Ligue.jpg","keywords":["contre","Europa","finale","Fribourg","Genk","huiti\u00e8mes","KRC","Ligue"],"articleSection":["Belgique"],"inLanguage":"fr-BE"},{"@type":"WebPage","@id":"https:\/\/vieassociative.be\/actualites\/le-krc-genk-en-huitiemes-de-finale-de-la-ligue-europa-contre-fribourg\/","url":"https:\/\/vieassociative.be\/actualites\/le-krc-genk-en-huitiemes-de-finale-de-la-ligue-europa-contre-fribourg\/","name":"Le KRC Genk en huiti\u00e8mes de finale de la Ligue Europa contre Fribourg | Vie Associative","isPartOf":{"@id":"https:\/\/vieassociative.be\/actualites\/#website"},"primaryImageOfPage":{"@id":"https:\/\/vieassociative.be\/actualites\/le-krc-genk-en-huitiemes-de-finale-de-la-ligue-europa-contre-fribourg\/#primaryimage"},"image":{"@id":"https:\/\/vieassociative.be\/actualites\/le-krc-genk-en-huitiemes-de-finale-de-la-ligue-europa-contre-fribourg\/#primaryimage"},"thumbnailUrl":"https:\/\/vieassociative.be\/actualites\/wp-content\/uploads\/2026\/02\/Le-KRC-Genk-en-huitiemes-de-finale-de-la-Ligue.jpg","datePublished":"2026-02-28T04:17:54+00:00","dateModified":"2026-02-28T04:17:54+00:00","breadcrumb":{"@id":"https:\/\/vieassociative.be\/actualites\/le-krc-genk-en-huitiemes-de-finale-de-la-ligue-europa-contre-fribourg\/#breadcrumb"},"inLanguage":"fr-BE","potentialAction":[{"@type":"ReadAction","target":["https:\/\/vieassociative.be\/actualites\/le-krc-genk-en-huitiemes-de-finale-de-la-ligue-europa-contre-fribourg\/"]}]},{"@type":"ImageObject","inLanguage":"fr-BE","@id":"https:\/\/vieassociative.be\/actualites\/le-krc-genk-en-huitiemes-de-finale-de-la-ligue-europa-contre-fribourg\/#primaryimage","url":"https:\/\/vieassociative.be\/actualites\/wp-content\/uploads\/2026\/02\/Le-KRC-Genk-en-huitiemes-de-finale-de-la-Ligue.jpg","contentUrl":"https:\/\/vieassociative.be\/actualites\/wp-content\/uploads\/2026\/02\/Le-KRC-Genk-en-huitiemes-de-finale-de-la-Ligue.jpg","width":1000,"height":647,"caption":"Le KRC Genk en huiti\u00e8mes de finale de la Ligue Europa contre Fribourg"},{"@type":"BreadcrumbList","@id":"https:\/\/vieassociative.be\/actualites\/le-krc-genk-en-huitiemes-de-finale-de-la-ligue-europa-contre-fribourg\/#breadcrumb","itemListElement":[{"@type":"ListItem","position":1,"name":"Accueil","item":"https:\/\/vieassociative.be\/actualites\/"},{"@type":"ListItem","position":2,"name":"Le KRC Genk en huiti\u00e8mes de finale de la Ligue Europa contre Fribourg"}]},{"@type":"WebSite","@id":"https:\/\/vieassociative.be\/actualites\/#website","url":"https:\/\/vieassociative.be\/actualites\/","name":"Vie Associative","description":"","publisher":{"@id":"https:\/\/vieassociative.be\/actualites\/#organization"},"potentialAction":[{"@type":"SearchAction","target":{"@type":"EntryPoint","urlTemplate":"https:\/\/vieassociative.be\/actualites\/?s={search_term_string}"},"query-input":{"@type":"PropertyValueSpecification","valueRequired":true,"valueName":"search_term_string"}}],"inLanguage":"fr-BE"},{"@type":"Organization","@id":"https:\/\/vieassociative.be\/actualites\/#organization","name":"Vie Associative","url":"https:\/\/vieassociative.be\/actualites\/","logo":{"@type":"ImageObject","inLanguage":"fr-BE","@id":"https:\/\/vieassociative.be\/actualites\/#\/schema\/logo\/image\/","url":"https:\/\/vieassociative.be\/actualites\/wp-content\/uploads\/2024\/09\/cropped-vieassociative_favicon.ico.png","contentUrl":"https:\/\/vieassociative.be\/actualites\/wp-content\/uploads\/2024\/09\/cropped-vieassociative_favicon.ico.png","width":512,"height":512,"caption":"Vie Associative"},"image":{"@id":"https:\/\/vieassociative.be\/actualites\/#\/schema\/logo\/image\/"}},{"@type":"Person","@id":"https:\/\/vieassociative.be\/actualites\/#\/schema\/person\/b87ac4f82f9d4e7b7cec7395b679edc4","name":"Julien","image":{"@type":"ImageObject","inLanguage":"fr-BE","@id":"https:\/\/vieassociative.be\/actualites\/#\/schema\/person\/image\/","url":"https:\/\/vieassociative.be\/actualites\/wp-content\/uploads\/2024\/09\/vie-associative-1-150x150.jpg","contentUrl":"https:\/\/vieassociative.be\/actualites\/wp-content\/uploads\/2024\/09\/vie-associative-1-150x150.jpg","caption":"Julien"},"description":"Je suis Julien, r\u00e9dacteur pour Vie Associative. Passionn\u00e9 par le monde associatif depuis plus de 10 ans, j'ai \u00e0 c\u0153ur de partager des histoires inspirantes et de mettre en lumi\u00e8re les initiatives locales. Mon objectif est de sensibiliser et d'encourager l'engagement communautaire \u00e0 travers mes articles.","sameAs":["https:\/\/vieassociative.be\/"]}]}},"_links":{"self":[{"href":"https:\/\/vieassociative.be\/actualites\/wp-json\/wp\/v2\/posts\/12829"}],"collection":[{"href":"https:\/\/vieassociative.be\/actualites\/wp-json\/wp\/v2\/posts"}],"about":[{"href":"https:\/\/vieassociative.be\/actualites\/wp-json\/wp\/v2\/types\/post"}],"author":[{"embeddable":true,"href":"https:\/\/vieassociative.be\/actualites\/wp-json\/wp\/v2\/users\/1"}],"replies":[{"embeddable":true,"href":"https:\/\/vieassociative.be\/actualites\/wp-json\/wp\/v2\/comments?post=12829"}],"version-history":[{"count":0,"href":"https:\/\/vieassociative.be\/actualites\/wp-json\/wp\/v2\/posts\/12829\/revisions"}],"wp:featuredmedia":[{"embeddable":true,"href":"https:\/\/vieassociative.be\/actualites\/wp-json\/wp\/v2\/media\/12830"}],"wp:attachment":[{"href":"https:\/\/vieassociative.be\/actualites\/wp-json\/wp\/v2\/media?parent=12829"}],"wp:term":[{"taxonomy":"category","embeddable":true,"href":"https:\/\/vieassociative.be\/actualites\/wp-json\/wp\/v2\/categories?post=12829"},{"taxonomy":"post_tag","embeddable":true,"href":"https:\/\/vieassociative.be\/actualites\/wp-json\/wp\/v2\/tags?post=12829"}],"curies":[{"name":"wp","href":"https:\/\/api.w.org\/{rel}","templated":true}]}}