{"id":12825,"date":"2026-02-27T23:18:18","date_gmt":"2026-02-27T22:18:18","guid":{"rendered":"https:\/\/vieassociative.be\/actualites\/visite-inaugurale-du-maire-daix-la-chapelle-ziemons-a-la-communaute-germanophone\/"},"modified":"2026-02-27T23:18:18","modified_gmt":"2026-02-27T22:18:18","slug":"visite-inaugurale-du-maire-daix-la-chapelle-ziemons-a-la-communaute-germanophone","status":"publish","type":"post","link":"https:\/\/vieassociative.be\/actualites\/visite-inaugurale-du-maire-daix-la-chapelle-ziemons-a-la-communaute-germanophone\/","title":{"rendered":"Visite inaugurale du maire d&rsquo;Aix-la-Chapelle Ziemons \u00e0 la communaut\u00e9 germanophone"},"content":{"rendered":"<p><strong>Jeudi, le maire d&rsquo;Aix-la-Chapelle, Dr. Michael Ziemon, de la Belgique orientale, lui a rendu hommage.<\/strong><\/p>\n<p><span id=\"more-437256\"><\/span>Lors d&rsquo;un entretien avec le DG-Premier ministre Oliver Paasch (ProDG) \u00e0 Eupen, le politicien de la CDU a \u00e9voqu\u00e9 des domaines d&rsquo;action transfrontaliers, tels que les questions de mobilit\u00e9, de sant\u00e9, d&rsquo;enseignement et de formation, d&rsquo;universit\u00e9s et d&rsquo;approvisionnement \u00e9nerg\u00e9tique. L&rsquo;\u00e9tat d&rsquo;avancement des grands projets du T\u00e9lescope Einstein et de la Gigafactory a \u00e9galement \u00e9t\u00e9 \u00e9voqu\u00e9 &#8211; en pr\u00e9sence du directeur de l&rsquo;Euregio Meuse-Rhin, Michael Dejoz\u00e9.<\/p>\n<div id=\"attachment_354419\" class=\"wp-caption alignleft\" style=\"max-width: 300px\"><img fetchpriority=\"high\" decoding=\"async\" class=\"wp-image-354419 size-medium\" src=\"https:\/\/vieassociative.be\/actualites\/wp-content\/uploads\/2026\/02\/Visite-inaugurale-du-maire-dAix-la-Chapelle-Ziemons-a-la-communaute-germanophone.jpeg\" alt=\"\" width=\"300\" height=\"200\"  ><\/div>\n<p>\u00ab\u00a0Notre coop\u00e9ration avec Aix-la-Chapelle montre que l&rsquo;Europe est forte l\u00e0 o\u00f9 ses voisins agissent ensemble. En p\u00e9riode de grands d\u00e9fis, cela est plus important que jamais. Nos bonnes relations sont l&rsquo;expression d&rsquo;une amiti\u00e9 europ\u00e9enne vivante qui cr\u00e9e des avantages concrets pour les personnes, les institutions et les entreprises de notre r\u00e9gion frontali\u00e8re\u00a0\u00bb, a ensuite d\u00e9clar\u00e9 le Premier ministre Paasch.<\/p>\n<p>Le maire Dr. Ziemons, pour sa part, a expliqu\u00e9 : \u00ab Notre r\u00e9gion prosp\u00e8re gr\u00e2ce \u00e0 la solidarit\u00e9 au-del\u00e0 des fronti\u00e8res. Ce qui nous relie est bien plus que la proximit\u00e9 g\u00e9ographique, c&rsquo;est une r\u00e9alit\u00e9 de vie commune. notre r\u00e9gion frontali\u00e8re europ\u00e9enne.<\/p>\n<p>Il s&rsquo;agit de la visite inaugurale du maire d&rsquo;Aix-la-Chapelle en Belgique orientale, qui a remport\u00e9 le second tour de l&rsquo;\u00e9lection municipale du 28 septembre de l&rsquo;ann\u00e9e derni\u00e8re et a pris ses fonctions dans la ville imp\u00e9riale le 1er novembre 2025.<\/p>\n","protected":false},"excerpt":{"rendered":"<p>Jeudi, le maire d&rsquo;Aix-la-Chapelle, Dr. Michael Ziemon, de la Belgique orientale, lui a rendu hommage. Lors d&rsquo;un entretien avec le DG-Premier ministre Oliver Paasch (ProDG)<\/p>\n","protected":false},"author":1,"featured_media":12826,"comment_status":"","ping_status":"","sticky":false,"template":"","format":"standard","meta":{"footnotes":""},"categories":[298],"tags":[5889,2742,10122,10121,4378,4452,8701],"class_list":["post-12825","post","type-post","status-publish","format-standard","has-post-thumbnail","hentry","category-belgique","tag-communaute","tag-daixlachapelle","tag-germanophone","tag-inaugurale","tag-maire","tag-visite","tag-ziemons","generate-columns","tablet-grid-50","mobile-grid-100","grid-parent","grid-33"],"yoast_head":"<!-- This site is optimized with the Yoast SEO plugin v24.0 - https:\/\/yoast.com\/wordpress\/plugins\/seo\/ -->\n<title>Visite inaugurale du maire d&#039;Aix-la-Chapelle Ziemons \u00e0 la communaut\u00e9 germanophone | Vie Associative<\/title>\n<meta name=\"robots\" content=\"index, follow, max-snippet:-1, max-image-preview:large, max-video-preview:-1\" \/>\n<link rel=\"canonical\" href=\"https:\/\/vieassociative.be\/actualites\/visite-inaugurale-du-maire-daix-la-chapelle-ziemons-a-la-communaute-germanophone\/\" \/>\n<meta property=\"og:locale\" content=\"fr_FR\" \/>\n<meta property=\"og:type\" content=\"article\" \/>\n<meta property=\"og:title\" content=\"Visite inaugurale du maire d&#039;Aix-la-Chapelle Ziemons \u00e0 la communaut\u00e9 germanophone | Vie Associative\" \/>\n<meta property=\"og:description\" content=\"Jeudi, le maire d&rsquo;Aix-la-Chapelle, Dr. Michael Ziemon, de la Belgique orientale, lui a rendu hommage. Lors d&rsquo;un entretien avec le DG-Premier ministre Oliver Paasch (ProDG)\" \/>\n<meta property=\"og:url\" content=\"https:\/\/vieassociative.be\/actualites\/visite-inaugurale-du-maire-daix-la-chapelle-ziemons-a-la-communaute-germanophone\/\" \/>\n<meta property=\"og:site_name\" content=\"Vie Associative\" \/>\n<meta property=\"article:published_time\" content=\"2026-02-27T22:18:18+00:00\" \/>\n<meta property=\"og:image\" content=\"https:\/\/vieassociative.be\/actualites\/wp-content\/uploads\/2024\/09\/header_backgroundk-01-e1726694325946.png\" \/>\n\t<meta property=\"og:image:width\" content=\"279\" \/>\n\t<meta property=\"og:image:height\" content=\"92\" \/>\n\t<meta property=\"og:image:type\" content=\"image\/png\" \/>\n<meta name=\"author\" content=\"Julien\" \/>\n<meta name=\"twitter:card\" content=\"summary_large_image\" \/>\n<meta name=\"twitter:label1\" content=\"\u00c9crit par\" \/>\n\t<meta name=\"twitter:data1\" content=\"Julien\" \/>\n\t<meta name=\"twitter:label2\" content=\"Dur\u00e9e de lecture est.\" \/>\n\t<meta name=\"twitter:data2\" content=\"1 minute\" \/>\n<script type=\"application\/ld+json\" class=\"yoast-schema-graph\">{\"@context\":\"https:\/\/schema.org\",\"@graph\":[{\"@type\":\"Article\",\"@id\":\"https:\/\/vieassociative.be\/actualites\/visite-inaugurale-du-maire-daix-la-chapelle-ziemons-a-la-communaute-germanophone\/#article\",\"isPartOf\":{\"@id\":\"https:\/\/vieassociative.be\/actualites\/visite-inaugurale-du-maire-daix-la-chapelle-ziemons-a-la-communaute-germanophone\/\"},\"author\":{\"name\":\"Julien\",\"@id\":\"https:\/\/vieassociative.be\/actualites\/#\/schema\/person\/b87ac4f82f9d4e7b7cec7395b679edc4\"},\"headline\":\"Visite inaugurale du maire d&rsquo;Aix-la-Chapelle Ziemons \u00e0 la communaut\u00e9 germanophone\",\"datePublished\":\"2026-02-27T22:18:18+00:00\",\"dateModified\":\"2026-02-27T22:18:18+00:00\",\"mainEntityOfPage\":{\"@id\":\"https:\/\/vieassociative.be\/actualites\/visite-inaugurale-du-maire-daix-la-chapelle-ziemons-a-la-communaute-germanophone\/\"},\"wordCount\":266,\"publisher\":{\"@id\":\"https:\/\/vieassociative.be\/actualites\/#organization\"},\"image\":{\"@id\":\"https:\/\/vieassociative.be\/actualites\/visite-inaugurale-du-maire-daix-la-chapelle-ziemons-a-la-communaute-germanophone\/#primaryimage\"},\"thumbnailUrl\":\"https:\/\/vieassociative.be\/actualites\/wp-content\/uploads\/2026\/02\/Visite-inaugurale-du-maire-dAix-la-Chapelle-Ziemons-a-la-communaute-germanophone.jpg\",\"keywords\":[\"communaut\u00e9\",\"dAixlaChapelle\",\"germanophone\",\"inaugurale\",\"maire\",\"visite\",\"Ziemons\"],\"articleSection\":[\"Belgique\"],\"inLanguage\":\"fr-BE\"},{\"@type\":\"WebPage\",\"@id\":\"https:\/\/vieassociative.be\/actualites\/visite-inaugurale-du-maire-daix-la-chapelle-ziemons-a-la-communaute-germanophone\/\",\"url\":\"https:\/\/vieassociative.be\/actualites\/visite-inaugurale-du-maire-daix-la-chapelle-ziemons-a-la-communaute-germanophone\/\",\"name\":\"Visite inaugurale du maire d'Aix-la-Chapelle Ziemons \u00e0 la communaut\u00e9 germanophone | Vie Associative\",\"isPartOf\":{\"@id\":\"https:\/\/vieassociative.be\/actualites\/#website\"},\"primaryImageOfPage\":{\"@id\":\"https:\/\/vieassociative.be\/actualites\/visite-inaugurale-du-maire-daix-la-chapelle-ziemons-a-la-communaute-germanophone\/#primaryimage\"},\"image\":{\"@id\":\"https:\/\/vieassociative.be\/actualites\/visite-inaugurale-du-maire-daix-la-chapelle-ziemons-a-la-communaute-germanophone\/#primaryimage\"},\"thumbnailUrl\":\"https:\/\/vieassociative.be\/actualites\/wp-content\/uploads\/2026\/02\/Visite-inaugurale-du-maire-dAix-la-Chapelle-Ziemons-a-la-communaute-germanophone.jpg\",\"datePublished\":\"2026-02-27T22:18:18+00:00\",\"dateModified\":\"2026-02-27T22:18:18+00:00\",\"breadcrumb\":{\"@id\":\"https:\/\/vieassociative.be\/actualites\/visite-inaugurale-du-maire-daix-la-chapelle-ziemons-a-la-communaute-germanophone\/#breadcrumb\"},\"inLanguage\":\"fr-BE\",\"potentialAction\":[{\"@type\":\"ReadAction\",\"target\":[\"https:\/\/vieassociative.be\/actualites\/visite-inaugurale-du-maire-daix-la-chapelle-ziemons-a-la-communaute-germanophone\/\"]}]},{\"@type\":\"ImageObject\",\"inLanguage\":\"fr-BE\",\"@id\":\"https:\/\/vieassociative.be\/actualites\/visite-inaugurale-du-maire-daix-la-chapelle-ziemons-a-la-communaute-germanophone\/#primaryimage\",\"url\":\"https:\/\/vieassociative.be\/actualites\/wp-content\/uploads\/2026\/02\/Visite-inaugurale-du-maire-dAix-la-Chapelle-Ziemons-a-la-communaute-germanophone.jpg\",\"contentUrl\":\"https:\/\/vieassociative.be\/actualites\/wp-content\/uploads\/2026\/02\/Visite-inaugurale-du-maire-dAix-la-Chapelle-Ziemons-a-la-communaute-germanophone.jpg\",\"width\":2560,\"height\":1707,\"caption\":\"Visite inaugurale du maire d'Aix-la-Chapelle Ziemons \u00e0 la communaut\u00e9 germanophone\"},{\"@type\":\"BreadcrumbList\",\"@id\":\"https:\/\/vieassociative.be\/actualites\/visite-inaugurale-du-maire-daix-la-chapelle-ziemons-a-la-communaute-germanophone\/#breadcrumb\",\"itemListElement\":[{\"@type\":\"ListItem\",\"position\":1,\"name\":\"Accueil\",\"item\":\"https:\/\/vieassociative.be\/actualites\/\"},{\"@type\":\"ListItem\",\"position\":2,\"name\":\"Visite inaugurale du maire d&rsquo;Aix-la-Chapelle Ziemons \u00e0 la communaut\u00e9 germanophone\"}]},{\"@type\":\"WebSite\",\"@id\":\"https:\/\/vieassociative.be\/actualites\/#website\",\"url\":\"https:\/\/vieassociative.be\/actualites\/\",\"name\":\"Vie Associative\",\"description\":\"\",\"publisher\":{\"@id\":\"https:\/\/vieassociative.be\/actualites\/#organization\"},\"potentialAction\":[{\"@type\":\"SearchAction\",\"target\":{\"@type\":\"EntryPoint\",\"urlTemplate\":\"https:\/\/vieassociative.be\/actualites\/?s={search_term_string}\"},\"query-input\":{\"@type\":\"PropertyValueSpecification\",\"valueRequired\":true,\"valueName\":\"search_term_string\"}}],\"inLanguage\":\"fr-BE\"},{\"@type\":\"Organization\",\"@id\":\"https:\/\/vieassociative.be\/actualites\/#organization\",\"name\":\"Vie Associative\",\"url\":\"https:\/\/vieassociative.be\/actualites\/\",\"logo\":{\"@type\":\"ImageObject\",\"inLanguage\":\"fr-BE\",\"@id\":\"https:\/\/vieassociative.be\/actualites\/#\/schema\/logo\/image\/\",\"url\":\"https:\/\/vieassociative.be\/actualites\/wp-content\/uploads\/2024\/09\/cropped-vieassociative_favicon.ico.png\",\"contentUrl\":\"https:\/\/vieassociative.be\/actualites\/wp-content\/uploads\/2024\/09\/cropped-vieassociative_favicon.ico.png\",\"width\":512,\"height\":512,\"caption\":\"Vie Associative\"},\"image\":{\"@id\":\"https:\/\/vieassociative.be\/actualites\/#\/schema\/logo\/image\/\"}},{\"@type\":\"Person\",\"@id\":\"https:\/\/vieassociative.be\/actualites\/#\/schema\/person\/b87ac4f82f9d4e7b7cec7395b679edc4\",\"name\":\"Julien\",\"image\":{\"@type\":\"ImageObject\",\"inLanguage\":\"fr-BE\",\"@id\":\"https:\/\/vieassociative.be\/actualites\/#\/schema\/person\/image\/\",\"url\":\"https:\/\/vieassociative.be\/actualites\/wp-content\/uploads\/2024\/09\/vie-associative-1-150x150.jpg\",\"contentUrl\":\"https:\/\/vieassociative.be\/actualites\/wp-content\/uploads\/2024\/09\/vie-associative-1-150x150.jpg\",\"caption\":\"Julien\"},\"description\":\"Je suis Julien, r\u00e9dacteur pour Vie Associative. Passionn\u00e9 par le monde associatif depuis plus de 10 ans, j'ai \u00e0 c\u0153ur de partager des histoires inspirantes et de mettre en lumi\u00e8re les initiatives locales. Mon objectif est de sensibiliser et d'encourager l'engagement communautaire \u00e0 travers mes articles.\",\"sameAs\":[\"https:\/\/vieassociative.be\/\"]}]}<\/script>\n<!-- \/ Yoast SEO plugin. -->","yoast_head_json":{"title":"Visite inaugurale du maire d'Aix-la-Chapelle Ziemons \u00e0 la communaut\u00e9 germanophone | Vie Associative","robots":{"index":"index","follow":"follow","max-snippet":"max-snippet:-1","max-image-preview":"max-image-preview:large","max-video-preview":"max-video-preview:-1"},"canonical":"https:\/\/vieassociative.be\/actualites\/visite-inaugurale-du-maire-daix-la-chapelle-ziemons-a-la-communaute-germanophone\/","og_locale":"fr_FR","og_type":"article","og_title":"Visite inaugurale du maire d'Aix-la-Chapelle Ziemons \u00e0 la communaut\u00e9 germanophone | Vie Associative","og_description":"Jeudi, le maire d&rsquo;Aix-la-Chapelle, Dr. Michael Ziemon, de la Belgique orientale, lui a rendu hommage. Lors d&rsquo;un entretien avec le DG-Premier ministre Oliver Paasch (ProDG)","og_url":"https:\/\/vieassociative.be\/actualites\/visite-inaugurale-du-maire-daix-la-chapelle-ziemons-a-la-communaute-germanophone\/","og_site_name":"Vie Associative","article_published_time":"2026-02-27T22:18:18+00:00","og_image":[{"width":279,"height":92,"url":"https:\/\/vieassociative.be\/actualites\/wp-content\/uploads\/2024\/09\/header_backgroundk-01-e1726694325946.png","type":"image\/png"}],"author":"Julien","twitter_card":"summary_large_image","twitter_misc":{"\u00c9crit par":"Julien","Dur\u00e9e de lecture est.":"1 minute"},"schema":{"@context":"https:\/\/schema.org","@graph":[{"@type":"Article","@id":"https:\/\/vieassociative.be\/actualites\/visite-inaugurale-du-maire-daix-la-chapelle-ziemons-a-la-communaute-germanophone\/#article","isPartOf":{"@id":"https:\/\/vieassociative.be\/actualites\/visite-inaugurale-du-maire-daix-la-chapelle-ziemons-a-la-communaute-germanophone\/"},"author":{"name":"Julien","@id":"https:\/\/vieassociative.be\/actualites\/#\/schema\/person\/b87ac4f82f9d4e7b7cec7395b679edc4"},"headline":"Visite inaugurale du maire d&rsquo;Aix-la-Chapelle Ziemons \u00e0 la communaut\u00e9 germanophone","datePublished":"2026-02-27T22:18:18+00:00","dateModified":"2026-02-27T22:18:18+00:00","mainEntityOfPage":{"@id":"https:\/\/vieassociative.be\/actualites\/visite-inaugurale-du-maire-daix-la-chapelle-ziemons-a-la-communaute-germanophone\/"},"wordCount":266,"publisher":{"@id":"https:\/\/vieassociative.be\/actualites\/#organization"},"image":{"@id":"https:\/\/vieassociative.be\/actualites\/visite-inaugurale-du-maire-daix-la-chapelle-ziemons-a-la-communaute-germanophone\/#primaryimage"},"thumbnailUrl":"https:\/\/vieassociative.be\/actualites\/wp-content\/uploads\/2026\/02\/Visite-inaugurale-du-maire-dAix-la-Chapelle-Ziemons-a-la-communaute-germanophone.jpg","keywords":["communaut\u00e9","dAixlaChapelle","germanophone","inaugurale","maire","visite","Ziemons"],"articleSection":["Belgique"],"inLanguage":"fr-BE"},{"@type":"WebPage","@id":"https:\/\/vieassociative.be\/actualites\/visite-inaugurale-du-maire-daix-la-chapelle-ziemons-a-la-communaute-germanophone\/","url":"https:\/\/vieassociative.be\/actualites\/visite-inaugurale-du-maire-daix-la-chapelle-ziemons-a-la-communaute-germanophone\/","name":"Visite inaugurale du maire d'Aix-la-Chapelle Ziemons \u00e0 la communaut\u00e9 germanophone | Vie Associative","isPartOf":{"@id":"https:\/\/vieassociative.be\/actualites\/#website"},"primaryImageOfPage":{"@id":"https:\/\/vieassociative.be\/actualites\/visite-inaugurale-du-maire-daix-la-chapelle-ziemons-a-la-communaute-germanophone\/#primaryimage"},"image":{"@id":"https:\/\/vieassociative.be\/actualites\/visite-inaugurale-du-maire-daix-la-chapelle-ziemons-a-la-communaute-germanophone\/#primaryimage"},"thumbnailUrl":"https:\/\/vieassociative.be\/actualites\/wp-content\/uploads\/2026\/02\/Visite-inaugurale-du-maire-dAix-la-Chapelle-Ziemons-a-la-communaute-germanophone.jpg","datePublished":"2026-02-27T22:18:18+00:00","dateModified":"2026-02-27T22:18:18+00:00","breadcrumb":{"@id":"https:\/\/vieassociative.be\/actualites\/visite-inaugurale-du-maire-daix-la-chapelle-ziemons-a-la-communaute-germanophone\/#breadcrumb"},"inLanguage":"fr-BE","potentialAction":[{"@type":"ReadAction","target":["https:\/\/vieassociative.be\/actualites\/visite-inaugurale-du-maire-daix-la-chapelle-ziemons-a-la-communaute-germanophone\/"]}]},{"@type":"ImageObject","inLanguage":"fr-BE","@id":"https:\/\/vieassociative.be\/actualites\/visite-inaugurale-du-maire-daix-la-chapelle-ziemons-a-la-communaute-germanophone\/#primaryimage","url":"https:\/\/vieassociative.be\/actualites\/wp-content\/uploads\/2026\/02\/Visite-inaugurale-du-maire-dAix-la-Chapelle-Ziemons-a-la-communaute-germanophone.jpg","contentUrl":"https:\/\/vieassociative.be\/actualites\/wp-content\/uploads\/2026\/02\/Visite-inaugurale-du-maire-dAix-la-Chapelle-Ziemons-a-la-communaute-germanophone.jpg","width":2560,"height":1707,"caption":"Visite inaugurale du maire d'Aix-la-Chapelle Ziemons \u00e0 la communaut\u00e9 germanophone"},{"@type":"BreadcrumbList","@id":"https:\/\/vieassociative.be\/actualites\/visite-inaugurale-du-maire-daix-la-chapelle-ziemons-a-la-communaute-germanophone\/#breadcrumb","itemListElement":[{"@type":"ListItem","position":1,"name":"Accueil","item":"https:\/\/vieassociative.be\/actualites\/"},{"@type":"ListItem","position":2,"name":"Visite inaugurale du maire d&rsquo;Aix-la-Chapelle Ziemons \u00e0 la communaut\u00e9 germanophone"}]},{"@type":"WebSite","@id":"https:\/\/vieassociative.be\/actualites\/#website","url":"https:\/\/vieassociative.be\/actualites\/","name":"Vie Associative","description":"","publisher":{"@id":"https:\/\/vieassociative.be\/actualites\/#organization"},"potentialAction":[{"@type":"SearchAction","target":{"@type":"EntryPoint","urlTemplate":"https:\/\/vieassociative.be\/actualites\/?s={search_term_string}"},"query-input":{"@type":"PropertyValueSpecification","valueRequired":true,"valueName":"search_term_string"}}],"inLanguage":"fr-BE"},{"@type":"Organization","@id":"https:\/\/vieassociative.be\/actualites\/#organization","name":"Vie Associative","url":"https:\/\/vieassociative.be\/actualites\/","logo":{"@type":"ImageObject","inLanguage":"fr-BE","@id":"https:\/\/vieassociative.be\/actualites\/#\/schema\/logo\/image\/","url":"https:\/\/vieassociative.be\/actualites\/wp-content\/uploads\/2024\/09\/cropped-vieassociative_favicon.ico.png","contentUrl":"https:\/\/vieassociative.be\/actualites\/wp-content\/uploads\/2024\/09\/cropped-vieassociative_favicon.ico.png","width":512,"height":512,"caption":"Vie Associative"},"image":{"@id":"https:\/\/vieassociative.be\/actualites\/#\/schema\/logo\/image\/"}},{"@type":"Person","@id":"https:\/\/vieassociative.be\/actualites\/#\/schema\/person\/b87ac4f82f9d4e7b7cec7395b679edc4","name":"Julien","image":{"@type":"ImageObject","inLanguage":"fr-BE","@id":"https:\/\/vieassociative.be\/actualites\/#\/schema\/person\/image\/","url":"https:\/\/vieassociative.be\/actualites\/wp-content\/uploads\/2024\/09\/vie-associative-1-150x150.jpg","contentUrl":"https:\/\/vieassociative.be\/actualites\/wp-content\/uploads\/2024\/09\/vie-associative-1-150x150.jpg","caption":"Julien"},"description":"Je suis Julien, r\u00e9dacteur pour Vie Associative. Passionn\u00e9 par le monde associatif depuis plus de 10 ans, j'ai \u00e0 c\u0153ur de partager des histoires inspirantes et de mettre en lumi\u00e8re les initiatives locales. Mon objectif est de sensibiliser et d'encourager l'engagement communautaire \u00e0 travers mes articles.","sameAs":["https:\/\/vieassociative.be\/"]}]}},"_links":{"self":[{"href":"https:\/\/vieassociative.be\/actualites\/wp-json\/wp\/v2\/posts\/12825"}],"collection":[{"href":"https:\/\/vieassociative.be\/actualites\/wp-json\/wp\/v2\/posts"}],"about":[{"href":"https:\/\/vieassociative.be\/actualites\/wp-json\/wp\/v2\/types\/post"}],"author":[{"embeddable":true,"href":"https:\/\/vieassociative.be\/actualites\/wp-json\/wp\/v2\/users\/1"}],"replies":[{"embeddable":true,"href":"https:\/\/vieassociative.be\/actualites\/wp-json\/wp\/v2\/comments?post=12825"}],"version-history":[{"count":0,"href":"https:\/\/vieassociative.be\/actualites\/wp-json\/wp\/v2\/posts\/12825\/revisions"}],"wp:featuredmedia":[{"embeddable":true,"href":"https:\/\/vieassociative.be\/actualites\/wp-json\/wp\/v2\/media\/12826"}],"wp:attachment":[{"href":"https:\/\/vieassociative.be\/actualites\/wp-json\/wp\/v2\/media?parent=12825"}],"wp:term":[{"taxonomy":"category","embeddable":true,"href":"https:\/\/vieassociative.be\/actualites\/wp-json\/wp\/v2\/categories?post=12825"},{"taxonomy":"post_tag","embeddable":true,"href":"https:\/\/vieassociative.be\/actualites\/wp-json\/wp\/v2\/tags?post=12825"}],"curies":[{"name":"wp","href":"https:\/\/api.w.org\/{rel}","templated":true}]}}