{"id":12821,"date":"2026-02-27T17:17:50","date_gmt":"2026-02-27T16:17:50","guid":{"rendered":"https:\/\/vieassociative.be\/actualites\/la-commission-europeenne-annonce-lapplication-provisoire-de-laccord-du-mercosur-approbation-et-critique\/"},"modified":"2026-02-27T17:17:50","modified_gmt":"2026-02-27T16:17:50","slug":"la-commission-europeenne-annonce-lapplication-provisoire-de-laccord-du-mercosur-approbation-et-critique","status":"publish","type":"post","link":"https:\/\/vieassociative.be\/actualites\/la-commission-europeenne-annonce-lapplication-provisoire-de-laccord-du-mercosur-approbation-et-critique\/","title":{"rendered":"La Commission europ\u00e9enne annonce l\u2019application provisoire de l\u2019accord du Mercosur \u2013 approbation et critique"},"content":{"rendered":"<p><strong>L&rsquo;accord de libre-\u00e9change entre l&rsquo;UE et les \u00c9tats sud-am\u00e9ricains du Mercosur sera bient\u00f4t appliqu\u00e9, malgr\u00e9 un examen en cours par la Cour de justice de l&rsquo;Union europ\u00e9enne. Cela a \u00e9t\u00e9 annonc\u00e9 par la pr\u00e9sidente de la Commission europ\u00e9enne, Ursula von der Leyen, \u00e0 Bruxelles.<\/strong><\/p>\n<p><span id=\"more-437252\"><\/span>Les deux \u00c9tats du Mercosur, l&rsquo;Uruguay et l&rsquo;Argentine, avaient d\u00e9j\u00e0 ratifi\u00e9 l&rsquo;accord jeudi, ouvrant ainsi la voie \u00e0 cette \u00e9tape. L&rsquo;accord du Mercosur cr\u00e9e un march\u00e9 de 720 millions de personnes et r\u00e9duit les droits de douane de plusieurs milliards, a d\u00e9clar\u00e9 von der Leyen. Les march\u00e9s se sont ouverts aux entreprises \u00e0 une \u00e9chelle dont elles n\u2019auraient pu que r\u00eaver auparavant.<\/p>\n<p><strong>\u2013 La date n\u2019est pas encore fix\u00e9e :<\/strong> La Commission n&rsquo;a pas initialement fourni de date pr\u00e9cise pour l&rsquo;application provisoire. Selon les r\u00e8gles, la date la plus rapproch\u00e9e possible serait le 1er avril si les formalit\u00e9s peuvent \u00eatre accomplies d&rsquo;ici fin f\u00e9vrier. Sinon, ce serait probablement le 1er mai.<\/p>\n<div id=\"attachment_437254\" class=\"wp-caption alignleft\" style=\"max-width: 300px\"><img fetchpriority=\"high\" decoding=\"async\" class=\"wp-image-437254 size-medium\" src=\"https:\/\/vieassociative.be\/actualites\/wp-content\/uploads\/2026\/02\/La-Commission-europeenne-annonce-lapplication-provisoire-de-laccord-du-Mercosur.jpg\" alt=\"\" width=\"300\" height=\"192\"><\/div>\n<p>L&rsquo;application provisoire permettra aux entreprises de l&rsquo;UE, de l&rsquo;Uruguay et de l&rsquo;Argentine de b\u00e9n\u00e9ficier de nouvelles r\u00e8gles douani\u00e8res attractives et d&rsquo;autres avantages avant l&rsquo;entr\u00e9e en vigueur formelle de l&rsquo;accord. Ceci est particuli\u00e8rement pertinent car l\u2019entr\u00e9e en vigueur formelle pourrait prendre des mois, voire plus, en raison du Parlement europ\u00e9en. En janvier, il a d\u00e9cid\u00e9 \u00e0 une courte majorit\u00e9 de faire r\u00e9examiner l&rsquo;accord par la Cour de justice europ\u00e9enne avant un vote final.<\/p>\n<p><strong>\u2013 Les juges examinent les accords :<\/strong> On ne sait pas exactement combien de temps il faudra aux juges luxembourgeois pour pr\u00e9senter leur \u00e9valuation. Il n&rsquo;y a pas de date limite. Du Luxembourg, on a dit que les derni\u00e8res expertises avaient dur\u00e9 entre 16 et 26 mois.<\/p>\n<p>Les opposants \u00e0 l&rsquo;accord critiquent le fait qu&rsquo;il a \u00e9t\u00e9 con\u00e7u de telle mani\u00e8re que les accords de libre-\u00e9change ne devaient pas \u00eatre approuv\u00e9s par les \u00c9tats membres selon le principe de l&rsquo;unanimit\u00e9. On craint \u00e9galement que les normes europ\u00e9ennes en mati\u00e8re de protection des consommateurs, d&rsquo;environnement et de bien-\u00eatre animal ne soient compromises, ce que la Commission europ\u00e9enne rejette cat\u00e9goriquement.<\/p>\n<p><strong>\u2013 Opportunit\u00e9s pour les constructeurs automobiles et pharmaceutiques europ\u00e9ens :<\/strong> L&rsquo;accord du Mercosur a \u00e9t\u00e9 sign\u00e9 au Paraguay au d\u00e9but de l&rsquo;ann\u00e9e apr\u00e8s plus de 25 ans de n\u00e9gociations contre la volont\u00e9 d&rsquo;\u00c9tats comme la France et la Pologne. L\u2019objectif est de stimuler les \u00e9changes de biens et de services en r\u00e9duisant les barri\u00e8res commerciales et les tarifs douaniers.<\/p>\n<p>Des opportunit\u00e9s particuli\u00e8rement importantes s&rsquo;offrent \u00e0 l&rsquo;industrie automobile, \u00e0 la construction m\u00e9canique et \u00e0 l&rsquo;industrie pharmaceutique. Par exemple, des droits de douane de 35 pour cent sont actuellement impos\u00e9s sur les importations de voitures dans les pays du Mercosur.<\/p>\n<div id=\"attachment_433571\" class=\"wp-caption alignleft\" style=\"max-width: 300px\"><img decoding=\"async\" class=\"wp-image-433571 size-medium\" src=\"https:\/\/vieassociative.be\/actualites\/wp-content\/uploads\/2026\/02\/1772209070_7_La-Commission-europeenne-annonce-lapplication-provisoire-de-laccord-du-Mercosur.jpg\" alt=\"\" width=\"300\" height=\"225\"><\/div>\n<p>La pr\u00e9sidente de l&rsquo;Association de l&rsquo;industrie automobile (VDA), Hildegard M\u00fcller, s&rsquo;est montr\u00e9e tout aussi satisfaite vendredi. \u00ab L&rsquo;application provisoire du volet commercial de l&rsquo;accord UE-Mercosur est une bonne nouvelle pour l&rsquo;\u00e9conomie europ\u00e9enne et pour l&rsquo;industrie automobile allemande \u00bb, a-t-elle comment\u00e9. \u00c0 une \u00e9poque de protectionnisme croissant \u00e0 l\u2019\u00e9chelle mondiale, la Commission europ\u00e9enne envoie le bon signal en faveur d\u2019un commerce mondial et \u00e9quitable.<\/p>\n<p><strong>\u2013 Symbole contre le protectionnisme de Trump :<\/strong> M\u00fcller faisait allusion au fait que l&rsquo;accord de libre-\u00e9change est \u00e9galement consid\u00e9r\u00e9 comme un signal contre la politique douani\u00e8re protectionniste du pr\u00e9sident am\u00e9ricain Donald Trump. Von der Leyen a d\u00e9clar\u00e9 que l&rsquo;accord \u00e9tait \u00ab\u00a0une plate-forme pour un engagement politique profond avec des partenaires qui voient le monde comme nous et qui croient en l&rsquo;ouverture, le partenariat et la bonne foi &#8211; des partenaires qui comprennent qu&rsquo;un commerce ouvert et fond\u00e9 sur des r\u00e8gles produit des r\u00e9sultats positifs pour tout le monde\u00a0\u00bb. Le Mercosur incarne l\u2019esprit dans lequel l\u2019Europe agit sur la sc\u00e8ne mondiale. \u00ab\u00a0L&rsquo;Europe devient plus forte et plus ind\u00e9pendante\u00a0\u00bb, a-t-elle ajout\u00e9.<\/p>\n<p><strong>\u2013 Protection contre les prix de dumping agricole :<\/strong> Il y a eu une r\u00e9sistance \u00e0 l\u2019accord en Europe, notamment de la part du lobby agricole. Celui-ci consid\u00e8re la concurrence des \u00c9tats du Mercosur comme une menace pour l\u2019existence de l\u2019agriculture europ\u00e9enne. En Am\u00e9rique du Sud, les produits agricoles comme le b\u0153uf peuvent \u00eatre produits \u00e0 moindre co\u00fbt qu\u2019en Europe.<\/p>\n<p>Afin de convaincre un nombre suffisant de gouvernements des \u00c9tats membres de soutenir l&rsquo;accord, de vastes m\u00e9canismes de protection suppl\u00e9mentaires pour les agriculteurs ont \u00e9t\u00e9 cr\u00e9\u00e9s ces derniers mois. En cas d&rsquo;augmentation n\u00e9faste des importations en provenance des pays du Mercosur ou de baisse excessive des prix pour les producteurs de l&rsquo;UE, des contre-mesures devraient pouvoir \u00eatre prises rapidement. Cela entra\u00eenerait une nouvelle suspension temporaire des avantages tarifaires.<\/p>\n<p>Outre l&rsquo;Uruguay et l&rsquo;Argentine, le Br\u00e9sil et le Paraguay font \u00e9galement partie de l&rsquo;accord. Ils pourront \u00e9galement b\u00e9n\u00e9ficier d\u2019une application provisoire une fois qu\u2019ils auront achev\u00e9 le processus de consentement national. (dpa)<\/p>\n","protected":false},"excerpt":{"rendered":"<p>L&rsquo;accord de libre-\u00e9change entre l&rsquo;UE et les \u00c9tats sud-am\u00e9ricains du Mercosur sera bient\u00f4t appliqu\u00e9, malgr\u00e9 un examen en cours par la Cour de justice de<\/p>\n","protected":false},"author":1,"featured_media":12822,"comment_status":"","ping_status":"","sticky":false,"template":"","format":"standard","meta":{"footnotes":""},"categories":[298],"tags":[1987,7438,3560,3364,3561,3058,282,3059,10120],"class_list":["post-12821","post","type-post","status-publish","format-standard","has-post-thumbnail","hentry","category-belgique","tag-annonce","tag-approbation","tag-commission","tag-critique","tag-europeenne","tag-laccord","tag-lapplication","tag-mercosur","tag-provisoire","generate-columns","tablet-grid-50","mobile-grid-100","grid-parent","grid-33"],"yoast_head":"<!-- This site is optimized with the Yoast SEO plugin v24.0 - https:\/\/yoast.com\/wordpress\/plugins\/seo\/ -->\n<title>La Commission europ\u00e9enne annonce l\u2019application provisoire de l\u2019accord du Mercosur \u2013 approbation et critique | Vie Associative<\/title>\n<meta name=\"robots\" content=\"index, follow, max-snippet:-1, max-image-preview:large, max-video-preview:-1\" \/>\n<link rel=\"canonical\" href=\"https:\/\/vieassociative.be\/actualites\/la-commission-europeenne-annonce-lapplication-provisoire-de-laccord-du-mercosur-approbation-et-critique\/\" \/>\n<meta property=\"og:locale\" content=\"fr_FR\" \/>\n<meta property=\"og:type\" content=\"article\" \/>\n<meta property=\"og:title\" content=\"La Commission europ\u00e9enne annonce l\u2019application provisoire de l\u2019accord du Mercosur \u2013 approbation et critique | Vie Associative\" \/>\n<meta property=\"og:description\" content=\"L&rsquo;accord de libre-\u00e9change entre l&rsquo;UE et les \u00c9tats sud-am\u00e9ricains du Mercosur sera bient\u00f4t appliqu\u00e9, malgr\u00e9 un examen en cours par la Cour de justice de\" \/>\n<meta property=\"og:url\" content=\"https:\/\/vieassociative.be\/actualites\/la-commission-europeenne-annonce-lapplication-provisoire-de-laccord-du-mercosur-approbation-et-critique\/\" \/>\n<meta property=\"og:site_name\" content=\"Vie Associative\" \/>\n<meta property=\"article:published_time\" content=\"2026-02-27T16:17:50+00:00\" \/>\n<meta property=\"og:image\" content=\"https:\/\/vieassociative.be\/actualites\/wp-content\/uploads\/2024\/09\/header_backgroundk-01-e1726694325946.png\" \/>\n\t<meta property=\"og:image:width\" content=\"279\" \/>\n\t<meta property=\"og:image:height\" content=\"92\" \/>\n\t<meta property=\"og:image:type\" content=\"image\/png\" \/>\n<meta name=\"author\" content=\"Julien\" \/>\n<meta name=\"twitter:card\" content=\"summary_large_image\" \/>\n<meta name=\"twitter:label1\" content=\"\u00c9crit par\" \/>\n\t<meta name=\"twitter:data1\" content=\"Julien\" \/>\n\t<meta name=\"twitter:label2\" content=\"Dur\u00e9e de lecture est.\" \/>\n\t<meta name=\"twitter:data2\" content=\"4 minutes\" \/>\n<script type=\"application\/ld+json\" class=\"yoast-schema-graph\">{\"@context\":\"https:\/\/schema.org\",\"@graph\":[{\"@type\":\"Article\",\"@id\":\"https:\/\/vieassociative.be\/actualites\/la-commission-europeenne-annonce-lapplication-provisoire-de-laccord-du-mercosur-approbation-et-critique\/#article\",\"isPartOf\":{\"@id\":\"https:\/\/vieassociative.be\/actualites\/la-commission-europeenne-annonce-lapplication-provisoire-de-laccord-du-mercosur-approbation-et-critique\/\"},\"author\":{\"name\":\"Julien\",\"@id\":\"https:\/\/vieassociative.be\/actualites\/#\/schema\/person\/b87ac4f82f9d4e7b7cec7395b679edc4\"},\"headline\":\"La Commission europ\u00e9enne annonce l\u2019application provisoire de l\u2019accord du Mercosur \u2013 approbation et critique\",\"datePublished\":\"2026-02-27T16:17:50+00:00\",\"dateModified\":\"2026-02-27T16:17:50+00:00\",\"mainEntityOfPage\":{\"@id\":\"https:\/\/vieassociative.be\/actualites\/la-commission-europeenne-annonce-lapplication-provisoire-de-laccord-du-mercosur-approbation-et-critique\/\"},\"wordCount\":896,\"publisher\":{\"@id\":\"https:\/\/vieassociative.be\/actualites\/#organization\"},\"image\":{\"@id\":\"https:\/\/vieassociative.be\/actualites\/la-commission-europeenne-annonce-lapplication-provisoire-de-laccord-du-mercosur-approbation-et-critique\/#primaryimage\"},\"thumbnailUrl\":\"https:\/\/vieassociative.be\/actualites\/wp-content\/uploads\/2026\/02\/1772209071_La-Commission-europeenne-annonce-lapplication-provisoire-de-laccord-du-Mercosur.jpg\",\"keywords\":[\"annonce\",\"approbation\",\"Commission\",\"critique\",\"europ\u00e9enne\",\"Laccord\",\"lapplication\",\"Mercosur\",\"provisoire\"],\"articleSection\":[\"Belgique\"],\"inLanguage\":\"fr-BE\"},{\"@type\":\"WebPage\",\"@id\":\"https:\/\/vieassociative.be\/actualites\/la-commission-europeenne-annonce-lapplication-provisoire-de-laccord-du-mercosur-approbation-et-critique\/\",\"url\":\"https:\/\/vieassociative.be\/actualites\/la-commission-europeenne-annonce-lapplication-provisoire-de-laccord-du-mercosur-approbation-et-critique\/\",\"name\":\"La Commission europ\u00e9enne annonce l\u2019application provisoire de l\u2019accord du Mercosur \u2013 approbation et critique | Vie Associative\",\"isPartOf\":{\"@id\":\"https:\/\/vieassociative.be\/actualites\/#website\"},\"primaryImageOfPage\":{\"@id\":\"https:\/\/vieassociative.be\/actualites\/la-commission-europeenne-annonce-lapplication-provisoire-de-laccord-du-mercosur-approbation-et-critique\/#primaryimage\"},\"image\":{\"@id\":\"https:\/\/vieassociative.be\/actualites\/la-commission-europeenne-annonce-lapplication-provisoire-de-laccord-du-mercosur-approbation-et-critique\/#primaryimage\"},\"thumbnailUrl\":\"https:\/\/vieassociative.be\/actualites\/wp-content\/uploads\/2026\/02\/1772209071_La-Commission-europeenne-annonce-lapplication-provisoire-de-laccord-du-Mercosur.jpg\",\"datePublished\":\"2026-02-27T16:17:50+00:00\",\"dateModified\":\"2026-02-27T16:17:50+00:00\",\"breadcrumb\":{\"@id\":\"https:\/\/vieassociative.be\/actualites\/la-commission-europeenne-annonce-lapplication-provisoire-de-laccord-du-mercosur-approbation-et-critique\/#breadcrumb\"},\"inLanguage\":\"fr-BE\",\"potentialAction\":[{\"@type\":\"ReadAction\",\"target\":[\"https:\/\/vieassociative.be\/actualites\/la-commission-europeenne-annonce-lapplication-provisoire-de-laccord-du-mercosur-approbation-et-critique\/\"]}]},{\"@type\":\"ImageObject\",\"inLanguage\":\"fr-BE\",\"@id\":\"https:\/\/vieassociative.be\/actualites\/la-commission-europeenne-annonce-lapplication-provisoire-de-laccord-du-mercosur-approbation-et-critique\/#primaryimage\",\"url\":\"https:\/\/vieassociative.be\/actualites\/wp-content\/uploads\/2026\/02\/1772209071_La-Commission-europeenne-annonce-lapplication-provisoire-de-laccord-du-Mercosur.jpg\",\"contentUrl\":\"https:\/\/vieassociative.be\/actualites\/wp-content\/uploads\/2026\/02\/1772209071_La-Commission-europeenne-annonce-lapplication-provisoire-de-laccord-du-Mercosur.jpg\",\"width\":1200,\"height\":800,\"caption\":\"La Commission europ\u00e9enne annonce l\u2019application provisoire de l\u2019accord du Mercosur \u2013 approbation et critique\"},{\"@type\":\"BreadcrumbList\",\"@id\":\"https:\/\/vieassociative.be\/actualites\/la-commission-europeenne-annonce-lapplication-provisoire-de-laccord-du-mercosur-approbation-et-critique\/#breadcrumb\",\"itemListElement\":[{\"@type\":\"ListItem\",\"position\":1,\"name\":\"Accueil\",\"item\":\"https:\/\/vieassociative.be\/actualites\/\"},{\"@type\":\"ListItem\",\"position\":2,\"name\":\"La Commission europ\u00e9enne annonce l\u2019application provisoire de l\u2019accord du Mercosur \u2013 approbation et critique\"}]},{\"@type\":\"WebSite\",\"@id\":\"https:\/\/vieassociative.be\/actualites\/#website\",\"url\":\"https:\/\/vieassociative.be\/actualites\/\",\"name\":\"Vie Associative\",\"description\":\"\",\"publisher\":{\"@id\":\"https:\/\/vieassociative.be\/actualites\/#organization\"},\"potentialAction\":[{\"@type\":\"SearchAction\",\"target\":{\"@type\":\"EntryPoint\",\"urlTemplate\":\"https:\/\/vieassociative.be\/actualites\/?s={search_term_string}\"},\"query-input\":{\"@type\":\"PropertyValueSpecification\",\"valueRequired\":true,\"valueName\":\"search_term_string\"}}],\"inLanguage\":\"fr-BE\"},{\"@type\":\"Organization\",\"@id\":\"https:\/\/vieassociative.be\/actualites\/#organization\",\"name\":\"Vie Associative\",\"url\":\"https:\/\/vieassociative.be\/actualites\/\",\"logo\":{\"@type\":\"ImageObject\",\"inLanguage\":\"fr-BE\",\"@id\":\"https:\/\/vieassociative.be\/actualites\/#\/schema\/logo\/image\/\",\"url\":\"https:\/\/vieassociative.be\/actualites\/wp-content\/uploads\/2024\/09\/cropped-vieassociative_favicon.ico.png\",\"contentUrl\":\"https:\/\/vieassociative.be\/actualites\/wp-content\/uploads\/2024\/09\/cropped-vieassociative_favicon.ico.png\",\"width\":512,\"height\":512,\"caption\":\"Vie Associative\"},\"image\":{\"@id\":\"https:\/\/vieassociative.be\/actualites\/#\/schema\/logo\/image\/\"}},{\"@type\":\"Person\",\"@id\":\"https:\/\/vieassociative.be\/actualites\/#\/schema\/person\/b87ac4f82f9d4e7b7cec7395b679edc4\",\"name\":\"Julien\",\"image\":{\"@type\":\"ImageObject\",\"inLanguage\":\"fr-BE\",\"@id\":\"https:\/\/vieassociative.be\/actualites\/#\/schema\/person\/image\/\",\"url\":\"https:\/\/vieassociative.be\/actualites\/wp-content\/uploads\/2024\/09\/vie-associative-1-150x150.jpg\",\"contentUrl\":\"https:\/\/vieassociative.be\/actualites\/wp-content\/uploads\/2024\/09\/vie-associative-1-150x150.jpg\",\"caption\":\"Julien\"},\"description\":\"Je suis Julien, r\u00e9dacteur pour Vie Associative. Passionn\u00e9 par le monde associatif depuis plus de 10 ans, j'ai \u00e0 c\u0153ur de partager des histoires inspirantes et de mettre en lumi\u00e8re les initiatives locales. Mon objectif est de sensibiliser et d'encourager l'engagement communautaire \u00e0 travers mes articles.\",\"sameAs\":[\"https:\/\/vieassociative.be\/\"]}]}<\/script>\n<!-- \/ Yoast SEO plugin. -->","yoast_head_json":{"title":"La Commission europ\u00e9enne annonce l\u2019application provisoire de l\u2019accord du Mercosur \u2013 approbation et critique | Vie Associative","robots":{"index":"index","follow":"follow","max-snippet":"max-snippet:-1","max-image-preview":"max-image-preview:large","max-video-preview":"max-video-preview:-1"},"canonical":"https:\/\/vieassociative.be\/actualites\/la-commission-europeenne-annonce-lapplication-provisoire-de-laccord-du-mercosur-approbation-et-critique\/","og_locale":"fr_FR","og_type":"article","og_title":"La Commission europ\u00e9enne annonce l\u2019application provisoire de l\u2019accord du Mercosur \u2013 approbation et critique | Vie Associative","og_description":"L&rsquo;accord de libre-\u00e9change entre l&rsquo;UE et les \u00c9tats sud-am\u00e9ricains du Mercosur sera bient\u00f4t appliqu\u00e9, malgr\u00e9 un examen en cours par la Cour de justice de","og_url":"https:\/\/vieassociative.be\/actualites\/la-commission-europeenne-annonce-lapplication-provisoire-de-laccord-du-mercosur-approbation-et-critique\/","og_site_name":"Vie Associative","article_published_time":"2026-02-27T16:17:50+00:00","og_image":[{"width":279,"height":92,"url":"https:\/\/vieassociative.be\/actualites\/wp-content\/uploads\/2024\/09\/header_backgroundk-01-e1726694325946.png","type":"image\/png"}],"author":"Julien","twitter_card":"summary_large_image","twitter_misc":{"\u00c9crit par":"Julien","Dur\u00e9e de lecture est.":"4 minutes"},"schema":{"@context":"https:\/\/schema.org","@graph":[{"@type":"Article","@id":"https:\/\/vieassociative.be\/actualites\/la-commission-europeenne-annonce-lapplication-provisoire-de-laccord-du-mercosur-approbation-et-critique\/#article","isPartOf":{"@id":"https:\/\/vieassociative.be\/actualites\/la-commission-europeenne-annonce-lapplication-provisoire-de-laccord-du-mercosur-approbation-et-critique\/"},"author":{"name":"Julien","@id":"https:\/\/vieassociative.be\/actualites\/#\/schema\/person\/b87ac4f82f9d4e7b7cec7395b679edc4"},"headline":"La Commission europ\u00e9enne annonce l\u2019application provisoire de l\u2019accord du Mercosur \u2013 approbation et critique","datePublished":"2026-02-27T16:17:50+00:00","dateModified":"2026-02-27T16:17:50+00:00","mainEntityOfPage":{"@id":"https:\/\/vieassociative.be\/actualites\/la-commission-europeenne-annonce-lapplication-provisoire-de-laccord-du-mercosur-approbation-et-critique\/"},"wordCount":896,"publisher":{"@id":"https:\/\/vieassociative.be\/actualites\/#organization"},"image":{"@id":"https:\/\/vieassociative.be\/actualites\/la-commission-europeenne-annonce-lapplication-provisoire-de-laccord-du-mercosur-approbation-et-critique\/#primaryimage"},"thumbnailUrl":"https:\/\/vieassociative.be\/actualites\/wp-content\/uploads\/2026\/02\/1772209071_La-Commission-europeenne-annonce-lapplication-provisoire-de-laccord-du-Mercosur.jpg","keywords":["annonce","approbation","Commission","critique","europ\u00e9enne","Laccord","lapplication","Mercosur","provisoire"],"articleSection":["Belgique"],"inLanguage":"fr-BE"},{"@type":"WebPage","@id":"https:\/\/vieassociative.be\/actualites\/la-commission-europeenne-annonce-lapplication-provisoire-de-laccord-du-mercosur-approbation-et-critique\/","url":"https:\/\/vieassociative.be\/actualites\/la-commission-europeenne-annonce-lapplication-provisoire-de-laccord-du-mercosur-approbation-et-critique\/","name":"La Commission europ\u00e9enne annonce l\u2019application provisoire de l\u2019accord du Mercosur \u2013 approbation et critique | Vie Associative","isPartOf":{"@id":"https:\/\/vieassociative.be\/actualites\/#website"},"primaryImageOfPage":{"@id":"https:\/\/vieassociative.be\/actualites\/la-commission-europeenne-annonce-lapplication-provisoire-de-laccord-du-mercosur-approbation-et-critique\/#primaryimage"},"image":{"@id":"https:\/\/vieassociative.be\/actualites\/la-commission-europeenne-annonce-lapplication-provisoire-de-laccord-du-mercosur-approbation-et-critique\/#primaryimage"},"thumbnailUrl":"https:\/\/vieassociative.be\/actualites\/wp-content\/uploads\/2026\/02\/1772209071_La-Commission-europeenne-annonce-lapplication-provisoire-de-laccord-du-Mercosur.jpg","datePublished":"2026-02-27T16:17:50+00:00","dateModified":"2026-02-27T16:17:50+00:00","breadcrumb":{"@id":"https:\/\/vieassociative.be\/actualites\/la-commission-europeenne-annonce-lapplication-provisoire-de-laccord-du-mercosur-approbation-et-critique\/#breadcrumb"},"inLanguage":"fr-BE","potentialAction":[{"@type":"ReadAction","target":["https:\/\/vieassociative.be\/actualites\/la-commission-europeenne-annonce-lapplication-provisoire-de-laccord-du-mercosur-approbation-et-critique\/"]}]},{"@type":"ImageObject","inLanguage":"fr-BE","@id":"https:\/\/vieassociative.be\/actualites\/la-commission-europeenne-annonce-lapplication-provisoire-de-laccord-du-mercosur-approbation-et-critique\/#primaryimage","url":"https:\/\/vieassociative.be\/actualites\/wp-content\/uploads\/2026\/02\/1772209071_La-Commission-europeenne-annonce-lapplication-provisoire-de-laccord-du-Mercosur.jpg","contentUrl":"https:\/\/vieassociative.be\/actualites\/wp-content\/uploads\/2026\/02\/1772209071_La-Commission-europeenne-annonce-lapplication-provisoire-de-laccord-du-Mercosur.jpg","width":1200,"height":800,"caption":"La Commission europ\u00e9enne annonce l\u2019application provisoire de l\u2019accord du Mercosur \u2013 approbation et critique"},{"@type":"BreadcrumbList","@id":"https:\/\/vieassociative.be\/actualites\/la-commission-europeenne-annonce-lapplication-provisoire-de-laccord-du-mercosur-approbation-et-critique\/#breadcrumb","itemListElement":[{"@type":"ListItem","position":1,"name":"Accueil","item":"https:\/\/vieassociative.be\/actualites\/"},{"@type":"ListItem","position":2,"name":"La Commission europ\u00e9enne annonce l\u2019application provisoire de l\u2019accord du Mercosur \u2013 approbation et critique"}]},{"@type":"WebSite","@id":"https:\/\/vieassociative.be\/actualites\/#website","url":"https:\/\/vieassociative.be\/actualites\/","name":"Vie Associative","description":"","publisher":{"@id":"https:\/\/vieassociative.be\/actualites\/#organization"},"potentialAction":[{"@type":"SearchAction","target":{"@type":"EntryPoint","urlTemplate":"https:\/\/vieassociative.be\/actualites\/?s={search_term_string}"},"query-input":{"@type":"PropertyValueSpecification","valueRequired":true,"valueName":"search_term_string"}}],"inLanguage":"fr-BE"},{"@type":"Organization","@id":"https:\/\/vieassociative.be\/actualites\/#organization","name":"Vie Associative","url":"https:\/\/vieassociative.be\/actualites\/","logo":{"@type":"ImageObject","inLanguage":"fr-BE","@id":"https:\/\/vieassociative.be\/actualites\/#\/schema\/logo\/image\/","url":"https:\/\/vieassociative.be\/actualites\/wp-content\/uploads\/2024\/09\/cropped-vieassociative_favicon.ico.png","contentUrl":"https:\/\/vieassociative.be\/actualites\/wp-content\/uploads\/2024\/09\/cropped-vieassociative_favicon.ico.png","width":512,"height":512,"caption":"Vie Associative"},"image":{"@id":"https:\/\/vieassociative.be\/actualites\/#\/schema\/logo\/image\/"}},{"@type":"Person","@id":"https:\/\/vieassociative.be\/actualites\/#\/schema\/person\/b87ac4f82f9d4e7b7cec7395b679edc4","name":"Julien","image":{"@type":"ImageObject","inLanguage":"fr-BE","@id":"https:\/\/vieassociative.be\/actualites\/#\/schema\/person\/image\/","url":"https:\/\/vieassociative.be\/actualites\/wp-content\/uploads\/2024\/09\/vie-associative-1-150x150.jpg","contentUrl":"https:\/\/vieassociative.be\/actualites\/wp-content\/uploads\/2024\/09\/vie-associative-1-150x150.jpg","caption":"Julien"},"description":"Je suis Julien, r\u00e9dacteur pour Vie Associative. Passionn\u00e9 par le monde associatif depuis plus de 10 ans, j'ai \u00e0 c\u0153ur de partager des histoires inspirantes et de mettre en lumi\u00e8re les initiatives locales. Mon objectif est de sensibiliser et d'encourager l'engagement communautaire \u00e0 travers mes articles.","sameAs":["https:\/\/vieassociative.be\/"]}]}},"_links":{"self":[{"href":"https:\/\/vieassociative.be\/actualites\/wp-json\/wp\/v2\/posts\/12821"}],"collection":[{"href":"https:\/\/vieassociative.be\/actualites\/wp-json\/wp\/v2\/posts"}],"about":[{"href":"https:\/\/vieassociative.be\/actualites\/wp-json\/wp\/v2\/types\/post"}],"author":[{"embeddable":true,"href":"https:\/\/vieassociative.be\/actualites\/wp-json\/wp\/v2\/users\/1"}],"replies":[{"embeddable":true,"href":"https:\/\/vieassociative.be\/actualites\/wp-json\/wp\/v2\/comments?post=12821"}],"version-history":[{"count":0,"href":"https:\/\/vieassociative.be\/actualites\/wp-json\/wp\/v2\/posts\/12821\/revisions"}],"wp:featuredmedia":[{"embeddable":true,"href":"https:\/\/vieassociative.be\/actualites\/wp-json\/wp\/v2\/media\/12822"}],"wp:attachment":[{"href":"https:\/\/vieassociative.be\/actualites\/wp-json\/wp\/v2\/media?parent=12821"}],"wp:term":[{"taxonomy":"category","embeddable":true,"href":"https:\/\/vieassociative.be\/actualites\/wp-json\/wp\/v2\/categories?post=12821"},{"taxonomy":"post_tag","embeddable":true,"href":"https:\/\/vieassociative.be\/actualites\/wp-json\/wp\/v2\/tags?post=12821"}],"curies":[{"name":"wp","href":"https:\/\/api.w.org\/{rel}","templated":true}]}}