{"id":12817,"date":"2026-02-27T11:17:52","date_gmt":"2026-02-27T10:17:52","guid":{"rendered":"https:\/\/vieassociative.be\/actualites\/patrick-spies-ps-reclame-des-cours-de-chasse-obligatoires-si-on-veut-chasser-il-faut-etre-bien-entraine\/"},"modified":"2026-02-27T11:17:52","modified_gmt":"2026-02-27T10:17:52","slug":"patrick-spies-ps-reclame-des-cours-de-chasse-obligatoires-si-on-veut-chasser-il-faut-etre-bien-entraine","status":"publish","type":"post","link":"https:\/\/vieassociative.be\/actualites\/patrick-spies-ps-reclame-des-cours-de-chasse-obligatoires-si-on-veut-chasser-il-faut-etre-bien-entraine\/","title":{"rendered":"Patrick Spies (PS) r\u00e9clame des cours de chasse obligatoires : \u00ab Si on veut chasser, il faut \u00eatre bien entra\u00een\u00e9 \u00bb"},"content":{"rendered":"<p><strong>Le nombre de candidats au permis de chasse wallon augmente sensiblement. Pour le repr\u00e9sentant r\u00e9gional de l&rsquo;Est de la Belgique, Patrick Spies (PS), cette \u00e9volution est positive, mais elle entra\u00eene \u00e9galement des exigences accrues en mati\u00e8re de qualit\u00e9 et de s\u00e9curit\u00e9.<\/strong><\/p>\n<p><span id=\"more-437234\"><\/span>Au sein de la commission de l&rsquo;agriculture, des for\u00eats et de la chasse du Parlement wallon, Spies a interrog\u00e9 la ministre de tutelle, Anne-Catherine Dalcq (MR), sur l&rsquo;organisation de l&rsquo;examen du permis de chasser. Il a \u00e9t\u00e9 clair : les cours pr\u00e9paratoires devraient \u00eatre obligatoires ; en particulier une instruction pratique sur le maniement s\u00fbr des armes.<\/p>\n<p><strong>\u2013 Beaucoup plus de candidats :<\/strong> Comme le montre la r\u00e9ponse du Ministre, le nombre de permis de chasser valables en Wallonie n&rsquo;a cess\u00e9 d&rsquo;augmenter au cours des derni\u00e8res d\u00e9cennies : de 16.167 en 1993 \u00e0 20.148 en 2025.<\/p>\n<p>Alors que le nombre d&rsquo;inscriptions aux examens a longtemps \u00e9t\u00e9 compris entre 600 et 800 par an, on constate une augmentation significative depuis 2024\u00a0: 1\u00a0029 inscriptions en 2024, 1\u00a0273 en 2025 et 1\u00a0428 candidats pour 2026.<\/p>\n<div id=\"attachment_437244\" class=\"wp-caption alignleft\" style=\"max-width: 300px\"><img fetchpriority=\"high\" decoding=\"async\" class=\"wp-image-437244 size-medium\" src=\"https:\/\/vieassociative.be\/actualites\/wp-content\/uploads\/2026\/02\/Patrick-Spies-PS-reclame-des-cours-de-chasse-obligatoires.jpg\" alt=\"\" width=\"300\" height=\"200\"  ><\/div>\n<p>Cette forte augmentation est due, entre autres, au fait que la R\u00e9gion wallonne a supprim\u00e9 la reconnaissance du permis de chasse fran\u00e7ais. De nombreux candidats avaient auparavant profit\u00e9 de cette opportunit\u00e9 car il \u00e9tait plus facile d&rsquo;obtenir un permis de chasse en France et pouvait ainsi contourner le syst\u00e8me d&rsquo;examen belge.<\/p>\n<p>Le nombre d\u00e9sormais croissant d\u2019inscriptions aux examens directs en Wallonie entra\u00eene des d\u00e9fis organisationnels suppl\u00e9mentaires. En 2025, 978 personnes ont pass\u00e9 l\u2019examen th\u00e9orique, dont 711 l\u2019ont r\u00e9ussi. Dans le m\u00eame temps, le taux d&rsquo;absent\u00e9isme \u00e9tait d&rsquo;environ 30 pour cent au premier tour et m\u00eame de 57 pour cent au deuxi\u00e8me tour d&rsquo;examens. Le ministre a annonc\u00e9 que le mod\u00e8le d&rsquo;examen existant serait revu et modernis\u00e9.<\/p>\n<p>Dans ce contexte, Patrick Spies s&rsquo;est prononc\u00e9 en faveur d&rsquo;une contribution financi\u00e8re mod\u00e9r\u00e9e de la part des candidats : \u00ab\u00a0L&rsquo;organisation de l&rsquo;examen n\u00e9cessite un effort administratif et logistique consid\u00e9rable. Une contribution symbolique de 15 euros par exemple pourrait contribuer \u00e0 r\u00e9duire consid\u00e9rablement le nombre \u00e9lev\u00e9 d&rsquo;absences.\u00a0\u00bb<\/p>\n<p><strong>\u2013 Cours de chasse obligatoires comme gage central de qualit\u00e9 :<\/strong> Mais l&rsquo;intervention de Patrick Spies s&rsquo;est concentr\u00e9e sur une autre revendication : les cours de chasse devraient d\u00e9sormais \u00eatre obligatoires pour pouvoir m\u00eame passer l&rsquo;examen.<\/p>\n<p>M\u00eame si des associations et associations proposent des cours pr\u00e9paratoires de qualit\u00e9 en Wallonie, ceux-ci \u00e9taient jusqu&rsquo;\u00e0 pr\u00e9sent volontaires. Les chiffres montrent que les participants \u00e0 ces cours obtiennent des taux de r\u00e9ussite nettement meilleurs. Par ailleurs, une pr\u00e9paration obligatoire ne serait pas une option particuli\u00e8re, car une formation compl\u00e8te est d\u00e9j\u00e0 une condition pr\u00e9alable \u00e0 l&rsquo;admission \u00e0 l&rsquo;examen de chasse au Luxembourg et en Allemagne.<\/p>\n<p>Pour Spies, c\u2019est clair : \u00ab Quiconque souhaite acqu\u00e9rir un permis de chasse et pouvoir ensuite poss\u00e9der des armes et des munitions doit suivre une formation obligatoire et bien fond\u00e9e. \u00bb<\/p>\n<div id=\"attachment_426546\" class=\"wp-caption alignleft\" style=\"max-width: 300px\"><img decoding=\"async\" class=\"wp-image-426546 size-medium\" src=\"https:\/\/vieassociative.be\/actualites\/wp-content\/uploads\/2025\/10\/Le-depute-regional-de-lEst-de-la-Belgique-Patrick-Spies.jpg\" alt=\"\" width=\"300\" height=\"200\"  ><\/div>\n<p>Les cours pratiques sont particuli\u00e8rement indispensables : \u00ab\u00a0Le cours pratique porte sur le maniement en toute s\u00e9curit\u00e9 des armes tranchantes. Le permis de chasse donne non seulement le droit de chasser, mais aussi de poss\u00e9der des fusils et des munitions. Cette partie de la formation ne doit donc en aucun cas \u00eatre volontaire.\u00a0\u00bb<\/p>\n<p>Selon le d\u00e9put\u00e9 de l&rsquo;Est de la Belgique, les cours apportent bien plus que de simples connaissances li\u00e9es aux examens. Ils constituent le fondement d\u2019une chasse responsable et v\u00e9hiculent des contenus essentiels sur la s\u00e9curit\u00e9, l\u2019\u00e9thique, la connaissance de la faune, la conservation de la nature et la chasse.<\/p>\n<p>Spies plaide donc non seulement pour que les cours soient obligatoires, mais aussi pour un soutien cibl\u00e9 des prestataires par la R\u00e9gion wallonne : \u00ab Si nous exigeons de la qualit\u00e9, nous devons bien s\u00fbr aussi renforcer les organisations qui fournissent souvent cette qualit\u00e9 sur une base purement volontaire. \u00bb Il a annonc\u00e9 qu&rsquo;il souhaiterait rediscuter de cette question avec le ministre au Parlement dans les plus brefs d\u00e9lais.<\/p>\n<p><strong>\u2013 Le permis de chasse comme ticket d\u2019entr\u00e9e, l\u2019apprentissage ne s\u2019arr\u00eate jamais : <\/strong>Spies a \u00e9galement soulign\u00e9 la valeur fondamentale de la chasse dans l&rsquo;Est de la Belgique et dans toute la Wallonie : \u00ab\u00a0La chasse est profond\u00e9ment enracin\u00e9e dans notre r\u00e9gion. C&rsquo;est une passion, une tradition et une responsabilit\u00e9 v\u00e9cue envers la nature et le gibier.\u00a0\u00bb<\/p>\n<p>En m\u00eame temps, il pr\u00e9cise : \u00ab Le permis de chasse est le ticket d&rsquo;entr\u00e9e pour chasser, mais il ne fait pas de vous un chasseur. Vous devenez un chasseur par l&rsquo;attitude, l&rsquo;\u00e9thique, l&rsquo;exp\u00e9rience et un processus d&rsquo;apprentissage constant. En chasse, vous ne cessez jamais d&rsquo;apprendre. La qualit\u00e9 passe avant la quantit\u00e9.<\/p>\n<p>Enfin, Patrick Spies a soulign\u00e9 : \u00ab\u00a0Il est positif que de plus en plus de gens s&rsquo;int\u00e9ressent \u00e0 la chasse. Mais \u00e0 mesure que le nombre augmente, les exigences en mati\u00e8re de qualit\u00e9 et de s\u00e9curit\u00e9 augmentent \u00e9galement. Quiconque veut chasser doit avoir une bonne formation. Pour moi, les cours de chasse obligatoires sont l&rsquo;\u00e9tape logique et n\u00e9cessaire pour assurer \u00e0 long terme un niveau \u00e9lev\u00e9 en Wallonie.\u00a0\u00bb<\/p>\n","protected":false},"excerpt":{"rendered":"<p>Le nombre de candidats au permis de chasse wallon augmente sensiblement. Pour le repr\u00e9sentant r\u00e9gional de l&rsquo;Est de la Belgique, Patrick Spies (PS), cette \u00e9volution<\/p>\n","protected":false},"author":1,"featured_media":12818,"comment_status":"","ping_status":"","sticky":false,"template":"","format":"standard","meta":{"footnotes":""},"categories":[298],"tags":[254,6568,10117,335,29,10118,23,2548,6960,3954,3495,5919,2635],"class_list":["post-12817","post","type-post","status-publish","format-standard","has-post-thumbnail","hentry","category-belgique","tag-bien","tag-chasse","tag-chasser","tag-cours","tag-des","tag-entraine","tag-etre","tag-faut","tag-obligatoires","tag-patrick","tag-reclame","tag-spies","tag-veut","generate-columns","tablet-grid-50","mobile-grid-100","grid-parent","grid-33"],"yoast_head":"<!-- This site is optimized with the Yoast SEO plugin v24.0 - https:\/\/yoast.com\/wordpress\/plugins\/seo\/ -->\n<title>Patrick Spies (PS) r\u00e9clame des cours de chasse obligatoires : \u00ab Si on veut chasser, il faut \u00eatre bien entra\u00een\u00e9 \u00bb | Vie Associative<\/title>\n<meta name=\"robots\" content=\"index, follow, max-snippet:-1, max-image-preview:large, max-video-preview:-1\" \/>\n<link rel=\"canonical\" href=\"https:\/\/vieassociative.be\/actualites\/patrick-spies-ps-reclame-des-cours-de-chasse-obligatoires-si-on-veut-chasser-il-faut-etre-bien-entraine\/\" \/>\n<meta property=\"og:locale\" content=\"fr_FR\" \/>\n<meta property=\"og:type\" content=\"article\" \/>\n<meta property=\"og:title\" content=\"Patrick Spies (PS) r\u00e9clame des cours de chasse obligatoires : \u00ab Si on veut chasser, il faut \u00eatre bien entra\u00een\u00e9 \u00bb | Vie Associative\" \/>\n<meta property=\"og:description\" content=\"Le nombre de candidats au permis de chasse wallon augmente sensiblement. Pour le repr\u00e9sentant r\u00e9gional de l&rsquo;Est de la Belgique, Patrick Spies (PS), cette \u00e9volution\" \/>\n<meta property=\"og:url\" content=\"https:\/\/vieassociative.be\/actualites\/patrick-spies-ps-reclame-des-cours-de-chasse-obligatoires-si-on-veut-chasser-il-faut-etre-bien-entraine\/\" \/>\n<meta property=\"og:site_name\" content=\"Vie Associative\" \/>\n<meta property=\"article:published_time\" content=\"2026-02-27T10:17:52+00:00\" \/>\n<meta property=\"og:image\" content=\"https:\/\/vieassociative.be\/actualites\/wp-content\/uploads\/2024\/09\/header_backgroundk-01-e1726694325946.png\" \/>\n\t<meta property=\"og:image:width\" content=\"279\" \/>\n\t<meta property=\"og:image:height\" content=\"92\" \/>\n\t<meta property=\"og:image:type\" content=\"image\/png\" \/>\n<meta name=\"author\" content=\"Julien\" \/>\n<meta name=\"twitter:card\" content=\"summary_large_image\" \/>\n<meta name=\"twitter:label1\" content=\"\u00c9crit par\" \/>\n\t<meta name=\"twitter:data1\" content=\"Julien\" \/>\n\t<meta name=\"twitter:label2\" content=\"Dur\u00e9e de lecture est.\" \/>\n\t<meta name=\"twitter:data2\" content=\"4 minutes\" \/>\n<script type=\"application\/ld+json\" class=\"yoast-schema-graph\">{\"@context\":\"https:\/\/schema.org\",\"@graph\":[{\"@type\":\"Article\",\"@id\":\"https:\/\/vieassociative.be\/actualites\/patrick-spies-ps-reclame-des-cours-de-chasse-obligatoires-si-on-veut-chasser-il-faut-etre-bien-entraine\/#article\",\"isPartOf\":{\"@id\":\"https:\/\/vieassociative.be\/actualites\/patrick-spies-ps-reclame-des-cours-de-chasse-obligatoires-si-on-veut-chasser-il-faut-etre-bien-entraine\/\"},\"author\":{\"name\":\"Julien\",\"@id\":\"https:\/\/vieassociative.be\/actualites\/#\/schema\/person\/b87ac4f82f9d4e7b7cec7395b679edc4\"},\"headline\":\"Patrick Spies (PS) r\u00e9clame des cours de chasse obligatoires : \u00ab Si on veut chasser, il faut \u00eatre bien entra\u00een\u00e9 \u00bb\",\"datePublished\":\"2026-02-27T10:17:52+00:00\",\"dateModified\":\"2026-02-27T10:17:52+00:00\",\"mainEntityOfPage\":{\"@id\":\"https:\/\/vieassociative.be\/actualites\/patrick-spies-ps-reclame-des-cours-de-chasse-obligatoires-si-on-veut-chasser-il-faut-etre-bien-entraine\/\"},\"wordCount\":902,\"publisher\":{\"@id\":\"https:\/\/vieassociative.be\/actualites\/#organization\"},\"image\":{\"@id\":\"https:\/\/vieassociative.be\/actualites\/patrick-spies-ps-reclame-des-cours-de-chasse-obligatoires-si-on-veut-chasser-il-faut-etre-bien-entraine\/#primaryimage\"},\"thumbnailUrl\":\"https:\/\/vieassociative.be\/actualites\/wp-content\/uploads\/2026\/02\/Patrick-Spies-PS-reclame-des-cours-de-chasse-obligatoires.jpeg\",\"keywords\":[\"bien\",\"chasse\",\"chasser\",\"cours\",\"Des\",\"entra\u00een\u00e9\",\"\u00eatre\",\"faut\",\"obligatoires\",\"Patrick\",\"r\u00e9clame\",\"Spies\",\"veut\"],\"articleSection\":[\"Belgique\"],\"inLanguage\":\"fr-BE\"},{\"@type\":\"WebPage\",\"@id\":\"https:\/\/vieassociative.be\/actualites\/patrick-spies-ps-reclame-des-cours-de-chasse-obligatoires-si-on-veut-chasser-il-faut-etre-bien-entraine\/\",\"url\":\"https:\/\/vieassociative.be\/actualites\/patrick-spies-ps-reclame-des-cours-de-chasse-obligatoires-si-on-veut-chasser-il-faut-etre-bien-entraine\/\",\"name\":\"Patrick Spies (PS) r\u00e9clame des cours de chasse obligatoires : \u00ab Si on veut chasser, il faut \u00eatre bien entra\u00een\u00e9 \u00bb | Vie Associative\",\"isPartOf\":{\"@id\":\"https:\/\/vieassociative.be\/actualites\/#website\"},\"primaryImageOfPage\":{\"@id\":\"https:\/\/vieassociative.be\/actualites\/patrick-spies-ps-reclame-des-cours-de-chasse-obligatoires-si-on-veut-chasser-il-faut-etre-bien-entraine\/#primaryimage\"},\"image\":{\"@id\":\"https:\/\/vieassociative.be\/actualites\/patrick-spies-ps-reclame-des-cours-de-chasse-obligatoires-si-on-veut-chasser-il-faut-etre-bien-entraine\/#primaryimage\"},\"thumbnailUrl\":\"https:\/\/vieassociative.be\/actualites\/wp-content\/uploads\/2026\/02\/Patrick-Spies-PS-reclame-des-cours-de-chasse-obligatoires.jpeg\",\"datePublished\":\"2026-02-27T10:17:52+00:00\",\"dateModified\":\"2026-02-27T10:17:52+00:00\",\"breadcrumb\":{\"@id\":\"https:\/\/vieassociative.be\/actualites\/patrick-spies-ps-reclame-des-cours-de-chasse-obligatoires-si-on-veut-chasser-il-faut-etre-bien-entraine\/#breadcrumb\"},\"inLanguage\":\"fr-BE\",\"potentialAction\":[{\"@type\":\"ReadAction\",\"target\":[\"https:\/\/vieassociative.be\/actualites\/patrick-spies-ps-reclame-des-cours-de-chasse-obligatoires-si-on-veut-chasser-il-faut-etre-bien-entraine\/\"]}]},{\"@type\":\"ImageObject\",\"inLanguage\":\"fr-BE\",\"@id\":\"https:\/\/vieassociative.be\/actualites\/patrick-spies-ps-reclame-des-cours-de-chasse-obligatoires-si-on-veut-chasser-il-faut-etre-bien-entraine\/#primaryimage\",\"url\":\"https:\/\/vieassociative.be\/actualites\/wp-content\/uploads\/2026\/02\/Patrick-Spies-PS-reclame-des-cours-de-chasse-obligatoires.jpeg\",\"contentUrl\":\"https:\/\/vieassociative.be\/actualites\/wp-content\/uploads\/2026\/02\/Patrick-Spies-PS-reclame-des-cours-de-chasse-obligatoires.jpeg\",\"width\":1000,\"height\":667,\"caption\":\"Patrick Spies (PS) r\u00e9clame des cours de chasse obligatoires : \u00ab Si on veut chasser, il faut \u00eatre bien entra\u00een\u00e9 \u00bb\"},{\"@type\":\"BreadcrumbList\",\"@id\":\"https:\/\/vieassociative.be\/actualites\/patrick-spies-ps-reclame-des-cours-de-chasse-obligatoires-si-on-veut-chasser-il-faut-etre-bien-entraine\/#breadcrumb\",\"itemListElement\":[{\"@type\":\"ListItem\",\"position\":1,\"name\":\"Accueil\",\"item\":\"https:\/\/vieassociative.be\/actualites\/\"},{\"@type\":\"ListItem\",\"position\":2,\"name\":\"Patrick Spies (PS) r\u00e9clame des cours de chasse obligatoires : \u00ab Si on veut chasser, il faut \u00eatre bien entra\u00een\u00e9 \u00bb\"}]},{\"@type\":\"WebSite\",\"@id\":\"https:\/\/vieassociative.be\/actualites\/#website\",\"url\":\"https:\/\/vieassociative.be\/actualites\/\",\"name\":\"Vie Associative\",\"description\":\"\",\"publisher\":{\"@id\":\"https:\/\/vieassociative.be\/actualites\/#organization\"},\"potentialAction\":[{\"@type\":\"SearchAction\",\"target\":{\"@type\":\"EntryPoint\",\"urlTemplate\":\"https:\/\/vieassociative.be\/actualites\/?s={search_term_string}\"},\"query-input\":{\"@type\":\"PropertyValueSpecification\",\"valueRequired\":true,\"valueName\":\"search_term_string\"}}],\"inLanguage\":\"fr-BE\"},{\"@type\":\"Organization\",\"@id\":\"https:\/\/vieassociative.be\/actualites\/#organization\",\"name\":\"Vie Associative\",\"url\":\"https:\/\/vieassociative.be\/actualites\/\",\"logo\":{\"@type\":\"ImageObject\",\"inLanguage\":\"fr-BE\",\"@id\":\"https:\/\/vieassociative.be\/actualites\/#\/schema\/logo\/image\/\",\"url\":\"https:\/\/vieassociative.be\/actualites\/wp-content\/uploads\/2024\/09\/cropped-vieassociative_favicon.ico.png\",\"contentUrl\":\"https:\/\/vieassociative.be\/actualites\/wp-content\/uploads\/2024\/09\/cropped-vieassociative_favicon.ico.png\",\"width\":512,\"height\":512,\"caption\":\"Vie Associative\"},\"image\":{\"@id\":\"https:\/\/vieassociative.be\/actualites\/#\/schema\/logo\/image\/\"}},{\"@type\":\"Person\",\"@id\":\"https:\/\/vieassociative.be\/actualites\/#\/schema\/person\/b87ac4f82f9d4e7b7cec7395b679edc4\",\"name\":\"Julien\",\"image\":{\"@type\":\"ImageObject\",\"inLanguage\":\"fr-BE\",\"@id\":\"https:\/\/vieassociative.be\/actualites\/#\/schema\/person\/image\/\",\"url\":\"https:\/\/vieassociative.be\/actualites\/wp-content\/uploads\/2024\/09\/vie-associative-1-150x150.jpg\",\"contentUrl\":\"https:\/\/vieassociative.be\/actualites\/wp-content\/uploads\/2024\/09\/vie-associative-1-150x150.jpg\",\"caption\":\"Julien\"},\"description\":\"Je suis Julien, r\u00e9dacteur pour Vie Associative. Passionn\u00e9 par le monde associatif depuis plus de 10 ans, j'ai \u00e0 c\u0153ur de partager des histoires inspirantes et de mettre en lumi\u00e8re les initiatives locales. Mon objectif est de sensibiliser et d'encourager l'engagement communautaire \u00e0 travers mes articles.\",\"sameAs\":[\"https:\/\/vieassociative.be\/\"]}]}<\/script>\n<!-- \/ Yoast SEO plugin. -->","yoast_head_json":{"title":"Patrick Spies (PS) r\u00e9clame des cours de chasse obligatoires : \u00ab Si on veut chasser, il faut \u00eatre bien entra\u00een\u00e9 \u00bb | Vie Associative","robots":{"index":"index","follow":"follow","max-snippet":"max-snippet:-1","max-image-preview":"max-image-preview:large","max-video-preview":"max-video-preview:-1"},"canonical":"https:\/\/vieassociative.be\/actualites\/patrick-spies-ps-reclame-des-cours-de-chasse-obligatoires-si-on-veut-chasser-il-faut-etre-bien-entraine\/","og_locale":"fr_FR","og_type":"article","og_title":"Patrick Spies (PS) r\u00e9clame des cours de chasse obligatoires : \u00ab Si on veut chasser, il faut \u00eatre bien entra\u00een\u00e9 \u00bb | Vie Associative","og_description":"Le nombre de candidats au permis de chasse wallon augmente sensiblement. Pour le repr\u00e9sentant r\u00e9gional de l&rsquo;Est de la Belgique, Patrick Spies (PS), cette \u00e9volution","og_url":"https:\/\/vieassociative.be\/actualites\/patrick-spies-ps-reclame-des-cours-de-chasse-obligatoires-si-on-veut-chasser-il-faut-etre-bien-entraine\/","og_site_name":"Vie Associative","article_published_time":"2026-02-27T10:17:52+00:00","og_image":[{"width":279,"height":92,"url":"https:\/\/vieassociative.be\/actualites\/wp-content\/uploads\/2024\/09\/header_backgroundk-01-e1726694325946.png","type":"image\/png"}],"author":"Julien","twitter_card":"summary_large_image","twitter_misc":{"\u00c9crit par":"Julien","Dur\u00e9e de lecture est.":"4 minutes"},"schema":{"@context":"https:\/\/schema.org","@graph":[{"@type":"Article","@id":"https:\/\/vieassociative.be\/actualites\/patrick-spies-ps-reclame-des-cours-de-chasse-obligatoires-si-on-veut-chasser-il-faut-etre-bien-entraine\/#article","isPartOf":{"@id":"https:\/\/vieassociative.be\/actualites\/patrick-spies-ps-reclame-des-cours-de-chasse-obligatoires-si-on-veut-chasser-il-faut-etre-bien-entraine\/"},"author":{"name":"Julien","@id":"https:\/\/vieassociative.be\/actualites\/#\/schema\/person\/b87ac4f82f9d4e7b7cec7395b679edc4"},"headline":"Patrick Spies (PS) r\u00e9clame des cours de chasse obligatoires : \u00ab Si on veut chasser, il faut \u00eatre bien entra\u00een\u00e9 \u00bb","datePublished":"2026-02-27T10:17:52+00:00","dateModified":"2026-02-27T10:17:52+00:00","mainEntityOfPage":{"@id":"https:\/\/vieassociative.be\/actualites\/patrick-spies-ps-reclame-des-cours-de-chasse-obligatoires-si-on-veut-chasser-il-faut-etre-bien-entraine\/"},"wordCount":902,"publisher":{"@id":"https:\/\/vieassociative.be\/actualites\/#organization"},"image":{"@id":"https:\/\/vieassociative.be\/actualites\/patrick-spies-ps-reclame-des-cours-de-chasse-obligatoires-si-on-veut-chasser-il-faut-etre-bien-entraine\/#primaryimage"},"thumbnailUrl":"https:\/\/vieassociative.be\/actualites\/wp-content\/uploads\/2026\/02\/Patrick-Spies-PS-reclame-des-cours-de-chasse-obligatoires.jpeg","keywords":["bien","chasse","chasser","cours","Des","entra\u00een\u00e9","\u00eatre","faut","obligatoires","Patrick","r\u00e9clame","Spies","veut"],"articleSection":["Belgique"],"inLanguage":"fr-BE"},{"@type":"WebPage","@id":"https:\/\/vieassociative.be\/actualites\/patrick-spies-ps-reclame-des-cours-de-chasse-obligatoires-si-on-veut-chasser-il-faut-etre-bien-entraine\/","url":"https:\/\/vieassociative.be\/actualites\/patrick-spies-ps-reclame-des-cours-de-chasse-obligatoires-si-on-veut-chasser-il-faut-etre-bien-entraine\/","name":"Patrick Spies (PS) r\u00e9clame des cours de chasse obligatoires : \u00ab Si on veut chasser, il faut \u00eatre bien entra\u00een\u00e9 \u00bb | Vie Associative","isPartOf":{"@id":"https:\/\/vieassociative.be\/actualites\/#website"},"primaryImageOfPage":{"@id":"https:\/\/vieassociative.be\/actualites\/patrick-spies-ps-reclame-des-cours-de-chasse-obligatoires-si-on-veut-chasser-il-faut-etre-bien-entraine\/#primaryimage"},"image":{"@id":"https:\/\/vieassociative.be\/actualites\/patrick-spies-ps-reclame-des-cours-de-chasse-obligatoires-si-on-veut-chasser-il-faut-etre-bien-entraine\/#primaryimage"},"thumbnailUrl":"https:\/\/vieassociative.be\/actualites\/wp-content\/uploads\/2026\/02\/Patrick-Spies-PS-reclame-des-cours-de-chasse-obligatoires.jpeg","datePublished":"2026-02-27T10:17:52+00:00","dateModified":"2026-02-27T10:17:52+00:00","breadcrumb":{"@id":"https:\/\/vieassociative.be\/actualites\/patrick-spies-ps-reclame-des-cours-de-chasse-obligatoires-si-on-veut-chasser-il-faut-etre-bien-entraine\/#breadcrumb"},"inLanguage":"fr-BE","potentialAction":[{"@type":"ReadAction","target":["https:\/\/vieassociative.be\/actualites\/patrick-spies-ps-reclame-des-cours-de-chasse-obligatoires-si-on-veut-chasser-il-faut-etre-bien-entraine\/"]}]},{"@type":"ImageObject","inLanguage":"fr-BE","@id":"https:\/\/vieassociative.be\/actualites\/patrick-spies-ps-reclame-des-cours-de-chasse-obligatoires-si-on-veut-chasser-il-faut-etre-bien-entraine\/#primaryimage","url":"https:\/\/vieassociative.be\/actualites\/wp-content\/uploads\/2026\/02\/Patrick-Spies-PS-reclame-des-cours-de-chasse-obligatoires.jpeg","contentUrl":"https:\/\/vieassociative.be\/actualites\/wp-content\/uploads\/2026\/02\/Patrick-Spies-PS-reclame-des-cours-de-chasse-obligatoires.jpeg","width":1000,"height":667,"caption":"Patrick Spies (PS) r\u00e9clame des cours de chasse obligatoires : \u00ab Si on veut chasser, il faut \u00eatre bien entra\u00een\u00e9 \u00bb"},{"@type":"BreadcrumbList","@id":"https:\/\/vieassociative.be\/actualites\/patrick-spies-ps-reclame-des-cours-de-chasse-obligatoires-si-on-veut-chasser-il-faut-etre-bien-entraine\/#breadcrumb","itemListElement":[{"@type":"ListItem","position":1,"name":"Accueil","item":"https:\/\/vieassociative.be\/actualites\/"},{"@type":"ListItem","position":2,"name":"Patrick Spies (PS) r\u00e9clame des cours de chasse obligatoires : \u00ab Si on veut chasser, il faut \u00eatre bien entra\u00een\u00e9 \u00bb"}]},{"@type":"WebSite","@id":"https:\/\/vieassociative.be\/actualites\/#website","url":"https:\/\/vieassociative.be\/actualites\/","name":"Vie Associative","description":"","publisher":{"@id":"https:\/\/vieassociative.be\/actualites\/#organization"},"potentialAction":[{"@type":"SearchAction","target":{"@type":"EntryPoint","urlTemplate":"https:\/\/vieassociative.be\/actualites\/?s={search_term_string}"},"query-input":{"@type":"PropertyValueSpecification","valueRequired":true,"valueName":"search_term_string"}}],"inLanguage":"fr-BE"},{"@type":"Organization","@id":"https:\/\/vieassociative.be\/actualites\/#organization","name":"Vie Associative","url":"https:\/\/vieassociative.be\/actualites\/","logo":{"@type":"ImageObject","inLanguage":"fr-BE","@id":"https:\/\/vieassociative.be\/actualites\/#\/schema\/logo\/image\/","url":"https:\/\/vieassociative.be\/actualites\/wp-content\/uploads\/2024\/09\/cropped-vieassociative_favicon.ico.png","contentUrl":"https:\/\/vieassociative.be\/actualites\/wp-content\/uploads\/2024\/09\/cropped-vieassociative_favicon.ico.png","width":512,"height":512,"caption":"Vie Associative"},"image":{"@id":"https:\/\/vieassociative.be\/actualites\/#\/schema\/logo\/image\/"}},{"@type":"Person","@id":"https:\/\/vieassociative.be\/actualites\/#\/schema\/person\/b87ac4f82f9d4e7b7cec7395b679edc4","name":"Julien","image":{"@type":"ImageObject","inLanguage":"fr-BE","@id":"https:\/\/vieassociative.be\/actualites\/#\/schema\/person\/image\/","url":"https:\/\/vieassociative.be\/actualites\/wp-content\/uploads\/2024\/09\/vie-associative-1-150x150.jpg","contentUrl":"https:\/\/vieassociative.be\/actualites\/wp-content\/uploads\/2024\/09\/vie-associative-1-150x150.jpg","caption":"Julien"},"description":"Je suis Julien, r\u00e9dacteur pour Vie Associative. Passionn\u00e9 par le monde associatif depuis plus de 10 ans, j'ai \u00e0 c\u0153ur de partager des histoires inspirantes et de mettre en lumi\u00e8re les initiatives locales. Mon objectif est de sensibiliser et d'encourager l'engagement communautaire \u00e0 travers mes articles.","sameAs":["https:\/\/vieassociative.be\/"]}]}},"_links":{"self":[{"href":"https:\/\/vieassociative.be\/actualites\/wp-json\/wp\/v2\/posts\/12817"}],"collection":[{"href":"https:\/\/vieassociative.be\/actualites\/wp-json\/wp\/v2\/posts"}],"about":[{"href":"https:\/\/vieassociative.be\/actualites\/wp-json\/wp\/v2\/types\/post"}],"author":[{"embeddable":true,"href":"https:\/\/vieassociative.be\/actualites\/wp-json\/wp\/v2\/users\/1"}],"replies":[{"embeddable":true,"href":"https:\/\/vieassociative.be\/actualites\/wp-json\/wp\/v2\/comments?post=12817"}],"version-history":[{"count":0,"href":"https:\/\/vieassociative.be\/actualites\/wp-json\/wp\/v2\/posts\/12817\/revisions"}],"wp:featuredmedia":[{"embeddable":true,"href":"https:\/\/vieassociative.be\/actualites\/wp-json\/wp\/v2\/media\/12818"}],"wp:attachment":[{"href":"https:\/\/vieassociative.be\/actualites\/wp-json\/wp\/v2\/media?parent=12817"}],"wp:term":[{"taxonomy":"category","embeddable":true,"href":"https:\/\/vieassociative.be\/actualites\/wp-json\/wp\/v2\/categories?post=12817"},{"taxonomy":"post_tag","embeddable":true,"href":"https:\/\/vieassociative.be\/actualites\/wp-json\/wp\/v2\/tags?post=12817"}],"curies":[{"name":"wp","href":"https:\/\/api.w.org\/{rel}","templated":true}]}}