{"id":12811,"date":"2026-02-27T04:17:27","date_gmt":"2026-02-27T03:17:27","guid":{"rendered":"https:\/\/vieassociative.be\/actualites\/garmin-vient-dajouter-les-fonctionnalites-de-suivi-des-equipements-pour-lesquelles-je-meurs-denvie\/"},"modified":"2026-02-27T04:17:27","modified_gmt":"2026-02-27T03:17:27","slug":"garmin-vient-dajouter-les-fonctionnalites-de-suivi-des-equipements-pour-lesquelles-je-meurs-denvie","status":"publish","type":"post","link":"https:\/\/vieassociative.be\/actualites\/garmin-vient-dajouter-les-fonctionnalites-de-suivi-des-equipements-pour-lesquelles-je-meurs-denvie\/","title":{"rendered":"Garmin vient d&rsquo;ajouter les fonctionnalit\u00e9s de suivi des \u00e9quipements pour lesquelles je meurs d&rsquo;envie"},"content":{"rendered":"<p>Nous pouvons gagner une commission sur les liens sur cette page.<\/p>\n<p>Si vous suivez vos courses (et vos balades \u00e0 v\u00e9lo, ainsi que tous vos autres exercices) avec un appareil Garmin, vous avez probablement d\u00e9j\u00e0 trouv\u00e9 ses fonctionnalit\u00e9s de suivi des \u00e9quipements. C&rsquo;est ainsi que j&rsquo;ai r\u00e9alis\u00e9 que j&rsquo;allais parcourir plus de 1 000 miles sur mes Nike pr\u00e9f\u00e9r\u00e9es. <\/p>\n<p>Jusqu\u2019\u00e0 r\u00e9cemment, l\u2019utilit\u00e9 s\u2019arr\u00eatait l\u00e0. Mais dans une nouvelle mise \u00e0 jour (gratuite), Garmin a introduit une tonne de nouvelles fonctionnalit\u00e9s de suivi des \u00e9quipements, dont une que j&rsquo;esp\u00e9rais depuis que j&rsquo;ai achet\u00e9 ma premi\u00e8re paire de chaussures de trail.<\/p>\n<div class=\"pogoClear mb-12 mt-10 rounded-md border-2 border-gray-100 py-7 shadow-xl md:py-6\">\n<div class=\"flex flex-wrap justify-between px-7 text-black no-underline md:flex-nowrap md:px-8\">\n<div class=\"order-1 mx-auto flex flex-col justify-center md:order-2 md:ml-4 md:w-full md:grow\">\n<div class=\"block cursor-pointer text-center font-akshar text-2xl font-medium leading-7 text-brand-green duration-200 ease-in-out hover:text-brand-green-700 md:text-left md:text-xl md:leading-6\">Montre intelligente GPS Garmin Forerunner 970 Premium (noir)\n                <\/div>\n<div class=\"mt-4 hidden md:flex md:justify-between\">\n<div class=\"self-end\">\n<div class=\"mb-0 h-11 md:flex md:flex-col md:justify-center\">\n<div class=\" font-sans leading-4 text-black\">\n<div class=\"flex flex-wrap items-center justify-center gap-1 md:justify-start\">\n        <span class=\"font-bold\"><\/p>\n<p>            740,00\u00a0$<br \/>\n                            <span class=\"font-medium\">chez Amazon<\/span><br \/>\n                    <\/span>\n            <\/div>\n<\/p><\/div>\n<\/p><\/div>\n<\/p><\/div>\n<div class=\"w-44 self-end\">\n                            <button class=\"flex justify-center items-center w-full bg-brand-green text-white text-base font-sans font-medium rounded-md hover:bg-brand-green-700 hover:cursor-pointer md:text-sm h-11\"><\/p>\n<p>    Obtenez une offre<br \/>\n<\/button>\n                        <\/div>\n<\/p><\/div>\n<\/p><\/div>\n<div class=\"order-2 mt-5 h-auto w-full md:order-1 md:mt-0 md:hidden\">\n<div class=\"flex aspect-video items-center justify-center\">\n                                            <img decoding=\"async\" class=\"m-0 max-h-full max-w-full rounded-md\" src=\"https:\/\/vieassociative.be\/actualites\/wp-content\/uploads\/2026\/02\/Garmin-vient-dajouter-les-fonctionnalites-de-suivi-des-equipements-pour.jpg\" alt=\"Montre intelligente GPS Garmin Forerunner 970 Premium (noir)\" width=\"auto\" height=\"auto\" loading=\"lazy\">\n                                    <\/div>\n<\/p><\/div>\n<div class=\"order-2 ml-2 hidden w-32 shrink-0 items-center md:order-1 md:ml-0 md:flex\">\n<div class=\"flex aspect-video items-center justify-center\">\n                                            <img decoding=\"async\" class=\"m-0 max-h-full max-w-full rounded-md\" src=\"https:\/\/vieassociative.be\/actualites\/wp-content\/uploads\/2026\/02\/Garmin-vient-dajouter-les-fonctionnalites-de-suivi-des-equipements-pour.jpg\" alt=\"Montre intelligente GPS Garmin Forerunner 970 Premium (noir)\" width=\"auto\" height=\"auto\" loading=\"lazy\">\n                                    <\/div>\n<\/p><\/div>\n<div class=\"order-3 flex grow flex-wrap md:hidden md:grow-0\">\n<div class=\"mt-4 w-full\">\n                        <button class=\"flex justify-center items-center w-full bg-brand-green text-white text-base font-sans font-medium rounded-md hover:bg-brand-green-700 hover:cursor-pointer md:text-sm h-11\"><\/p>\n<p>    Obtenez une offre<br \/>\n<\/button>\n                    <\/div>\n<div class=\"mx-2 mt-4 w-full\">\n<div class=\" font-sans leading-4 text-black\">\n<div class=\"flex flex-wrap items-center justify-center gap-1 md:justify-start\">\n        <span class=\"font-bold\"><\/p>\n<p>            740,00\u00a0$<br \/>\n                            <span class=\"font-medium\">chez Amazon<\/span><br \/>\n                    <\/span>\n            <\/div>\n<\/p><\/div>\n<\/p><\/div>\n<\/p><\/div>\n<\/p><\/div>\n<\/div>\n<p>D\u00e9sormais, le suivi des \u00e9quipements ne concerne pas uniquement les chaussures. Si vous faites du v\u00e9lo, vous pouvez d\u00e9sormais consid\u00e9rer votre v\u00e9lo comme un \u00e9l\u00e9ment d&rsquo;\u00e9quipement, voire comme des composants individuels de votre v\u00e9lo, comme le cadre ou les pneus. Parmi les autres types d&rsquo;\u00e9quipement d\u00e9sormais tra\u00e7ables figurent les skis, les planches de surf, les bottes, les bateaux, les patins et les fauteuils roulants. Ces nouvelles fonctionnalit\u00e9s de suivi peuvent \u00eatre trouv\u00e9es dans l&rsquo;application t\u00e9l\u00e9phonique Garmin Connect, sortie avec une mise \u00e0 jour logicielle pour plusieurs montres Garmin. <\/p>\n<h2 id=\"whats-in-the-new-garmin-app-update\">Contenu de la nouvelle mise \u00e0 jour de l&rsquo;application Garmin<\/h2>\n<p>Garmin Connect (l&rsquo;application t\u00e9l\u00e9phonique qui se synchronise avec votre montre Garmin ou un autre appareil) propose un ensemble remani\u00e9 de fonctionnalit\u00e9s pour le <strong>Engrenage<\/strong> section, que vous trouverez sous la <strong>Plus<\/strong> menu dans le coin inf\u00e9rieur droit de l\u2019application.<\/p>\n<p>Les nouvelles fonctionnalit\u00e9s incluent\u00a0:<\/p>\n<ul>\n<li>\n<p>Plus de types d&rsquo;engrenages<\/p>\n<\/li>\n<li>\n<p>Photos et notes pour chaque entr\u00e9e de mat\u00e9riel<\/p>\n<\/li>\n<li>\n<p>Une base de donn\u00e9es des marques et mod\u00e8les existants<\/p>\n<\/li>\n<li>\n<p>Le suivi automatique des vitesses est plus d\u00e9taill\u00e9<\/p>\n<\/li>\n<li>\n<p>Vous pouvez cr\u00e9er des \u00ab collections \u00bb d\u2019\u00e9quipements qui sont utilis\u00e9s ensemble<\/p>\n<\/li>\n<li>\n<p>Les statistiques d&rsquo;\u00e9quipement sont d\u00e9sormais visibles depuis votre montre<\/p>\n<\/li>\n<\/ul>\n<div class=\"eloquent-imagery-image\">\n<div class=\"flex justify-center\">\n                    <img decoding=\"async\" class=\"border border-gray-100\" src=\"https:\/\/vieassociative.be\/actualites\/wp-content\/uploads\/2026\/02\/1772162247_251_Garmin-vient-dajouter-les-fonctionnalites-de-suivi-des-equipements-pour.jpg\" alt=\"Captures d'\u00e9cran de deux entr\u00e9es de chaussures diff\u00e9rentes et d'une collection contenant des chaussures et une poussette de jogging\" width=\"2000\" height=\"1125\" loading=\"lazy\">\n            <\/div>\n<div class=\"mt-2 font-akshar\">\n                            <span class=\"image-caption block text-sm leading-4 tracking-wide text-(#1F2937)\"><\/span><br \/>\n                                        <span class=\"mt-1 block font-sans text-xs tracking-normal text-gray-600\">Cr\u00e9dit : Beth Skwarecki<\/span>\n                    <\/div>\n<\/p><\/div>\n<h2 id=\"garmins-new-gear-tracking-feature-is-exactly-what-i-needed-for-my-trail-shoes\">La nouvelle fonctionnalit\u00e9 de suivi des \u00e9quipements de Garmin est exactement ce dont j&rsquo;avais besoin pour mes chaussures de trail<\/h2>\n<p>Il y a une petite chose qui m&rsquo;a manqu\u00e9 lorsque je suis revenu de Coros \u00e0 Garmin l&rsquo;ann\u00e9e derni\u00e8re\u00a0: dans l&rsquo;application Coros, j&rsquo;ai pu d\u00e9signer une chaussure par d\u00e9faut pour mes courses r\u00e9guli\u00e8res, <em>et<\/em> une chaussure par d\u00e9faut diff\u00e9rente pour les courses en trail. Garmin ne vous permettait auparavant d&rsquo;avoir qu&rsquo;une seule chaussure de course par d\u00e9faut.<\/p>\n<p>La nouvelle mise \u00e0 jour offre des fonctionnalit\u00e9s similaires \u00e0 celles de mon Garmin, ainsi que beaucoup plus de d\u00e9tails. Vous pouvez d\u00e9sormais choisir d&rsquo;ajouter automatiquement un \u00e9l\u00e9ment d&rsquo;\u00e9quipement donn\u00e9 \u00e0 <em>n&rsquo;importe lequel<\/em> activit\u00e9 que votre montre peut suivre. Par exemple, je peux toujours configurer une chaussure pour qu&rsquo;elle soit ajout\u00e9e automatiquement \u00e0 \u00ab\u00a0toutes les courses\u00a0\u00bb et ce sera le m\u00eame comportement qu&rsquo;avant. Mais je peux \u00e9galement d\u00e9finir mes chaussures de trail bien-aim\u00e9es (boueuses, d\u00e9chir\u00e9es, qui souffrent depuis longtemps) comme valeur par d\u00e9faut pour la course en sentier, et mes jolis nouveaux Nike Downshifters (objectif de 1 000 milles) comme valeur par d\u00e9faut pour l&rsquo;activit\u00e9 de \u00ab course \u00bb r\u00e9guli\u00e8re. Si j&rsquo;avais une chaussure que je gardais dans mon sac de sport pour le tapis roulant, je pourrais \u00e9galement d\u00e9finir une valeur par d\u00e9faut distincte pour les courses sur tapis roulant. <\/p>\n<h2 id=\"collections-help-you-manage-multiple-gear-items\">Les collections vous aident \u00e0 g\u00e9rer plusieurs \u00e9l\u00e9ments d&rsquo;\u00e9quipement<\/h2>\n<p>Garmin propose d\u00e9sormais des \u00ab collections \u00bb d&rsquo;\u00e9quipements que vous utilisez ensemble. Pour un v\u00e9lo, vous pouvez combiner vos pneus, votre cadre pr\u00e9f\u00e9r\u00e9s, etc. Tout comme vous pouvez ajouter automatiquement des \u00e9l\u00e9ments individuels \u00e0 certains types d\u2019activit\u00e9s, vous pouvez \u00e9galement attribuer une collection par d\u00e9faut \u00e0 une activit\u00e9. Par exemple, une collection comprenant votre poussette de jogging et vos chaussures de course de rue pourrait \u00eatre automatiquement ajout\u00e9e \u00e0 toutes vos activit\u00e9s de course de rue.<\/p>\n<h2 id=\"you-can-view-and-change-your-gear-right-from-your-watch\">Vous pouvez visualiser et changer votre \u00e9quipement directement depuis votre montre<\/h2>\n<p>Jusqu&rsquo;\u00e0 pr\u00e9sent, il n&rsquo;y a pas de visionneuse globale d&rsquo;\u00e9quipement sur la montre (j&rsquo;esp\u00e9rais un coup d&rsquo;\u0153il) mais vous pouvez voir vos options d&rsquo;\u00e9quipement sous les activit\u00e9s. S\u00e9lectionnez une activit\u00e9, par exemple Courir, et vous verrez quelle chaussure ou quel \u00e9quipement lui est attribu\u00e9 par d\u00e9faut. Si vous souhaitez modifier la valeur par d\u00e9faut, vous pouvez faire d\u00e9filer vers le bas et s\u00e9lectionner une autre chaussure, ou d\u00e9cider de ne pas enregistrer de chaussure du tout. Lorsque vous regardez chaque chaussure, vous pouvez voir une barre indiquant le nombre de kilom\u00e8tres que vous avez parcourus avec l&rsquo;\u00e9quipement par rapport \u00e0 la dur\u00e9e de vie que vous avez saisie. <\/p>\n","protected":false},"excerpt":{"rendered":"<p>Nous pouvons gagner une commission sur les liens sur cette page. Si vous suivez vos courses (et vos balades \u00e0 v\u00e9lo, ainsi que tous vos<\/p>\n","protected":false},"author":1,"featured_media":12812,"comment_status":"","ping_status":"","sticky":false,"template":"","format":"standard","meta":{"footnotes":""},"categories":[1],"tags":[1571,10114,29,3473,1216,3685,14,2857,10113,81,4473,1213],"class_list":["post-12811","post","type-post","status-publish","format-standard","has-post-thumbnail","hentry","category-non-classe","tag-dajouter","tag-denvie","tag-des","tag-equipements","tag-fonctionnalites","tag-garmin","tag-les","tag-lesquelles","tag-meurs","tag-pour","tag-suivi","tag-vient","generate-columns","tablet-grid-50","mobile-grid-100","grid-parent","grid-33"],"yoast_head":"<!-- This site is optimized with the Yoast SEO plugin v24.0 - https:\/\/yoast.com\/wordpress\/plugins\/seo\/ -->\n<title>Garmin vient d&#039;ajouter les fonctionnalit\u00e9s de suivi des \u00e9quipements pour lesquelles je meurs d&#039;envie | Vie Associative<\/title>\n<meta name=\"robots\" content=\"index, follow, max-snippet:-1, max-image-preview:large, max-video-preview:-1\" \/>\n<link rel=\"canonical\" href=\"https:\/\/vieassociative.be\/actualites\/garmin-vient-dajouter-les-fonctionnalites-de-suivi-des-equipements-pour-lesquelles-je-meurs-denvie\/\" \/>\n<meta property=\"og:locale\" content=\"fr_FR\" \/>\n<meta property=\"og:type\" content=\"article\" \/>\n<meta property=\"og:title\" content=\"Garmin vient d&#039;ajouter les fonctionnalit\u00e9s de suivi des \u00e9quipements pour lesquelles je meurs d&#039;envie | Vie Associative\" \/>\n<meta property=\"og:description\" content=\"Nous pouvons gagner une commission sur les liens sur cette page. Si vous suivez vos courses (et vos balades \u00e0 v\u00e9lo, ainsi que tous vos\" \/>\n<meta property=\"og:url\" content=\"https:\/\/vieassociative.be\/actualites\/garmin-vient-dajouter-les-fonctionnalites-de-suivi-des-equipements-pour-lesquelles-je-meurs-denvie\/\" \/>\n<meta property=\"og:site_name\" content=\"Vie Associative\" \/>\n<meta property=\"article:published_time\" content=\"2026-02-27T03:17:27+00:00\" \/>\n<meta property=\"og:image\" content=\"https:\/\/vieassociative.be\/actualites\/wp-content\/uploads\/2026\/02\/Garmin-vient-dajouter-les-fonctionnalites-de-suivi-des-equipements-pour.jpg\" \/>\n<meta name=\"author\" content=\"Julien\" \/>\n<meta name=\"twitter:card\" content=\"summary_large_image\" \/>\n<meta name=\"twitter:label1\" content=\"\u00c9crit par\" \/>\n\t<meta name=\"twitter:data1\" content=\"Julien\" \/>\n\t<meta name=\"twitter:label2\" content=\"Dur\u00e9e de lecture est.\" \/>\n\t<meta name=\"twitter:data2\" content=\"4 minutes\" \/>\n<script type=\"application\/ld+json\" class=\"yoast-schema-graph\">{\"@context\":\"https:\/\/schema.org\",\"@graph\":[{\"@type\":\"Article\",\"@id\":\"https:\/\/vieassociative.be\/actualites\/garmin-vient-dajouter-les-fonctionnalites-de-suivi-des-equipements-pour-lesquelles-je-meurs-denvie\/#article\",\"isPartOf\":{\"@id\":\"https:\/\/vieassociative.be\/actualites\/garmin-vient-dajouter-les-fonctionnalites-de-suivi-des-equipements-pour-lesquelles-je-meurs-denvie\/\"},\"author\":{\"name\":\"Julien\",\"@id\":\"https:\/\/vieassociative.be\/actualites\/#\/schema\/person\/b87ac4f82f9d4e7b7cec7395b679edc4\"},\"headline\":\"Garmin vient d&rsquo;ajouter les fonctionnalit\u00e9s de suivi des \u00e9quipements pour lesquelles je meurs d&rsquo;envie\",\"datePublished\":\"2026-02-27T03:17:27+00:00\",\"dateModified\":\"2026-02-27T03:17:27+00:00\",\"mainEntityOfPage\":{\"@id\":\"https:\/\/vieassociative.be\/actualites\/garmin-vient-dajouter-les-fonctionnalites-de-suivi-des-equipements-pour-lesquelles-je-meurs-denvie\/\"},\"wordCount\":851,\"publisher\":{\"@id\":\"https:\/\/vieassociative.be\/actualites\/#organization\"},\"image\":{\"@id\":\"https:\/\/vieassociative.be\/actualites\/garmin-vient-dajouter-les-fonctionnalites-de-suivi-des-equipements-pour-lesquelles-je-meurs-denvie\/#primaryimage\"},\"thumbnailUrl\":\"https:\/\/vieassociative.be\/actualites\/wp-content\/uploads\/2026\/02\/1772162248_Garmin-vient-dajouter-les-fonctionnalites-de-suivi-des-equipements-pour.jpg\",\"keywords\":[\"dajouter\",\"denvie\",\"Des\",\"\u00e9quipements\",\"fonctionnalit\u00e9s\",\"Garmin\",\"Les\",\"lesquelles\",\"meurs\",\"pour\",\"suivi\",\"vient\"],\"inLanguage\":\"fr-BE\"},{\"@type\":\"WebPage\",\"@id\":\"https:\/\/vieassociative.be\/actualites\/garmin-vient-dajouter-les-fonctionnalites-de-suivi-des-equipements-pour-lesquelles-je-meurs-denvie\/\",\"url\":\"https:\/\/vieassociative.be\/actualites\/garmin-vient-dajouter-les-fonctionnalites-de-suivi-des-equipements-pour-lesquelles-je-meurs-denvie\/\",\"name\":\"Garmin vient d'ajouter les fonctionnalit\u00e9s de suivi des \u00e9quipements pour lesquelles je meurs d'envie | Vie Associative\",\"isPartOf\":{\"@id\":\"https:\/\/vieassociative.be\/actualites\/#website\"},\"primaryImageOfPage\":{\"@id\":\"https:\/\/vieassociative.be\/actualites\/garmin-vient-dajouter-les-fonctionnalites-de-suivi-des-equipements-pour-lesquelles-je-meurs-denvie\/#primaryimage\"},\"image\":{\"@id\":\"https:\/\/vieassociative.be\/actualites\/garmin-vient-dajouter-les-fonctionnalites-de-suivi-des-equipements-pour-lesquelles-je-meurs-denvie\/#primaryimage\"},\"thumbnailUrl\":\"https:\/\/vieassociative.be\/actualites\/wp-content\/uploads\/2026\/02\/1772162248_Garmin-vient-dajouter-les-fonctionnalites-de-suivi-des-equipements-pour.jpg\",\"datePublished\":\"2026-02-27T03:17:27+00:00\",\"dateModified\":\"2026-02-27T03:17:27+00:00\",\"breadcrumb\":{\"@id\":\"https:\/\/vieassociative.be\/actualites\/garmin-vient-dajouter-les-fonctionnalites-de-suivi-des-equipements-pour-lesquelles-je-meurs-denvie\/#breadcrumb\"},\"inLanguage\":\"fr-BE\",\"potentialAction\":[{\"@type\":\"ReadAction\",\"target\":[\"https:\/\/vieassociative.be\/actualites\/garmin-vient-dajouter-les-fonctionnalites-de-suivi-des-equipements-pour-lesquelles-je-meurs-denvie\/\"]}]},{\"@type\":\"ImageObject\",\"inLanguage\":\"fr-BE\",\"@id\":\"https:\/\/vieassociative.be\/actualites\/garmin-vient-dajouter-les-fonctionnalites-de-suivi-des-equipements-pour-lesquelles-je-meurs-denvie\/#primaryimage\",\"url\":\"https:\/\/vieassociative.be\/actualites\/wp-content\/uploads\/2026\/02\/1772162248_Garmin-vient-dajouter-les-fonctionnalites-de-suivi-des-equipements-pour.jpg\",\"contentUrl\":\"https:\/\/vieassociative.be\/actualites\/wp-content\/uploads\/2026\/02\/1772162248_Garmin-vient-dajouter-les-fonctionnalites-de-suivi-des-equipements-pour.jpg\",\"width\":1200,\"height\":675,\"caption\":\"Garmin vient d'ajouter les fonctionnalit\u00e9s de suivi des \u00e9quipements pour lesquelles je meurs d'envie\"},{\"@type\":\"BreadcrumbList\",\"@id\":\"https:\/\/vieassociative.be\/actualites\/garmin-vient-dajouter-les-fonctionnalites-de-suivi-des-equipements-pour-lesquelles-je-meurs-denvie\/#breadcrumb\",\"itemListElement\":[{\"@type\":\"ListItem\",\"position\":1,\"name\":\"Accueil\",\"item\":\"https:\/\/vieassociative.be\/actualites\/\"},{\"@type\":\"ListItem\",\"position\":2,\"name\":\"Garmin vient d&rsquo;ajouter les fonctionnalit\u00e9s de suivi des \u00e9quipements pour lesquelles je meurs d&rsquo;envie\"}]},{\"@type\":\"WebSite\",\"@id\":\"https:\/\/vieassociative.be\/actualites\/#website\",\"url\":\"https:\/\/vieassociative.be\/actualites\/\",\"name\":\"Vie Associative\",\"description\":\"\",\"publisher\":{\"@id\":\"https:\/\/vieassociative.be\/actualites\/#organization\"},\"potentialAction\":[{\"@type\":\"SearchAction\",\"target\":{\"@type\":\"EntryPoint\",\"urlTemplate\":\"https:\/\/vieassociative.be\/actualites\/?s={search_term_string}\"},\"query-input\":{\"@type\":\"PropertyValueSpecification\",\"valueRequired\":true,\"valueName\":\"search_term_string\"}}],\"inLanguage\":\"fr-BE\"},{\"@type\":\"Organization\",\"@id\":\"https:\/\/vieassociative.be\/actualites\/#organization\",\"name\":\"Vie Associative\",\"url\":\"https:\/\/vieassociative.be\/actualites\/\",\"logo\":{\"@type\":\"ImageObject\",\"inLanguage\":\"fr-BE\",\"@id\":\"https:\/\/vieassociative.be\/actualites\/#\/schema\/logo\/image\/\",\"url\":\"https:\/\/vieassociative.be\/actualites\/wp-content\/uploads\/2024\/09\/cropped-vieassociative_favicon.ico.png\",\"contentUrl\":\"https:\/\/vieassociative.be\/actualites\/wp-content\/uploads\/2024\/09\/cropped-vieassociative_favicon.ico.png\",\"width\":512,\"height\":512,\"caption\":\"Vie Associative\"},\"image\":{\"@id\":\"https:\/\/vieassociative.be\/actualites\/#\/schema\/logo\/image\/\"}},{\"@type\":\"Person\",\"@id\":\"https:\/\/vieassociative.be\/actualites\/#\/schema\/person\/b87ac4f82f9d4e7b7cec7395b679edc4\",\"name\":\"Julien\",\"image\":{\"@type\":\"ImageObject\",\"inLanguage\":\"fr-BE\",\"@id\":\"https:\/\/vieassociative.be\/actualites\/#\/schema\/person\/image\/\",\"url\":\"https:\/\/vieassociative.be\/actualites\/wp-content\/uploads\/2024\/09\/vie-associative-1-150x150.jpg\",\"contentUrl\":\"https:\/\/vieassociative.be\/actualites\/wp-content\/uploads\/2024\/09\/vie-associative-1-150x150.jpg\",\"caption\":\"Julien\"},\"description\":\"Je suis Julien, r\u00e9dacteur pour Vie Associative. Passionn\u00e9 par le monde associatif depuis plus de 10 ans, j'ai \u00e0 c\u0153ur de partager des histoires inspirantes et de mettre en lumi\u00e8re les initiatives locales. Mon objectif est de sensibiliser et d'encourager l'engagement communautaire \u00e0 travers mes articles.\",\"sameAs\":[\"https:\/\/vieassociative.be\/\"]}]}<\/script>\n<!-- \/ Yoast SEO plugin. -->","yoast_head_json":{"title":"Garmin vient d'ajouter les fonctionnalit\u00e9s de suivi des \u00e9quipements pour lesquelles je meurs d'envie | Vie Associative","robots":{"index":"index","follow":"follow","max-snippet":"max-snippet:-1","max-image-preview":"max-image-preview:large","max-video-preview":"max-video-preview:-1"},"canonical":"https:\/\/vieassociative.be\/actualites\/garmin-vient-dajouter-les-fonctionnalites-de-suivi-des-equipements-pour-lesquelles-je-meurs-denvie\/","og_locale":"fr_FR","og_type":"article","og_title":"Garmin vient d'ajouter les fonctionnalit\u00e9s de suivi des \u00e9quipements pour lesquelles je meurs d'envie | Vie Associative","og_description":"Nous pouvons gagner une commission sur les liens sur cette page. Si vous suivez vos courses (et vos balades \u00e0 v\u00e9lo, ainsi que tous vos","og_url":"https:\/\/vieassociative.be\/actualites\/garmin-vient-dajouter-les-fonctionnalites-de-suivi-des-equipements-pour-lesquelles-je-meurs-denvie\/","og_site_name":"Vie Associative","article_published_time":"2026-02-27T03:17:27+00:00","og_image":[{"url":"https:\/\/vieassociative.be\/actualites\/wp-content\/uploads\/2026\/02\/Garmin-vient-dajouter-les-fonctionnalites-de-suivi-des-equipements-pour.jpg","type":"","width":"","height":""}],"author":"Julien","twitter_card":"summary_large_image","twitter_misc":{"\u00c9crit par":"Julien","Dur\u00e9e de lecture est.":"4 minutes"},"schema":{"@context":"https:\/\/schema.org","@graph":[{"@type":"Article","@id":"https:\/\/vieassociative.be\/actualites\/garmin-vient-dajouter-les-fonctionnalites-de-suivi-des-equipements-pour-lesquelles-je-meurs-denvie\/#article","isPartOf":{"@id":"https:\/\/vieassociative.be\/actualites\/garmin-vient-dajouter-les-fonctionnalites-de-suivi-des-equipements-pour-lesquelles-je-meurs-denvie\/"},"author":{"name":"Julien","@id":"https:\/\/vieassociative.be\/actualites\/#\/schema\/person\/b87ac4f82f9d4e7b7cec7395b679edc4"},"headline":"Garmin vient d&rsquo;ajouter les fonctionnalit\u00e9s de suivi des \u00e9quipements pour lesquelles je meurs d&rsquo;envie","datePublished":"2026-02-27T03:17:27+00:00","dateModified":"2026-02-27T03:17:27+00:00","mainEntityOfPage":{"@id":"https:\/\/vieassociative.be\/actualites\/garmin-vient-dajouter-les-fonctionnalites-de-suivi-des-equipements-pour-lesquelles-je-meurs-denvie\/"},"wordCount":851,"publisher":{"@id":"https:\/\/vieassociative.be\/actualites\/#organization"},"image":{"@id":"https:\/\/vieassociative.be\/actualites\/garmin-vient-dajouter-les-fonctionnalites-de-suivi-des-equipements-pour-lesquelles-je-meurs-denvie\/#primaryimage"},"thumbnailUrl":"https:\/\/vieassociative.be\/actualites\/wp-content\/uploads\/2026\/02\/1772162248_Garmin-vient-dajouter-les-fonctionnalites-de-suivi-des-equipements-pour.jpg","keywords":["dajouter","denvie","Des","\u00e9quipements","fonctionnalit\u00e9s","Garmin","Les","lesquelles","meurs","pour","suivi","vient"],"inLanguage":"fr-BE"},{"@type":"WebPage","@id":"https:\/\/vieassociative.be\/actualites\/garmin-vient-dajouter-les-fonctionnalites-de-suivi-des-equipements-pour-lesquelles-je-meurs-denvie\/","url":"https:\/\/vieassociative.be\/actualites\/garmin-vient-dajouter-les-fonctionnalites-de-suivi-des-equipements-pour-lesquelles-je-meurs-denvie\/","name":"Garmin vient d'ajouter les fonctionnalit\u00e9s de suivi des \u00e9quipements pour lesquelles je meurs d'envie | Vie Associative","isPartOf":{"@id":"https:\/\/vieassociative.be\/actualites\/#website"},"primaryImageOfPage":{"@id":"https:\/\/vieassociative.be\/actualites\/garmin-vient-dajouter-les-fonctionnalites-de-suivi-des-equipements-pour-lesquelles-je-meurs-denvie\/#primaryimage"},"image":{"@id":"https:\/\/vieassociative.be\/actualites\/garmin-vient-dajouter-les-fonctionnalites-de-suivi-des-equipements-pour-lesquelles-je-meurs-denvie\/#primaryimage"},"thumbnailUrl":"https:\/\/vieassociative.be\/actualites\/wp-content\/uploads\/2026\/02\/1772162248_Garmin-vient-dajouter-les-fonctionnalites-de-suivi-des-equipements-pour.jpg","datePublished":"2026-02-27T03:17:27+00:00","dateModified":"2026-02-27T03:17:27+00:00","breadcrumb":{"@id":"https:\/\/vieassociative.be\/actualites\/garmin-vient-dajouter-les-fonctionnalites-de-suivi-des-equipements-pour-lesquelles-je-meurs-denvie\/#breadcrumb"},"inLanguage":"fr-BE","potentialAction":[{"@type":"ReadAction","target":["https:\/\/vieassociative.be\/actualites\/garmin-vient-dajouter-les-fonctionnalites-de-suivi-des-equipements-pour-lesquelles-je-meurs-denvie\/"]}]},{"@type":"ImageObject","inLanguage":"fr-BE","@id":"https:\/\/vieassociative.be\/actualites\/garmin-vient-dajouter-les-fonctionnalites-de-suivi-des-equipements-pour-lesquelles-je-meurs-denvie\/#primaryimage","url":"https:\/\/vieassociative.be\/actualites\/wp-content\/uploads\/2026\/02\/1772162248_Garmin-vient-dajouter-les-fonctionnalites-de-suivi-des-equipements-pour.jpg","contentUrl":"https:\/\/vieassociative.be\/actualites\/wp-content\/uploads\/2026\/02\/1772162248_Garmin-vient-dajouter-les-fonctionnalites-de-suivi-des-equipements-pour.jpg","width":1200,"height":675,"caption":"Garmin vient d'ajouter les fonctionnalit\u00e9s de suivi des \u00e9quipements pour lesquelles je meurs d'envie"},{"@type":"BreadcrumbList","@id":"https:\/\/vieassociative.be\/actualites\/garmin-vient-dajouter-les-fonctionnalites-de-suivi-des-equipements-pour-lesquelles-je-meurs-denvie\/#breadcrumb","itemListElement":[{"@type":"ListItem","position":1,"name":"Accueil","item":"https:\/\/vieassociative.be\/actualites\/"},{"@type":"ListItem","position":2,"name":"Garmin vient d&rsquo;ajouter les fonctionnalit\u00e9s de suivi des \u00e9quipements pour lesquelles je meurs d&rsquo;envie"}]},{"@type":"WebSite","@id":"https:\/\/vieassociative.be\/actualites\/#website","url":"https:\/\/vieassociative.be\/actualites\/","name":"Vie Associative","description":"","publisher":{"@id":"https:\/\/vieassociative.be\/actualites\/#organization"},"potentialAction":[{"@type":"SearchAction","target":{"@type":"EntryPoint","urlTemplate":"https:\/\/vieassociative.be\/actualites\/?s={search_term_string}"},"query-input":{"@type":"PropertyValueSpecification","valueRequired":true,"valueName":"search_term_string"}}],"inLanguage":"fr-BE"},{"@type":"Organization","@id":"https:\/\/vieassociative.be\/actualites\/#organization","name":"Vie Associative","url":"https:\/\/vieassociative.be\/actualites\/","logo":{"@type":"ImageObject","inLanguage":"fr-BE","@id":"https:\/\/vieassociative.be\/actualites\/#\/schema\/logo\/image\/","url":"https:\/\/vieassociative.be\/actualites\/wp-content\/uploads\/2024\/09\/cropped-vieassociative_favicon.ico.png","contentUrl":"https:\/\/vieassociative.be\/actualites\/wp-content\/uploads\/2024\/09\/cropped-vieassociative_favicon.ico.png","width":512,"height":512,"caption":"Vie Associative"},"image":{"@id":"https:\/\/vieassociative.be\/actualites\/#\/schema\/logo\/image\/"}},{"@type":"Person","@id":"https:\/\/vieassociative.be\/actualites\/#\/schema\/person\/b87ac4f82f9d4e7b7cec7395b679edc4","name":"Julien","image":{"@type":"ImageObject","inLanguage":"fr-BE","@id":"https:\/\/vieassociative.be\/actualites\/#\/schema\/person\/image\/","url":"https:\/\/vieassociative.be\/actualites\/wp-content\/uploads\/2024\/09\/vie-associative-1-150x150.jpg","contentUrl":"https:\/\/vieassociative.be\/actualites\/wp-content\/uploads\/2024\/09\/vie-associative-1-150x150.jpg","caption":"Julien"},"description":"Je suis Julien, r\u00e9dacteur pour Vie Associative. Passionn\u00e9 par le monde associatif depuis plus de 10 ans, j'ai \u00e0 c\u0153ur de partager des histoires inspirantes et de mettre en lumi\u00e8re les initiatives locales. Mon objectif est de sensibiliser et d'encourager l'engagement communautaire \u00e0 travers mes articles.","sameAs":["https:\/\/vieassociative.be\/"]}]}},"_links":{"self":[{"href":"https:\/\/vieassociative.be\/actualites\/wp-json\/wp\/v2\/posts\/12811"}],"collection":[{"href":"https:\/\/vieassociative.be\/actualites\/wp-json\/wp\/v2\/posts"}],"about":[{"href":"https:\/\/vieassociative.be\/actualites\/wp-json\/wp\/v2\/types\/post"}],"author":[{"embeddable":true,"href":"https:\/\/vieassociative.be\/actualites\/wp-json\/wp\/v2\/users\/1"}],"replies":[{"embeddable":true,"href":"https:\/\/vieassociative.be\/actualites\/wp-json\/wp\/v2\/comments?post=12811"}],"version-history":[{"count":0,"href":"https:\/\/vieassociative.be\/actualites\/wp-json\/wp\/v2\/posts\/12811\/revisions"}],"wp:featuredmedia":[{"embeddable":true,"href":"https:\/\/vieassociative.be\/actualites\/wp-json\/wp\/v2\/media\/12812"}],"wp:attachment":[{"href":"https:\/\/vieassociative.be\/actualites\/wp-json\/wp\/v2\/media?parent=12811"}],"wp:term":[{"taxonomy":"category","embeddable":true,"href":"https:\/\/vieassociative.be\/actualites\/wp-json\/wp\/v2\/categories?post=12811"},{"taxonomy":"post_tag","embeddable":true,"href":"https:\/\/vieassociative.be\/actualites\/wp-json\/wp\/v2\/tags?post=12811"}],"curies":[{"name":"wp","href":"https:\/\/api.w.org\/{rel}","templated":true}]}}