{"id":12809,"date":"2026-02-26T23:17:25","date_gmt":"2026-02-26T22:17:25","guid":{"rendered":"https:\/\/vieassociative.be\/actualites\/lafd-celebre-un-succes-partiel-dans-son-conflit-avec-loffice-federal-de-la-protection-de-la-constitution\/"},"modified":"2026-02-26T23:17:25","modified_gmt":"2026-02-26T22:17:25","slug":"lafd-celebre-un-succes-partiel-dans-son-conflit-avec-loffice-federal-de-la-protection-de-la-constitution","status":"publish","type":"post","link":"https:\/\/vieassociative.be\/actualites\/lafd-celebre-un-succes-partiel-dans-son-conflit-avec-loffice-federal-de-la-protection-de-la-constitution\/","title":{"rendered":"L&rsquo;AfD c\u00e9l\u00e8bre un succ\u00e8s partiel dans son conflit avec l&rsquo;Office f\u00e9d\u00e9ral de la protection de la Constitution"},"content":{"rendered":"<p><strong>L&rsquo;AfD a obtenu un succ\u00e8s partiel surprenant dans le conflit juridique avec l&rsquo;Office pour la protection de la Constitution. Il y a une grande joie au sein du parti peu avant les \u00e9lections nationales importantes.<\/strong><\/p>\n<p><span id=\"more-437242\"><\/span>Au milieu des gros titres n\u00e9gatifs sur le n\u00e9potisme pr\u00e9sum\u00e9, l\u2019AfD peut se targuer d\u2019un succ\u00e8s partiel sur un autre plan. Dans le conflit juridique de longue date avec l&rsquo;Office f\u00e9d\u00e9ral pour la protection de la Constitution, le tribunal administratif de Cologne a tranch\u00e9 en faveur, du moins pour le moment : les services secrets nationaux ne sont pas autoris\u00e9s pour le moment \u00e0 classer et \u00e0 traiter l&rsquo;AfD comme d\u00e9finitivement extr\u00e9miste de droite, ni \u00e0 la d\u00e9crire publiquement comme telle.<\/p>\n<p>Les r\u00e9seaux de l&rsquo;AfD se sont r\u00e9jouis : \u00ab 1-0 \u00bb, \u00ab Marteau \u00bb, \u00ab Lueur d&rsquo;espoir \u00bb ont \u00e9t\u00e9 post\u00e9s par des politiciens de l&rsquo;AfD apr\u00e8s la d\u00e9cision sur X. La chef du parti, Alice Weidel, a parl\u00e9 d&rsquo;une grande victoire \u00ab non seulement pour l&rsquo;AfD, mais aussi pour la d\u00e9mocratie et l&rsquo;\u00c9tat de droit \u00bb.<\/p>\n<div id=\"attachment_420654\" class=\"wp-caption alignleft\" style=\"max-width: 300px\"><img fetchpriority=\"high\" decoding=\"async\" class=\"wp-image-420654 size-medium\" src=\"https:\/\/vieassociative.be\/actualites\/wp-content\/uploads\/2026\/02\/LAfD-celebre-un-succes-partiel-dans-son-conflit-avec-lOffice.jpg\" alt=\"\" width=\"300\" height=\"200\"><\/div>\n<p>Le co-patron de Weidel, Tino Chrupalla, a d\u00e9clar\u00e9 aux journalistes que c&rsquo;\u00e9tait la premi\u00e8re \u00e9tape remport\u00e9e par Weidel et qu&rsquo;elle devait \u00eatre c\u00e9l\u00e9br\u00e9e comme un succ\u00e8s. \u00ab\u00a0Nous ferons la m\u00eame chose aujourd&rsquo;hui.\u00a0\u00bb Il a \u00e9galement \u00e9voqu\u00e9 le soutien aux militants de l&rsquo;AfD dans le Bade-Wurtemberg et en Rh\u00e9nanie-Palatinat avant les \u00e9lections r\u00e9gionales pr\u00e9vues en mars.<\/p>\n<p><strong>\u2013 Les proc\u00e9dures au principal sont toujours pendantes :<\/strong> La \u00ab grande victoire \u00bb est dans un premier temps un succ\u00e8s partiel pour l\u2019AfD. La proc\u00e9dure au principal devant le tribunal administratif est toujours pendante et pourrait th\u00e9oriquement conna\u00eetre une issue diff\u00e9rente. Comme les pr\u00e9c\u00e9dents litiges juridiques entre l\u2019AfD et l\u2019Office pour la protection de la Constitution, ce conflit risque de durer longtemps. Il n\u2019y a eu initialement aucune d\u00e9claration de l\u2019Office f\u00e9d\u00e9ral.<\/p>\n<p>L&rsquo;avocat de Cologne, Ralf H\u00f6cker, qui repr\u00e9sente l&rsquo;AfD dans la proc\u00e9dure, a \u00e9crit \u00e0 X qu&rsquo;il s&rsquo;agissait d&rsquo;une proc\u00e9dure d&rsquo;urgence, mais le raisonnement \u00e9tait clair. Dans une d\u00e9mocratie, il ne suffit pas de pointer du doigt quelques membres fous d\u2019un parti pour pouvoir interdire un parti dans son ensemble. \u00ab\u00a0Cela signifie qu&rsquo;une interdiction de l&rsquo;AfD n&rsquo;est plus envisageable. Elle n&rsquo;est plus sur la table.\u00a0\u00bb<\/p>\n<p>La porte-parole du groupe parlementaire SPD en mati\u00e8re de politique juridique, Carmen Wegge, voit les choses diff\u00e9remment. \u00ab\u00a0Je reste fermement convaincue que l&rsquo;AfD est anticonstitutionnelle et inconstitutionnelle et que le parti doit \u00eatre examin\u00e9 par la Cour constitutionnelle f\u00e9d\u00e9rale\u00a0\u00bb, a-t-elle d\u00e9clar\u00e9.<\/p>\n<p>La gauche a \u00e9galement clairement fait savoir qu\u2019elle maintenait son appel \u00e0 une interdiction. L&rsquo;AfD repr\u00e9sente un danger politique et social, a d\u00e9clar\u00e9 Clara B\u00fcnger, responsable politique du Bundestag, \u00e0 l&rsquo;agence de presse allemande.<\/p>\n<div id=\"attachment_408445\" class=\"wp-caption alignleft\" style=\"max-width: 300px\"><img decoding=\"async\" class=\"wp-image-408445 size-medium\" src=\"https:\/\/vieassociative.be\/actualites\/wp-content\/uploads\/2026\/02\/1772144245_519_LAfD-celebre-un-succes-partiel-dans-son-conflit-avec-lOffice.jpg\" alt=\"\" width=\"300\" height=\"200\"><\/div>\n<p><strong>\u2013 Dans l\u2019ensemble, il n\u2019y a pas de tendance anticonstitutionnelle fondamentale :<\/strong> De l&rsquo;avis du tribunal, il existe une certitude suffisante que des efforts dirig\u00e9s contre l&rsquo;ordre fondamental lib\u00e9ral et d\u00e9mocratique se d\u00e9veloppent au sein de l&rsquo;AfD. Toutefois, cela \u00ab ne le fa\u00e7onne pas de mani\u00e8re \u00e0 ce qu\u2019une tendance fondamentale anticonstitutionnelle soit identifi\u00e9e dans son image globale \u00bb.<\/p>\n<p>Le politicien juridique de G\u00fcnen, Till Steffen, a conseill\u00e9 \u00e0 l&rsquo;Office f\u00e9d\u00e9ral de la protection de la Constitution de d\u00e9poser le plus rapidement possible une plainte contre cette d\u00e9cision. \u00ab\u00a0Le tribunal administratif ignore \u00e9videmment le sens du terme &lsquo;remigration&rsquo; pour l&rsquo;AfD en tant que parti dans son ensemble\u00a0\u00bb, a-t-il d\u00e9clar\u00e9.<\/p>\n<p><strong>\u2013 Des ann\u00e9es de lutte acharn\u00e9e juridique :<\/strong> L\u2019Office pour la protection de la Constitution et l\u2019AfD se livrent depuis des ann\u00e9es une lutte acharn\u00e9e sur le plan juridique. Le parti est sous surveillance des services secrets nationaux depuis un certain temps en raison de soup\u00e7ons d&rsquo;activit\u00e9s anticonstitutionnelles (cas de suspicion). Le parti avait d\u00e9j\u00e0 intent\u00e9 une action en justice \u00e0 ce sujet, mais sans succ\u00e8s : cela peut \u00eatre r\u00e9pertori\u00e9 comme un cas suspect.<\/p>\n<p>En mai de l\u2019ann\u00e9e derni\u00e8re, peu avant le changement de gouvernement et sous la direction de Nancy Faeser (SPD), alors ministre f\u00e9d\u00e9rale de l\u2019Int\u00e9rieur, l\u2019Office pour la protection de la Constitution a finalement franchi une nouvelle \u00e9tape et annonc\u00e9 que les preuves d\u2019efforts anticonstitutionnels s\u2019\u00e9taient \u00ab consolid\u00e9es en certitude \u00bb et que l\u2019AfD serait d\u00e9sormais class\u00e9e comme \u00ab un certain effort d\u2019extr\u00eame droite \u00bb.<\/p>\n<p>La base en \u00e9tait un nouveau rapport des services secrets nationaux de plus de 1 100 pages qui \u00e9num\u00e9rait les d\u00e9clarations et les activit\u00e9s des hommes politiques de l&rsquo;AfD comme preuve d&rsquo;une telle classification. L&rsquo;autorit\u00e9 est arriv\u00e9e \u00e0 la conclusion qu&rsquo;il existait une conception pr\u00e9dominante \u00ab d&rsquo;ascendance ethnique \u00bb des membres du parti qui d\u00e9valorisait des groupes entiers de la population en Allemagne et violait leur dignit\u00e9 humaine.<\/p>\n<div id=\"attachment_412915\" class=\"wp-caption alignleft\" style=\"max-width: 300px\"><img decoding=\"async\" class=\"wp-image-412915 size-medium\" src=\"https:\/\/vieassociative.be\/actualites\/wp-content\/uploads\/2025\/04\/Allemagne-AFD-maintenant-meme-a-egalite-avec-lUnion.jpg\" alt=\"\" width=\"300\" height=\"200\"><\/div>\n<p>Le ministre de l&rsquo;Int\u00e9rieur de Saxe, Armin Schuster (CDU), a ensuite critiqu\u00e9 cette d\u00e9cision. \u00ab Par un coup de hanche politiquement motiv\u00e9, l\u2019ancien gouvernement des feux tricolores a rendu un mauvais service aux autorit\u00e9s de s\u00e9curit\u00e9 allemandes. \u00bb<\/p>\n<p><strong>\u2013 L\u2019AfD a imm\u00e9diatement r\u00e9agi en intentant un proc\u00e8s :<\/strong> Apr\u00e8s la mise \u00e0 niveau, l&rsquo;AfD a imm\u00e9diatement d\u00e9pos\u00e9 une requ\u00eate en urgence et un proc\u00e8s aupr\u00e8s du tribunal comp\u00e9tent de Cologne et a parl\u00e9 d&rsquo;une ing\u00e9rence inconstitutionnelle dans la concurrence d\u00e9mocratique de la part d&rsquo;une \u00ab autorit\u00e9 politiquement exploit\u00e9e \u00bb. Apr\u00e8s le d\u00e9p\u00f4t de la plainte, l&rsquo;Office pour la protection de la Constitution a promis de suspendre sa mise \u00e0 niveau pendant la dur\u00e9e de la proc\u00e9dure d&rsquo;urgence et de continuer \u00e0 inscrire l&rsquo;AfD comme cas suspect jusqu&rsquo;\u00e0 ce qu&rsquo;une d\u00e9cision soit prise.<\/p>\n<p><strong>\u2013 Les classements ont des cons\u00e9quences :<\/strong> Les classifications ont des cons\u00e9quences pratiques : m\u00eame en cas de suspicion, les services secrets peuvent observer une organisation en utilisant des moyens de renseignement, par exemple en utilisant des informateurs secrets, des observations, des images ou des enregistrements sonores. Si l\u2019objet d\u2019observation est class\u00e9 comme d\u00e9finitivement extr\u00e9miste, le seuil d\u2019utilisation de tels moyens baisse.<\/p>\n<p>Il y a aussi des cons\u00e9quences politiques. Le label officiel \u00ab certainement extr\u00e9miste de droite \u00bb a un effet dissuasif. Du point de vue de l&rsquo;AfD, les donateurs, les int\u00e9ress\u00e9s et les membres &#8211; en particulier les fonctionnaires, les militaires et les juges &#8211; pourraient se d\u00e9tourner du parti, notamment parce qu&rsquo;ils craignent des cons\u00e9quences personnelles, par exemple pour leur carri\u00e8re. Au milieu d\u2019une ann\u00e9e \u00e9lectorale importante avec cinq \u00e9lections r\u00e9gionales, cela aurait pu devenir un fardeau suppl\u00e9mentaire pour l\u2019AfD en plus du d\u00e9bat actuel sur le pr\u00e9tendu n\u00e9potisme. (dpa)<\/p>\n","protected":false},"excerpt":{"rendered":"<p>L&rsquo;AfD a obtenu un succ\u00e8s partiel surprenant dans le conflit juridique avec l&rsquo;Office pour la protection de la Constitution. Il y a une grande joie<\/p>\n","protected":false},"author":1,"featured_media":12810,"comment_status":"","ping_status":"","sticky":false,"template":"","format":"standard","meta":{"footnotes":""},"categories":[298],"tags":[61,3843,7397,6782,166,5086,3439,10112,9117,3054,800,96],"class_list":["post-12809","post","type-post","status-publish","format-standard","has-post-thumbnail","hentry","category-belgique","tag-avec","tag-celebre","tag-conflit","tag-constitution","tag-dans","tag-federal","tag-lafd","tag-loffice","tag-partiel","tag-protection","tag-son","tag-succes","generate-columns","tablet-grid-50","mobile-grid-100","grid-parent","grid-33"],"yoast_head":"<!-- This site is optimized with the Yoast SEO plugin v24.0 - https:\/\/yoast.com\/wordpress\/plugins\/seo\/ -->\n<title>L&#039;AfD c\u00e9l\u00e8bre un succ\u00e8s partiel dans son conflit avec l&#039;Office f\u00e9d\u00e9ral de la protection de la Constitution | Vie Associative<\/title>\n<meta name=\"robots\" content=\"index, follow, max-snippet:-1, max-image-preview:large, max-video-preview:-1\" \/>\n<link rel=\"canonical\" href=\"https:\/\/vieassociative.be\/actualites\/lafd-celebre-un-succes-partiel-dans-son-conflit-avec-loffice-federal-de-la-protection-de-la-constitution\/\" \/>\n<meta property=\"og:locale\" content=\"fr_FR\" \/>\n<meta property=\"og:type\" content=\"article\" \/>\n<meta property=\"og:title\" content=\"L&#039;AfD c\u00e9l\u00e8bre un succ\u00e8s partiel dans son conflit avec l&#039;Office f\u00e9d\u00e9ral de la protection de la Constitution | Vie Associative\" \/>\n<meta property=\"og:description\" content=\"L&rsquo;AfD a obtenu un succ\u00e8s partiel surprenant dans le conflit juridique avec l&rsquo;Office pour la protection de la Constitution. Il y a une grande joie\" \/>\n<meta property=\"og:url\" content=\"https:\/\/vieassociative.be\/actualites\/lafd-celebre-un-succes-partiel-dans-son-conflit-avec-loffice-federal-de-la-protection-de-la-constitution\/\" \/>\n<meta property=\"og:site_name\" content=\"Vie Associative\" \/>\n<meta property=\"article:published_time\" content=\"2026-02-26T22:17:25+00:00\" \/>\n<meta property=\"og:image\" content=\"https:\/\/vieassociative.be\/actualites\/wp-content\/uploads\/2024\/09\/header_backgroundk-01-e1726694325946.png\" \/>\n\t<meta property=\"og:image:width\" content=\"279\" \/>\n\t<meta property=\"og:image:height\" content=\"92\" \/>\n\t<meta property=\"og:image:type\" content=\"image\/png\" \/>\n<meta name=\"author\" content=\"Julien\" \/>\n<meta name=\"twitter:card\" content=\"summary_large_image\" \/>\n<meta name=\"twitter:label1\" content=\"\u00c9crit par\" \/>\n\t<meta name=\"twitter:data1\" content=\"Julien\" \/>\n\t<meta name=\"twitter:label2\" content=\"Dur\u00e9e de lecture est.\" \/>\n\t<meta name=\"twitter:data2\" content=\"6 minutes\" \/>\n<script type=\"application\/ld+json\" class=\"yoast-schema-graph\">{\"@context\":\"https:\/\/schema.org\",\"@graph\":[{\"@type\":\"Article\",\"@id\":\"https:\/\/vieassociative.be\/actualites\/lafd-celebre-un-succes-partiel-dans-son-conflit-avec-loffice-federal-de-la-protection-de-la-constitution\/#article\",\"isPartOf\":{\"@id\":\"https:\/\/vieassociative.be\/actualites\/lafd-celebre-un-succes-partiel-dans-son-conflit-avec-loffice-federal-de-la-protection-de-la-constitution\/\"},\"author\":{\"name\":\"Julien\",\"@id\":\"https:\/\/vieassociative.be\/actualites\/#\/schema\/person\/b87ac4f82f9d4e7b7cec7395b679edc4\"},\"headline\":\"L&rsquo;AfD c\u00e9l\u00e8bre un succ\u00e8s partiel dans son conflit avec l&rsquo;Office f\u00e9d\u00e9ral de la protection de la Constitution\",\"datePublished\":\"2026-02-26T22:17:25+00:00\",\"dateModified\":\"2026-02-26T22:17:25+00:00\",\"mainEntityOfPage\":{\"@id\":\"https:\/\/vieassociative.be\/actualites\/lafd-celebre-un-succes-partiel-dans-son-conflit-avec-loffice-federal-de-la-protection-de-la-constitution\/\"},\"wordCount\":1217,\"publisher\":{\"@id\":\"https:\/\/vieassociative.be\/actualites\/#organization\"},\"image\":{\"@id\":\"https:\/\/vieassociative.be\/actualites\/lafd-celebre-un-succes-partiel-dans-son-conflit-avec-loffice-federal-de-la-protection-de-la-constitution\/#primaryimage\"},\"thumbnailUrl\":\"https:\/\/vieassociative.be\/actualites\/wp-content\/uploads\/2026\/02\/1772144246_LAfD-celebre-un-succes-partiel-dans-son-conflit-avec-lOffice.jpg\",\"keywords\":[\"avec\",\"c\u00e9l\u00e8bre\",\"conflit\",\"Constitution\",\"dans\",\"f\u00e9d\u00e9ral\",\"lAfD\",\"lOffice\",\"partiel\",\"protection\",\"son\",\"succ\u00e8s\"],\"articleSection\":[\"Belgique\"],\"inLanguage\":\"fr-BE\"},{\"@type\":\"WebPage\",\"@id\":\"https:\/\/vieassociative.be\/actualites\/lafd-celebre-un-succes-partiel-dans-son-conflit-avec-loffice-federal-de-la-protection-de-la-constitution\/\",\"url\":\"https:\/\/vieassociative.be\/actualites\/lafd-celebre-un-succes-partiel-dans-son-conflit-avec-loffice-federal-de-la-protection-de-la-constitution\/\",\"name\":\"L'AfD c\u00e9l\u00e8bre un succ\u00e8s partiel dans son conflit avec l'Office f\u00e9d\u00e9ral de la protection de la Constitution | Vie Associative\",\"isPartOf\":{\"@id\":\"https:\/\/vieassociative.be\/actualites\/#website\"},\"primaryImageOfPage\":{\"@id\":\"https:\/\/vieassociative.be\/actualites\/lafd-celebre-un-succes-partiel-dans-son-conflit-avec-loffice-federal-de-la-protection-de-la-constitution\/#primaryimage\"},\"image\":{\"@id\":\"https:\/\/vieassociative.be\/actualites\/lafd-celebre-un-succes-partiel-dans-son-conflit-avec-loffice-federal-de-la-protection-de-la-constitution\/#primaryimage\"},\"thumbnailUrl\":\"https:\/\/vieassociative.be\/actualites\/wp-content\/uploads\/2026\/02\/1772144246_LAfD-celebre-un-succes-partiel-dans-son-conflit-avec-lOffice.jpg\",\"datePublished\":\"2026-02-26T22:17:25+00:00\",\"dateModified\":\"2026-02-26T22:17:25+00:00\",\"breadcrumb\":{\"@id\":\"https:\/\/vieassociative.be\/actualites\/lafd-celebre-un-succes-partiel-dans-son-conflit-avec-loffice-federal-de-la-protection-de-la-constitution\/#breadcrumb\"},\"inLanguage\":\"fr-BE\",\"potentialAction\":[{\"@type\":\"ReadAction\",\"target\":[\"https:\/\/vieassociative.be\/actualites\/lafd-celebre-un-succes-partiel-dans-son-conflit-avec-loffice-federal-de-la-protection-de-la-constitution\/\"]}]},{\"@type\":\"ImageObject\",\"inLanguage\":\"fr-BE\",\"@id\":\"https:\/\/vieassociative.be\/actualites\/lafd-celebre-un-succes-partiel-dans-son-conflit-avec-loffice-federal-de-la-protection-de-la-constitution\/#primaryimage\",\"url\":\"https:\/\/vieassociative.be\/actualites\/wp-content\/uploads\/2026\/02\/1772144246_LAfD-celebre-un-succes-partiel-dans-son-conflit-avec-lOffice.jpg\",\"contentUrl\":\"https:\/\/vieassociative.be\/actualites\/wp-content\/uploads\/2026\/02\/1772144246_LAfD-celebre-un-succes-partiel-dans-son-conflit-avec-lOffice.jpg\",\"width\":1200,\"height\":800,\"caption\":\"L'AfD c\u00e9l\u00e8bre un succ\u00e8s partiel dans son conflit avec l'Office f\u00e9d\u00e9ral de la protection de la Constitution\"},{\"@type\":\"BreadcrumbList\",\"@id\":\"https:\/\/vieassociative.be\/actualites\/lafd-celebre-un-succes-partiel-dans-son-conflit-avec-loffice-federal-de-la-protection-de-la-constitution\/#breadcrumb\",\"itemListElement\":[{\"@type\":\"ListItem\",\"position\":1,\"name\":\"Accueil\",\"item\":\"https:\/\/vieassociative.be\/actualites\/\"},{\"@type\":\"ListItem\",\"position\":2,\"name\":\"L&rsquo;AfD c\u00e9l\u00e8bre un succ\u00e8s partiel dans son conflit avec l&rsquo;Office f\u00e9d\u00e9ral de la protection de la Constitution\"}]},{\"@type\":\"WebSite\",\"@id\":\"https:\/\/vieassociative.be\/actualites\/#website\",\"url\":\"https:\/\/vieassociative.be\/actualites\/\",\"name\":\"Vie Associative\",\"description\":\"\",\"publisher\":{\"@id\":\"https:\/\/vieassociative.be\/actualites\/#organization\"},\"potentialAction\":[{\"@type\":\"SearchAction\",\"target\":{\"@type\":\"EntryPoint\",\"urlTemplate\":\"https:\/\/vieassociative.be\/actualites\/?s={search_term_string}\"},\"query-input\":{\"@type\":\"PropertyValueSpecification\",\"valueRequired\":true,\"valueName\":\"search_term_string\"}}],\"inLanguage\":\"fr-BE\"},{\"@type\":\"Organization\",\"@id\":\"https:\/\/vieassociative.be\/actualites\/#organization\",\"name\":\"Vie Associative\",\"url\":\"https:\/\/vieassociative.be\/actualites\/\",\"logo\":{\"@type\":\"ImageObject\",\"inLanguage\":\"fr-BE\",\"@id\":\"https:\/\/vieassociative.be\/actualites\/#\/schema\/logo\/image\/\",\"url\":\"https:\/\/vieassociative.be\/actualites\/wp-content\/uploads\/2024\/09\/cropped-vieassociative_favicon.ico.png\",\"contentUrl\":\"https:\/\/vieassociative.be\/actualites\/wp-content\/uploads\/2024\/09\/cropped-vieassociative_favicon.ico.png\",\"width\":512,\"height\":512,\"caption\":\"Vie Associative\"},\"image\":{\"@id\":\"https:\/\/vieassociative.be\/actualites\/#\/schema\/logo\/image\/\"}},{\"@type\":\"Person\",\"@id\":\"https:\/\/vieassociative.be\/actualites\/#\/schema\/person\/b87ac4f82f9d4e7b7cec7395b679edc4\",\"name\":\"Julien\",\"image\":{\"@type\":\"ImageObject\",\"inLanguage\":\"fr-BE\",\"@id\":\"https:\/\/vieassociative.be\/actualites\/#\/schema\/person\/image\/\",\"url\":\"https:\/\/vieassociative.be\/actualites\/wp-content\/uploads\/2024\/09\/vie-associative-1-150x150.jpg\",\"contentUrl\":\"https:\/\/vieassociative.be\/actualites\/wp-content\/uploads\/2024\/09\/vie-associative-1-150x150.jpg\",\"caption\":\"Julien\"},\"description\":\"Je suis Julien, r\u00e9dacteur pour Vie Associative. Passionn\u00e9 par le monde associatif depuis plus de 10 ans, j'ai \u00e0 c\u0153ur de partager des histoires inspirantes et de mettre en lumi\u00e8re les initiatives locales. Mon objectif est de sensibiliser et d'encourager l'engagement communautaire \u00e0 travers mes articles.\",\"sameAs\":[\"https:\/\/vieassociative.be\/\"]}]}<\/script>\n<!-- \/ Yoast SEO plugin. -->","yoast_head_json":{"title":"L'AfD c\u00e9l\u00e8bre un succ\u00e8s partiel dans son conflit avec l'Office f\u00e9d\u00e9ral de la protection de la Constitution | Vie Associative","robots":{"index":"index","follow":"follow","max-snippet":"max-snippet:-1","max-image-preview":"max-image-preview:large","max-video-preview":"max-video-preview:-1"},"canonical":"https:\/\/vieassociative.be\/actualites\/lafd-celebre-un-succes-partiel-dans-son-conflit-avec-loffice-federal-de-la-protection-de-la-constitution\/","og_locale":"fr_FR","og_type":"article","og_title":"L'AfD c\u00e9l\u00e8bre un succ\u00e8s partiel dans son conflit avec l'Office f\u00e9d\u00e9ral de la protection de la Constitution | Vie Associative","og_description":"L&rsquo;AfD a obtenu un succ\u00e8s partiel surprenant dans le conflit juridique avec l&rsquo;Office pour la protection de la Constitution. Il y a une grande joie","og_url":"https:\/\/vieassociative.be\/actualites\/lafd-celebre-un-succes-partiel-dans-son-conflit-avec-loffice-federal-de-la-protection-de-la-constitution\/","og_site_name":"Vie Associative","article_published_time":"2026-02-26T22:17:25+00:00","og_image":[{"width":279,"height":92,"url":"https:\/\/vieassociative.be\/actualites\/wp-content\/uploads\/2024\/09\/header_backgroundk-01-e1726694325946.png","type":"image\/png"}],"author":"Julien","twitter_card":"summary_large_image","twitter_misc":{"\u00c9crit par":"Julien","Dur\u00e9e de lecture est.":"6 minutes"},"schema":{"@context":"https:\/\/schema.org","@graph":[{"@type":"Article","@id":"https:\/\/vieassociative.be\/actualites\/lafd-celebre-un-succes-partiel-dans-son-conflit-avec-loffice-federal-de-la-protection-de-la-constitution\/#article","isPartOf":{"@id":"https:\/\/vieassociative.be\/actualites\/lafd-celebre-un-succes-partiel-dans-son-conflit-avec-loffice-federal-de-la-protection-de-la-constitution\/"},"author":{"name":"Julien","@id":"https:\/\/vieassociative.be\/actualites\/#\/schema\/person\/b87ac4f82f9d4e7b7cec7395b679edc4"},"headline":"L&rsquo;AfD c\u00e9l\u00e8bre un succ\u00e8s partiel dans son conflit avec l&rsquo;Office f\u00e9d\u00e9ral de la protection de la Constitution","datePublished":"2026-02-26T22:17:25+00:00","dateModified":"2026-02-26T22:17:25+00:00","mainEntityOfPage":{"@id":"https:\/\/vieassociative.be\/actualites\/lafd-celebre-un-succes-partiel-dans-son-conflit-avec-loffice-federal-de-la-protection-de-la-constitution\/"},"wordCount":1217,"publisher":{"@id":"https:\/\/vieassociative.be\/actualites\/#organization"},"image":{"@id":"https:\/\/vieassociative.be\/actualites\/lafd-celebre-un-succes-partiel-dans-son-conflit-avec-loffice-federal-de-la-protection-de-la-constitution\/#primaryimage"},"thumbnailUrl":"https:\/\/vieassociative.be\/actualites\/wp-content\/uploads\/2026\/02\/1772144246_LAfD-celebre-un-succes-partiel-dans-son-conflit-avec-lOffice.jpg","keywords":["avec","c\u00e9l\u00e8bre","conflit","Constitution","dans","f\u00e9d\u00e9ral","lAfD","lOffice","partiel","protection","son","succ\u00e8s"],"articleSection":["Belgique"],"inLanguage":"fr-BE"},{"@type":"WebPage","@id":"https:\/\/vieassociative.be\/actualites\/lafd-celebre-un-succes-partiel-dans-son-conflit-avec-loffice-federal-de-la-protection-de-la-constitution\/","url":"https:\/\/vieassociative.be\/actualites\/lafd-celebre-un-succes-partiel-dans-son-conflit-avec-loffice-federal-de-la-protection-de-la-constitution\/","name":"L'AfD c\u00e9l\u00e8bre un succ\u00e8s partiel dans son conflit avec l'Office f\u00e9d\u00e9ral de la protection de la Constitution | Vie Associative","isPartOf":{"@id":"https:\/\/vieassociative.be\/actualites\/#website"},"primaryImageOfPage":{"@id":"https:\/\/vieassociative.be\/actualites\/lafd-celebre-un-succes-partiel-dans-son-conflit-avec-loffice-federal-de-la-protection-de-la-constitution\/#primaryimage"},"image":{"@id":"https:\/\/vieassociative.be\/actualites\/lafd-celebre-un-succes-partiel-dans-son-conflit-avec-loffice-federal-de-la-protection-de-la-constitution\/#primaryimage"},"thumbnailUrl":"https:\/\/vieassociative.be\/actualites\/wp-content\/uploads\/2026\/02\/1772144246_LAfD-celebre-un-succes-partiel-dans-son-conflit-avec-lOffice.jpg","datePublished":"2026-02-26T22:17:25+00:00","dateModified":"2026-02-26T22:17:25+00:00","breadcrumb":{"@id":"https:\/\/vieassociative.be\/actualites\/lafd-celebre-un-succes-partiel-dans-son-conflit-avec-loffice-federal-de-la-protection-de-la-constitution\/#breadcrumb"},"inLanguage":"fr-BE","potentialAction":[{"@type":"ReadAction","target":["https:\/\/vieassociative.be\/actualites\/lafd-celebre-un-succes-partiel-dans-son-conflit-avec-loffice-federal-de-la-protection-de-la-constitution\/"]}]},{"@type":"ImageObject","inLanguage":"fr-BE","@id":"https:\/\/vieassociative.be\/actualites\/lafd-celebre-un-succes-partiel-dans-son-conflit-avec-loffice-federal-de-la-protection-de-la-constitution\/#primaryimage","url":"https:\/\/vieassociative.be\/actualites\/wp-content\/uploads\/2026\/02\/1772144246_LAfD-celebre-un-succes-partiel-dans-son-conflit-avec-lOffice.jpg","contentUrl":"https:\/\/vieassociative.be\/actualites\/wp-content\/uploads\/2026\/02\/1772144246_LAfD-celebre-un-succes-partiel-dans-son-conflit-avec-lOffice.jpg","width":1200,"height":800,"caption":"L'AfD c\u00e9l\u00e8bre un succ\u00e8s partiel dans son conflit avec l'Office f\u00e9d\u00e9ral de la protection de la Constitution"},{"@type":"BreadcrumbList","@id":"https:\/\/vieassociative.be\/actualites\/lafd-celebre-un-succes-partiel-dans-son-conflit-avec-loffice-federal-de-la-protection-de-la-constitution\/#breadcrumb","itemListElement":[{"@type":"ListItem","position":1,"name":"Accueil","item":"https:\/\/vieassociative.be\/actualites\/"},{"@type":"ListItem","position":2,"name":"L&rsquo;AfD c\u00e9l\u00e8bre un succ\u00e8s partiel dans son conflit avec l&rsquo;Office f\u00e9d\u00e9ral de la protection de la Constitution"}]},{"@type":"WebSite","@id":"https:\/\/vieassociative.be\/actualites\/#website","url":"https:\/\/vieassociative.be\/actualites\/","name":"Vie Associative","description":"","publisher":{"@id":"https:\/\/vieassociative.be\/actualites\/#organization"},"potentialAction":[{"@type":"SearchAction","target":{"@type":"EntryPoint","urlTemplate":"https:\/\/vieassociative.be\/actualites\/?s={search_term_string}"},"query-input":{"@type":"PropertyValueSpecification","valueRequired":true,"valueName":"search_term_string"}}],"inLanguage":"fr-BE"},{"@type":"Organization","@id":"https:\/\/vieassociative.be\/actualites\/#organization","name":"Vie Associative","url":"https:\/\/vieassociative.be\/actualites\/","logo":{"@type":"ImageObject","inLanguage":"fr-BE","@id":"https:\/\/vieassociative.be\/actualites\/#\/schema\/logo\/image\/","url":"https:\/\/vieassociative.be\/actualites\/wp-content\/uploads\/2024\/09\/cropped-vieassociative_favicon.ico.png","contentUrl":"https:\/\/vieassociative.be\/actualites\/wp-content\/uploads\/2024\/09\/cropped-vieassociative_favicon.ico.png","width":512,"height":512,"caption":"Vie Associative"},"image":{"@id":"https:\/\/vieassociative.be\/actualites\/#\/schema\/logo\/image\/"}},{"@type":"Person","@id":"https:\/\/vieassociative.be\/actualites\/#\/schema\/person\/b87ac4f82f9d4e7b7cec7395b679edc4","name":"Julien","image":{"@type":"ImageObject","inLanguage":"fr-BE","@id":"https:\/\/vieassociative.be\/actualites\/#\/schema\/person\/image\/","url":"https:\/\/vieassociative.be\/actualites\/wp-content\/uploads\/2024\/09\/vie-associative-1-150x150.jpg","contentUrl":"https:\/\/vieassociative.be\/actualites\/wp-content\/uploads\/2024\/09\/vie-associative-1-150x150.jpg","caption":"Julien"},"description":"Je suis Julien, r\u00e9dacteur pour Vie Associative. Passionn\u00e9 par le monde associatif depuis plus de 10 ans, j'ai \u00e0 c\u0153ur de partager des histoires inspirantes et de mettre en lumi\u00e8re les initiatives locales. Mon objectif est de sensibiliser et d'encourager l'engagement communautaire \u00e0 travers mes articles.","sameAs":["https:\/\/vieassociative.be\/"]}]}},"_links":{"self":[{"href":"https:\/\/vieassociative.be\/actualites\/wp-json\/wp\/v2\/posts\/12809"}],"collection":[{"href":"https:\/\/vieassociative.be\/actualites\/wp-json\/wp\/v2\/posts"}],"about":[{"href":"https:\/\/vieassociative.be\/actualites\/wp-json\/wp\/v2\/types\/post"}],"author":[{"embeddable":true,"href":"https:\/\/vieassociative.be\/actualites\/wp-json\/wp\/v2\/users\/1"}],"replies":[{"embeddable":true,"href":"https:\/\/vieassociative.be\/actualites\/wp-json\/wp\/v2\/comments?post=12809"}],"version-history":[{"count":0,"href":"https:\/\/vieassociative.be\/actualites\/wp-json\/wp\/v2\/posts\/12809\/revisions"}],"wp:featuredmedia":[{"embeddable":true,"href":"https:\/\/vieassociative.be\/actualites\/wp-json\/wp\/v2\/media\/12810"}],"wp:attachment":[{"href":"https:\/\/vieassociative.be\/actualites\/wp-json\/wp\/v2\/media?parent=12809"}],"wp:term":[{"taxonomy":"category","embeddable":true,"href":"https:\/\/vieassociative.be\/actualites\/wp-json\/wp\/v2\/categories?post=12809"},{"taxonomy":"post_tag","embeddable":true,"href":"https:\/\/vieassociative.be\/actualites\/wp-json\/wp\/v2\/tags?post=12809"}],"curies":[{"name":"wp","href":"https:\/\/api.w.org\/{rel}","templated":true}]}}