{"id":12807,"date":"2026-02-26T22:17:38","date_gmt":"2026-02-26T21:17:38","guid":{"rendered":"https:\/\/vieassociative.be\/actualites\/alexa-damazon-propose-trois-nouvelles-personnalites\/"},"modified":"2026-02-26T22:17:38","modified_gmt":"2026-02-26T21:17:38","slug":"alexa-damazon-propose-trois-nouvelles-personnalites","status":"publish","type":"post","link":"https:\/\/vieassociative.be\/actualites\/alexa-damazon-propose-trois-nouvelles-personnalites\/","title":{"rendered":"Alexa+ d&rsquo;Amazon propose trois nouvelles personnalit\u00e9s"},"content":{"rendered":"<p>D\u00e9but f\u00e9vrier, Amazon a officiellement lanc\u00e9 Alexa+, le nouvel assistant aliment\u00e9 par l&rsquo;IA de la soci\u00e9t\u00e9. Alexa+ est comme l&rsquo;ancienne Alexa, mais avec de nouvelles capacit\u00e9s contextuelles. Les utilisateurs peuvent poser des questions complexes en plusieurs parties, ainsi que des demandes de t\u00e2ches, comme demander \u00e0 Alexa de vous r\u00e9server des billets de concert. Si vous avez utilis\u00e9 un mode vocal sur des chatbots comme ChatGPT ou Gemini, vous connaissez le concept : il est \u00e9galement disponible maintenant sur vos appareils Echo. D\u00e9sormais, Amazon vous permet de personnaliser l\u00e9g\u00e8rement la personnalit\u00e9 de votre nouvel assistant IA, offrant le choix entre des robots concis, calmes et enthousiastes. <\/p>\n<p>Mercredi, Amazon a annonc\u00e9 les \u00ab\u00a0styles de personnalit\u00e9 Alexa+\u00a0\u00bb, une nouvelle fonctionnalit\u00e9 qui vous permet de personnaliser la fa\u00e7on dont Alexa r\u00e9pond aux requ\u00eates et aux demandes. Au lancement, Amazon d\u00e9ploie trois styles pour cette exp\u00e9rience : \u00ab Brief \u00bb, \u00ab Chill \u00bb et \u00ab Sweet \u00bb. Selon Amazon, Brief est le choix des utilisateurs qui souhaitent des r\u00e9ponses plus courtes, plus directes et pr\u00e9cises. Il devrait y avoir un langage moins fleuri que celui pour lequel les chatbots sont connus, y compris des bavardages et des \u00ab conversations suppl\u00e9mentaires \u00bb. Chill, en revanche, vise \u00e0 \u00eatre une personnalit\u00e9 \u00ab d\u00e9contract\u00e9e et d\u00e9tendue \u00bb, qui imite \u00ab discuter avec un ami d\u00e9contract\u00e9 \u00bb. Amazon affirme que les utilisateurs qui ajoutent la personnalit\u00e9 Chill \u00e0 Alexa+ remarqueront que les conversations sont \u00ab a\u00e9r\u00e9es \u00bb, et Alexa+ devrait offrir des \u00ab conseils doux \u00bb avec les demandes. Sweet est votre \u00ab plus grande pom-pom girl \u00bb : Amazon dit que ce robot r\u00e9pond avec chaleur et enthousiasme, c\u00e9l\u00e9brant vos succ\u00e8s, vous encourageant et transformant \u00ab les moments quotidiens en opportunit\u00e9s de positivit\u00e9 \u00bb. (Je voulais juste conna\u00eetre la m\u00e9t\u00e9o, Alexa.)<\/p>\n<p>Vous pouvez entendre un \u00e9chantillon de chaque personnalit\u00e9 sur la page d&rsquo;annonce officielle d&rsquo;Amazon ou utiliser les int\u00e9grations ci-dessous. Amazon a mis en ligne des liens Soundcloud avec un brief pour chacun, afin que vous puissiez avoir une id\u00e9e de la voix et du style des trois. Tout d\u2019abord, il y a le Brief, qui dit simplement\u00a0: \u00ab\u00a0Fonctionner efficacement\u00a0\u00bb\u00a0:<\/p>\n<div class=\"raw-embed\">\n<div style=\"font-size: 10px;color: #cccccc;overflow: hidden;font-family: Interstate,Lucida Grande,Lucida Sans Unicode,Lucida Sans,Garuda,Verdana,Tahoma,sans-serif;font-weight: 100\">Amazon Alexa \u00b7 Bref style de personnalit\u00e9<\/div>\n<\/div>\n<p>Vient ensuite Chill, qui dit : \u00ab La vie me traite bien. Tous les syst\u00e8mes sont zen et l&rsquo;univers num\u00e9rique tourne en harmonie \u00bb\u00a0:<\/p>\n<div class=\"raw-embed\">\n<div style=\"font-size: 10px;color: #cccccc;overflow: hidden;font-family: Interstate,Lucida Grande,Lucida Sans Unicode,Lucida Sans,Garuda,Verdana,Tahoma,sans-serif;font-weight: 100\">Amazon Alexa \u00b7 Style de personnalit\u00e9 relaxant<\/div>\n<\/div>\n<p>Enfin, il y a Sweet, qui dit : \u00ab Absolument fantastique. Je rayonne de pure joie et je suis pr\u00eat \u00e0 rendre votre journ\u00e9e incroyablement incroyable \u00bb\u00a0:<\/p>\n<div class=\"raw-embed\">\n<div style=\"font-size: 10px;color: #cccccc;overflow: hidden;font-family: Interstate,Lucida Grande,Lucida Sans Unicode,Lucida Sans,Garuda,Verdana,Tahoma,sans-serif;font-weight: 100\">Amazon Alexa \u00b7 Styles de personnalit\u00e9<\/div>\n<\/div>\n<p>Amazon affirme que chacune de ces voix a \u00e9t\u00e9 cr\u00e9\u00e9e selon cinq piliers\u00a0: l&rsquo;expressivit\u00e9, qui peut \u00eatre concise \u00e0 verbeuse\u00a0; Ouverture \u00e9motionnelle, qui peut \u00eatre r\u00e9serv\u00e9e aux enthousiastes ; Formalit\u00e9, qui peut \u00eatre professionnelle ou occasionnelle\u00a0; La franchise, qui peut \u00eatre diplomatique voire \u00e9mouss\u00e9e\u00a0; et l&rsquo;humour, qui peut aller de l&rsquo;esprit subtil au sarcasme manifeste. Chaque pilier poss\u00e8de ses propres gammes, qui informent chaque personnalit\u00e9. Par exemple, Amazon dit que Brief est particuli\u00e8rement concis, d\u00e9contract\u00e9 et direct, avec un minimum d&rsquo;humour, tandis que Sweet est chaleureux, \u00e9motionnellement expressif, d\u00e9contract\u00e9 et encourageant. <\/p>\n<p>Malgr\u00e9 les \u00e9chantillons audio ci-dessus, Amazon ne vous obligera pas non plus \u00e0 vous en tenir \u00e0 ces voix par d\u00e9faut. Vous pouvez choisir un nouveau style de personnalit\u00e9 tout en basculant entre les huit options vocales diff\u00e9rentes propos\u00e9es par Amazon.<\/p>\n<h2 id=\"how-to-try-amazons-new-personality-styles-with-alexa\">Comment essayer les nouveaux styles de personnalit\u00e9 d&rsquo;Amazon avec Alexa<\/h2>\n<p>Toute personne ayant acc\u00e8s \u00e0 Alexa+, via l&rsquo;abonnement Alexa+ ou un abonnement Prime, peut essayer ces modifications. Amazon affirme avoir rendu le processus d&rsquo;essai de nouveaux styles de personnalit\u00e9 assez simple : vous pouvez simplement dire \u00ab Alexa, change ton style de personnalit\u00e9 \u00bb. Alternativement, vous pouvez \u00e9galement trouver les options dans l&rsquo;application Alexa. S\u00e9lectionnez l&rsquo;appareil en question, puis rendez-vous sur <strong>Param\u00e8tres de l&rsquo;appareil > Style de personnalit\u00e9 d&rsquo;Alexa<\/strong>. <\/p>\n<p>Pour modifier la voix du style choisi, acc\u00e9dez \u00e0 nouveau aux param\u00e8tres de votre appareil dans l&rsquo;application Alexa, puis, sous \u00ab G\u00e9n\u00e9ral \u00bb, choisissez votre voix.  <\/p>\n","protected":false},"excerpt":{"rendered":"<p>D\u00e9but f\u00e9vrier, Amazon a officiellement lanc\u00e9 Alexa+, le nouvel assistant aliment\u00e9 par l&rsquo;IA de la soci\u00e9t\u00e9. Alexa+ est comme l&rsquo;ancienne Alexa, mais avec de nouvelles<\/p>\n","protected":false},"author":1,"featured_media":12808,"comment_status":"","ping_status":"","sticky":false,"template":"","format":"standard","meta":{"footnotes":""},"categories":[13],"tags":[3492,1154,1215,10111,1546,771],"class_list":["post-12807","post","type-post","status-publish","format-standard","has-post-thumbnail","hentry","category-technologie","tag-alexa","tag-damazon","tag-nouvelles","tag-personnalites","tag-propose","tag-trois","generate-columns","tablet-grid-50","mobile-grid-100","grid-parent","grid-33"],"yoast_head":"<!-- This site is optimized with the Yoast SEO plugin v24.0 - https:\/\/yoast.com\/wordpress\/plugins\/seo\/ -->\n<title>Alexa+ d&#039;Amazon propose trois nouvelles personnalit\u00e9s | Vie Associative<\/title>\n<meta name=\"robots\" content=\"index, follow, max-snippet:-1, max-image-preview:large, max-video-preview:-1\" \/>\n<link rel=\"canonical\" href=\"https:\/\/vieassociative.be\/actualites\/alexa-damazon-propose-trois-nouvelles-personnalites\/\" \/>\n<meta property=\"og:locale\" content=\"fr_FR\" \/>\n<meta property=\"og:type\" content=\"article\" \/>\n<meta property=\"og:title\" content=\"Alexa+ d&#039;Amazon propose trois nouvelles personnalit\u00e9s | Vie Associative\" \/>\n<meta property=\"og:description\" content=\"D\u00e9but f\u00e9vrier, Amazon a officiellement lanc\u00e9 Alexa+, le nouvel assistant aliment\u00e9 par l&rsquo;IA de la soci\u00e9t\u00e9. Alexa+ est comme l&rsquo;ancienne Alexa, mais avec de nouvelles\" \/>\n<meta property=\"og:url\" content=\"https:\/\/vieassociative.be\/actualites\/alexa-damazon-propose-trois-nouvelles-personnalites\/\" \/>\n<meta property=\"og:site_name\" content=\"Vie Associative\" \/>\n<meta property=\"article:published_time\" content=\"2026-02-26T21:17:38+00:00\" \/>\n<meta property=\"og:image\" content=\"https:\/\/vieassociative.be\/actualites\/wp-content\/uploads\/2024\/09\/header_backgroundk-01-e1726694325946.png\" \/>\n\t<meta property=\"og:image:width\" content=\"279\" \/>\n\t<meta property=\"og:image:height\" content=\"92\" \/>\n\t<meta property=\"og:image:type\" content=\"image\/png\" \/>\n<meta name=\"author\" content=\"Julien\" \/>\n<meta name=\"twitter:card\" content=\"summary_large_image\" \/>\n<meta name=\"twitter:label1\" content=\"\u00c9crit par\" \/>\n\t<meta name=\"twitter:data1\" content=\"Julien\" \/>\n\t<meta name=\"twitter:label2\" content=\"Dur\u00e9e de lecture est.\" \/>\n\t<meta name=\"twitter:data2\" content=\"3 minutes\" \/>\n<script type=\"application\/ld+json\" class=\"yoast-schema-graph\">{\"@context\":\"https:\/\/schema.org\",\"@graph\":[{\"@type\":\"Article\",\"@id\":\"https:\/\/vieassociative.be\/actualites\/alexa-damazon-propose-trois-nouvelles-personnalites\/#article\",\"isPartOf\":{\"@id\":\"https:\/\/vieassociative.be\/actualites\/alexa-damazon-propose-trois-nouvelles-personnalites\/\"},\"author\":{\"name\":\"Julien\",\"@id\":\"https:\/\/vieassociative.be\/actualites\/#\/schema\/person\/b87ac4f82f9d4e7b7cec7395b679edc4\"},\"headline\":\"Alexa+ d&rsquo;Amazon propose trois nouvelles personnalit\u00e9s\",\"datePublished\":\"2026-02-26T21:17:38+00:00\",\"dateModified\":\"2026-02-26T21:17:38+00:00\",\"mainEntityOfPage\":{\"@id\":\"https:\/\/vieassociative.be\/actualites\/alexa-damazon-propose-trois-nouvelles-personnalites\/\"},\"wordCount\":694,\"publisher\":{\"@id\":\"https:\/\/vieassociative.be\/actualites\/#organization\"},\"image\":{\"@id\":\"https:\/\/vieassociative.be\/actualites\/alexa-damazon-propose-trois-nouvelles-personnalites\/#primaryimage\"},\"thumbnailUrl\":\"https:\/\/vieassociative.be\/actualites\/wp-content\/uploads\/2026\/02\/Alexa-dAmazon-propose-trois-nouvelles-personnalites.png\",\"keywords\":[\"Alexa\",\"dAmazon\",\"nouvelles\",\"personnalit\u00e9s\",\"propose\",\"trois\"],\"articleSection\":[\"Technologie\"],\"inLanguage\":\"fr-BE\"},{\"@type\":\"WebPage\",\"@id\":\"https:\/\/vieassociative.be\/actualites\/alexa-damazon-propose-trois-nouvelles-personnalites\/\",\"url\":\"https:\/\/vieassociative.be\/actualites\/alexa-damazon-propose-trois-nouvelles-personnalites\/\",\"name\":\"Alexa+ d'Amazon propose trois nouvelles personnalit\u00e9s | Vie Associative\",\"isPartOf\":{\"@id\":\"https:\/\/vieassociative.be\/actualites\/#website\"},\"primaryImageOfPage\":{\"@id\":\"https:\/\/vieassociative.be\/actualites\/alexa-damazon-propose-trois-nouvelles-personnalites\/#primaryimage\"},\"image\":{\"@id\":\"https:\/\/vieassociative.be\/actualites\/alexa-damazon-propose-trois-nouvelles-personnalites\/#primaryimage\"},\"thumbnailUrl\":\"https:\/\/vieassociative.be\/actualites\/wp-content\/uploads\/2026\/02\/Alexa-dAmazon-propose-trois-nouvelles-personnalites.png\",\"datePublished\":\"2026-02-26T21:17:38+00:00\",\"dateModified\":\"2026-02-26T21:17:38+00:00\",\"breadcrumb\":{\"@id\":\"https:\/\/vieassociative.be\/actualites\/alexa-damazon-propose-trois-nouvelles-personnalites\/#breadcrumb\"},\"inLanguage\":\"fr-BE\",\"potentialAction\":[{\"@type\":\"ReadAction\",\"target\":[\"https:\/\/vieassociative.be\/actualites\/alexa-damazon-propose-trois-nouvelles-personnalites\/\"]}]},{\"@type\":\"ImageObject\",\"inLanguage\":\"fr-BE\",\"@id\":\"https:\/\/vieassociative.be\/actualites\/alexa-damazon-propose-trois-nouvelles-personnalites\/#primaryimage\",\"url\":\"https:\/\/vieassociative.be\/actualites\/wp-content\/uploads\/2026\/02\/Alexa-dAmazon-propose-trois-nouvelles-personnalites.png\",\"contentUrl\":\"https:\/\/vieassociative.be\/actualites\/wp-content\/uploads\/2026\/02\/Alexa-dAmazon-propose-trois-nouvelles-personnalites.png\",\"width\":1200,\"height\":675,\"caption\":\"Alexa+ d'Amazon propose trois nouvelles personnalit\u00e9s\"},{\"@type\":\"BreadcrumbList\",\"@id\":\"https:\/\/vieassociative.be\/actualites\/alexa-damazon-propose-trois-nouvelles-personnalites\/#breadcrumb\",\"itemListElement\":[{\"@type\":\"ListItem\",\"position\":1,\"name\":\"Accueil\",\"item\":\"https:\/\/vieassociative.be\/actualites\/\"},{\"@type\":\"ListItem\",\"position\":2,\"name\":\"Alexa+ d&rsquo;Amazon propose trois nouvelles personnalit\u00e9s\"}]},{\"@type\":\"WebSite\",\"@id\":\"https:\/\/vieassociative.be\/actualites\/#website\",\"url\":\"https:\/\/vieassociative.be\/actualites\/\",\"name\":\"Vie Associative\",\"description\":\"\",\"publisher\":{\"@id\":\"https:\/\/vieassociative.be\/actualites\/#organization\"},\"potentialAction\":[{\"@type\":\"SearchAction\",\"target\":{\"@type\":\"EntryPoint\",\"urlTemplate\":\"https:\/\/vieassociative.be\/actualites\/?s={search_term_string}\"},\"query-input\":{\"@type\":\"PropertyValueSpecification\",\"valueRequired\":true,\"valueName\":\"search_term_string\"}}],\"inLanguage\":\"fr-BE\"},{\"@type\":\"Organization\",\"@id\":\"https:\/\/vieassociative.be\/actualites\/#organization\",\"name\":\"Vie Associative\",\"url\":\"https:\/\/vieassociative.be\/actualites\/\",\"logo\":{\"@type\":\"ImageObject\",\"inLanguage\":\"fr-BE\",\"@id\":\"https:\/\/vieassociative.be\/actualites\/#\/schema\/logo\/image\/\",\"url\":\"https:\/\/vieassociative.be\/actualites\/wp-content\/uploads\/2024\/09\/cropped-vieassociative_favicon.ico.png\",\"contentUrl\":\"https:\/\/vieassociative.be\/actualites\/wp-content\/uploads\/2024\/09\/cropped-vieassociative_favicon.ico.png\",\"width\":512,\"height\":512,\"caption\":\"Vie Associative\"},\"image\":{\"@id\":\"https:\/\/vieassociative.be\/actualites\/#\/schema\/logo\/image\/\"}},{\"@type\":\"Person\",\"@id\":\"https:\/\/vieassociative.be\/actualites\/#\/schema\/person\/b87ac4f82f9d4e7b7cec7395b679edc4\",\"name\":\"Julien\",\"image\":{\"@type\":\"ImageObject\",\"inLanguage\":\"fr-BE\",\"@id\":\"https:\/\/vieassociative.be\/actualites\/#\/schema\/person\/image\/\",\"url\":\"https:\/\/vieassociative.be\/actualites\/wp-content\/uploads\/2024\/09\/vie-associative-1-150x150.jpg\",\"contentUrl\":\"https:\/\/vieassociative.be\/actualites\/wp-content\/uploads\/2024\/09\/vie-associative-1-150x150.jpg\",\"caption\":\"Julien\"},\"description\":\"Je suis Julien, r\u00e9dacteur pour Vie Associative. Passionn\u00e9 par le monde associatif depuis plus de 10 ans, j'ai \u00e0 c\u0153ur de partager des histoires inspirantes et de mettre en lumi\u00e8re les initiatives locales. Mon objectif est de sensibiliser et d'encourager l'engagement communautaire \u00e0 travers mes articles.\",\"sameAs\":[\"https:\/\/vieassociative.be\/\"]}]}<\/script>\n<!-- \/ Yoast SEO plugin. -->","yoast_head_json":{"title":"Alexa+ d'Amazon propose trois nouvelles personnalit\u00e9s | Vie Associative","robots":{"index":"index","follow":"follow","max-snippet":"max-snippet:-1","max-image-preview":"max-image-preview:large","max-video-preview":"max-video-preview:-1"},"canonical":"https:\/\/vieassociative.be\/actualites\/alexa-damazon-propose-trois-nouvelles-personnalites\/","og_locale":"fr_FR","og_type":"article","og_title":"Alexa+ d'Amazon propose trois nouvelles personnalit\u00e9s | Vie Associative","og_description":"D\u00e9but f\u00e9vrier, Amazon a officiellement lanc\u00e9 Alexa+, le nouvel assistant aliment\u00e9 par l&rsquo;IA de la soci\u00e9t\u00e9. Alexa+ est comme l&rsquo;ancienne Alexa, mais avec de nouvelles","og_url":"https:\/\/vieassociative.be\/actualites\/alexa-damazon-propose-trois-nouvelles-personnalites\/","og_site_name":"Vie Associative","article_published_time":"2026-02-26T21:17:38+00:00","og_image":[{"width":279,"height":92,"url":"https:\/\/vieassociative.be\/actualites\/wp-content\/uploads\/2024\/09\/header_backgroundk-01-e1726694325946.png","type":"image\/png"}],"author":"Julien","twitter_card":"summary_large_image","twitter_misc":{"\u00c9crit par":"Julien","Dur\u00e9e de lecture est.":"3 minutes"},"schema":{"@context":"https:\/\/schema.org","@graph":[{"@type":"Article","@id":"https:\/\/vieassociative.be\/actualites\/alexa-damazon-propose-trois-nouvelles-personnalites\/#article","isPartOf":{"@id":"https:\/\/vieassociative.be\/actualites\/alexa-damazon-propose-trois-nouvelles-personnalites\/"},"author":{"name":"Julien","@id":"https:\/\/vieassociative.be\/actualites\/#\/schema\/person\/b87ac4f82f9d4e7b7cec7395b679edc4"},"headline":"Alexa+ d&rsquo;Amazon propose trois nouvelles personnalit\u00e9s","datePublished":"2026-02-26T21:17:38+00:00","dateModified":"2026-02-26T21:17:38+00:00","mainEntityOfPage":{"@id":"https:\/\/vieassociative.be\/actualites\/alexa-damazon-propose-trois-nouvelles-personnalites\/"},"wordCount":694,"publisher":{"@id":"https:\/\/vieassociative.be\/actualites\/#organization"},"image":{"@id":"https:\/\/vieassociative.be\/actualites\/alexa-damazon-propose-trois-nouvelles-personnalites\/#primaryimage"},"thumbnailUrl":"https:\/\/vieassociative.be\/actualites\/wp-content\/uploads\/2026\/02\/Alexa-dAmazon-propose-trois-nouvelles-personnalites.png","keywords":["Alexa","dAmazon","nouvelles","personnalit\u00e9s","propose","trois"],"articleSection":["Technologie"],"inLanguage":"fr-BE"},{"@type":"WebPage","@id":"https:\/\/vieassociative.be\/actualites\/alexa-damazon-propose-trois-nouvelles-personnalites\/","url":"https:\/\/vieassociative.be\/actualites\/alexa-damazon-propose-trois-nouvelles-personnalites\/","name":"Alexa+ d'Amazon propose trois nouvelles personnalit\u00e9s | Vie Associative","isPartOf":{"@id":"https:\/\/vieassociative.be\/actualites\/#website"},"primaryImageOfPage":{"@id":"https:\/\/vieassociative.be\/actualites\/alexa-damazon-propose-trois-nouvelles-personnalites\/#primaryimage"},"image":{"@id":"https:\/\/vieassociative.be\/actualites\/alexa-damazon-propose-trois-nouvelles-personnalites\/#primaryimage"},"thumbnailUrl":"https:\/\/vieassociative.be\/actualites\/wp-content\/uploads\/2026\/02\/Alexa-dAmazon-propose-trois-nouvelles-personnalites.png","datePublished":"2026-02-26T21:17:38+00:00","dateModified":"2026-02-26T21:17:38+00:00","breadcrumb":{"@id":"https:\/\/vieassociative.be\/actualites\/alexa-damazon-propose-trois-nouvelles-personnalites\/#breadcrumb"},"inLanguage":"fr-BE","potentialAction":[{"@type":"ReadAction","target":["https:\/\/vieassociative.be\/actualites\/alexa-damazon-propose-trois-nouvelles-personnalites\/"]}]},{"@type":"ImageObject","inLanguage":"fr-BE","@id":"https:\/\/vieassociative.be\/actualites\/alexa-damazon-propose-trois-nouvelles-personnalites\/#primaryimage","url":"https:\/\/vieassociative.be\/actualites\/wp-content\/uploads\/2026\/02\/Alexa-dAmazon-propose-trois-nouvelles-personnalites.png","contentUrl":"https:\/\/vieassociative.be\/actualites\/wp-content\/uploads\/2026\/02\/Alexa-dAmazon-propose-trois-nouvelles-personnalites.png","width":1200,"height":675,"caption":"Alexa+ d'Amazon propose trois nouvelles personnalit\u00e9s"},{"@type":"BreadcrumbList","@id":"https:\/\/vieassociative.be\/actualites\/alexa-damazon-propose-trois-nouvelles-personnalites\/#breadcrumb","itemListElement":[{"@type":"ListItem","position":1,"name":"Accueil","item":"https:\/\/vieassociative.be\/actualites\/"},{"@type":"ListItem","position":2,"name":"Alexa+ d&rsquo;Amazon propose trois nouvelles personnalit\u00e9s"}]},{"@type":"WebSite","@id":"https:\/\/vieassociative.be\/actualites\/#website","url":"https:\/\/vieassociative.be\/actualites\/","name":"Vie Associative","description":"","publisher":{"@id":"https:\/\/vieassociative.be\/actualites\/#organization"},"potentialAction":[{"@type":"SearchAction","target":{"@type":"EntryPoint","urlTemplate":"https:\/\/vieassociative.be\/actualites\/?s={search_term_string}"},"query-input":{"@type":"PropertyValueSpecification","valueRequired":true,"valueName":"search_term_string"}}],"inLanguage":"fr-BE"},{"@type":"Organization","@id":"https:\/\/vieassociative.be\/actualites\/#organization","name":"Vie Associative","url":"https:\/\/vieassociative.be\/actualites\/","logo":{"@type":"ImageObject","inLanguage":"fr-BE","@id":"https:\/\/vieassociative.be\/actualites\/#\/schema\/logo\/image\/","url":"https:\/\/vieassociative.be\/actualites\/wp-content\/uploads\/2024\/09\/cropped-vieassociative_favicon.ico.png","contentUrl":"https:\/\/vieassociative.be\/actualites\/wp-content\/uploads\/2024\/09\/cropped-vieassociative_favicon.ico.png","width":512,"height":512,"caption":"Vie Associative"},"image":{"@id":"https:\/\/vieassociative.be\/actualites\/#\/schema\/logo\/image\/"}},{"@type":"Person","@id":"https:\/\/vieassociative.be\/actualites\/#\/schema\/person\/b87ac4f82f9d4e7b7cec7395b679edc4","name":"Julien","image":{"@type":"ImageObject","inLanguage":"fr-BE","@id":"https:\/\/vieassociative.be\/actualites\/#\/schema\/person\/image\/","url":"https:\/\/vieassociative.be\/actualites\/wp-content\/uploads\/2024\/09\/vie-associative-1-150x150.jpg","contentUrl":"https:\/\/vieassociative.be\/actualites\/wp-content\/uploads\/2024\/09\/vie-associative-1-150x150.jpg","caption":"Julien"},"description":"Je suis Julien, r\u00e9dacteur pour Vie Associative. Passionn\u00e9 par le monde associatif depuis plus de 10 ans, j'ai \u00e0 c\u0153ur de partager des histoires inspirantes et de mettre en lumi\u00e8re les initiatives locales. Mon objectif est de sensibiliser et d'encourager l'engagement communautaire \u00e0 travers mes articles.","sameAs":["https:\/\/vieassociative.be\/"]}]}},"_links":{"self":[{"href":"https:\/\/vieassociative.be\/actualites\/wp-json\/wp\/v2\/posts\/12807"}],"collection":[{"href":"https:\/\/vieassociative.be\/actualites\/wp-json\/wp\/v2\/posts"}],"about":[{"href":"https:\/\/vieassociative.be\/actualites\/wp-json\/wp\/v2\/types\/post"}],"author":[{"embeddable":true,"href":"https:\/\/vieassociative.be\/actualites\/wp-json\/wp\/v2\/users\/1"}],"replies":[{"embeddable":true,"href":"https:\/\/vieassociative.be\/actualites\/wp-json\/wp\/v2\/comments?post=12807"}],"version-history":[{"count":0,"href":"https:\/\/vieassociative.be\/actualites\/wp-json\/wp\/v2\/posts\/12807\/revisions"}],"wp:featuredmedia":[{"embeddable":true,"href":"https:\/\/vieassociative.be\/actualites\/wp-json\/wp\/v2\/media\/12808"}],"wp:attachment":[{"href":"https:\/\/vieassociative.be\/actualites\/wp-json\/wp\/v2\/media?parent=12807"}],"wp:term":[{"taxonomy":"category","embeddable":true,"href":"https:\/\/vieassociative.be\/actualites\/wp-json\/wp\/v2\/categories?post=12807"},{"taxonomy":"post_tag","embeddable":true,"href":"https:\/\/vieassociative.be\/actualites\/wp-json\/wp\/v2\/tags?post=12807"}],"curies":[{"name":"wp","href":"https:\/\/api.w.org\/{rel}","templated":true}]}}