{"id":12805,"date":"2026-02-26T17:17:35","date_gmt":"2026-02-26T16:17:35","guid":{"rendered":"https:\/\/vieassociative.be\/actualites\/sur-la-piste-gluante-de-trump-et-poutine-infantino-est-depuis-10-ans-le-patron-de-la-federation-mondiale-de-football-fifa\/"},"modified":"2026-02-26T17:17:35","modified_gmt":"2026-02-26T16:17:35","slug":"sur-la-piste-gluante-de-trump-et-poutine-infantino-est-depuis-10-ans-le-patron-de-la-federation-mondiale-de-football-fifa","status":"publish","type":"post","link":"https:\/\/vieassociative.be\/actualites\/sur-la-piste-gluante-de-trump-et-poutine-infantino-est-depuis-10-ans-le-patron-de-la-federation-mondiale-de-football-fifa\/","title":{"rendered":"Sur la \u00ab piste gluante \u00bb de Trump et Poutine : Infantino est depuis 10 ans le patron de la F\u00e9d\u00e9ration mondiale de football FIFA"},"content":{"rendered":"<p><strong>Entre pouvoir, critiques et s\u00e9r\u00e9nades d&rsquo;anniversaire : Gianni Infantino f\u00eate ses dix ans \u00e0 la t\u00eate de la F\u00e9d\u00e9ration mondiale de football et continue de faire sensation &#8211; et pas seulement parmi son ami Donald Trump.<\/strong><\/p>\n<p><span id=\"more-437236\"><\/span>Une s\u00e9r\u00e9nade d&rsquo;anniversaire d\u00e9licatement chant\u00e9e \u00e0 la mani\u00e8re du classique de Marilyn Monroe pour John F. Kennedy serait certainement du go\u00fbt de Gianni Infantino. Les Suisses n\u2019aiment rien de plus que l\u2019environnement du pouvoir.<\/p>\n<p>\u00ab\u00a0Joyeux anniversaire, Monsieur le Pr\u00e9sident\u00a0\u00bb dans le sens de l&rsquo;\u00e2ge ne sera prononc\u00e9 pour le patron de la FIFA que dans un peu moins d&rsquo;un mois. Ce jeudi, le Suisse a une autre raison de faire la f\u00eate : son dixi\u00e8me anniversaire \u00e0 la t\u00eate de la F\u00e9d\u00e9ration mondiale de football.<\/p>\n<div id=\"attachment_431174\" class=\"wp-caption alignleft\" style=\"max-width: 300px\"><img fetchpriority=\"high\" decoding=\"async\" class=\"wp-image-431174 size-medium\" src=\"https:\/\/vieassociative.be\/actualites\/wp-content\/uploads\/2025\/12\/Trump-laureat-du-Prix-de-la-Paix-de-la-FIFA.jpg\" alt=\"\" width=\"300\" height=\"200\"><\/div>\n<p>Il a \u00e9galement fallu rechercher au pr\u00e9alable o\u00f9 et comment Infantino passerait sa journ\u00e9e sp\u00e9ciale au si\u00e8ge de la FIFA \u00e0 Zurich. Cet homme de 55 ans voyage sans arr\u00eat. Vous pouvez y perdre la trace des choses. Lors d&rsquo;une r\u00e9union en Colombie, il a dissip\u00e9 les inqui\u00e9tudes concernant la s\u00e9curit\u00e9 de la Coupe du monde au Mexique. \u00ab\u00a0Nous ne vivons pas sur la Lune ou sur une autre plan\u00e8te, des choses arrivent\u00a0\u00bb, a-t-il d\u00e9clar\u00e9 \u00e0 propos des exc\u00e8s violents qui ont fait de nombreux morts dans le pays co-organisateur de la m\u00e9ga Coupe du monde. Tout ira certainement bien en \u00e9t\u00e9.<\/p>\n<p><strong>\u2013 Invit\u00e9 permanent \u00e0 la Maison Blanche :<\/strong> Infantino est toujours \u00e0 Washington. Comme r\u00e9cemment lors de la premi\u00e8re r\u00e9union du Conseil de paix de Donald Trump, prochain \u00e9v\u00e9nement dans une amiti\u00e9 masculine tr\u00e8s controvers\u00e9e. La remise du Prix de la Paix de la FIFA au pr\u00e9sident am\u00e9ricain lors de l&rsquo;\u00e9trange tirage au sort de d\u00e9cembre a \u00e9t\u00e9 jusqu&rsquo;\u00e0 pr\u00e9sent le point culminant. \u00ab Slime trail \u00bb \u00e9tait le slogan des critiques acerbes des m\u00e9dias, principalement anglais, \u00e0 l&rsquo;\u00e9gard du comportement soumis en d\u00e9cembre.<\/p>\n<p>Infantino s&rsquo;en prend et Infantino polarise, Infantino provoque &#8211; en particulier dans les pays o\u00f9 le football et la moralit\u00e9 sont consid\u00e9r\u00e9s comme des \u00e9l\u00e9ments interd\u00e9pendants. La FIFA s&rsquo;y oppose : le travail du patron de l&rsquo;association est per\u00e7u positivement dans plus de 200 pays et il est populaire et appr\u00e9ci\u00e9. En fait, au cours de sa premi\u00e8re d\u00e9cennie \u00e0 la t\u00eate de la FIFA, il a assur\u00e9 une plus grande participation mondiale aux comp\u00e9titions et une s\u00e9curit\u00e9 mat\u00e9rielle dans de nombreux endroits.<\/p>\n<p>Infantino \u00ab\u00a0a un c\u0153ur de footballeur\u00a0\u00bb, a d\u00e9clar\u00e9 Karl-Heinz Rummenigge dans une interview accord\u00e9e \u00e0 la f\u00e9d\u00e9ration mondiale \u00e0 l&rsquo;occasion de son anniversaire officiel. \u00ab\u00a0Il ne s&rsquo;int\u00e9resse pas seulement \u00e0 ce dont on l&rsquo;accuse toujours, \u00e0 savoir le c\u00f4t\u00e9 des revenus, mais il s&rsquo;int\u00e9resse vraiment au football\u00a0\u00bb, a assur\u00e9 le conseil de surveillance du FC Bayern Munich, qui a occup\u00e9 diverses fonctions avec Infantino.<\/p>\n<div id=\"attachment_183316\" class=\"wp-caption alignleft\" style=\"max-width: 300px\"><img decoding=\"async\" class=\"wp-image-183316 size-medium\" src=\"https:\/\/vieassociative.be\/actualites\/wp-content\/uploads\/2026\/02\/Sur-la-piste-gluante-de-Trump-et-Poutine.jpeg\" alt=\"\" width=\"300\" height=\"202\"  ><\/div>\n<p><strong>\u2013 Blatter parle de \u00ab dictature \u00bb :<\/strong> L\u2019\u00e9valuation des critiques est compl\u00e8tement diff\u00e9rente. Son pr\u00e9d\u00e9cesseur Joseph Blatter accusait Infantino d&rsquo;avoir instaur\u00e9 une \u00ab dictature \u00bb. \u00ab\u00a0Il r\u00e8gne comme un roi soleil\u00a0\u00bb, a d\u00e9clar\u00e9 \u00e0 plusieurs m\u00e9dias son pr\u00e9d\u00e9cesseur, qui avait autrefois re\u00e7u ce titre. L&rsquo;ann\u00e9e derni\u00e8re, Infantino a fait attendre des heures le Congr\u00e8s de la FIFA au Paraguay. Son jet priv\u00e9 est tomb\u00e9 en panne.<\/p>\n<p>Il n\u2019existe actuellement aucune opposition de football comme Blatter en avait autrefois. Les critiques du monde sportif se retiennent largement. L&rsquo;h\u00e9g\u00e9monie d&rsquo;Infantino est actuellement accept\u00e9e.<\/p>\n<p><strong>\u2013 Gagnant surprenant des \u00e9lections :<\/strong> Le 26 f\u00e9vrier 2016, Infantino a pris la t\u00eate de la FIFA en tant que vainqueur surprise. Gr\u00e2ce \u00e0 son instinct infaillible acquis au cours de nombreuses ann\u00e9es pass\u00e9es au deuxi\u00e8me niveau du pouvoir de l&rsquo;UEFA, il s&rsquo;est impos\u00e9 contre plusieurs adversaires lors du congr\u00e8s de Zurich. \u00ab Ugh \u00bb, a-t-il d\u00e9clar\u00e9 sur sc\u00e8ne en signe de soulagement apr\u00e8s les \u00e9lections.<\/p>\n<p>De nombreux grands du football \u00e9taient soulag\u00e9s. L&rsquo;homme de 45 ans repr\u00e9sentait un d\u00e9part jeune, pragmatique et orient\u00e9 football apr\u00e8s les ann\u00e9es scandaleuses de l&rsquo;\u00e8re Blatter. \u00c0 l&rsquo;occasion de son anniversaire, la FIFA d\u00e9clare plusieurs domaines de r\u00e9ussite qu&rsquo;elle identifie : le d\u00e9veloppement du football, l&rsquo;expansion mondiale, le d\u00e9veloppement du football f\u00e9minin, le progr\u00e8s technologique et une gouvernance d&rsquo;entreprise bonne et transparente.<\/p>\n<p>Les critiques voient diff\u00e9remment ce dernier point en particulier, la participation des autres et la perm\u00e9abilit\u00e9 des hi\u00e9rarchies. \u00ab\u00a0Il aime les gens riches et puissants, ceux qui ont de l&rsquo;argent\u00a0\u00bb, a r\u00e9cemment d\u00e9clar\u00e9 Michel Platini au Guardian anglais. Sous le Fran\u00e7ais, Infantino \u00e9tait secr\u00e9taire g\u00e9n\u00e9ral de l&rsquo;UEFA. Platini \u00e9tait en fait cens\u00e9 \u00eatre le successeur de Blatter, mais des millions de dons douteux ont stopp\u00e9 son ascension. \u00ab\u00a0Il \u00e9tait un bon num\u00e9ro deux, mais il n&rsquo;est pas un bon num\u00e9ro un\u00a0\u00bb, a d\u00e9clar\u00e9 Platini.<\/p>\n<div id=\"attachment_437239\" class=\"wp-caption alignleft\" style=\"max-width: 300px\"><img decoding=\"async\" class=\"wp-image-437239 size-medium\" src=\"https:\/\/vieassociative.be\/actualites\/wp-content\/uploads\/2026\/02\/Sur-la-piste-gluante-de-Trump-et-Poutine.jpg\" alt=\"\" width=\"300\" height=\"200\"><\/div>\n<p><strong>\u2013 Egalement proche de Poutine et de l\u2019\u00e9mir du Qatar :<\/strong> \u00c0 c\u00f4t\u00e9 des politiciens du monde entier qu\u2019il pi\u00e8ge pour les tournois r\u00e9ussis de la Coupe du monde, Infantino ressemble toujours \u00e0 un subalterne luttant pour \u00eatre reconnu. Cela a \u00e9t\u00e9 le cas de Vladimir Poutine, de l\u2019\u00e9mir du Qatar et maintenant de Trump, \u00e0 tel point que le seuil de douleur a \u00e9t\u00e9 d\u00e9pass\u00e9 pour de nombreux fans de football. Infantino est un \u00ab grand gars \u00bb, dit l\u2019homme le plus puissant du monde. Les gens se flattent constamment.<\/p>\n<p>Pour comprendre Infantino, il faut tenir compte de sa vie. Pendant longtemps, l\u2019enfant immigr\u00e9 italien en Suisse s\u2019est vu refuser la reconnaissance, l\u2019appartenance et l\u2019int\u00e9gration dans un ensemble plus vaste. Le \u00ab Secondo \u00bb, comme on dit en Suisse, luttait vigoureusement pour ce sentiment. Le football a toujours offert un exutoire \u00e9motionnel. Au moins autant que d\u2019\u00eatre proche du pouvoir, Infantino aime \u00eatre proche des stars de l\u2019industrie.<\/p>\n<p>Infantino est devenu un top manager polyglotte qui parle couramment une demi-douzaine de langues et s&rsquo;assoit \u00e0 la table lorsque Trump commande le monde. Il n\u2019y a pas de fin en vue \u00e0 cette histoire cin\u00e9matographique montante.<\/p>\n<p>L&rsquo;ann\u00e9e prochaine, Infantino pourrait \u00eatre nomm\u00e9 patron de la FIFA pour quatre ann\u00e9es suppl\u00e9mentaires. C&rsquo;est dans cette optique que les statuts ont \u00e9t\u00e9 clarifi\u00e9s et que les trois premi\u00e8res ann\u00e9es du remplacement de Blatter n&rsquo;ont pas \u00e9t\u00e9 compt\u00e9es comme un mandat complet. De toute fa\u00e7on, aucun candidat adverse n\u2019est en vue. (dpa)<\/p>\n","protected":false},"excerpt":{"rendered":"<p>Entre pouvoir, critiques et s\u00e9r\u00e9nades d&rsquo;anniversaire : Gianni Infantino f\u00eate ses dix ans \u00e0 la t\u00eate de la F\u00e9d\u00e9ration mondiale de football et continue de<\/p>\n","protected":false},"author":1,"featured_media":12806,"comment_status":"","ping_status":"","sticky":false,"template":"","format":"standard","meta":{"footnotes":""},"categories":[298],"tags":[584,1824,76,7871,4080,1104,10109,10110,2990,3953,4029,4227,33,2425],"class_list":["post-12805","post","type-post","status-publish","format-standard","has-post-thumbnail","hentry","category-belgique","tag-ans","tag-depuis","tag-est","tag-federation","tag-fifa","tag-football","tag-gluante","tag-infantino","tag-mondiale","tag-patron","tag-piste","tag-poutine","tag-sur","tag-trump","generate-columns","tablet-grid-50","mobile-grid-100","grid-parent","grid-33"],"yoast_head":"<!-- This site is optimized with the Yoast SEO plugin v24.0 - https:\/\/yoast.com\/wordpress\/plugins\/seo\/ -->\n<title>Sur la \u00ab piste gluante \u00bb de Trump et Poutine : Infantino est depuis 10 ans le patron de la F\u00e9d\u00e9ration mondiale de football FIFA | Vie Associative<\/title>\n<meta name=\"robots\" content=\"index, follow, max-snippet:-1, max-image-preview:large, max-video-preview:-1\" \/>\n<link rel=\"canonical\" href=\"https:\/\/vieassociative.be\/actualites\/sur-la-piste-gluante-de-trump-et-poutine-infantino-est-depuis-10-ans-le-patron-de-la-federation-mondiale-de-football-fifa\/\" \/>\n<meta property=\"og:locale\" content=\"fr_FR\" \/>\n<meta property=\"og:type\" content=\"article\" \/>\n<meta property=\"og:title\" content=\"Sur la \u00ab piste gluante \u00bb de Trump et Poutine : Infantino est depuis 10 ans le patron de la F\u00e9d\u00e9ration mondiale de football FIFA | Vie Associative\" \/>\n<meta property=\"og:description\" content=\"Entre pouvoir, critiques et s\u00e9r\u00e9nades d&rsquo;anniversaire : Gianni Infantino f\u00eate ses dix ans \u00e0 la t\u00eate de la F\u00e9d\u00e9ration mondiale de football et continue de\" \/>\n<meta property=\"og:url\" content=\"https:\/\/vieassociative.be\/actualites\/sur-la-piste-gluante-de-trump-et-poutine-infantino-est-depuis-10-ans-le-patron-de-la-federation-mondiale-de-football-fifa\/\" \/>\n<meta property=\"og:site_name\" content=\"Vie Associative\" \/>\n<meta property=\"article:published_time\" content=\"2026-02-26T16:17:35+00:00\" \/>\n<meta property=\"og:image\" content=\"https:\/\/vieassociative.be\/actualites\/wp-content\/uploads\/2024\/09\/header_backgroundk-01-e1726694325946.png\" \/>\n\t<meta property=\"og:image:width\" content=\"279\" \/>\n\t<meta property=\"og:image:height\" content=\"92\" \/>\n\t<meta property=\"og:image:type\" content=\"image\/png\" \/>\n<meta name=\"author\" content=\"Julien\" \/>\n<meta name=\"twitter:card\" content=\"summary_large_image\" \/>\n<meta name=\"twitter:label1\" content=\"\u00c9crit par\" \/>\n\t<meta name=\"twitter:data1\" content=\"Julien\" \/>\n\t<meta name=\"twitter:label2\" content=\"Dur\u00e9e de lecture est.\" \/>\n\t<meta name=\"twitter:data2\" content=\"6 minutes\" \/>\n<script type=\"application\/ld+json\" class=\"yoast-schema-graph\">{\"@context\":\"https:\/\/schema.org\",\"@graph\":[{\"@type\":\"Article\",\"@id\":\"https:\/\/vieassociative.be\/actualites\/sur-la-piste-gluante-de-trump-et-poutine-infantino-est-depuis-10-ans-le-patron-de-la-federation-mondiale-de-football-fifa\/#article\",\"isPartOf\":{\"@id\":\"https:\/\/vieassociative.be\/actualites\/sur-la-piste-gluante-de-trump-et-poutine-infantino-est-depuis-10-ans-le-patron-de-la-federation-mondiale-de-football-fifa\/\"},\"author\":{\"name\":\"Julien\",\"@id\":\"https:\/\/vieassociative.be\/actualites\/#\/schema\/person\/b87ac4f82f9d4e7b7cec7395b679edc4\"},\"headline\":\"Sur la \u00ab piste gluante \u00bb de Trump et Poutine : Infantino est depuis 10 ans le patron de la F\u00e9d\u00e9ration mondiale de football FIFA\",\"datePublished\":\"2026-02-26T16:17:35+00:00\",\"dateModified\":\"2026-02-26T16:17:35+00:00\",\"mainEntityOfPage\":{\"@id\":\"https:\/\/vieassociative.be\/actualites\/sur-la-piste-gluante-de-trump-et-poutine-infantino-est-depuis-10-ans-le-patron-de-la-federation-mondiale-de-football-fifa\/\"},\"wordCount\":1154,\"publisher\":{\"@id\":\"https:\/\/vieassociative.be\/actualites\/#organization\"},\"image\":{\"@id\":\"https:\/\/vieassociative.be\/actualites\/sur-la-piste-gluante-de-trump-et-poutine-infantino-est-depuis-10-ans-le-patron-de-la-federation-mondiale-de-football-fifa\/#primaryimage\"},\"thumbnailUrl\":\"https:\/\/vieassociative.be\/actualites\/wp-content\/uploads\/2026\/02\/1772122656_Sur-la-piste-gluante-de-Trump-et-Poutine.jpg\",\"keywords\":[\"ans\",\"depuis\",\"est\",\"F\u00e9d\u00e9ration\",\"FIFA\",\"football\",\"gluante\",\"Infantino\",\"mondiale\",\"patron\",\"piste\",\"Poutine\",\"sur\",\"Trump\"],\"articleSection\":[\"Belgique\"],\"inLanguage\":\"fr-BE\"},{\"@type\":\"WebPage\",\"@id\":\"https:\/\/vieassociative.be\/actualites\/sur-la-piste-gluante-de-trump-et-poutine-infantino-est-depuis-10-ans-le-patron-de-la-federation-mondiale-de-football-fifa\/\",\"url\":\"https:\/\/vieassociative.be\/actualites\/sur-la-piste-gluante-de-trump-et-poutine-infantino-est-depuis-10-ans-le-patron-de-la-federation-mondiale-de-football-fifa\/\",\"name\":\"Sur la \u00ab piste gluante \u00bb de Trump et Poutine : Infantino est depuis 10 ans le patron de la F\u00e9d\u00e9ration mondiale de football FIFA | Vie Associative\",\"isPartOf\":{\"@id\":\"https:\/\/vieassociative.be\/actualites\/#website\"},\"primaryImageOfPage\":{\"@id\":\"https:\/\/vieassociative.be\/actualites\/sur-la-piste-gluante-de-trump-et-poutine-infantino-est-depuis-10-ans-le-patron-de-la-federation-mondiale-de-football-fifa\/#primaryimage\"},\"image\":{\"@id\":\"https:\/\/vieassociative.be\/actualites\/sur-la-piste-gluante-de-trump-et-poutine-infantino-est-depuis-10-ans-le-patron-de-la-federation-mondiale-de-football-fifa\/#primaryimage\"},\"thumbnailUrl\":\"https:\/\/vieassociative.be\/actualites\/wp-content\/uploads\/2026\/02\/1772122656_Sur-la-piste-gluante-de-Trump-et-Poutine.jpg\",\"datePublished\":\"2026-02-26T16:17:35+00:00\",\"dateModified\":\"2026-02-26T16:17:35+00:00\",\"breadcrumb\":{\"@id\":\"https:\/\/vieassociative.be\/actualites\/sur-la-piste-gluante-de-trump-et-poutine-infantino-est-depuis-10-ans-le-patron-de-la-federation-mondiale-de-football-fifa\/#breadcrumb\"},\"inLanguage\":\"fr-BE\",\"potentialAction\":[{\"@type\":\"ReadAction\",\"target\":[\"https:\/\/vieassociative.be\/actualites\/sur-la-piste-gluante-de-trump-et-poutine-infantino-est-depuis-10-ans-le-patron-de-la-federation-mondiale-de-football-fifa\/\"]}]},{\"@type\":\"ImageObject\",\"inLanguage\":\"fr-BE\",\"@id\":\"https:\/\/vieassociative.be\/actualites\/sur-la-piste-gluante-de-trump-et-poutine-infantino-est-depuis-10-ans-le-patron-de-la-federation-mondiale-de-football-fifa\/#primaryimage\",\"url\":\"https:\/\/vieassociative.be\/actualites\/wp-content\/uploads\/2026\/02\/1772122656_Sur-la-piste-gluante-de-Trump-et-Poutine.jpg\",\"contentUrl\":\"https:\/\/vieassociative.be\/actualites\/wp-content\/uploads\/2026\/02\/1772122656_Sur-la-piste-gluante-de-Trump-et-Poutine.jpg\",\"width\":1200,\"height\":800,\"caption\":\"Sur la \u00ab piste gluante \u00bb de Trump et Poutine : Infantino est depuis 10 ans le patron de la F\u00e9d\u00e9ration mondiale de football FIFA\"},{\"@type\":\"BreadcrumbList\",\"@id\":\"https:\/\/vieassociative.be\/actualites\/sur-la-piste-gluante-de-trump-et-poutine-infantino-est-depuis-10-ans-le-patron-de-la-federation-mondiale-de-football-fifa\/#breadcrumb\",\"itemListElement\":[{\"@type\":\"ListItem\",\"position\":1,\"name\":\"Accueil\",\"item\":\"https:\/\/vieassociative.be\/actualites\/\"},{\"@type\":\"ListItem\",\"position\":2,\"name\":\"Sur la \u00ab piste gluante \u00bb de Trump et Poutine : Infantino est depuis 10 ans le patron de la F\u00e9d\u00e9ration mondiale de football FIFA\"}]},{\"@type\":\"WebSite\",\"@id\":\"https:\/\/vieassociative.be\/actualites\/#website\",\"url\":\"https:\/\/vieassociative.be\/actualites\/\",\"name\":\"Vie Associative\",\"description\":\"\",\"publisher\":{\"@id\":\"https:\/\/vieassociative.be\/actualites\/#organization\"},\"potentialAction\":[{\"@type\":\"SearchAction\",\"target\":{\"@type\":\"EntryPoint\",\"urlTemplate\":\"https:\/\/vieassociative.be\/actualites\/?s={search_term_string}\"},\"query-input\":{\"@type\":\"PropertyValueSpecification\",\"valueRequired\":true,\"valueName\":\"search_term_string\"}}],\"inLanguage\":\"fr-BE\"},{\"@type\":\"Organization\",\"@id\":\"https:\/\/vieassociative.be\/actualites\/#organization\",\"name\":\"Vie Associative\",\"url\":\"https:\/\/vieassociative.be\/actualites\/\",\"logo\":{\"@type\":\"ImageObject\",\"inLanguage\":\"fr-BE\",\"@id\":\"https:\/\/vieassociative.be\/actualites\/#\/schema\/logo\/image\/\",\"url\":\"https:\/\/vieassociative.be\/actualites\/wp-content\/uploads\/2024\/09\/cropped-vieassociative_favicon.ico.png\",\"contentUrl\":\"https:\/\/vieassociative.be\/actualites\/wp-content\/uploads\/2024\/09\/cropped-vieassociative_favicon.ico.png\",\"width\":512,\"height\":512,\"caption\":\"Vie Associative\"},\"image\":{\"@id\":\"https:\/\/vieassociative.be\/actualites\/#\/schema\/logo\/image\/\"}},{\"@type\":\"Person\",\"@id\":\"https:\/\/vieassociative.be\/actualites\/#\/schema\/person\/b87ac4f82f9d4e7b7cec7395b679edc4\",\"name\":\"Julien\",\"image\":{\"@type\":\"ImageObject\",\"inLanguage\":\"fr-BE\",\"@id\":\"https:\/\/vieassociative.be\/actualites\/#\/schema\/person\/image\/\",\"url\":\"https:\/\/vieassociative.be\/actualites\/wp-content\/uploads\/2024\/09\/vie-associative-1-150x150.jpg\",\"contentUrl\":\"https:\/\/vieassociative.be\/actualites\/wp-content\/uploads\/2024\/09\/vie-associative-1-150x150.jpg\",\"caption\":\"Julien\"},\"description\":\"Je suis Julien, r\u00e9dacteur pour Vie Associative. Passionn\u00e9 par le monde associatif depuis plus de 10 ans, j'ai \u00e0 c\u0153ur de partager des histoires inspirantes et de mettre en lumi\u00e8re les initiatives locales. Mon objectif est de sensibiliser et d'encourager l'engagement communautaire \u00e0 travers mes articles.\",\"sameAs\":[\"https:\/\/vieassociative.be\/\"]}]}<\/script>\n<!-- \/ Yoast SEO plugin. -->","yoast_head_json":{"title":"Sur la \u00ab piste gluante \u00bb de Trump et Poutine : Infantino est depuis 10 ans le patron de la F\u00e9d\u00e9ration mondiale de football FIFA | Vie Associative","robots":{"index":"index","follow":"follow","max-snippet":"max-snippet:-1","max-image-preview":"max-image-preview:large","max-video-preview":"max-video-preview:-1"},"canonical":"https:\/\/vieassociative.be\/actualites\/sur-la-piste-gluante-de-trump-et-poutine-infantino-est-depuis-10-ans-le-patron-de-la-federation-mondiale-de-football-fifa\/","og_locale":"fr_FR","og_type":"article","og_title":"Sur la \u00ab piste gluante \u00bb de Trump et Poutine : Infantino est depuis 10 ans le patron de la F\u00e9d\u00e9ration mondiale de football FIFA | Vie Associative","og_description":"Entre pouvoir, critiques et s\u00e9r\u00e9nades d&rsquo;anniversaire : Gianni Infantino f\u00eate ses dix ans \u00e0 la t\u00eate de la F\u00e9d\u00e9ration mondiale de football et continue de","og_url":"https:\/\/vieassociative.be\/actualites\/sur-la-piste-gluante-de-trump-et-poutine-infantino-est-depuis-10-ans-le-patron-de-la-federation-mondiale-de-football-fifa\/","og_site_name":"Vie Associative","article_published_time":"2026-02-26T16:17:35+00:00","og_image":[{"width":279,"height":92,"url":"https:\/\/vieassociative.be\/actualites\/wp-content\/uploads\/2024\/09\/header_backgroundk-01-e1726694325946.png","type":"image\/png"}],"author":"Julien","twitter_card":"summary_large_image","twitter_misc":{"\u00c9crit par":"Julien","Dur\u00e9e de lecture est.":"6 minutes"},"schema":{"@context":"https:\/\/schema.org","@graph":[{"@type":"Article","@id":"https:\/\/vieassociative.be\/actualites\/sur-la-piste-gluante-de-trump-et-poutine-infantino-est-depuis-10-ans-le-patron-de-la-federation-mondiale-de-football-fifa\/#article","isPartOf":{"@id":"https:\/\/vieassociative.be\/actualites\/sur-la-piste-gluante-de-trump-et-poutine-infantino-est-depuis-10-ans-le-patron-de-la-federation-mondiale-de-football-fifa\/"},"author":{"name":"Julien","@id":"https:\/\/vieassociative.be\/actualites\/#\/schema\/person\/b87ac4f82f9d4e7b7cec7395b679edc4"},"headline":"Sur la \u00ab piste gluante \u00bb de Trump et Poutine : Infantino est depuis 10 ans le patron de la F\u00e9d\u00e9ration mondiale de football FIFA","datePublished":"2026-02-26T16:17:35+00:00","dateModified":"2026-02-26T16:17:35+00:00","mainEntityOfPage":{"@id":"https:\/\/vieassociative.be\/actualites\/sur-la-piste-gluante-de-trump-et-poutine-infantino-est-depuis-10-ans-le-patron-de-la-federation-mondiale-de-football-fifa\/"},"wordCount":1154,"publisher":{"@id":"https:\/\/vieassociative.be\/actualites\/#organization"},"image":{"@id":"https:\/\/vieassociative.be\/actualites\/sur-la-piste-gluante-de-trump-et-poutine-infantino-est-depuis-10-ans-le-patron-de-la-federation-mondiale-de-football-fifa\/#primaryimage"},"thumbnailUrl":"https:\/\/vieassociative.be\/actualites\/wp-content\/uploads\/2026\/02\/1772122656_Sur-la-piste-gluante-de-Trump-et-Poutine.jpg","keywords":["ans","depuis","est","F\u00e9d\u00e9ration","FIFA","football","gluante","Infantino","mondiale","patron","piste","Poutine","sur","Trump"],"articleSection":["Belgique"],"inLanguage":"fr-BE"},{"@type":"WebPage","@id":"https:\/\/vieassociative.be\/actualites\/sur-la-piste-gluante-de-trump-et-poutine-infantino-est-depuis-10-ans-le-patron-de-la-federation-mondiale-de-football-fifa\/","url":"https:\/\/vieassociative.be\/actualites\/sur-la-piste-gluante-de-trump-et-poutine-infantino-est-depuis-10-ans-le-patron-de-la-federation-mondiale-de-football-fifa\/","name":"Sur la \u00ab piste gluante \u00bb de Trump et Poutine : Infantino est depuis 10 ans le patron de la F\u00e9d\u00e9ration mondiale de football FIFA | Vie Associative","isPartOf":{"@id":"https:\/\/vieassociative.be\/actualites\/#website"},"primaryImageOfPage":{"@id":"https:\/\/vieassociative.be\/actualites\/sur-la-piste-gluante-de-trump-et-poutine-infantino-est-depuis-10-ans-le-patron-de-la-federation-mondiale-de-football-fifa\/#primaryimage"},"image":{"@id":"https:\/\/vieassociative.be\/actualites\/sur-la-piste-gluante-de-trump-et-poutine-infantino-est-depuis-10-ans-le-patron-de-la-federation-mondiale-de-football-fifa\/#primaryimage"},"thumbnailUrl":"https:\/\/vieassociative.be\/actualites\/wp-content\/uploads\/2026\/02\/1772122656_Sur-la-piste-gluante-de-Trump-et-Poutine.jpg","datePublished":"2026-02-26T16:17:35+00:00","dateModified":"2026-02-26T16:17:35+00:00","breadcrumb":{"@id":"https:\/\/vieassociative.be\/actualites\/sur-la-piste-gluante-de-trump-et-poutine-infantino-est-depuis-10-ans-le-patron-de-la-federation-mondiale-de-football-fifa\/#breadcrumb"},"inLanguage":"fr-BE","potentialAction":[{"@type":"ReadAction","target":["https:\/\/vieassociative.be\/actualites\/sur-la-piste-gluante-de-trump-et-poutine-infantino-est-depuis-10-ans-le-patron-de-la-federation-mondiale-de-football-fifa\/"]}]},{"@type":"ImageObject","inLanguage":"fr-BE","@id":"https:\/\/vieassociative.be\/actualites\/sur-la-piste-gluante-de-trump-et-poutine-infantino-est-depuis-10-ans-le-patron-de-la-federation-mondiale-de-football-fifa\/#primaryimage","url":"https:\/\/vieassociative.be\/actualites\/wp-content\/uploads\/2026\/02\/1772122656_Sur-la-piste-gluante-de-Trump-et-Poutine.jpg","contentUrl":"https:\/\/vieassociative.be\/actualites\/wp-content\/uploads\/2026\/02\/1772122656_Sur-la-piste-gluante-de-Trump-et-Poutine.jpg","width":1200,"height":800,"caption":"Sur la \u00ab piste gluante \u00bb de Trump et Poutine : Infantino est depuis 10 ans le patron de la F\u00e9d\u00e9ration mondiale de football FIFA"},{"@type":"BreadcrumbList","@id":"https:\/\/vieassociative.be\/actualites\/sur-la-piste-gluante-de-trump-et-poutine-infantino-est-depuis-10-ans-le-patron-de-la-federation-mondiale-de-football-fifa\/#breadcrumb","itemListElement":[{"@type":"ListItem","position":1,"name":"Accueil","item":"https:\/\/vieassociative.be\/actualites\/"},{"@type":"ListItem","position":2,"name":"Sur la \u00ab piste gluante \u00bb de Trump et Poutine : Infantino est depuis 10 ans le patron de la F\u00e9d\u00e9ration mondiale de football FIFA"}]},{"@type":"WebSite","@id":"https:\/\/vieassociative.be\/actualites\/#website","url":"https:\/\/vieassociative.be\/actualites\/","name":"Vie Associative","description":"","publisher":{"@id":"https:\/\/vieassociative.be\/actualites\/#organization"},"potentialAction":[{"@type":"SearchAction","target":{"@type":"EntryPoint","urlTemplate":"https:\/\/vieassociative.be\/actualites\/?s={search_term_string}"},"query-input":{"@type":"PropertyValueSpecification","valueRequired":true,"valueName":"search_term_string"}}],"inLanguage":"fr-BE"},{"@type":"Organization","@id":"https:\/\/vieassociative.be\/actualites\/#organization","name":"Vie Associative","url":"https:\/\/vieassociative.be\/actualites\/","logo":{"@type":"ImageObject","inLanguage":"fr-BE","@id":"https:\/\/vieassociative.be\/actualites\/#\/schema\/logo\/image\/","url":"https:\/\/vieassociative.be\/actualites\/wp-content\/uploads\/2024\/09\/cropped-vieassociative_favicon.ico.png","contentUrl":"https:\/\/vieassociative.be\/actualites\/wp-content\/uploads\/2024\/09\/cropped-vieassociative_favicon.ico.png","width":512,"height":512,"caption":"Vie Associative"},"image":{"@id":"https:\/\/vieassociative.be\/actualites\/#\/schema\/logo\/image\/"}},{"@type":"Person","@id":"https:\/\/vieassociative.be\/actualites\/#\/schema\/person\/b87ac4f82f9d4e7b7cec7395b679edc4","name":"Julien","image":{"@type":"ImageObject","inLanguage":"fr-BE","@id":"https:\/\/vieassociative.be\/actualites\/#\/schema\/person\/image\/","url":"https:\/\/vieassociative.be\/actualites\/wp-content\/uploads\/2024\/09\/vie-associative-1-150x150.jpg","contentUrl":"https:\/\/vieassociative.be\/actualites\/wp-content\/uploads\/2024\/09\/vie-associative-1-150x150.jpg","caption":"Julien"},"description":"Je suis Julien, r\u00e9dacteur pour Vie Associative. Passionn\u00e9 par le monde associatif depuis plus de 10 ans, j'ai \u00e0 c\u0153ur de partager des histoires inspirantes et de mettre en lumi\u00e8re les initiatives locales. Mon objectif est de sensibiliser et d'encourager l'engagement communautaire \u00e0 travers mes articles.","sameAs":["https:\/\/vieassociative.be\/"]}]}},"_links":{"self":[{"href":"https:\/\/vieassociative.be\/actualites\/wp-json\/wp\/v2\/posts\/12805"}],"collection":[{"href":"https:\/\/vieassociative.be\/actualites\/wp-json\/wp\/v2\/posts"}],"about":[{"href":"https:\/\/vieassociative.be\/actualites\/wp-json\/wp\/v2\/types\/post"}],"author":[{"embeddable":true,"href":"https:\/\/vieassociative.be\/actualites\/wp-json\/wp\/v2\/users\/1"}],"replies":[{"embeddable":true,"href":"https:\/\/vieassociative.be\/actualites\/wp-json\/wp\/v2\/comments?post=12805"}],"version-history":[{"count":0,"href":"https:\/\/vieassociative.be\/actualites\/wp-json\/wp\/v2\/posts\/12805\/revisions"}],"wp:featuredmedia":[{"embeddable":true,"href":"https:\/\/vieassociative.be\/actualites\/wp-json\/wp\/v2\/media\/12806"}],"wp:attachment":[{"href":"https:\/\/vieassociative.be\/actualites\/wp-json\/wp\/v2\/media?parent=12805"}],"wp:term":[{"taxonomy":"category","embeddable":true,"href":"https:\/\/vieassociative.be\/actualites\/wp-json\/wp\/v2\/categories?post=12805"},{"taxonomy":"post_tag","embeddable":true,"href":"https:\/\/vieassociative.be\/actualites\/wp-json\/wp\/v2\/tags?post=12805"}],"curies":[{"name":"wp","href":"https:\/\/api.w.org\/{rel}","templated":true}]}}