{"id":12802,"date":"2026-02-26T11:17:43","date_gmt":"2026-02-26T10:17:43","guid":{"rendered":"https:\/\/vieassociative.be\/actualites\/luc-frank-csp-besoin-dune-solution-pour-une-representation-garantie-des-belges-germanophones-a-bruxelles\/"},"modified":"2026-02-26T11:17:43","modified_gmt":"2026-02-26T10:17:43","slug":"luc-frank-csp-besoin-dune-solution-pour-une-representation-garantie-des-belges-germanophones-a-bruxelles","status":"publish","type":"post","link":"https:\/\/vieassociative.be\/actualites\/luc-frank-csp-besoin-dune-solution-pour-une-representation-garantie-des-belges-germanophones-a-bruxelles\/","title":{"rendered":"Luc Frank (CSP) : \u00ab Besoin d&rsquo;une solution pour une repr\u00e9sentation garantie des Belges germanophones \u00e0 Bruxelles \u00bb"},"content":{"rendered":"<p><strong>Dans le cadre des discussions sur les r\u00e9formes institutionnelles et la dissolution pr\u00e9vue du S\u00e9nat, le d\u00e9put\u00e9 germanophone Luc Frank (Les Engag\u00e9s\/CSP) appelle \u00e0 prot\u00e9ger la repr\u00e9sentation de la Belgique de l&rsquo;Est au niveau f\u00e9d\u00e9ral.<\/strong><\/p>\n<p><span id=\"more-437231\"><\/span>Frank a formul\u00e9 une exigence claire au sein de la commission parlementaire comp\u00e9tente : \u00ab La repr\u00e9sentation des germanophones doit continuer \u00e0 \u00eatre structurellement garantie \u00e0 l\u2019avenir. \u00bb<\/p>\n<p>Depuis la r\u00e9forme de l&rsquo;\u00c9tat de 1993, la communaut\u00e9 germanophone de Belgique b\u00e9n\u00e9ficie d&rsquo;un si\u00e8ge garanti au S\u00e9nat belge, actuellement occup\u00e9 par Liesa Scholzen. Cependant, avec la suppression du S\u00e9nat pr\u00e9vue dans l&rsquo;accord de gouvernement, la communaut\u00e9 germanophone risque de perdre sa repr\u00e9sentation garantie au niveau f\u00e9d\u00e9ral si aucune mesure appropri\u00e9e n&rsquo;est prise.<\/p>\n<div id=\"attachment_398679\" class=\"wp-caption alignleft\" style=\"max-width: 300px\"><img fetchpriority=\"high\" decoding=\"async\" class=\"wp-image-398679 size-medium\" src=\"https:\/\/vieassociative.be\/actualites\/wp-content\/uploads\/2025\/05\/1747405137_84_La-Belgique-se-deshabille-de-lenergie-nucleaire-Luc-Frank.jpg\" alt=\"\" width=\"300\" height=\"200\"><\/div>\n<p>Luc Frank, seul repr\u00e9sentant germanophone \u00e0 la Chambre et donc familier avec le probl\u00e8me, a attir\u00e9 l&rsquo;attention de ses coll\u00e8gues sur les risques de la r\u00e9forme envisag\u00e9e : \u00ab\u00a0J&rsquo;en appelle \u00e0 la responsabilit\u00e9 de mes coll\u00e8gues pour garantir une solution durable permettant aux germanophones d&rsquo;avoir leur mot \u00e0 dire \u00e0 l&rsquo;avenir. Celui qui n&rsquo;est pas \u00e0 la table ne peut pas avoir sa voix.\u00a0\u00bb<\/p>\n<p>\u00ab\u00a0J&rsquo;y suis personnellement favorable\u00a0\u00bb, a d\u00e9clar\u00e9 en allemand le Premier ministre belge Bart De Wever (N-VA), se montrant compr\u00e9hensif pour les inqui\u00e9tudes et les inqui\u00e9tudes des germanophones, qu&rsquo;il a visiblement pris tr\u00e8s au s\u00e9rieux. Il a en outre soulign\u00e9 sa position en n\u00e9erlandais, reconnaissant une nette diff\u00e9rence entre les pr\u00e9occupations des germanophones et des Flamands de Bruxelles : \u00ab\u00a0Il s&rsquo;agit d&rsquo;une communaut\u00e9. Les Flamands de Bruxelles sont des Flamands, mais il s&rsquo;agit d&rsquo;une communaut\u00e9.\u00a0\u00bb (cr\u00e9er)<\/p>\n","protected":false},"excerpt":{"rendered":"<p>Dans le cadre des discussions sur les r\u00e9formes institutionnelles et la dissolution pr\u00e9vue du S\u00e9nat, le d\u00e9put\u00e9 germanophone Luc Frank (Les Engag\u00e9s\/CSP) appelle \u00e0 prot\u00e9ger<\/p>\n","protected":false},"author":1,"featured_media":11390,"comment_status":"","ping_status":"","sticky":false,"template":"","format":"standard","meta":{"footnotes":""},"categories":[298],"tags":[397,259,455,2400,29,698,3671,5394,7253,7036,81,7594,1241,110],"class_list":["post-12802","post","type-post","status-publish","format-standard","has-post-thumbnail","hentry","category-belgique","tag-belges","tag-besoin","tag-bruxelles","tag-csp","tag-des","tag-dune","tag-frank","tag-garantie","tag-germanophones","tag-luc","tag-pour","tag-representation","tag-solution","tag-une","generate-columns","tablet-grid-50","mobile-grid-100","grid-parent","grid-33"],"yoast_head":"<!-- This site is optimized with the Yoast SEO plugin v24.0 - https:\/\/yoast.com\/wordpress\/plugins\/seo\/ -->\n<title>Luc Frank (CSP) : \u00ab Besoin d&#039;une solution pour une repr\u00e9sentation garantie des Belges germanophones \u00e0 Bruxelles \u00bb | Vie Associative<\/title>\n<meta name=\"robots\" content=\"index, follow, max-snippet:-1, max-image-preview:large, max-video-preview:-1\" \/>\n<link rel=\"canonical\" href=\"https:\/\/vieassociative.be\/actualites\/luc-frank-csp-besoin-dune-solution-pour-une-representation-garantie-des-belges-germanophones-a-bruxelles\/\" \/>\n<meta property=\"og:locale\" content=\"fr_FR\" \/>\n<meta property=\"og:type\" content=\"article\" \/>\n<meta property=\"og:title\" content=\"Luc Frank (CSP) : \u00ab Besoin d&#039;une solution pour une repr\u00e9sentation garantie des Belges germanophones \u00e0 Bruxelles \u00bb | Vie Associative\" \/>\n<meta property=\"og:description\" content=\"Dans le cadre des discussions sur les r\u00e9formes institutionnelles et la dissolution pr\u00e9vue du S\u00e9nat, le d\u00e9put\u00e9 germanophone Luc Frank (Les Engag\u00e9s\/CSP) appelle \u00e0 prot\u00e9ger\" \/>\n<meta property=\"og:url\" content=\"https:\/\/vieassociative.be\/actualites\/luc-frank-csp-besoin-dune-solution-pour-une-representation-garantie-des-belges-germanophones-a-bruxelles\/\" \/>\n<meta property=\"og:site_name\" content=\"Vie Associative\" \/>\n<meta property=\"article:published_time\" content=\"2026-02-26T10:17:43+00:00\" \/>\n<meta property=\"og:image\" content=\"https:\/\/vieassociative.be\/actualites\/wp-content\/uploads\/2024\/09\/header_backgroundk-01-e1726694325946.png\" \/>\n\t<meta property=\"og:image:width\" content=\"279\" \/>\n\t<meta property=\"og:image:height\" content=\"92\" \/>\n\t<meta property=\"og:image:type\" content=\"image\/png\" \/>\n<meta name=\"author\" content=\"Julien\" \/>\n<meta name=\"twitter:card\" content=\"summary_large_image\" \/>\n<meta name=\"twitter:label1\" content=\"\u00c9crit par\" \/>\n\t<meta name=\"twitter:data1\" content=\"Julien\" \/>\n\t<meta name=\"twitter:label2\" content=\"Dur\u00e9e de lecture est.\" \/>\n\t<meta name=\"twitter:data2\" content=\"1 minute\" \/>\n<script type=\"application\/ld+json\" class=\"yoast-schema-graph\">{\"@context\":\"https:\/\/schema.org\",\"@graph\":[{\"@type\":\"Article\",\"@id\":\"https:\/\/vieassociative.be\/actualites\/luc-frank-csp-besoin-dune-solution-pour-une-representation-garantie-des-belges-germanophones-a-bruxelles\/#article\",\"isPartOf\":{\"@id\":\"https:\/\/vieassociative.be\/actualites\/luc-frank-csp-besoin-dune-solution-pour-une-representation-garantie-des-belges-germanophones-a-bruxelles\/\"},\"author\":{\"name\":\"Julien\",\"@id\":\"https:\/\/vieassociative.be\/actualites\/#\/schema\/person\/b87ac4f82f9d4e7b7cec7395b679edc4\"},\"headline\":\"Luc Frank (CSP) : \u00ab Besoin d&rsquo;une solution pour une repr\u00e9sentation garantie des Belges germanophones \u00e0 Bruxelles \u00bb\",\"datePublished\":\"2026-02-26T10:17:43+00:00\",\"dateModified\":\"2026-02-26T10:17:43+00:00\",\"mainEntityOfPage\":{\"@id\":\"https:\/\/vieassociative.be\/actualites\/luc-frank-csp-besoin-dune-solution-pour-une-representation-garantie-des-belges-germanophones-a-bruxelles\/\"},\"wordCount\":313,\"publisher\":{\"@id\":\"https:\/\/vieassociative.be\/actualites\/#organization\"},\"image\":{\"@id\":\"https:\/\/vieassociative.be\/actualites\/luc-frank-csp-besoin-dune-solution-pour-une-representation-garantie-des-belges-germanophones-a-bruxelles\/#primaryimage\"},\"thumbnailUrl\":\"https:\/\/vieassociative.be\/actualites\/wp-content\/uploads\/2025\/11\/Le-Premier-ministre-De-Wever-N-VA-enterre-le-Senat.jpg\",\"keywords\":[\"Belges\",\"besoin\",\"Bruxelles\",\"CSP\",\"Des\",\"dune\",\"Frank\",\"garantie\",\"germanophones\",\"Luc\",\"pour\",\"repr\u00e9sentation\",\"solution\",\"une\"],\"articleSection\":[\"Belgique\"],\"inLanguage\":\"fr-BE\"},{\"@type\":\"WebPage\",\"@id\":\"https:\/\/vieassociative.be\/actualites\/luc-frank-csp-besoin-dune-solution-pour-une-representation-garantie-des-belges-germanophones-a-bruxelles\/\",\"url\":\"https:\/\/vieassociative.be\/actualites\/luc-frank-csp-besoin-dune-solution-pour-une-representation-garantie-des-belges-germanophones-a-bruxelles\/\",\"name\":\"Luc Frank (CSP) : \u00ab Besoin d'une solution pour une repr\u00e9sentation garantie des Belges germanophones \u00e0 Bruxelles \u00bb | Vie Associative\",\"isPartOf\":{\"@id\":\"https:\/\/vieassociative.be\/actualites\/#website\"},\"primaryImageOfPage\":{\"@id\":\"https:\/\/vieassociative.be\/actualites\/luc-frank-csp-besoin-dune-solution-pour-une-representation-garantie-des-belges-germanophones-a-bruxelles\/#primaryimage\"},\"image\":{\"@id\":\"https:\/\/vieassociative.be\/actualites\/luc-frank-csp-besoin-dune-solution-pour-une-representation-garantie-des-belges-germanophones-a-bruxelles\/#primaryimage\"},\"thumbnailUrl\":\"https:\/\/vieassociative.be\/actualites\/wp-content\/uploads\/2025\/11\/Le-Premier-ministre-De-Wever-N-VA-enterre-le-Senat.jpg\",\"datePublished\":\"2026-02-26T10:17:43+00:00\",\"dateModified\":\"2026-02-26T10:17:43+00:00\",\"breadcrumb\":{\"@id\":\"https:\/\/vieassociative.be\/actualites\/luc-frank-csp-besoin-dune-solution-pour-une-representation-garantie-des-belges-germanophones-a-bruxelles\/#breadcrumb\"},\"inLanguage\":\"fr-BE\",\"potentialAction\":[{\"@type\":\"ReadAction\",\"target\":[\"https:\/\/vieassociative.be\/actualites\/luc-frank-csp-besoin-dune-solution-pour-une-representation-garantie-des-belges-germanophones-a-bruxelles\/\"]}]},{\"@type\":\"ImageObject\",\"inLanguage\":\"fr-BE\",\"@id\":\"https:\/\/vieassociative.be\/actualites\/luc-frank-csp-besoin-dune-solution-pour-une-representation-garantie-des-belges-germanophones-a-bruxelles\/#primaryimage\",\"url\":\"https:\/\/vieassociative.be\/actualites\/wp-content\/uploads\/2025\/11\/Le-Premier-ministre-De-Wever-N-VA-enterre-le-Senat.jpg\",\"contentUrl\":\"https:\/\/vieassociative.be\/actualites\/wp-content\/uploads\/2025\/11\/Le-Premier-ministre-De-Wever-N-VA-enterre-le-Senat.jpg\",\"width\":1248,\"height\":701,\"caption\":\"Le Premier ministre De Wever (N-VA) enterre le S\u00e9nat : \u00ab Il ne joue plus de r\u00f4le dans notre syst\u00e8me \u00bb\"},{\"@type\":\"BreadcrumbList\",\"@id\":\"https:\/\/vieassociative.be\/actualites\/luc-frank-csp-besoin-dune-solution-pour-une-representation-garantie-des-belges-germanophones-a-bruxelles\/#breadcrumb\",\"itemListElement\":[{\"@type\":\"ListItem\",\"position\":1,\"name\":\"Accueil\",\"item\":\"https:\/\/vieassociative.be\/actualites\/\"},{\"@type\":\"ListItem\",\"position\":2,\"name\":\"Luc Frank (CSP) : \u00ab Besoin d&rsquo;une solution pour une repr\u00e9sentation garantie des Belges germanophones \u00e0 Bruxelles \u00bb\"}]},{\"@type\":\"WebSite\",\"@id\":\"https:\/\/vieassociative.be\/actualites\/#website\",\"url\":\"https:\/\/vieassociative.be\/actualites\/\",\"name\":\"Vie Associative\",\"description\":\"\",\"publisher\":{\"@id\":\"https:\/\/vieassociative.be\/actualites\/#organization\"},\"potentialAction\":[{\"@type\":\"SearchAction\",\"target\":{\"@type\":\"EntryPoint\",\"urlTemplate\":\"https:\/\/vieassociative.be\/actualites\/?s={search_term_string}\"},\"query-input\":{\"@type\":\"PropertyValueSpecification\",\"valueRequired\":true,\"valueName\":\"search_term_string\"}}],\"inLanguage\":\"fr-BE\"},{\"@type\":\"Organization\",\"@id\":\"https:\/\/vieassociative.be\/actualites\/#organization\",\"name\":\"Vie Associative\",\"url\":\"https:\/\/vieassociative.be\/actualites\/\",\"logo\":{\"@type\":\"ImageObject\",\"inLanguage\":\"fr-BE\",\"@id\":\"https:\/\/vieassociative.be\/actualites\/#\/schema\/logo\/image\/\",\"url\":\"https:\/\/vieassociative.be\/actualites\/wp-content\/uploads\/2024\/09\/cropped-vieassociative_favicon.ico.png\",\"contentUrl\":\"https:\/\/vieassociative.be\/actualites\/wp-content\/uploads\/2024\/09\/cropped-vieassociative_favicon.ico.png\",\"width\":512,\"height\":512,\"caption\":\"Vie Associative\"},\"image\":{\"@id\":\"https:\/\/vieassociative.be\/actualites\/#\/schema\/logo\/image\/\"}},{\"@type\":\"Person\",\"@id\":\"https:\/\/vieassociative.be\/actualites\/#\/schema\/person\/b87ac4f82f9d4e7b7cec7395b679edc4\",\"name\":\"Julien\",\"image\":{\"@type\":\"ImageObject\",\"inLanguage\":\"fr-BE\",\"@id\":\"https:\/\/vieassociative.be\/actualites\/#\/schema\/person\/image\/\",\"url\":\"https:\/\/vieassociative.be\/actualites\/wp-content\/uploads\/2024\/09\/vie-associative-1-150x150.jpg\",\"contentUrl\":\"https:\/\/vieassociative.be\/actualites\/wp-content\/uploads\/2024\/09\/vie-associative-1-150x150.jpg\",\"caption\":\"Julien\"},\"description\":\"Je suis Julien, r\u00e9dacteur pour Vie Associative. Passionn\u00e9 par le monde associatif depuis plus de 10 ans, j'ai \u00e0 c\u0153ur de partager des histoires inspirantes et de mettre en lumi\u00e8re les initiatives locales. Mon objectif est de sensibiliser et d'encourager l'engagement communautaire \u00e0 travers mes articles.\",\"sameAs\":[\"https:\/\/vieassociative.be\/\"]}]}<\/script>\n<!-- \/ Yoast SEO plugin. -->","yoast_head_json":{"title":"Luc Frank (CSP) : \u00ab Besoin d'une solution pour une repr\u00e9sentation garantie des Belges germanophones \u00e0 Bruxelles \u00bb | Vie Associative","robots":{"index":"index","follow":"follow","max-snippet":"max-snippet:-1","max-image-preview":"max-image-preview:large","max-video-preview":"max-video-preview:-1"},"canonical":"https:\/\/vieassociative.be\/actualites\/luc-frank-csp-besoin-dune-solution-pour-une-representation-garantie-des-belges-germanophones-a-bruxelles\/","og_locale":"fr_FR","og_type":"article","og_title":"Luc Frank (CSP) : \u00ab Besoin d'une solution pour une repr\u00e9sentation garantie des Belges germanophones \u00e0 Bruxelles \u00bb | Vie Associative","og_description":"Dans le cadre des discussions sur les r\u00e9formes institutionnelles et la dissolution pr\u00e9vue du S\u00e9nat, le d\u00e9put\u00e9 germanophone Luc Frank (Les Engag\u00e9s\/CSP) appelle \u00e0 prot\u00e9ger","og_url":"https:\/\/vieassociative.be\/actualites\/luc-frank-csp-besoin-dune-solution-pour-une-representation-garantie-des-belges-germanophones-a-bruxelles\/","og_site_name":"Vie Associative","article_published_time":"2026-02-26T10:17:43+00:00","og_image":[{"width":279,"height":92,"url":"https:\/\/vieassociative.be\/actualites\/wp-content\/uploads\/2024\/09\/header_backgroundk-01-e1726694325946.png","type":"image\/png"}],"author":"Julien","twitter_card":"summary_large_image","twitter_misc":{"\u00c9crit par":"Julien","Dur\u00e9e de lecture est.":"1 minute"},"schema":{"@context":"https:\/\/schema.org","@graph":[{"@type":"Article","@id":"https:\/\/vieassociative.be\/actualites\/luc-frank-csp-besoin-dune-solution-pour-une-representation-garantie-des-belges-germanophones-a-bruxelles\/#article","isPartOf":{"@id":"https:\/\/vieassociative.be\/actualites\/luc-frank-csp-besoin-dune-solution-pour-une-representation-garantie-des-belges-germanophones-a-bruxelles\/"},"author":{"name":"Julien","@id":"https:\/\/vieassociative.be\/actualites\/#\/schema\/person\/b87ac4f82f9d4e7b7cec7395b679edc4"},"headline":"Luc Frank (CSP) : \u00ab Besoin d&rsquo;une solution pour une repr\u00e9sentation garantie des Belges germanophones \u00e0 Bruxelles \u00bb","datePublished":"2026-02-26T10:17:43+00:00","dateModified":"2026-02-26T10:17:43+00:00","mainEntityOfPage":{"@id":"https:\/\/vieassociative.be\/actualites\/luc-frank-csp-besoin-dune-solution-pour-une-representation-garantie-des-belges-germanophones-a-bruxelles\/"},"wordCount":313,"publisher":{"@id":"https:\/\/vieassociative.be\/actualites\/#organization"},"image":{"@id":"https:\/\/vieassociative.be\/actualites\/luc-frank-csp-besoin-dune-solution-pour-une-representation-garantie-des-belges-germanophones-a-bruxelles\/#primaryimage"},"thumbnailUrl":"https:\/\/vieassociative.be\/actualites\/wp-content\/uploads\/2025\/11\/Le-Premier-ministre-De-Wever-N-VA-enterre-le-Senat.jpg","keywords":["Belges","besoin","Bruxelles","CSP","Des","dune","Frank","garantie","germanophones","Luc","pour","repr\u00e9sentation","solution","une"],"articleSection":["Belgique"],"inLanguage":"fr-BE"},{"@type":"WebPage","@id":"https:\/\/vieassociative.be\/actualites\/luc-frank-csp-besoin-dune-solution-pour-une-representation-garantie-des-belges-germanophones-a-bruxelles\/","url":"https:\/\/vieassociative.be\/actualites\/luc-frank-csp-besoin-dune-solution-pour-une-representation-garantie-des-belges-germanophones-a-bruxelles\/","name":"Luc Frank (CSP) : \u00ab Besoin d'une solution pour une repr\u00e9sentation garantie des Belges germanophones \u00e0 Bruxelles \u00bb | Vie Associative","isPartOf":{"@id":"https:\/\/vieassociative.be\/actualites\/#website"},"primaryImageOfPage":{"@id":"https:\/\/vieassociative.be\/actualites\/luc-frank-csp-besoin-dune-solution-pour-une-representation-garantie-des-belges-germanophones-a-bruxelles\/#primaryimage"},"image":{"@id":"https:\/\/vieassociative.be\/actualites\/luc-frank-csp-besoin-dune-solution-pour-une-representation-garantie-des-belges-germanophones-a-bruxelles\/#primaryimage"},"thumbnailUrl":"https:\/\/vieassociative.be\/actualites\/wp-content\/uploads\/2025\/11\/Le-Premier-ministre-De-Wever-N-VA-enterre-le-Senat.jpg","datePublished":"2026-02-26T10:17:43+00:00","dateModified":"2026-02-26T10:17:43+00:00","breadcrumb":{"@id":"https:\/\/vieassociative.be\/actualites\/luc-frank-csp-besoin-dune-solution-pour-une-representation-garantie-des-belges-germanophones-a-bruxelles\/#breadcrumb"},"inLanguage":"fr-BE","potentialAction":[{"@type":"ReadAction","target":["https:\/\/vieassociative.be\/actualites\/luc-frank-csp-besoin-dune-solution-pour-une-representation-garantie-des-belges-germanophones-a-bruxelles\/"]}]},{"@type":"ImageObject","inLanguage":"fr-BE","@id":"https:\/\/vieassociative.be\/actualites\/luc-frank-csp-besoin-dune-solution-pour-une-representation-garantie-des-belges-germanophones-a-bruxelles\/#primaryimage","url":"https:\/\/vieassociative.be\/actualites\/wp-content\/uploads\/2025\/11\/Le-Premier-ministre-De-Wever-N-VA-enterre-le-Senat.jpg","contentUrl":"https:\/\/vieassociative.be\/actualites\/wp-content\/uploads\/2025\/11\/Le-Premier-ministre-De-Wever-N-VA-enterre-le-Senat.jpg","width":1248,"height":701,"caption":"Le Premier ministre De Wever (N-VA) enterre le S\u00e9nat : \u00ab Il ne joue plus de r\u00f4le dans notre syst\u00e8me \u00bb"},{"@type":"BreadcrumbList","@id":"https:\/\/vieassociative.be\/actualites\/luc-frank-csp-besoin-dune-solution-pour-une-representation-garantie-des-belges-germanophones-a-bruxelles\/#breadcrumb","itemListElement":[{"@type":"ListItem","position":1,"name":"Accueil","item":"https:\/\/vieassociative.be\/actualites\/"},{"@type":"ListItem","position":2,"name":"Luc Frank (CSP) : \u00ab Besoin d&rsquo;une solution pour une repr\u00e9sentation garantie des Belges germanophones \u00e0 Bruxelles \u00bb"}]},{"@type":"WebSite","@id":"https:\/\/vieassociative.be\/actualites\/#website","url":"https:\/\/vieassociative.be\/actualites\/","name":"Vie Associative","description":"","publisher":{"@id":"https:\/\/vieassociative.be\/actualites\/#organization"},"potentialAction":[{"@type":"SearchAction","target":{"@type":"EntryPoint","urlTemplate":"https:\/\/vieassociative.be\/actualites\/?s={search_term_string}"},"query-input":{"@type":"PropertyValueSpecification","valueRequired":true,"valueName":"search_term_string"}}],"inLanguage":"fr-BE"},{"@type":"Organization","@id":"https:\/\/vieassociative.be\/actualites\/#organization","name":"Vie Associative","url":"https:\/\/vieassociative.be\/actualites\/","logo":{"@type":"ImageObject","inLanguage":"fr-BE","@id":"https:\/\/vieassociative.be\/actualites\/#\/schema\/logo\/image\/","url":"https:\/\/vieassociative.be\/actualites\/wp-content\/uploads\/2024\/09\/cropped-vieassociative_favicon.ico.png","contentUrl":"https:\/\/vieassociative.be\/actualites\/wp-content\/uploads\/2024\/09\/cropped-vieassociative_favicon.ico.png","width":512,"height":512,"caption":"Vie Associative"},"image":{"@id":"https:\/\/vieassociative.be\/actualites\/#\/schema\/logo\/image\/"}},{"@type":"Person","@id":"https:\/\/vieassociative.be\/actualites\/#\/schema\/person\/b87ac4f82f9d4e7b7cec7395b679edc4","name":"Julien","image":{"@type":"ImageObject","inLanguage":"fr-BE","@id":"https:\/\/vieassociative.be\/actualites\/#\/schema\/person\/image\/","url":"https:\/\/vieassociative.be\/actualites\/wp-content\/uploads\/2024\/09\/vie-associative-1-150x150.jpg","contentUrl":"https:\/\/vieassociative.be\/actualites\/wp-content\/uploads\/2024\/09\/vie-associative-1-150x150.jpg","caption":"Julien"},"description":"Je suis Julien, r\u00e9dacteur pour Vie Associative. Passionn\u00e9 par le monde associatif depuis plus de 10 ans, j'ai \u00e0 c\u0153ur de partager des histoires inspirantes et de mettre en lumi\u00e8re les initiatives locales. Mon objectif est de sensibiliser et d'encourager l'engagement communautaire \u00e0 travers mes articles.","sameAs":["https:\/\/vieassociative.be\/"]}]}},"_links":{"self":[{"href":"https:\/\/vieassociative.be\/actualites\/wp-json\/wp\/v2\/posts\/12802"}],"collection":[{"href":"https:\/\/vieassociative.be\/actualites\/wp-json\/wp\/v2\/posts"}],"about":[{"href":"https:\/\/vieassociative.be\/actualites\/wp-json\/wp\/v2\/types\/post"}],"author":[{"embeddable":true,"href":"https:\/\/vieassociative.be\/actualites\/wp-json\/wp\/v2\/users\/1"}],"replies":[{"embeddable":true,"href":"https:\/\/vieassociative.be\/actualites\/wp-json\/wp\/v2\/comments?post=12802"}],"version-history":[{"count":0,"href":"https:\/\/vieassociative.be\/actualites\/wp-json\/wp\/v2\/posts\/12802\/revisions"}],"wp:featuredmedia":[{"embeddable":true,"href":"https:\/\/vieassociative.be\/actualites\/wp-json\/wp\/v2\/media\/11390"}],"wp:attachment":[{"href":"https:\/\/vieassociative.be\/actualites\/wp-json\/wp\/v2\/media?parent=12802"}],"wp:term":[{"taxonomy":"category","embeddable":true,"href":"https:\/\/vieassociative.be\/actualites\/wp-json\/wp\/v2\/categories?post=12802"},{"taxonomy":"post_tag","embeddable":true,"href":"https:\/\/vieassociative.be\/actualites\/wp-json\/wp\/v2\/tags?post=12802"}],"curies":[{"name":"wp","href":"https:\/\/api.w.org\/{rel}","templated":true}]}}