{"id":12799,"date":"2026-02-26T05:17:29","date_gmt":"2026-02-26T04:17:29","guid":{"rendered":"https:\/\/vieassociative.be\/actualites\/kelmis-un-policier-recoit-un-coup-de-pied-au-visage-lors-de-son-arrestation\/"},"modified":"2026-02-26T05:17:29","modified_gmt":"2026-02-26T04:17:29","slug":"kelmis-un-policier-recoit-un-coup-de-pied-au-visage-lors-de-son-arrestation","status":"publish","type":"post","link":"https:\/\/vieassociative.be\/actualites\/kelmis-un-policier-recoit-un-coup-de-pied-au-visage-lors-de-son-arrestation\/","title":{"rendered":"Kelmis : un policier re\u00e7oit un coup de pied au visage lors de son arrestation"},"content":{"rendered":"<p><strong>La zone de police de Weser-G\u00f6hl a fait \u00e9tat de trois op\u00e9rations dans son rapport du mercredi 25 f\u00e9vrier.<\/strong><\/p>\n<p><span id=\"more-437223\"><\/span><strong>\u2013 Accident de la route :<\/strong> Le 24 f\u00e9vrier 2026, les services de la zone de police Weser-G\u00f6hl ont \u00e9t\u00e9 appel\u00e9s \u00e0 9h39 au carrefour Merols \u00e0 Raeren pour un accident de la route avec bless\u00e9s. Ici, un chauffeur a emprunt\u00e9 la Eupener Stra\u00dfe en provenance d&rsquo;Eynatten et a ensuite tourn\u00e9 \u00e0 gauche en direction de Belven. Il a n\u00e9glig\u00e9 la circulation venant en sens inverse et est entr\u00e9 en collision avec une voiture venant de la direction d&rsquo;Eupen. L&rsquo;impact fait que la premi\u00e8re voiture percute deux panneaux de signalisation. Le conducteur de la voiture en question (homme, 87 ans) est bless\u00e9 et transport\u00e9 \u00e0 l&rsquo;h\u00f4pital d&rsquo;Eupen.<\/p>\n<p><strong>&#8211; En fuite :<\/strong> Le 24 f\u00e9vrier 2026, un habitant d&rsquo;Eupen, Stockem, a signal\u00e9 qu&rsquo;un inconnu venait de se faufiler autour de la voiture de l&rsquo;habitant et tentait d&rsquo;ouvrir les portes du v\u00e9hicule. Lorsque l&rsquo;homme remarque le r\u00e9sident, il s&rsquo;enfuit, monte dans une voiture avec d&rsquo;autres personnes et s&rsquo;en va. Gr\u00e2ce \u00e0 une recherche imm\u00e9diatement lanc\u00e9e, la voiture a \u00e9t\u00e9 localis\u00e9e sur Lascheterweg. Deux des quatre occupants s&rsquo;enfuient \u00e0 pied. Les deux personnes rest\u00e9es dans la voiture et une des personnes en fuite pourront \u00eatre r\u00e9cup\u00e9r\u00e9es et arr\u00eat\u00e9es par la police. Les suspects seront mis \u00e0 la disposition du parquet d&rsquo;Eupen. Peu de temps apr\u00e8s l&rsquo;arrestation, un autre habitant de Stockem s&rsquo;est rendu compte qu&rsquo;une tentative d&rsquo;effraction avait \u00e9t\u00e9 faite dans son appartement.<\/p>\n<p><strong>\u2013 Coup de pied \u00e0 un policier au visage :<\/strong> Le 25 f\u00e9vrier 2026, les services de la zone de police de Weser-G\u00f6hl ont \u00e9t\u00e9 appel\u00e9s \u00e0 02h32 dans la Kirchstrasse \u00e0 Kelmis. Un habitant a signal\u00e9 qu&rsquo;il regardait trois hommes commettre des vols dans des voitures. Les trois hommes sont visibles sur place. Lorsqu&rsquo;ils aper\u00e7oivent la police, l&rsquo;un des trois jette un portefeuille. Les hommes sont arr\u00eat\u00e9s. Lors de l&rsquo;interpellation, un policier re\u00e7oit un coup de pied au visage de l&rsquo;un des suspects. Les personnes seront mises \u00e0 disposition du parquet d&rsquo;Eupen.<\/p>\n","protected":false},"excerpt":{"rendered":"<p>La zone de police de Weser-G\u00f6hl a fait \u00e9tat de trois op\u00e9rations dans son rapport du mercredi 25 f\u00e9vrier. \u2013 Accident de la route :<\/p>\n","protected":false},"author":1,"featured_media":1939,"comment_status":"","ping_status":"","sticky":false,"template":"","format":"standard","meta":{"footnotes":""},"categories":[298],"tags":[10108,418,3719,353,5239,8263,4129,800,1059],"class_list":["post-12799","post","type-post","status-publish","format-standard","has-post-thumbnail","hentry","category-belgique","tag-arrestation","tag-coup","tag-kelmis","tag-lors","tag-pied","tag-policier","tag-recoit","tag-son","tag-visage","generate-columns","tablet-grid-50","mobile-grid-100","grid-parent","grid-33"],"yoast_head":"<!-- This site is optimized with the Yoast SEO plugin v24.0 - https:\/\/yoast.com\/wordpress\/plugins\/seo\/ -->\n<title>Kelmis : un policier re\u00e7oit un coup de pied au visage lors de son arrestation | Vie Associative<\/title>\n<meta name=\"robots\" content=\"index, follow, max-snippet:-1, max-image-preview:large, max-video-preview:-1\" \/>\n<link rel=\"canonical\" href=\"https:\/\/vieassociative.be\/actualites\/kelmis-un-policier-recoit-un-coup-de-pied-au-visage-lors-de-son-arrestation\/\" \/>\n<meta property=\"og:locale\" content=\"fr_FR\" \/>\n<meta property=\"og:type\" content=\"article\" \/>\n<meta property=\"og:title\" content=\"Kelmis : un policier re\u00e7oit un coup de pied au visage lors de son arrestation | Vie Associative\" \/>\n<meta property=\"og:description\" content=\"La zone de police de Weser-G\u00f6hl a fait \u00e9tat de trois op\u00e9rations dans son rapport du mercredi 25 f\u00e9vrier. \u2013 Accident de la route :\" \/>\n<meta property=\"og:url\" content=\"https:\/\/vieassociative.be\/actualites\/kelmis-un-policier-recoit-un-coup-de-pied-au-visage-lors-de-son-arrestation\/\" \/>\n<meta property=\"og:site_name\" content=\"Vie Associative\" \/>\n<meta property=\"article:published_time\" content=\"2026-02-26T04:17:29+00:00\" \/>\n<meta property=\"og:image\" content=\"https:\/\/vieassociative.be\/actualites\/wp-content\/uploads\/2024\/09\/header_backgroundk-01-e1726694325946.png\" \/>\n\t<meta property=\"og:image:width\" content=\"279\" \/>\n\t<meta property=\"og:image:height\" content=\"92\" \/>\n\t<meta property=\"og:image:type\" content=\"image\/png\" \/>\n<meta name=\"author\" content=\"Julien\" \/>\n<meta name=\"twitter:card\" content=\"summary_large_image\" \/>\n<meta name=\"twitter:label1\" content=\"\u00c9crit par\" \/>\n\t<meta name=\"twitter:data1\" content=\"Julien\" \/>\n\t<meta name=\"twitter:label2\" content=\"Dur\u00e9e de lecture est.\" \/>\n\t<meta name=\"twitter:data2\" content=\"2 minutes\" \/>\n<script type=\"application\/ld+json\" class=\"yoast-schema-graph\">{\"@context\":\"https:\/\/schema.org\",\"@graph\":[{\"@type\":\"Article\",\"@id\":\"https:\/\/vieassociative.be\/actualites\/kelmis-un-policier-recoit-un-coup-de-pied-au-visage-lors-de-son-arrestation\/#article\",\"isPartOf\":{\"@id\":\"https:\/\/vieassociative.be\/actualites\/kelmis-un-policier-recoit-un-coup-de-pied-au-visage-lors-de-son-arrestation\/\"},\"author\":{\"name\":\"Julien\",\"@id\":\"https:\/\/vieassociative.be\/actualites\/#\/schema\/person\/b87ac4f82f9d4e7b7cec7395b679edc4\"},\"headline\":\"Kelmis : un policier re\u00e7oit un coup de pied au visage lors de son arrestation\",\"datePublished\":\"2026-02-26T04:17:29+00:00\",\"dateModified\":\"2026-02-26T04:17:29+00:00\",\"mainEntityOfPage\":{\"@id\":\"https:\/\/vieassociative.be\/actualites\/kelmis-un-policier-recoit-un-coup-de-pied-au-visage-lors-de-son-arrestation\/\"},\"wordCount\":390,\"publisher\":{\"@id\":\"https:\/\/vieassociative.be\/actualites\/#organization\"},\"image\":{\"@id\":\"https:\/\/vieassociative.be\/actualites\/kelmis-un-policier-recoit-un-coup-de-pied-au-visage-lors-de-son-arrestation\/#primaryimage\"},\"thumbnailUrl\":\"https:\/\/vieassociative.be\/actualites\/wp-content\/uploads\/2024\/11\/Raeren-Le-conducteur-tombe-dans-un-micro-sommeil-a-midi.jpeg\",\"keywords\":[\"arrestation\",\"coup\",\"Kelmis\",\"lors\",\"pied\",\"policier\",\"re\u00e7oit\",\"son\",\"visage\"],\"articleSection\":[\"Belgique\"],\"inLanguage\":\"fr-BE\"},{\"@type\":\"WebPage\",\"@id\":\"https:\/\/vieassociative.be\/actualites\/kelmis-un-policier-recoit-un-coup-de-pied-au-visage-lors-de-son-arrestation\/\",\"url\":\"https:\/\/vieassociative.be\/actualites\/kelmis-un-policier-recoit-un-coup-de-pied-au-visage-lors-de-son-arrestation\/\",\"name\":\"Kelmis : un policier re\u00e7oit un coup de pied au visage lors de son arrestation | Vie Associative\",\"isPartOf\":{\"@id\":\"https:\/\/vieassociative.be\/actualites\/#website\"},\"primaryImageOfPage\":{\"@id\":\"https:\/\/vieassociative.be\/actualites\/kelmis-un-policier-recoit-un-coup-de-pied-au-visage-lors-de-son-arrestation\/#primaryimage\"},\"image\":{\"@id\":\"https:\/\/vieassociative.be\/actualites\/kelmis-un-policier-recoit-un-coup-de-pied-au-visage-lors-de-son-arrestation\/#primaryimage\"},\"thumbnailUrl\":\"https:\/\/vieassociative.be\/actualites\/wp-content\/uploads\/2024\/11\/Raeren-Le-conducteur-tombe-dans-un-micro-sommeil-a-midi.jpeg\",\"datePublished\":\"2026-02-26T04:17:29+00:00\",\"dateModified\":\"2026-02-26T04:17:29+00:00\",\"breadcrumb\":{\"@id\":\"https:\/\/vieassociative.be\/actualites\/kelmis-un-policier-recoit-un-coup-de-pied-au-visage-lors-de-son-arrestation\/#breadcrumb\"},\"inLanguage\":\"fr-BE\",\"potentialAction\":[{\"@type\":\"ReadAction\",\"target\":[\"https:\/\/vieassociative.be\/actualites\/kelmis-un-policier-recoit-un-coup-de-pied-au-visage-lors-de-son-arrestation\/\"]}]},{\"@type\":\"ImageObject\",\"inLanguage\":\"fr-BE\",\"@id\":\"https:\/\/vieassociative.be\/actualites\/kelmis-un-policier-recoit-un-coup-de-pied-au-visage-lors-de-son-arrestation\/#primaryimage\",\"url\":\"https:\/\/vieassociative.be\/actualites\/wp-content\/uploads\/2024\/11\/Raeren-Le-conducteur-tombe-dans-un-micro-sommeil-a-midi.jpeg\",\"contentUrl\":\"https:\/\/vieassociative.be\/actualites\/wp-content\/uploads\/2024\/11\/Raeren-Le-conducteur-tombe-dans-un-micro-sommeil-a-midi.jpeg\",\"width\":1200,\"height\":800,\"caption\":\"Raeren : Le conducteur tombe dans un micro-sommeil \u00e0 midi\"},{\"@type\":\"BreadcrumbList\",\"@id\":\"https:\/\/vieassociative.be\/actualites\/kelmis-un-policier-recoit-un-coup-de-pied-au-visage-lors-de-son-arrestation\/#breadcrumb\",\"itemListElement\":[{\"@type\":\"ListItem\",\"position\":1,\"name\":\"Accueil\",\"item\":\"https:\/\/vieassociative.be\/actualites\/\"},{\"@type\":\"ListItem\",\"position\":2,\"name\":\"Kelmis : un policier re\u00e7oit un coup de pied au visage lors de son arrestation\"}]},{\"@type\":\"WebSite\",\"@id\":\"https:\/\/vieassociative.be\/actualites\/#website\",\"url\":\"https:\/\/vieassociative.be\/actualites\/\",\"name\":\"Vie Associative\",\"description\":\"\",\"publisher\":{\"@id\":\"https:\/\/vieassociative.be\/actualites\/#organization\"},\"potentialAction\":[{\"@type\":\"SearchAction\",\"target\":{\"@type\":\"EntryPoint\",\"urlTemplate\":\"https:\/\/vieassociative.be\/actualites\/?s={search_term_string}\"},\"query-input\":{\"@type\":\"PropertyValueSpecification\",\"valueRequired\":true,\"valueName\":\"search_term_string\"}}],\"inLanguage\":\"fr-BE\"},{\"@type\":\"Organization\",\"@id\":\"https:\/\/vieassociative.be\/actualites\/#organization\",\"name\":\"Vie Associative\",\"url\":\"https:\/\/vieassociative.be\/actualites\/\",\"logo\":{\"@type\":\"ImageObject\",\"inLanguage\":\"fr-BE\",\"@id\":\"https:\/\/vieassociative.be\/actualites\/#\/schema\/logo\/image\/\",\"url\":\"https:\/\/vieassociative.be\/actualites\/wp-content\/uploads\/2024\/09\/cropped-vieassociative_favicon.ico.png\",\"contentUrl\":\"https:\/\/vieassociative.be\/actualites\/wp-content\/uploads\/2024\/09\/cropped-vieassociative_favicon.ico.png\",\"width\":512,\"height\":512,\"caption\":\"Vie Associative\"},\"image\":{\"@id\":\"https:\/\/vieassociative.be\/actualites\/#\/schema\/logo\/image\/\"}},{\"@type\":\"Person\",\"@id\":\"https:\/\/vieassociative.be\/actualites\/#\/schema\/person\/b87ac4f82f9d4e7b7cec7395b679edc4\",\"name\":\"Julien\",\"image\":{\"@type\":\"ImageObject\",\"inLanguage\":\"fr-BE\",\"@id\":\"https:\/\/vieassociative.be\/actualites\/#\/schema\/person\/image\/\",\"url\":\"https:\/\/vieassociative.be\/actualites\/wp-content\/uploads\/2024\/09\/vie-associative-1-150x150.jpg\",\"contentUrl\":\"https:\/\/vieassociative.be\/actualites\/wp-content\/uploads\/2024\/09\/vie-associative-1-150x150.jpg\",\"caption\":\"Julien\"},\"description\":\"Je suis Julien, r\u00e9dacteur pour Vie Associative. Passionn\u00e9 par le monde associatif depuis plus de 10 ans, j'ai \u00e0 c\u0153ur de partager des histoires inspirantes et de mettre en lumi\u00e8re les initiatives locales. Mon objectif est de sensibiliser et d'encourager l'engagement communautaire \u00e0 travers mes articles.\",\"sameAs\":[\"https:\/\/vieassociative.be\/\"]}]}<\/script>\n<!-- \/ Yoast SEO plugin. -->","yoast_head_json":{"title":"Kelmis : un policier re\u00e7oit un coup de pied au visage lors de son arrestation | Vie Associative","robots":{"index":"index","follow":"follow","max-snippet":"max-snippet:-1","max-image-preview":"max-image-preview:large","max-video-preview":"max-video-preview:-1"},"canonical":"https:\/\/vieassociative.be\/actualites\/kelmis-un-policier-recoit-un-coup-de-pied-au-visage-lors-de-son-arrestation\/","og_locale":"fr_FR","og_type":"article","og_title":"Kelmis : un policier re\u00e7oit un coup de pied au visage lors de son arrestation | Vie Associative","og_description":"La zone de police de Weser-G\u00f6hl a fait \u00e9tat de trois op\u00e9rations dans son rapport du mercredi 25 f\u00e9vrier. \u2013 Accident de la route :","og_url":"https:\/\/vieassociative.be\/actualites\/kelmis-un-policier-recoit-un-coup-de-pied-au-visage-lors-de-son-arrestation\/","og_site_name":"Vie Associative","article_published_time":"2026-02-26T04:17:29+00:00","og_image":[{"width":279,"height":92,"url":"https:\/\/vieassociative.be\/actualites\/wp-content\/uploads\/2024\/09\/header_backgroundk-01-e1726694325946.png","type":"image\/png"}],"author":"Julien","twitter_card":"summary_large_image","twitter_misc":{"\u00c9crit par":"Julien","Dur\u00e9e de lecture est.":"2 minutes"},"schema":{"@context":"https:\/\/schema.org","@graph":[{"@type":"Article","@id":"https:\/\/vieassociative.be\/actualites\/kelmis-un-policier-recoit-un-coup-de-pied-au-visage-lors-de-son-arrestation\/#article","isPartOf":{"@id":"https:\/\/vieassociative.be\/actualites\/kelmis-un-policier-recoit-un-coup-de-pied-au-visage-lors-de-son-arrestation\/"},"author":{"name":"Julien","@id":"https:\/\/vieassociative.be\/actualites\/#\/schema\/person\/b87ac4f82f9d4e7b7cec7395b679edc4"},"headline":"Kelmis : un policier re\u00e7oit un coup de pied au visage lors de son arrestation","datePublished":"2026-02-26T04:17:29+00:00","dateModified":"2026-02-26T04:17:29+00:00","mainEntityOfPage":{"@id":"https:\/\/vieassociative.be\/actualites\/kelmis-un-policier-recoit-un-coup-de-pied-au-visage-lors-de-son-arrestation\/"},"wordCount":390,"publisher":{"@id":"https:\/\/vieassociative.be\/actualites\/#organization"},"image":{"@id":"https:\/\/vieassociative.be\/actualites\/kelmis-un-policier-recoit-un-coup-de-pied-au-visage-lors-de-son-arrestation\/#primaryimage"},"thumbnailUrl":"https:\/\/vieassociative.be\/actualites\/wp-content\/uploads\/2024\/11\/Raeren-Le-conducteur-tombe-dans-un-micro-sommeil-a-midi.jpeg","keywords":["arrestation","coup","Kelmis","lors","pied","policier","re\u00e7oit","son","visage"],"articleSection":["Belgique"],"inLanguage":"fr-BE"},{"@type":"WebPage","@id":"https:\/\/vieassociative.be\/actualites\/kelmis-un-policier-recoit-un-coup-de-pied-au-visage-lors-de-son-arrestation\/","url":"https:\/\/vieassociative.be\/actualites\/kelmis-un-policier-recoit-un-coup-de-pied-au-visage-lors-de-son-arrestation\/","name":"Kelmis : un policier re\u00e7oit un coup de pied au visage lors de son arrestation | Vie Associative","isPartOf":{"@id":"https:\/\/vieassociative.be\/actualites\/#website"},"primaryImageOfPage":{"@id":"https:\/\/vieassociative.be\/actualites\/kelmis-un-policier-recoit-un-coup-de-pied-au-visage-lors-de-son-arrestation\/#primaryimage"},"image":{"@id":"https:\/\/vieassociative.be\/actualites\/kelmis-un-policier-recoit-un-coup-de-pied-au-visage-lors-de-son-arrestation\/#primaryimage"},"thumbnailUrl":"https:\/\/vieassociative.be\/actualites\/wp-content\/uploads\/2024\/11\/Raeren-Le-conducteur-tombe-dans-un-micro-sommeil-a-midi.jpeg","datePublished":"2026-02-26T04:17:29+00:00","dateModified":"2026-02-26T04:17:29+00:00","breadcrumb":{"@id":"https:\/\/vieassociative.be\/actualites\/kelmis-un-policier-recoit-un-coup-de-pied-au-visage-lors-de-son-arrestation\/#breadcrumb"},"inLanguage":"fr-BE","potentialAction":[{"@type":"ReadAction","target":["https:\/\/vieassociative.be\/actualites\/kelmis-un-policier-recoit-un-coup-de-pied-au-visage-lors-de-son-arrestation\/"]}]},{"@type":"ImageObject","inLanguage":"fr-BE","@id":"https:\/\/vieassociative.be\/actualites\/kelmis-un-policier-recoit-un-coup-de-pied-au-visage-lors-de-son-arrestation\/#primaryimage","url":"https:\/\/vieassociative.be\/actualites\/wp-content\/uploads\/2024\/11\/Raeren-Le-conducteur-tombe-dans-un-micro-sommeil-a-midi.jpeg","contentUrl":"https:\/\/vieassociative.be\/actualites\/wp-content\/uploads\/2024\/11\/Raeren-Le-conducteur-tombe-dans-un-micro-sommeil-a-midi.jpeg","width":1200,"height":800,"caption":"Raeren : Le conducteur tombe dans un micro-sommeil \u00e0 midi"},{"@type":"BreadcrumbList","@id":"https:\/\/vieassociative.be\/actualites\/kelmis-un-policier-recoit-un-coup-de-pied-au-visage-lors-de-son-arrestation\/#breadcrumb","itemListElement":[{"@type":"ListItem","position":1,"name":"Accueil","item":"https:\/\/vieassociative.be\/actualites\/"},{"@type":"ListItem","position":2,"name":"Kelmis : un policier re\u00e7oit un coup de pied au visage lors de son arrestation"}]},{"@type":"WebSite","@id":"https:\/\/vieassociative.be\/actualites\/#website","url":"https:\/\/vieassociative.be\/actualites\/","name":"Vie Associative","description":"","publisher":{"@id":"https:\/\/vieassociative.be\/actualites\/#organization"},"potentialAction":[{"@type":"SearchAction","target":{"@type":"EntryPoint","urlTemplate":"https:\/\/vieassociative.be\/actualites\/?s={search_term_string}"},"query-input":{"@type":"PropertyValueSpecification","valueRequired":true,"valueName":"search_term_string"}}],"inLanguage":"fr-BE"},{"@type":"Organization","@id":"https:\/\/vieassociative.be\/actualites\/#organization","name":"Vie Associative","url":"https:\/\/vieassociative.be\/actualites\/","logo":{"@type":"ImageObject","inLanguage":"fr-BE","@id":"https:\/\/vieassociative.be\/actualites\/#\/schema\/logo\/image\/","url":"https:\/\/vieassociative.be\/actualites\/wp-content\/uploads\/2024\/09\/cropped-vieassociative_favicon.ico.png","contentUrl":"https:\/\/vieassociative.be\/actualites\/wp-content\/uploads\/2024\/09\/cropped-vieassociative_favicon.ico.png","width":512,"height":512,"caption":"Vie Associative"},"image":{"@id":"https:\/\/vieassociative.be\/actualites\/#\/schema\/logo\/image\/"}},{"@type":"Person","@id":"https:\/\/vieassociative.be\/actualites\/#\/schema\/person\/b87ac4f82f9d4e7b7cec7395b679edc4","name":"Julien","image":{"@type":"ImageObject","inLanguage":"fr-BE","@id":"https:\/\/vieassociative.be\/actualites\/#\/schema\/person\/image\/","url":"https:\/\/vieassociative.be\/actualites\/wp-content\/uploads\/2024\/09\/vie-associative-1-150x150.jpg","contentUrl":"https:\/\/vieassociative.be\/actualites\/wp-content\/uploads\/2024\/09\/vie-associative-1-150x150.jpg","caption":"Julien"},"description":"Je suis Julien, r\u00e9dacteur pour Vie Associative. Passionn\u00e9 par le monde associatif depuis plus de 10 ans, j'ai \u00e0 c\u0153ur de partager des histoires inspirantes et de mettre en lumi\u00e8re les initiatives locales. Mon objectif est de sensibiliser et d'encourager l'engagement communautaire \u00e0 travers mes articles.","sameAs":["https:\/\/vieassociative.be\/"]}]}},"_links":{"self":[{"href":"https:\/\/vieassociative.be\/actualites\/wp-json\/wp\/v2\/posts\/12799"}],"collection":[{"href":"https:\/\/vieassociative.be\/actualites\/wp-json\/wp\/v2\/posts"}],"about":[{"href":"https:\/\/vieassociative.be\/actualites\/wp-json\/wp\/v2\/types\/post"}],"author":[{"embeddable":true,"href":"https:\/\/vieassociative.be\/actualites\/wp-json\/wp\/v2\/users\/1"}],"replies":[{"embeddable":true,"href":"https:\/\/vieassociative.be\/actualites\/wp-json\/wp\/v2\/comments?post=12799"}],"version-history":[{"count":0,"href":"https:\/\/vieassociative.be\/actualites\/wp-json\/wp\/v2\/posts\/12799\/revisions"}],"wp:featuredmedia":[{"embeddable":true,"href":"https:\/\/vieassociative.be\/actualites\/wp-json\/wp\/v2\/media\/1939"}],"wp:attachment":[{"href":"https:\/\/vieassociative.be\/actualites\/wp-json\/wp\/v2\/media?parent=12799"}],"wp:term":[{"taxonomy":"category","embeddable":true,"href":"https:\/\/vieassociative.be\/actualites\/wp-json\/wp\/v2\/categories?post=12799"},{"taxonomy":"post_tag","embeddable":true,"href":"https:\/\/vieassociative.be\/actualites\/wp-json\/wp\/v2\/tags?post=12799"}],"curies":[{"name":"wp","href":"https:\/\/api.w.org\/{rel}","templated":true}]}}