{"id":12795,"date":"2026-02-25T23:17:20","date_gmt":"2026-02-25T22:17:20","guid":{"rendered":"https:\/\/vieassociative.be\/actualites\/defaite-a-bergame-le-borussia-dortmund-echoue-en-ligue-des-champions-a-cause-dun-penalty-dans-le-temps-additionnel\/"},"modified":"2026-02-25T23:17:20","modified_gmt":"2026-02-25T22:17:20","slug":"defaite-a-bergame-le-borussia-dortmund-echoue-en-ligue-des-champions-a-cause-dun-penalty-dans-le-temps-additionnel","status":"publish","type":"post","link":"https:\/\/vieassociative.be\/actualites\/defaite-a-bergame-le-borussia-dortmund-echoue-en-ligue-des-champions-a-cause-dun-penalty-dans-le-temps-additionnel\/","title":{"rendered":"D\u00e9faite \u00e0 Bergame : le Borussia Dortmund \u00e9choue en Ligue des Champions \u00e0 cause d&rsquo;un penalty dans le temps additionnel"},"content":{"rendered":"<p><strong>Le Borussia Dortmund a r\u00e9alis\u00e9 une faible performance lors du match retour du tour interm\u00e9diaire de la Ligue des champions et a \u00e9t\u00e9 \u00e9limin\u00e9 \u00e0 juste titre. Au final, c&rsquo;est une p\u00e9nalit\u00e9 dans le temps additionnel qui d\u00e9cide.<\/strong><\/p>\n<p><span id=\"more-437225\"><\/span>Le Borussia Dortmund s&rsquo;est retir\u00e9 pr\u00e9matur\u00e9ment de la Ligue des champions apr\u00e8s une mauvaise performance et a subi un revers de plusieurs millions de dollars trois jours avant le sommet de la Bundesliga contre le Bayern Munich. Le BVB a perdu une avance de deux buts lors du match retour des barrages contre l&rsquo;Atalanta Bergame pour la deuxi\u00e8me fois seulement dans l&rsquo;histoire du club et a \u00e9t\u00e9 \u00e9limin\u00e9 1:4 (0:2).<\/p>\n<p>Le facteur d\u00e9cisif a \u00e9t\u00e9 un but sur penalty du Berlinois Lazar Samardzic \u00e0 la huiti\u00e8me minute des arr\u00eats de jeu. Apr\u00e8s avoir utilis\u00e9 la preuve vid\u00e9o, l&rsquo;arbitre a prononc\u00e9 un penalty et un carton jaune-rouge pour Ramy Bensebaini de Dortmund.<\/p>\n<div id=\"attachment_437230\" class=\"wp-caption alignleft\" style=\"max-width: 300px\"><img fetchpriority=\"high\" decoding=\"async\" class=\"wp-image-437230 size-medium\" src=\"https:\/\/vieassociative.be\/actualites\/wp-content\/uploads\/2026\/02\/Defaite-a-Bergame-le-Borussia-Dortmund-echoue-en-Ligue.jpg\" alt=\"\" width=\"300\" height=\"200\"><\/div>\n<p>Une telle sortie n&rsquo;\u00e9tait arriv\u00e9e qu&rsquo;\u00e0 Dortmund en Coupe d&rsquo;Europe en d\u00e9cembre 1987 face au FC Bruges. A cette \u00e9poque, le BVB avait \u00e9chou\u00e9 apr\u00e8s une victoire 3-0 au match aller et une d\u00e9faite 5-0 apr\u00e8s prolongation.<\/p>\n<p>Cette fois, Gianluca Scamacca (5e minute), Davide Zappacosta (45e), Mario Pasalic (57e) et Samardzic ont assur\u00e9 l&rsquo;\u00e9limination dans le temps r\u00e9glementaire du vice-champion de Bundesliga, qui dans cet \u00e9tat n&rsquo;est pas un challenger s\u00e9rieux pour le FC Bayern. Le but de Karim Adeyemi (75e) a redonn\u00e9 espoir, mais cela n&rsquo;a pas suffi.<\/p>\n<p><strong>\u2013 Les avertissements s\u2019\u00e9teignent t\u00f4t\u00a0:<\/strong> Malgr\u00e9 l&rsquo;avance de deux buts obtenue \u00e0 l&rsquo;aller, les responsables du BVB avaient mis en garde contre l&rsquo;\u00e9quipe class\u00e9e septi\u00e8me de Serie A. \u00ab\u00a0C&rsquo;est une tr\u00e8s bonne \u00e9quipe. Nous devons appuyer sur l&rsquo;acc\u00e9l\u00e9rateur et nous battre ensemble\u00a0\u00bb, a d\u00e9clar\u00e9 l&rsquo;entra\u00eeneur Niko Kovac peu avant le coup d&rsquo;envoi.<\/p>\n<p>Le directeur sportif Lars Ricken a \u00e9galement lanc\u00e9 un appel urgent \u00e0 l&rsquo;\u00e9quipe : \u00ab\u00a0Si quelqu&rsquo;un pense que nous sommes dans une situation confortable, cela peut rapidement conduire \u00e0 un r\u00e9veil brutal. C&rsquo;est pourquoi nous ne devons pas tomber dans la passivit\u00e9, mais jouer activement vers l&rsquo;avant.\u00a0\u00bb<\/p>\n<p>Il n\u2019y avait aucun signe de cela. En fait, le plan a \u00e9chou\u00e9 au bout de cinq minutes seulement. Lorenzo Bernasconi \u00e9tait bien pr\u00e9sent\u00e9 sur l&rsquo;aile gauche, son centre bas poussait Scamacca sans contestation au-del\u00e0 de la ligne au deuxi\u00e8me poteau. Le gardien du BVB Gregor Kobel, qui avait sauv\u00e9 Nicola Zalewski 60 secondes plus t\u00f4t, \u00e9tait impuissant.<\/p>\n<div id=\"attachment_437228\" class=\"wp-caption alignleft\" style=\"max-width: 300px\"><img decoding=\"async\" class=\"wp-image-437228 size-medium\" src=\"https:\/\/vieassociative.be\/actualites\/wp-content\/uploads\/2026\/02\/1772057840_413_Defaite-a-Bergame-le-Borussia-Dortmund-echoue-en-Ligue.jpg\" alt=\"\" width=\"300\" height=\"200\"><\/div>\n<p><strong>\u2013 Dortmund beaucoup trop bien :<\/strong> Cette premi\u00e8re avance a donn\u00e9 encore plus d&rsquo;inspiration \u00e0 l&rsquo;\u00e9quipe locale. Pouss\u00e9e par ses supporters au sang chaud, l&rsquo;Atalanta a pouss\u00e9 pour le deuxi\u00e8me but, que Kobel a emp\u00each\u00e9 d&rsquo;un superbe arr\u00eat sur un autre tir de Zalewski (24e).<\/p>\n<p>Le capitaine Emre Can, titulaire \u00e0 son retour, n&rsquo;a pas non plus pu assurer la s\u00e9curit\u00e9 de la d\u00e9fense. Le joueur de 32 ans avait rat\u00e9 cinq matchs de comp\u00e9tition depuis fin janvier en raison de probl\u00e8mes aux adducteurs. La seule v\u00e9ritable occasion en premi\u00e8re mi-temps est venue de Julian Brandt, qui a \u00e9chou\u00e9 d&rsquo;un tir bas devant le gardien de Bergame Marco Carnesecchi.<\/p>\n<p><strong>\u2013 Bergame punit les erreurs de Dortmund :<\/strong> Sans le soutien de ses fans ultras, le club de Bundesliga a trop bien agi. Les supporters organis\u00e9s \u00e9taient rest\u00e9s \u00e0 l&rsquo;\u00e9cart du match en raison de mesures officielles pr\u00e9alables, que le club avait qualifi\u00e9es de \u00ab disproportionn\u00e9es \u00bb et dans certains cas \u00ab arbitraires \u00bb. \u00ab\u00a0C&rsquo;est bien s\u00fbr tr\u00e8s amer et tr\u00e8s ennuyeux pour nous\u00a0\u00bb, a d\u00e9clar\u00e9 Kovac.<\/p>\n<p>Quelques secondes avant la pause, l&rsquo;entra\u00eeneur du BVB voyait Ramy Bensebaini d\u00e9tourner un tir lointain de Zappacosta imparable pour Kobel. Apr\u00e8s le changement, les choses ont empir\u00e9 encore. Pasalic \u00e9tait compl\u00e8tement libre lorsqu&rsquo;il a re\u00e7u un centre du demi-terrain et a battu Kobel de la t\u00eate.<\/p>\n<p>Quelques minutes plus t\u00f4t, Maximilian Beier avait rat\u00e9 une belle occasion de marquer en frappant le poteau totalement libre. Dortmund n&rsquo;avait pas grand-chose de plus \u00e0 offrir en attaque, m\u00eame si Adeyemi donnait de l&rsquo;espoir. Un penalty dans le temps additionnel a d\u00e9cid\u00e9. (dpa)<\/p>\n","protected":false},"excerpt":{"rendered":"<p>Le Borussia Dortmund a r\u00e9alis\u00e9 une faible performance lors du match retour du tour interm\u00e9diaire de la Ligue des champions et a \u00e9t\u00e9 \u00e9limin\u00e9 \u00e0<\/p>\n","protected":false},"author":1,"featured_media":12796,"comment_status":"","ping_status":"","sticky":false,"template":"","format":"standard","meta":{"footnotes":""},"categories":[298],"tags":[10107,10106,4677,2818,166,2350,29,2475,354,2978,2817,9034,790],"class_list":["post-12795","post","type-post","status-publish","format-standard","has-post-thumbnail","hentry","category-belgique","tag-additionnel","tag-bergame","tag-borussia","tag-champions","tag-dans","tag-defaite","tag-des","tag-dortmund","tag-dun","tag-echoue","tag-ligue","tag-penalty","tag-temps","generate-columns","tablet-grid-50","mobile-grid-100","grid-parent","grid-33"],"yoast_head":"<!-- This site is optimized with the Yoast SEO plugin v24.0 - https:\/\/yoast.com\/wordpress\/plugins\/seo\/ -->\n<title>D\u00e9faite \u00e0 Bergame : le Borussia Dortmund \u00e9choue en Ligue des Champions \u00e0 cause d&#039;un penalty dans le temps additionnel | Vie Associative<\/title>\n<meta name=\"robots\" content=\"index, follow, max-snippet:-1, max-image-preview:large, max-video-preview:-1\" \/>\n<link rel=\"canonical\" href=\"https:\/\/vieassociative.be\/actualites\/defaite-a-bergame-le-borussia-dortmund-echoue-en-ligue-des-champions-a-cause-dun-penalty-dans-le-temps-additionnel\/\" \/>\n<meta property=\"og:locale\" content=\"fr_FR\" \/>\n<meta property=\"og:type\" content=\"article\" \/>\n<meta property=\"og:title\" content=\"D\u00e9faite \u00e0 Bergame : le Borussia Dortmund \u00e9choue en Ligue des Champions \u00e0 cause d&#039;un penalty dans le temps additionnel | Vie Associative\" \/>\n<meta property=\"og:description\" content=\"Le Borussia Dortmund a r\u00e9alis\u00e9 une faible performance lors du match retour du tour interm\u00e9diaire de la Ligue des champions et a \u00e9t\u00e9 \u00e9limin\u00e9 \u00e0\" \/>\n<meta property=\"og:url\" content=\"https:\/\/vieassociative.be\/actualites\/defaite-a-bergame-le-borussia-dortmund-echoue-en-ligue-des-champions-a-cause-dun-penalty-dans-le-temps-additionnel\/\" \/>\n<meta property=\"og:site_name\" content=\"Vie Associative\" \/>\n<meta property=\"article:published_time\" content=\"2026-02-25T22:17:20+00:00\" \/>\n<meta property=\"og:image\" content=\"https:\/\/vieassociative.be\/actualites\/wp-content\/uploads\/2024\/09\/header_backgroundk-01-e1726694325946.png\" \/>\n\t<meta property=\"og:image:width\" content=\"279\" \/>\n\t<meta property=\"og:image:height\" content=\"92\" \/>\n\t<meta property=\"og:image:type\" content=\"image\/png\" \/>\n<meta name=\"author\" content=\"Julien\" \/>\n<meta name=\"twitter:card\" content=\"summary_large_image\" \/>\n<meta name=\"twitter:label1\" content=\"\u00c9crit par\" \/>\n\t<meta name=\"twitter:data1\" content=\"Julien\" \/>\n\t<meta name=\"twitter:label2\" content=\"Dur\u00e9e de lecture est.\" \/>\n\t<meta name=\"twitter:data2\" content=\"4 minutes\" \/>\n<script type=\"application\/ld+json\" class=\"yoast-schema-graph\">{\"@context\":\"https:\/\/schema.org\",\"@graph\":[{\"@type\":\"Article\",\"@id\":\"https:\/\/vieassociative.be\/actualites\/defaite-a-bergame-le-borussia-dortmund-echoue-en-ligue-des-champions-a-cause-dun-penalty-dans-le-temps-additionnel\/#article\",\"isPartOf\":{\"@id\":\"https:\/\/vieassociative.be\/actualites\/defaite-a-bergame-le-borussia-dortmund-echoue-en-ligue-des-champions-a-cause-dun-penalty-dans-le-temps-additionnel\/\"},\"author\":{\"name\":\"Julien\",\"@id\":\"https:\/\/vieassociative.be\/actualites\/#\/schema\/person\/b87ac4f82f9d4e7b7cec7395b679edc4\"},\"headline\":\"D\u00e9faite \u00e0 Bergame : le Borussia Dortmund \u00e9choue en Ligue des Champions \u00e0 cause d&rsquo;un penalty dans le temps additionnel\",\"datePublished\":\"2026-02-25T22:17:20+00:00\",\"dateModified\":\"2026-02-25T22:17:20+00:00\",\"mainEntityOfPage\":{\"@id\":\"https:\/\/vieassociative.be\/actualites\/defaite-a-bergame-le-borussia-dortmund-echoue-en-ligue-des-champions-a-cause-dun-penalty-dans-le-temps-additionnel\/\"},\"wordCount\":753,\"publisher\":{\"@id\":\"https:\/\/vieassociative.be\/actualites\/#organization\"},\"image\":{\"@id\":\"https:\/\/vieassociative.be\/actualites\/defaite-a-bergame-le-borussia-dortmund-echoue-en-ligue-des-champions-a-cause-dun-penalty-dans-le-temps-additionnel\/#primaryimage\"},\"thumbnailUrl\":\"https:\/\/vieassociative.be\/actualites\/wp-content\/uploads\/2026\/02\/1772057841_Defaite-a-Bergame-le-Borussia-Dortmund-echoue-en-Ligue.jpg\",\"keywords\":[\"additionnel\",\"Bergame\",\"Borussia\",\"Champions\",\"dans\",\"D\u00e9faite\",\"Des\",\"Dortmund\",\"dun\",\"\u00e9choue\",\"Ligue\",\"penalty\",\"temps\"],\"articleSection\":[\"Belgique\"],\"inLanguage\":\"fr-BE\"},{\"@type\":\"WebPage\",\"@id\":\"https:\/\/vieassociative.be\/actualites\/defaite-a-bergame-le-borussia-dortmund-echoue-en-ligue-des-champions-a-cause-dun-penalty-dans-le-temps-additionnel\/\",\"url\":\"https:\/\/vieassociative.be\/actualites\/defaite-a-bergame-le-borussia-dortmund-echoue-en-ligue-des-champions-a-cause-dun-penalty-dans-le-temps-additionnel\/\",\"name\":\"D\u00e9faite \u00e0 Bergame : le Borussia Dortmund \u00e9choue en Ligue des Champions \u00e0 cause d'un penalty dans le temps additionnel | Vie Associative\",\"isPartOf\":{\"@id\":\"https:\/\/vieassociative.be\/actualites\/#website\"},\"primaryImageOfPage\":{\"@id\":\"https:\/\/vieassociative.be\/actualites\/defaite-a-bergame-le-borussia-dortmund-echoue-en-ligue-des-champions-a-cause-dun-penalty-dans-le-temps-additionnel\/#primaryimage\"},\"image\":{\"@id\":\"https:\/\/vieassociative.be\/actualites\/defaite-a-bergame-le-borussia-dortmund-echoue-en-ligue-des-champions-a-cause-dun-penalty-dans-le-temps-additionnel\/#primaryimage\"},\"thumbnailUrl\":\"https:\/\/vieassociative.be\/actualites\/wp-content\/uploads\/2026\/02\/1772057841_Defaite-a-Bergame-le-Borussia-Dortmund-echoue-en-Ligue.jpg\",\"datePublished\":\"2026-02-25T22:17:20+00:00\",\"dateModified\":\"2026-02-25T22:17:20+00:00\",\"breadcrumb\":{\"@id\":\"https:\/\/vieassociative.be\/actualites\/defaite-a-bergame-le-borussia-dortmund-echoue-en-ligue-des-champions-a-cause-dun-penalty-dans-le-temps-additionnel\/#breadcrumb\"},\"inLanguage\":\"fr-BE\",\"potentialAction\":[{\"@type\":\"ReadAction\",\"target\":[\"https:\/\/vieassociative.be\/actualites\/defaite-a-bergame-le-borussia-dortmund-echoue-en-ligue-des-champions-a-cause-dun-penalty-dans-le-temps-additionnel\/\"]}]},{\"@type\":\"ImageObject\",\"inLanguage\":\"fr-BE\",\"@id\":\"https:\/\/vieassociative.be\/actualites\/defaite-a-bergame-le-borussia-dortmund-echoue-en-ligue-des-champions-a-cause-dun-penalty-dans-le-temps-additionnel\/#primaryimage\",\"url\":\"https:\/\/vieassociative.be\/actualites\/wp-content\/uploads\/2026\/02\/1772057841_Defaite-a-Bergame-le-Borussia-Dortmund-echoue-en-Ligue.jpg\",\"contentUrl\":\"https:\/\/vieassociative.be\/actualites\/wp-content\/uploads\/2026\/02\/1772057841_Defaite-a-Bergame-le-Borussia-Dortmund-echoue-en-Ligue.jpg\",\"width\":1200,\"height\":800,\"caption\":\"D\u00e9faite \u00e0 Bergame : le Borussia Dortmund \u00e9choue en Ligue des Champions \u00e0 cause d'un penalty dans le temps additionnel\"},{\"@type\":\"BreadcrumbList\",\"@id\":\"https:\/\/vieassociative.be\/actualites\/defaite-a-bergame-le-borussia-dortmund-echoue-en-ligue-des-champions-a-cause-dun-penalty-dans-le-temps-additionnel\/#breadcrumb\",\"itemListElement\":[{\"@type\":\"ListItem\",\"position\":1,\"name\":\"Accueil\",\"item\":\"https:\/\/vieassociative.be\/actualites\/\"},{\"@type\":\"ListItem\",\"position\":2,\"name\":\"D\u00e9faite \u00e0 Bergame : le Borussia Dortmund \u00e9choue en Ligue des Champions \u00e0 cause d&rsquo;un penalty dans le temps additionnel\"}]},{\"@type\":\"WebSite\",\"@id\":\"https:\/\/vieassociative.be\/actualites\/#website\",\"url\":\"https:\/\/vieassociative.be\/actualites\/\",\"name\":\"Vie Associative\",\"description\":\"\",\"publisher\":{\"@id\":\"https:\/\/vieassociative.be\/actualites\/#organization\"},\"potentialAction\":[{\"@type\":\"SearchAction\",\"target\":{\"@type\":\"EntryPoint\",\"urlTemplate\":\"https:\/\/vieassociative.be\/actualites\/?s={search_term_string}\"},\"query-input\":{\"@type\":\"PropertyValueSpecification\",\"valueRequired\":true,\"valueName\":\"search_term_string\"}}],\"inLanguage\":\"fr-BE\"},{\"@type\":\"Organization\",\"@id\":\"https:\/\/vieassociative.be\/actualites\/#organization\",\"name\":\"Vie Associative\",\"url\":\"https:\/\/vieassociative.be\/actualites\/\",\"logo\":{\"@type\":\"ImageObject\",\"inLanguage\":\"fr-BE\",\"@id\":\"https:\/\/vieassociative.be\/actualites\/#\/schema\/logo\/image\/\",\"url\":\"https:\/\/vieassociative.be\/actualites\/wp-content\/uploads\/2024\/09\/cropped-vieassociative_favicon.ico.png\",\"contentUrl\":\"https:\/\/vieassociative.be\/actualites\/wp-content\/uploads\/2024\/09\/cropped-vieassociative_favicon.ico.png\",\"width\":512,\"height\":512,\"caption\":\"Vie Associative\"},\"image\":{\"@id\":\"https:\/\/vieassociative.be\/actualites\/#\/schema\/logo\/image\/\"}},{\"@type\":\"Person\",\"@id\":\"https:\/\/vieassociative.be\/actualites\/#\/schema\/person\/b87ac4f82f9d4e7b7cec7395b679edc4\",\"name\":\"Julien\",\"image\":{\"@type\":\"ImageObject\",\"inLanguage\":\"fr-BE\",\"@id\":\"https:\/\/vieassociative.be\/actualites\/#\/schema\/person\/image\/\",\"url\":\"https:\/\/vieassociative.be\/actualites\/wp-content\/uploads\/2024\/09\/vie-associative-1-150x150.jpg\",\"contentUrl\":\"https:\/\/vieassociative.be\/actualites\/wp-content\/uploads\/2024\/09\/vie-associative-1-150x150.jpg\",\"caption\":\"Julien\"},\"description\":\"Je suis Julien, r\u00e9dacteur pour Vie Associative. Passionn\u00e9 par le monde associatif depuis plus de 10 ans, j'ai \u00e0 c\u0153ur de partager des histoires inspirantes et de mettre en lumi\u00e8re les initiatives locales. Mon objectif est de sensibiliser et d'encourager l'engagement communautaire \u00e0 travers mes articles.\",\"sameAs\":[\"https:\/\/vieassociative.be\/\"]}]}<\/script>\n<!-- \/ Yoast SEO plugin. -->","yoast_head_json":{"title":"D\u00e9faite \u00e0 Bergame : le Borussia Dortmund \u00e9choue en Ligue des Champions \u00e0 cause d'un penalty dans le temps additionnel | Vie Associative","robots":{"index":"index","follow":"follow","max-snippet":"max-snippet:-1","max-image-preview":"max-image-preview:large","max-video-preview":"max-video-preview:-1"},"canonical":"https:\/\/vieassociative.be\/actualites\/defaite-a-bergame-le-borussia-dortmund-echoue-en-ligue-des-champions-a-cause-dun-penalty-dans-le-temps-additionnel\/","og_locale":"fr_FR","og_type":"article","og_title":"D\u00e9faite \u00e0 Bergame : le Borussia Dortmund \u00e9choue en Ligue des Champions \u00e0 cause d'un penalty dans le temps additionnel | Vie Associative","og_description":"Le Borussia Dortmund a r\u00e9alis\u00e9 une faible performance lors du match retour du tour interm\u00e9diaire de la Ligue des champions et a \u00e9t\u00e9 \u00e9limin\u00e9 \u00e0","og_url":"https:\/\/vieassociative.be\/actualites\/defaite-a-bergame-le-borussia-dortmund-echoue-en-ligue-des-champions-a-cause-dun-penalty-dans-le-temps-additionnel\/","og_site_name":"Vie Associative","article_published_time":"2026-02-25T22:17:20+00:00","og_image":[{"width":279,"height":92,"url":"https:\/\/vieassociative.be\/actualites\/wp-content\/uploads\/2024\/09\/header_backgroundk-01-e1726694325946.png","type":"image\/png"}],"author":"Julien","twitter_card":"summary_large_image","twitter_misc":{"\u00c9crit par":"Julien","Dur\u00e9e de lecture est.":"4 minutes"},"schema":{"@context":"https:\/\/schema.org","@graph":[{"@type":"Article","@id":"https:\/\/vieassociative.be\/actualites\/defaite-a-bergame-le-borussia-dortmund-echoue-en-ligue-des-champions-a-cause-dun-penalty-dans-le-temps-additionnel\/#article","isPartOf":{"@id":"https:\/\/vieassociative.be\/actualites\/defaite-a-bergame-le-borussia-dortmund-echoue-en-ligue-des-champions-a-cause-dun-penalty-dans-le-temps-additionnel\/"},"author":{"name":"Julien","@id":"https:\/\/vieassociative.be\/actualites\/#\/schema\/person\/b87ac4f82f9d4e7b7cec7395b679edc4"},"headline":"D\u00e9faite \u00e0 Bergame : le Borussia Dortmund \u00e9choue en Ligue des Champions \u00e0 cause d&rsquo;un penalty dans le temps additionnel","datePublished":"2026-02-25T22:17:20+00:00","dateModified":"2026-02-25T22:17:20+00:00","mainEntityOfPage":{"@id":"https:\/\/vieassociative.be\/actualites\/defaite-a-bergame-le-borussia-dortmund-echoue-en-ligue-des-champions-a-cause-dun-penalty-dans-le-temps-additionnel\/"},"wordCount":753,"publisher":{"@id":"https:\/\/vieassociative.be\/actualites\/#organization"},"image":{"@id":"https:\/\/vieassociative.be\/actualites\/defaite-a-bergame-le-borussia-dortmund-echoue-en-ligue-des-champions-a-cause-dun-penalty-dans-le-temps-additionnel\/#primaryimage"},"thumbnailUrl":"https:\/\/vieassociative.be\/actualites\/wp-content\/uploads\/2026\/02\/1772057841_Defaite-a-Bergame-le-Borussia-Dortmund-echoue-en-Ligue.jpg","keywords":["additionnel","Bergame","Borussia","Champions","dans","D\u00e9faite","Des","Dortmund","dun","\u00e9choue","Ligue","penalty","temps"],"articleSection":["Belgique"],"inLanguage":"fr-BE"},{"@type":"WebPage","@id":"https:\/\/vieassociative.be\/actualites\/defaite-a-bergame-le-borussia-dortmund-echoue-en-ligue-des-champions-a-cause-dun-penalty-dans-le-temps-additionnel\/","url":"https:\/\/vieassociative.be\/actualites\/defaite-a-bergame-le-borussia-dortmund-echoue-en-ligue-des-champions-a-cause-dun-penalty-dans-le-temps-additionnel\/","name":"D\u00e9faite \u00e0 Bergame : le Borussia Dortmund \u00e9choue en Ligue des Champions \u00e0 cause d'un penalty dans le temps additionnel | Vie Associative","isPartOf":{"@id":"https:\/\/vieassociative.be\/actualites\/#website"},"primaryImageOfPage":{"@id":"https:\/\/vieassociative.be\/actualites\/defaite-a-bergame-le-borussia-dortmund-echoue-en-ligue-des-champions-a-cause-dun-penalty-dans-le-temps-additionnel\/#primaryimage"},"image":{"@id":"https:\/\/vieassociative.be\/actualites\/defaite-a-bergame-le-borussia-dortmund-echoue-en-ligue-des-champions-a-cause-dun-penalty-dans-le-temps-additionnel\/#primaryimage"},"thumbnailUrl":"https:\/\/vieassociative.be\/actualites\/wp-content\/uploads\/2026\/02\/1772057841_Defaite-a-Bergame-le-Borussia-Dortmund-echoue-en-Ligue.jpg","datePublished":"2026-02-25T22:17:20+00:00","dateModified":"2026-02-25T22:17:20+00:00","breadcrumb":{"@id":"https:\/\/vieassociative.be\/actualites\/defaite-a-bergame-le-borussia-dortmund-echoue-en-ligue-des-champions-a-cause-dun-penalty-dans-le-temps-additionnel\/#breadcrumb"},"inLanguage":"fr-BE","potentialAction":[{"@type":"ReadAction","target":["https:\/\/vieassociative.be\/actualites\/defaite-a-bergame-le-borussia-dortmund-echoue-en-ligue-des-champions-a-cause-dun-penalty-dans-le-temps-additionnel\/"]}]},{"@type":"ImageObject","inLanguage":"fr-BE","@id":"https:\/\/vieassociative.be\/actualites\/defaite-a-bergame-le-borussia-dortmund-echoue-en-ligue-des-champions-a-cause-dun-penalty-dans-le-temps-additionnel\/#primaryimage","url":"https:\/\/vieassociative.be\/actualites\/wp-content\/uploads\/2026\/02\/1772057841_Defaite-a-Bergame-le-Borussia-Dortmund-echoue-en-Ligue.jpg","contentUrl":"https:\/\/vieassociative.be\/actualites\/wp-content\/uploads\/2026\/02\/1772057841_Defaite-a-Bergame-le-Borussia-Dortmund-echoue-en-Ligue.jpg","width":1200,"height":800,"caption":"D\u00e9faite \u00e0 Bergame : le Borussia Dortmund \u00e9choue en Ligue des Champions \u00e0 cause d'un penalty dans le temps additionnel"},{"@type":"BreadcrumbList","@id":"https:\/\/vieassociative.be\/actualites\/defaite-a-bergame-le-borussia-dortmund-echoue-en-ligue-des-champions-a-cause-dun-penalty-dans-le-temps-additionnel\/#breadcrumb","itemListElement":[{"@type":"ListItem","position":1,"name":"Accueil","item":"https:\/\/vieassociative.be\/actualites\/"},{"@type":"ListItem","position":2,"name":"D\u00e9faite \u00e0 Bergame : le Borussia Dortmund \u00e9choue en Ligue des Champions \u00e0 cause d&rsquo;un penalty dans le temps additionnel"}]},{"@type":"WebSite","@id":"https:\/\/vieassociative.be\/actualites\/#website","url":"https:\/\/vieassociative.be\/actualites\/","name":"Vie Associative","description":"","publisher":{"@id":"https:\/\/vieassociative.be\/actualites\/#organization"},"potentialAction":[{"@type":"SearchAction","target":{"@type":"EntryPoint","urlTemplate":"https:\/\/vieassociative.be\/actualites\/?s={search_term_string}"},"query-input":{"@type":"PropertyValueSpecification","valueRequired":true,"valueName":"search_term_string"}}],"inLanguage":"fr-BE"},{"@type":"Organization","@id":"https:\/\/vieassociative.be\/actualites\/#organization","name":"Vie Associative","url":"https:\/\/vieassociative.be\/actualites\/","logo":{"@type":"ImageObject","inLanguage":"fr-BE","@id":"https:\/\/vieassociative.be\/actualites\/#\/schema\/logo\/image\/","url":"https:\/\/vieassociative.be\/actualites\/wp-content\/uploads\/2024\/09\/cropped-vieassociative_favicon.ico.png","contentUrl":"https:\/\/vieassociative.be\/actualites\/wp-content\/uploads\/2024\/09\/cropped-vieassociative_favicon.ico.png","width":512,"height":512,"caption":"Vie Associative"},"image":{"@id":"https:\/\/vieassociative.be\/actualites\/#\/schema\/logo\/image\/"}},{"@type":"Person","@id":"https:\/\/vieassociative.be\/actualites\/#\/schema\/person\/b87ac4f82f9d4e7b7cec7395b679edc4","name":"Julien","image":{"@type":"ImageObject","inLanguage":"fr-BE","@id":"https:\/\/vieassociative.be\/actualites\/#\/schema\/person\/image\/","url":"https:\/\/vieassociative.be\/actualites\/wp-content\/uploads\/2024\/09\/vie-associative-1-150x150.jpg","contentUrl":"https:\/\/vieassociative.be\/actualites\/wp-content\/uploads\/2024\/09\/vie-associative-1-150x150.jpg","caption":"Julien"},"description":"Je suis Julien, r\u00e9dacteur pour Vie Associative. Passionn\u00e9 par le monde associatif depuis plus de 10 ans, j'ai \u00e0 c\u0153ur de partager des histoires inspirantes et de mettre en lumi\u00e8re les initiatives locales. Mon objectif est de sensibiliser et d'encourager l'engagement communautaire \u00e0 travers mes articles.","sameAs":["https:\/\/vieassociative.be\/"]}]}},"_links":{"self":[{"href":"https:\/\/vieassociative.be\/actualites\/wp-json\/wp\/v2\/posts\/12795"}],"collection":[{"href":"https:\/\/vieassociative.be\/actualites\/wp-json\/wp\/v2\/posts"}],"about":[{"href":"https:\/\/vieassociative.be\/actualites\/wp-json\/wp\/v2\/types\/post"}],"author":[{"embeddable":true,"href":"https:\/\/vieassociative.be\/actualites\/wp-json\/wp\/v2\/users\/1"}],"replies":[{"embeddable":true,"href":"https:\/\/vieassociative.be\/actualites\/wp-json\/wp\/v2\/comments?post=12795"}],"version-history":[{"count":0,"href":"https:\/\/vieassociative.be\/actualites\/wp-json\/wp\/v2\/posts\/12795\/revisions"}],"wp:featuredmedia":[{"embeddable":true,"href":"https:\/\/vieassociative.be\/actualites\/wp-json\/wp\/v2\/media\/12796"}],"wp:attachment":[{"href":"https:\/\/vieassociative.be\/actualites\/wp-json\/wp\/v2\/media?parent=12795"}],"wp:term":[{"taxonomy":"category","embeddable":true,"href":"https:\/\/vieassociative.be\/actualites\/wp-json\/wp\/v2\/categories?post=12795"},{"taxonomy":"post_tag","embeddable":true,"href":"https:\/\/vieassociative.be\/actualites\/wp-json\/wp\/v2\/tags?post=12795"}],"curies":[{"name":"wp","href":"https:\/\/api.w.org\/{rel}","templated":true}]}}