{"id":12793,"date":"2026-02-25T22:17:46","date_gmt":"2026-02-25T21:17:46","guid":{"rendered":"https:\/\/vieassociative.be\/actualites\/le-nouvel-ecran-de-confidentialite-s26-de-samsung-rendra-obsoletes-les-ecrans-de-confidentialite-tiers\/"},"modified":"2026-02-25T22:17:46","modified_gmt":"2026-02-25T21:17:46","slug":"le-nouvel-ecran-de-confidentialite-s26-de-samsung-rendra-obsoletes-les-ecrans-de-confidentialite-tiers","status":"publish","type":"post","link":"https:\/\/vieassociative.be\/actualites\/le-nouvel-ecran-de-confidentialite-s26-de-samsung-rendra-obsoletes-les-ecrans-de-confidentialite-tiers\/","title":{"rendered":"Le nouvel \u00ab \u00e9cran de confidentialit\u00e9 \u00bb S26 de Samsung rendra obsol\u00e8tes les \u00e9crans de confidentialit\u00e9 tiers"},"content":{"rendered":"<p>Nous pouvons gagner une commission sur les liens sur cette page.<\/p>\n<p>J&rsquo;ai une mauvaise habitude, et vous aussi probablement : quand quelqu&rsquo;un ouvre son t\u00e9l\u00e9phone pr\u00e8s de moi, je regarde instinctivement. Je ne cherche rien intentionnellement \u2013 \u200b\u200bmes yeux regardent involontairement, planant un instant avant de rendre l&rsquo;intimit\u00e9 de quelqu&rsquo;un \u2013 mais j&rsquo;ai tout vu, des fonds d&rsquo;\u00e9cran inoffensifs aux codes de verrouillage, en passant par les relev\u00e9s bancaires et les messages texte lors de conflits relationnels.<\/p>\n<p>Je ne suis pas une personne curieuse et je ne suis pas non plus trop pr\u00e9occup\u00e9 par ma propre vie priv\u00e9e lorsque cela devient trop g\u00eanant. Mais la forme la plus courante d\u2019atteinte \u00e0 la vie priv\u00e9e est probablement la plus simple : jeter un coup d\u2019\u0153il sur l\u2019\u00e9cran du t\u00e9l\u00e9phone de quelqu\u2019un ou quelqu\u2019un jeter un coup d\u2019\u0153il sur le v\u00f4tre.<\/p>\n<p>Il y a des ann\u00e9es, j&rsquo;ai prot\u00e9g\u00e9 ma vie priv\u00e9e avec des \u00e9crans de confidentialit\u00e9 sur mon ordinateur portable et mon t\u00e9l\u00e9phone, mais j&rsquo;ai tellement laiss\u00e9 cette pratique tomber que j&rsquo;ai presque oubli\u00e9 l&rsquo;existence des \u00e9crans de confidentialit\u00e9. Aujourd&rsquo;hui, chez Samsung Galaxy Unpacked, la soci\u00e9t\u00e9 a pr\u00e9sent\u00e9 l&rsquo;\u00e9cran de confidentialit\u00e9 que je souhaitais depuis le d\u00e9but.<\/p>\n<div class=\"eloquent-imagery-image\">\n<div class=\"flex justify-center\">\n                    <img decoding=\"async\" class=\"border border-gray-100\" src=\"https:\/\/vieassociative.be\/actualites\/wp-content\/uploads\/2026\/02\/Le-nouvel-ecran-de-confidentialite-S26-de-Samsung.png\" alt=\"L'\u00e9cran d'un Samsung Galaxy S26 Ultra avec son nouvel \u00e9cran de confidentialit\u00e9\" width=\"2000\" height=\"1177\" loading=\"lazy\">\n            <\/div>\n<div class=\"mt-2 font-akshar\">\n                            <span class=\"image-caption block text-sm leading-4 tracking-wide text-(#1F2937)\">C&rsquo;est l&rsquo;angle de transition o\u00f9 la visibilit\u00e9 commence \u00e0 s&rsquo;estomper. <\/span><br \/>\n                                        <span class=\"mt-1 block font-sans text-xs tracking-normal text-gray-600\">Cr\u00e9dit : Samsung Galaxy Unpacked \/ Vie Associative<\/span>\n                    <\/div>\n<\/p><\/div>\n<p>Le nouvel \u00e9cran de confidentialit\u00e9 de Samsung peut r\u00e9duire la lumi\u00e8re des pixels sur l&rsquo;\u00e9cran de votre t\u00e9l\u00e9phone afin qu&rsquo;elle ne soit visible que par vous. La fonctionnalit\u00e9 peut \u00eatre activ\u00e9e et d\u00e9sactiv\u00e9e, et elle est \u00e9galement personnalisable par application, permettant \u00e0 certaines applications d&rsquo;\u00eatre visibles par d&rsquo;autres tout en gardant les applications sensibles, comme votre application bancaire ou une \u00e9mission HBO, invisibles aux passants. Lorsque la fonction d&rsquo;affichage de confidentialit\u00e9 est d\u00e9sactiv\u00e9e, les pixels sont visibles sous tous les angles, mais lorsqu&rsquo;elle est activ\u00e9e, les lumi\u00e8res des pixels se r\u00e9tr\u00e9cissent vers vous. Essentiellement, vous pouvez contr\u00f4ler le moment o\u00f9 vous souhaitez que les gens voient votre t\u00e9l\u00e9phone par-dessus votre \u00e9paule, ce qui est probablement rare par rapport au moment o\u00f9 vous pr\u00e9f\u00e9rez que votre t\u00e9l\u00e9phone soit prot\u00e9g\u00e9 des angles lat\u00e9raux. L&rsquo;\u00e9cran de confidentialit\u00e9 sera disponible sur le nouveau Galaxy S26 Ultra, mais la fonctionnalit\u00e9 est si utile qu&rsquo;elle a \u00e9t\u00e9 l&rsquo;annonce la plus int\u00e9ressante de Galaxy Unpacked, et une fois que les concurrents l&rsquo;auront compris, je m&rsquo;attends \u00e0 ce qu&rsquo;un \u00e9cran de confidentialit\u00e9 int\u00e9gr\u00e9 devienne la norme dans les smartphones. Il n\u2019en faut pas beaucoup pour imaginer que les \u00e9crans de confidentialit\u00e9 tiers deviennent bient\u00f4t obsol\u00e8tes. <\/p>\n<div class=\"eloquent-imagery-image\">\n<div class=\"flex justify-center\">\n                    <img decoding=\"async\" class=\"border border-gray-100\" src=\"https:\/\/vieassociative.be\/actualites\/wp-content\/uploads\/2026\/02\/1772054266_405_Le-nouvel-ecran-de-confidentialite-S26-de-Samsung.png\" alt=\"L'\u00e9cran d'un Samsung Galaxy S26 Ultra avec son nouvel \u00e9cran de confidentialit\u00e9\" width=\"2000\" height=\"1164\" loading=\"lazy\">\n            <\/div>\n<div class=\"mt-2 font-akshar\">\n                            <span class=\"image-caption block text-sm leading-4 tracking-wide text-(#1F2937)\">Il s\u2019agit de l\u2019angle de c\u00f4t\u00e9 o\u00f9 les autres ne peuvent plus voir l\u2019\u00e9cran.<\/span><br \/>\n                                        <span class=\"mt-1 block font-sans text-xs tracking-normal text-gray-600\">Cr\u00e9dit : Samsung Galaxy Unpacked \/ Vie Associative<\/span>\n                    <\/div>\n<\/p><\/div>\n<p>Apr\u00e8s des mises \u00e0 niveau co\u00fbteuses de l&rsquo;appareil et l&rsquo;achat d&rsquo;une longue liste d&rsquo;accessoires, l&rsquo;ajout d&rsquo;un protecteur d&rsquo;\u00e9cran de confidentialit\u00e9 peut sembler un gaspillage d&rsquo;argent. Pour \u00e9conomiser quelques dollars, je me dis simplement que je serai plus conscient de mon environnement. Pourtant, hier encore, dans le m\u00e9tro, j&rsquo;ai remarqu\u00e9 l&rsquo;\u00e9conomiseur d&rsquo;\u00e9cran inoffensif Shadow the Hedgehog de quelqu&rsquo;un, suivi de ses notifications d&rsquo;application priv\u00e9es et potentiellement embarrassantes. En r\u00e9alit\u00e9, d&rsquo;autres ont probablement \u00e9galement consult\u00e9 le m\u00eame type d&rsquo;informations sur mon t\u00e9l\u00e9phone, peu importe \u00e0 quel point j&rsquo;esp\u00e8re \u00eatre \u00ab conscient de mon environnement \u00bb.<\/p>\n<p>Jusqu&rsquo;\u00e0 pr\u00e9sent, le nouvel \u00e9cran de confidentialit\u00e9 semble \u00eatre disponible uniquement sur le nouveau Galaxy S26 Ultra, qui aura un prix de d\u00e9part de 1\u00a0299 $. Esp\u00e9rons que cette fonctionnalit\u00e9 soit adopt\u00e9e plus largement, y compris sur le S26 moins cher, qui d\u00e9butera \u00e0 899 $, et sur le S26+, qui d\u00e9butera \u00e0 1\u00a0099 $. Je ne sais pas pourquoi les fabricants de t\u00e9l\u00e9phones ont mis autant de temps \u00e0 cr\u00e9er un outil aussi utile, mais je suppose que cela revient \u00e0 se concentrer sur le fait d&rsquo;imposer maladroitement l&rsquo;IA dans des fonctionnalit\u00e9s que j&rsquo;utiliserai rarement. Samsung Unpacked a fait de nombreuses annonces d&rsquo;IA maladroites (vous devriez consulter la liste plus longue de celles-ci), mais le simple utilitaire de l&rsquo;affichage de confidentialit\u00e9 a vol\u00e9 la vedette. Et mieux vaut tard que jamais.<\/p>\n","protected":false},"excerpt":{"rendered":"<p>Nous pouvons gagner une commission sur les liens sur cette page. J&rsquo;ai une mauvaise habitude, et vous aussi probablement : quand quelqu&rsquo;un ouvre son t\u00e9l\u00e9phone<\/p>\n","protected":false},"author":1,"featured_media":12794,"comment_status":"","ping_status":"","sticky":false,"template":"","format":"standard","meta":{"footnotes":""},"categories":[13],"tags":[1647,2382,8055,14,929,10105,6621,920,1878,9728],"class_list":["post-12793","post","type-post","status-publish","format-standard","has-post-thumbnail","hentry","category-technologie","tag-confidentialite","tag-ecran","tag-ecrans","tag-les","tag-nouvel","tag-obsoletes","tag-rendra","tag-s26","tag-samsung","tag-tiers","generate-columns","tablet-grid-50","mobile-grid-100","grid-parent","grid-33"],"yoast_head":"<!-- This site is optimized with the Yoast SEO plugin v24.0 - https:\/\/yoast.com\/wordpress\/plugins\/seo\/ -->\n<title>Le nouvel \u00ab \u00e9cran de confidentialit\u00e9 \u00bb S26 de Samsung rendra obsol\u00e8tes les \u00e9crans de confidentialit\u00e9 tiers | Vie Associative<\/title>\n<meta name=\"robots\" content=\"index, follow, max-snippet:-1, max-image-preview:large, max-video-preview:-1\" \/>\n<link rel=\"canonical\" href=\"https:\/\/vieassociative.be\/actualites\/le-nouvel-ecran-de-confidentialite-s26-de-samsung-rendra-obsoletes-les-ecrans-de-confidentialite-tiers\/\" \/>\n<meta property=\"og:locale\" content=\"fr_FR\" \/>\n<meta property=\"og:type\" content=\"article\" \/>\n<meta property=\"og:title\" content=\"Le nouvel \u00ab \u00e9cran de confidentialit\u00e9 \u00bb S26 de Samsung rendra obsol\u00e8tes les \u00e9crans de confidentialit\u00e9 tiers | Vie Associative\" \/>\n<meta property=\"og:description\" content=\"Nous pouvons gagner une commission sur les liens sur cette page. J&rsquo;ai une mauvaise habitude, et vous aussi probablement : quand quelqu&rsquo;un ouvre son t\u00e9l\u00e9phone\" \/>\n<meta property=\"og:url\" content=\"https:\/\/vieassociative.be\/actualites\/le-nouvel-ecran-de-confidentialite-s26-de-samsung-rendra-obsoletes-les-ecrans-de-confidentialite-tiers\/\" \/>\n<meta property=\"og:site_name\" content=\"Vie Associative\" \/>\n<meta property=\"article:published_time\" content=\"2026-02-25T21:17:46+00:00\" \/>\n<meta property=\"og:image\" content=\"https:\/\/vieassociative.be\/actualites\/wp-content\/uploads\/2026\/02\/Le-nouvel-ecran-de-confidentialite-S26-de-Samsung.png\" \/>\n<meta name=\"author\" content=\"Julien\" \/>\n<meta name=\"twitter:card\" content=\"summary_large_image\" \/>\n<meta name=\"twitter:label1\" content=\"\u00c9crit par\" \/>\n\t<meta name=\"twitter:data1\" content=\"Julien\" \/>\n\t<meta name=\"twitter:label2\" content=\"Dur\u00e9e de lecture est.\" \/>\n\t<meta name=\"twitter:data2\" content=\"4 minutes\" \/>\n<script type=\"application\/ld+json\" class=\"yoast-schema-graph\">{\"@context\":\"https:\/\/schema.org\",\"@graph\":[{\"@type\":\"Article\",\"@id\":\"https:\/\/vieassociative.be\/actualites\/le-nouvel-ecran-de-confidentialite-s26-de-samsung-rendra-obsoletes-les-ecrans-de-confidentialite-tiers\/#article\",\"isPartOf\":{\"@id\":\"https:\/\/vieassociative.be\/actualites\/le-nouvel-ecran-de-confidentialite-s26-de-samsung-rendra-obsoletes-les-ecrans-de-confidentialite-tiers\/\"},\"author\":{\"name\":\"Julien\",\"@id\":\"https:\/\/vieassociative.be\/actualites\/#\/schema\/person\/b87ac4f82f9d4e7b7cec7395b679edc4\"},\"headline\":\"Le nouvel \u00ab \u00e9cran de confidentialit\u00e9 \u00bb S26 de Samsung rendra obsol\u00e8tes les \u00e9crans de confidentialit\u00e9 tiers\",\"datePublished\":\"2026-02-25T21:17:46+00:00\",\"dateModified\":\"2026-02-25T21:17:46+00:00\",\"mainEntityOfPage\":{\"@id\":\"https:\/\/vieassociative.be\/actualites\/le-nouvel-ecran-de-confidentialite-s26-de-samsung-rendra-obsoletes-les-ecrans-de-confidentialite-tiers\/\"},\"wordCount\":772,\"publisher\":{\"@id\":\"https:\/\/vieassociative.be\/actualites\/#organization\"},\"image\":{\"@id\":\"https:\/\/vieassociative.be\/actualites\/le-nouvel-ecran-de-confidentialite-s26-de-samsung-rendra-obsoletes-les-ecrans-de-confidentialite-tiers\/#primaryimage\"},\"thumbnailUrl\":\"https:\/\/vieassociative.be\/actualites\/wp-content\/uploads\/2026\/02\/1772054268_Le-nouvel-ecran-de-confidentialite-S26-de-Samsung.png\",\"keywords\":[\"confidentialit\u00e9\",\"\u00e9cran\",\"\u00e9crans\",\"Les\",\"nouvel\",\"obsol\u00e8tes\",\"rendra\",\"S26\",\"Samsung\",\"tiers\"],\"articleSection\":[\"Technologie\"],\"inLanguage\":\"fr-BE\"},{\"@type\":\"WebPage\",\"@id\":\"https:\/\/vieassociative.be\/actualites\/le-nouvel-ecran-de-confidentialite-s26-de-samsung-rendra-obsoletes-les-ecrans-de-confidentialite-tiers\/\",\"url\":\"https:\/\/vieassociative.be\/actualites\/le-nouvel-ecran-de-confidentialite-s26-de-samsung-rendra-obsoletes-les-ecrans-de-confidentialite-tiers\/\",\"name\":\"Le nouvel \u00ab \u00e9cran de confidentialit\u00e9 \u00bb S26 de Samsung rendra obsol\u00e8tes les \u00e9crans de confidentialit\u00e9 tiers | Vie Associative\",\"isPartOf\":{\"@id\":\"https:\/\/vieassociative.be\/actualites\/#website\"},\"primaryImageOfPage\":{\"@id\":\"https:\/\/vieassociative.be\/actualites\/le-nouvel-ecran-de-confidentialite-s26-de-samsung-rendra-obsoletes-les-ecrans-de-confidentialite-tiers\/#primaryimage\"},\"image\":{\"@id\":\"https:\/\/vieassociative.be\/actualites\/le-nouvel-ecran-de-confidentialite-s26-de-samsung-rendra-obsoletes-les-ecrans-de-confidentialite-tiers\/#primaryimage\"},\"thumbnailUrl\":\"https:\/\/vieassociative.be\/actualites\/wp-content\/uploads\/2026\/02\/1772054268_Le-nouvel-ecran-de-confidentialite-S26-de-Samsung.png\",\"datePublished\":\"2026-02-25T21:17:46+00:00\",\"dateModified\":\"2026-02-25T21:17:46+00:00\",\"breadcrumb\":{\"@id\":\"https:\/\/vieassociative.be\/actualites\/le-nouvel-ecran-de-confidentialite-s26-de-samsung-rendra-obsoletes-les-ecrans-de-confidentialite-tiers\/#breadcrumb\"},\"inLanguage\":\"fr-BE\",\"potentialAction\":[{\"@type\":\"ReadAction\",\"target\":[\"https:\/\/vieassociative.be\/actualites\/le-nouvel-ecran-de-confidentialite-s26-de-samsung-rendra-obsoletes-les-ecrans-de-confidentialite-tiers\/\"]}]},{\"@type\":\"ImageObject\",\"inLanguage\":\"fr-BE\",\"@id\":\"https:\/\/vieassociative.be\/actualites\/le-nouvel-ecran-de-confidentialite-s26-de-samsung-rendra-obsoletes-les-ecrans-de-confidentialite-tiers\/#primaryimage\",\"url\":\"https:\/\/vieassociative.be\/actualites\/wp-content\/uploads\/2026\/02\/1772054268_Le-nouvel-ecran-de-confidentialite-S26-de-Samsung.png\",\"contentUrl\":\"https:\/\/vieassociative.be\/actualites\/wp-content\/uploads\/2026\/02\/1772054268_Le-nouvel-ecran-de-confidentialite-S26-de-Samsung.png\",\"width\":1200,\"height\":675,\"caption\":\"Le nouvel \u00ab \u00e9cran de confidentialit\u00e9 \u00bb S26 de Samsung rendra obsol\u00e8tes les \u00e9crans de confidentialit\u00e9 tiers\"},{\"@type\":\"BreadcrumbList\",\"@id\":\"https:\/\/vieassociative.be\/actualites\/le-nouvel-ecran-de-confidentialite-s26-de-samsung-rendra-obsoletes-les-ecrans-de-confidentialite-tiers\/#breadcrumb\",\"itemListElement\":[{\"@type\":\"ListItem\",\"position\":1,\"name\":\"Accueil\",\"item\":\"https:\/\/vieassociative.be\/actualites\/\"},{\"@type\":\"ListItem\",\"position\":2,\"name\":\"Le nouvel \u00ab \u00e9cran de confidentialit\u00e9 \u00bb S26 de Samsung rendra obsol\u00e8tes les \u00e9crans de confidentialit\u00e9 tiers\"}]},{\"@type\":\"WebSite\",\"@id\":\"https:\/\/vieassociative.be\/actualites\/#website\",\"url\":\"https:\/\/vieassociative.be\/actualites\/\",\"name\":\"Vie Associative\",\"description\":\"\",\"publisher\":{\"@id\":\"https:\/\/vieassociative.be\/actualites\/#organization\"},\"potentialAction\":[{\"@type\":\"SearchAction\",\"target\":{\"@type\":\"EntryPoint\",\"urlTemplate\":\"https:\/\/vieassociative.be\/actualites\/?s={search_term_string}\"},\"query-input\":{\"@type\":\"PropertyValueSpecification\",\"valueRequired\":true,\"valueName\":\"search_term_string\"}}],\"inLanguage\":\"fr-BE\"},{\"@type\":\"Organization\",\"@id\":\"https:\/\/vieassociative.be\/actualites\/#organization\",\"name\":\"Vie Associative\",\"url\":\"https:\/\/vieassociative.be\/actualites\/\",\"logo\":{\"@type\":\"ImageObject\",\"inLanguage\":\"fr-BE\",\"@id\":\"https:\/\/vieassociative.be\/actualites\/#\/schema\/logo\/image\/\",\"url\":\"https:\/\/vieassociative.be\/actualites\/wp-content\/uploads\/2024\/09\/cropped-vieassociative_favicon.ico.png\",\"contentUrl\":\"https:\/\/vieassociative.be\/actualites\/wp-content\/uploads\/2024\/09\/cropped-vieassociative_favicon.ico.png\",\"width\":512,\"height\":512,\"caption\":\"Vie Associative\"},\"image\":{\"@id\":\"https:\/\/vieassociative.be\/actualites\/#\/schema\/logo\/image\/\"}},{\"@type\":\"Person\",\"@id\":\"https:\/\/vieassociative.be\/actualites\/#\/schema\/person\/b87ac4f82f9d4e7b7cec7395b679edc4\",\"name\":\"Julien\",\"image\":{\"@type\":\"ImageObject\",\"inLanguage\":\"fr-BE\",\"@id\":\"https:\/\/vieassociative.be\/actualites\/#\/schema\/person\/image\/\",\"url\":\"https:\/\/vieassociative.be\/actualites\/wp-content\/uploads\/2024\/09\/vie-associative-1-150x150.jpg\",\"contentUrl\":\"https:\/\/vieassociative.be\/actualites\/wp-content\/uploads\/2024\/09\/vie-associative-1-150x150.jpg\",\"caption\":\"Julien\"},\"description\":\"Je suis Julien, r\u00e9dacteur pour Vie Associative. Passionn\u00e9 par le monde associatif depuis plus de 10 ans, j'ai \u00e0 c\u0153ur de partager des histoires inspirantes et de mettre en lumi\u00e8re les initiatives locales. Mon objectif est de sensibiliser et d'encourager l'engagement communautaire \u00e0 travers mes articles.\",\"sameAs\":[\"https:\/\/vieassociative.be\/\"]}]}<\/script>\n<!-- \/ Yoast SEO plugin. -->","yoast_head_json":{"title":"Le nouvel \u00ab \u00e9cran de confidentialit\u00e9 \u00bb S26 de Samsung rendra obsol\u00e8tes les \u00e9crans de confidentialit\u00e9 tiers | Vie Associative","robots":{"index":"index","follow":"follow","max-snippet":"max-snippet:-1","max-image-preview":"max-image-preview:large","max-video-preview":"max-video-preview:-1"},"canonical":"https:\/\/vieassociative.be\/actualites\/le-nouvel-ecran-de-confidentialite-s26-de-samsung-rendra-obsoletes-les-ecrans-de-confidentialite-tiers\/","og_locale":"fr_FR","og_type":"article","og_title":"Le nouvel \u00ab \u00e9cran de confidentialit\u00e9 \u00bb S26 de Samsung rendra obsol\u00e8tes les \u00e9crans de confidentialit\u00e9 tiers | Vie Associative","og_description":"Nous pouvons gagner une commission sur les liens sur cette page. J&rsquo;ai une mauvaise habitude, et vous aussi probablement : quand quelqu&rsquo;un ouvre son t\u00e9l\u00e9phone","og_url":"https:\/\/vieassociative.be\/actualites\/le-nouvel-ecran-de-confidentialite-s26-de-samsung-rendra-obsoletes-les-ecrans-de-confidentialite-tiers\/","og_site_name":"Vie Associative","article_published_time":"2026-02-25T21:17:46+00:00","og_image":[{"url":"https:\/\/vieassociative.be\/actualites\/wp-content\/uploads\/2026\/02\/Le-nouvel-ecran-de-confidentialite-S26-de-Samsung.png","type":"","width":"","height":""}],"author":"Julien","twitter_card":"summary_large_image","twitter_misc":{"\u00c9crit par":"Julien","Dur\u00e9e de lecture est.":"4 minutes"},"schema":{"@context":"https:\/\/schema.org","@graph":[{"@type":"Article","@id":"https:\/\/vieassociative.be\/actualites\/le-nouvel-ecran-de-confidentialite-s26-de-samsung-rendra-obsoletes-les-ecrans-de-confidentialite-tiers\/#article","isPartOf":{"@id":"https:\/\/vieassociative.be\/actualites\/le-nouvel-ecran-de-confidentialite-s26-de-samsung-rendra-obsoletes-les-ecrans-de-confidentialite-tiers\/"},"author":{"name":"Julien","@id":"https:\/\/vieassociative.be\/actualites\/#\/schema\/person\/b87ac4f82f9d4e7b7cec7395b679edc4"},"headline":"Le nouvel \u00ab \u00e9cran de confidentialit\u00e9 \u00bb S26 de Samsung rendra obsol\u00e8tes les \u00e9crans de confidentialit\u00e9 tiers","datePublished":"2026-02-25T21:17:46+00:00","dateModified":"2026-02-25T21:17:46+00:00","mainEntityOfPage":{"@id":"https:\/\/vieassociative.be\/actualites\/le-nouvel-ecran-de-confidentialite-s26-de-samsung-rendra-obsoletes-les-ecrans-de-confidentialite-tiers\/"},"wordCount":772,"publisher":{"@id":"https:\/\/vieassociative.be\/actualites\/#organization"},"image":{"@id":"https:\/\/vieassociative.be\/actualites\/le-nouvel-ecran-de-confidentialite-s26-de-samsung-rendra-obsoletes-les-ecrans-de-confidentialite-tiers\/#primaryimage"},"thumbnailUrl":"https:\/\/vieassociative.be\/actualites\/wp-content\/uploads\/2026\/02\/1772054268_Le-nouvel-ecran-de-confidentialite-S26-de-Samsung.png","keywords":["confidentialit\u00e9","\u00e9cran","\u00e9crans","Les","nouvel","obsol\u00e8tes","rendra","S26","Samsung","tiers"],"articleSection":["Technologie"],"inLanguage":"fr-BE"},{"@type":"WebPage","@id":"https:\/\/vieassociative.be\/actualites\/le-nouvel-ecran-de-confidentialite-s26-de-samsung-rendra-obsoletes-les-ecrans-de-confidentialite-tiers\/","url":"https:\/\/vieassociative.be\/actualites\/le-nouvel-ecran-de-confidentialite-s26-de-samsung-rendra-obsoletes-les-ecrans-de-confidentialite-tiers\/","name":"Le nouvel \u00ab \u00e9cran de confidentialit\u00e9 \u00bb S26 de Samsung rendra obsol\u00e8tes les \u00e9crans de confidentialit\u00e9 tiers | Vie Associative","isPartOf":{"@id":"https:\/\/vieassociative.be\/actualites\/#website"},"primaryImageOfPage":{"@id":"https:\/\/vieassociative.be\/actualites\/le-nouvel-ecran-de-confidentialite-s26-de-samsung-rendra-obsoletes-les-ecrans-de-confidentialite-tiers\/#primaryimage"},"image":{"@id":"https:\/\/vieassociative.be\/actualites\/le-nouvel-ecran-de-confidentialite-s26-de-samsung-rendra-obsoletes-les-ecrans-de-confidentialite-tiers\/#primaryimage"},"thumbnailUrl":"https:\/\/vieassociative.be\/actualites\/wp-content\/uploads\/2026\/02\/1772054268_Le-nouvel-ecran-de-confidentialite-S26-de-Samsung.png","datePublished":"2026-02-25T21:17:46+00:00","dateModified":"2026-02-25T21:17:46+00:00","breadcrumb":{"@id":"https:\/\/vieassociative.be\/actualites\/le-nouvel-ecran-de-confidentialite-s26-de-samsung-rendra-obsoletes-les-ecrans-de-confidentialite-tiers\/#breadcrumb"},"inLanguage":"fr-BE","potentialAction":[{"@type":"ReadAction","target":["https:\/\/vieassociative.be\/actualites\/le-nouvel-ecran-de-confidentialite-s26-de-samsung-rendra-obsoletes-les-ecrans-de-confidentialite-tiers\/"]}]},{"@type":"ImageObject","inLanguage":"fr-BE","@id":"https:\/\/vieassociative.be\/actualites\/le-nouvel-ecran-de-confidentialite-s26-de-samsung-rendra-obsoletes-les-ecrans-de-confidentialite-tiers\/#primaryimage","url":"https:\/\/vieassociative.be\/actualites\/wp-content\/uploads\/2026\/02\/1772054268_Le-nouvel-ecran-de-confidentialite-S26-de-Samsung.png","contentUrl":"https:\/\/vieassociative.be\/actualites\/wp-content\/uploads\/2026\/02\/1772054268_Le-nouvel-ecran-de-confidentialite-S26-de-Samsung.png","width":1200,"height":675,"caption":"Le nouvel \u00ab \u00e9cran de confidentialit\u00e9 \u00bb S26 de Samsung rendra obsol\u00e8tes les \u00e9crans de confidentialit\u00e9 tiers"},{"@type":"BreadcrumbList","@id":"https:\/\/vieassociative.be\/actualites\/le-nouvel-ecran-de-confidentialite-s26-de-samsung-rendra-obsoletes-les-ecrans-de-confidentialite-tiers\/#breadcrumb","itemListElement":[{"@type":"ListItem","position":1,"name":"Accueil","item":"https:\/\/vieassociative.be\/actualites\/"},{"@type":"ListItem","position":2,"name":"Le nouvel \u00ab \u00e9cran de confidentialit\u00e9 \u00bb S26 de Samsung rendra obsol\u00e8tes les \u00e9crans de confidentialit\u00e9 tiers"}]},{"@type":"WebSite","@id":"https:\/\/vieassociative.be\/actualites\/#website","url":"https:\/\/vieassociative.be\/actualites\/","name":"Vie Associative","description":"","publisher":{"@id":"https:\/\/vieassociative.be\/actualites\/#organization"},"potentialAction":[{"@type":"SearchAction","target":{"@type":"EntryPoint","urlTemplate":"https:\/\/vieassociative.be\/actualites\/?s={search_term_string}"},"query-input":{"@type":"PropertyValueSpecification","valueRequired":true,"valueName":"search_term_string"}}],"inLanguage":"fr-BE"},{"@type":"Organization","@id":"https:\/\/vieassociative.be\/actualites\/#organization","name":"Vie Associative","url":"https:\/\/vieassociative.be\/actualites\/","logo":{"@type":"ImageObject","inLanguage":"fr-BE","@id":"https:\/\/vieassociative.be\/actualites\/#\/schema\/logo\/image\/","url":"https:\/\/vieassociative.be\/actualites\/wp-content\/uploads\/2024\/09\/cropped-vieassociative_favicon.ico.png","contentUrl":"https:\/\/vieassociative.be\/actualites\/wp-content\/uploads\/2024\/09\/cropped-vieassociative_favicon.ico.png","width":512,"height":512,"caption":"Vie Associative"},"image":{"@id":"https:\/\/vieassociative.be\/actualites\/#\/schema\/logo\/image\/"}},{"@type":"Person","@id":"https:\/\/vieassociative.be\/actualites\/#\/schema\/person\/b87ac4f82f9d4e7b7cec7395b679edc4","name":"Julien","image":{"@type":"ImageObject","inLanguage":"fr-BE","@id":"https:\/\/vieassociative.be\/actualites\/#\/schema\/person\/image\/","url":"https:\/\/vieassociative.be\/actualites\/wp-content\/uploads\/2024\/09\/vie-associative-1-150x150.jpg","contentUrl":"https:\/\/vieassociative.be\/actualites\/wp-content\/uploads\/2024\/09\/vie-associative-1-150x150.jpg","caption":"Julien"},"description":"Je suis Julien, r\u00e9dacteur pour Vie Associative. Passionn\u00e9 par le monde associatif depuis plus de 10 ans, j'ai \u00e0 c\u0153ur de partager des histoires inspirantes et de mettre en lumi\u00e8re les initiatives locales. Mon objectif est de sensibiliser et d'encourager l'engagement communautaire \u00e0 travers mes articles.","sameAs":["https:\/\/vieassociative.be\/"]}]}},"_links":{"self":[{"href":"https:\/\/vieassociative.be\/actualites\/wp-json\/wp\/v2\/posts\/12793"}],"collection":[{"href":"https:\/\/vieassociative.be\/actualites\/wp-json\/wp\/v2\/posts"}],"about":[{"href":"https:\/\/vieassociative.be\/actualites\/wp-json\/wp\/v2\/types\/post"}],"author":[{"embeddable":true,"href":"https:\/\/vieassociative.be\/actualites\/wp-json\/wp\/v2\/users\/1"}],"replies":[{"embeddable":true,"href":"https:\/\/vieassociative.be\/actualites\/wp-json\/wp\/v2\/comments?post=12793"}],"version-history":[{"count":0,"href":"https:\/\/vieassociative.be\/actualites\/wp-json\/wp\/v2\/posts\/12793\/revisions"}],"wp:featuredmedia":[{"embeddable":true,"href":"https:\/\/vieassociative.be\/actualites\/wp-json\/wp\/v2\/media\/12794"}],"wp:attachment":[{"href":"https:\/\/vieassociative.be\/actualites\/wp-json\/wp\/v2\/media?parent=12793"}],"wp:term":[{"taxonomy":"category","embeddable":true,"href":"https:\/\/vieassociative.be\/actualites\/wp-json\/wp\/v2\/categories?post=12793"},{"taxonomy":"post_tag","embeddable":true,"href":"https:\/\/vieassociative.be\/actualites\/wp-json\/wp\/v2\/tags?post=12793"}],"curies":[{"name":"wp","href":"https:\/\/api.w.org\/{rel}","templated":true}]}}