{"id":12791,"date":"2026-02-25T17:18:07","date_gmt":"2026-02-25T16:18:07","guid":{"rendered":"https:\/\/vieassociative.be\/actualites\/bodo-glimt-le-serpent-a-sonnettes-norvegien-est-lune-des-plus-grandes-sensations-de-la-ligue-des-champions\/"},"modified":"2026-02-25T17:18:07","modified_gmt":"2026-02-25T16:18:07","slug":"bodo-glimt-le-serpent-a-sonnettes-norvegien-est-lune-des-plus-grandes-sensations-de-la-ligue-des-champions","status":"publish","type":"post","link":"https:\/\/vieassociative.be\/actualites\/bodo-glimt-le-serpent-a-sonnettes-norvegien-est-lune-des-plus-grandes-sensations-de-la-ligue-des-champions\/","title":{"rendered":"Bod\u00f6\/Glimt, le \u00ab serpent \u00e0 sonnettes \u00bb norv\u00e9gien, est l&rsquo;une des plus grandes sensations de la Ligue des Champions"},"content":{"rendered":"<p><strong>Le bilan en Ligue des Champions devrait effrayer tous les adversaires. Apr\u00e8s la d\u00e9faite de l&rsquo;Inter Milan, finaliste de l&rsquo;ann\u00e9e derni\u00e8re, face \u00e0 Bod\u00f6\/Glimt, de nombreuses questions risquent de se poser : qui est le prochain ?<\/strong><\/p>\n<p><span id=\"more-437213\"><\/span>Dans la cabine du San Siro, ils frappaient en rythme avec leurs poings les armoires murales. Partout en Europe, les grands du football ont d\u00e9sormais encore plus peur de cet outsider intr\u00e9pide venu du Grand Nord.<\/p>\n<p>\u00ab\u00a0Le FK Bod\u00f6\/Glimt cr\u00e9e l&rsquo;une des plus grandes sensations de l&rsquo;histoire de la Ligue des champions\u00a0\u00bb, \u00e9crit le journal sportif fran\u00e7ais \u00ab\u00a0L&rsquo;\u00c9quipe\u00a0\u00bb apr\u00e8s la victoire 2-1 lors du match retour des \u00e9liminatoires contre l&rsquo;Inter Milan.<\/p>\n<p>\u00ab\u00a0Le grand athl\u00e8te norv\u00e9gien fait taire tout le stade Giuseppe Meazza\u00a0\u00bb, a d\u00e9clar\u00e9 l&rsquo;Espagnol \u00ab\u00a0Sport\u00a0\u00bb. Et la \u00ab\u00a0Gazzetta dello Sport\u00a0\u00bb italienne a \u00e9crit : \u00ab\u00a0Bod\u00f6 est un serpent \u00e0 sonnette qui esquive puis mord soudainement.\u00a0\u00bb Pour la premi\u00e8re fois de son histoire, le club se retrouve en huiti\u00e8mes de finale de la ligue \u00e9lite europ\u00e9enne &#8211; l&rsquo;Inter, finaliste de l&rsquo;ann\u00e9e derni\u00e8re, est \u00e9limin\u00e9.<\/p>\n<div id=\"attachment_437216\" class=\"wp-caption alignleft\" style=\"max-width: 300px\"><img fetchpriority=\"high\" decoding=\"async\" class=\"wp-image-437216 size-medium\" src=\"https:\/\/vieassociative.be\/actualites\/wp-content\/uploads\/2026\/02\/BodoGlimt-le-serpent-a-sonnettes-norvegien-est-lune.jpg\" alt=\"\" width=\"300\" height=\"200\"><\/div>\n<p><strong>\u2013 Quatre victoires cons\u00e9cutives en Ligue des Champions contre des \u00e9quipes de haut niveau :<\/strong> C&rsquo;est effrayant. Non seulement le FK Bod\u00f6\/Glimt n&rsquo;a plus perdu un seul match en Ligue des champions depuis le 25 novembre de l&rsquo;ann\u00e9e derni\u00e8re. Le club de Bod\u00f6, qui compte un peu plus de 50 000 habitants &#8211; soit moins que le nombre de supporters pouvant accueillir dans les stades de la plupart des adversaires internationaux &#8211; a remport\u00e9 quatre des cinq derniers matches.<\/p>\n<p>Le nul 2-2 en phase de groupes contre le Borussia Dortmund a \u00e9t\u00e9 suivi d&rsquo;un 3-1 \u00e0 domicile contre Manchester City, d&rsquo;un 2-1 \u00e0 l&rsquo;Atl\u00e9tico Madrid, du 3-1 lors du match aller des \u00e9liminatoires contre l&rsquo;Inter et mardi soir du 2-1 \u00e0 Milan.<\/p>\n<p>\u00ab\u00a0Nous sommes en huiti\u00e8mes de finale : je n&rsquo;arrive pas \u00e0 y croire\u00a0\u00bb, a d\u00e9clar\u00e9 l&rsquo;entra\u00eeneur Kjetil Knutsen : \u00ab\u00a0Une \u00e9quipe d&rsquo;une petite ville du nord. C&rsquo;est incroyable.\u00a0\u00bb Apr\u00e8s la ru\u00e9e vers l&rsquo;or olympique aux Jeux d&rsquo;hiver de Milan et Cortina, l&rsquo;\u00e9quipe, dont la valeur marchande est estim\u00e9e par les portails concern\u00e9s \u00e0 environ 53 millions d&rsquo;euros, poursuit la c\u00e9l\u00e9bration norv\u00e9gienne.<\/p>\n<p><strong>\u2013 Bod\u00f6\/Glimt n\u2019est pas encore termin\u00e9 :<\/strong> \u00ab\u00a0Nous allons nous lever et peut-\u00eatre boire un Coca Zero\u00a0\u00bb, a d\u00e9clar\u00e9 Odin Bj\u00f6rtuft avec un sourire. \u00ab\u00a0C&rsquo;est la proc\u00e9dure habituelle, nous la prenons avec calme\u00a0\u00bb, \u200b\u200ba d\u00e9clar\u00e9 Fredrik Bj\u00f6rkan au journal \u00ab\u00a0Dagbladet\u00a0\u00bb et a ajout\u00e9 : \u00ab\u00a0Nous reportons la f\u00eate, voyons combien de temps cela prendra, mais \u00e0 un moment donn\u00e9, il y aura une f\u00eate.\u00a0\u00bb<\/p>\n<p>En huiti\u00e8mes de finale, les Norv\u00e9giens, qui jouent \u00e0 domicile sur gazon synth\u00e9tique, pourraient retrouver Manchester City. Ou l&rsquo;adversaire est le Sporting Lisbonne. Apr\u00e8s cela, une \u00e9quipe allemande pourrait affronter Bod\u00f6\/Glimt en quarts de finale. Dans l&rsquo;arbre du tournoi, le club est sur la voie bleue, qui pourrait conduire au duel allemand entre le Bayer Leverkusen et le FC Bayern en huiti\u00e8mes de finale. Le tirage au sort aura lieu vendredi \u00e0 Nyon.<\/p>\n<\/p>\n<div id=\"attachment_437218\" class=\"wp-caption alignnone\" style=\"max-width: 300px\"><img decoding=\"async\" class=\"size-medium wp-image-437218\" src=\"https:\/\/vieassociative.be\/actualites\/wp-content\/uploads\/2026\/02\/1772036287_781_BodoGlimt-le-serpent-a-sonnettes-norvegien-est-lune.jpg\" alt=\"\" width=\"300\" height=\"200\"><\/div>\n<p><strong>\u2013 Le traumatisme norv\u00e9gien du football italien :<\/strong><br \/>\n Le tirage au sort aura lieu sans le finaliste de la saison derni\u00e8re. \u00ab\u00a0Mamma mia ! Maintenant, les Italiens font des cauchemars \u00e0 propos de la Norv\u00e8ge\u00a0\u00bb, s&rsquo;est moqu\u00e9 le journal norv\u00e9gien Aftenposten. Ou plus encore : l&rsquo;\u00e9quipe nationale norv\u00e9gienne a battu les Italiens \u00e0 deux reprises lors des qualifications pour la Coupe du monde.<\/p>\n<p>Alors que l&rsquo;\u00e9quipe autour de la superstar Erling Haaland peut se d\u00e9tendre et se pr\u00e9parer pour la finale de l&rsquo;\u00e9t\u00e9, la Squadra Azzurra doit encore se qualifier pour les \u00e9liminatoires de la Coupe du monde. D\u2019abord contre l\u2019Irlande du Nord, puis il y aura un autre match. Si l&rsquo;Italie rate la Coupe du monde, ce serait la troisi\u00e8me fois cons\u00e9cutive pour les champions du monde 2006.<\/p>\n<p><strong>\u2013 La fin milanaise est arriv\u00e9e au mauvais moment :<\/strong> \u00ab\u00a0Le plus difficile a \u00e9t\u00e9 de rompre le charme. Nous n&rsquo;y sommes pas parvenus\u00a0\u00bb, a d\u00e9clar\u00e9 le capitaine de l&rsquo;Inter Nicol\u00f2 Barella. Et si la Juventus Turin et l&rsquo;Atalanta Bergame \u00e9taient \u00e9galement \u00e9limin\u00e9es ce mercredi, ce qui ne serait pas vraiment une surprise compte tenu des mauvais r\u00e9sultats des deux \u00e9quipes lors du match aller contre Galatasaray Istanbul et le Borussia Dortmund, les huiti\u00e8mes de finale de la Ligue des champions se d\u00e9rouleraient sans participation italienne. (dpa\/cr\u00e9)<\/p>\n","protected":false},"excerpt":{"rendered":"<p>Le bilan en Ligue des Champions devrait effrayer tous les adversaires. Apr\u00e8s la d\u00e9faite de l&rsquo;Inter Milan, finaliste de l&rsquo;ann\u00e9e derni\u00e8re, face \u00e0 Bod\u00f6\/Glimt, de<\/p>\n","protected":false},"author":1,"featured_media":12792,"comment_status":"","ping_status":"","sticky":false,"template":"","format":"standard","meta":{"footnotes":""},"categories":[298],"tags":[10100,2818,29,76,2098,2817,1820,10103,10104,10101,10102],"class_list":["post-12791","post","type-post","status-publish","format-standard","has-post-thumbnail","hentry","category-belgique","tag-bodoglimt","tag-champions","tag-des","tag-est","tag-grandes","tag-ligue","tag-lune","tag-norvegien","tag-sensations","tag-serpent","tag-sonnettes","generate-columns","tablet-grid-50","mobile-grid-100","grid-parent","grid-33"],"yoast_head":"<!-- This site is optimized with the Yoast SEO plugin v24.0 - https:\/\/yoast.com\/wordpress\/plugins\/seo\/ -->\n<title>Bod\u00f6\/Glimt, le \u00ab serpent \u00e0 sonnettes \u00bb norv\u00e9gien, est l&#039;une des plus grandes sensations de la Ligue des Champions | Vie Associative<\/title>\n<meta name=\"robots\" content=\"index, follow, max-snippet:-1, max-image-preview:large, max-video-preview:-1\" \/>\n<link rel=\"canonical\" href=\"https:\/\/vieassociative.be\/actualites\/bodo-glimt-le-serpent-a-sonnettes-norvegien-est-lune-des-plus-grandes-sensations-de-la-ligue-des-champions\/\" \/>\n<meta property=\"og:locale\" content=\"fr_FR\" \/>\n<meta property=\"og:type\" content=\"article\" \/>\n<meta property=\"og:title\" content=\"Bod\u00f6\/Glimt, le \u00ab serpent \u00e0 sonnettes \u00bb norv\u00e9gien, est l&#039;une des plus grandes sensations de la Ligue des Champions | Vie Associative\" \/>\n<meta property=\"og:description\" content=\"Le bilan en Ligue des Champions devrait effrayer tous les adversaires. Apr\u00e8s la d\u00e9faite de l&rsquo;Inter Milan, finaliste de l&rsquo;ann\u00e9e derni\u00e8re, face \u00e0 Bod\u00f6\/Glimt, de\" \/>\n<meta property=\"og:url\" content=\"https:\/\/vieassociative.be\/actualites\/bodo-glimt-le-serpent-a-sonnettes-norvegien-est-lune-des-plus-grandes-sensations-de-la-ligue-des-champions\/\" \/>\n<meta property=\"og:site_name\" content=\"Vie Associative\" \/>\n<meta property=\"article:published_time\" content=\"2026-02-25T16:18:07+00:00\" \/>\n<meta property=\"og:image\" content=\"https:\/\/vieassociative.be\/actualites\/wp-content\/uploads\/2024\/09\/header_backgroundk-01-e1726694325946.png\" \/>\n\t<meta property=\"og:image:width\" content=\"279\" \/>\n\t<meta property=\"og:image:height\" content=\"92\" \/>\n\t<meta property=\"og:image:type\" content=\"image\/png\" \/>\n<meta name=\"author\" content=\"Julien\" \/>\n<meta name=\"twitter:card\" content=\"summary_large_image\" \/>\n<meta name=\"twitter:label1\" content=\"\u00c9crit par\" \/>\n\t<meta name=\"twitter:data1\" content=\"Julien\" \/>\n\t<meta name=\"twitter:label2\" content=\"Dur\u00e9e de lecture est.\" \/>\n\t<meta name=\"twitter:data2\" content=\"4 minutes\" \/>\n<script type=\"application\/ld+json\" class=\"yoast-schema-graph\">{\"@context\":\"https:\/\/schema.org\",\"@graph\":[{\"@type\":\"Article\",\"@id\":\"https:\/\/vieassociative.be\/actualites\/bodo-glimt-le-serpent-a-sonnettes-norvegien-est-lune-des-plus-grandes-sensations-de-la-ligue-des-champions\/#article\",\"isPartOf\":{\"@id\":\"https:\/\/vieassociative.be\/actualites\/bodo-glimt-le-serpent-a-sonnettes-norvegien-est-lune-des-plus-grandes-sensations-de-la-ligue-des-champions\/\"},\"author\":{\"name\":\"Julien\",\"@id\":\"https:\/\/vieassociative.be\/actualites\/#\/schema\/person\/b87ac4f82f9d4e7b7cec7395b679edc4\"},\"headline\":\"Bod\u00f6\/Glimt, le \u00ab serpent \u00e0 sonnettes \u00bb norv\u00e9gien, est l&rsquo;une des plus grandes sensations de la Ligue des Champions\",\"datePublished\":\"2026-02-25T16:18:07+00:00\",\"dateModified\":\"2026-02-25T16:18:07+00:00\",\"mainEntityOfPage\":{\"@id\":\"https:\/\/vieassociative.be\/actualites\/bodo-glimt-le-serpent-a-sonnettes-norvegien-est-lune-des-plus-grandes-sensations-de-la-ligue-des-champions\/\"},\"wordCount\":796,\"publisher\":{\"@id\":\"https:\/\/vieassociative.be\/actualites\/#organization\"},\"image\":{\"@id\":\"https:\/\/vieassociative.be\/actualites\/bodo-glimt-le-serpent-a-sonnettes-norvegien-est-lune-des-plus-grandes-sensations-de-la-ligue-des-champions\/#primaryimage\"},\"thumbnailUrl\":\"https:\/\/vieassociative.be\/actualites\/wp-content\/uploads\/2026\/02\/1772036288_BodoGlimt-le-serpent-a-sonnettes-norvegien-est-lune.jpg\",\"keywords\":[\"Bod\u00f6Glimt\",\"Champions\",\"Des\",\"est\",\"grandes\",\"Ligue\",\"lune\",\"norv\u00e9gien\",\"sensations\",\"serpent\",\"sonnettes\"],\"articleSection\":[\"Belgique\"],\"inLanguage\":\"fr-BE\"},{\"@type\":\"WebPage\",\"@id\":\"https:\/\/vieassociative.be\/actualites\/bodo-glimt-le-serpent-a-sonnettes-norvegien-est-lune-des-plus-grandes-sensations-de-la-ligue-des-champions\/\",\"url\":\"https:\/\/vieassociative.be\/actualites\/bodo-glimt-le-serpent-a-sonnettes-norvegien-est-lune-des-plus-grandes-sensations-de-la-ligue-des-champions\/\",\"name\":\"Bod\u00f6\/Glimt, le \u00ab serpent \u00e0 sonnettes \u00bb norv\u00e9gien, est l'une des plus grandes sensations de la Ligue des Champions | Vie Associative\",\"isPartOf\":{\"@id\":\"https:\/\/vieassociative.be\/actualites\/#website\"},\"primaryImageOfPage\":{\"@id\":\"https:\/\/vieassociative.be\/actualites\/bodo-glimt-le-serpent-a-sonnettes-norvegien-est-lune-des-plus-grandes-sensations-de-la-ligue-des-champions\/#primaryimage\"},\"image\":{\"@id\":\"https:\/\/vieassociative.be\/actualites\/bodo-glimt-le-serpent-a-sonnettes-norvegien-est-lune-des-plus-grandes-sensations-de-la-ligue-des-champions\/#primaryimage\"},\"thumbnailUrl\":\"https:\/\/vieassociative.be\/actualites\/wp-content\/uploads\/2026\/02\/1772036288_BodoGlimt-le-serpent-a-sonnettes-norvegien-est-lune.jpg\",\"datePublished\":\"2026-02-25T16:18:07+00:00\",\"dateModified\":\"2026-02-25T16:18:07+00:00\",\"breadcrumb\":{\"@id\":\"https:\/\/vieassociative.be\/actualites\/bodo-glimt-le-serpent-a-sonnettes-norvegien-est-lune-des-plus-grandes-sensations-de-la-ligue-des-champions\/#breadcrumb\"},\"inLanguage\":\"fr-BE\",\"potentialAction\":[{\"@type\":\"ReadAction\",\"target\":[\"https:\/\/vieassociative.be\/actualites\/bodo-glimt-le-serpent-a-sonnettes-norvegien-est-lune-des-plus-grandes-sensations-de-la-ligue-des-champions\/\"]}]},{\"@type\":\"ImageObject\",\"inLanguage\":\"fr-BE\",\"@id\":\"https:\/\/vieassociative.be\/actualites\/bodo-glimt-le-serpent-a-sonnettes-norvegien-est-lune-des-plus-grandes-sensations-de-la-ligue-des-champions\/#primaryimage\",\"url\":\"https:\/\/vieassociative.be\/actualites\/wp-content\/uploads\/2026\/02\/1772036288_BodoGlimt-le-serpent-a-sonnettes-norvegien-est-lune.jpg\",\"contentUrl\":\"https:\/\/vieassociative.be\/actualites\/wp-content\/uploads\/2026\/02\/1772036288_BodoGlimt-le-serpent-a-sonnettes-norvegien-est-lune.jpg\",\"width\":1200,\"height\":800,\"caption\":\"Bod\u00f6\/Glimt, le \u00ab serpent \u00e0 sonnettes \u00bb norv\u00e9gien, est l'une des plus grandes sensations de la Ligue des Champions\"},{\"@type\":\"BreadcrumbList\",\"@id\":\"https:\/\/vieassociative.be\/actualites\/bodo-glimt-le-serpent-a-sonnettes-norvegien-est-lune-des-plus-grandes-sensations-de-la-ligue-des-champions\/#breadcrumb\",\"itemListElement\":[{\"@type\":\"ListItem\",\"position\":1,\"name\":\"Accueil\",\"item\":\"https:\/\/vieassociative.be\/actualites\/\"},{\"@type\":\"ListItem\",\"position\":2,\"name\":\"Bod\u00f6\/Glimt, le \u00ab serpent \u00e0 sonnettes \u00bb norv\u00e9gien, est l&rsquo;une des plus grandes sensations de la Ligue des Champions\"}]},{\"@type\":\"WebSite\",\"@id\":\"https:\/\/vieassociative.be\/actualites\/#website\",\"url\":\"https:\/\/vieassociative.be\/actualites\/\",\"name\":\"Vie Associative\",\"description\":\"\",\"publisher\":{\"@id\":\"https:\/\/vieassociative.be\/actualites\/#organization\"},\"potentialAction\":[{\"@type\":\"SearchAction\",\"target\":{\"@type\":\"EntryPoint\",\"urlTemplate\":\"https:\/\/vieassociative.be\/actualites\/?s={search_term_string}\"},\"query-input\":{\"@type\":\"PropertyValueSpecification\",\"valueRequired\":true,\"valueName\":\"search_term_string\"}}],\"inLanguage\":\"fr-BE\"},{\"@type\":\"Organization\",\"@id\":\"https:\/\/vieassociative.be\/actualites\/#organization\",\"name\":\"Vie Associative\",\"url\":\"https:\/\/vieassociative.be\/actualites\/\",\"logo\":{\"@type\":\"ImageObject\",\"inLanguage\":\"fr-BE\",\"@id\":\"https:\/\/vieassociative.be\/actualites\/#\/schema\/logo\/image\/\",\"url\":\"https:\/\/vieassociative.be\/actualites\/wp-content\/uploads\/2024\/09\/cropped-vieassociative_favicon.ico.png\",\"contentUrl\":\"https:\/\/vieassociative.be\/actualites\/wp-content\/uploads\/2024\/09\/cropped-vieassociative_favicon.ico.png\",\"width\":512,\"height\":512,\"caption\":\"Vie Associative\"},\"image\":{\"@id\":\"https:\/\/vieassociative.be\/actualites\/#\/schema\/logo\/image\/\"}},{\"@type\":\"Person\",\"@id\":\"https:\/\/vieassociative.be\/actualites\/#\/schema\/person\/b87ac4f82f9d4e7b7cec7395b679edc4\",\"name\":\"Julien\",\"image\":{\"@type\":\"ImageObject\",\"inLanguage\":\"fr-BE\",\"@id\":\"https:\/\/vieassociative.be\/actualites\/#\/schema\/person\/image\/\",\"url\":\"https:\/\/vieassociative.be\/actualites\/wp-content\/uploads\/2024\/09\/vie-associative-1-150x150.jpg\",\"contentUrl\":\"https:\/\/vieassociative.be\/actualites\/wp-content\/uploads\/2024\/09\/vie-associative-1-150x150.jpg\",\"caption\":\"Julien\"},\"description\":\"Je suis Julien, r\u00e9dacteur pour Vie Associative. Passionn\u00e9 par le monde associatif depuis plus de 10 ans, j'ai \u00e0 c\u0153ur de partager des histoires inspirantes et de mettre en lumi\u00e8re les initiatives locales. Mon objectif est de sensibiliser et d'encourager l'engagement communautaire \u00e0 travers mes articles.\",\"sameAs\":[\"https:\/\/vieassociative.be\/\"]}]}<\/script>\n<!-- \/ Yoast SEO plugin. -->","yoast_head_json":{"title":"Bod\u00f6\/Glimt, le \u00ab serpent \u00e0 sonnettes \u00bb norv\u00e9gien, est l'une des plus grandes sensations de la Ligue des Champions | Vie Associative","robots":{"index":"index","follow":"follow","max-snippet":"max-snippet:-1","max-image-preview":"max-image-preview:large","max-video-preview":"max-video-preview:-1"},"canonical":"https:\/\/vieassociative.be\/actualites\/bodo-glimt-le-serpent-a-sonnettes-norvegien-est-lune-des-plus-grandes-sensations-de-la-ligue-des-champions\/","og_locale":"fr_FR","og_type":"article","og_title":"Bod\u00f6\/Glimt, le \u00ab serpent \u00e0 sonnettes \u00bb norv\u00e9gien, est l'une des plus grandes sensations de la Ligue des Champions | Vie Associative","og_description":"Le bilan en Ligue des Champions devrait effrayer tous les adversaires. Apr\u00e8s la d\u00e9faite de l&rsquo;Inter Milan, finaliste de l&rsquo;ann\u00e9e derni\u00e8re, face \u00e0 Bod\u00f6\/Glimt, de","og_url":"https:\/\/vieassociative.be\/actualites\/bodo-glimt-le-serpent-a-sonnettes-norvegien-est-lune-des-plus-grandes-sensations-de-la-ligue-des-champions\/","og_site_name":"Vie Associative","article_published_time":"2026-02-25T16:18:07+00:00","og_image":[{"width":279,"height":92,"url":"https:\/\/vieassociative.be\/actualites\/wp-content\/uploads\/2024\/09\/header_backgroundk-01-e1726694325946.png","type":"image\/png"}],"author":"Julien","twitter_card":"summary_large_image","twitter_misc":{"\u00c9crit par":"Julien","Dur\u00e9e de lecture est.":"4 minutes"},"schema":{"@context":"https:\/\/schema.org","@graph":[{"@type":"Article","@id":"https:\/\/vieassociative.be\/actualites\/bodo-glimt-le-serpent-a-sonnettes-norvegien-est-lune-des-plus-grandes-sensations-de-la-ligue-des-champions\/#article","isPartOf":{"@id":"https:\/\/vieassociative.be\/actualites\/bodo-glimt-le-serpent-a-sonnettes-norvegien-est-lune-des-plus-grandes-sensations-de-la-ligue-des-champions\/"},"author":{"name":"Julien","@id":"https:\/\/vieassociative.be\/actualites\/#\/schema\/person\/b87ac4f82f9d4e7b7cec7395b679edc4"},"headline":"Bod\u00f6\/Glimt, le \u00ab serpent \u00e0 sonnettes \u00bb norv\u00e9gien, est l&rsquo;une des plus grandes sensations de la Ligue des Champions","datePublished":"2026-02-25T16:18:07+00:00","dateModified":"2026-02-25T16:18:07+00:00","mainEntityOfPage":{"@id":"https:\/\/vieassociative.be\/actualites\/bodo-glimt-le-serpent-a-sonnettes-norvegien-est-lune-des-plus-grandes-sensations-de-la-ligue-des-champions\/"},"wordCount":796,"publisher":{"@id":"https:\/\/vieassociative.be\/actualites\/#organization"},"image":{"@id":"https:\/\/vieassociative.be\/actualites\/bodo-glimt-le-serpent-a-sonnettes-norvegien-est-lune-des-plus-grandes-sensations-de-la-ligue-des-champions\/#primaryimage"},"thumbnailUrl":"https:\/\/vieassociative.be\/actualites\/wp-content\/uploads\/2026\/02\/1772036288_BodoGlimt-le-serpent-a-sonnettes-norvegien-est-lune.jpg","keywords":["Bod\u00f6Glimt","Champions","Des","est","grandes","Ligue","lune","norv\u00e9gien","sensations","serpent","sonnettes"],"articleSection":["Belgique"],"inLanguage":"fr-BE"},{"@type":"WebPage","@id":"https:\/\/vieassociative.be\/actualites\/bodo-glimt-le-serpent-a-sonnettes-norvegien-est-lune-des-plus-grandes-sensations-de-la-ligue-des-champions\/","url":"https:\/\/vieassociative.be\/actualites\/bodo-glimt-le-serpent-a-sonnettes-norvegien-est-lune-des-plus-grandes-sensations-de-la-ligue-des-champions\/","name":"Bod\u00f6\/Glimt, le \u00ab serpent \u00e0 sonnettes \u00bb norv\u00e9gien, est l'une des plus grandes sensations de la Ligue des Champions | Vie Associative","isPartOf":{"@id":"https:\/\/vieassociative.be\/actualites\/#website"},"primaryImageOfPage":{"@id":"https:\/\/vieassociative.be\/actualites\/bodo-glimt-le-serpent-a-sonnettes-norvegien-est-lune-des-plus-grandes-sensations-de-la-ligue-des-champions\/#primaryimage"},"image":{"@id":"https:\/\/vieassociative.be\/actualites\/bodo-glimt-le-serpent-a-sonnettes-norvegien-est-lune-des-plus-grandes-sensations-de-la-ligue-des-champions\/#primaryimage"},"thumbnailUrl":"https:\/\/vieassociative.be\/actualites\/wp-content\/uploads\/2026\/02\/1772036288_BodoGlimt-le-serpent-a-sonnettes-norvegien-est-lune.jpg","datePublished":"2026-02-25T16:18:07+00:00","dateModified":"2026-02-25T16:18:07+00:00","breadcrumb":{"@id":"https:\/\/vieassociative.be\/actualites\/bodo-glimt-le-serpent-a-sonnettes-norvegien-est-lune-des-plus-grandes-sensations-de-la-ligue-des-champions\/#breadcrumb"},"inLanguage":"fr-BE","potentialAction":[{"@type":"ReadAction","target":["https:\/\/vieassociative.be\/actualites\/bodo-glimt-le-serpent-a-sonnettes-norvegien-est-lune-des-plus-grandes-sensations-de-la-ligue-des-champions\/"]}]},{"@type":"ImageObject","inLanguage":"fr-BE","@id":"https:\/\/vieassociative.be\/actualites\/bodo-glimt-le-serpent-a-sonnettes-norvegien-est-lune-des-plus-grandes-sensations-de-la-ligue-des-champions\/#primaryimage","url":"https:\/\/vieassociative.be\/actualites\/wp-content\/uploads\/2026\/02\/1772036288_BodoGlimt-le-serpent-a-sonnettes-norvegien-est-lune.jpg","contentUrl":"https:\/\/vieassociative.be\/actualites\/wp-content\/uploads\/2026\/02\/1772036288_BodoGlimt-le-serpent-a-sonnettes-norvegien-est-lune.jpg","width":1200,"height":800,"caption":"Bod\u00f6\/Glimt, le \u00ab serpent \u00e0 sonnettes \u00bb norv\u00e9gien, est l'une des plus grandes sensations de la Ligue des Champions"},{"@type":"BreadcrumbList","@id":"https:\/\/vieassociative.be\/actualites\/bodo-glimt-le-serpent-a-sonnettes-norvegien-est-lune-des-plus-grandes-sensations-de-la-ligue-des-champions\/#breadcrumb","itemListElement":[{"@type":"ListItem","position":1,"name":"Accueil","item":"https:\/\/vieassociative.be\/actualites\/"},{"@type":"ListItem","position":2,"name":"Bod\u00f6\/Glimt, le \u00ab serpent \u00e0 sonnettes \u00bb norv\u00e9gien, est l&rsquo;une des plus grandes sensations de la Ligue des Champions"}]},{"@type":"WebSite","@id":"https:\/\/vieassociative.be\/actualites\/#website","url":"https:\/\/vieassociative.be\/actualites\/","name":"Vie Associative","description":"","publisher":{"@id":"https:\/\/vieassociative.be\/actualites\/#organization"},"potentialAction":[{"@type":"SearchAction","target":{"@type":"EntryPoint","urlTemplate":"https:\/\/vieassociative.be\/actualites\/?s={search_term_string}"},"query-input":{"@type":"PropertyValueSpecification","valueRequired":true,"valueName":"search_term_string"}}],"inLanguage":"fr-BE"},{"@type":"Organization","@id":"https:\/\/vieassociative.be\/actualites\/#organization","name":"Vie Associative","url":"https:\/\/vieassociative.be\/actualites\/","logo":{"@type":"ImageObject","inLanguage":"fr-BE","@id":"https:\/\/vieassociative.be\/actualites\/#\/schema\/logo\/image\/","url":"https:\/\/vieassociative.be\/actualites\/wp-content\/uploads\/2024\/09\/cropped-vieassociative_favicon.ico.png","contentUrl":"https:\/\/vieassociative.be\/actualites\/wp-content\/uploads\/2024\/09\/cropped-vieassociative_favicon.ico.png","width":512,"height":512,"caption":"Vie Associative"},"image":{"@id":"https:\/\/vieassociative.be\/actualites\/#\/schema\/logo\/image\/"}},{"@type":"Person","@id":"https:\/\/vieassociative.be\/actualites\/#\/schema\/person\/b87ac4f82f9d4e7b7cec7395b679edc4","name":"Julien","image":{"@type":"ImageObject","inLanguage":"fr-BE","@id":"https:\/\/vieassociative.be\/actualites\/#\/schema\/person\/image\/","url":"https:\/\/vieassociative.be\/actualites\/wp-content\/uploads\/2024\/09\/vie-associative-1-150x150.jpg","contentUrl":"https:\/\/vieassociative.be\/actualites\/wp-content\/uploads\/2024\/09\/vie-associative-1-150x150.jpg","caption":"Julien"},"description":"Je suis Julien, r\u00e9dacteur pour Vie Associative. Passionn\u00e9 par le monde associatif depuis plus de 10 ans, j'ai \u00e0 c\u0153ur de partager des histoires inspirantes et de mettre en lumi\u00e8re les initiatives locales. Mon objectif est de sensibiliser et d'encourager l'engagement communautaire \u00e0 travers mes articles.","sameAs":["https:\/\/vieassociative.be\/"]}]}},"_links":{"self":[{"href":"https:\/\/vieassociative.be\/actualites\/wp-json\/wp\/v2\/posts\/12791"}],"collection":[{"href":"https:\/\/vieassociative.be\/actualites\/wp-json\/wp\/v2\/posts"}],"about":[{"href":"https:\/\/vieassociative.be\/actualites\/wp-json\/wp\/v2\/types\/post"}],"author":[{"embeddable":true,"href":"https:\/\/vieassociative.be\/actualites\/wp-json\/wp\/v2\/users\/1"}],"replies":[{"embeddable":true,"href":"https:\/\/vieassociative.be\/actualites\/wp-json\/wp\/v2\/comments?post=12791"}],"version-history":[{"count":0,"href":"https:\/\/vieassociative.be\/actualites\/wp-json\/wp\/v2\/posts\/12791\/revisions"}],"wp:featuredmedia":[{"embeddable":true,"href":"https:\/\/vieassociative.be\/actualites\/wp-json\/wp\/v2\/media\/12792"}],"wp:attachment":[{"href":"https:\/\/vieassociative.be\/actualites\/wp-json\/wp\/v2\/media?parent=12791"}],"wp:term":[{"taxonomy":"category","embeddable":true,"href":"https:\/\/vieassociative.be\/actualites\/wp-json\/wp\/v2\/categories?post=12791"},{"taxonomy":"post_tag","embeddable":true,"href":"https:\/\/vieassociative.be\/actualites\/wp-json\/wp\/v2\/tags?post=12791"}],"curies":[{"name":"wp","href":"https:\/\/api.w.org\/{rel}","templated":true}]}}