{"id":12788,"date":"2026-02-25T11:17:57","date_gmt":"2026-02-25T10:17:57","guid":{"rendered":"https:\/\/vieassociative.be\/actualites\/panne-de-courant-a-lhopital-deupen-mardi-tous-les-rendez-vous-chirurgicaux-annules-mercredi-matin\/"},"modified":"2026-02-25T11:17:57","modified_gmt":"2026-02-25T10:17:57","slug":"panne-de-courant-a-lhopital-deupen-mardi-tous-les-rendez-vous-chirurgicaux-annules-mercredi-matin","status":"publish","type":"post","link":"https:\/\/vieassociative.be\/actualites\/panne-de-courant-a-lhopital-deupen-mardi-tous-les-rendez-vous-chirurgicaux-annules-mercredi-matin\/","title":{"rendered":"Panne de courant \u00e0 l&rsquo;h\u00f4pital d&rsquo;Eupen mardi : tous les rendez-vous chirurgicaux annul\u00e9s mercredi matin"},"content":{"rendered":"<p>Apr\u00e8s les probl\u00e8mes d&rsquo;alimentation \u00e9lectrique de mardi soir et les pannes informatiques associ\u00e9es ainsi que la fermeture temporaire des urgences, une d\u00e9cision de pr\u00e9caution a \u00e9t\u00e9 prise dans la nuit d&rsquo;annuler les rendez-vous chirurgicaux pr\u00e9vus mercredi matin ; tous les patients \u00e9taient d\u00e9j\u00e0 inform\u00e9s t\u00f4t le matin.<\/p>\n<p><span id=\"more-437211\"><\/span>Les urgences ont pu reprendre pleinement leurs activit\u00e9s \u00e0 4 heures du matin. Tous les services hospitaliers essentiels sont d\u00e9sormais de nouveau op\u00e9rationnels.<\/p>\n<p>Il existe actuellement encore de l\u00e9g\u00e8res limitations techniques li\u00e9es aux diff\u00e9rents syst\u00e8mes informatiques. Cela peut parfois entra\u00eener des difficult\u00e9s pour joindre certains services par t\u00e9l\u00e9phone. Les \u00e9quipes de l&rsquo;h\u00f4pital travaillent intensivement pour r\u00e9soudre au plus vite ces derni\u00e8res perturbations.<\/p>\n<p>La s\u00e9curit\u00e9 et les soins des patients ont \u00e9t\u00e9 garantis \u00e0 tout moment. La direction de l&rsquo;h\u00f4pital tient \u00e0 remercier tous les employ\u00e9s, les services d&rsquo;urgence et les organismes partenaires pour leurs efforts d\u00e9vou\u00e9s face \u00e0 cette situation.<\/p>\n","protected":false},"excerpt":{"rendered":"<p>Apr\u00e8s les probl\u00e8mes d&rsquo;alimentation \u00e9lectrique de mardi soir et les pannes informatiques associ\u00e9es ainsi que la fermeture temporaire des urgences, une d\u00e9cision de pr\u00e9caution a<\/p>\n","protected":false},"author":1,"featured_media":0,"comment_status":"","ping_status":"","sticky":false,"template":"","format":"standard","meta":{"footnotes":""},"categories":[298],"tags":[10099,10098,1332,2403,14,5048,643,2005,719,1137,315,546],"class_list":["post-12788","post","type-post","status-publish","format-standard","hentry","category-belgique","tag-annules","tag-chirurgicaux","tag-courant","tag-deupen","tag-les","tag-lhopital","tag-mardi","tag-matin","tag-mercredi","tag-panne","tag-rendezvous","tag-tous","generate-columns","tablet-grid-50","mobile-grid-100","grid-parent","grid-33"],"yoast_head":"<!-- This site is optimized with the Yoast SEO plugin v24.0 - https:\/\/yoast.com\/wordpress\/plugins\/seo\/ -->\n<title>Panne de courant \u00e0 l&#039;h\u00f4pital d&#039;Eupen mardi : tous les rendez-vous chirurgicaux annul\u00e9s mercredi matin | Vie Associative<\/title>\n<meta name=\"robots\" content=\"index, follow, max-snippet:-1, max-image-preview:large, max-video-preview:-1\" \/>\n<link rel=\"canonical\" href=\"https:\/\/vieassociative.be\/actualites\/panne-de-courant-a-lhopital-deupen-mardi-tous-les-rendez-vous-chirurgicaux-annules-mercredi-matin\/\" \/>\n<meta property=\"og:locale\" content=\"fr_FR\" \/>\n<meta property=\"og:type\" content=\"article\" \/>\n<meta property=\"og:title\" content=\"Panne de courant \u00e0 l&#039;h\u00f4pital d&#039;Eupen mardi : tous les rendez-vous chirurgicaux annul\u00e9s mercredi matin | Vie Associative\" \/>\n<meta property=\"og:description\" content=\"Apr\u00e8s les probl\u00e8mes d&rsquo;alimentation \u00e9lectrique de mardi soir et les pannes informatiques associ\u00e9es ainsi que la fermeture temporaire des urgences, une d\u00e9cision de pr\u00e9caution a\" \/>\n<meta property=\"og:url\" content=\"https:\/\/vieassociative.be\/actualites\/panne-de-courant-a-lhopital-deupen-mardi-tous-les-rendez-vous-chirurgicaux-annules-mercredi-matin\/\" \/>\n<meta property=\"og:site_name\" content=\"Vie Associative\" \/>\n<meta property=\"article:published_time\" content=\"2026-02-25T10:17:57+00:00\" \/>\n<meta property=\"og:image\" content=\"https:\/\/vieassociative.be\/actualites\/wp-content\/uploads\/2024\/09\/header_backgroundk-01-e1726694325946.png\" \/>\n\t<meta property=\"og:image:width\" content=\"279\" \/>\n\t<meta property=\"og:image:height\" content=\"92\" \/>\n\t<meta property=\"og:image:type\" content=\"image\/png\" \/>\n<meta name=\"author\" content=\"Julien\" \/>\n<meta name=\"twitter:card\" content=\"summary_large_image\" \/>\n<meta name=\"twitter:label1\" content=\"\u00c9crit par\" \/>\n\t<meta name=\"twitter:data1\" content=\"Julien\" \/>\n\t<meta name=\"twitter:label2\" content=\"Dur\u00e9e de lecture est.\" \/>\n\t<meta name=\"twitter:data2\" content=\"1 minute\" \/>\n<script type=\"application\/ld+json\" class=\"yoast-schema-graph\">{\"@context\":\"https:\/\/schema.org\",\"@graph\":[{\"@type\":\"Article\",\"@id\":\"https:\/\/vieassociative.be\/actualites\/panne-de-courant-a-lhopital-deupen-mardi-tous-les-rendez-vous-chirurgicaux-annules-mercredi-matin\/#article\",\"isPartOf\":{\"@id\":\"https:\/\/vieassociative.be\/actualites\/panne-de-courant-a-lhopital-deupen-mardi-tous-les-rendez-vous-chirurgicaux-annules-mercredi-matin\/\"},\"author\":{\"name\":\"Julien\",\"@id\":\"https:\/\/vieassociative.be\/actualites\/#\/schema\/person\/b87ac4f82f9d4e7b7cec7395b679edc4\"},\"headline\":\"Panne de courant \u00e0 l&rsquo;h\u00f4pital d&rsquo;Eupen mardi : tous les rendez-vous chirurgicaux annul\u00e9s mercredi matin\",\"datePublished\":\"2026-02-25T10:17:57+00:00\",\"dateModified\":\"2026-02-25T10:17:57+00:00\",\"mainEntityOfPage\":{\"@id\":\"https:\/\/vieassociative.be\/actualites\/panne-de-courant-a-lhopital-deupen-mardi-tous-les-rendez-vous-chirurgicaux-annules-mercredi-matin\/\"},\"wordCount\":192,\"publisher\":{\"@id\":\"https:\/\/vieassociative.be\/actualites\/#organization\"},\"keywords\":[\"annul\u00e9s\",\"chirurgicaux\",\"courant\",\"dEupen\",\"Les\",\"lh\u00f4pital\",\"mardi\",\"matin\",\"mercredi\",\"panne\",\"rendezvous\",\"tous\"],\"articleSection\":[\"Belgique\"],\"inLanguage\":\"fr-BE\"},{\"@type\":\"WebPage\",\"@id\":\"https:\/\/vieassociative.be\/actualites\/panne-de-courant-a-lhopital-deupen-mardi-tous-les-rendez-vous-chirurgicaux-annules-mercredi-matin\/\",\"url\":\"https:\/\/vieassociative.be\/actualites\/panne-de-courant-a-lhopital-deupen-mardi-tous-les-rendez-vous-chirurgicaux-annules-mercredi-matin\/\",\"name\":\"Panne de courant \u00e0 l'h\u00f4pital d'Eupen mardi : tous les rendez-vous chirurgicaux annul\u00e9s mercredi matin | Vie Associative\",\"isPartOf\":{\"@id\":\"https:\/\/vieassociative.be\/actualites\/#website\"},\"datePublished\":\"2026-02-25T10:17:57+00:00\",\"dateModified\":\"2026-02-25T10:17:57+00:00\",\"breadcrumb\":{\"@id\":\"https:\/\/vieassociative.be\/actualites\/panne-de-courant-a-lhopital-deupen-mardi-tous-les-rendez-vous-chirurgicaux-annules-mercredi-matin\/#breadcrumb\"},\"inLanguage\":\"fr-BE\",\"potentialAction\":[{\"@type\":\"ReadAction\",\"target\":[\"https:\/\/vieassociative.be\/actualites\/panne-de-courant-a-lhopital-deupen-mardi-tous-les-rendez-vous-chirurgicaux-annules-mercredi-matin\/\"]}]},{\"@type\":\"BreadcrumbList\",\"@id\":\"https:\/\/vieassociative.be\/actualites\/panne-de-courant-a-lhopital-deupen-mardi-tous-les-rendez-vous-chirurgicaux-annules-mercredi-matin\/#breadcrumb\",\"itemListElement\":[{\"@type\":\"ListItem\",\"position\":1,\"name\":\"Accueil\",\"item\":\"https:\/\/vieassociative.be\/actualites\/\"},{\"@type\":\"ListItem\",\"position\":2,\"name\":\"Panne de courant \u00e0 l&rsquo;h\u00f4pital d&rsquo;Eupen mardi : tous les rendez-vous chirurgicaux annul\u00e9s mercredi matin\"}]},{\"@type\":\"WebSite\",\"@id\":\"https:\/\/vieassociative.be\/actualites\/#website\",\"url\":\"https:\/\/vieassociative.be\/actualites\/\",\"name\":\"Vie Associative\",\"description\":\"\",\"publisher\":{\"@id\":\"https:\/\/vieassociative.be\/actualites\/#organization\"},\"potentialAction\":[{\"@type\":\"SearchAction\",\"target\":{\"@type\":\"EntryPoint\",\"urlTemplate\":\"https:\/\/vieassociative.be\/actualites\/?s={search_term_string}\"},\"query-input\":{\"@type\":\"PropertyValueSpecification\",\"valueRequired\":true,\"valueName\":\"search_term_string\"}}],\"inLanguage\":\"fr-BE\"},{\"@type\":\"Organization\",\"@id\":\"https:\/\/vieassociative.be\/actualites\/#organization\",\"name\":\"Vie Associative\",\"url\":\"https:\/\/vieassociative.be\/actualites\/\",\"logo\":{\"@type\":\"ImageObject\",\"inLanguage\":\"fr-BE\",\"@id\":\"https:\/\/vieassociative.be\/actualites\/#\/schema\/logo\/image\/\",\"url\":\"https:\/\/vieassociative.be\/actualites\/wp-content\/uploads\/2024\/09\/cropped-vieassociative_favicon.ico.png\",\"contentUrl\":\"https:\/\/vieassociative.be\/actualites\/wp-content\/uploads\/2024\/09\/cropped-vieassociative_favicon.ico.png\",\"width\":512,\"height\":512,\"caption\":\"Vie Associative\"},\"image\":{\"@id\":\"https:\/\/vieassociative.be\/actualites\/#\/schema\/logo\/image\/\"}},{\"@type\":\"Person\",\"@id\":\"https:\/\/vieassociative.be\/actualites\/#\/schema\/person\/b87ac4f82f9d4e7b7cec7395b679edc4\",\"name\":\"Julien\",\"image\":{\"@type\":\"ImageObject\",\"inLanguage\":\"fr-BE\",\"@id\":\"https:\/\/vieassociative.be\/actualites\/#\/schema\/person\/image\/\",\"url\":\"https:\/\/vieassociative.be\/actualites\/wp-content\/uploads\/2024\/09\/vie-associative-1-150x150.jpg\",\"contentUrl\":\"https:\/\/vieassociative.be\/actualites\/wp-content\/uploads\/2024\/09\/vie-associative-1-150x150.jpg\",\"caption\":\"Julien\"},\"description\":\"Je suis Julien, r\u00e9dacteur pour Vie Associative. Passionn\u00e9 par le monde associatif depuis plus de 10 ans, j'ai \u00e0 c\u0153ur de partager des histoires inspirantes et de mettre en lumi\u00e8re les initiatives locales. Mon objectif est de sensibiliser et d'encourager l'engagement communautaire \u00e0 travers mes articles.\",\"sameAs\":[\"https:\/\/vieassociative.be\/\"]}]}<\/script>\n<!-- \/ Yoast SEO plugin. -->","yoast_head_json":{"title":"Panne de courant \u00e0 l'h\u00f4pital d'Eupen mardi : tous les rendez-vous chirurgicaux annul\u00e9s mercredi matin | Vie Associative","robots":{"index":"index","follow":"follow","max-snippet":"max-snippet:-1","max-image-preview":"max-image-preview:large","max-video-preview":"max-video-preview:-1"},"canonical":"https:\/\/vieassociative.be\/actualites\/panne-de-courant-a-lhopital-deupen-mardi-tous-les-rendez-vous-chirurgicaux-annules-mercredi-matin\/","og_locale":"fr_FR","og_type":"article","og_title":"Panne de courant \u00e0 l'h\u00f4pital d'Eupen mardi : tous les rendez-vous chirurgicaux annul\u00e9s mercredi matin | Vie Associative","og_description":"Apr\u00e8s les probl\u00e8mes d&rsquo;alimentation \u00e9lectrique de mardi soir et les pannes informatiques associ\u00e9es ainsi que la fermeture temporaire des urgences, une d\u00e9cision de pr\u00e9caution a","og_url":"https:\/\/vieassociative.be\/actualites\/panne-de-courant-a-lhopital-deupen-mardi-tous-les-rendez-vous-chirurgicaux-annules-mercredi-matin\/","og_site_name":"Vie Associative","article_published_time":"2026-02-25T10:17:57+00:00","og_image":[{"width":279,"height":92,"url":"https:\/\/vieassociative.be\/actualites\/wp-content\/uploads\/2024\/09\/header_backgroundk-01-e1726694325946.png","type":"image\/png"}],"author":"Julien","twitter_card":"summary_large_image","twitter_misc":{"\u00c9crit par":"Julien","Dur\u00e9e de lecture est.":"1 minute"},"schema":{"@context":"https:\/\/schema.org","@graph":[{"@type":"Article","@id":"https:\/\/vieassociative.be\/actualites\/panne-de-courant-a-lhopital-deupen-mardi-tous-les-rendez-vous-chirurgicaux-annules-mercredi-matin\/#article","isPartOf":{"@id":"https:\/\/vieassociative.be\/actualites\/panne-de-courant-a-lhopital-deupen-mardi-tous-les-rendez-vous-chirurgicaux-annules-mercredi-matin\/"},"author":{"name":"Julien","@id":"https:\/\/vieassociative.be\/actualites\/#\/schema\/person\/b87ac4f82f9d4e7b7cec7395b679edc4"},"headline":"Panne de courant \u00e0 l&rsquo;h\u00f4pital d&rsquo;Eupen mardi : tous les rendez-vous chirurgicaux annul\u00e9s mercredi matin","datePublished":"2026-02-25T10:17:57+00:00","dateModified":"2026-02-25T10:17:57+00:00","mainEntityOfPage":{"@id":"https:\/\/vieassociative.be\/actualites\/panne-de-courant-a-lhopital-deupen-mardi-tous-les-rendez-vous-chirurgicaux-annules-mercredi-matin\/"},"wordCount":192,"publisher":{"@id":"https:\/\/vieassociative.be\/actualites\/#organization"},"keywords":["annul\u00e9s","chirurgicaux","courant","dEupen","Les","lh\u00f4pital","mardi","matin","mercredi","panne","rendezvous","tous"],"articleSection":["Belgique"],"inLanguage":"fr-BE"},{"@type":"WebPage","@id":"https:\/\/vieassociative.be\/actualites\/panne-de-courant-a-lhopital-deupen-mardi-tous-les-rendez-vous-chirurgicaux-annules-mercredi-matin\/","url":"https:\/\/vieassociative.be\/actualites\/panne-de-courant-a-lhopital-deupen-mardi-tous-les-rendez-vous-chirurgicaux-annules-mercredi-matin\/","name":"Panne de courant \u00e0 l'h\u00f4pital d'Eupen mardi : tous les rendez-vous chirurgicaux annul\u00e9s mercredi matin | Vie Associative","isPartOf":{"@id":"https:\/\/vieassociative.be\/actualites\/#website"},"datePublished":"2026-02-25T10:17:57+00:00","dateModified":"2026-02-25T10:17:57+00:00","breadcrumb":{"@id":"https:\/\/vieassociative.be\/actualites\/panne-de-courant-a-lhopital-deupen-mardi-tous-les-rendez-vous-chirurgicaux-annules-mercredi-matin\/#breadcrumb"},"inLanguage":"fr-BE","potentialAction":[{"@type":"ReadAction","target":["https:\/\/vieassociative.be\/actualites\/panne-de-courant-a-lhopital-deupen-mardi-tous-les-rendez-vous-chirurgicaux-annules-mercredi-matin\/"]}]},{"@type":"BreadcrumbList","@id":"https:\/\/vieassociative.be\/actualites\/panne-de-courant-a-lhopital-deupen-mardi-tous-les-rendez-vous-chirurgicaux-annules-mercredi-matin\/#breadcrumb","itemListElement":[{"@type":"ListItem","position":1,"name":"Accueil","item":"https:\/\/vieassociative.be\/actualites\/"},{"@type":"ListItem","position":2,"name":"Panne de courant \u00e0 l&rsquo;h\u00f4pital d&rsquo;Eupen mardi : tous les rendez-vous chirurgicaux annul\u00e9s mercredi matin"}]},{"@type":"WebSite","@id":"https:\/\/vieassociative.be\/actualites\/#website","url":"https:\/\/vieassociative.be\/actualites\/","name":"Vie Associative","description":"","publisher":{"@id":"https:\/\/vieassociative.be\/actualites\/#organization"},"potentialAction":[{"@type":"SearchAction","target":{"@type":"EntryPoint","urlTemplate":"https:\/\/vieassociative.be\/actualites\/?s={search_term_string}"},"query-input":{"@type":"PropertyValueSpecification","valueRequired":true,"valueName":"search_term_string"}}],"inLanguage":"fr-BE"},{"@type":"Organization","@id":"https:\/\/vieassociative.be\/actualites\/#organization","name":"Vie Associative","url":"https:\/\/vieassociative.be\/actualites\/","logo":{"@type":"ImageObject","inLanguage":"fr-BE","@id":"https:\/\/vieassociative.be\/actualites\/#\/schema\/logo\/image\/","url":"https:\/\/vieassociative.be\/actualites\/wp-content\/uploads\/2024\/09\/cropped-vieassociative_favicon.ico.png","contentUrl":"https:\/\/vieassociative.be\/actualites\/wp-content\/uploads\/2024\/09\/cropped-vieassociative_favicon.ico.png","width":512,"height":512,"caption":"Vie Associative"},"image":{"@id":"https:\/\/vieassociative.be\/actualites\/#\/schema\/logo\/image\/"}},{"@type":"Person","@id":"https:\/\/vieassociative.be\/actualites\/#\/schema\/person\/b87ac4f82f9d4e7b7cec7395b679edc4","name":"Julien","image":{"@type":"ImageObject","inLanguage":"fr-BE","@id":"https:\/\/vieassociative.be\/actualites\/#\/schema\/person\/image\/","url":"https:\/\/vieassociative.be\/actualites\/wp-content\/uploads\/2024\/09\/vie-associative-1-150x150.jpg","contentUrl":"https:\/\/vieassociative.be\/actualites\/wp-content\/uploads\/2024\/09\/vie-associative-1-150x150.jpg","caption":"Julien"},"description":"Je suis Julien, r\u00e9dacteur pour Vie Associative. Passionn\u00e9 par le monde associatif depuis plus de 10 ans, j'ai \u00e0 c\u0153ur de partager des histoires inspirantes et de mettre en lumi\u00e8re les initiatives locales. Mon objectif est de sensibiliser et d'encourager l'engagement communautaire \u00e0 travers mes articles.","sameAs":["https:\/\/vieassociative.be\/"]}]}},"_links":{"self":[{"href":"https:\/\/vieassociative.be\/actualites\/wp-json\/wp\/v2\/posts\/12788"}],"collection":[{"href":"https:\/\/vieassociative.be\/actualites\/wp-json\/wp\/v2\/posts"}],"about":[{"href":"https:\/\/vieassociative.be\/actualites\/wp-json\/wp\/v2\/types\/post"}],"author":[{"embeddable":true,"href":"https:\/\/vieassociative.be\/actualites\/wp-json\/wp\/v2\/users\/1"}],"replies":[{"embeddable":true,"href":"https:\/\/vieassociative.be\/actualites\/wp-json\/wp\/v2\/comments?post=12788"}],"version-history":[{"count":0,"href":"https:\/\/vieassociative.be\/actualites\/wp-json\/wp\/v2\/posts\/12788\/revisions"}],"wp:attachment":[{"href":"https:\/\/vieassociative.be\/actualites\/wp-json\/wp\/v2\/media?parent=12788"}],"wp:term":[{"taxonomy":"category","embeddable":true,"href":"https:\/\/vieassociative.be\/actualites\/wp-json\/wp\/v2\/categories?post=12788"},{"taxonomy":"post_tag","embeddable":true,"href":"https:\/\/vieassociative.be\/actualites\/wp-json\/wp\/v2\/tags?post=12788"}],"curies":[{"name":"wp","href":"https:\/\/api.w.org\/{rel}","templated":true}]}}