{"id":12784,"date":"2026-02-25T04:17:25","date_gmt":"2026-02-25T03:17:25","guid":{"rendered":"https:\/\/vieassociative.be\/actualites\/maintenant-discord-dit-quil-retarde-la-verification-de-lage-mondial\/"},"modified":"2026-02-25T04:17:25","modified_gmt":"2026-02-25T03:17:25","slug":"maintenant-discord-dit-quil-retarde-la-verification-de-lage-mondial","status":"publish","type":"post","link":"https:\/\/vieassociative.be\/actualites\/maintenant-discord-dit-quil-retarde-la-verification-de-lage-mondial\/","title":{"rendered":"Maintenant, Discord dit qu&rsquo;il retarde la v\u00e9rification de l&rsquo;\u00e2ge mondial"},"content":{"rendered":"<p>Depuis son annonce il y a un peu plus d&rsquo;une semaine, le d\u00e9ploiement mondial de la v\u00e9rification de l&rsquo;\u00e2ge par Discord a \u00e9t\u00e9 un peu compliqu\u00e9. Tout d\u2019abord, la soci\u00e9t\u00e9 de chatroom et de chat vocal a d\u00fb pr\u00e9ciser qu\u2019elle n\u2019exigera pas que tous les adultes t\u00e9l\u00e9chargent une pi\u00e8ce d\u2019identit\u00e9 ou un scanner facial pour prouver leur \u00e2ge, car le message initial a laiss\u00e9 cette impression \u00e0 de nombreux utilisateurs. Deuxi\u00e8mement, l&rsquo;annonce est intervenue peu de temps apr\u00e8s une violation de ses partenaires de service client existants, ce qui a permis aux pirates informatiques de mettre la main sur les informations des utilisateurs, y compris les pi\u00e8ces d&rsquo;identit\u00e9 gouvernementales fournies pour la v\u00e9rification de l&rsquo;\u00e2ge. Troisi\u00e8mement, les utilisateurs ont d\u00e9couvert que Discord s&rsquo;\u00e9tait associ\u00e9 \u00e0 la soci\u00e9t\u00e9 Persona, soutenue par Peter Thiel, pour une exp\u00e9rience au Royaume-Uni, qui a alert\u00e9 sur la surveillance et la s\u00e9curit\u00e9, et a vu certaines informations d&rsquo;identification personnelles \u00eatre t\u00e9l\u00e9charg\u00e9es sur le cloud lorsque les utilisateurs pensaient qu&rsquo;elles seraient trait\u00e9es sur l&rsquo;appareil. Maintenant, Discord admet que cela a g\u00e2ch\u00e9 et essaie de se racheter.<\/p>\n<p>Dans un article sur son site Web, intitul\u00e9 \u00ab Obtenir une bonne assurance mondiale en mati\u00e8re d&rsquo;\u00e2ge : ce que nous avons tort et ce qui change \u00bb, Discord a admis que ses nouveaux param\u00e8tres d&rsquo;\u00e2ge \u00ab adolescent par d\u00e9faut \u00bb n&rsquo;ont pas re\u00e7u le meilleur accueil. La soci\u00e9t\u00e9 a d\u00e9clar\u00e9 qu&rsquo;elle \u00ab\u00a0savait que ce d\u00e9ploiement allait \u00eatre controvers\u00e9\u00a0\u00bb, mais a ajout\u00e9 que \u00ab\u00a0nous avons \u00e9chou\u00e9 dans notre travail le plus fondamental : expliquer clairement ce que nous faisons et pourquoi\u00a0\u00bb. Il a ensuite r\u00e9it\u00e9r\u00e9 que \u00ab plus de 90 % des utilisateurs n\u2019auront jamais besoin de v\u00e9rifier leur \u00e2ge pour continuer \u00e0 utiliser Discord exactement comme ils le font aujourd\u2019hui \u00bb, tout en redoublant d\u2019efforts pour fournir de \u00ab r\u00e9elles garanties \u00bb aux utilisateurs adolescents. Cela dit, mis \u00e0 part le contr\u00f4le des dommages par l&rsquo;entreprise, la soci\u00e9t\u00e9 a \u00e9galement d\u00e9clar\u00e9 qu&rsquo;elle allait retarder le d\u00e9ploiement mondial de la v\u00e9rification de l&rsquo;\u00e2ge et qu&rsquo;elle apporterait des changements concrets pour tenter de r\u00e9pondre aux pr\u00e9occupations des utilisateurs.<\/p>\n<h2 id=\"how-discords-global-age-verification-is-changing\">Comment la v\u00e9rification globale de l&rsquo;\u00e2ge de Discord \u00e9volue<\/h2>\n<p>\u00c0 cette fin, Discord apporte les modifications suivantes \u00e0 son d\u00e9ploiement controvers\u00e9 de v\u00e9rification de l\u2019\u00e2ge mondial\u00a0:<\/p>\n<ol>\n<li>\n<p>La v\u00e9rification mondiale de l\u2019\u00e2ge sera d\u00e9sormais report\u00e9e de mars au \u00ab second semestre 2026 \u00bb. D\u2019ici l\u00e0, la v\u00e9rification de l\u2019\u00e2ge ne restera active que dans les r\u00e9gions o\u00f9 elle est l\u00e9galement requise, comme le Royaume-Uni et l\u2019Australie.<\/p>\n<\/li>\n<li>\n<p>Au lancement, Discord fournira une liste de tous les fournisseurs de v\u00e9rification d&rsquo;\u00e2ge avec lesquels il travaille et leurs pratiques.<\/p>\n<\/li>\n<li>\n<p>Tous les partenaires de v\u00e9rification de l&rsquo;\u00e2ge proposeront uniquement la num\u00e9risation faciale sur l&rsquo;appareil.<\/p>\n<\/li>\n<li>\n<p>Avant le lancement de la v\u00e9rification mondiale de l&rsquo;\u00e2ge, Discord d\u00e9veloppera des m\u00e9thodes alternatives de v\u00e9rification de l&rsquo;\u00e2ge au-del\u00e0 de la num\u00e9risation de votre visage ou de la fourniture d&rsquo;une pi\u00e8ce d&rsquo;identit\u00e9, comme la fourniture d&rsquo;informations de carte de cr\u00e9dit \u00e0 la place. Cependant, de telles m\u00e9thodes peuvent ne pas \u00eatre l\u00e9galement autoris\u00e9es dans certaines r\u00e9gions, comme l&rsquo;Australie, le Royaume-Uni et le Br\u00e9sil.<\/p>\n<\/li>\n<li>\n<p>Discord ajoutera des cha\u00eenes spoiler comme option pour les communaut\u00e9s, afin qu&rsquo;elles n&rsquo;aient plus besoin d&rsquo;utiliser des cha\u00eenes soumises \u00e0 une limite d&rsquo;\u00e2ge pour masquer le contenu adapt\u00e9 \u00e0 l&rsquo;\u00e2ge, mais toujours sensible. Cela permettra aux comptes qui ne peuvent pas v\u00e9rifier leur \u00e2ge d&rsquo;acc\u00e9der \u00e0 ces cha\u00eenes.<\/p>\n<\/li>\n<li>\n<p>La soci\u00e9t\u00e9 publiera un blog technique une fois la v\u00e9rification de l&rsquo;\u00e2ge lanc\u00e9e, d\u00e9taillant en d\u00e9tail le fonctionnement de ses syst\u00e8mes, et ajoutera des mesures de v\u00e9rification de l&rsquo;\u00e2ge, notamment le nombre d&rsquo;utilisateurs qui ont \u00e9t\u00e9 invit\u00e9s \u00e0 v\u00e9rifier ou les m\u00e9thodes de v\u00e9rification de l&rsquo;\u00e2ge qu&rsquo;ils ont utilis\u00e9es, aux rapports de transparence en cours.<\/p>\n<\/li>\n<\/ol>\n<p>Essentiellement, l&rsquo;id\u00e9e est que si vous \u00eates un utilisateur adulte de Discord (et que vous vivez dans une r\u00e9gion qui le permet, ce qui, selon Discord, n&rsquo;est peut-\u00eatre pas partout), Discord pourra probablement utiliser des facteurs tels que votre e-mail d&rsquo;inscription, l&rsquo;\u00e2ge de votre compte et votre activit\u00e9 pour deviner votre \u00e2ge. Si tel est le cas, vous serez automatiquement filtr\u00e9 dans la tranche d&rsquo;\u00e2ge appropri\u00e9e et pourrez continuer \u00e0 utiliser l&rsquo;application comme d&rsquo;habitude. Sinon, vous serez \u00e9tiquet\u00e9 comme un adolescent et devrez v\u00e9rifier en scannant votre visage, en fournissant une pi\u00e8ce d&rsquo;identit\u00e9 gouvernementale ou en utilisant l&rsquo;une des nouvelles m\u00e9thodes alternatives de Discord. Ou bien, vous pouvez continuer \u00e0 utiliser l&rsquo;application sans v\u00e9rification, mais vous perdrez l&rsquo;acc\u00e8s aux cha\u00eenes soumises \u00e0 une limite d&rsquo;\u00e2ge et \u00e0 tout contenu que Discord juge suffisamment inappropri\u00e9 pour \u00eatre bloqu\u00e9 pour vous.<\/p>\n<h2 id=\"why-does-discord-care-about-my-age-so-much\">Pourquoi Discord se soucie-t-il autant de mon \u00e2ge ?<\/h2>\n<p>\u00c0 cette fin, les objectifs finaux de Discord n&rsquo;ont pas beaucoup chang\u00e9, et la soci\u00e9t\u00e9 a reconnu que \u00ab\u00a0nous savons que beaucoup d&rsquo;entre vous pensent que la bonne r\u00e9ponse est de ne pas faire cela du tout\u00a0\u00bb. Cependant, Discord a \u00e9galement d\u00e9clar\u00e9 que sa main \u00e9tait forc\u00e9e dans des r\u00e9gions telles que le Royaume-Uni, l&rsquo;Australie et le Br\u00e9sil, suivis de pr\u00e8s par \u00ab\u00a0l&rsquo;Europe et plusieurs \u00c9tats am\u00e9ricains\u00a0\u00bb. En \u00e9largissant la v\u00e9rification de l&rsquo;\u00e2ge \u00e0 l&rsquo;\u00e9chelle mondiale, Discord affirme vouloir \u00ab montrer aux r\u00e9gulateurs qu&rsquo;il est possible de v\u00e9rifier l&rsquo;\u00e2ge sans collecter d&rsquo;identit\u00e9 \u00bb, d\u00e9clarant \u00e9galement que \u00ab nous ne voulons pas savoir qui vous \u00eates. Nous avons juste besoin de savoir si vous \u00eates un adulte \u00bb.<\/p>\n<p>Pour \u00eatre honn\u00eate, cela semble toujours impliquer de savoir qui sont les utilisateurs dans une certaine mesure, car vous devrez toujours fournir un certain type d&rsquo;informations d&rsquo;identification personnelle \u00e0 v\u00e9rifier, ou vous fier \u00e0 la pr\u00e9diction d&rsquo;\u00e2ge de Discord pour collecter des informations permettant d&rsquo;estimer votre \u00e2ge en arri\u00e8re-plan. Mais en guise de preuve de bonne foi, Discord a reconnu son \u00ab exp\u00e9rience \u00bb avec Persona et que l\u2019utilisation par Persona de l\u2019analyse faciale hors appareil ne satisfaisait pas \u00e0 ses exigences en mati\u00e8re de confidentialit\u00e9.<\/p>\n<p>Ce qui se passera ensuite n\u2019est pas clair. Discord a fait beaucoup de promesses, mais il doit maintenant les tenir. La soci\u00e9t\u00e9 n\u2019a pas non plus fix\u00e9 de d\u00e9lai strict pour le d\u00e9ploiement de la v\u00e9rification de l\u2019\u00e2ge. Il est donc possible qu\u2019elle continue d\u2019\u00eatre repouss\u00e9e dans les r\u00e9gions qui ne l\u2019exigent pas l\u00e9galement. Cependant, Discord est \u00e9galement en lice pour une introduction en bourse ce printemps. La certitude et une base de consommateurs satisfaits rendront probablement les investisseurs heureux, mais cela signifie probablement aussi apaiser les r\u00e9gulateurs et les parents inquiets. Continuez \u00e0 vous attendre \u00e0 des compromis, en particulier lorsque Discord a d\u00e9j\u00e0 \u00e9t\u00e9 critiqu\u00e9 pour avoir expos\u00e9 des adolescents \u00e0 des contenus sensibles et \u00e0 des conversations d&rsquo;adultes.<\/p>\n","protected":false},"excerpt":{"rendered":"<p>Depuis son annonce il y a un peu plus d&rsquo;une semaine, le d\u00e9ploiement mondial de la v\u00e9rification de l&rsquo;\u00e2ge par Discord a \u00e9t\u00e9 un peu<\/p>\n","protected":false},"author":1,"featured_media":12785,"comment_status":"","ping_status":"","sticky":false,"template":"","format":"standard","meta":{"footnotes":""},"categories":[13],"tags":[2826,3124,501,233,3995,1855,9182,1417],"class_list":["post-12784","post","type-post","status-publish","format-standard","has-post-thumbnail","hentry","category-technologie","tag-discord","tag-dit","tag-lage","tag-maintenant","tag-mondial","tag-quil","tag-retarde","tag-verification","generate-columns","tablet-grid-50","mobile-grid-100","grid-parent","grid-33"],"yoast_head":"<!-- This site is optimized with the Yoast SEO plugin v24.0 - https:\/\/yoast.com\/wordpress\/plugins\/seo\/ -->\n<title>Maintenant, Discord dit qu&#039;il retarde la v\u00e9rification de l&#039;\u00e2ge mondial | Vie Associative<\/title>\n<meta name=\"robots\" content=\"index, follow, max-snippet:-1, max-image-preview:large, max-video-preview:-1\" \/>\n<link rel=\"canonical\" href=\"https:\/\/vieassociative.be\/actualites\/maintenant-discord-dit-quil-retarde-la-verification-de-lage-mondial\/\" \/>\n<meta property=\"og:locale\" content=\"fr_FR\" \/>\n<meta property=\"og:type\" content=\"article\" \/>\n<meta property=\"og:title\" content=\"Maintenant, Discord dit qu&#039;il retarde la v\u00e9rification de l&#039;\u00e2ge mondial | Vie Associative\" \/>\n<meta property=\"og:description\" content=\"Depuis son annonce il y a un peu plus d&rsquo;une semaine, le d\u00e9ploiement mondial de la v\u00e9rification de l&rsquo;\u00e2ge par Discord a \u00e9t\u00e9 un peu\" \/>\n<meta property=\"og:url\" content=\"https:\/\/vieassociative.be\/actualites\/maintenant-discord-dit-quil-retarde-la-verification-de-lage-mondial\/\" \/>\n<meta property=\"og:site_name\" content=\"Vie Associative\" \/>\n<meta property=\"article:published_time\" content=\"2026-02-25T03:17:25+00:00\" \/>\n<meta property=\"og:image\" content=\"https:\/\/vieassociative.be\/actualites\/wp-content\/uploads\/2024\/09\/header_backgroundk-01-e1726694325946.png\" \/>\n\t<meta property=\"og:image:width\" content=\"279\" \/>\n\t<meta property=\"og:image:height\" content=\"92\" \/>\n\t<meta property=\"og:image:type\" content=\"image\/png\" \/>\n<meta name=\"author\" content=\"Julien\" \/>\n<meta name=\"twitter:card\" content=\"summary_large_image\" \/>\n<meta name=\"twitter:label1\" content=\"\u00c9crit par\" \/>\n\t<meta name=\"twitter:data1\" content=\"Julien\" \/>\n\t<meta name=\"twitter:label2\" content=\"Dur\u00e9e de lecture est.\" \/>\n\t<meta name=\"twitter:data2\" content=\"6 minutes\" \/>\n<script type=\"application\/ld+json\" class=\"yoast-schema-graph\">{\"@context\":\"https:\/\/schema.org\",\"@graph\":[{\"@type\":\"Article\",\"@id\":\"https:\/\/vieassociative.be\/actualites\/maintenant-discord-dit-quil-retarde-la-verification-de-lage-mondial\/#article\",\"isPartOf\":{\"@id\":\"https:\/\/vieassociative.be\/actualites\/maintenant-discord-dit-quil-retarde-la-verification-de-lage-mondial\/\"},\"author\":{\"name\":\"Julien\",\"@id\":\"https:\/\/vieassociative.be\/actualites\/#\/schema\/person\/b87ac4f82f9d4e7b7cec7395b679edc4\"},\"headline\":\"Maintenant, Discord dit qu&rsquo;il retarde la v\u00e9rification de l&rsquo;\u00e2ge mondial\",\"datePublished\":\"2026-02-25T03:17:25+00:00\",\"dateModified\":\"2026-02-25T03:17:25+00:00\",\"mainEntityOfPage\":{\"@id\":\"https:\/\/vieassociative.be\/actualites\/maintenant-discord-dit-quil-retarde-la-verification-de-lage-mondial\/\"},\"wordCount\":1252,\"publisher\":{\"@id\":\"https:\/\/vieassociative.be\/actualites\/#organization\"},\"image\":{\"@id\":\"https:\/\/vieassociative.be\/actualites\/maintenant-discord-dit-quil-retarde-la-verification-de-lage-mondial\/#primaryimage\"},\"thumbnailUrl\":\"https:\/\/vieassociative.be\/actualites\/wp-content\/uploads\/2026\/02\/Maintenant-Discord-dit-quil-retarde-la-verification-de-lage-mondial.png\",\"keywords\":[\"Discord\",\"dit\",\"l\u00e2ge\",\"maintenant\",\"Mondial\",\"quil\",\"retard\u00e9\",\"v\u00e9rification\"],\"articleSection\":[\"Technologie\"],\"inLanguage\":\"fr-BE\"},{\"@type\":\"WebPage\",\"@id\":\"https:\/\/vieassociative.be\/actualites\/maintenant-discord-dit-quil-retarde-la-verification-de-lage-mondial\/\",\"url\":\"https:\/\/vieassociative.be\/actualites\/maintenant-discord-dit-quil-retarde-la-verification-de-lage-mondial\/\",\"name\":\"Maintenant, Discord dit qu'il retarde la v\u00e9rification de l'\u00e2ge mondial | Vie Associative\",\"isPartOf\":{\"@id\":\"https:\/\/vieassociative.be\/actualites\/#website\"},\"primaryImageOfPage\":{\"@id\":\"https:\/\/vieassociative.be\/actualites\/maintenant-discord-dit-quil-retarde-la-verification-de-lage-mondial\/#primaryimage\"},\"image\":{\"@id\":\"https:\/\/vieassociative.be\/actualites\/maintenant-discord-dit-quil-retarde-la-verification-de-lage-mondial\/#primaryimage\"},\"thumbnailUrl\":\"https:\/\/vieassociative.be\/actualites\/wp-content\/uploads\/2026\/02\/Maintenant-Discord-dit-quil-retarde-la-verification-de-lage-mondial.png\",\"datePublished\":\"2026-02-25T03:17:25+00:00\",\"dateModified\":\"2026-02-25T03:17:25+00:00\",\"breadcrumb\":{\"@id\":\"https:\/\/vieassociative.be\/actualites\/maintenant-discord-dit-quil-retarde-la-verification-de-lage-mondial\/#breadcrumb\"},\"inLanguage\":\"fr-BE\",\"potentialAction\":[{\"@type\":\"ReadAction\",\"target\":[\"https:\/\/vieassociative.be\/actualites\/maintenant-discord-dit-quil-retarde-la-verification-de-lage-mondial\/\"]}]},{\"@type\":\"ImageObject\",\"inLanguage\":\"fr-BE\",\"@id\":\"https:\/\/vieassociative.be\/actualites\/maintenant-discord-dit-quil-retarde-la-verification-de-lage-mondial\/#primaryimage\",\"url\":\"https:\/\/vieassociative.be\/actualites\/wp-content\/uploads\/2026\/02\/Maintenant-Discord-dit-quil-retarde-la-verification-de-lage-mondial.png\",\"contentUrl\":\"https:\/\/vieassociative.be\/actualites\/wp-content\/uploads\/2026\/02\/Maintenant-Discord-dit-quil-retarde-la-verification-de-lage-mondial.png\",\"width\":1200,\"height\":675,\"caption\":\"Maintenant, Discord dit qu'il retarde la v\u00e9rification de l'\u00e2ge mondial\"},{\"@type\":\"BreadcrumbList\",\"@id\":\"https:\/\/vieassociative.be\/actualites\/maintenant-discord-dit-quil-retarde-la-verification-de-lage-mondial\/#breadcrumb\",\"itemListElement\":[{\"@type\":\"ListItem\",\"position\":1,\"name\":\"Accueil\",\"item\":\"https:\/\/vieassociative.be\/actualites\/\"},{\"@type\":\"ListItem\",\"position\":2,\"name\":\"Maintenant, Discord dit qu&rsquo;il retarde la v\u00e9rification de l&rsquo;\u00e2ge mondial\"}]},{\"@type\":\"WebSite\",\"@id\":\"https:\/\/vieassociative.be\/actualites\/#website\",\"url\":\"https:\/\/vieassociative.be\/actualites\/\",\"name\":\"Vie Associative\",\"description\":\"\",\"publisher\":{\"@id\":\"https:\/\/vieassociative.be\/actualites\/#organization\"},\"potentialAction\":[{\"@type\":\"SearchAction\",\"target\":{\"@type\":\"EntryPoint\",\"urlTemplate\":\"https:\/\/vieassociative.be\/actualites\/?s={search_term_string}\"},\"query-input\":{\"@type\":\"PropertyValueSpecification\",\"valueRequired\":true,\"valueName\":\"search_term_string\"}}],\"inLanguage\":\"fr-BE\"},{\"@type\":\"Organization\",\"@id\":\"https:\/\/vieassociative.be\/actualites\/#organization\",\"name\":\"Vie Associative\",\"url\":\"https:\/\/vieassociative.be\/actualites\/\",\"logo\":{\"@type\":\"ImageObject\",\"inLanguage\":\"fr-BE\",\"@id\":\"https:\/\/vieassociative.be\/actualites\/#\/schema\/logo\/image\/\",\"url\":\"https:\/\/vieassociative.be\/actualites\/wp-content\/uploads\/2024\/09\/cropped-vieassociative_favicon.ico.png\",\"contentUrl\":\"https:\/\/vieassociative.be\/actualites\/wp-content\/uploads\/2024\/09\/cropped-vieassociative_favicon.ico.png\",\"width\":512,\"height\":512,\"caption\":\"Vie Associative\"},\"image\":{\"@id\":\"https:\/\/vieassociative.be\/actualites\/#\/schema\/logo\/image\/\"}},{\"@type\":\"Person\",\"@id\":\"https:\/\/vieassociative.be\/actualites\/#\/schema\/person\/b87ac4f82f9d4e7b7cec7395b679edc4\",\"name\":\"Julien\",\"image\":{\"@type\":\"ImageObject\",\"inLanguage\":\"fr-BE\",\"@id\":\"https:\/\/vieassociative.be\/actualites\/#\/schema\/person\/image\/\",\"url\":\"https:\/\/vieassociative.be\/actualites\/wp-content\/uploads\/2024\/09\/vie-associative-1-150x150.jpg\",\"contentUrl\":\"https:\/\/vieassociative.be\/actualites\/wp-content\/uploads\/2024\/09\/vie-associative-1-150x150.jpg\",\"caption\":\"Julien\"},\"description\":\"Je suis Julien, r\u00e9dacteur pour Vie Associative. Passionn\u00e9 par le monde associatif depuis plus de 10 ans, j'ai \u00e0 c\u0153ur de partager des histoires inspirantes et de mettre en lumi\u00e8re les initiatives locales. Mon objectif est de sensibiliser et d'encourager l'engagement communautaire \u00e0 travers mes articles.\",\"sameAs\":[\"https:\/\/vieassociative.be\/\"]}]}<\/script>\n<!-- \/ Yoast SEO plugin. -->","yoast_head_json":{"title":"Maintenant, Discord dit qu'il retarde la v\u00e9rification de l'\u00e2ge mondial | Vie Associative","robots":{"index":"index","follow":"follow","max-snippet":"max-snippet:-1","max-image-preview":"max-image-preview:large","max-video-preview":"max-video-preview:-1"},"canonical":"https:\/\/vieassociative.be\/actualites\/maintenant-discord-dit-quil-retarde-la-verification-de-lage-mondial\/","og_locale":"fr_FR","og_type":"article","og_title":"Maintenant, Discord dit qu'il retarde la v\u00e9rification de l'\u00e2ge mondial | Vie Associative","og_description":"Depuis son annonce il y a un peu plus d&rsquo;une semaine, le d\u00e9ploiement mondial de la v\u00e9rification de l&rsquo;\u00e2ge par Discord a \u00e9t\u00e9 un peu","og_url":"https:\/\/vieassociative.be\/actualites\/maintenant-discord-dit-quil-retarde-la-verification-de-lage-mondial\/","og_site_name":"Vie Associative","article_published_time":"2026-02-25T03:17:25+00:00","og_image":[{"width":279,"height":92,"url":"https:\/\/vieassociative.be\/actualites\/wp-content\/uploads\/2024\/09\/header_backgroundk-01-e1726694325946.png","type":"image\/png"}],"author":"Julien","twitter_card":"summary_large_image","twitter_misc":{"\u00c9crit par":"Julien","Dur\u00e9e de lecture est.":"6 minutes"},"schema":{"@context":"https:\/\/schema.org","@graph":[{"@type":"Article","@id":"https:\/\/vieassociative.be\/actualites\/maintenant-discord-dit-quil-retarde-la-verification-de-lage-mondial\/#article","isPartOf":{"@id":"https:\/\/vieassociative.be\/actualites\/maintenant-discord-dit-quil-retarde-la-verification-de-lage-mondial\/"},"author":{"name":"Julien","@id":"https:\/\/vieassociative.be\/actualites\/#\/schema\/person\/b87ac4f82f9d4e7b7cec7395b679edc4"},"headline":"Maintenant, Discord dit qu&rsquo;il retarde la v\u00e9rification de l&rsquo;\u00e2ge mondial","datePublished":"2026-02-25T03:17:25+00:00","dateModified":"2026-02-25T03:17:25+00:00","mainEntityOfPage":{"@id":"https:\/\/vieassociative.be\/actualites\/maintenant-discord-dit-quil-retarde-la-verification-de-lage-mondial\/"},"wordCount":1252,"publisher":{"@id":"https:\/\/vieassociative.be\/actualites\/#organization"},"image":{"@id":"https:\/\/vieassociative.be\/actualites\/maintenant-discord-dit-quil-retarde-la-verification-de-lage-mondial\/#primaryimage"},"thumbnailUrl":"https:\/\/vieassociative.be\/actualites\/wp-content\/uploads\/2026\/02\/Maintenant-Discord-dit-quil-retarde-la-verification-de-lage-mondial.png","keywords":["Discord","dit","l\u00e2ge","maintenant","Mondial","quil","retard\u00e9","v\u00e9rification"],"articleSection":["Technologie"],"inLanguage":"fr-BE"},{"@type":"WebPage","@id":"https:\/\/vieassociative.be\/actualites\/maintenant-discord-dit-quil-retarde-la-verification-de-lage-mondial\/","url":"https:\/\/vieassociative.be\/actualites\/maintenant-discord-dit-quil-retarde-la-verification-de-lage-mondial\/","name":"Maintenant, Discord dit qu'il retarde la v\u00e9rification de l'\u00e2ge mondial | Vie Associative","isPartOf":{"@id":"https:\/\/vieassociative.be\/actualites\/#website"},"primaryImageOfPage":{"@id":"https:\/\/vieassociative.be\/actualites\/maintenant-discord-dit-quil-retarde-la-verification-de-lage-mondial\/#primaryimage"},"image":{"@id":"https:\/\/vieassociative.be\/actualites\/maintenant-discord-dit-quil-retarde-la-verification-de-lage-mondial\/#primaryimage"},"thumbnailUrl":"https:\/\/vieassociative.be\/actualites\/wp-content\/uploads\/2026\/02\/Maintenant-Discord-dit-quil-retarde-la-verification-de-lage-mondial.png","datePublished":"2026-02-25T03:17:25+00:00","dateModified":"2026-02-25T03:17:25+00:00","breadcrumb":{"@id":"https:\/\/vieassociative.be\/actualites\/maintenant-discord-dit-quil-retarde-la-verification-de-lage-mondial\/#breadcrumb"},"inLanguage":"fr-BE","potentialAction":[{"@type":"ReadAction","target":["https:\/\/vieassociative.be\/actualites\/maintenant-discord-dit-quil-retarde-la-verification-de-lage-mondial\/"]}]},{"@type":"ImageObject","inLanguage":"fr-BE","@id":"https:\/\/vieassociative.be\/actualites\/maintenant-discord-dit-quil-retarde-la-verification-de-lage-mondial\/#primaryimage","url":"https:\/\/vieassociative.be\/actualites\/wp-content\/uploads\/2026\/02\/Maintenant-Discord-dit-quil-retarde-la-verification-de-lage-mondial.png","contentUrl":"https:\/\/vieassociative.be\/actualites\/wp-content\/uploads\/2026\/02\/Maintenant-Discord-dit-quil-retarde-la-verification-de-lage-mondial.png","width":1200,"height":675,"caption":"Maintenant, Discord dit qu'il retarde la v\u00e9rification de l'\u00e2ge mondial"},{"@type":"BreadcrumbList","@id":"https:\/\/vieassociative.be\/actualites\/maintenant-discord-dit-quil-retarde-la-verification-de-lage-mondial\/#breadcrumb","itemListElement":[{"@type":"ListItem","position":1,"name":"Accueil","item":"https:\/\/vieassociative.be\/actualites\/"},{"@type":"ListItem","position":2,"name":"Maintenant, Discord dit qu&rsquo;il retarde la v\u00e9rification de l&rsquo;\u00e2ge mondial"}]},{"@type":"WebSite","@id":"https:\/\/vieassociative.be\/actualites\/#website","url":"https:\/\/vieassociative.be\/actualites\/","name":"Vie Associative","description":"","publisher":{"@id":"https:\/\/vieassociative.be\/actualites\/#organization"},"potentialAction":[{"@type":"SearchAction","target":{"@type":"EntryPoint","urlTemplate":"https:\/\/vieassociative.be\/actualites\/?s={search_term_string}"},"query-input":{"@type":"PropertyValueSpecification","valueRequired":true,"valueName":"search_term_string"}}],"inLanguage":"fr-BE"},{"@type":"Organization","@id":"https:\/\/vieassociative.be\/actualites\/#organization","name":"Vie Associative","url":"https:\/\/vieassociative.be\/actualites\/","logo":{"@type":"ImageObject","inLanguage":"fr-BE","@id":"https:\/\/vieassociative.be\/actualites\/#\/schema\/logo\/image\/","url":"https:\/\/vieassociative.be\/actualites\/wp-content\/uploads\/2024\/09\/cropped-vieassociative_favicon.ico.png","contentUrl":"https:\/\/vieassociative.be\/actualites\/wp-content\/uploads\/2024\/09\/cropped-vieassociative_favicon.ico.png","width":512,"height":512,"caption":"Vie Associative"},"image":{"@id":"https:\/\/vieassociative.be\/actualites\/#\/schema\/logo\/image\/"}},{"@type":"Person","@id":"https:\/\/vieassociative.be\/actualites\/#\/schema\/person\/b87ac4f82f9d4e7b7cec7395b679edc4","name":"Julien","image":{"@type":"ImageObject","inLanguage":"fr-BE","@id":"https:\/\/vieassociative.be\/actualites\/#\/schema\/person\/image\/","url":"https:\/\/vieassociative.be\/actualites\/wp-content\/uploads\/2024\/09\/vie-associative-1-150x150.jpg","contentUrl":"https:\/\/vieassociative.be\/actualites\/wp-content\/uploads\/2024\/09\/vie-associative-1-150x150.jpg","caption":"Julien"},"description":"Je suis Julien, r\u00e9dacteur pour Vie Associative. Passionn\u00e9 par le monde associatif depuis plus de 10 ans, j'ai \u00e0 c\u0153ur de partager des histoires inspirantes et de mettre en lumi\u00e8re les initiatives locales. Mon objectif est de sensibiliser et d'encourager l'engagement communautaire \u00e0 travers mes articles.","sameAs":["https:\/\/vieassociative.be\/"]}]}},"_links":{"self":[{"href":"https:\/\/vieassociative.be\/actualites\/wp-json\/wp\/v2\/posts\/12784"}],"collection":[{"href":"https:\/\/vieassociative.be\/actualites\/wp-json\/wp\/v2\/posts"}],"about":[{"href":"https:\/\/vieassociative.be\/actualites\/wp-json\/wp\/v2\/types\/post"}],"author":[{"embeddable":true,"href":"https:\/\/vieassociative.be\/actualites\/wp-json\/wp\/v2\/users\/1"}],"replies":[{"embeddable":true,"href":"https:\/\/vieassociative.be\/actualites\/wp-json\/wp\/v2\/comments?post=12784"}],"version-history":[{"count":0,"href":"https:\/\/vieassociative.be\/actualites\/wp-json\/wp\/v2\/posts\/12784\/revisions"}],"wp:featuredmedia":[{"embeddable":true,"href":"https:\/\/vieassociative.be\/actualites\/wp-json\/wp\/v2\/media\/12785"}],"wp:attachment":[{"href":"https:\/\/vieassociative.be\/actualites\/wp-json\/wp\/v2\/media?parent=12784"}],"wp:term":[{"taxonomy":"category","embeddable":true,"href":"https:\/\/vieassociative.be\/actualites\/wp-json\/wp\/v2\/categories?post=12784"},{"taxonomy":"post_tag","embeddable":true,"href":"https:\/\/vieassociative.be\/actualites\/wp-json\/wp\/v2\/tags?post=12784"}],"curies":[{"name":"wp","href":"https:\/\/api.w.org\/{rel}","templated":true}]}}