{"id":12782,"date":"2026-02-24T23:17:46","date_gmt":"2026-02-24T22:17:46","guid":{"rendered":"https:\/\/vieassociative.be\/actualites\/le-fc-bruges-perd-14-a-latletico-madrid-le-vice-champion-belge-est-plus-qua-egalite-pendant-une-mi-temps\/"},"modified":"2026-02-24T23:17:46","modified_gmt":"2026-02-24T22:17:46","slug":"le-fc-bruges-perd-14-a-latletico-madrid-le-vice-champion-belge-est-plus-qua-egalite-pendant-une-mi-temps","status":"publish","type":"post","link":"https:\/\/vieassociative.be\/actualites\/le-fc-bruges-perd-14-a-latletico-madrid-le-vice-champion-belge-est-plus-qua-egalite-pendant-une-mi-temps\/","title":{"rendered":"Le FC Bruges perd 1:4 \u00e0 l&rsquo;Atl\u00e9tico Madrid \u2013 le vice-champion belge est plus qu&rsquo;\u00e0 \u00e9galit\u00e9 pendant une mi-temps"},"content":{"rendered":"<p><strong>Pour le FC Bruges, l&rsquo;aventure de la Ligue des Champions est termin\u00e9e pour cette saison : le vice-champion belge s&rsquo;est inclin\u00e9 4-1 face \u00e0 l&rsquo;Atl\u00e9tico Madrid mardi.<\/strong><\/p>\n<p><span id=\"more-437198\"><\/span>Le match aller au stade Jan Breydel s&rsquo;est termin\u00e9 3-3. Au Wanda Metropolitano, les \u00ab Blauw en Zwart \u00bb n&rsquo;ont pu tenir le coup qu&rsquo;\u00e0 mi-temps. A la mi-temps, c&rsquo;\u00e9tait 1:1. Au deuxi\u00e8me tour, Madrid a clairement pris le dessus.<\/p>\n<p>Surtout apr\u00e8s une premi\u00e8re mi-temps o\u00f9 Bruges \u00e9tait plus qu&rsquo;\u00e0 \u00e9galit\u00e9 avec les Colchoneros, les supporters des \u00ab Blauw en Zwart \u00bb avaient des espoirs l\u00e9gitimes, mais un but en seconde p\u00e9riode a frein\u00e9 les visiteurs, qui n&rsquo;ont jamais r\u00e9ussi \u00e0 rattraper leur retard.<\/p>\n<div id=\"attachment_437202\" class=\"wp-caption alignleft\" style=\"max-width: 300px\"><img fetchpriority=\"high\" decoding=\"async\" class=\"wp-image-437202 size-medium\" src=\"https:\/\/vieassociative.be\/actualites\/wp-content\/uploads\/2026\/02\/Le-FC-Bruges-perd-14-a-lAtletico-Madrid-\u2013-le.jpg\" alt=\"\" width=\"300\" height=\"200\"><\/div>\n<p><strong>\u2013 Oblak sauve les Colchoneros :<\/strong> Ce regret vient principalement de la premi\u00e8re mi-temps, au cours de laquelle Bruges a eu plus d&rsquo;occasions de marquer que l&rsquo;Atl\u00e9tico. Apr\u00e8s un d\u00e9marrage lent pour les deux \u00e9quipes, le jeu est progressivement devenu plus ouvert.<\/p>\n<p>Vetlesen a eu la premi\u00e8re grande occasion. Apr\u00e8s un excellent coup, Vanaken lib\u00e8re le rempla\u00e7ant d&rsquo;Onyedika. Cependant, son tir a \u00e9t\u00e9 bloqu\u00e9 de la t\u00eate par un d\u00e9fenseur adverse \u00e0 la derni\u00e8re seconde.<\/p>\n<p>Alors que les deux \u00e9quipes se retenaient, Sorloth a utilis\u00e9 toutes ses forces pour marquer le premier but. Oblak a jou\u00e9 un long ballon au Norv\u00e9gien. L&rsquo;attaquant tenait Mechele \u00e0 distance avant de tenter sa chance. Le Mignolet de 2022 aurait bloqu\u00e9 le ballon, mais pas celui de 2026, qui a laiss\u00e9 le ballon lui filer sous ses gants.<\/p>\n<p>On pensait que Bruges \u00e9tait finie. Mais les joueurs de l&rsquo;entra\u00eeneur Leko sont revenus de fa\u00e7on impressionnante. Tout d\u2019abord, Ordonez a \u00e9galis\u00e9 de la t\u00eate apr\u00e8s un corner. Ensuite, Vetlesen a eu une autre occasion en or de mettre les \u00ab Blauw en Zwart \u00bb en t\u00eate. Mais Oblak a r\u00e9alis\u00e9 un arr\u00eat extraordinaire.<\/p>\n<div id=\"attachment_437203\" class=\"wp-caption alignleft\" style=\"max-width: 300px\"><img decoding=\"async\" class=\"wp-image-437203 size-medium\" src=\"https:\/\/vieassociative.be\/actualites\/wp-content\/uploads\/2026\/02\/1771971466_367_Le-FC-Bruges-perd-14-a-lAtletico-Madrid-\u2013-le.jpg\" alt=\"\" width=\"300\" height=\"200\"><\/div>\n<p>Le Norv\u00e9gien a eu une autre chance dans les arr\u00eats de jeu en premi\u00e8re mi-temps, mais son tir \u00e9tait beaucoup trop central.<\/p>\n<p><strong>\u2013 Sorloth ferme le sac :<\/strong> Apr\u00e8s une premi\u00e8re mi-temps aussi prometteuse, on pensait que le Club de Bruges \u00e9tait mentalement et physiquement capable de poursuivre sur sa lanc\u00e9e.<\/p>\n<p>Mais cet \u00e9lan a \u00e9t\u00e9 stopp\u00e9 par une vol\u00e9e de Cardoso apr\u00e8s un mauvais coup de pied de Mechele. Un but qui a mis un b\u00e9mol \u00e0 Hans Vanaken et ses co\u00e9quipiers, 2-1. M\u00eame si l&rsquo;\u00e9quipe de Bruges n&rsquo;a pas paniqu\u00e9 au d\u00e9but, elle n&rsquo;a pas r\u00e9ussi \u00e0 d\u00e9velopper suffisamment d&rsquo;enthousiasme pour renverser la situation.<\/p>\n<p>Forbs a alors tent\u00e9 de confondre Ruggeri. Leko faisait entrer en jeu Diakhon et Vermant. Mais finalement, c\u2019est Sorloth qui a fait sortir la tension du jeu. Apr\u00e8s une belle combinaison entre Lookman et Griezmann, tous deux entr\u00e9s en jeu, le Nig\u00e9rian a d\u00e9livr\u00e9 une passe d\u00e9cisive \u00e0 l&rsquo;ancien attaquant de l&rsquo;AA Gent, qui a remport\u00e9 le match retour avec un tripl\u00e9 en fin de match, compl\u00e9tant ainsi son chef-d&rsquo;\u0153uvre.<\/p>\n<p>Malgr\u00e9 tout, il ne faut pas tout oublier. Bruges a fait peur \u00e0 un g\u00e9ant europ\u00e9en pendant 140 minutes. Vanaken &#038; Co. peut d\u00e9sormais se concentrer enti\u00e8rement sur le championnat. (cr\u00e9er)<\/p>\n","protected":false},"excerpt":{"rendered":"<p>Pour le FC Bruges, l&rsquo;aventure de la Ligue des Champions est termin\u00e9e pour cette saison : le vice-champion belge s&rsquo;est inclin\u00e9 4-1 face \u00e0 l&rsquo;Atl\u00e9tico<\/p>\n","protected":false},"author":1,"featured_media":12783,"comment_status":"","ping_status":"","sticky":false,"template":"","format":"standard","meta":{"footnotes":""},"categories":[298],"tags":[410,2851,6210,76,5829,2301,9084,198,3021,10097,110,9498],"class_list":["post-12782","post","type-post","status-publish","format-standard","has-post-thumbnail","hentry","category-belgique","tag-belge","tag-bruges","tag-egalite","tag-est","tag-latletico","tag-madrid","tag-mitemps","tag-pendant","tag-perd","tag-qua","tag-une","tag-vicechampion","generate-columns","tablet-grid-50","mobile-grid-100","grid-parent","grid-33"],"yoast_head":"<!-- This site is optimized with the Yoast SEO plugin v24.0 - https:\/\/yoast.com\/wordpress\/plugins\/seo\/ -->\n<title>Le FC Bruges perd 1:4 \u00e0 l&#039;Atl\u00e9tico Madrid \u2013 le vice-champion belge est plus qu&#039;\u00e0 \u00e9galit\u00e9 pendant une mi-temps | Vie Associative<\/title>\n<meta name=\"robots\" content=\"index, follow, max-snippet:-1, max-image-preview:large, max-video-preview:-1\" \/>\n<link rel=\"canonical\" href=\"https:\/\/vieassociative.be\/actualites\/le-fc-bruges-perd-14-a-latletico-madrid-le-vice-champion-belge-est-plus-qua-egalite-pendant-une-mi-temps\/\" \/>\n<meta property=\"og:locale\" content=\"fr_FR\" \/>\n<meta property=\"og:type\" content=\"article\" \/>\n<meta property=\"og:title\" content=\"Le FC Bruges perd 1:4 \u00e0 l&#039;Atl\u00e9tico Madrid \u2013 le vice-champion belge est plus qu&#039;\u00e0 \u00e9galit\u00e9 pendant une mi-temps | Vie Associative\" \/>\n<meta property=\"og:description\" content=\"Pour le FC Bruges, l&rsquo;aventure de la Ligue des Champions est termin\u00e9e pour cette saison : le vice-champion belge s&rsquo;est inclin\u00e9 4-1 face \u00e0 l&rsquo;Atl\u00e9tico\" \/>\n<meta property=\"og:url\" content=\"https:\/\/vieassociative.be\/actualites\/le-fc-bruges-perd-14-a-latletico-madrid-le-vice-champion-belge-est-plus-qua-egalite-pendant-une-mi-temps\/\" \/>\n<meta property=\"og:site_name\" content=\"Vie Associative\" \/>\n<meta property=\"article:published_time\" content=\"2026-02-24T22:17:46+00:00\" \/>\n<meta property=\"og:image\" content=\"https:\/\/vieassociative.be\/actualites\/wp-content\/uploads\/2024\/09\/header_backgroundk-01-e1726694325946.png\" \/>\n\t<meta property=\"og:image:width\" content=\"279\" \/>\n\t<meta property=\"og:image:height\" content=\"92\" \/>\n\t<meta property=\"og:image:type\" content=\"image\/png\" \/>\n<meta name=\"author\" content=\"Julien\" \/>\n<meta name=\"twitter:card\" content=\"summary_large_image\" \/>\n<meta name=\"twitter:label1\" content=\"\u00c9crit par\" \/>\n\t<meta name=\"twitter:data1\" content=\"Julien\" \/>\n\t<meta name=\"twitter:label2\" content=\"Dur\u00e9e de lecture est.\" \/>\n\t<meta name=\"twitter:data2\" content=\"3 minutes\" \/>\n<script type=\"application\/ld+json\" class=\"yoast-schema-graph\">{\"@context\":\"https:\/\/schema.org\",\"@graph\":[{\"@type\":\"Article\",\"@id\":\"https:\/\/vieassociative.be\/actualites\/le-fc-bruges-perd-14-a-latletico-madrid-le-vice-champion-belge-est-plus-qua-egalite-pendant-une-mi-temps\/#article\",\"isPartOf\":{\"@id\":\"https:\/\/vieassociative.be\/actualites\/le-fc-bruges-perd-14-a-latletico-madrid-le-vice-champion-belge-est-plus-qua-egalite-pendant-une-mi-temps\/\"},\"author\":{\"name\":\"Julien\",\"@id\":\"https:\/\/vieassociative.be\/actualites\/#\/schema\/person\/b87ac4f82f9d4e7b7cec7395b679edc4\"},\"headline\":\"Le FC Bruges perd 1:4 \u00e0 l&rsquo;Atl\u00e9tico Madrid \u2013 le vice-champion belge est plus qu&rsquo;\u00e0 \u00e9galit\u00e9 pendant une mi-temps\",\"datePublished\":\"2026-02-24T22:17:46+00:00\",\"dateModified\":\"2026-02-24T22:17:46+00:00\",\"mainEntityOfPage\":{\"@id\":\"https:\/\/vieassociative.be\/actualites\/le-fc-bruges-perd-14-a-latletico-madrid-le-vice-champion-belge-est-plus-qua-egalite-pendant-une-mi-temps\/\"},\"wordCount\":573,\"publisher\":{\"@id\":\"https:\/\/vieassociative.be\/actualites\/#organization\"},\"image\":{\"@id\":\"https:\/\/vieassociative.be\/actualites\/le-fc-bruges-perd-14-a-latletico-madrid-le-vice-champion-belge-est-plus-qua-egalite-pendant-une-mi-temps\/#primaryimage\"},\"thumbnailUrl\":\"https:\/\/vieassociative.be\/actualites\/wp-content\/uploads\/2026\/02\/1771971467_Le-FC-Bruges-perd-14-a-lAtletico-Madrid-\u2013-le.jpg\",\"keywords\":[\"belge\",\"Bruges\",\"\u00e9galit\u00e9\",\"est\",\"lAtl\u00e9tico\",\"Madrid\",\"mitemps\",\"pendant\",\"perd\",\"qu\u00e0\",\"une\",\"vicechampion\"],\"articleSection\":[\"Belgique\"],\"inLanguage\":\"fr-BE\"},{\"@type\":\"WebPage\",\"@id\":\"https:\/\/vieassociative.be\/actualites\/le-fc-bruges-perd-14-a-latletico-madrid-le-vice-champion-belge-est-plus-qua-egalite-pendant-une-mi-temps\/\",\"url\":\"https:\/\/vieassociative.be\/actualites\/le-fc-bruges-perd-14-a-latletico-madrid-le-vice-champion-belge-est-plus-qua-egalite-pendant-une-mi-temps\/\",\"name\":\"Le FC Bruges perd 1:4 \u00e0 l'Atl\u00e9tico Madrid \u2013 le vice-champion belge est plus qu'\u00e0 \u00e9galit\u00e9 pendant une mi-temps | Vie Associative\",\"isPartOf\":{\"@id\":\"https:\/\/vieassociative.be\/actualites\/#website\"},\"primaryImageOfPage\":{\"@id\":\"https:\/\/vieassociative.be\/actualites\/le-fc-bruges-perd-14-a-latletico-madrid-le-vice-champion-belge-est-plus-qua-egalite-pendant-une-mi-temps\/#primaryimage\"},\"image\":{\"@id\":\"https:\/\/vieassociative.be\/actualites\/le-fc-bruges-perd-14-a-latletico-madrid-le-vice-champion-belge-est-plus-qua-egalite-pendant-une-mi-temps\/#primaryimage\"},\"thumbnailUrl\":\"https:\/\/vieassociative.be\/actualites\/wp-content\/uploads\/2026\/02\/1771971467_Le-FC-Bruges-perd-14-a-lAtletico-Madrid-\u2013-le.jpg\",\"datePublished\":\"2026-02-24T22:17:46+00:00\",\"dateModified\":\"2026-02-24T22:17:46+00:00\",\"breadcrumb\":{\"@id\":\"https:\/\/vieassociative.be\/actualites\/le-fc-bruges-perd-14-a-latletico-madrid-le-vice-champion-belge-est-plus-qua-egalite-pendant-une-mi-temps\/#breadcrumb\"},\"inLanguage\":\"fr-BE\",\"potentialAction\":[{\"@type\":\"ReadAction\",\"target\":[\"https:\/\/vieassociative.be\/actualites\/le-fc-bruges-perd-14-a-latletico-madrid-le-vice-champion-belge-est-plus-qua-egalite-pendant-une-mi-temps\/\"]}]},{\"@type\":\"ImageObject\",\"inLanguage\":\"fr-BE\",\"@id\":\"https:\/\/vieassociative.be\/actualites\/le-fc-bruges-perd-14-a-latletico-madrid-le-vice-champion-belge-est-plus-qua-egalite-pendant-une-mi-temps\/#primaryimage\",\"url\":\"https:\/\/vieassociative.be\/actualites\/wp-content\/uploads\/2026\/02\/1771971467_Le-FC-Bruges-perd-14-a-lAtletico-Madrid-\u2013-le.jpg\",\"contentUrl\":\"https:\/\/vieassociative.be\/actualites\/wp-content\/uploads\/2026\/02\/1771971467_Le-FC-Bruges-perd-14-a-lAtletico-Madrid-\u2013-le.jpg\",\"width\":1200,\"height\":801,\"caption\":\"Le FC Bruges perd 1:4 \u00e0 l'Atl\u00e9tico Madrid \u2013 le vice-champion belge est plus qu'\u00e0 \u00e9galit\u00e9 pendant une mi-temps\"},{\"@type\":\"BreadcrumbList\",\"@id\":\"https:\/\/vieassociative.be\/actualites\/le-fc-bruges-perd-14-a-latletico-madrid-le-vice-champion-belge-est-plus-qua-egalite-pendant-une-mi-temps\/#breadcrumb\",\"itemListElement\":[{\"@type\":\"ListItem\",\"position\":1,\"name\":\"Accueil\",\"item\":\"https:\/\/vieassociative.be\/actualites\/\"},{\"@type\":\"ListItem\",\"position\":2,\"name\":\"Le FC Bruges perd 1:4 \u00e0 l&rsquo;Atl\u00e9tico Madrid \u2013 le vice-champion belge est plus qu&rsquo;\u00e0 \u00e9galit\u00e9 pendant une mi-temps\"}]},{\"@type\":\"WebSite\",\"@id\":\"https:\/\/vieassociative.be\/actualites\/#website\",\"url\":\"https:\/\/vieassociative.be\/actualites\/\",\"name\":\"Vie Associative\",\"description\":\"\",\"publisher\":{\"@id\":\"https:\/\/vieassociative.be\/actualites\/#organization\"},\"potentialAction\":[{\"@type\":\"SearchAction\",\"target\":{\"@type\":\"EntryPoint\",\"urlTemplate\":\"https:\/\/vieassociative.be\/actualites\/?s={search_term_string}\"},\"query-input\":{\"@type\":\"PropertyValueSpecification\",\"valueRequired\":true,\"valueName\":\"search_term_string\"}}],\"inLanguage\":\"fr-BE\"},{\"@type\":\"Organization\",\"@id\":\"https:\/\/vieassociative.be\/actualites\/#organization\",\"name\":\"Vie Associative\",\"url\":\"https:\/\/vieassociative.be\/actualites\/\",\"logo\":{\"@type\":\"ImageObject\",\"inLanguage\":\"fr-BE\",\"@id\":\"https:\/\/vieassociative.be\/actualites\/#\/schema\/logo\/image\/\",\"url\":\"https:\/\/vieassociative.be\/actualites\/wp-content\/uploads\/2024\/09\/cropped-vieassociative_favicon.ico.png\",\"contentUrl\":\"https:\/\/vieassociative.be\/actualites\/wp-content\/uploads\/2024\/09\/cropped-vieassociative_favicon.ico.png\",\"width\":512,\"height\":512,\"caption\":\"Vie Associative\"},\"image\":{\"@id\":\"https:\/\/vieassociative.be\/actualites\/#\/schema\/logo\/image\/\"}},{\"@type\":\"Person\",\"@id\":\"https:\/\/vieassociative.be\/actualites\/#\/schema\/person\/b87ac4f82f9d4e7b7cec7395b679edc4\",\"name\":\"Julien\",\"image\":{\"@type\":\"ImageObject\",\"inLanguage\":\"fr-BE\",\"@id\":\"https:\/\/vieassociative.be\/actualites\/#\/schema\/person\/image\/\",\"url\":\"https:\/\/vieassociative.be\/actualites\/wp-content\/uploads\/2024\/09\/vie-associative-1-150x150.jpg\",\"contentUrl\":\"https:\/\/vieassociative.be\/actualites\/wp-content\/uploads\/2024\/09\/vie-associative-1-150x150.jpg\",\"caption\":\"Julien\"},\"description\":\"Je suis Julien, r\u00e9dacteur pour Vie Associative. Passionn\u00e9 par le monde associatif depuis plus de 10 ans, j'ai \u00e0 c\u0153ur de partager des histoires inspirantes et de mettre en lumi\u00e8re les initiatives locales. Mon objectif est de sensibiliser et d'encourager l'engagement communautaire \u00e0 travers mes articles.\",\"sameAs\":[\"https:\/\/vieassociative.be\/\"]}]}<\/script>\n<!-- \/ Yoast SEO plugin. -->","yoast_head_json":{"title":"Le FC Bruges perd 1:4 \u00e0 l'Atl\u00e9tico Madrid \u2013 le vice-champion belge est plus qu'\u00e0 \u00e9galit\u00e9 pendant une mi-temps | Vie Associative","robots":{"index":"index","follow":"follow","max-snippet":"max-snippet:-1","max-image-preview":"max-image-preview:large","max-video-preview":"max-video-preview:-1"},"canonical":"https:\/\/vieassociative.be\/actualites\/le-fc-bruges-perd-14-a-latletico-madrid-le-vice-champion-belge-est-plus-qua-egalite-pendant-une-mi-temps\/","og_locale":"fr_FR","og_type":"article","og_title":"Le FC Bruges perd 1:4 \u00e0 l'Atl\u00e9tico Madrid \u2013 le vice-champion belge est plus qu'\u00e0 \u00e9galit\u00e9 pendant une mi-temps | Vie Associative","og_description":"Pour le FC Bruges, l&rsquo;aventure de la Ligue des Champions est termin\u00e9e pour cette saison : le vice-champion belge s&rsquo;est inclin\u00e9 4-1 face \u00e0 l&rsquo;Atl\u00e9tico","og_url":"https:\/\/vieassociative.be\/actualites\/le-fc-bruges-perd-14-a-latletico-madrid-le-vice-champion-belge-est-plus-qua-egalite-pendant-une-mi-temps\/","og_site_name":"Vie Associative","article_published_time":"2026-02-24T22:17:46+00:00","og_image":[{"width":279,"height":92,"url":"https:\/\/vieassociative.be\/actualites\/wp-content\/uploads\/2024\/09\/header_backgroundk-01-e1726694325946.png","type":"image\/png"}],"author":"Julien","twitter_card":"summary_large_image","twitter_misc":{"\u00c9crit par":"Julien","Dur\u00e9e de lecture est.":"3 minutes"},"schema":{"@context":"https:\/\/schema.org","@graph":[{"@type":"Article","@id":"https:\/\/vieassociative.be\/actualites\/le-fc-bruges-perd-14-a-latletico-madrid-le-vice-champion-belge-est-plus-qua-egalite-pendant-une-mi-temps\/#article","isPartOf":{"@id":"https:\/\/vieassociative.be\/actualites\/le-fc-bruges-perd-14-a-latletico-madrid-le-vice-champion-belge-est-plus-qua-egalite-pendant-une-mi-temps\/"},"author":{"name":"Julien","@id":"https:\/\/vieassociative.be\/actualites\/#\/schema\/person\/b87ac4f82f9d4e7b7cec7395b679edc4"},"headline":"Le FC Bruges perd 1:4 \u00e0 l&rsquo;Atl\u00e9tico Madrid \u2013 le vice-champion belge est plus qu&rsquo;\u00e0 \u00e9galit\u00e9 pendant une mi-temps","datePublished":"2026-02-24T22:17:46+00:00","dateModified":"2026-02-24T22:17:46+00:00","mainEntityOfPage":{"@id":"https:\/\/vieassociative.be\/actualites\/le-fc-bruges-perd-14-a-latletico-madrid-le-vice-champion-belge-est-plus-qua-egalite-pendant-une-mi-temps\/"},"wordCount":573,"publisher":{"@id":"https:\/\/vieassociative.be\/actualites\/#organization"},"image":{"@id":"https:\/\/vieassociative.be\/actualites\/le-fc-bruges-perd-14-a-latletico-madrid-le-vice-champion-belge-est-plus-qua-egalite-pendant-une-mi-temps\/#primaryimage"},"thumbnailUrl":"https:\/\/vieassociative.be\/actualites\/wp-content\/uploads\/2026\/02\/1771971467_Le-FC-Bruges-perd-14-a-lAtletico-Madrid-\u2013-le.jpg","keywords":["belge","Bruges","\u00e9galit\u00e9","est","lAtl\u00e9tico","Madrid","mitemps","pendant","perd","qu\u00e0","une","vicechampion"],"articleSection":["Belgique"],"inLanguage":"fr-BE"},{"@type":"WebPage","@id":"https:\/\/vieassociative.be\/actualites\/le-fc-bruges-perd-14-a-latletico-madrid-le-vice-champion-belge-est-plus-qua-egalite-pendant-une-mi-temps\/","url":"https:\/\/vieassociative.be\/actualites\/le-fc-bruges-perd-14-a-latletico-madrid-le-vice-champion-belge-est-plus-qua-egalite-pendant-une-mi-temps\/","name":"Le FC Bruges perd 1:4 \u00e0 l'Atl\u00e9tico Madrid \u2013 le vice-champion belge est plus qu'\u00e0 \u00e9galit\u00e9 pendant une mi-temps | Vie Associative","isPartOf":{"@id":"https:\/\/vieassociative.be\/actualites\/#website"},"primaryImageOfPage":{"@id":"https:\/\/vieassociative.be\/actualites\/le-fc-bruges-perd-14-a-latletico-madrid-le-vice-champion-belge-est-plus-qua-egalite-pendant-une-mi-temps\/#primaryimage"},"image":{"@id":"https:\/\/vieassociative.be\/actualites\/le-fc-bruges-perd-14-a-latletico-madrid-le-vice-champion-belge-est-plus-qua-egalite-pendant-une-mi-temps\/#primaryimage"},"thumbnailUrl":"https:\/\/vieassociative.be\/actualites\/wp-content\/uploads\/2026\/02\/1771971467_Le-FC-Bruges-perd-14-a-lAtletico-Madrid-\u2013-le.jpg","datePublished":"2026-02-24T22:17:46+00:00","dateModified":"2026-02-24T22:17:46+00:00","breadcrumb":{"@id":"https:\/\/vieassociative.be\/actualites\/le-fc-bruges-perd-14-a-latletico-madrid-le-vice-champion-belge-est-plus-qua-egalite-pendant-une-mi-temps\/#breadcrumb"},"inLanguage":"fr-BE","potentialAction":[{"@type":"ReadAction","target":["https:\/\/vieassociative.be\/actualites\/le-fc-bruges-perd-14-a-latletico-madrid-le-vice-champion-belge-est-plus-qua-egalite-pendant-une-mi-temps\/"]}]},{"@type":"ImageObject","inLanguage":"fr-BE","@id":"https:\/\/vieassociative.be\/actualites\/le-fc-bruges-perd-14-a-latletico-madrid-le-vice-champion-belge-est-plus-qua-egalite-pendant-une-mi-temps\/#primaryimage","url":"https:\/\/vieassociative.be\/actualites\/wp-content\/uploads\/2026\/02\/1771971467_Le-FC-Bruges-perd-14-a-lAtletico-Madrid-\u2013-le.jpg","contentUrl":"https:\/\/vieassociative.be\/actualites\/wp-content\/uploads\/2026\/02\/1771971467_Le-FC-Bruges-perd-14-a-lAtletico-Madrid-\u2013-le.jpg","width":1200,"height":801,"caption":"Le FC Bruges perd 1:4 \u00e0 l'Atl\u00e9tico Madrid \u2013 le vice-champion belge est plus qu'\u00e0 \u00e9galit\u00e9 pendant une mi-temps"},{"@type":"BreadcrumbList","@id":"https:\/\/vieassociative.be\/actualites\/le-fc-bruges-perd-14-a-latletico-madrid-le-vice-champion-belge-est-plus-qua-egalite-pendant-une-mi-temps\/#breadcrumb","itemListElement":[{"@type":"ListItem","position":1,"name":"Accueil","item":"https:\/\/vieassociative.be\/actualites\/"},{"@type":"ListItem","position":2,"name":"Le FC Bruges perd 1:4 \u00e0 l&rsquo;Atl\u00e9tico Madrid \u2013 le vice-champion belge est plus qu&rsquo;\u00e0 \u00e9galit\u00e9 pendant une mi-temps"}]},{"@type":"WebSite","@id":"https:\/\/vieassociative.be\/actualites\/#website","url":"https:\/\/vieassociative.be\/actualites\/","name":"Vie Associative","description":"","publisher":{"@id":"https:\/\/vieassociative.be\/actualites\/#organization"},"potentialAction":[{"@type":"SearchAction","target":{"@type":"EntryPoint","urlTemplate":"https:\/\/vieassociative.be\/actualites\/?s={search_term_string}"},"query-input":{"@type":"PropertyValueSpecification","valueRequired":true,"valueName":"search_term_string"}}],"inLanguage":"fr-BE"},{"@type":"Organization","@id":"https:\/\/vieassociative.be\/actualites\/#organization","name":"Vie Associative","url":"https:\/\/vieassociative.be\/actualites\/","logo":{"@type":"ImageObject","inLanguage":"fr-BE","@id":"https:\/\/vieassociative.be\/actualites\/#\/schema\/logo\/image\/","url":"https:\/\/vieassociative.be\/actualites\/wp-content\/uploads\/2024\/09\/cropped-vieassociative_favicon.ico.png","contentUrl":"https:\/\/vieassociative.be\/actualites\/wp-content\/uploads\/2024\/09\/cropped-vieassociative_favicon.ico.png","width":512,"height":512,"caption":"Vie Associative"},"image":{"@id":"https:\/\/vieassociative.be\/actualites\/#\/schema\/logo\/image\/"}},{"@type":"Person","@id":"https:\/\/vieassociative.be\/actualites\/#\/schema\/person\/b87ac4f82f9d4e7b7cec7395b679edc4","name":"Julien","image":{"@type":"ImageObject","inLanguage":"fr-BE","@id":"https:\/\/vieassociative.be\/actualites\/#\/schema\/person\/image\/","url":"https:\/\/vieassociative.be\/actualites\/wp-content\/uploads\/2024\/09\/vie-associative-1-150x150.jpg","contentUrl":"https:\/\/vieassociative.be\/actualites\/wp-content\/uploads\/2024\/09\/vie-associative-1-150x150.jpg","caption":"Julien"},"description":"Je suis Julien, r\u00e9dacteur pour Vie Associative. Passionn\u00e9 par le monde associatif depuis plus de 10 ans, j'ai \u00e0 c\u0153ur de partager des histoires inspirantes et de mettre en lumi\u00e8re les initiatives locales. Mon objectif est de sensibiliser et d'encourager l'engagement communautaire \u00e0 travers mes articles.","sameAs":["https:\/\/vieassociative.be\/"]}]}},"_links":{"self":[{"href":"https:\/\/vieassociative.be\/actualites\/wp-json\/wp\/v2\/posts\/12782"}],"collection":[{"href":"https:\/\/vieassociative.be\/actualites\/wp-json\/wp\/v2\/posts"}],"about":[{"href":"https:\/\/vieassociative.be\/actualites\/wp-json\/wp\/v2\/types\/post"}],"author":[{"embeddable":true,"href":"https:\/\/vieassociative.be\/actualites\/wp-json\/wp\/v2\/users\/1"}],"replies":[{"embeddable":true,"href":"https:\/\/vieassociative.be\/actualites\/wp-json\/wp\/v2\/comments?post=12782"}],"version-history":[{"count":0,"href":"https:\/\/vieassociative.be\/actualites\/wp-json\/wp\/v2\/posts\/12782\/revisions"}],"wp:featuredmedia":[{"embeddable":true,"href":"https:\/\/vieassociative.be\/actualites\/wp-json\/wp\/v2\/media\/12783"}],"wp:attachment":[{"href":"https:\/\/vieassociative.be\/actualites\/wp-json\/wp\/v2\/media?parent=12782"}],"wp:term":[{"taxonomy":"category","embeddable":true,"href":"https:\/\/vieassociative.be\/actualites\/wp-json\/wp\/v2\/categories?post=12782"},{"taxonomy":"post_tag","embeddable":true,"href":"https:\/\/vieassociative.be\/actualites\/wp-json\/wp\/v2\/tags?post=12782"}],"curies":[{"name":"wp","href":"https:\/\/api.w.org\/{rel}","templated":true}]}}