{"id":12780,"date":"2026-02-24T22:17:44","date_gmt":"2026-02-24T21:17:44","guid":{"rendered":"https:\/\/vieassociative.be\/actualites\/blog-en-direct-samsung-unpacked-2026-toutes-les-annonces-du-nouveau-galaxy\/"},"modified":"2026-02-24T22:17:44","modified_gmt":"2026-02-24T21:17:44","slug":"blog-en-direct-samsung-unpacked-2026-toutes-les-annonces-du-nouveau-galaxy","status":"publish","type":"post","link":"https:\/\/vieassociative.be\/actualites\/blog-en-direct-samsung-unpacked-2026-toutes-les-annonces-du-nouveau-galaxy\/","title":{"rendered":"Blog en direct Samsung Unpacked 2026\u00a0: toutes les annonces du nouveau Galaxy"},"content":{"rendered":"<p>Samsung Unpacked 2026 est presque \u00e0 nos portes. Le mercredi 25 f\u00e9vrier, Samsung montera sur sc\u00e8ne \u00e0 San Francisco pour faire des annonces assez importantes sur ses produits et ses fonctionnalit\u00e9s. Cependant, contrairement \u00e0 d\u2019autres grandes entreprises technologiques, Samsung ne fait pas preuve de secret \u00e0 100 %. La soci\u00e9t\u00e9 nous a d\u00e9j\u00e0 dit qu&rsquo;elle d\u00e9voilerait la prochaine s\u00e9rie Galaxy S, et m\u00eame si elle n&rsquo;a pas dit exactement comment elle s&rsquo;appellera, il est assez s\u00fbr de supposer qu&rsquo;il s&rsquo;agira de la s\u00e9rie Galaxy S26. Les rumeurs sugg\u00e8rent que Samsung a \u00e9galement de nombreuses autres mises \u00e0 jour dans sa manche, y compris les nouvelles annonces Galaxy Buds 4 et Galaxy AI.  <\/p>\n<p>Sur la base des fuites et des rumeurs, il semble que la s\u00e9rie S26 sera probablement une petite mise \u00e0 jour d&rsquo;une ann\u00e9e sur l&rsquo;autre de la s\u00e9rie S25, ce qui est largement attendu d&rsquo;un fabricant de smartphones aussi grand que Samsung. Bien qu&rsquo;il n&rsquo;y ait peut-\u00eatre pas trop d&rsquo;incitation \u00e0 mettre \u00e0 jour la s\u00e9rie S25, les utilisateurs d&rsquo;anciens appareils Galaxy, ou de smartphones plus anciens en g\u00e9n\u00e9ral, peuvent trouver les mises \u00e0 niveau du processeur et de l&rsquo;appareil photo int\u00e9ressantes. Il peut \u00e9galement exister des fonctionnalit\u00e9s uniques, telles que l&rsquo;affichage de confidentialit\u00e9, qui peuvent rendre plus difficile la visualisation de votre \u00e9cran par les autres lorsqu&rsquo;ils ne le regardent pas de face. Nous devrons voir exactement quelles rumeurs se concr\u00e9tisent pour en \u00eatre s\u00fbr.  <\/p>\n<p>Cependant, vous n&rsquo;avez pas besoin d&rsquo;\u00eatre assis \u00e0 San Francisco pour suivre toutes les actualit\u00e9s de Samsung. Nous couvrirons l&rsquo;\u00e9v\u00e9nement en direct au fur et \u00e0 mesure, en le publiant sur ce blog en direct tout au long de la journ\u00e9e. Cela signifie que nous rapporterons quand Samsung d\u00e9voilera les Galaxy S26, S26+ et S26 Ultra ; toutes les nouvelles fonctionnalit\u00e9s fournies avec ces appareils\u00a0; et tous les nouveaux accessoires et avanc\u00e9es de l&rsquo;IA que vous pouvez attendre de l&rsquo;\u00e9cosyst\u00e8me Samsung. Pour toutes les derni\u00e8res nouvelles de Samsung Unpacked 2026, continuez \u00e0 consulter ce blog en direct tout au long de mercredi.<\/p>\n","protected":false},"excerpt":{"rendered":"<p>Samsung Unpacked 2026 est presque \u00e0 nos portes. Le mercredi 25 f\u00e9vrier, Samsung montera sur sc\u00e8ne \u00e0 San Francisco pour faire des annonces assez importantes<\/p>\n","protected":false},"author":1,"featured_media":12781,"comment_status":"","ping_status":"","sticky":false,"template":"","format":"standard","meta":{"footnotes":""},"categories":[13],"tags":[5918,7637,3308,4183,14,553,1878,62,10092],"class_list":["post-12780","post","type-post","status-publish","format-standard","has-post-thumbnail","hentry","category-technologie","tag-annonces","tag-blog","tag-direct","tag-galaxy","tag-les","tag-nouveau","tag-samsung","tag-toutes","tag-unpacked","generate-columns","tablet-grid-50","mobile-grid-100","grid-parent","grid-33"],"yoast_head":"<!-- This site is optimized with the Yoast SEO plugin v24.0 - https:\/\/yoast.com\/wordpress\/plugins\/seo\/ -->\n<title>Blog en direct Samsung Unpacked 2026\u00a0: toutes les annonces du nouveau Galaxy | Vie Associative<\/title>\n<meta name=\"robots\" content=\"index, follow, max-snippet:-1, max-image-preview:large, max-video-preview:-1\" \/>\n<link rel=\"canonical\" href=\"https:\/\/vieassociative.be\/actualites\/blog-en-direct-samsung-unpacked-2026-toutes-les-annonces-du-nouveau-galaxy\/\" \/>\n<meta property=\"og:locale\" content=\"fr_FR\" \/>\n<meta property=\"og:type\" content=\"article\" \/>\n<meta property=\"og:title\" content=\"Blog en direct Samsung Unpacked 2026\u00a0: toutes les annonces du nouveau Galaxy | Vie Associative\" \/>\n<meta property=\"og:description\" content=\"Samsung Unpacked 2026 est presque \u00e0 nos portes. Le mercredi 25 f\u00e9vrier, Samsung montera sur sc\u00e8ne \u00e0 San Francisco pour faire des annonces assez importantes\" \/>\n<meta property=\"og:url\" content=\"https:\/\/vieassociative.be\/actualites\/blog-en-direct-samsung-unpacked-2026-toutes-les-annonces-du-nouveau-galaxy\/\" \/>\n<meta property=\"og:site_name\" content=\"Vie Associative\" \/>\n<meta property=\"article:published_time\" content=\"2026-02-24T21:17:44+00:00\" \/>\n<meta property=\"og:image\" content=\"https:\/\/vieassociative.be\/actualites\/wp-content\/uploads\/2024\/09\/header_backgroundk-01-e1726694325946.png\" \/>\n\t<meta property=\"og:image:width\" content=\"279\" \/>\n\t<meta property=\"og:image:height\" content=\"92\" \/>\n\t<meta property=\"og:image:type\" content=\"image\/png\" \/>\n<meta name=\"author\" content=\"Julien\" \/>\n<meta name=\"twitter:card\" content=\"summary_large_image\" \/>\n<meta name=\"twitter:label1\" content=\"\u00c9crit par\" \/>\n\t<meta name=\"twitter:data1\" content=\"Julien\" \/>\n\t<meta name=\"twitter:label2\" content=\"Dur\u00e9e de lecture est.\" \/>\n\t<meta name=\"twitter:data2\" content=\"2 minutes\" \/>\n<script type=\"application\/ld+json\" class=\"yoast-schema-graph\">{\"@context\":\"https:\/\/schema.org\",\"@graph\":[{\"@type\":\"Article\",\"@id\":\"https:\/\/vieassociative.be\/actualites\/blog-en-direct-samsung-unpacked-2026-toutes-les-annonces-du-nouveau-galaxy\/#article\",\"isPartOf\":{\"@id\":\"https:\/\/vieassociative.be\/actualites\/blog-en-direct-samsung-unpacked-2026-toutes-les-annonces-du-nouveau-galaxy\/\"},\"author\":{\"name\":\"Julien\",\"@id\":\"https:\/\/vieassociative.be\/actualites\/#\/schema\/person\/b87ac4f82f9d4e7b7cec7395b679edc4\"},\"headline\":\"Blog en direct Samsung Unpacked 2026\u00a0: toutes les annonces du nouveau Galaxy\",\"datePublished\":\"2026-02-24T21:17:44+00:00\",\"dateModified\":\"2026-02-24T21:17:44+00:00\",\"mainEntityOfPage\":{\"@id\":\"https:\/\/vieassociative.be\/actualites\/blog-en-direct-samsung-unpacked-2026-toutes-les-annonces-du-nouveau-galaxy\/\"},\"wordCount\":383,\"publisher\":{\"@id\":\"https:\/\/vieassociative.be\/actualites\/#organization\"},\"image\":{\"@id\":\"https:\/\/vieassociative.be\/actualites\/blog-en-direct-samsung-unpacked-2026-toutes-les-annonces-du-nouveau-galaxy\/#primaryimage\"},\"thumbnailUrl\":\"https:\/\/vieassociative.be\/actualites\/wp-content\/uploads\/2026\/02\/Blog-en-direct-Samsung-Unpacked-2026-toutes-les-annonces-du.jpg\",\"keywords\":[\"annonces\",\"Blog\",\"direct\",\"Galaxy\",\"Les\",\"nouveau\",\"Samsung\",\"toutes\",\"Unpacked\"],\"articleSection\":[\"Technologie\"],\"inLanguage\":\"fr-BE\"},{\"@type\":\"WebPage\",\"@id\":\"https:\/\/vieassociative.be\/actualites\/blog-en-direct-samsung-unpacked-2026-toutes-les-annonces-du-nouveau-galaxy\/\",\"url\":\"https:\/\/vieassociative.be\/actualites\/blog-en-direct-samsung-unpacked-2026-toutes-les-annonces-du-nouveau-galaxy\/\",\"name\":\"Blog en direct Samsung Unpacked 2026\u00a0: toutes les annonces du nouveau Galaxy | Vie Associative\",\"isPartOf\":{\"@id\":\"https:\/\/vieassociative.be\/actualites\/#website\"},\"primaryImageOfPage\":{\"@id\":\"https:\/\/vieassociative.be\/actualites\/blog-en-direct-samsung-unpacked-2026-toutes-les-annonces-du-nouveau-galaxy\/#primaryimage\"},\"image\":{\"@id\":\"https:\/\/vieassociative.be\/actualites\/blog-en-direct-samsung-unpacked-2026-toutes-les-annonces-du-nouveau-galaxy\/#primaryimage\"},\"thumbnailUrl\":\"https:\/\/vieassociative.be\/actualites\/wp-content\/uploads\/2026\/02\/Blog-en-direct-Samsung-Unpacked-2026-toutes-les-annonces-du.jpg\",\"datePublished\":\"2026-02-24T21:17:44+00:00\",\"dateModified\":\"2026-02-24T21:17:44+00:00\",\"breadcrumb\":{\"@id\":\"https:\/\/vieassociative.be\/actualites\/blog-en-direct-samsung-unpacked-2026-toutes-les-annonces-du-nouveau-galaxy\/#breadcrumb\"},\"inLanguage\":\"fr-BE\",\"potentialAction\":[{\"@type\":\"ReadAction\",\"target\":[\"https:\/\/vieassociative.be\/actualites\/blog-en-direct-samsung-unpacked-2026-toutes-les-annonces-du-nouveau-galaxy\/\"]}]},{\"@type\":\"ImageObject\",\"inLanguage\":\"fr-BE\",\"@id\":\"https:\/\/vieassociative.be\/actualites\/blog-en-direct-samsung-unpacked-2026-toutes-les-annonces-du-nouveau-galaxy\/#primaryimage\",\"url\":\"https:\/\/vieassociative.be\/actualites\/wp-content\/uploads\/2026\/02\/Blog-en-direct-Samsung-Unpacked-2026-toutes-les-annonces-du.jpg\",\"contentUrl\":\"https:\/\/vieassociative.be\/actualites\/wp-content\/uploads\/2026\/02\/Blog-en-direct-Samsung-Unpacked-2026-toutes-les-annonces-du.jpg\",\"width\":1200,\"height\":675,\"caption\":\"Blog en direct Samsung Unpacked 2026\u00a0: toutes les annonces du nouveau Galaxy\"},{\"@type\":\"BreadcrumbList\",\"@id\":\"https:\/\/vieassociative.be\/actualites\/blog-en-direct-samsung-unpacked-2026-toutes-les-annonces-du-nouveau-galaxy\/#breadcrumb\",\"itemListElement\":[{\"@type\":\"ListItem\",\"position\":1,\"name\":\"Accueil\",\"item\":\"https:\/\/vieassociative.be\/actualites\/\"},{\"@type\":\"ListItem\",\"position\":2,\"name\":\"Blog en direct Samsung Unpacked 2026\u00a0: toutes les annonces du nouveau Galaxy\"}]},{\"@type\":\"WebSite\",\"@id\":\"https:\/\/vieassociative.be\/actualites\/#website\",\"url\":\"https:\/\/vieassociative.be\/actualites\/\",\"name\":\"Vie Associative\",\"description\":\"\",\"publisher\":{\"@id\":\"https:\/\/vieassociative.be\/actualites\/#organization\"},\"potentialAction\":[{\"@type\":\"SearchAction\",\"target\":{\"@type\":\"EntryPoint\",\"urlTemplate\":\"https:\/\/vieassociative.be\/actualites\/?s={search_term_string}\"},\"query-input\":{\"@type\":\"PropertyValueSpecification\",\"valueRequired\":true,\"valueName\":\"search_term_string\"}}],\"inLanguage\":\"fr-BE\"},{\"@type\":\"Organization\",\"@id\":\"https:\/\/vieassociative.be\/actualites\/#organization\",\"name\":\"Vie Associative\",\"url\":\"https:\/\/vieassociative.be\/actualites\/\",\"logo\":{\"@type\":\"ImageObject\",\"inLanguage\":\"fr-BE\",\"@id\":\"https:\/\/vieassociative.be\/actualites\/#\/schema\/logo\/image\/\",\"url\":\"https:\/\/vieassociative.be\/actualites\/wp-content\/uploads\/2024\/09\/cropped-vieassociative_favicon.ico.png\",\"contentUrl\":\"https:\/\/vieassociative.be\/actualites\/wp-content\/uploads\/2024\/09\/cropped-vieassociative_favicon.ico.png\",\"width\":512,\"height\":512,\"caption\":\"Vie Associative\"},\"image\":{\"@id\":\"https:\/\/vieassociative.be\/actualites\/#\/schema\/logo\/image\/\"}},{\"@type\":\"Person\",\"@id\":\"https:\/\/vieassociative.be\/actualites\/#\/schema\/person\/b87ac4f82f9d4e7b7cec7395b679edc4\",\"name\":\"Julien\",\"image\":{\"@type\":\"ImageObject\",\"inLanguage\":\"fr-BE\",\"@id\":\"https:\/\/vieassociative.be\/actualites\/#\/schema\/person\/image\/\",\"url\":\"https:\/\/vieassociative.be\/actualites\/wp-content\/uploads\/2024\/09\/vie-associative-1-150x150.jpg\",\"contentUrl\":\"https:\/\/vieassociative.be\/actualites\/wp-content\/uploads\/2024\/09\/vie-associative-1-150x150.jpg\",\"caption\":\"Julien\"},\"description\":\"Je suis Julien, r\u00e9dacteur pour Vie Associative. Passionn\u00e9 par le monde associatif depuis plus de 10 ans, j'ai \u00e0 c\u0153ur de partager des histoires inspirantes et de mettre en lumi\u00e8re les initiatives locales. Mon objectif est de sensibiliser et d'encourager l'engagement communautaire \u00e0 travers mes articles.\",\"sameAs\":[\"https:\/\/vieassociative.be\/\"]}]}<\/script>\n<!-- \/ Yoast SEO plugin. -->","yoast_head_json":{"title":"Blog en direct Samsung Unpacked 2026\u00a0: toutes les annonces du nouveau Galaxy | Vie Associative","robots":{"index":"index","follow":"follow","max-snippet":"max-snippet:-1","max-image-preview":"max-image-preview:large","max-video-preview":"max-video-preview:-1"},"canonical":"https:\/\/vieassociative.be\/actualites\/blog-en-direct-samsung-unpacked-2026-toutes-les-annonces-du-nouveau-galaxy\/","og_locale":"fr_FR","og_type":"article","og_title":"Blog en direct Samsung Unpacked 2026\u00a0: toutes les annonces du nouveau Galaxy | Vie Associative","og_description":"Samsung Unpacked 2026 est presque \u00e0 nos portes. Le mercredi 25 f\u00e9vrier, Samsung montera sur sc\u00e8ne \u00e0 San Francisco pour faire des annonces assez importantes","og_url":"https:\/\/vieassociative.be\/actualites\/blog-en-direct-samsung-unpacked-2026-toutes-les-annonces-du-nouveau-galaxy\/","og_site_name":"Vie Associative","article_published_time":"2026-02-24T21:17:44+00:00","og_image":[{"width":279,"height":92,"url":"https:\/\/vieassociative.be\/actualites\/wp-content\/uploads\/2024\/09\/header_backgroundk-01-e1726694325946.png","type":"image\/png"}],"author":"Julien","twitter_card":"summary_large_image","twitter_misc":{"\u00c9crit par":"Julien","Dur\u00e9e de lecture est.":"2 minutes"},"schema":{"@context":"https:\/\/schema.org","@graph":[{"@type":"Article","@id":"https:\/\/vieassociative.be\/actualites\/blog-en-direct-samsung-unpacked-2026-toutes-les-annonces-du-nouveau-galaxy\/#article","isPartOf":{"@id":"https:\/\/vieassociative.be\/actualites\/blog-en-direct-samsung-unpacked-2026-toutes-les-annonces-du-nouveau-galaxy\/"},"author":{"name":"Julien","@id":"https:\/\/vieassociative.be\/actualites\/#\/schema\/person\/b87ac4f82f9d4e7b7cec7395b679edc4"},"headline":"Blog en direct Samsung Unpacked 2026\u00a0: toutes les annonces du nouveau Galaxy","datePublished":"2026-02-24T21:17:44+00:00","dateModified":"2026-02-24T21:17:44+00:00","mainEntityOfPage":{"@id":"https:\/\/vieassociative.be\/actualites\/blog-en-direct-samsung-unpacked-2026-toutes-les-annonces-du-nouveau-galaxy\/"},"wordCount":383,"publisher":{"@id":"https:\/\/vieassociative.be\/actualites\/#organization"},"image":{"@id":"https:\/\/vieassociative.be\/actualites\/blog-en-direct-samsung-unpacked-2026-toutes-les-annonces-du-nouveau-galaxy\/#primaryimage"},"thumbnailUrl":"https:\/\/vieassociative.be\/actualites\/wp-content\/uploads\/2026\/02\/Blog-en-direct-Samsung-Unpacked-2026-toutes-les-annonces-du.jpg","keywords":["annonces","Blog","direct","Galaxy","Les","nouveau","Samsung","toutes","Unpacked"],"articleSection":["Technologie"],"inLanguage":"fr-BE"},{"@type":"WebPage","@id":"https:\/\/vieassociative.be\/actualites\/blog-en-direct-samsung-unpacked-2026-toutes-les-annonces-du-nouveau-galaxy\/","url":"https:\/\/vieassociative.be\/actualites\/blog-en-direct-samsung-unpacked-2026-toutes-les-annonces-du-nouveau-galaxy\/","name":"Blog en direct Samsung Unpacked 2026\u00a0: toutes les annonces du nouveau Galaxy | Vie Associative","isPartOf":{"@id":"https:\/\/vieassociative.be\/actualites\/#website"},"primaryImageOfPage":{"@id":"https:\/\/vieassociative.be\/actualites\/blog-en-direct-samsung-unpacked-2026-toutes-les-annonces-du-nouveau-galaxy\/#primaryimage"},"image":{"@id":"https:\/\/vieassociative.be\/actualites\/blog-en-direct-samsung-unpacked-2026-toutes-les-annonces-du-nouveau-galaxy\/#primaryimage"},"thumbnailUrl":"https:\/\/vieassociative.be\/actualites\/wp-content\/uploads\/2026\/02\/Blog-en-direct-Samsung-Unpacked-2026-toutes-les-annonces-du.jpg","datePublished":"2026-02-24T21:17:44+00:00","dateModified":"2026-02-24T21:17:44+00:00","breadcrumb":{"@id":"https:\/\/vieassociative.be\/actualites\/blog-en-direct-samsung-unpacked-2026-toutes-les-annonces-du-nouveau-galaxy\/#breadcrumb"},"inLanguage":"fr-BE","potentialAction":[{"@type":"ReadAction","target":["https:\/\/vieassociative.be\/actualites\/blog-en-direct-samsung-unpacked-2026-toutes-les-annonces-du-nouveau-galaxy\/"]}]},{"@type":"ImageObject","inLanguage":"fr-BE","@id":"https:\/\/vieassociative.be\/actualites\/blog-en-direct-samsung-unpacked-2026-toutes-les-annonces-du-nouveau-galaxy\/#primaryimage","url":"https:\/\/vieassociative.be\/actualites\/wp-content\/uploads\/2026\/02\/Blog-en-direct-Samsung-Unpacked-2026-toutes-les-annonces-du.jpg","contentUrl":"https:\/\/vieassociative.be\/actualites\/wp-content\/uploads\/2026\/02\/Blog-en-direct-Samsung-Unpacked-2026-toutes-les-annonces-du.jpg","width":1200,"height":675,"caption":"Blog en direct Samsung Unpacked 2026\u00a0: toutes les annonces du nouveau Galaxy"},{"@type":"BreadcrumbList","@id":"https:\/\/vieassociative.be\/actualites\/blog-en-direct-samsung-unpacked-2026-toutes-les-annonces-du-nouveau-galaxy\/#breadcrumb","itemListElement":[{"@type":"ListItem","position":1,"name":"Accueil","item":"https:\/\/vieassociative.be\/actualites\/"},{"@type":"ListItem","position":2,"name":"Blog en direct Samsung Unpacked 2026\u00a0: toutes les annonces du nouveau Galaxy"}]},{"@type":"WebSite","@id":"https:\/\/vieassociative.be\/actualites\/#website","url":"https:\/\/vieassociative.be\/actualites\/","name":"Vie Associative","description":"","publisher":{"@id":"https:\/\/vieassociative.be\/actualites\/#organization"},"potentialAction":[{"@type":"SearchAction","target":{"@type":"EntryPoint","urlTemplate":"https:\/\/vieassociative.be\/actualites\/?s={search_term_string}"},"query-input":{"@type":"PropertyValueSpecification","valueRequired":true,"valueName":"search_term_string"}}],"inLanguage":"fr-BE"},{"@type":"Organization","@id":"https:\/\/vieassociative.be\/actualites\/#organization","name":"Vie Associative","url":"https:\/\/vieassociative.be\/actualites\/","logo":{"@type":"ImageObject","inLanguage":"fr-BE","@id":"https:\/\/vieassociative.be\/actualites\/#\/schema\/logo\/image\/","url":"https:\/\/vieassociative.be\/actualites\/wp-content\/uploads\/2024\/09\/cropped-vieassociative_favicon.ico.png","contentUrl":"https:\/\/vieassociative.be\/actualites\/wp-content\/uploads\/2024\/09\/cropped-vieassociative_favicon.ico.png","width":512,"height":512,"caption":"Vie Associative"},"image":{"@id":"https:\/\/vieassociative.be\/actualites\/#\/schema\/logo\/image\/"}},{"@type":"Person","@id":"https:\/\/vieassociative.be\/actualites\/#\/schema\/person\/b87ac4f82f9d4e7b7cec7395b679edc4","name":"Julien","image":{"@type":"ImageObject","inLanguage":"fr-BE","@id":"https:\/\/vieassociative.be\/actualites\/#\/schema\/person\/image\/","url":"https:\/\/vieassociative.be\/actualites\/wp-content\/uploads\/2024\/09\/vie-associative-1-150x150.jpg","contentUrl":"https:\/\/vieassociative.be\/actualites\/wp-content\/uploads\/2024\/09\/vie-associative-1-150x150.jpg","caption":"Julien"},"description":"Je suis Julien, r\u00e9dacteur pour Vie Associative. Passionn\u00e9 par le monde associatif depuis plus de 10 ans, j'ai \u00e0 c\u0153ur de partager des histoires inspirantes et de mettre en lumi\u00e8re les initiatives locales. Mon objectif est de sensibiliser et d'encourager l'engagement communautaire \u00e0 travers mes articles.","sameAs":["https:\/\/vieassociative.be\/"]}]}},"_links":{"self":[{"href":"https:\/\/vieassociative.be\/actualites\/wp-json\/wp\/v2\/posts\/12780"}],"collection":[{"href":"https:\/\/vieassociative.be\/actualites\/wp-json\/wp\/v2\/posts"}],"about":[{"href":"https:\/\/vieassociative.be\/actualites\/wp-json\/wp\/v2\/types\/post"}],"author":[{"embeddable":true,"href":"https:\/\/vieassociative.be\/actualites\/wp-json\/wp\/v2\/users\/1"}],"replies":[{"embeddable":true,"href":"https:\/\/vieassociative.be\/actualites\/wp-json\/wp\/v2\/comments?post=12780"}],"version-history":[{"count":0,"href":"https:\/\/vieassociative.be\/actualites\/wp-json\/wp\/v2\/posts\/12780\/revisions"}],"wp:featuredmedia":[{"embeddable":true,"href":"https:\/\/vieassociative.be\/actualites\/wp-json\/wp\/v2\/media\/12781"}],"wp:attachment":[{"href":"https:\/\/vieassociative.be\/actualites\/wp-json\/wp\/v2\/media?parent=12780"}],"wp:term":[{"taxonomy":"category","embeddable":true,"href":"https:\/\/vieassociative.be\/actualites\/wp-json\/wp\/v2\/categories?post=12780"},{"taxonomy":"post_tag","embeddable":true,"href":"https:\/\/vieassociative.be\/actualites\/wp-json\/wp\/v2\/tags?post=12780"}],"curies":[{"name":"wp","href":"https:\/\/api.w.org\/{rel}","templated":true}]}}