{"id":12778,"date":"2026-02-24T17:17:18","date_gmt":"2026-02-24T16:17:18","guid":{"rendered":"https:\/\/vieassociative.be\/actualites\/des-images-pedopornographiques-decouvertes-au-domicile-de-dutroux\/"},"modified":"2026-02-24T17:17:18","modified_gmt":"2026-02-24T16:17:18","slug":"des-images-pedopornographiques-decouvertes-au-domicile-de-dutroux","status":"publish","type":"post","link":"https:\/\/vieassociative.be\/actualites\/des-images-pedopornographiques-decouvertes-au-domicile-de-dutroux\/","title":{"rendered":"Des images p\u00e9dopornographiques d\u00e9couvertes au domicile de Dutroux"},"content":{"rendered":"<p><strong>Dans le cadre de l&rsquo;affaire du meurtrier d&rsquo;enfants Marc Dutroux, des informations ont fait \u00e9tat de la d\u00e9couverte de nombreux fichiers p\u00e9dopornographiques sur un t\u00e9l\u00e9phone portable en sa possession.<\/strong><\/p>\n<p><span id=\"more-437194\"><\/span>Dutroux, condamn\u00e9 \u00e0 la prison \u00e0 vie en 2004 pour l&rsquo;enl\u00e8vement, les abus sexuels et le meurtre de plusieurs jeunes filles, est consid\u00e9r\u00e9 comme l&rsquo;un des criminels les plus notoires de l&rsquo;histoire belge. Les nouvelles all\u00e9gations suscitent d\u00e9sormais une nouvelle consternation et soul\u00e8vent des questions sur la s\u00e9curit\u00e9 et le contr\u00f4le au sein du syst\u00e8me p\u00e9nitentiaire belge.<\/p>\n<div id=\"attachment_166822\" class=\"wp-caption alignleft\" style=\"max-width: 300px\"><img fetchpriority=\"high\" decoding=\"async\" class=\"wp-image-166822 size-medium\" src=\"https:\/\/vieassociative.be\/actualites\/wp-content\/uploads\/2026\/02\/Des-images-pedopornographiques-decouvertes-au-domicile-de-Dutroux.jpeg\" alt=\"\" width=\"300\" height=\"201\"  ><\/div>\n<p>Selon les informations pertinentes, des centaines d&rsquo;images montrant des abus sexuels sur des mineurs ont \u00e9t\u00e9 d\u00e9couvertes sur un t\u00e9l\u00e9phone portable que Dutroux aurait poss\u00e9d\u00e9 malgr\u00e9 son emprisonnement. La possession d\u2019un tel appareil en prison constituerait en soi une violation grave des conditions carc\u00e9rales. Mais ce qui est encore plus grave, c&rsquo;est le contenu qui y \u00e9tait vraisemblablement stock\u00e9. Les autorit\u00e9s comp\u00e9tentes ont ouvert une enqu\u00eate pour savoir comment Dutroux a pu acc\u00e9der \u00e0 un t\u00e9l\u00e9phone portable et s&rsquo;il peut y avoir eu des complices ou des manquements au sein du syst\u00e8me p\u00e9nitentiaire.<\/p>\n<div id=\"attachment_166821\" class=\"wp-caption alignleft\" style=\"max-width: 300px\"><img decoding=\"async\" class=\"wp-image-166821 size-medium\" src=\"https:\/\/vieassociative.be\/actualites\/wp-content\/uploads\/2026\/02\/1771949838_808_Des-images-pedopornographiques-decouvertes-au-domicile-de-Dutroux.jpeg\" alt=\"\" width=\"300\" height=\"200\"  ><\/div>\n<p>Jean-Denis Lejeune, le p\u00e8re de Julie Lejeune, l&rsquo;une des filles kidnapp\u00e9es et assassin\u00e9es par Dutroux, a \u00e9t\u00e9 particuli\u00e8rement choqu\u00e9. Lejeune, qui milite depuis des d\u00e9cennies en faveur des droits des victimes et des r\u00e9formes du syst\u00e8me judiciaire, a exprim\u00e9 son horreur qu&rsquo;un criminel condamn\u00e9 \u00e0 la prison \u00e0 vie semble avoir eu acc\u00e8s \u00e0 un appareil de communication. Il s&rsquo;est publiquement interrog\u00e9 sur la possibilit\u00e9 d&rsquo;un tel \u00e9chec s\u00e9curitaire, d&rsquo;autant plus que, selon lui, seuls l&rsquo;avocat de Dutroux ou le personnel p\u00e9nitentiaire avaient acc\u00e8s \u00e0 sa cellule. Lejeune a appel\u00e9 \u00e0 des informations compl\u00e8tes et \u00e0 des enqu\u00eates transparentes pour clarifier les \u00e9ventuelles responsabilit\u00e9s.<\/p>\n<p>Les autorit\u00e9s judiciaires belges sont d\u00e9sormais sous pression pour clarifier pleinement les circonstances. L&rsquo;affaire affecte non seulement la s\u00e9curit\u00e9 dans les prisons, mais rouvre \u00e9galement de vieilles blessures dans la soci\u00e9t\u00e9 belge. Les crimes de Dutroux ont d\u00e9clench\u00e9 des protestations \u00e0 l&rsquo;\u00e9chelle nationale dans les ann\u00e9es 1990 et entra\u00een\u00e9 des r\u00e9formes en profondeur de l&rsquo;appareil judiciaire et policier. Les \u00e9volutions actuelles pourraient une fois de plus \u00e9branler la confiance dans les m\u00e9canismes de contr\u00f4le existants. (cr\u00e9er)<\/p>\n","protected":false},"excerpt":{"rendered":"<p>Dans le cadre de l&rsquo;affaire du meurtrier d&rsquo;enfants Marc Dutroux, des informations ont fait \u00e9tat de la d\u00e9couverte de nombreux fichiers p\u00e9dopornographiques sur un t\u00e9l\u00e9phone<\/p>\n","protected":false},"author":1,"featured_media":12779,"comment_status":"","ping_status":"","sticky":false,"template":"","format":"standard","meta":{"footnotes":""},"categories":[298],"tags":[4175,29,2351,10096,4526,10095],"class_list":["post-12778","post","type-post","status-publish","format-standard","has-post-thumbnail","hentry","category-belgique","tag-decouvertes","tag-des","tag-domicile","tag-dutroux","tag-images","tag-pedopornographiques","generate-columns","tablet-grid-50","mobile-grid-100","grid-parent","grid-33"],"yoast_head":"<!-- This site is optimized with the Yoast SEO plugin v24.0 - https:\/\/yoast.com\/wordpress\/plugins\/seo\/ -->\n<title>Des images p\u00e9dopornographiques d\u00e9couvertes au domicile de Dutroux | Vie Associative<\/title>\n<meta name=\"robots\" content=\"index, follow, max-snippet:-1, max-image-preview:large, max-video-preview:-1\" \/>\n<link rel=\"canonical\" href=\"https:\/\/vieassociative.be\/actualites\/des-images-pedopornographiques-decouvertes-au-domicile-de-dutroux\/\" \/>\n<meta property=\"og:locale\" content=\"fr_FR\" \/>\n<meta property=\"og:type\" content=\"article\" \/>\n<meta property=\"og:title\" content=\"Des images p\u00e9dopornographiques d\u00e9couvertes au domicile de Dutroux | Vie Associative\" \/>\n<meta property=\"og:description\" content=\"Dans le cadre de l&rsquo;affaire du meurtrier d&rsquo;enfants Marc Dutroux, des informations ont fait \u00e9tat de la d\u00e9couverte de nombreux fichiers p\u00e9dopornographiques sur un t\u00e9l\u00e9phone\" \/>\n<meta property=\"og:url\" content=\"https:\/\/vieassociative.be\/actualites\/des-images-pedopornographiques-decouvertes-au-domicile-de-dutroux\/\" \/>\n<meta property=\"og:site_name\" content=\"Vie Associative\" \/>\n<meta property=\"article:published_time\" content=\"2026-02-24T16:17:18+00:00\" \/>\n<meta property=\"og:image\" content=\"https:\/\/vieassociative.be\/actualites\/wp-content\/uploads\/2024\/09\/header_backgroundk-01-e1726694325946.png\" \/>\n\t<meta property=\"og:image:width\" content=\"279\" \/>\n\t<meta property=\"og:image:height\" content=\"92\" \/>\n\t<meta property=\"og:image:type\" content=\"image\/png\" \/>\n<meta name=\"author\" content=\"Julien\" \/>\n<meta name=\"twitter:card\" content=\"summary_large_image\" \/>\n<meta name=\"twitter:label1\" content=\"\u00c9crit par\" \/>\n\t<meta name=\"twitter:data1\" content=\"Julien\" \/>\n\t<meta name=\"twitter:label2\" content=\"Dur\u00e9e de lecture est.\" \/>\n\t<meta name=\"twitter:data2\" content=\"2 minutes\" \/>\n<script type=\"application\/ld+json\" class=\"yoast-schema-graph\">{\"@context\":\"https:\/\/schema.org\",\"@graph\":[{\"@type\":\"Article\",\"@id\":\"https:\/\/vieassociative.be\/actualites\/des-images-pedopornographiques-decouvertes-au-domicile-de-dutroux\/#article\",\"isPartOf\":{\"@id\":\"https:\/\/vieassociative.be\/actualites\/des-images-pedopornographiques-decouvertes-au-domicile-de-dutroux\/\"},\"author\":{\"name\":\"Julien\",\"@id\":\"https:\/\/vieassociative.be\/actualites\/#\/schema\/person\/b87ac4f82f9d4e7b7cec7395b679edc4\"},\"headline\":\"Des images p\u00e9dopornographiques d\u00e9couvertes au domicile de Dutroux\",\"datePublished\":\"2026-02-24T16:17:18+00:00\",\"dateModified\":\"2026-02-24T16:17:18+00:00\",\"mainEntityOfPage\":{\"@id\":\"https:\/\/vieassociative.be\/actualites\/des-images-pedopornographiques-decouvertes-au-domicile-de-dutroux\/\"},\"wordCount\":426,\"publisher\":{\"@id\":\"https:\/\/vieassociative.be\/actualites\/#organization\"},\"image\":{\"@id\":\"https:\/\/vieassociative.be\/actualites\/des-images-pedopornographiques-decouvertes-au-domicile-de-dutroux\/#primaryimage\"},\"thumbnailUrl\":\"https:\/\/vieassociative.be\/actualites\/wp-content\/uploads\/2026\/02\/Des-images-pedopornographiques-decouvertes-au-domicile-de-Dutroux.jpg\",\"keywords\":[\"d\u00e9couvertes\",\"Des\",\"domicile\",\"Dutroux\",\"images\",\"p\u00e9dopornographiques\"],\"articleSection\":[\"Belgique\"],\"inLanguage\":\"fr-BE\"},{\"@type\":\"WebPage\",\"@id\":\"https:\/\/vieassociative.be\/actualites\/des-images-pedopornographiques-decouvertes-au-domicile-de-dutroux\/\",\"url\":\"https:\/\/vieassociative.be\/actualites\/des-images-pedopornographiques-decouvertes-au-domicile-de-dutroux\/\",\"name\":\"Des images p\u00e9dopornographiques d\u00e9couvertes au domicile de Dutroux | Vie Associative\",\"isPartOf\":{\"@id\":\"https:\/\/vieassociative.be\/actualites\/#website\"},\"primaryImageOfPage\":{\"@id\":\"https:\/\/vieassociative.be\/actualites\/des-images-pedopornographiques-decouvertes-au-domicile-de-dutroux\/#primaryimage\"},\"image\":{\"@id\":\"https:\/\/vieassociative.be\/actualites\/des-images-pedopornographiques-decouvertes-au-domicile-de-dutroux\/#primaryimage\"},\"thumbnailUrl\":\"https:\/\/vieassociative.be\/actualites\/wp-content\/uploads\/2026\/02\/Des-images-pedopornographiques-decouvertes-au-domicile-de-Dutroux.jpg\",\"datePublished\":\"2026-02-24T16:17:18+00:00\",\"dateModified\":\"2026-02-24T16:17:18+00:00\",\"breadcrumb\":{\"@id\":\"https:\/\/vieassociative.be\/actualites\/des-images-pedopornographiques-decouvertes-au-domicile-de-dutroux\/#breadcrumb\"},\"inLanguage\":\"fr-BE\",\"potentialAction\":[{\"@type\":\"ReadAction\",\"target\":[\"https:\/\/vieassociative.be\/actualites\/des-images-pedopornographiques-decouvertes-au-domicile-de-dutroux\/\"]}]},{\"@type\":\"ImageObject\",\"inLanguage\":\"fr-BE\",\"@id\":\"https:\/\/vieassociative.be\/actualites\/des-images-pedopornographiques-decouvertes-au-domicile-de-dutroux\/#primaryimage\",\"url\":\"https:\/\/vieassociative.be\/actualites\/wp-content\/uploads\/2026\/02\/Des-images-pedopornographiques-decouvertes-au-domicile-de-Dutroux.jpg\",\"contentUrl\":\"https:\/\/vieassociative.be\/actualites\/wp-content\/uploads\/2026\/02\/Des-images-pedopornographiques-decouvertes-au-domicile-de-Dutroux.jpg\",\"width\":1200,\"height\":720,\"caption\":\"Des images p\u00e9dopornographiques d\u00e9couvertes au domicile de Dutroux\"},{\"@type\":\"BreadcrumbList\",\"@id\":\"https:\/\/vieassociative.be\/actualites\/des-images-pedopornographiques-decouvertes-au-domicile-de-dutroux\/#breadcrumb\",\"itemListElement\":[{\"@type\":\"ListItem\",\"position\":1,\"name\":\"Accueil\",\"item\":\"https:\/\/vieassociative.be\/actualites\/\"},{\"@type\":\"ListItem\",\"position\":2,\"name\":\"Des images p\u00e9dopornographiques d\u00e9couvertes au domicile de Dutroux\"}]},{\"@type\":\"WebSite\",\"@id\":\"https:\/\/vieassociative.be\/actualites\/#website\",\"url\":\"https:\/\/vieassociative.be\/actualites\/\",\"name\":\"Vie Associative\",\"description\":\"\",\"publisher\":{\"@id\":\"https:\/\/vieassociative.be\/actualites\/#organization\"},\"potentialAction\":[{\"@type\":\"SearchAction\",\"target\":{\"@type\":\"EntryPoint\",\"urlTemplate\":\"https:\/\/vieassociative.be\/actualites\/?s={search_term_string}\"},\"query-input\":{\"@type\":\"PropertyValueSpecification\",\"valueRequired\":true,\"valueName\":\"search_term_string\"}}],\"inLanguage\":\"fr-BE\"},{\"@type\":\"Organization\",\"@id\":\"https:\/\/vieassociative.be\/actualites\/#organization\",\"name\":\"Vie Associative\",\"url\":\"https:\/\/vieassociative.be\/actualites\/\",\"logo\":{\"@type\":\"ImageObject\",\"inLanguage\":\"fr-BE\",\"@id\":\"https:\/\/vieassociative.be\/actualites\/#\/schema\/logo\/image\/\",\"url\":\"https:\/\/vieassociative.be\/actualites\/wp-content\/uploads\/2024\/09\/cropped-vieassociative_favicon.ico.png\",\"contentUrl\":\"https:\/\/vieassociative.be\/actualites\/wp-content\/uploads\/2024\/09\/cropped-vieassociative_favicon.ico.png\",\"width\":512,\"height\":512,\"caption\":\"Vie Associative\"},\"image\":{\"@id\":\"https:\/\/vieassociative.be\/actualites\/#\/schema\/logo\/image\/\"}},{\"@type\":\"Person\",\"@id\":\"https:\/\/vieassociative.be\/actualites\/#\/schema\/person\/b87ac4f82f9d4e7b7cec7395b679edc4\",\"name\":\"Julien\",\"image\":{\"@type\":\"ImageObject\",\"inLanguage\":\"fr-BE\",\"@id\":\"https:\/\/vieassociative.be\/actualites\/#\/schema\/person\/image\/\",\"url\":\"https:\/\/vieassociative.be\/actualites\/wp-content\/uploads\/2024\/09\/vie-associative-1-150x150.jpg\",\"contentUrl\":\"https:\/\/vieassociative.be\/actualites\/wp-content\/uploads\/2024\/09\/vie-associative-1-150x150.jpg\",\"caption\":\"Julien\"},\"description\":\"Je suis Julien, r\u00e9dacteur pour Vie Associative. Passionn\u00e9 par le monde associatif depuis plus de 10 ans, j'ai \u00e0 c\u0153ur de partager des histoires inspirantes et de mettre en lumi\u00e8re les initiatives locales. Mon objectif est de sensibiliser et d'encourager l'engagement communautaire \u00e0 travers mes articles.\",\"sameAs\":[\"https:\/\/vieassociative.be\/\"]}]}<\/script>\n<!-- \/ Yoast SEO plugin. -->","yoast_head_json":{"title":"Des images p\u00e9dopornographiques d\u00e9couvertes au domicile de Dutroux | Vie Associative","robots":{"index":"index","follow":"follow","max-snippet":"max-snippet:-1","max-image-preview":"max-image-preview:large","max-video-preview":"max-video-preview:-1"},"canonical":"https:\/\/vieassociative.be\/actualites\/des-images-pedopornographiques-decouvertes-au-domicile-de-dutroux\/","og_locale":"fr_FR","og_type":"article","og_title":"Des images p\u00e9dopornographiques d\u00e9couvertes au domicile de Dutroux | Vie Associative","og_description":"Dans le cadre de l&rsquo;affaire du meurtrier d&rsquo;enfants Marc Dutroux, des informations ont fait \u00e9tat de la d\u00e9couverte de nombreux fichiers p\u00e9dopornographiques sur un t\u00e9l\u00e9phone","og_url":"https:\/\/vieassociative.be\/actualites\/des-images-pedopornographiques-decouvertes-au-domicile-de-dutroux\/","og_site_name":"Vie Associative","article_published_time":"2026-02-24T16:17:18+00:00","og_image":[{"width":279,"height":92,"url":"https:\/\/vieassociative.be\/actualites\/wp-content\/uploads\/2024\/09\/header_backgroundk-01-e1726694325946.png","type":"image\/png"}],"author":"Julien","twitter_card":"summary_large_image","twitter_misc":{"\u00c9crit par":"Julien","Dur\u00e9e de lecture est.":"2 minutes"},"schema":{"@context":"https:\/\/schema.org","@graph":[{"@type":"Article","@id":"https:\/\/vieassociative.be\/actualites\/des-images-pedopornographiques-decouvertes-au-domicile-de-dutroux\/#article","isPartOf":{"@id":"https:\/\/vieassociative.be\/actualites\/des-images-pedopornographiques-decouvertes-au-domicile-de-dutroux\/"},"author":{"name":"Julien","@id":"https:\/\/vieassociative.be\/actualites\/#\/schema\/person\/b87ac4f82f9d4e7b7cec7395b679edc4"},"headline":"Des images p\u00e9dopornographiques d\u00e9couvertes au domicile de Dutroux","datePublished":"2026-02-24T16:17:18+00:00","dateModified":"2026-02-24T16:17:18+00:00","mainEntityOfPage":{"@id":"https:\/\/vieassociative.be\/actualites\/des-images-pedopornographiques-decouvertes-au-domicile-de-dutroux\/"},"wordCount":426,"publisher":{"@id":"https:\/\/vieassociative.be\/actualites\/#organization"},"image":{"@id":"https:\/\/vieassociative.be\/actualites\/des-images-pedopornographiques-decouvertes-au-domicile-de-dutroux\/#primaryimage"},"thumbnailUrl":"https:\/\/vieassociative.be\/actualites\/wp-content\/uploads\/2026\/02\/Des-images-pedopornographiques-decouvertes-au-domicile-de-Dutroux.jpg","keywords":["d\u00e9couvertes","Des","domicile","Dutroux","images","p\u00e9dopornographiques"],"articleSection":["Belgique"],"inLanguage":"fr-BE"},{"@type":"WebPage","@id":"https:\/\/vieassociative.be\/actualites\/des-images-pedopornographiques-decouvertes-au-domicile-de-dutroux\/","url":"https:\/\/vieassociative.be\/actualites\/des-images-pedopornographiques-decouvertes-au-domicile-de-dutroux\/","name":"Des images p\u00e9dopornographiques d\u00e9couvertes au domicile de Dutroux | Vie Associative","isPartOf":{"@id":"https:\/\/vieassociative.be\/actualites\/#website"},"primaryImageOfPage":{"@id":"https:\/\/vieassociative.be\/actualites\/des-images-pedopornographiques-decouvertes-au-domicile-de-dutroux\/#primaryimage"},"image":{"@id":"https:\/\/vieassociative.be\/actualites\/des-images-pedopornographiques-decouvertes-au-domicile-de-dutroux\/#primaryimage"},"thumbnailUrl":"https:\/\/vieassociative.be\/actualites\/wp-content\/uploads\/2026\/02\/Des-images-pedopornographiques-decouvertes-au-domicile-de-Dutroux.jpg","datePublished":"2026-02-24T16:17:18+00:00","dateModified":"2026-02-24T16:17:18+00:00","breadcrumb":{"@id":"https:\/\/vieassociative.be\/actualites\/des-images-pedopornographiques-decouvertes-au-domicile-de-dutroux\/#breadcrumb"},"inLanguage":"fr-BE","potentialAction":[{"@type":"ReadAction","target":["https:\/\/vieassociative.be\/actualites\/des-images-pedopornographiques-decouvertes-au-domicile-de-dutroux\/"]}]},{"@type":"ImageObject","inLanguage":"fr-BE","@id":"https:\/\/vieassociative.be\/actualites\/des-images-pedopornographiques-decouvertes-au-domicile-de-dutroux\/#primaryimage","url":"https:\/\/vieassociative.be\/actualites\/wp-content\/uploads\/2026\/02\/Des-images-pedopornographiques-decouvertes-au-domicile-de-Dutroux.jpg","contentUrl":"https:\/\/vieassociative.be\/actualites\/wp-content\/uploads\/2026\/02\/Des-images-pedopornographiques-decouvertes-au-domicile-de-Dutroux.jpg","width":1200,"height":720,"caption":"Des images p\u00e9dopornographiques d\u00e9couvertes au domicile de Dutroux"},{"@type":"BreadcrumbList","@id":"https:\/\/vieassociative.be\/actualites\/des-images-pedopornographiques-decouvertes-au-domicile-de-dutroux\/#breadcrumb","itemListElement":[{"@type":"ListItem","position":1,"name":"Accueil","item":"https:\/\/vieassociative.be\/actualites\/"},{"@type":"ListItem","position":2,"name":"Des images p\u00e9dopornographiques d\u00e9couvertes au domicile de Dutroux"}]},{"@type":"WebSite","@id":"https:\/\/vieassociative.be\/actualites\/#website","url":"https:\/\/vieassociative.be\/actualites\/","name":"Vie Associative","description":"","publisher":{"@id":"https:\/\/vieassociative.be\/actualites\/#organization"},"potentialAction":[{"@type":"SearchAction","target":{"@type":"EntryPoint","urlTemplate":"https:\/\/vieassociative.be\/actualites\/?s={search_term_string}"},"query-input":{"@type":"PropertyValueSpecification","valueRequired":true,"valueName":"search_term_string"}}],"inLanguage":"fr-BE"},{"@type":"Organization","@id":"https:\/\/vieassociative.be\/actualites\/#organization","name":"Vie Associative","url":"https:\/\/vieassociative.be\/actualites\/","logo":{"@type":"ImageObject","inLanguage":"fr-BE","@id":"https:\/\/vieassociative.be\/actualites\/#\/schema\/logo\/image\/","url":"https:\/\/vieassociative.be\/actualites\/wp-content\/uploads\/2024\/09\/cropped-vieassociative_favicon.ico.png","contentUrl":"https:\/\/vieassociative.be\/actualites\/wp-content\/uploads\/2024\/09\/cropped-vieassociative_favicon.ico.png","width":512,"height":512,"caption":"Vie Associative"},"image":{"@id":"https:\/\/vieassociative.be\/actualites\/#\/schema\/logo\/image\/"}},{"@type":"Person","@id":"https:\/\/vieassociative.be\/actualites\/#\/schema\/person\/b87ac4f82f9d4e7b7cec7395b679edc4","name":"Julien","image":{"@type":"ImageObject","inLanguage":"fr-BE","@id":"https:\/\/vieassociative.be\/actualites\/#\/schema\/person\/image\/","url":"https:\/\/vieassociative.be\/actualites\/wp-content\/uploads\/2024\/09\/vie-associative-1-150x150.jpg","contentUrl":"https:\/\/vieassociative.be\/actualites\/wp-content\/uploads\/2024\/09\/vie-associative-1-150x150.jpg","caption":"Julien"},"description":"Je suis Julien, r\u00e9dacteur pour Vie Associative. Passionn\u00e9 par le monde associatif depuis plus de 10 ans, j'ai \u00e0 c\u0153ur de partager des histoires inspirantes et de mettre en lumi\u00e8re les initiatives locales. Mon objectif est de sensibiliser et d'encourager l'engagement communautaire \u00e0 travers mes articles.","sameAs":["https:\/\/vieassociative.be\/"]}]}},"_links":{"self":[{"href":"https:\/\/vieassociative.be\/actualites\/wp-json\/wp\/v2\/posts\/12778"}],"collection":[{"href":"https:\/\/vieassociative.be\/actualites\/wp-json\/wp\/v2\/posts"}],"about":[{"href":"https:\/\/vieassociative.be\/actualites\/wp-json\/wp\/v2\/types\/post"}],"author":[{"embeddable":true,"href":"https:\/\/vieassociative.be\/actualites\/wp-json\/wp\/v2\/users\/1"}],"replies":[{"embeddable":true,"href":"https:\/\/vieassociative.be\/actualites\/wp-json\/wp\/v2\/comments?post=12778"}],"version-history":[{"count":0,"href":"https:\/\/vieassociative.be\/actualites\/wp-json\/wp\/v2\/posts\/12778\/revisions"}],"wp:featuredmedia":[{"embeddable":true,"href":"https:\/\/vieassociative.be\/actualites\/wp-json\/wp\/v2\/media\/12779"}],"wp:attachment":[{"href":"https:\/\/vieassociative.be\/actualites\/wp-json\/wp\/v2\/media?parent=12778"}],"wp:term":[{"taxonomy":"category","embeddable":true,"href":"https:\/\/vieassociative.be\/actualites\/wp-json\/wp\/v2\/categories?post=12778"},{"taxonomy":"post_tag","embeddable":true,"href":"https:\/\/vieassociative.be\/actualites\/wp-json\/wp\/v2\/tags?post=12778"}],"curies":[{"name":"wp","href":"https:\/\/api.w.org\/{rel}","templated":true}]}}