{"id":12774,"date":"2026-02-24T11:17:44","date_gmt":"2026-02-24T10:17:44","guid":{"rendered":"https:\/\/vieassociative.be\/actualites\/miss-belgique-2026-cible-dhostilite-raciste-est-aussi-belge-que-lukaku\/"},"modified":"2026-02-24T11:17:44","modified_gmt":"2026-02-24T10:17:44","slug":"miss-belgique-2026-cible-dhostilite-raciste-est-aussi-belge-que-lukaku","status":"publish","type":"post","link":"https:\/\/vieassociative.be\/actualites\/miss-belgique-2026-cible-dhostilite-raciste-est-aussi-belge-que-lukaku\/","title":{"rendered":"\u00ab Miss Belgique 2026 \u00bb cible d\u2019hostilit\u00e9 raciste \u2013 \u00ab Est aussi belge que Lukaku \u00bb"},"content":{"rendered":"<p><strong>Le week-end dernier, la nouvelle Miss Belgique 2026 a \u00e9t\u00e9 couronn\u00e9e \u00e0 La Panne : l&rsquo;\u00e9tudiante de 22 ans Olga Lombardo s&rsquo;est impos\u00e9e en finale et repr\u00e9sentera d\u00e9sormais la Belgique lors des comp\u00e9titions internationales. <\/strong><\/p>\n<p><span id=\"more-437186\"><\/span>Au lieu d\u2019une ambiance de f\u00eate sans nuages, le couronnement a \u00e9t\u00e9 suivi d\u2019une vague d\u2019hostilit\u00e9 parfois massive en ligne \u2013 y compris de nombreux commentaires racistes qui ont d\u00e9clench\u00e9 un vaste d\u00e9bat social.<\/p>\n<p>La gagnante a non seulement \u00e9t\u00e9 personnellement attaqu\u00e9e sur les r\u00e9seaux sociaux, mais son appartenance \u00e0 la Belgique a \u00e9galement \u00e9t\u00e9 ouvertement remise en question. Les commentateurs ont affirm\u00e9 qu&rsquo;elle ne repr\u00e9sentait pas \u00ab vraiment \u00bb le pays ou qu&rsquo;elle n&rsquo;\u00e9tait \u00ab pas assez belge \u00bb \u2013 des d\u00e9clarations que beaucoup ont consid\u00e9r\u00e9es comme clairement racistes.<\/p>\n<\/p>\n<div id=\"attachment_437191\" class=\"wp-caption alignleft\" style=\"max-width: 300px\"><img fetchpriority=\"high\" decoding=\"async\" class=\"wp-image-437191 size-medium\" src=\"https:\/\/vieassociative.be\/actualites\/wp-content\/uploads\/2026\/02\/Miss-Belgique-2026-cible-dhostilite-raciste-\u2013.jpg\" alt=\"\" width=\"300\" height=\"200\"  ><\/div>\n<p>Les observateurs ont soulign\u00e9 qu&rsquo;un sch\u00e9ma familier se r\u00e9p\u00e9tait ici : les personnes ayant des racines familiales hors de Belgique \u00e9taient \u00e0 plusieurs reprises r\u00e9duites \u00e0 leurs origines, malgr\u00e9 leur nationalit\u00e9 et leurs racines sociales.<\/p>\n<p>Lombardo \u2013 comme elle l\u2019a elle-m\u00eame soulign\u00e9 \u2013 parle parfaitement le fran\u00e7ais et le n\u00e9erlandais, les deux langues nationales les plus parl\u00e9es en Belgique. La seule chose qu&rsquo;elle ne parle pas, c&rsquo;est l&rsquo;allemand, la troisi\u00e8me langue officielle. Ses partisans consid\u00e8rent comme particuli\u00e8rement contradictoire que certains nient encore sa capacit\u00e9 \u00e0 la repr\u00e9senter. Leur multilinguisme souligne particuli\u00e8rement leurs racines dans un pays complexe et linguistiquement diversifi\u00e9.<\/p>\n<p>Dans les interviews, Lombardo a r\u00e9agi calmement \u00e0 l&rsquo;hostilit\u00e9. Elle a dit qu\u2019elle s\u2019attendait \u00e0 des r\u00e9actions n\u00e9gatives, mais ne s\u2019est pas laiss\u00e9e intimider. Elle a \u00e9tabli un parall\u00e8le particuli\u00e8rement impressionnant avec le footballeur national belge Romelu Lukaku. Lukaku, l&rsquo;un des joueurs les plus titr\u00e9s de l&rsquo;\u00e9quipe nationale, est \u00e9galement r\u00e9guli\u00e8rement la cible d&rsquo;attaques racistes malgr\u00e9 ses exploits sportifs &#8211; en particulier lorsque les exploits sportifs sont critiqu\u00e9s.<\/p>\n<p>Les finalistes viennent tous deux de la province de Flandre occidentale. Justine Tack d&rsquo;Oeselgem pr\u00e8s de Dentergem a \u00e9t\u00e9 nomm\u00e9e premi\u00e8re dauphine, Aicha Verheye d&rsquo;Ostende a \u00e9t\u00e9 nomm\u00e9e deuxi\u00e8me dauphine.<\/p>\n<p>Outre les critiques racistes \u00e0 l&rsquo;encontre d&rsquo;Olga Lombardo, l&rsquo;\u00e9v\u00e9nement lui-m\u00eame &#8211; l&rsquo;\u00e9dition actuelle de Miss Belgique &#8211; a \u00e9galement fait l&rsquo;objet de critiques. Cela implique plusieurs points dont certains sont discut\u00e9s depuis longtemps.<\/p>\n<p>Une accusation centrale concerne l&rsquo;organisation et la transparence de la comp\u00e9tition. D&rsquo;anciens candidats ont fait \u00e9tat dans les m\u00e9dias et sur les r\u00e9seaux sociaux de d\u00e9penses \u00e9lev\u00e9es li\u00e9es aux v\u00eatements, aux d\u00e9placements, aux s\u00e9ances photo et aux activit\u00e9s promotionnelles. Les critiques se plaignent du fait que l&rsquo;effort financier des participants est consid\u00e9rable et n&rsquo;est pas toujours clairement communiqu\u00e9. Cela donne l\u2019impression que non seulement le charisme et la performance, mais aussi les opportunit\u00e9s financi\u00e8res jouent un r\u00f4le.<\/p>\n<\/p>\n<div id=\"attachment_109897\" class=\"wp-caption alignleft\" style=\"max-width: 300px\"><img decoding=\"async\" class=\"wp-image-109897 size-medium\" src=\"https:\/\/vieassociative.be\/actualites\/wp-content\/uploads\/2026\/02\/Miss-Belgique-2026-cible-dhostilite-raciste-\u2013.jpeg\" alt=\"\" width=\"300\" height=\"200\"  ><\/div>\n<p>En outre, la culture interne en coulisses a \u00e9t\u00e9 discut\u00e9e. Certains anciens participants ont d\u00e9crit publiquement des exp\u00e9riences d\u00e9sagr\u00e9ables dans l&rsquo;environnement organisationnel. M\u00eame si toutes les all\u00e9gations n\u2019ont pas \u00e9t\u00e9 juridiquement clarifi\u00e9es, ces informations ont port\u00e9 atteinte \u00e0 l\u2019image de la comp\u00e9tition. <\/p>\n<p>Un autre point de critique concerne le format du spectacle lui-m\u00eame. Sur les r\u00e9seaux sociaux, le gala a \u00e9t\u00e9 qualifi\u00e9 de partiellement \u00ab hors du temps \u00bb. Le concept ne semble pas tr\u00e8s moderne, la production rappelle les d\u00e9cennies pr\u00e9c\u00e9dentes, tandis que les id\u00e9es sociales sur la beaut\u00e9, la diversit\u00e9 et la repr\u00e9sentation ont consid\u00e9rablement chang\u00e9. Les commentateurs les plus jeunes, en particulier, r\u00e9clament une plus grande concentration sur des sujets tels que l&rsquo;engagement, la formation, les projets sociaux ou la responsabilit\u00e9 sociale, au lieu de se concentrer sur les cat\u00e9gories de beaut\u00e9 classiques.<\/p>\n<p>La mise en \u0153uvre m\u00e9diatique a \u00e9galement \u00e9t\u00e9 critiqu\u00e9e. Les t\u00e9l\u00e9spectateurs se sont plaints de faiblesses techniques par endroits, d&rsquo;une dramaturgie agit\u00e9e et d&rsquo;une pr\u00e9sentation qui ne semblait pas toujours professionnelle. De tels points peuvent para\u00eetre mineurs compar\u00e9s aux all\u00e9gations les plus graves, mais ils contribuent \u00e0 la perception globale.<\/p>\n<p>Enfin, le r\u00f4le des concours de beaut\u00e9 en 2026 est fondamentalement remis en question. \u00c0 une \u00e9poque o\u00f9 la diversit\u00e9, la positivit\u00e9 corporelle et l\u2019\u00e9galit\u00e9 font l\u2019objet de nombreux d\u00e9bats, certains consid\u00e8rent les concours de Miss classiques comme un mod\u00e8le d\u00e9pass\u00e9. D&rsquo;autres d\u00e9fendent le format comme une plateforme pour les jeunes femmes qui souhaitent s&rsquo;impliquer dans la soci\u00e9t\u00e9 et se pr\u00e9senter publiquement. (cr\u00e9er)<\/p>\n<p><em><strong>Sur le sujet, voir aussi l&rsquo;article suivant sur l&rsquo;OD :<\/strong><\/em><\/p>\n<div class=\"responsive-embed widescreen\">\n<blockquote class=\"wp-embedded-content\" data-secret=\"rwmumYp6WX\">\n<p>\u00ab Entreprise en Allemagne peu avant la b\u00e9atification \u00bb et \u00ab Un tel discours doit \u00eatre port\u00e9 au Bundestag \u00bb (VIDEO)<\/p>\n<\/blockquote>\n<p><iframe loading=\"lazy\" class=\"wp-embedded-content\" sandbox=\"allow-scripts\" security=\"restricted\" style=\"position: absolute; visibility: hidden;\" title=\"\u201e\u201eKompany in Deutschland kurz vor Seligsprechung\u201c und \u201eSo eine Rede muss in den Bundestag\u201c (VIDEO)\u201c \u2013 Ostbelgien Direkt\" src=\"https:\/\/ostbelgiendirekt.be\/about:blank\" data-secret=\"rwmumYp6WX\" width=\"500\" height=\"282\" frameborder=\"0\" marginwidth=\"0\" marginheight=\"0\" scrolling=\"no\" data-rocket-lazyload=\"fitvidscompatible\" data-lazy-src=\"https:\/\/ostbelgiendirekt.be\/kompany-zum-rassismus-video-437165\/embed#?secret=PEyLNRpRrw#?secret=rwmumYp6WX\"><\/iframe><noscript><iframe class=\"wp-embedded-content\" sandbox=\"allow-scripts\" security=\"restricted\" style=\"position: absolute; visibility: hidden;\" title=\"\u201e\u201eKompany in Deutschland kurz vor Seligsprechung\u201c und \u201eSo eine Rede muss in den Bundestag\u201c (VIDEO)\u201c \u2013 Ostbelgien Direkt\" src=\"https:\/\/ostbelgiendirekt.be\/kompany-zum-rassismus-video-437165\/embed#?secret=PEyLNRpRrw#?secret=rwmumYp6WX\" data-secret=\"rwmumYp6WX\" width=\"500\" height=\"282\" frameborder=\"0\" marginwidth=\"0\" marginheight=\"0\" scrolling=\"no\"><\/iframe><\/noscript><\/p>\n<\/div>\n","protected":false},"excerpt":{"rendered":"<p>Le week-end dernier, la nouvelle Miss Belgique 2026 a \u00e9t\u00e9 couronn\u00e9e \u00e0 La Panne : l&rsquo;\u00e9tudiante de 22 ans Olga Lombardo s&rsquo;est impos\u00e9e en finale<\/p>\n","protected":false},"author":1,"featured_media":12775,"comment_status":"","ping_status":"","sticky":false,"template":"","format":"standard","meta":{"footnotes":""},"categories":[298],"tags":[1350,410,383,3673,10093,76,3002,9978],"class_list":["post-12774","post","type-post","status-publish","format-standard","has-post-thumbnail","hentry","category-belgique","tag-aussi","tag-belge","tag-belgique","tag-cible","tag-dhostilite","tag-est","tag-lukaku","tag-raciste","generate-columns","tablet-grid-50","mobile-grid-100","grid-parent","grid-33"],"yoast_head":"<!-- This site is optimized with the Yoast SEO plugin v24.0 - https:\/\/yoast.com\/wordpress\/plugins\/seo\/ -->\n<title>\u00ab Miss Belgique 2026 \u00bb cible d\u2019hostilit\u00e9 raciste \u2013 \u00ab Est aussi belge que Lukaku \u00bb | Vie Associative<\/title>\n<meta name=\"robots\" content=\"index, follow, max-snippet:-1, max-image-preview:large, max-video-preview:-1\" \/>\n<link rel=\"canonical\" href=\"https:\/\/vieassociative.be\/actualites\/miss-belgique-2026-cible-dhostilite-raciste-est-aussi-belge-que-lukaku\/\" \/>\n<meta property=\"og:locale\" content=\"fr_FR\" \/>\n<meta property=\"og:type\" content=\"article\" \/>\n<meta property=\"og:title\" content=\"\u00ab Miss Belgique 2026 \u00bb cible d\u2019hostilit\u00e9 raciste \u2013 \u00ab Est aussi belge que Lukaku \u00bb | Vie Associative\" \/>\n<meta property=\"og:description\" content=\"Le week-end dernier, la nouvelle Miss Belgique 2026 a \u00e9t\u00e9 couronn\u00e9e \u00e0 La Panne : l&rsquo;\u00e9tudiante de 22 ans Olga Lombardo s&rsquo;est impos\u00e9e en finale\" \/>\n<meta property=\"og:url\" content=\"https:\/\/vieassociative.be\/actualites\/miss-belgique-2026-cible-dhostilite-raciste-est-aussi-belge-que-lukaku\/\" \/>\n<meta property=\"og:site_name\" content=\"Vie Associative\" \/>\n<meta property=\"article:published_time\" content=\"2026-02-24T10:17:44+00:00\" \/>\n<meta property=\"og:image\" content=\"https:\/\/vieassociative.be\/actualites\/wp-content\/uploads\/2024\/09\/header_backgroundk-01-e1726694325946.png\" \/>\n\t<meta property=\"og:image:width\" content=\"279\" \/>\n\t<meta property=\"og:image:height\" content=\"92\" \/>\n\t<meta property=\"og:image:type\" content=\"image\/png\" \/>\n<meta name=\"author\" content=\"Julien\" \/>\n<meta name=\"twitter:card\" content=\"summary_large_image\" \/>\n<meta name=\"twitter:label1\" content=\"\u00c9crit par\" \/>\n\t<meta name=\"twitter:data1\" content=\"Julien\" \/>\n\t<meta name=\"twitter:label2\" content=\"Dur\u00e9e de lecture est.\" \/>\n\t<meta name=\"twitter:data2\" content=\"4 minutes\" \/>\n<script type=\"application\/ld+json\" class=\"yoast-schema-graph\">{\"@context\":\"https:\/\/schema.org\",\"@graph\":[{\"@type\":\"Article\",\"@id\":\"https:\/\/vieassociative.be\/actualites\/miss-belgique-2026-cible-dhostilite-raciste-est-aussi-belge-que-lukaku\/#article\",\"isPartOf\":{\"@id\":\"https:\/\/vieassociative.be\/actualites\/miss-belgique-2026-cible-dhostilite-raciste-est-aussi-belge-que-lukaku\/\"},\"author\":{\"name\":\"Julien\",\"@id\":\"https:\/\/vieassociative.be\/actualites\/#\/schema\/person\/b87ac4f82f9d4e7b7cec7395b679edc4\"},\"headline\":\"\u00ab Miss Belgique 2026 \u00bb cible d\u2019hostilit\u00e9 raciste \u2013 \u00ab Est aussi belge que Lukaku \u00bb\",\"datePublished\":\"2026-02-24T10:17:44+00:00\",\"dateModified\":\"2026-02-24T10:17:44+00:00\",\"mainEntityOfPage\":{\"@id\":\"https:\/\/vieassociative.be\/actualites\/miss-belgique-2026-cible-dhostilite-raciste-est-aussi-belge-que-lukaku\/\"},\"wordCount\":834,\"publisher\":{\"@id\":\"https:\/\/vieassociative.be\/actualites\/#organization\"},\"image\":{\"@id\":\"https:\/\/vieassociative.be\/actualites\/miss-belgique-2026-cible-dhostilite-raciste-est-aussi-belge-que-lukaku\/#primaryimage\"},\"thumbnailUrl\":\"https:\/\/vieassociative.be\/actualites\/wp-content\/uploads\/2026\/02\/1771928265_Miss-Belgique-2026-cible-dhostilite-raciste-\u2013.jpg\",\"keywords\":[\"aussi\",\"belge\",\"Belgique\",\"cible\",\"dhostilit\u00e9\",\"est\",\"Lukaku\",\"raciste\"],\"articleSection\":[\"Belgique\"],\"inLanguage\":\"fr-BE\"},{\"@type\":\"WebPage\",\"@id\":\"https:\/\/vieassociative.be\/actualites\/miss-belgique-2026-cible-dhostilite-raciste-est-aussi-belge-que-lukaku\/\",\"url\":\"https:\/\/vieassociative.be\/actualites\/miss-belgique-2026-cible-dhostilite-raciste-est-aussi-belge-que-lukaku\/\",\"name\":\"\u00ab Miss Belgique 2026 \u00bb cible d\u2019hostilit\u00e9 raciste \u2013 \u00ab Est aussi belge que Lukaku \u00bb | Vie Associative\",\"isPartOf\":{\"@id\":\"https:\/\/vieassociative.be\/actualites\/#website\"},\"primaryImageOfPage\":{\"@id\":\"https:\/\/vieassociative.be\/actualites\/miss-belgique-2026-cible-dhostilite-raciste-est-aussi-belge-que-lukaku\/#primaryimage\"},\"image\":{\"@id\":\"https:\/\/vieassociative.be\/actualites\/miss-belgique-2026-cible-dhostilite-raciste-est-aussi-belge-que-lukaku\/#primaryimage\"},\"thumbnailUrl\":\"https:\/\/vieassociative.be\/actualites\/wp-content\/uploads\/2026\/02\/1771928265_Miss-Belgique-2026-cible-dhostilite-raciste-\u2013.jpg\",\"datePublished\":\"2026-02-24T10:17:44+00:00\",\"dateModified\":\"2026-02-24T10:17:44+00:00\",\"breadcrumb\":{\"@id\":\"https:\/\/vieassociative.be\/actualites\/miss-belgique-2026-cible-dhostilite-raciste-est-aussi-belge-que-lukaku\/#breadcrumb\"},\"inLanguage\":\"fr-BE\",\"potentialAction\":[{\"@type\":\"ReadAction\",\"target\":[\"https:\/\/vieassociative.be\/actualites\/miss-belgique-2026-cible-dhostilite-raciste-est-aussi-belge-que-lukaku\/\"]}]},{\"@type\":\"ImageObject\",\"inLanguage\":\"fr-BE\",\"@id\":\"https:\/\/vieassociative.be\/actualites\/miss-belgique-2026-cible-dhostilite-raciste-est-aussi-belge-que-lukaku\/#primaryimage\",\"url\":\"https:\/\/vieassociative.be\/actualites\/wp-content\/uploads\/2026\/02\/1771928265_Miss-Belgique-2026-cible-dhostilite-raciste-\u2013.jpg\",\"contentUrl\":\"https:\/\/vieassociative.be\/actualites\/wp-content\/uploads\/2026\/02\/1771928265_Miss-Belgique-2026-cible-dhostilite-raciste-\u2013.jpg\",\"width\":1200,\"height\":823,\"caption\":\"\u00ab Miss Belgique 2026 \u00bb cible d\u2019hostilit\u00e9 raciste \u2013 \u00ab Est aussi belge que Lukaku \u00bb\"},{\"@type\":\"BreadcrumbList\",\"@id\":\"https:\/\/vieassociative.be\/actualites\/miss-belgique-2026-cible-dhostilite-raciste-est-aussi-belge-que-lukaku\/#breadcrumb\",\"itemListElement\":[{\"@type\":\"ListItem\",\"position\":1,\"name\":\"Accueil\",\"item\":\"https:\/\/vieassociative.be\/actualites\/\"},{\"@type\":\"ListItem\",\"position\":2,\"name\":\"\u00ab Miss Belgique 2026 \u00bb cible d\u2019hostilit\u00e9 raciste \u2013 \u00ab Est aussi belge que Lukaku \u00bb\"}]},{\"@type\":\"WebSite\",\"@id\":\"https:\/\/vieassociative.be\/actualites\/#website\",\"url\":\"https:\/\/vieassociative.be\/actualites\/\",\"name\":\"Vie Associative\",\"description\":\"\",\"publisher\":{\"@id\":\"https:\/\/vieassociative.be\/actualites\/#organization\"},\"potentialAction\":[{\"@type\":\"SearchAction\",\"target\":{\"@type\":\"EntryPoint\",\"urlTemplate\":\"https:\/\/vieassociative.be\/actualites\/?s={search_term_string}\"},\"query-input\":{\"@type\":\"PropertyValueSpecification\",\"valueRequired\":true,\"valueName\":\"search_term_string\"}}],\"inLanguage\":\"fr-BE\"},{\"@type\":\"Organization\",\"@id\":\"https:\/\/vieassociative.be\/actualites\/#organization\",\"name\":\"Vie Associative\",\"url\":\"https:\/\/vieassociative.be\/actualites\/\",\"logo\":{\"@type\":\"ImageObject\",\"inLanguage\":\"fr-BE\",\"@id\":\"https:\/\/vieassociative.be\/actualites\/#\/schema\/logo\/image\/\",\"url\":\"https:\/\/vieassociative.be\/actualites\/wp-content\/uploads\/2024\/09\/cropped-vieassociative_favicon.ico.png\",\"contentUrl\":\"https:\/\/vieassociative.be\/actualites\/wp-content\/uploads\/2024\/09\/cropped-vieassociative_favicon.ico.png\",\"width\":512,\"height\":512,\"caption\":\"Vie Associative\"},\"image\":{\"@id\":\"https:\/\/vieassociative.be\/actualites\/#\/schema\/logo\/image\/\"}},{\"@type\":\"Person\",\"@id\":\"https:\/\/vieassociative.be\/actualites\/#\/schema\/person\/b87ac4f82f9d4e7b7cec7395b679edc4\",\"name\":\"Julien\",\"image\":{\"@type\":\"ImageObject\",\"inLanguage\":\"fr-BE\",\"@id\":\"https:\/\/vieassociative.be\/actualites\/#\/schema\/person\/image\/\",\"url\":\"https:\/\/vieassociative.be\/actualites\/wp-content\/uploads\/2024\/09\/vie-associative-1-150x150.jpg\",\"contentUrl\":\"https:\/\/vieassociative.be\/actualites\/wp-content\/uploads\/2024\/09\/vie-associative-1-150x150.jpg\",\"caption\":\"Julien\"},\"description\":\"Je suis Julien, r\u00e9dacteur pour Vie Associative. Passionn\u00e9 par le monde associatif depuis plus de 10 ans, j'ai \u00e0 c\u0153ur de partager des histoires inspirantes et de mettre en lumi\u00e8re les initiatives locales. Mon objectif est de sensibiliser et d'encourager l'engagement communautaire \u00e0 travers mes articles.\",\"sameAs\":[\"https:\/\/vieassociative.be\/\"]}]}<\/script>\n<!-- \/ Yoast SEO plugin. -->","yoast_head_json":{"title":"\u00ab Miss Belgique 2026 \u00bb cible d\u2019hostilit\u00e9 raciste \u2013 \u00ab Est aussi belge que Lukaku \u00bb | Vie Associative","robots":{"index":"index","follow":"follow","max-snippet":"max-snippet:-1","max-image-preview":"max-image-preview:large","max-video-preview":"max-video-preview:-1"},"canonical":"https:\/\/vieassociative.be\/actualites\/miss-belgique-2026-cible-dhostilite-raciste-est-aussi-belge-que-lukaku\/","og_locale":"fr_FR","og_type":"article","og_title":"\u00ab Miss Belgique 2026 \u00bb cible d\u2019hostilit\u00e9 raciste \u2013 \u00ab Est aussi belge que Lukaku \u00bb | Vie Associative","og_description":"Le week-end dernier, la nouvelle Miss Belgique 2026 a \u00e9t\u00e9 couronn\u00e9e \u00e0 La Panne : l&rsquo;\u00e9tudiante de 22 ans Olga Lombardo s&rsquo;est impos\u00e9e en finale","og_url":"https:\/\/vieassociative.be\/actualites\/miss-belgique-2026-cible-dhostilite-raciste-est-aussi-belge-que-lukaku\/","og_site_name":"Vie Associative","article_published_time":"2026-02-24T10:17:44+00:00","og_image":[{"width":279,"height":92,"url":"https:\/\/vieassociative.be\/actualites\/wp-content\/uploads\/2024\/09\/header_backgroundk-01-e1726694325946.png","type":"image\/png"}],"author":"Julien","twitter_card":"summary_large_image","twitter_misc":{"\u00c9crit par":"Julien","Dur\u00e9e de lecture est.":"4 minutes"},"schema":{"@context":"https:\/\/schema.org","@graph":[{"@type":"Article","@id":"https:\/\/vieassociative.be\/actualites\/miss-belgique-2026-cible-dhostilite-raciste-est-aussi-belge-que-lukaku\/#article","isPartOf":{"@id":"https:\/\/vieassociative.be\/actualites\/miss-belgique-2026-cible-dhostilite-raciste-est-aussi-belge-que-lukaku\/"},"author":{"name":"Julien","@id":"https:\/\/vieassociative.be\/actualites\/#\/schema\/person\/b87ac4f82f9d4e7b7cec7395b679edc4"},"headline":"\u00ab Miss Belgique 2026 \u00bb cible d\u2019hostilit\u00e9 raciste \u2013 \u00ab Est aussi belge que Lukaku \u00bb","datePublished":"2026-02-24T10:17:44+00:00","dateModified":"2026-02-24T10:17:44+00:00","mainEntityOfPage":{"@id":"https:\/\/vieassociative.be\/actualites\/miss-belgique-2026-cible-dhostilite-raciste-est-aussi-belge-que-lukaku\/"},"wordCount":834,"publisher":{"@id":"https:\/\/vieassociative.be\/actualites\/#organization"},"image":{"@id":"https:\/\/vieassociative.be\/actualites\/miss-belgique-2026-cible-dhostilite-raciste-est-aussi-belge-que-lukaku\/#primaryimage"},"thumbnailUrl":"https:\/\/vieassociative.be\/actualites\/wp-content\/uploads\/2026\/02\/1771928265_Miss-Belgique-2026-cible-dhostilite-raciste-\u2013.jpg","keywords":["aussi","belge","Belgique","cible","dhostilit\u00e9","est","Lukaku","raciste"],"articleSection":["Belgique"],"inLanguage":"fr-BE"},{"@type":"WebPage","@id":"https:\/\/vieassociative.be\/actualites\/miss-belgique-2026-cible-dhostilite-raciste-est-aussi-belge-que-lukaku\/","url":"https:\/\/vieassociative.be\/actualites\/miss-belgique-2026-cible-dhostilite-raciste-est-aussi-belge-que-lukaku\/","name":"\u00ab Miss Belgique 2026 \u00bb cible d\u2019hostilit\u00e9 raciste \u2013 \u00ab Est aussi belge que Lukaku \u00bb | Vie Associative","isPartOf":{"@id":"https:\/\/vieassociative.be\/actualites\/#website"},"primaryImageOfPage":{"@id":"https:\/\/vieassociative.be\/actualites\/miss-belgique-2026-cible-dhostilite-raciste-est-aussi-belge-que-lukaku\/#primaryimage"},"image":{"@id":"https:\/\/vieassociative.be\/actualites\/miss-belgique-2026-cible-dhostilite-raciste-est-aussi-belge-que-lukaku\/#primaryimage"},"thumbnailUrl":"https:\/\/vieassociative.be\/actualites\/wp-content\/uploads\/2026\/02\/1771928265_Miss-Belgique-2026-cible-dhostilite-raciste-\u2013.jpg","datePublished":"2026-02-24T10:17:44+00:00","dateModified":"2026-02-24T10:17:44+00:00","breadcrumb":{"@id":"https:\/\/vieassociative.be\/actualites\/miss-belgique-2026-cible-dhostilite-raciste-est-aussi-belge-que-lukaku\/#breadcrumb"},"inLanguage":"fr-BE","potentialAction":[{"@type":"ReadAction","target":["https:\/\/vieassociative.be\/actualites\/miss-belgique-2026-cible-dhostilite-raciste-est-aussi-belge-que-lukaku\/"]}]},{"@type":"ImageObject","inLanguage":"fr-BE","@id":"https:\/\/vieassociative.be\/actualites\/miss-belgique-2026-cible-dhostilite-raciste-est-aussi-belge-que-lukaku\/#primaryimage","url":"https:\/\/vieassociative.be\/actualites\/wp-content\/uploads\/2026\/02\/1771928265_Miss-Belgique-2026-cible-dhostilite-raciste-\u2013.jpg","contentUrl":"https:\/\/vieassociative.be\/actualites\/wp-content\/uploads\/2026\/02\/1771928265_Miss-Belgique-2026-cible-dhostilite-raciste-\u2013.jpg","width":1200,"height":823,"caption":"\u00ab Miss Belgique 2026 \u00bb cible d\u2019hostilit\u00e9 raciste \u2013 \u00ab Est aussi belge que Lukaku \u00bb"},{"@type":"BreadcrumbList","@id":"https:\/\/vieassociative.be\/actualites\/miss-belgique-2026-cible-dhostilite-raciste-est-aussi-belge-que-lukaku\/#breadcrumb","itemListElement":[{"@type":"ListItem","position":1,"name":"Accueil","item":"https:\/\/vieassociative.be\/actualites\/"},{"@type":"ListItem","position":2,"name":"\u00ab Miss Belgique 2026 \u00bb cible d\u2019hostilit\u00e9 raciste \u2013 \u00ab Est aussi belge que Lukaku \u00bb"}]},{"@type":"WebSite","@id":"https:\/\/vieassociative.be\/actualites\/#website","url":"https:\/\/vieassociative.be\/actualites\/","name":"Vie Associative","description":"","publisher":{"@id":"https:\/\/vieassociative.be\/actualites\/#organization"},"potentialAction":[{"@type":"SearchAction","target":{"@type":"EntryPoint","urlTemplate":"https:\/\/vieassociative.be\/actualites\/?s={search_term_string}"},"query-input":{"@type":"PropertyValueSpecification","valueRequired":true,"valueName":"search_term_string"}}],"inLanguage":"fr-BE"},{"@type":"Organization","@id":"https:\/\/vieassociative.be\/actualites\/#organization","name":"Vie Associative","url":"https:\/\/vieassociative.be\/actualites\/","logo":{"@type":"ImageObject","inLanguage":"fr-BE","@id":"https:\/\/vieassociative.be\/actualites\/#\/schema\/logo\/image\/","url":"https:\/\/vieassociative.be\/actualites\/wp-content\/uploads\/2024\/09\/cropped-vieassociative_favicon.ico.png","contentUrl":"https:\/\/vieassociative.be\/actualites\/wp-content\/uploads\/2024\/09\/cropped-vieassociative_favicon.ico.png","width":512,"height":512,"caption":"Vie Associative"},"image":{"@id":"https:\/\/vieassociative.be\/actualites\/#\/schema\/logo\/image\/"}},{"@type":"Person","@id":"https:\/\/vieassociative.be\/actualites\/#\/schema\/person\/b87ac4f82f9d4e7b7cec7395b679edc4","name":"Julien","image":{"@type":"ImageObject","inLanguage":"fr-BE","@id":"https:\/\/vieassociative.be\/actualites\/#\/schema\/person\/image\/","url":"https:\/\/vieassociative.be\/actualites\/wp-content\/uploads\/2024\/09\/vie-associative-1-150x150.jpg","contentUrl":"https:\/\/vieassociative.be\/actualites\/wp-content\/uploads\/2024\/09\/vie-associative-1-150x150.jpg","caption":"Julien"},"description":"Je suis Julien, r\u00e9dacteur pour Vie Associative. Passionn\u00e9 par le monde associatif depuis plus de 10 ans, j'ai \u00e0 c\u0153ur de partager des histoires inspirantes et de mettre en lumi\u00e8re les initiatives locales. Mon objectif est de sensibiliser et d'encourager l'engagement communautaire \u00e0 travers mes articles.","sameAs":["https:\/\/vieassociative.be\/"]}]}},"_links":{"self":[{"href":"https:\/\/vieassociative.be\/actualites\/wp-json\/wp\/v2\/posts\/12774"}],"collection":[{"href":"https:\/\/vieassociative.be\/actualites\/wp-json\/wp\/v2\/posts"}],"about":[{"href":"https:\/\/vieassociative.be\/actualites\/wp-json\/wp\/v2\/types\/post"}],"author":[{"embeddable":true,"href":"https:\/\/vieassociative.be\/actualites\/wp-json\/wp\/v2\/users\/1"}],"replies":[{"embeddable":true,"href":"https:\/\/vieassociative.be\/actualites\/wp-json\/wp\/v2\/comments?post=12774"}],"version-history":[{"count":0,"href":"https:\/\/vieassociative.be\/actualites\/wp-json\/wp\/v2\/posts\/12774\/revisions"}],"wp:featuredmedia":[{"embeddable":true,"href":"https:\/\/vieassociative.be\/actualites\/wp-json\/wp\/v2\/media\/12775"}],"wp:attachment":[{"href":"https:\/\/vieassociative.be\/actualites\/wp-json\/wp\/v2\/media?parent=12774"}],"wp:term":[{"taxonomy":"category","embeddable":true,"href":"https:\/\/vieassociative.be\/actualites\/wp-json\/wp\/v2\/categories?post=12774"},{"taxonomy":"post_tag","embeddable":true,"href":"https:\/\/vieassociative.be\/actualites\/wp-json\/wp\/v2\/tags?post=12774"}],"curies":[{"name":"wp","href":"https:\/\/api.w.org\/{rel}","templated":true}]}}