{"id":12768,"date":"2026-02-23T23:17:57","date_gmt":"2026-02-23T22:17:57","guid":{"rendered":"https:\/\/vieassociative.be\/actualites\/quatre-ans-de-guerre-en-ukraine-y-a-t-il-une-issue\/"},"modified":"2026-02-23T23:17:57","modified_gmt":"2026-02-23T22:17:57","slug":"quatre-ans-de-guerre-en-ukraine-y-a-t-il-une-issue","status":"publish","type":"post","link":"https:\/\/vieassociative.be\/actualites\/quatre-ans-de-guerre-en-ukraine-y-a-t-il-une-issue\/","title":{"rendered":"Quatre ans de guerre en Ukraine : y a-t-il une issue ?"},"content":{"rendered":"<p><strong>La guerre d\u2019agression destructrice et co\u00fbteuse de la Russie contre l\u2019Ukraine entre dans sa cinqui\u00e8me ann\u00e9e. Des centaines de milliers de personnes sont mortes depuis le d\u00e9but de la guerre, le 24 f\u00e9vrier 2022. Des millions d\u2019Ukrainiens ont fui. La plus grande effusion de sang en Europe depuis la Seconde Guerre mondiale \u00e9branle la s\u00e9curit\u00e9 du continent.<\/strong><\/p>\n<p><span id=\"more-437170\"><\/span>Des efforts sont d\u00e9ploy\u00e9s pour mettre fin \u00e0 la guerre. Mais quelles sont les chances de paix ? Un aper\u00e7u des sc\u00e9narios, des parties impliqu\u00e9es et de leurs motivations\u00a0:<\/p>\n<p><strong>\u2013 Quelle est la position de d\u00e9part des bellig\u00e9rants et des autres participants ?<\/strong><\/p>\n<p><em>Ukraine:<\/em> Un cinqui\u00e8me du territoire de l\u2019Europe de l\u2019Est est occup\u00e9 par les Russes. L\u2019Ukraine a r\u00e9sist\u00e9 pendant quatre ans \u00e0 l\u2019aide \u00e9trang\u00e8re. Mais il ne peut que ralentir l&rsquo;avanc\u00e9e progressive de l&rsquo;attaquant, infliger des pertes \u00e0 son arm\u00e9e et ne peut gu\u00e8re passer lui-m\u00eame \u00e0 l&rsquo;offensive. La population traverse l\u2019hiver le plus froid et le plus sombre jamais enregistr\u00e9 en raison de la destruction du r\u00e9seau \u00e9nerg\u00e9tique.<\/p>\n<div id=\"attachment_437173\" class=\"wp-caption alignleft\" style=\"max-width: 300px\"><img fetchpriority=\"high\" decoding=\"async\" class=\"wp-image-437173 size-medium\" src=\"https:\/\/vieassociative.be\/actualites\/wp-content\/uploads\/2026\/02\/Quatre-ans-de-guerre-en-Ukraine-y-a-t-il-une.jpg\" alt=\"\" width=\"300\" height=\"225\"><\/div>\n<p>Le pr\u00e9sident Volodymyr Zelensky appelle \u00e0 un cessez-le-feu puis \u00e0 un r\u00e8glement de \u00ab paix juste \u00bb. Dans le m\u00eame temps, il compte sur un accord au sein de l\u2019UE qui fournirait \u00e0 l\u2019Ukraine jusqu\u2019\u00e0 90 milliards d\u2019euros sur deux ans, avec lesquels le pays pourrait continuer \u00e0 se d\u00e9fendre contre la guerre.<\/p>\n<p><em>Russie:<\/em> Le dirigeant du Kremlin, Vladimir Poutine, s&rsquo;est d\u00e9pass\u00e9 en attaquant le pays voisin. Les pertes de son arm\u00e9e se chiffrent en centaines de milliers. Les probl\u00e8mes \u00e9conomiques s\u2019aggravent sous la pression croissante des sanctions occidentales. La superpuissance \u00e9nerg\u00e9tique, qui entretient sa machine de guerre en vendant du p\u00e9trole et du gaz \u00e0 la Chine, par exemple, a r\u00e9cemment d\u00fb accepter de s\u00e9v\u00e8res contre-attaques ukrainiennes contre des raffineries et des installations industrielles. Un effondrement \u00e9conomique est possible, mais pas en vue. En fait, la Russie sera probablement en mesure de faire la guerre encore quelques ann\u00e9es.<\/p>\n<p><em>Europe:<\/em> Les pays europ\u00e9ens soutiennent l\u2019Ukraine avec des armes depuis 2022 \u2013 mais \u00e0 doses r\u00e9duites pour ne pas risquer de repr\u00e9sailles de la part de la puissance nucl\u00e9aire russe. Avec la perte des \u00c9tats-Unis, l\u2019Allemagne est devenue le plus grand fournisseur d\u2019armes. Les pays d\u2019Europe de l\u2019Est se sentent de plus en plus menac\u00e9s par la Russie et s\u2019arment pour les dissuader.<\/p>\n<p><em>USA:<\/em> Sous le pr\u00e9sident Joe Biden, Washington \u00e9tait le plus grand soutien militaire de l\u2019Ukraine. Sous le successeur de Donald Trump, les armes ne seront disponibles que si les Europ\u00e9ens paient. Trump a lev\u00e9 l&rsquo;isolement de la Russie et a rencontr\u00e9 Poutine en 2025. Sa relation avec Zelenskyj est fluctuante. Cependant, le pr\u00e9sident am\u00e9ricain a sanctionn\u00e9 les compagnies p\u00e9troli\u00e8res russes et impos\u00e9 des droits de douane aux acheteurs de p\u00e9trole russe afin de faire pression sur le Kremlin.<\/p>\n<\/p>\n<div id=\"attachment_437174\" class=\"wp-caption alignleft\" style=\"max-width: 300px\"><img decoding=\"async\" class=\"wp-image-437174 size-medium\" src=\"https:\/\/vieassociative.be\/actualites\/wp-content\/uploads\/2026\/02\/1771885077_524_Quatre-ans-de-guerre-en-Ukraine-y-a-t-il-une.jpg\" alt=\"\" width=\"300\" height=\"200\"><\/div>\n<p><strong>\u2013 Y a-t-il une chance d\u2019une paix rapide ?<\/strong><\/p>\n<p>Compte tenu de l\u2019usure, les n\u00e9gociations suscitent un int\u00e9r\u00eat des deux c\u00f4t\u00e9s. Mais la paix n\u2019est pas en vue. Les pourparlers directs entre les parties bellig\u00e9rantes, sous la m\u00e9diation am\u00e9ricaine, tournent autour de questions militaires, humanitaires et politiques. L\u2019Ukraine constate \u00e9galement des progr\u00e8s sur des questions telles que la mani\u00e8re de surveiller un futur cessez-le-feu. Dans le secteur humanitaire, il y a des \u00e9changes de prisonniers de guerre, de civils mais aussi de soldats tu\u00e9s.<\/p>\n<p>Mais les questions politiques les plus sensibles sont celles de savoir comment les voisins hostiles peuvent vivre ensemble en paix. Et c\u2019est l\u00e0 que les n\u00e9gociations sont rest\u00e9es bloqu\u00e9es, dans une impasse.<\/p>\n<p><em>Russie:<\/em> Moscou pr\u00e9sente une longue liste d\u2019exigences maximales que Kiev juge inacceptables. D\u2019une part, la Russie exige que l\u2019Ukraine abandonne son propre territoire dans le Donbass, qu\u2019elle contr\u00f4le toujours. D\u2019un autre c\u00f4t\u00e9, la Russie souhaite une Ukraine neutre et non align\u00e9e, avec des droits minoritaires pour la population russophone, y compris la libert\u00e9 religieuse pour l\u2019\u00c9glise orthodoxe russe.<\/p>\n<p><em>Ukraine:<\/em> Zelenskyj s\u2019est impliqu\u00e9 dans la diplomatie am\u00e9ricaine parce que, selon lui, les futures garanties de s\u00e9curit\u00e9 pour son pays ne fonctionneront pas sans la superpuissance. Mais les contraintes de temps font courir le risque \u00e0 Kyiv de devoir faire d&rsquo;importantes concessions. Zelenskyj exige que les combats sur la ligne de front soient gel\u00e9s et que les questions territoriales, par exemple, soient n\u00e9goci\u00e9es \u00e0 partir de l\u00e0. Et il souhaite rencontrer Poutine le plus rapidement possible pour clarifier les questions d\u2019une paix durable au plus haut niveau. M\u00eame si Poutine se dit pr\u00eat, Zelensky rejette la rencontre \u00e0 Moscou propos\u00e9e par le Kremlin \u2013 ainsi que toute capitulation.<\/p>\n<p><em>USA:<\/em> Trump fait la tentative la plus d\u00e9cisive \u00e0 ce jour pour mettre fin \u00e0 la guerre. Depuis novembre, ses n\u00e9gociateurs Steve Witkoff et Jared Kushner ont tenu de nombreuses r\u00e9unions avec les Russes et les Ukrainiens, derni\u00e8rement avec les deux parties \u00e0 Abou Dhabi et \u00e0 Gen\u00e8ve. Mais il n\u2019y a pas de r\u00e9el progr\u00e8s. Trump souhaite que le probl\u00e8me soit r\u00e9gl\u00e9 d\u2019ici l\u2019\u00e9t\u00e9 afin de pouvoir d\u00e9montrer son succ\u00e8s avant les \u00e9lections au Congr\u00e8s am\u00e9ricain de novembre.<\/p>\n<p><em>Europe:<\/em> Les partenaires europ\u00e9ens ont du mal \u00e0 s&rsquo;impliquer dans le processus de discussion ferm\u00e9. Zelensky r\u00e9clame une participation europ\u00e9enne, mais le Kremlin la rejette car il consid\u00e8re les \u00c9tats occidentaux comme une partie bellig\u00e9rante. L\u2019Ukraine demande \u00e9galement son admission dans l\u2019UE d\u00e8s l\u2019ann\u00e9e prochaine \u2013 dans le cadre d\u2019une garantie de s\u00e9curit\u00e9.<\/p>\n<\/p>\n<div id=\"attachment_437175\" class=\"wp-caption alignnone\" style=\"max-width: 300px\"><img decoding=\"async\" src=\"https:\/\/vieassociative.be\/actualites\/wp-content\/uploads\/2026\/02\/1771885077_270_Quatre-ans-de-guerre-en-Ukraine-y-a-t-il-une.jpg\" alt=\"\" width=\"300\" height=\"200\" class=\"size-medium wp-image-437175\"><\/div>\n<p><strong>\u2013 Que se passe-t-il si les n\u00e9gociations \u00e9chouent ?<\/strong><\/p>\n<p><em>Ukraine:<\/em> Une escalade des combats et une perc\u00e9e soudaine des Russes sont encore possibles. Un effondrement de l\u2019Ukraine est possible, mais cela semble moins probable compte tenu de l\u2019exp\u00e9rience des quatre premi\u00e8res ann\u00e9es de guerre et du soutien de l\u2019Occident. Le pays d\u00e9veloppe sa propre industrie d\u2019armement, ach\u00e8te des armes \u00e0 longue port\u00e9e \u2013 drones et missiles \u2013 et l\u2019arm\u00e9e de l\u2019air se renforce gr\u00e2ce aux avions \u00e0 r\u00e9action occidentaux.<\/p>\n<p>\u00ab L\u2019objectif de l\u2019Ukraine est de rendre la guerre inutile pour la Russie en minimisant les pertes territoriales, en augmentant les pertes russes au-del\u00e0 de ce que Moscou peut recruter de nouveaux soldats et en augmentant les co\u00fbts \u00e9conomiques de sorte que la guerre devienne insoutenable \u00bb, \u00e9crit l\u2019expert militaire am\u00e9ricain Michael Kofman dans Foreign Affairs.<\/p>\n<p><em>Europe:<\/em> Personne en Europe ne veut permettre la d\u00e9faite de l\u2019Ukraine, car on craint que la Russie ne se sente alors encourag\u00e9e \u00e0 attaquer \u00e9galement les pays de l\u2019OTAN. Le chef du Kremlin, Poutine, a qualifi\u00e9 cela de \u00ab non-sens \u00bb. Dans le m\u00eame temps, le chancelier allemand Friedrich Merz a clairement indiqu\u00e9 que l\u2019Ukraine serait soutenue \u2013 aussi longtemps que cela serait n\u00e9cessaire, quel qu\u2019en soit le prix.<\/p>\n<p><em>Russie:<\/em> Moscou souligne qu\u2019elle atteint ses objectifs de guerre par des moyens diplomatiques ou militaires. On ne peut gu\u00e8re attendre de concessions du Kremlin. La politologue Tatjana Stanovaya ne voit pas de solution tant que l&rsquo;Occident ne prendra pas en compte les int\u00e9r\u00eats de la Russie. La principale source de l&rsquo;agression russe est une profonde m\u00e9fiance \u00e0 l&rsquo;\u00e9gard de l&rsquo;Occident et la conviction de Moscou que ses opposants ne veulent que la chute de la Russie, \u00e9crit-elle \u00e0 l&rsquo;occasion de cet anniversaire pour le groupe de r\u00e9flexion Carnegie. \u00ab Et tant que cette peur existera (et elle sera partag\u00e9e aussi bien par les \u00e9lites que par la soci\u00e9t\u00e9), la guerre ne prendra pas fin. \u00bb (dpa)<\/p>\n","protected":false},"excerpt":{"rendered":"<p>La guerre d\u2019agression destructrice et co\u00fbteuse de la Russie contre l\u2019Ukraine entre dans sa cinqui\u00e8me ann\u00e9e. Des centaines de milliers de personnes sont mortes depuis<\/p>\n","protected":false},"author":1,"featured_media":12769,"comment_status":"","ping_status":"","sticky":false,"template":"","format":"standard","meta":{"footnotes":""},"categories":[298],"tags":[584,3142,2637,3100,1435,3071,110],"class_list":["post-12768","post","type-post","status-publish","format-standard","has-post-thumbnail","hentry","category-belgique","tag-ans","tag-atil","tag-guerre","tag-issue","tag-quatre","tag-ukraine","tag-une","generate-columns","tablet-grid-50","mobile-grid-100","grid-parent","grid-33"],"yoast_head":"<!-- This site is optimized with the Yoast SEO plugin v24.0 - https:\/\/yoast.com\/wordpress\/plugins\/seo\/ -->\n<title>Quatre ans de guerre en Ukraine : y a-t-il une issue ? | Vie Associative<\/title>\n<meta name=\"robots\" content=\"index, follow, max-snippet:-1, max-image-preview:large, max-video-preview:-1\" \/>\n<link rel=\"canonical\" href=\"https:\/\/vieassociative.be\/actualites\/quatre-ans-de-guerre-en-ukraine-y-a-t-il-une-issue\/\" \/>\n<meta property=\"og:locale\" content=\"fr_FR\" \/>\n<meta property=\"og:type\" content=\"article\" \/>\n<meta property=\"og:title\" content=\"Quatre ans de guerre en Ukraine : y a-t-il une issue ? | Vie Associative\" \/>\n<meta property=\"og:description\" content=\"La guerre d\u2019agression destructrice et co\u00fbteuse de la Russie contre l\u2019Ukraine entre dans sa cinqui\u00e8me ann\u00e9e. Des centaines de milliers de personnes sont mortes depuis\" \/>\n<meta property=\"og:url\" content=\"https:\/\/vieassociative.be\/actualites\/quatre-ans-de-guerre-en-ukraine-y-a-t-il-une-issue\/\" \/>\n<meta property=\"og:site_name\" content=\"Vie Associative\" \/>\n<meta property=\"article:published_time\" content=\"2026-02-23T22:17:57+00:00\" \/>\n<meta property=\"og:image\" content=\"https:\/\/vieassociative.be\/actualites\/wp-content\/uploads\/2024\/09\/header_backgroundk-01-e1726694325946.png\" \/>\n\t<meta property=\"og:image:width\" content=\"279\" \/>\n\t<meta property=\"og:image:height\" content=\"92\" \/>\n\t<meta property=\"og:image:type\" content=\"image\/png\" \/>\n<meta name=\"author\" content=\"Julien\" \/>\n<meta name=\"twitter:card\" content=\"summary_large_image\" \/>\n<meta name=\"twitter:label1\" content=\"\u00c9crit par\" \/>\n\t<meta name=\"twitter:data1\" content=\"Julien\" \/>\n\t<meta name=\"twitter:label2\" content=\"Dur\u00e9e de lecture est.\" \/>\n\t<meta name=\"twitter:data2\" content=\"7 minutes\" \/>\n<script type=\"application\/ld+json\" class=\"yoast-schema-graph\">{\"@context\":\"https:\/\/schema.org\",\"@graph\":[{\"@type\":\"Article\",\"@id\":\"https:\/\/vieassociative.be\/actualites\/quatre-ans-de-guerre-en-ukraine-y-a-t-il-une-issue\/#article\",\"isPartOf\":{\"@id\":\"https:\/\/vieassociative.be\/actualites\/quatre-ans-de-guerre-en-ukraine-y-a-t-il-une-issue\/\"},\"author\":{\"name\":\"Julien\",\"@id\":\"https:\/\/vieassociative.be\/actualites\/#\/schema\/person\/b87ac4f82f9d4e7b7cec7395b679edc4\"},\"headline\":\"Quatre ans de guerre en Ukraine : y a-t-il une issue ?\",\"datePublished\":\"2026-02-23T22:17:57+00:00\",\"dateModified\":\"2026-02-23T22:17:57+00:00\",\"mainEntityOfPage\":{\"@id\":\"https:\/\/vieassociative.be\/actualites\/quatre-ans-de-guerre-en-ukraine-y-a-t-il-une-issue\/\"},\"wordCount\":1336,\"publisher\":{\"@id\":\"https:\/\/vieassociative.be\/actualites\/#organization\"},\"image\":{\"@id\":\"https:\/\/vieassociative.be\/actualites\/quatre-ans-de-guerre-en-ukraine-y-a-t-il-une-issue\/#primaryimage\"},\"thumbnailUrl\":\"https:\/\/vieassociative.be\/actualites\/wp-content\/uploads\/2026\/02\/1771885078_Quatre-ans-de-guerre-en-Ukraine-y-a-t-il-une.jpg\",\"keywords\":[\"ans\",\"atil\",\"guerre\",\"issue\",\"Quatre\",\"Ukraine\",\"une\"],\"articleSection\":[\"Belgique\"],\"inLanguage\":\"fr-BE\"},{\"@type\":\"WebPage\",\"@id\":\"https:\/\/vieassociative.be\/actualites\/quatre-ans-de-guerre-en-ukraine-y-a-t-il-une-issue\/\",\"url\":\"https:\/\/vieassociative.be\/actualites\/quatre-ans-de-guerre-en-ukraine-y-a-t-il-une-issue\/\",\"name\":\"Quatre ans de guerre en Ukraine : y a-t-il une issue ? | Vie Associative\",\"isPartOf\":{\"@id\":\"https:\/\/vieassociative.be\/actualites\/#website\"},\"primaryImageOfPage\":{\"@id\":\"https:\/\/vieassociative.be\/actualites\/quatre-ans-de-guerre-en-ukraine-y-a-t-il-une-issue\/#primaryimage\"},\"image\":{\"@id\":\"https:\/\/vieassociative.be\/actualites\/quatre-ans-de-guerre-en-ukraine-y-a-t-il-une-issue\/#primaryimage\"},\"thumbnailUrl\":\"https:\/\/vieassociative.be\/actualites\/wp-content\/uploads\/2026\/02\/1771885078_Quatre-ans-de-guerre-en-Ukraine-y-a-t-il-une.jpg\",\"datePublished\":\"2026-02-23T22:17:57+00:00\",\"dateModified\":\"2026-02-23T22:17:57+00:00\",\"breadcrumb\":{\"@id\":\"https:\/\/vieassociative.be\/actualites\/quatre-ans-de-guerre-en-ukraine-y-a-t-il-une-issue\/#breadcrumb\"},\"inLanguage\":\"fr-BE\",\"potentialAction\":[{\"@type\":\"ReadAction\",\"target\":[\"https:\/\/vieassociative.be\/actualites\/quatre-ans-de-guerre-en-ukraine-y-a-t-il-une-issue\/\"]}]},{\"@type\":\"ImageObject\",\"inLanguage\":\"fr-BE\",\"@id\":\"https:\/\/vieassociative.be\/actualites\/quatre-ans-de-guerre-en-ukraine-y-a-t-il-une-issue\/#primaryimage\",\"url\":\"https:\/\/vieassociative.be\/actualites\/wp-content\/uploads\/2026\/02\/1771885078_Quatre-ans-de-guerre-en-Ukraine-y-a-t-il-une.jpg\",\"contentUrl\":\"https:\/\/vieassociative.be\/actualites\/wp-content\/uploads\/2026\/02\/1771885078_Quatre-ans-de-guerre-en-Ukraine-y-a-t-il-une.jpg\",\"width\":1200,\"height\":800,\"caption\":\"Quatre ans de guerre en Ukraine : y a-t-il une issue ?\"},{\"@type\":\"BreadcrumbList\",\"@id\":\"https:\/\/vieassociative.be\/actualites\/quatre-ans-de-guerre-en-ukraine-y-a-t-il-une-issue\/#breadcrumb\",\"itemListElement\":[{\"@type\":\"ListItem\",\"position\":1,\"name\":\"Accueil\",\"item\":\"https:\/\/vieassociative.be\/actualites\/\"},{\"@type\":\"ListItem\",\"position\":2,\"name\":\"Quatre ans de guerre en Ukraine : y a-t-il une issue ?\"}]},{\"@type\":\"WebSite\",\"@id\":\"https:\/\/vieassociative.be\/actualites\/#website\",\"url\":\"https:\/\/vieassociative.be\/actualites\/\",\"name\":\"Vie Associative\",\"description\":\"\",\"publisher\":{\"@id\":\"https:\/\/vieassociative.be\/actualites\/#organization\"},\"potentialAction\":[{\"@type\":\"SearchAction\",\"target\":{\"@type\":\"EntryPoint\",\"urlTemplate\":\"https:\/\/vieassociative.be\/actualites\/?s={search_term_string}\"},\"query-input\":{\"@type\":\"PropertyValueSpecification\",\"valueRequired\":true,\"valueName\":\"search_term_string\"}}],\"inLanguage\":\"fr-BE\"},{\"@type\":\"Organization\",\"@id\":\"https:\/\/vieassociative.be\/actualites\/#organization\",\"name\":\"Vie Associative\",\"url\":\"https:\/\/vieassociative.be\/actualites\/\",\"logo\":{\"@type\":\"ImageObject\",\"inLanguage\":\"fr-BE\",\"@id\":\"https:\/\/vieassociative.be\/actualites\/#\/schema\/logo\/image\/\",\"url\":\"https:\/\/vieassociative.be\/actualites\/wp-content\/uploads\/2024\/09\/cropped-vieassociative_favicon.ico.png\",\"contentUrl\":\"https:\/\/vieassociative.be\/actualites\/wp-content\/uploads\/2024\/09\/cropped-vieassociative_favicon.ico.png\",\"width\":512,\"height\":512,\"caption\":\"Vie Associative\"},\"image\":{\"@id\":\"https:\/\/vieassociative.be\/actualites\/#\/schema\/logo\/image\/\"}},{\"@type\":\"Person\",\"@id\":\"https:\/\/vieassociative.be\/actualites\/#\/schema\/person\/b87ac4f82f9d4e7b7cec7395b679edc4\",\"name\":\"Julien\",\"image\":{\"@type\":\"ImageObject\",\"inLanguage\":\"fr-BE\",\"@id\":\"https:\/\/vieassociative.be\/actualites\/#\/schema\/person\/image\/\",\"url\":\"https:\/\/vieassociative.be\/actualites\/wp-content\/uploads\/2024\/09\/vie-associative-1-150x150.jpg\",\"contentUrl\":\"https:\/\/vieassociative.be\/actualites\/wp-content\/uploads\/2024\/09\/vie-associative-1-150x150.jpg\",\"caption\":\"Julien\"},\"description\":\"Je suis Julien, r\u00e9dacteur pour Vie Associative. Passionn\u00e9 par le monde associatif depuis plus de 10 ans, j'ai \u00e0 c\u0153ur de partager des histoires inspirantes et de mettre en lumi\u00e8re les initiatives locales. Mon objectif est de sensibiliser et d'encourager l'engagement communautaire \u00e0 travers mes articles.\",\"sameAs\":[\"https:\/\/vieassociative.be\/\"]}]}<\/script>\n<!-- \/ Yoast SEO plugin. -->","yoast_head_json":{"title":"Quatre ans de guerre en Ukraine : y a-t-il une issue ? | Vie Associative","robots":{"index":"index","follow":"follow","max-snippet":"max-snippet:-1","max-image-preview":"max-image-preview:large","max-video-preview":"max-video-preview:-1"},"canonical":"https:\/\/vieassociative.be\/actualites\/quatre-ans-de-guerre-en-ukraine-y-a-t-il-une-issue\/","og_locale":"fr_FR","og_type":"article","og_title":"Quatre ans de guerre en Ukraine : y a-t-il une issue ? | Vie Associative","og_description":"La guerre d\u2019agression destructrice et co\u00fbteuse de la Russie contre l\u2019Ukraine entre dans sa cinqui\u00e8me ann\u00e9e. Des centaines de milliers de personnes sont mortes depuis","og_url":"https:\/\/vieassociative.be\/actualites\/quatre-ans-de-guerre-en-ukraine-y-a-t-il-une-issue\/","og_site_name":"Vie Associative","article_published_time":"2026-02-23T22:17:57+00:00","og_image":[{"width":279,"height":92,"url":"https:\/\/vieassociative.be\/actualites\/wp-content\/uploads\/2024\/09\/header_backgroundk-01-e1726694325946.png","type":"image\/png"}],"author":"Julien","twitter_card":"summary_large_image","twitter_misc":{"\u00c9crit par":"Julien","Dur\u00e9e de lecture est.":"7 minutes"},"schema":{"@context":"https:\/\/schema.org","@graph":[{"@type":"Article","@id":"https:\/\/vieassociative.be\/actualites\/quatre-ans-de-guerre-en-ukraine-y-a-t-il-une-issue\/#article","isPartOf":{"@id":"https:\/\/vieassociative.be\/actualites\/quatre-ans-de-guerre-en-ukraine-y-a-t-il-une-issue\/"},"author":{"name":"Julien","@id":"https:\/\/vieassociative.be\/actualites\/#\/schema\/person\/b87ac4f82f9d4e7b7cec7395b679edc4"},"headline":"Quatre ans de guerre en Ukraine : y a-t-il une issue ?","datePublished":"2026-02-23T22:17:57+00:00","dateModified":"2026-02-23T22:17:57+00:00","mainEntityOfPage":{"@id":"https:\/\/vieassociative.be\/actualites\/quatre-ans-de-guerre-en-ukraine-y-a-t-il-une-issue\/"},"wordCount":1336,"publisher":{"@id":"https:\/\/vieassociative.be\/actualites\/#organization"},"image":{"@id":"https:\/\/vieassociative.be\/actualites\/quatre-ans-de-guerre-en-ukraine-y-a-t-il-une-issue\/#primaryimage"},"thumbnailUrl":"https:\/\/vieassociative.be\/actualites\/wp-content\/uploads\/2026\/02\/1771885078_Quatre-ans-de-guerre-en-Ukraine-y-a-t-il-une.jpg","keywords":["ans","atil","guerre","issue","Quatre","Ukraine","une"],"articleSection":["Belgique"],"inLanguage":"fr-BE"},{"@type":"WebPage","@id":"https:\/\/vieassociative.be\/actualites\/quatre-ans-de-guerre-en-ukraine-y-a-t-il-une-issue\/","url":"https:\/\/vieassociative.be\/actualites\/quatre-ans-de-guerre-en-ukraine-y-a-t-il-une-issue\/","name":"Quatre ans de guerre en Ukraine : y a-t-il une issue ? | Vie Associative","isPartOf":{"@id":"https:\/\/vieassociative.be\/actualites\/#website"},"primaryImageOfPage":{"@id":"https:\/\/vieassociative.be\/actualites\/quatre-ans-de-guerre-en-ukraine-y-a-t-il-une-issue\/#primaryimage"},"image":{"@id":"https:\/\/vieassociative.be\/actualites\/quatre-ans-de-guerre-en-ukraine-y-a-t-il-une-issue\/#primaryimage"},"thumbnailUrl":"https:\/\/vieassociative.be\/actualites\/wp-content\/uploads\/2026\/02\/1771885078_Quatre-ans-de-guerre-en-Ukraine-y-a-t-il-une.jpg","datePublished":"2026-02-23T22:17:57+00:00","dateModified":"2026-02-23T22:17:57+00:00","breadcrumb":{"@id":"https:\/\/vieassociative.be\/actualites\/quatre-ans-de-guerre-en-ukraine-y-a-t-il-une-issue\/#breadcrumb"},"inLanguage":"fr-BE","potentialAction":[{"@type":"ReadAction","target":["https:\/\/vieassociative.be\/actualites\/quatre-ans-de-guerre-en-ukraine-y-a-t-il-une-issue\/"]}]},{"@type":"ImageObject","inLanguage":"fr-BE","@id":"https:\/\/vieassociative.be\/actualites\/quatre-ans-de-guerre-en-ukraine-y-a-t-il-une-issue\/#primaryimage","url":"https:\/\/vieassociative.be\/actualites\/wp-content\/uploads\/2026\/02\/1771885078_Quatre-ans-de-guerre-en-Ukraine-y-a-t-il-une.jpg","contentUrl":"https:\/\/vieassociative.be\/actualites\/wp-content\/uploads\/2026\/02\/1771885078_Quatre-ans-de-guerre-en-Ukraine-y-a-t-il-une.jpg","width":1200,"height":800,"caption":"Quatre ans de guerre en Ukraine : y a-t-il une issue ?"},{"@type":"BreadcrumbList","@id":"https:\/\/vieassociative.be\/actualites\/quatre-ans-de-guerre-en-ukraine-y-a-t-il-une-issue\/#breadcrumb","itemListElement":[{"@type":"ListItem","position":1,"name":"Accueil","item":"https:\/\/vieassociative.be\/actualites\/"},{"@type":"ListItem","position":2,"name":"Quatre ans de guerre en Ukraine : y a-t-il une issue ?"}]},{"@type":"WebSite","@id":"https:\/\/vieassociative.be\/actualites\/#website","url":"https:\/\/vieassociative.be\/actualites\/","name":"Vie Associative","description":"","publisher":{"@id":"https:\/\/vieassociative.be\/actualites\/#organization"},"potentialAction":[{"@type":"SearchAction","target":{"@type":"EntryPoint","urlTemplate":"https:\/\/vieassociative.be\/actualites\/?s={search_term_string}"},"query-input":{"@type":"PropertyValueSpecification","valueRequired":true,"valueName":"search_term_string"}}],"inLanguage":"fr-BE"},{"@type":"Organization","@id":"https:\/\/vieassociative.be\/actualites\/#organization","name":"Vie Associative","url":"https:\/\/vieassociative.be\/actualites\/","logo":{"@type":"ImageObject","inLanguage":"fr-BE","@id":"https:\/\/vieassociative.be\/actualites\/#\/schema\/logo\/image\/","url":"https:\/\/vieassociative.be\/actualites\/wp-content\/uploads\/2024\/09\/cropped-vieassociative_favicon.ico.png","contentUrl":"https:\/\/vieassociative.be\/actualites\/wp-content\/uploads\/2024\/09\/cropped-vieassociative_favicon.ico.png","width":512,"height":512,"caption":"Vie Associative"},"image":{"@id":"https:\/\/vieassociative.be\/actualites\/#\/schema\/logo\/image\/"}},{"@type":"Person","@id":"https:\/\/vieassociative.be\/actualites\/#\/schema\/person\/b87ac4f82f9d4e7b7cec7395b679edc4","name":"Julien","image":{"@type":"ImageObject","inLanguage":"fr-BE","@id":"https:\/\/vieassociative.be\/actualites\/#\/schema\/person\/image\/","url":"https:\/\/vieassociative.be\/actualites\/wp-content\/uploads\/2024\/09\/vie-associative-1-150x150.jpg","contentUrl":"https:\/\/vieassociative.be\/actualites\/wp-content\/uploads\/2024\/09\/vie-associative-1-150x150.jpg","caption":"Julien"},"description":"Je suis Julien, r\u00e9dacteur pour Vie Associative. Passionn\u00e9 par le monde associatif depuis plus de 10 ans, j'ai \u00e0 c\u0153ur de partager des histoires inspirantes et de mettre en lumi\u00e8re les initiatives locales. Mon objectif est de sensibiliser et d'encourager l'engagement communautaire \u00e0 travers mes articles.","sameAs":["https:\/\/vieassociative.be\/"]}]}},"_links":{"self":[{"href":"https:\/\/vieassociative.be\/actualites\/wp-json\/wp\/v2\/posts\/12768"}],"collection":[{"href":"https:\/\/vieassociative.be\/actualites\/wp-json\/wp\/v2\/posts"}],"about":[{"href":"https:\/\/vieassociative.be\/actualites\/wp-json\/wp\/v2\/types\/post"}],"author":[{"embeddable":true,"href":"https:\/\/vieassociative.be\/actualites\/wp-json\/wp\/v2\/users\/1"}],"replies":[{"embeddable":true,"href":"https:\/\/vieassociative.be\/actualites\/wp-json\/wp\/v2\/comments?post=12768"}],"version-history":[{"count":0,"href":"https:\/\/vieassociative.be\/actualites\/wp-json\/wp\/v2\/posts\/12768\/revisions"}],"wp:featuredmedia":[{"embeddable":true,"href":"https:\/\/vieassociative.be\/actualites\/wp-json\/wp\/v2\/media\/12769"}],"wp:attachment":[{"href":"https:\/\/vieassociative.be\/actualites\/wp-json\/wp\/v2\/media?parent=12768"}],"wp:term":[{"taxonomy":"category","embeddable":true,"href":"https:\/\/vieassociative.be\/actualites\/wp-json\/wp\/v2\/categories?post=12768"},{"taxonomy":"post_tag","embeddable":true,"href":"https:\/\/vieassociative.be\/actualites\/wp-json\/wp\/v2\/tags?post=12768"}],"curies":[{"name":"wp","href":"https:\/\/api.w.org\/{rel}","templated":true}]}}