{"id":12764,"date":"2026-02-23T17:17:26","date_gmt":"2026-02-23T16:17:26","guid":{"rendered":"https:\/\/vieassociative.be\/actualites\/14-a-15-degres-mardi-et-17-a-18-degres-mercredi\/"},"modified":"2026-02-23T17:17:26","modified_gmt":"2026-02-23T16:17:26","slug":"14-a-15-degres-mardi-et-17-a-18-degres-mercredi","status":"publish","type":"post","link":"https:\/\/vieassociative.be\/actualites\/14-a-15-degres-mardi-et-17-a-18-degres-mercredi\/","title":{"rendered":"14 \u00e0 15 degr\u00e9s mardi et 17 \u00e0 18 degr\u00e9s mercredi ?"},"content":{"rendered":"<p><strong>Apr\u00e8s un week-end pluvieux et nuageux, il fera nettement plus chaud en Belgique en milieu de semaine. Alors que les temp\u00e9ratures saisonni\u00e8res sont de 7 \u00e0 8 degr\u00e9s, l&rsquo;Institut royal m\u00e9t\u00e9orologique (KMI) d&rsquo;Uccle pr\u00e9voit jusqu&rsquo;\u00e0 18 degr\u00e9s pour ce mercredi 25 f\u00e9vrier 2026, et peut-\u00eatre m\u00eame 19 ou 20 degr\u00e9s localement.<\/strong><\/p>\n<p><span id=\"more-437176\"><\/span>Le record quotidien du 25 f\u00e9vrier \u00e0 Uccle a \u00e9t\u00e9 atteint en 2019 \u00e0 18 degr\u00e9s. \u00ab\u00a0Ce lundi, les temp\u00e9ratures resteront au-dessus des valeurs saisonni\u00e8res, soit 11 \u00e0 12 degr\u00e9s. Apr\u00e8s cela, le thermom\u00e8tre remontera: on s&rsquo;attend \u00e0 14 \u00e0 15 degr\u00e9s mardi et 17 \u00e0 18 degr\u00e9s mercredi\u00a0\u00bb, a d\u00e9clar\u00e9 le m\u00e9t\u00e9orologue David Dehenauw \u00e0 RTL Info. \u00ab\u00a0Apr\u00e8s cela, les temp\u00e9ratures chuteront \u00e0 nouveau jusqu&rsquo;\u00e0 environ 12 degr\u00e9s.\u00a0\u00bb<\/p>\n<p>M\u00e9t\u00e9orologiquement, l&rsquo;hiver comprend les mois de d\u00e9cembre, janvier et f\u00e9vrier, tandis que le printemps astronomique &#8211; selon la position du soleil &#8211; commence g\u00e9n\u00e9ralement le 20 ou le 21 mars. La situation m\u00e9t\u00e9orologique actuelle est due \u00e0 un courant du sud-ouest qui am\u00e8ne de l&rsquo;air atlantique doux et humide en Belgique. De telles avanc\u00e9es d\u2019air printani\u00e8re ne sont pas rares \u00e0 la fin de l\u2019hiver, mais sont particuli\u00e8rement visibles cette ann\u00e9e.<\/p>\n<div id=\"attachment_437179\" class=\"wp-caption alignleft\" style=\"max-width: 300px\"><img decoding=\"async\" class=\"wp-image-437179 size-medium\" src=\"https:\/\/vieassociative.be\/actualites\/wp-content\/uploads\/2026\/02\/14-a-15-degres-mardi-et-17-a-18-degres.jpg\" alt=\"\" width=\"300\" height=\"164\"  ><\/div>\n<p>Il a \u00e9galement plu fr\u00e9quemment ces derniers jours, donnant \u00e0 de nombreux endroits l&rsquo;impression que le mois de f\u00e9vrier a \u00e9t\u00e9 exceptionnellement humide. Selon Dehenauw, la quantit\u00e9 moyenne de pr\u00e9cipitations en f\u00e9vrier 2026 est l\u00e9g\u00e8rement sup\u00e9rieure \u00e0 80 millim\u00e8tres, soit au-dessus de la moyenne \u00e0 long terme d&rsquo;environ 60 millim\u00e8tres, mais reste bien en dessous de la valeur record de 2002 de plus de 160 millim\u00e8tres. Plusieurs zones d\u00e9pressionnaires de l&rsquo;Atlantique \u00e9taient responsables du transport de masses d&rsquo;air humides vers l&rsquo;Europe occidentale.<\/p>\n<p>Les temp\u00e9ratures inhabituellement douces affectent \u00e9galement la vie quotidienne et la nature. Les besoins en chauffage diminuent et il n\u2019y a jusqu\u2019\u00e0 pr\u00e9sent aucune perturbation de la circulation hivernale. Dans le m\u00eame temps, le sol est fortement satur\u00e9 dans de nombreux endroits en raison des pluies r\u00e9centes, ce qui peut localement entra\u00eener une augmentation des niveaux d\u2019eau. Les premi\u00e8res floraisons pr\u00e9coces pourraient appara\u00eetre dans la v\u00e9g\u00e9tation plus t\u00f4t que d&rsquo;habitude &#8211; mais il existe un risque si des gel\u00e9es nocturnes se reproduisent en mars.<\/p>\n<p>Dans l&rsquo;ensemble, la Belgique s&rsquo;annonce bien plus printani\u00e8re \u00e0 la fin du mois que ne le sugg\u00e8rent les statistiques de fin f\u00e9vrier. La question de savoir si cette tendance se poursuivra \u00e0 long terme ou si des masses d&rsquo;air plus fra\u00eeches entra\u00eeneront \u00e0 nouveau un impact hivernal d\u00e9pendra de l&rsquo;\u00e9volution future de la situation m\u00e9t\u00e9orologique g\u00e9n\u00e9rale. (cr\u00e9er)<\/p>\n","protected":false},"excerpt":{"rendered":"<p>Apr\u00e8s un week-end pluvieux et nuageux, il fera nettement plus chaud en Belgique en milieu de semaine. Alors que les temp\u00e9ratures saisonni\u00e8res sont de 7<\/p>\n","protected":false},"author":1,"featured_media":12765,"comment_status":"","ping_status":"","sticky":false,"template":"","format":"standard","meta":{"footnotes":""},"categories":[298],"tags":[1739,643,719],"class_list":["post-12764","post","type-post","status-publish","format-standard","has-post-thumbnail","hentry","category-belgique","tag-degres","tag-mardi","tag-mercredi","generate-columns","tablet-grid-50","mobile-grid-100","grid-parent","grid-33"],"yoast_head":"<!-- This site is optimized with the Yoast SEO plugin v24.0 - https:\/\/yoast.com\/wordpress\/plugins\/seo\/ -->\n<title>14 \u00e0 15 degr\u00e9s mardi et 17 \u00e0 18 degr\u00e9s mercredi ? | Vie Associative<\/title>\n<meta name=\"robots\" content=\"index, follow, max-snippet:-1, max-image-preview:large, max-video-preview:-1\" \/>\n<link rel=\"canonical\" href=\"https:\/\/vieassociative.be\/actualites\/14-a-15-degres-mardi-et-17-a-18-degres-mercredi\/\" \/>\n<meta property=\"og:locale\" content=\"fr_FR\" \/>\n<meta property=\"og:type\" content=\"article\" \/>\n<meta property=\"og:title\" content=\"14 \u00e0 15 degr\u00e9s mardi et 17 \u00e0 18 degr\u00e9s mercredi ? | Vie Associative\" \/>\n<meta property=\"og:description\" content=\"Apr\u00e8s un week-end pluvieux et nuageux, il fera nettement plus chaud en Belgique en milieu de semaine. Alors que les temp\u00e9ratures saisonni\u00e8res sont de 7\" \/>\n<meta property=\"og:url\" content=\"https:\/\/vieassociative.be\/actualites\/14-a-15-degres-mardi-et-17-a-18-degres-mercredi\/\" \/>\n<meta property=\"og:site_name\" content=\"Vie Associative\" \/>\n<meta property=\"article:published_time\" content=\"2026-02-23T16:17:26+00:00\" \/>\n<meta property=\"og:image\" content=\"https:\/\/vieassociative.be\/actualites\/wp-content\/uploads\/2024\/09\/header_backgroundk-01-e1726694325946.png\" \/>\n\t<meta property=\"og:image:width\" content=\"279\" \/>\n\t<meta property=\"og:image:height\" content=\"92\" \/>\n\t<meta property=\"og:image:type\" content=\"image\/png\" \/>\n<meta name=\"author\" content=\"Julien\" \/>\n<meta name=\"twitter:card\" content=\"summary_large_image\" \/>\n<meta name=\"twitter:label1\" content=\"\u00c9crit par\" \/>\n\t<meta name=\"twitter:data1\" content=\"Julien\" \/>\n\t<meta name=\"twitter:label2\" content=\"Dur\u00e9e de lecture est.\" \/>\n\t<meta name=\"twitter:data2\" content=\"2 minutes\" \/>\n<script type=\"application\/ld+json\" class=\"yoast-schema-graph\">{\"@context\":\"https:\/\/schema.org\",\"@graph\":[{\"@type\":\"Article\",\"@id\":\"https:\/\/vieassociative.be\/actualites\/14-a-15-degres-mardi-et-17-a-18-degres-mercredi\/#article\",\"isPartOf\":{\"@id\":\"https:\/\/vieassociative.be\/actualites\/14-a-15-degres-mardi-et-17-a-18-degres-mercredi\/\"},\"author\":{\"name\":\"Julien\",\"@id\":\"https:\/\/vieassociative.be\/actualites\/#\/schema\/person\/b87ac4f82f9d4e7b7cec7395b679edc4\"},\"headline\":\"14 \u00e0 15 degr\u00e9s mardi et 17 \u00e0 18 degr\u00e9s mercredi ?\",\"datePublished\":\"2026-02-23T16:17:26+00:00\",\"dateModified\":\"2026-02-23T16:17:26+00:00\",\"mainEntityOfPage\":{\"@id\":\"https:\/\/vieassociative.be\/actualites\/14-a-15-degres-mardi-et-17-a-18-degres-mercredi\/\"},\"wordCount\":473,\"publisher\":{\"@id\":\"https:\/\/vieassociative.be\/actualites\/#organization\"},\"image\":{\"@id\":\"https:\/\/vieassociative.be\/actualites\/14-a-15-degres-mardi-et-17-a-18-degres-mercredi\/#primaryimage\"},\"thumbnailUrl\":\"https:\/\/vieassociative.be\/actualites\/wp-content\/uploads\/2026\/02\/1771863447_14-a-15-degres-mardi-et-17-a-18-degres.jpg\",\"keywords\":[\"degr\u00e9s\",\"mardi\",\"mercredi\"],\"articleSection\":[\"Belgique\"],\"inLanguage\":\"fr-BE\"},{\"@type\":\"WebPage\",\"@id\":\"https:\/\/vieassociative.be\/actualites\/14-a-15-degres-mardi-et-17-a-18-degres-mercredi\/\",\"url\":\"https:\/\/vieassociative.be\/actualites\/14-a-15-degres-mardi-et-17-a-18-degres-mercredi\/\",\"name\":\"14 \u00e0 15 degr\u00e9s mardi et 17 \u00e0 18 degr\u00e9s mercredi ? | Vie Associative\",\"isPartOf\":{\"@id\":\"https:\/\/vieassociative.be\/actualites\/#website\"},\"primaryImageOfPage\":{\"@id\":\"https:\/\/vieassociative.be\/actualites\/14-a-15-degres-mardi-et-17-a-18-degres-mercredi\/#primaryimage\"},\"image\":{\"@id\":\"https:\/\/vieassociative.be\/actualites\/14-a-15-degres-mardi-et-17-a-18-degres-mercredi\/#primaryimage\"},\"thumbnailUrl\":\"https:\/\/vieassociative.be\/actualites\/wp-content\/uploads\/2026\/02\/1771863447_14-a-15-degres-mardi-et-17-a-18-degres.jpg\",\"datePublished\":\"2026-02-23T16:17:26+00:00\",\"dateModified\":\"2026-02-23T16:17:26+00:00\",\"breadcrumb\":{\"@id\":\"https:\/\/vieassociative.be\/actualites\/14-a-15-degres-mardi-et-17-a-18-degres-mercredi\/#breadcrumb\"},\"inLanguage\":\"fr-BE\",\"potentialAction\":[{\"@type\":\"ReadAction\",\"target\":[\"https:\/\/vieassociative.be\/actualites\/14-a-15-degres-mardi-et-17-a-18-degres-mercredi\/\"]}]},{\"@type\":\"ImageObject\",\"inLanguage\":\"fr-BE\",\"@id\":\"https:\/\/vieassociative.be\/actualites\/14-a-15-degres-mardi-et-17-a-18-degres-mercredi\/#primaryimage\",\"url\":\"https:\/\/vieassociative.be\/actualites\/wp-content\/uploads\/2026\/02\/1771863447_14-a-15-degres-mardi-et-17-a-18-degres.jpg\",\"contentUrl\":\"https:\/\/vieassociative.be\/actualites\/wp-content\/uploads\/2026\/02\/1771863447_14-a-15-degres-mardi-et-17-a-18-degres.jpg\",\"width\":1000,\"height\":667,\"caption\":\"14 \u00e0 15 degr\u00e9s mardi et 17 \u00e0 18 degr\u00e9s mercredi ?\"},{\"@type\":\"BreadcrumbList\",\"@id\":\"https:\/\/vieassociative.be\/actualites\/14-a-15-degres-mardi-et-17-a-18-degres-mercredi\/#breadcrumb\",\"itemListElement\":[{\"@type\":\"ListItem\",\"position\":1,\"name\":\"Accueil\",\"item\":\"https:\/\/vieassociative.be\/actualites\/\"},{\"@type\":\"ListItem\",\"position\":2,\"name\":\"14 \u00e0 15 degr\u00e9s mardi et 17 \u00e0 18 degr\u00e9s mercredi ?\"}]},{\"@type\":\"WebSite\",\"@id\":\"https:\/\/vieassociative.be\/actualites\/#website\",\"url\":\"https:\/\/vieassociative.be\/actualites\/\",\"name\":\"Vie Associative\",\"description\":\"\",\"publisher\":{\"@id\":\"https:\/\/vieassociative.be\/actualites\/#organization\"},\"potentialAction\":[{\"@type\":\"SearchAction\",\"target\":{\"@type\":\"EntryPoint\",\"urlTemplate\":\"https:\/\/vieassociative.be\/actualites\/?s={search_term_string}\"},\"query-input\":{\"@type\":\"PropertyValueSpecification\",\"valueRequired\":true,\"valueName\":\"search_term_string\"}}],\"inLanguage\":\"fr-BE\"},{\"@type\":\"Organization\",\"@id\":\"https:\/\/vieassociative.be\/actualites\/#organization\",\"name\":\"Vie Associative\",\"url\":\"https:\/\/vieassociative.be\/actualites\/\",\"logo\":{\"@type\":\"ImageObject\",\"inLanguage\":\"fr-BE\",\"@id\":\"https:\/\/vieassociative.be\/actualites\/#\/schema\/logo\/image\/\",\"url\":\"https:\/\/vieassociative.be\/actualites\/wp-content\/uploads\/2024\/09\/cropped-vieassociative_favicon.ico.png\",\"contentUrl\":\"https:\/\/vieassociative.be\/actualites\/wp-content\/uploads\/2024\/09\/cropped-vieassociative_favicon.ico.png\",\"width\":512,\"height\":512,\"caption\":\"Vie Associative\"},\"image\":{\"@id\":\"https:\/\/vieassociative.be\/actualites\/#\/schema\/logo\/image\/\"}},{\"@type\":\"Person\",\"@id\":\"https:\/\/vieassociative.be\/actualites\/#\/schema\/person\/b87ac4f82f9d4e7b7cec7395b679edc4\",\"name\":\"Julien\",\"image\":{\"@type\":\"ImageObject\",\"inLanguage\":\"fr-BE\",\"@id\":\"https:\/\/vieassociative.be\/actualites\/#\/schema\/person\/image\/\",\"url\":\"https:\/\/vieassociative.be\/actualites\/wp-content\/uploads\/2024\/09\/vie-associative-1-150x150.jpg\",\"contentUrl\":\"https:\/\/vieassociative.be\/actualites\/wp-content\/uploads\/2024\/09\/vie-associative-1-150x150.jpg\",\"caption\":\"Julien\"},\"description\":\"Je suis Julien, r\u00e9dacteur pour Vie Associative. Passionn\u00e9 par le monde associatif depuis plus de 10 ans, j'ai \u00e0 c\u0153ur de partager des histoires inspirantes et de mettre en lumi\u00e8re les initiatives locales. Mon objectif est de sensibiliser et d'encourager l'engagement communautaire \u00e0 travers mes articles.\",\"sameAs\":[\"https:\/\/vieassociative.be\/\"]}]}<\/script>\n<!-- \/ Yoast SEO plugin. -->","yoast_head_json":{"title":"14 \u00e0 15 degr\u00e9s mardi et 17 \u00e0 18 degr\u00e9s mercredi ? | Vie Associative","robots":{"index":"index","follow":"follow","max-snippet":"max-snippet:-1","max-image-preview":"max-image-preview:large","max-video-preview":"max-video-preview:-1"},"canonical":"https:\/\/vieassociative.be\/actualites\/14-a-15-degres-mardi-et-17-a-18-degres-mercredi\/","og_locale":"fr_FR","og_type":"article","og_title":"14 \u00e0 15 degr\u00e9s mardi et 17 \u00e0 18 degr\u00e9s mercredi ? | Vie Associative","og_description":"Apr\u00e8s un week-end pluvieux et nuageux, il fera nettement plus chaud en Belgique en milieu de semaine. Alors que les temp\u00e9ratures saisonni\u00e8res sont de 7","og_url":"https:\/\/vieassociative.be\/actualites\/14-a-15-degres-mardi-et-17-a-18-degres-mercredi\/","og_site_name":"Vie Associative","article_published_time":"2026-02-23T16:17:26+00:00","og_image":[{"width":279,"height":92,"url":"https:\/\/vieassociative.be\/actualites\/wp-content\/uploads\/2024\/09\/header_backgroundk-01-e1726694325946.png","type":"image\/png"}],"author":"Julien","twitter_card":"summary_large_image","twitter_misc":{"\u00c9crit par":"Julien","Dur\u00e9e de lecture est.":"2 minutes"},"schema":{"@context":"https:\/\/schema.org","@graph":[{"@type":"Article","@id":"https:\/\/vieassociative.be\/actualites\/14-a-15-degres-mardi-et-17-a-18-degres-mercredi\/#article","isPartOf":{"@id":"https:\/\/vieassociative.be\/actualites\/14-a-15-degres-mardi-et-17-a-18-degres-mercredi\/"},"author":{"name":"Julien","@id":"https:\/\/vieassociative.be\/actualites\/#\/schema\/person\/b87ac4f82f9d4e7b7cec7395b679edc4"},"headline":"14 \u00e0 15 degr\u00e9s mardi et 17 \u00e0 18 degr\u00e9s mercredi ?","datePublished":"2026-02-23T16:17:26+00:00","dateModified":"2026-02-23T16:17:26+00:00","mainEntityOfPage":{"@id":"https:\/\/vieassociative.be\/actualites\/14-a-15-degres-mardi-et-17-a-18-degres-mercredi\/"},"wordCount":473,"publisher":{"@id":"https:\/\/vieassociative.be\/actualites\/#organization"},"image":{"@id":"https:\/\/vieassociative.be\/actualites\/14-a-15-degres-mardi-et-17-a-18-degres-mercredi\/#primaryimage"},"thumbnailUrl":"https:\/\/vieassociative.be\/actualites\/wp-content\/uploads\/2026\/02\/1771863447_14-a-15-degres-mardi-et-17-a-18-degres.jpg","keywords":["degr\u00e9s","mardi","mercredi"],"articleSection":["Belgique"],"inLanguage":"fr-BE"},{"@type":"WebPage","@id":"https:\/\/vieassociative.be\/actualites\/14-a-15-degres-mardi-et-17-a-18-degres-mercredi\/","url":"https:\/\/vieassociative.be\/actualites\/14-a-15-degres-mardi-et-17-a-18-degres-mercredi\/","name":"14 \u00e0 15 degr\u00e9s mardi et 17 \u00e0 18 degr\u00e9s mercredi ? | Vie Associative","isPartOf":{"@id":"https:\/\/vieassociative.be\/actualites\/#website"},"primaryImageOfPage":{"@id":"https:\/\/vieassociative.be\/actualites\/14-a-15-degres-mardi-et-17-a-18-degres-mercredi\/#primaryimage"},"image":{"@id":"https:\/\/vieassociative.be\/actualites\/14-a-15-degres-mardi-et-17-a-18-degres-mercredi\/#primaryimage"},"thumbnailUrl":"https:\/\/vieassociative.be\/actualites\/wp-content\/uploads\/2026\/02\/1771863447_14-a-15-degres-mardi-et-17-a-18-degres.jpg","datePublished":"2026-02-23T16:17:26+00:00","dateModified":"2026-02-23T16:17:26+00:00","breadcrumb":{"@id":"https:\/\/vieassociative.be\/actualites\/14-a-15-degres-mardi-et-17-a-18-degres-mercredi\/#breadcrumb"},"inLanguage":"fr-BE","potentialAction":[{"@type":"ReadAction","target":["https:\/\/vieassociative.be\/actualites\/14-a-15-degres-mardi-et-17-a-18-degres-mercredi\/"]}]},{"@type":"ImageObject","inLanguage":"fr-BE","@id":"https:\/\/vieassociative.be\/actualites\/14-a-15-degres-mardi-et-17-a-18-degres-mercredi\/#primaryimage","url":"https:\/\/vieassociative.be\/actualites\/wp-content\/uploads\/2026\/02\/1771863447_14-a-15-degres-mardi-et-17-a-18-degres.jpg","contentUrl":"https:\/\/vieassociative.be\/actualites\/wp-content\/uploads\/2026\/02\/1771863447_14-a-15-degres-mardi-et-17-a-18-degres.jpg","width":1000,"height":667,"caption":"14 \u00e0 15 degr\u00e9s mardi et 17 \u00e0 18 degr\u00e9s mercredi ?"},{"@type":"BreadcrumbList","@id":"https:\/\/vieassociative.be\/actualites\/14-a-15-degres-mardi-et-17-a-18-degres-mercredi\/#breadcrumb","itemListElement":[{"@type":"ListItem","position":1,"name":"Accueil","item":"https:\/\/vieassociative.be\/actualites\/"},{"@type":"ListItem","position":2,"name":"14 \u00e0 15 degr\u00e9s mardi et 17 \u00e0 18 degr\u00e9s mercredi ?"}]},{"@type":"WebSite","@id":"https:\/\/vieassociative.be\/actualites\/#website","url":"https:\/\/vieassociative.be\/actualites\/","name":"Vie Associative","description":"","publisher":{"@id":"https:\/\/vieassociative.be\/actualites\/#organization"},"potentialAction":[{"@type":"SearchAction","target":{"@type":"EntryPoint","urlTemplate":"https:\/\/vieassociative.be\/actualites\/?s={search_term_string}"},"query-input":{"@type":"PropertyValueSpecification","valueRequired":true,"valueName":"search_term_string"}}],"inLanguage":"fr-BE"},{"@type":"Organization","@id":"https:\/\/vieassociative.be\/actualites\/#organization","name":"Vie Associative","url":"https:\/\/vieassociative.be\/actualites\/","logo":{"@type":"ImageObject","inLanguage":"fr-BE","@id":"https:\/\/vieassociative.be\/actualites\/#\/schema\/logo\/image\/","url":"https:\/\/vieassociative.be\/actualites\/wp-content\/uploads\/2024\/09\/cropped-vieassociative_favicon.ico.png","contentUrl":"https:\/\/vieassociative.be\/actualites\/wp-content\/uploads\/2024\/09\/cropped-vieassociative_favicon.ico.png","width":512,"height":512,"caption":"Vie Associative"},"image":{"@id":"https:\/\/vieassociative.be\/actualites\/#\/schema\/logo\/image\/"}},{"@type":"Person","@id":"https:\/\/vieassociative.be\/actualites\/#\/schema\/person\/b87ac4f82f9d4e7b7cec7395b679edc4","name":"Julien","image":{"@type":"ImageObject","inLanguage":"fr-BE","@id":"https:\/\/vieassociative.be\/actualites\/#\/schema\/person\/image\/","url":"https:\/\/vieassociative.be\/actualites\/wp-content\/uploads\/2024\/09\/vie-associative-1-150x150.jpg","contentUrl":"https:\/\/vieassociative.be\/actualites\/wp-content\/uploads\/2024\/09\/vie-associative-1-150x150.jpg","caption":"Julien"},"description":"Je suis Julien, r\u00e9dacteur pour Vie Associative. Passionn\u00e9 par le monde associatif depuis plus de 10 ans, j'ai \u00e0 c\u0153ur de partager des histoires inspirantes et de mettre en lumi\u00e8re les initiatives locales. Mon objectif est de sensibiliser et d'encourager l'engagement communautaire \u00e0 travers mes articles.","sameAs":["https:\/\/vieassociative.be\/"]}]}},"_links":{"self":[{"href":"https:\/\/vieassociative.be\/actualites\/wp-json\/wp\/v2\/posts\/12764"}],"collection":[{"href":"https:\/\/vieassociative.be\/actualites\/wp-json\/wp\/v2\/posts"}],"about":[{"href":"https:\/\/vieassociative.be\/actualites\/wp-json\/wp\/v2\/types\/post"}],"author":[{"embeddable":true,"href":"https:\/\/vieassociative.be\/actualites\/wp-json\/wp\/v2\/users\/1"}],"replies":[{"embeddable":true,"href":"https:\/\/vieassociative.be\/actualites\/wp-json\/wp\/v2\/comments?post=12764"}],"version-history":[{"count":0,"href":"https:\/\/vieassociative.be\/actualites\/wp-json\/wp\/v2\/posts\/12764\/revisions"}],"wp:featuredmedia":[{"embeddable":true,"href":"https:\/\/vieassociative.be\/actualites\/wp-json\/wp\/v2\/media\/12765"}],"wp:attachment":[{"href":"https:\/\/vieassociative.be\/actualites\/wp-json\/wp\/v2\/media?parent=12764"}],"wp:term":[{"taxonomy":"category","embeddable":true,"href":"https:\/\/vieassociative.be\/actualites\/wp-json\/wp\/v2\/categories?post=12764"},{"taxonomy":"post_tag","embeddable":true,"href":"https:\/\/vieassociative.be\/actualites\/wp-json\/wp\/v2\/tags?post=12764"}],"curies":[{"name":"wp","href":"https:\/\/api.w.org\/{rel}","templated":true}]}}