{"id":12762,"date":"2026-02-23T16:17:21","date_gmt":"2026-02-23T15:17:21","guid":{"rendered":"https:\/\/vieassociative.be\/actualites\/le-guide-de-la-culture-enfantine-a-lintention-des-adultes-deconnectes-quest-ce-que-le-syndrome-de-baby-boo\/"},"modified":"2026-02-23T16:17:21","modified_gmt":"2026-02-23T15:17:21","slug":"le-guide-de-la-culture-enfantine-a-lintention-des-adultes-deconnectes-quest-ce-que-le-syndrome-de-baby-boo","status":"publish","type":"post","link":"https:\/\/vieassociative.be\/actualites\/le-guide-de-la-culture-enfantine-a-lintention-des-adultes-deconnectes-quest-ce-que-le-syndrome-de-baby-boo\/","title":{"rendered":"Le guide de la culture enfantine \u00e0 l&rsquo;intention des adultes d\u00e9connect\u00e9s\u00a0: qu&rsquo;est-ce que le \u00ab\u00a0syndrome de Baby Boo\u00a0\u00bb\u00a0?"},"content":{"rendered":"<p>Si vous voulez comprendre une g\u00e9n\u00e9ration, regardez les athl\u00e8tes qu\u2019elle v\u00e9n\u00e8re. Le conformisme suburbain de la g\u00e9n\u00e9ration d&rsquo;apr\u00e8s-guerre a trouv\u00e9 un h\u00e9ros dans l&rsquo;homme de compagnie par excellence du baseball, Stan Musial, et ses 22 saisons avec les Cardinals. Les baby-boomers \u00e9taient attir\u00e9s par Broadway Joe Namath, une c\u00e9l\u00e9brit\u00e9 importante qui n&rsquo;\u00e9tait m\u00eame pas un bon quarterback. La g\u00e9n\u00e9ration X se voyait dans le style sto\u00efque et solitaire de Tiger Woods dans un aspirateur \u00e0 enjeux \u00e9lev\u00e9s. Les Jeux olympiques d&rsquo;hiver de cette ann\u00e9e ont pr\u00e9sent\u00e9 au monde les premiers athl\u00e8tes embl\u00e9matiques qui expriment l&rsquo;ambiance de la g\u00e9n\u00e9ration Z, et ils sont <em>incroyable<\/em>. Mais d\u2019abord, parlons du syndrome Baby Boo. <\/p>\n<h2 id=\"what-is-baby-boo-syndrome\">Qu\u2019est-ce que le \u00ab syndrome de Baby Boo \u00bb ?<\/h2>\n<p>Il semble que tout le monde sur TikTok ait souffert du syndrome de Baby Boo cette semaine. La tendance a commenc\u00e9 avec une courte vid\u00e9o de danse de @selenaaa.dta utilisant un extrait particulier de \u00ab\u00a0What You Is\u00a0\u00bb de YoungBoy Never Broke Again. Le rappeur qui dit \u00ab\u00a0She gon call me baby boo\u00a0\u00bb est \u00e0 la fois tr\u00e8s accrocheur et vraiment ennuyeux, en d&rsquo;autres termes, un parfait ver d&rsquo;oreille.<\/p>\n<blockquote class=\"tiktokEmbed tiktok-embed\" data-video-id=\"7554896016722414903\" style=\"max-width: 605px;min-width: 325px\">\n<section><\/section>\n<\/blockquote>\n<p>Le style unique de @selenaaa.dta a valu \u00e0 sa vid\u00e9o plus de 10 millions de vues, mais il a fallu plus d&rsquo;un an pour que tout le monde rattrape son retard et commence \u00e0 publier sa propre chor\u00e9graphie sur la musique. Puis les choses sont devenues bizarres. <\/p>\n<p>Des variations et des remix de Baby Boo ont commenc\u00e9 \u00e0 appara\u00eetre, comme cette reprise d&rsquo;op\u00e9ra\u00a0:<\/p>\n<blockquote class=\"tiktokEmbed tiktok-embed\" data-video-id=\"7608274529349127455\" style=\"max-width: 605px;min-width: 325px\">\n<section><\/section>\n<\/blockquote>\n<p>et ce remix patriotique\u00a0:<\/p>\n<blockquote class=\"tiktokEmbed tiktok-embed\" data-video-id=\"7605046464724634893\" style=\"max-width: 605px;min-width: 325px\">\n<section><\/section>\n<\/blockquote>\n<p>Et ce mash-up avec \u00ab\u00a0Baby Shark\u00a0\u00bb<\/p>\n<blockquote class=\"tiktokEmbed tiktok-embed\" data-video-id=\"7605082184835288334\" style=\"max-width: 605px;min-width: 325px\">\n<section><\/section>\n<\/blockquote>\n<p>La propagation rapide de la tendance et le caract\u00e8re accrocheur de la chanson ont rapidement conduit les gens \u00e0 diagnostiquer des cas de \u00ab syndrome de Baby Boo \u00bb dans des vid\u00e9os comme celle-ci\u00a0: <\/p>\n<blockquote class=\"tiktokEmbed tiktok-embed\" data-video-id=\"7608676283945454862\" style=\"max-width: 605px;min-width: 325px\">\n<section><\/section>\n<\/blockquote>\n<p>et comme \u00e7a : <\/p>\n<blockquote class=\"tiktokEmbed tiktok-embed\" data-video-id=\"7607475290553568534\" style=\"max-width: 605px;min-width: 325px\">\n<section><\/section>\n<\/blockquote>\n<p>et ceci : <\/p>\n<blockquote class=\"tiktokEmbed tiktok-embed\" data-video-id=\"7608826135316630814\" style=\"max-width: 605px;min-width: 325px\">\n<section><\/section>\n<\/blockquote>\n<p>J&rsquo;obtiens 6-7 vibrations avec celui-ci. <\/p>\n<h2 id=\"alysa-liu-is-gen-zs-sports-hero\">Alysa Liu est l&rsquo;h\u00e9ro\u00efne sportive de la g\u00e9n\u00e9ration Z<\/h2>\n<div class=\"mx-auto mt-8 w-full max-w-4xl aspect-video\">\n<div id=\"video-container-01KJ5FPNZY33CNP8WRP0PFVNYJ\"><\/div>\n<\/div>\n<p>La patineuse artistique m\u00e9daill\u00e9e d&rsquo;or olympique Alysa Liu est cette athl\u00e8te rare que les enfants <em>devrait<\/em> envisager un mod\u00e8le. Liu incarne tout ce qui rend les gens entre 14 et 29 ans, et l&rsquo;Am\u00e9rique elle-m\u00eame, si uniques et g\u00e9niaux. Il y a d\u2019abord le look. Le halo blond et le piercing du frein de Liu sont parfaitement en phase avec l&rsquo;esth\u00e9tique de la g\u00e9n\u00e9ration Z, mais ils sont plus profonds que le style.<\/p>\n<p>  Comme environ 22 % de la g\u00e9n\u00e9ration Z, Liu est issue d\u2019une famille d\u2019immigr\u00e9s : ses parents sont des dissidents chinois qui ont fui apr\u00e8s la place Tiananmen. Liu \u00e9tait une prodige du patinage, puis, comme tout le monde de son \u00e2ge, la COVID a fa\u00e7onn\u00e9 son destin. Elle a pris sa retraite du patinage \u00e0 16 ans lorsque la fermeture de sa patinoire locale lui a donn\u00e9 le temps de r\u00e9fl\u00e9chir aux tensions que le patinage mettait sur sa sant\u00e9 mentale. Apr\u00e8s avoir fr\u00e9quent\u00e9 l&rsquo;UCLA pendant deux ans, Liu est revenue sur la glace, mais selon ses propres conditions, tr\u00e8s Gen Z : elle serait responsable de son programme d&rsquo;entra\u00eenement, de ses costumes et de son r\u00e9gime alimentaire. Peut-\u00eatre plus important encore, elle a rejet\u00e9 la comp\u00e9titivit\u00e9 de son sport et a pr\u00e9f\u00e9r\u00e9 consid\u00e9rer le patinage artistique comme un acte d&rsquo;expression personnelle, quelque chose <em>amusant<\/em>. <\/p>\n<p>Beaucoup dans le monde conservateur du patinage artistique pensaient qu&rsquo;elle \u00e9tait finie : on ne r\u00e9ussit pas en tant qu&rsquo;athl\u00e8te de classe mondiale sans tout sacrifier dans sa vie pour cela, et ce n&rsquo;est certainement pas amusant. Mais Liu a r\u00e9ussi \u00e0 se rendre aux Jeux olympiques et <em>assassin\u00e9<\/em> sa routine individuelle comme si ce n&rsquo;\u00e9tait pas grave, puis a quitt\u00e9 la glace en lan\u00e7ant \u00e0 la cam\u00e9ra de NBC un copieux: \u00ab\u00a0C&rsquo;est ce que je suis <em>putain de parler<\/em> <em>\u00e0 propos<\/em>\u00a0\u00bb Tellement punk rock. Tout aussi embl\u00e9matique : Liu partage la victoire avec la m\u00e9daill\u00e9e d&rsquo;argent Kaori Sakamoto du Japon.<\/p>\n<h2 id=\"amber-glenn-alysa-lius-nerdier-counterpart\">Amber Glenn : l&rsquo;homologue plus ringard d&rsquo;Alysa Liu<\/h2>\n<p>Peut-\u00eatre qu&rsquo;elle n&rsquo;est pas aussi f\u00e9roce et directe que Liu, mais la patineuse artistique de l&rsquo;\u00e9quipe am\u00e9ricaine Amber Glenn est \u00e9galement en train de devenir une ic\u00f4ne de la g\u00e9n\u00e9ration Z. La patineuse artistique de 26 ans parle ouvertement de ses probl\u00e8mes de sant\u00e9 mentale et de son statut d&rsquo;homosexuelle, et elle est \u00e9galement une joueuse passionn\u00e9e de Magic : The Gathering. Une interview r\u00e9cente r\u00e9v\u00e8le que Glenn porte ses cartes Magic avec elle, mais laisse les \u00ab\u00a0super fantaisies\u00a0\u00bb \u00e0 la maison parce qu&rsquo;elles sont ses biens les plus pr\u00e9cieux et qu&rsquo;elle ne veut pas les perdre. <\/p>\n<div class=\"mx-auto mt-8 w-full max-w-4xl aspect-video\">\n<div id=\"video-container-01KJ5FPNZZFYS8X0T28EAWY592\"><\/div>\n<\/div>\n<h2 id=\"viral-video-of-the-week-punch-kun-the-monkey\">Vid\u00e9o virale de la semaine : Punch-kun le singe<\/h2>\n<p>Le personnage principal d&rsquo;Internet cette semaine est un b\u00e9b\u00e9 macaque du Japon. Punch-kun a \u00e9t\u00e9 pr\u00e9sent\u00e9 au monde sur le compte Twitter du zoo de la ville d&rsquo;Ichikawa. <\/p>\n<blockquote class=\"twitterEmbed twitter-tweet\"><p>\n    <a rel=\"nofollow noopener\" class=\"text-gray-600\" href=\"https:\/\/twitter.com\/ichikawa_zoo\/status\/2019304990565904830\" title=\"open in a new window\" target=\"_blank\"><\/p>\n<p>        Ce Tweet est actuellement indisponible. Il est peut-\u00eatre en cours de chargement ou a \u00e9t\u00e9 supprim\u00e9.<br \/>\n    <\/a>\n<\/p><\/blockquote>\n<p>Punch est n\u00e9 le 26 juillet 2025, mais a \u00e9t\u00e9 rejet\u00e9 par sa m\u00e8re stress\u00e9e. Les gardiens du zoo l&rsquo;ont \u00e9lev\u00e9 et lui ont donn\u00e9 une peluche orang-outan pour remplacer maman. Il le tra\u00eene partout, ce qui est mignon, mais les choses sont devenues beaucoup moins adorables lorsque le zoo a pr\u00e9sent\u00e9 le petit bonhomme \u00e0 d&rsquo;autres singes. Cela ne semble pas bien se passer du tout.<\/p>\n<blockquote class=\"tiktokEmbed tiktok-embed\" data-video-id=\"7608788961808436488\" style=\"max-width: 605px;min-width: 325px\">\n<section><\/section>\n<\/blockquote>\n<p>Tout le monde a diffus\u00e9 la vid\u00e9o ci-dessus, car comment pourriez-vous ne pas le faire\u00a0? C&rsquo;est tellement poignant. Beaucoup ont \u00e9t\u00e9 \u00e9mus, et d&rsquo;autres ont \u00e9t\u00e9 irrit\u00e9s par les mauvais traitements apparents inflig\u00e9s \u00e0 Punch par les autres macaques, ou en col\u00e8re contre le zoo pour l&rsquo;avoir mis dans cette position. <\/p>\n<p>Bizarrement, il s\u2019av\u00e8re qu\u2019Internet s\u2019est totalement tromp\u00e9. La controverse a conduit le zoo \u00e0 expliquer que le macaque qui le tra\u00eene dans la vid\u00e9o n&rsquo;intimide pas Punch ; c&rsquo;est un membre plus \u00e2g\u00e9 de la troupe qui lui apprend \u00e0 s&rsquo;int\u00e9grer. C&rsquo;est une affaire de singe. Ce sont des animaux sauvages et ils ne font pas les choses comme le font les humains. <\/p>\n<p>La saga de Punch continue. Parfois, il semble mieux s&rsquo;entendre avec la troupe, parfois il semble encore \u00eatre un \u00e9tranger. Continuez \u00e0 consulter tous les sites de m\u00e9dias sociaux pour les mises \u00e0 jour.<\/p>\n<p><script async src=\"https:\/\/platform.twitter.com\/widgets.js\" charset=\"utf-8\"><\/script><script async src=\"\/\/www.tiktok.com\/embed.js\"><\/script><\/p>\n","protected":false},"excerpt":{"rendered":"<p>Si vous voulez comprendre une g\u00e9n\u00e9ration, regardez les athl\u00e8tes qu\u2019elle v\u00e9n\u00e8re. Le conformisme suburbain de la g\u00e9n\u00e9ration d&rsquo;apr\u00e8s-guerre a trouv\u00e9 un h\u00e9ros dans l&rsquo;homme de<\/p>\n","protected":false},"author":1,"featured_media":12763,"comment_status":"","ping_status":"","sticky":false,"template":"","format":"standard","meta":{"footnotes":""},"categories":[36],"tags":[899,3305,2202,2805,2806,29,4196,461,4197,2006,4615],"class_list":["post-12762","post","type-post","status-publish","format-standard","has-post-thumbnail","hentry","category-divertissement","tag-adultes","tag-baby","tag-boo","tag-culture","tag-deconnectes","tag-des","tag-enfantine","tag-guide","tag-lintention","tag-questce","tag-syndrome","generate-columns","tablet-grid-50","mobile-grid-100","grid-parent","grid-33"],"yoast_head":"<!-- This site is optimized with the Yoast SEO plugin v24.0 - https:\/\/yoast.com\/wordpress\/plugins\/seo\/ -->\n<title>Le guide de la culture enfantine \u00e0 l&#039;intention des adultes d\u00e9connect\u00e9s\u00a0: qu&#039;est-ce que le \u00ab\u00a0syndrome de Baby Boo\u00a0\u00bb\u00a0? | Vie Associative<\/title>\n<meta name=\"robots\" content=\"index, follow, max-snippet:-1, max-image-preview:large, max-video-preview:-1\" \/>\n<link rel=\"canonical\" href=\"https:\/\/vieassociative.be\/actualites\/le-guide-de-la-culture-enfantine-a-lintention-des-adultes-deconnectes-quest-ce-que-le-syndrome-de-baby-boo\/\" \/>\n<meta property=\"og:locale\" content=\"fr_FR\" \/>\n<meta property=\"og:type\" content=\"article\" \/>\n<meta property=\"og:title\" content=\"Le guide de la culture enfantine \u00e0 l&#039;intention des adultes d\u00e9connect\u00e9s\u00a0: qu&#039;est-ce que le \u00ab\u00a0syndrome de Baby Boo\u00a0\u00bb\u00a0? | Vie Associative\" \/>\n<meta property=\"og:description\" content=\"Si vous voulez comprendre une g\u00e9n\u00e9ration, regardez les athl\u00e8tes qu\u2019elle v\u00e9n\u00e8re. Le conformisme suburbain de la g\u00e9n\u00e9ration d&rsquo;apr\u00e8s-guerre a trouv\u00e9 un h\u00e9ros dans l&rsquo;homme de\" \/>\n<meta property=\"og:url\" content=\"https:\/\/vieassociative.be\/actualites\/le-guide-de-la-culture-enfantine-a-lintention-des-adultes-deconnectes-quest-ce-que-le-syndrome-de-baby-boo\/\" \/>\n<meta property=\"og:site_name\" content=\"Vie Associative\" \/>\n<meta property=\"article:published_time\" content=\"2026-02-23T15:17:21+00:00\" \/>\n<meta property=\"og:image\" content=\"https:\/\/vieassociative.be\/actualites\/wp-content\/uploads\/2024\/09\/header_backgroundk-01-e1726694325946.png\" \/>\n\t<meta property=\"og:image:width\" content=\"279\" \/>\n\t<meta property=\"og:image:height\" content=\"92\" \/>\n\t<meta property=\"og:image:type\" content=\"image\/png\" \/>\n<meta name=\"author\" content=\"Julien\" \/>\n<meta name=\"twitter:card\" content=\"summary_large_image\" \/>\n<meta name=\"twitter:label1\" content=\"\u00c9crit par\" \/>\n\t<meta name=\"twitter:data1\" content=\"Julien\" \/>\n\t<meta name=\"twitter:label2\" content=\"Dur\u00e9e de lecture est.\" \/>\n\t<meta name=\"twitter:data2\" content=\"5 minutes\" \/>\n<script type=\"application\/ld+json\" class=\"yoast-schema-graph\">{\"@context\":\"https:\/\/schema.org\",\"@graph\":[{\"@type\":\"Article\",\"@id\":\"https:\/\/vieassociative.be\/actualites\/le-guide-de-la-culture-enfantine-a-lintention-des-adultes-deconnectes-quest-ce-que-le-syndrome-de-baby-boo\/#article\",\"isPartOf\":{\"@id\":\"https:\/\/vieassociative.be\/actualites\/le-guide-de-la-culture-enfantine-a-lintention-des-adultes-deconnectes-quest-ce-que-le-syndrome-de-baby-boo\/\"},\"author\":{\"name\":\"Julien\",\"@id\":\"https:\/\/vieassociative.be\/actualites\/#\/schema\/person\/b87ac4f82f9d4e7b7cec7395b679edc4\"},\"headline\":\"Le guide de la culture enfantine \u00e0 l&rsquo;intention des adultes d\u00e9connect\u00e9s\u00a0: qu&rsquo;est-ce que le \u00ab\u00a0syndrome de Baby Boo\u00a0\u00bb\u00a0?\",\"datePublished\":\"2026-02-23T15:17:21+00:00\",\"dateModified\":\"2026-02-23T15:17:21+00:00\",\"mainEntityOfPage\":{\"@id\":\"https:\/\/vieassociative.be\/actualites\/le-guide-de-la-culture-enfantine-a-lintention-des-adultes-deconnectes-quest-ce-que-le-syndrome-de-baby-boo\/\"},\"wordCount\":1141,\"publisher\":{\"@id\":\"https:\/\/vieassociative.be\/actualites\/#organization\"},\"image\":{\"@id\":\"https:\/\/vieassociative.be\/actualites\/le-guide-de-la-culture-enfantine-a-lintention-des-adultes-deconnectes-quest-ce-que-le-syndrome-de-baby-boo\/#primaryimage\"},\"thumbnailUrl\":\"https:\/\/vieassociative.be\/actualites\/wp-content\/uploads\/2026\/02\/Le-guide-de-la-culture-enfantine-a-lintention-des-adultes.png\",\"keywords\":[\"adultes\",\"Baby\",\"Boo\",\"culture\",\"d\u00e9connect\u00e9s\",\"Des\",\"enfantine\",\"Guide\",\"lintention\",\"Questce\",\"syndrome\"],\"articleSection\":[\"Divertissement\"],\"inLanguage\":\"fr-BE\"},{\"@type\":\"WebPage\",\"@id\":\"https:\/\/vieassociative.be\/actualites\/le-guide-de-la-culture-enfantine-a-lintention-des-adultes-deconnectes-quest-ce-que-le-syndrome-de-baby-boo\/\",\"url\":\"https:\/\/vieassociative.be\/actualites\/le-guide-de-la-culture-enfantine-a-lintention-des-adultes-deconnectes-quest-ce-que-le-syndrome-de-baby-boo\/\",\"name\":\"Le guide de la culture enfantine \u00e0 l'intention des adultes d\u00e9connect\u00e9s\u00a0: qu'est-ce que le \u00ab\u00a0syndrome de Baby Boo\u00a0\u00bb\u00a0? | Vie Associative\",\"isPartOf\":{\"@id\":\"https:\/\/vieassociative.be\/actualites\/#website\"},\"primaryImageOfPage\":{\"@id\":\"https:\/\/vieassociative.be\/actualites\/le-guide-de-la-culture-enfantine-a-lintention-des-adultes-deconnectes-quest-ce-que-le-syndrome-de-baby-boo\/#primaryimage\"},\"image\":{\"@id\":\"https:\/\/vieassociative.be\/actualites\/le-guide-de-la-culture-enfantine-a-lintention-des-adultes-deconnectes-quest-ce-que-le-syndrome-de-baby-boo\/#primaryimage\"},\"thumbnailUrl\":\"https:\/\/vieassociative.be\/actualites\/wp-content\/uploads\/2026\/02\/Le-guide-de-la-culture-enfantine-a-lintention-des-adultes.png\",\"datePublished\":\"2026-02-23T15:17:21+00:00\",\"dateModified\":\"2026-02-23T15:17:21+00:00\",\"breadcrumb\":{\"@id\":\"https:\/\/vieassociative.be\/actualites\/le-guide-de-la-culture-enfantine-a-lintention-des-adultes-deconnectes-quest-ce-que-le-syndrome-de-baby-boo\/#breadcrumb\"},\"inLanguage\":\"fr-BE\",\"potentialAction\":[{\"@type\":\"ReadAction\",\"target\":[\"https:\/\/vieassociative.be\/actualites\/le-guide-de-la-culture-enfantine-a-lintention-des-adultes-deconnectes-quest-ce-que-le-syndrome-de-baby-boo\/\"]}]},{\"@type\":\"ImageObject\",\"inLanguage\":\"fr-BE\",\"@id\":\"https:\/\/vieassociative.be\/actualites\/le-guide-de-la-culture-enfantine-a-lintention-des-adultes-deconnectes-quest-ce-que-le-syndrome-de-baby-boo\/#primaryimage\",\"url\":\"https:\/\/vieassociative.be\/actualites\/wp-content\/uploads\/2026\/02\/Le-guide-de-la-culture-enfantine-a-lintention-des-adultes.png\",\"contentUrl\":\"https:\/\/vieassociative.be\/actualites\/wp-content\/uploads\/2026\/02\/Le-guide-de-la-culture-enfantine-a-lintention-des-adultes.png\",\"width\":1200,\"height\":675,\"caption\":\"Le guide de la culture enfantine \u00e0 l'intention des adultes d\u00e9connect\u00e9s\u00a0: qu'est-ce que le \u00ab\u00a0syndrome de Baby Boo\u00a0\u00bb\u00a0?\"},{\"@type\":\"BreadcrumbList\",\"@id\":\"https:\/\/vieassociative.be\/actualites\/le-guide-de-la-culture-enfantine-a-lintention-des-adultes-deconnectes-quest-ce-que-le-syndrome-de-baby-boo\/#breadcrumb\",\"itemListElement\":[{\"@type\":\"ListItem\",\"position\":1,\"name\":\"Accueil\",\"item\":\"https:\/\/vieassociative.be\/actualites\/\"},{\"@type\":\"ListItem\",\"position\":2,\"name\":\"Le guide de la culture enfantine \u00e0 l&rsquo;intention des adultes d\u00e9connect\u00e9s\u00a0: qu&rsquo;est-ce que le \u00ab\u00a0syndrome de Baby Boo\u00a0\u00bb\u00a0?\"}]},{\"@type\":\"WebSite\",\"@id\":\"https:\/\/vieassociative.be\/actualites\/#website\",\"url\":\"https:\/\/vieassociative.be\/actualites\/\",\"name\":\"Vie Associative\",\"description\":\"\",\"publisher\":{\"@id\":\"https:\/\/vieassociative.be\/actualites\/#organization\"},\"potentialAction\":[{\"@type\":\"SearchAction\",\"target\":{\"@type\":\"EntryPoint\",\"urlTemplate\":\"https:\/\/vieassociative.be\/actualites\/?s={search_term_string}\"},\"query-input\":{\"@type\":\"PropertyValueSpecification\",\"valueRequired\":true,\"valueName\":\"search_term_string\"}}],\"inLanguage\":\"fr-BE\"},{\"@type\":\"Organization\",\"@id\":\"https:\/\/vieassociative.be\/actualites\/#organization\",\"name\":\"Vie Associative\",\"url\":\"https:\/\/vieassociative.be\/actualites\/\",\"logo\":{\"@type\":\"ImageObject\",\"inLanguage\":\"fr-BE\",\"@id\":\"https:\/\/vieassociative.be\/actualites\/#\/schema\/logo\/image\/\",\"url\":\"https:\/\/vieassociative.be\/actualites\/wp-content\/uploads\/2024\/09\/cropped-vieassociative_favicon.ico.png\",\"contentUrl\":\"https:\/\/vieassociative.be\/actualites\/wp-content\/uploads\/2024\/09\/cropped-vieassociative_favicon.ico.png\",\"width\":512,\"height\":512,\"caption\":\"Vie Associative\"},\"image\":{\"@id\":\"https:\/\/vieassociative.be\/actualites\/#\/schema\/logo\/image\/\"}},{\"@type\":\"Person\",\"@id\":\"https:\/\/vieassociative.be\/actualites\/#\/schema\/person\/b87ac4f82f9d4e7b7cec7395b679edc4\",\"name\":\"Julien\",\"image\":{\"@type\":\"ImageObject\",\"inLanguage\":\"fr-BE\",\"@id\":\"https:\/\/vieassociative.be\/actualites\/#\/schema\/person\/image\/\",\"url\":\"https:\/\/vieassociative.be\/actualites\/wp-content\/uploads\/2024\/09\/vie-associative-1-150x150.jpg\",\"contentUrl\":\"https:\/\/vieassociative.be\/actualites\/wp-content\/uploads\/2024\/09\/vie-associative-1-150x150.jpg\",\"caption\":\"Julien\"},\"description\":\"Je suis Julien, r\u00e9dacteur pour Vie Associative. Passionn\u00e9 par le monde associatif depuis plus de 10 ans, j'ai \u00e0 c\u0153ur de partager des histoires inspirantes et de mettre en lumi\u00e8re les initiatives locales. Mon objectif est de sensibiliser et d'encourager l'engagement communautaire \u00e0 travers mes articles.\",\"sameAs\":[\"https:\/\/vieassociative.be\/\"]}]}<\/script>\n<!-- \/ Yoast SEO plugin. -->","yoast_head_json":{"title":"Le guide de la culture enfantine \u00e0 l'intention des adultes d\u00e9connect\u00e9s\u00a0: qu'est-ce que le \u00ab\u00a0syndrome de Baby Boo\u00a0\u00bb\u00a0? | Vie Associative","robots":{"index":"index","follow":"follow","max-snippet":"max-snippet:-1","max-image-preview":"max-image-preview:large","max-video-preview":"max-video-preview:-1"},"canonical":"https:\/\/vieassociative.be\/actualites\/le-guide-de-la-culture-enfantine-a-lintention-des-adultes-deconnectes-quest-ce-que-le-syndrome-de-baby-boo\/","og_locale":"fr_FR","og_type":"article","og_title":"Le guide de la culture enfantine \u00e0 l'intention des adultes d\u00e9connect\u00e9s\u00a0: qu'est-ce que le \u00ab\u00a0syndrome de Baby Boo\u00a0\u00bb\u00a0? | Vie Associative","og_description":"Si vous voulez comprendre une g\u00e9n\u00e9ration, regardez les athl\u00e8tes qu\u2019elle v\u00e9n\u00e8re. Le conformisme suburbain de la g\u00e9n\u00e9ration d&rsquo;apr\u00e8s-guerre a trouv\u00e9 un h\u00e9ros dans l&rsquo;homme de","og_url":"https:\/\/vieassociative.be\/actualites\/le-guide-de-la-culture-enfantine-a-lintention-des-adultes-deconnectes-quest-ce-que-le-syndrome-de-baby-boo\/","og_site_name":"Vie Associative","article_published_time":"2026-02-23T15:17:21+00:00","og_image":[{"width":279,"height":92,"url":"https:\/\/vieassociative.be\/actualites\/wp-content\/uploads\/2024\/09\/header_backgroundk-01-e1726694325946.png","type":"image\/png"}],"author":"Julien","twitter_card":"summary_large_image","twitter_misc":{"\u00c9crit par":"Julien","Dur\u00e9e de lecture est.":"5 minutes"},"schema":{"@context":"https:\/\/schema.org","@graph":[{"@type":"Article","@id":"https:\/\/vieassociative.be\/actualites\/le-guide-de-la-culture-enfantine-a-lintention-des-adultes-deconnectes-quest-ce-que-le-syndrome-de-baby-boo\/#article","isPartOf":{"@id":"https:\/\/vieassociative.be\/actualites\/le-guide-de-la-culture-enfantine-a-lintention-des-adultes-deconnectes-quest-ce-que-le-syndrome-de-baby-boo\/"},"author":{"name":"Julien","@id":"https:\/\/vieassociative.be\/actualites\/#\/schema\/person\/b87ac4f82f9d4e7b7cec7395b679edc4"},"headline":"Le guide de la culture enfantine \u00e0 l&rsquo;intention des adultes d\u00e9connect\u00e9s\u00a0: qu&rsquo;est-ce que le \u00ab\u00a0syndrome de Baby Boo\u00a0\u00bb\u00a0?","datePublished":"2026-02-23T15:17:21+00:00","dateModified":"2026-02-23T15:17:21+00:00","mainEntityOfPage":{"@id":"https:\/\/vieassociative.be\/actualites\/le-guide-de-la-culture-enfantine-a-lintention-des-adultes-deconnectes-quest-ce-que-le-syndrome-de-baby-boo\/"},"wordCount":1141,"publisher":{"@id":"https:\/\/vieassociative.be\/actualites\/#organization"},"image":{"@id":"https:\/\/vieassociative.be\/actualites\/le-guide-de-la-culture-enfantine-a-lintention-des-adultes-deconnectes-quest-ce-que-le-syndrome-de-baby-boo\/#primaryimage"},"thumbnailUrl":"https:\/\/vieassociative.be\/actualites\/wp-content\/uploads\/2026\/02\/Le-guide-de-la-culture-enfantine-a-lintention-des-adultes.png","keywords":["adultes","Baby","Boo","culture","d\u00e9connect\u00e9s","Des","enfantine","Guide","lintention","Questce","syndrome"],"articleSection":["Divertissement"],"inLanguage":"fr-BE"},{"@type":"WebPage","@id":"https:\/\/vieassociative.be\/actualites\/le-guide-de-la-culture-enfantine-a-lintention-des-adultes-deconnectes-quest-ce-que-le-syndrome-de-baby-boo\/","url":"https:\/\/vieassociative.be\/actualites\/le-guide-de-la-culture-enfantine-a-lintention-des-adultes-deconnectes-quest-ce-que-le-syndrome-de-baby-boo\/","name":"Le guide de la culture enfantine \u00e0 l'intention des adultes d\u00e9connect\u00e9s\u00a0: qu'est-ce que le \u00ab\u00a0syndrome de Baby Boo\u00a0\u00bb\u00a0? | Vie Associative","isPartOf":{"@id":"https:\/\/vieassociative.be\/actualites\/#website"},"primaryImageOfPage":{"@id":"https:\/\/vieassociative.be\/actualites\/le-guide-de-la-culture-enfantine-a-lintention-des-adultes-deconnectes-quest-ce-que-le-syndrome-de-baby-boo\/#primaryimage"},"image":{"@id":"https:\/\/vieassociative.be\/actualites\/le-guide-de-la-culture-enfantine-a-lintention-des-adultes-deconnectes-quest-ce-que-le-syndrome-de-baby-boo\/#primaryimage"},"thumbnailUrl":"https:\/\/vieassociative.be\/actualites\/wp-content\/uploads\/2026\/02\/Le-guide-de-la-culture-enfantine-a-lintention-des-adultes.png","datePublished":"2026-02-23T15:17:21+00:00","dateModified":"2026-02-23T15:17:21+00:00","breadcrumb":{"@id":"https:\/\/vieassociative.be\/actualites\/le-guide-de-la-culture-enfantine-a-lintention-des-adultes-deconnectes-quest-ce-que-le-syndrome-de-baby-boo\/#breadcrumb"},"inLanguage":"fr-BE","potentialAction":[{"@type":"ReadAction","target":["https:\/\/vieassociative.be\/actualites\/le-guide-de-la-culture-enfantine-a-lintention-des-adultes-deconnectes-quest-ce-que-le-syndrome-de-baby-boo\/"]}]},{"@type":"ImageObject","inLanguage":"fr-BE","@id":"https:\/\/vieassociative.be\/actualites\/le-guide-de-la-culture-enfantine-a-lintention-des-adultes-deconnectes-quest-ce-que-le-syndrome-de-baby-boo\/#primaryimage","url":"https:\/\/vieassociative.be\/actualites\/wp-content\/uploads\/2026\/02\/Le-guide-de-la-culture-enfantine-a-lintention-des-adultes.png","contentUrl":"https:\/\/vieassociative.be\/actualites\/wp-content\/uploads\/2026\/02\/Le-guide-de-la-culture-enfantine-a-lintention-des-adultes.png","width":1200,"height":675,"caption":"Le guide de la culture enfantine \u00e0 l'intention des adultes d\u00e9connect\u00e9s\u00a0: qu'est-ce que le \u00ab\u00a0syndrome de Baby Boo\u00a0\u00bb\u00a0?"},{"@type":"BreadcrumbList","@id":"https:\/\/vieassociative.be\/actualites\/le-guide-de-la-culture-enfantine-a-lintention-des-adultes-deconnectes-quest-ce-que-le-syndrome-de-baby-boo\/#breadcrumb","itemListElement":[{"@type":"ListItem","position":1,"name":"Accueil","item":"https:\/\/vieassociative.be\/actualites\/"},{"@type":"ListItem","position":2,"name":"Le guide de la culture enfantine \u00e0 l&rsquo;intention des adultes d\u00e9connect\u00e9s\u00a0: qu&rsquo;est-ce que le \u00ab\u00a0syndrome de Baby Boo\u00a0\u00bb\u00a0?"}]},{"@type":"WebSite","@id":"https:\/\/vieassociative.be\/actualites\/#website","url":"https:\/\/vieassociative.be\/actualites\/","name":"Vie Associative","description":"","publisher":{"@id":"https:\/\/vieassociative.be\/actualites\/#organization"},"potentialAction":[{"@type":"SearchAction","target":{"@type":"EntryPoint","urlTemplate":"https:\/\/vieassociative.be\/actualites\/?s={search_term_string}"},"query-input":{"@type":"PropertyValueSpecification","valueRequired":true,"valueName":"search_term_string"}}],"inLanguage":"fr-BE"},{"@type":"Organization","@id":"https:\/\/vieassociative.be\/actualites\/#organization","name":"Vie Associative","url":"https:\/\/vieassociative.be\/actualites\/","logo":{"@type":"ImageObject","inLanguage":"fr-BE","@id":"https:\/\/vieassociative.be\/actualites\/#\/schema\/logo\/image\/","url":"https:\/\/vieassociative.be\/actualites\/wp-content\/uploads\/2024\/09\/cropped-vieassociative_favicon.ico.png","contentUrl":"https:\/\/vieassociative.be\/actualites\/wp-content\/uploads\/2024\/09\/cropped-vieassociative_favicon.ico.png","width":512,"height":512,"caption":"Vie Associative"},"image":{"@id":"https:\/\/vieassociative.be\/actualites\/#\/schema\/logo\/image\/"}},{"@type":"Person","@id":"https:\/\/vieassociative.be\/actualites\/#\/schema\/person\/b87ac4f82f9d4e7b7cec7395b679edc4","name":"Julien","image":{"@type":"ImageObject","inLanguage":"fr-BE","@id":"https:\/\/vieassociative.be\/actualites\/#\/schema\/person\/image\/","url":"https:\/\/vieassociative.be\/actualites\/wp-content\/uploads\/2024\/09\/vie-associative-1-150x150.jpg","contentUrl":"https:\/\/vieassociative.be\/actualites\/wp-content\/uploads\/2024\/09\/vie-associative-1-150x150.jpg","caption":"Julien"},"description":"Je suis Julien, r\u00e9dacteur pour Vie Associative. Passionn\u00e9 par le monde associatif depuis plus de 10 ans, j'ai \u00e0 c\u0153ur de partager des histoires inspirantes et de mettre en lumi\u00e8re les initiatives locales. Mon objectif est de sensibiliser et d'encourager l'engagement communautaire \u00e0 travers mes articles.","sameAs":["https:\/\/vieassociative.be\/"]}]}},"_links":{"self":[{"href":"https:\/\/vieassociative.be\/actualites\/wp-json\/wp\/v2\/posts\/12762"}],"collection":[{"href":"https:\/\/vieassociative.be\/actualites\/wp-json\/wp\/v2\/posts"}],"about":[{"href":"https:\/\/vieassociative.be\/actualites\/wp-json\/wp\/v2\/types\/post"}],"author":[{"embeddable":true,"href":"https:\/\/vieassociative.be\/actualites\/wp-json\/wp\/v2\/users\/1"}],"replies":[{"embeddable":true,"href":"https:\/\/vieassociative.be\/actualites\/wp-json\/wp\/v2\/comments?post=12762"}],"version-history":[{"count":0,"href":"https:\/\/vieassociative.be\/actualites\/wp-json\/wp\/v2\/posts\/12762\/revisions"}],"wp:featuredmedia":[{"embeddable":true,"href":"https:\/\/vieassociative.be\/actualites\/wp-json\/wp\/v2\/media\/12763"}],"wp:attachment":[{"href":"https:\/\/vieassociative.be\/actualites\/wp-json\/wp\/v2\/media?parent=12762"}],"wp:term":[{"taxonomy":"category","embeddable":true,"href":"https:\/\/vieassociative.be\/actualites\/wp-json\/wp\/v2\/categories?post=12762"},{"taxonomy":"post_tag","embeddable":true,"href":"https:\/\/vieassociative.be\/actualites\/wp-json\/wp\/v2\/tags?post=12762"}],"curies":[{"name":"wp","href":"https:\/\/api.w.org\/{rel}","templated":true}]}}