{"id":12760,"date":"2026-02-23T10:17:24","date_gmt":"2026-02-23T09:17:24","guid":{"rendered":"https:\/\/vieassociative.be\/actualites\/pourquoi-le-cardio-et-lentrainement-musculaire-sont-tous-deux-importants\/"},"modified":"2026-02-23T10:17:24","modified_gmt":"2026-02-23T09:17:24","slug":"pourquoi-le-cardio-et-lentrainement-musculaire-sont-tous-deux-importants","status":"publish","type":"post","link":"https:\/\/vieassociative.be\/actualites\/pourquoi-le-cardio-et-lentrainement-musculaire-sont-tous-deux-importants\/","title":{"rendered":"Pourquoi le cardio et l\u2019entra\u00eenement musculaire sont tous deux importants"},"content":{"rendered":"<p>Le cardio et l\u2019entra\u00eenement musculaire sont tous deux importants, mais il est facile de finir par ne faire que l\u2019un d\u2019eux et d\u2019oublier commod\u00e9ment de passer \u00e0 l\u2019autre. J&rsquo;ai \u00e9t\u00e9 des deux c\u00f4t\u00e9s de la barri\u00e8re. En tant que coureur, je passerais des mois sans soulever de poids ni faire de musculation cibl\u00e9e, car qui a le temps ? Et dans ma vie plus r\u00e9cente d&rsquo;athl\u00e8te, je plaisantais sur le fait que plus de 10 r\u00e9p\u00e9titions sont du cardio, <em>ah ah<\/em>. Mais voici la v\u00e9rit\u00e9\u00a0: nous avons tous besoin d&rsquo;un entra\u00eenement en force. <em>et<\/em> du vrai cardio. <\/p>\n<p>Je pense qu&rsquo;il est facile de se tourner vers un type d&rsquo;exercice parce que nous le trouvons amusant ou pratique. Ensuite, lorsque nous nous sentons suffisamment mis au d\u00e9fi, il n\u2019est pas n\u00e9cessaire de chercher plus loin, n\u2019est-ce pas ? <em>je suis d\u00e9j\u00e0 un athl\u00e8te<\/em>je me souviens avoir r\u00e9fl\u00e9chi pendant mes deux phases extr\u00eames. Mais les deux fois, il me manquait quelque chose. <\/p>\n<h2 id=\"what-strength-training-does-for-you\">Ce que l&rsquo;entra\u00eenement en force vous apporte<\/h2>\n<p>De toute \u00e9vidence, l\u2019entra\u00eenement en force vous rend plus fort. Cela signifie que vous \u00eates mieux \u00e0 m\u00eame de soulever des poids, mais cela signifie \u00e9galement que vous d\u00e9veloppez les r\u00e9serves de force n\u00e9cessaires pour faire mieux dans d&rsquo;autres sports. Des jambes fortes pour vous aider \u00e0 gravir des collines, par exemple. L&rsquo;entra\u00eenement en force signifie \u00e9galement que vous serez plus fort au quotidien et que les t\u00e2ches comme porter les courses ou pelleter la neige vous sembleront plus faciles.<\/p>\n<p>L\u2019entra\u00eenement en force peut signifier soulever des poids, mais il peut \u00e9galement inclure d\u2019autres types d\u2019entra\u00eenement en r\u00e9sistance. C&rsquo;est ce qu&rsquo;on appelle la \u00ab r\u00e9sistance \u00bb parce que vous travaillez litt\u00e9ralement contre une sorte de force. Peut-\u00eatre travaillez-vous avec des halt\u00e8res ou des bandes de r\u00e9sistance, ou peut-\u00eatre cr\u00e9ez-vous une force pour r\u00e9sister avec votre propre corps, comme dans les pompes ou les squats a\u00e9riens.<\/p>\n<p>Notre masse musculaire diminue avec l\u2019\u00e2ge, mais plus vous aurez de muscle au d\u00e9part, mieux vous vous porterez. (Il n&rsquo;y a pas de \u00ab trop vieux \u00bb pour s&rsquo;entra\u00eener, et en fait, plus vous \u00eates \u00e2g\u00e9, plus c&rsquo;est important.) La perte musculaire, appel\u00e9e sarcop\u00e9nie, contribue au risque de chutes et de fractures. L\u2019exercice ralentit et peut \u00e9ventuellement inverser cette perte. Donc, si la long\u00e9vit\u00e9 est l\u2019un de vos int\u00e9r\u00eats en mati\u00e8re de forme physique, c\u2019est une raison de plus pour donner la priorit\u00e9 \u00e0 l\u2019entra\u00eenement en force. <\/p>\n<p>L\u2019entra\u00eenement en force contribue \u00e9galement \u00e0 la sant\u00e9 des os et \u00e0 la flexibilit\u00e9 des articulations. Les personnes qui s\u2019entra\u00eenent en force ont \u00e9galement tendance \u00e0 avoir un meilleur \u00e9quilibre et peuvent avoir plus de facilit\u00e9 \u00e0 contr\u00f4ler leur poids.<\/p>\n<h2 id=\"what-cardio-does-for-you\">Ce que le cardio fait pour vous<\/h2>\n<p>L&rsquo;exercice cardiovasculaire comprend un travail d&rsquo;endurance \u00e0 l&rsquo;\u00e9tat d&rsquo;\u00e9quilibre comme le jogging, ainsi qu&rsquo;un entra\u00eenement par intervalles o\u00f9 vous alternez entre un travail plus difficile et un travail plus facile, tout en continuant \u00e0 bouger tout le temps. Id\u00e9alement, vous devriez pratiquer les deux types de cardio, car ils pr\u00e9sentent chacun des avantages l\u00e9g\u00e8rement diff\u00e9rents. Si vous ne savez pas quelles activit\u00e9s comptent comme cardio, j&rsquo;ai une explication ici. Pensez aux appareils de randonn\u00e9e, de course, de v\u00e9lo ou de gym comme le v\u00e9lo elliptique.  <\/p>\n<p>L\u2019exercice cardio est excellent pour la sant\u00e9 cardiaque, comme son nom l\u2019indique. Un cardio r\u00e9gulier aide \u00e0 r\u00e9duire votre tension art\u00e9rielle, \u00e0 r\u00e9duire votre \u00ab mauvais \u00bb cholest\u00e9rol et \u00e0 augmenter votre \u00ab bon \u00bb cholest\u00e9rol. Cela peut vous aider \u00e0 maintenir un poids sant\u00e9, car br\u00fbler plus de calories vous donne un peu plus de marge de man\u0153uvre pour les calories suppl\u00e9mentaires que vous pourriez vouloir consommer. L\u2019entra\u00eenement cardio et musculaire augmente votre sensibilit\u00e9 \u00e0 l\u2019insuline, ce qui est particuli\u00e8rement important si vous souffrez de diab\u00e8te de type 2 ou si vous \u00eates consid\u00e9r\u00e9 comme pr\u00e9diab\u00e9tique.<\/p>\n<p>Outre ces avantages, le cardio vous aide \u00e9galement dans les autres activit\u00e9s que vous pratiquez. Avec une meilleure forme cardio, vous pourrez r\u00e9cup\u00e9rer plus rapidement entre des s\u00e9ries d&rsquo;exercices de levage de charges lourdes et vous aurez plus de facilit\u00e9 \u00e0 effectuer des activit\u00e9s physiques quotidiennes comme le travail dans le jardin. Vous pourrez \u00e9galement vous amuser davantage si vous finissez par pratiquer des activit\u00e9s physiques pour vous amuser, comme faire une randonn\u00e9e ou vous promener dans une nouvelle ville lorsque vous voyagez.<\/p>\n<h2 id=\"how-much-cardio-and-strength-training-is-enough\">Quelle quantit\u00e9 de cardio et de musculation est suffisante ?<\/h2>\n<p>Alors maintenant, vous savez que soulever des poids b\u00e9n\u00e9ficiera \u00e0 votre capacit\u00e9 \u00e0 faire des activit\u00e9s cardio, et que le cardio b\u00e9n\u00e9ficiera \u00e0 vos efforts de levage. Il existe aussi certainement des activit\u00e9s qui combinent les deux. (Si vous faites du Crossfit, par exemple, ou un entra\u00eenement d&rsquo;homme fort, vous aurez peut-\u00eatre couvert la plupart de vos bases.) Mais par souci de simplicit\u00e9, les directives en mati\u00e8re d&rsquo;activit\u00e9 physique destin\u00e9es aux Am\u00e9ricains r\u00e9partissent les deux types diff\u00e9rents. <\/p>\n<p>Ces lignes directrices (qui concordent avec celles d&rsquo;autres grands organismes de sant\u00e9 publique) sugg\u00e8rent au moins 20 \u00e0 30 minutes d&rsquo;entra\u00eenement en force, au moins deux fois par semaine. La plupart des programmes de musculation pour d\u00e9butants vous feront vous entra\u00eener trois fois par semaine, ce qui est formidable. Le minimum est de deux s\u00e9ances pour <em>chaque<\/em> groupe musculaire, donc si vous pr\u00e9f\u00e9rez diviser votre entra\u00eenement en jours pour le haut et le bas du corps, assurez-vous d&rsquo;en faire deux de chaque. Si vous travaillez tout votre corps chaque jour de musculation, vous n\u2019avez besoin que de deux ou trois de ces entra\u00eenements par semaine.<\/p>\n<p>\u00c0 mesure que vous vous habituerez \u00e0 l\u2019entra\u00eenement en force, vous souhaiterez peut-\u00eatre en faire plus, ce qui est formidable, \u00e0 condition d\u2019y travailler progressivement. M\u00eame si vous pouvez r\u00e9aliser des vid\u00e9os ponctuelles ou cr\u00e9er une routine \u00e0 partir des exercices que vous aimez, vous vous en sortirez mieux \u00e0 long terme avec un programme qui vous permet de progresser \u00e0 mesure que vous devenez plus fort. Il existe d&rsquo;excellentes listes de programmes sur les subreddits r\/fitness et r\/bodyweightfitness, si vous souhaitez en choisir quelques-uns. <\/p>\n<p>Pour les exercices cardiovasculaires, le minimum recommand\u00e9 est de 150 minutes d\u2019exercices l\u00e9gers comme la marche, ou de 75 minutes d\u2019exercices vigoureux. Ainsi, si vous faites une marche de 30 minutes chaque jour de la semaine \u00e0 l&rsquo;heure du d\u00e9jeuner, vous respecterez les directives. Si vous utilisez ce temps pour courir \u00e0 la place, vous d\u00e9passerez les directives en trois s\u00e9ances. Bien que les directives utilisent des minutes d&rsquo;exercice, les chercheurs ont calcul\u00e9 que si vous pr\u00e9f\u00e9rez compter les pas, 7 000 \u00e0 9 000 pas vous mettront dans la bonne fourchette.<\/p>\n<p>Encore une fois, plus c&rsquo;est mieux, \u00e0 condition que vous y travailliez au fil du temps. Un \u00e9t\u00e9, j&rsquo;ai commenc\u00e9 \u00e0 faire une promenade du soir dans ma routine et, une fois que le temps a commenc\u00e9 \u00e0 se rafra\u00eechir, je suis all\u00e9 faire une promenade \u00e0 l&rsquo;heure du d\u00e9jeuner. <em>et<\/em> une promenade en soir\u00e9e. Puis, petit \u00e0 petit, j&rsquo;ai remplac\u00e9 certaines promenades du soir par des s\u00e9ances de course\/marche, et finalement des courses. J&rsquo;avais l&rsquo;impression que mes s\u00e9ances de lifting se d\u00e9roulaient mieux qu&rsquo;avant, mais j&rsquo;\u00e9tais \u00e9galement heureux de savoir que je me pr\u00e9parais \u00e0 une meilleure sant\u00e9 \u00e0 long terme que si je me contentais d&rsquo;un seul type d&rsquo;exercice.<\/p>\n","protected":false},"excerpt":{"rendered":"<p>Le cardio et l\u2019entra\u00eenement musculaire sont tous deux importants, mais il est facile de finir par ne faire que l\u2019un d\u2019eux et d\u2019oublier commod\u00e9ment de<\/p>\n","protected":false},"author":1,"featured_media":12761,"comment_status":"","ping_status":"","sticky":false,"template":"","format":"standard","meta":{"footnotes":""},"categories":[38],"tags":[2988,114,4387,5153,10091,734,18,546],"class_list":["post-12760","post","type-post","status-publish","format-standard","has-post-thumbnail","hentry","category-sante","tag-cardio","tag-deux","tag-importants","tag-lentrainement","tag-musculaire","tag-pourquoi","tag-sont","tag-tous","generate-columns","tablet-grid-50","mobile-grid-100","grid-parent","grid-33"],"yoast_head":"<!-- This site is optimized with the Yoast SEO plugin v24.0 - https:\/\/yoast.com\/wordpress\/plugins\/seo\/ -->\n<title>Pourquoi le cardio et l\u2019entra\u00eenement musculaire sont tous deux importants | Vie Associative<\/title>\n<meta name=\"robots\" content=\"index, follow, max-snippet:-1, max-image-preview:large, max-video-preview:-1\" \/>\n<link rel=\"canonical\" href=\"https:\/\/vieassociative.be\/actualites\/pourquoi-le-cardio-et-lentrainement-musculaire-sont-tous-deux-importants\/\" \/>\n<meta property=\"og:locale\" content=\"fr_FR\" \/>\n<meta property=\"og:type\" content=\"article\" \/>\n<meta property=\"og:title\" content=\"Pourquoi le cardio et l\u2019entra\u00eenement musculaire sont tous deux importants | Vie Associative\" \/>\n<meta property=\"og:description\" content=\"Le cardio et l\u2019entra\u00eenement musculaire sont tous deux importants, mais il est facile de finir par ne faire que l\u2019un d\u2019eux et d\u2019oublier commod\u00e9ment de\" \/>\n<meta property=\"og:url\" content=\"https:\/\/vieassociative.be\/actualites\/pourquoi-le-cardio-et-lentrainement-musculaire-sont-tous-deux-importants\/\" \/>\n<meta property=\"og:site_name\" content=\"Vie Associative\" \/>\n<meta property=\"article:published_time\" content=\"2026-02-23T09:17:24+00:00\" \/>\n<meta property=\"og:image\" content=\"https:\/\/vieassociative.be\/actualites\/wp-content\/uploads\/2024\/09\/header_backgroundk-01-e1726694325946.png\" \/>\n\t<meta property=\"og:image:width\" content=\"279\" \/>\n\t<meta property=\"og:image:height\" content=\"92\" \/>\n\t<meta property=\"og:image:type\" content=\"image\/png\" \/>\n<meta name=\"author\" content=\"Julien\" \/>\n<meta name=\"twitter:card\" content=\"summary_large_image\" \/>\n<meta name=\"twitter:label1\" content=\"\u00c9crit par\" \/>\n\t<meta name=\"twitter:data1\" content=\"Julien\" \/>\n\t<meta name=\"twitter:label2\" content=\"Dur\u00e9e de lecture est.\" \/>\n\t<meta name=\"twitter:data2\" content=\"6 minutes\" \/>\n<script type=\"application\/ld+json\" class=\"yoast-schema-graph\">{\"@context\":\"https:\/\/schema.org\",\"@graph\":[{\"@type\":\"Article\",\"@id\":\"https:\/\/vieassociative.be\/actualites\/pourquoi-le-cardio-et-lentrainement-musculaire-sont-tous-deux-importants\/#article\",\"isPartOf\":{\"@id\":\"https:\/\/vieassociative.be\/actualites\/pourquoi-le-cardio-et-lentrainement-musculaire-sont-tous-deux-importants\/\"},\"author\":{\"name\":\"Julien\",\"@id\":\"https:\/\/vieassociative.be\/actualites\/#\/schema\/person\/b87ac4f82f9d4e7b7cec7395b679edc4\"},\"headline\":\"Pourquoi le cardio et l\u2019entra\u00eenement musculaire sont tous deux importants\",\"datePublished\":\"2026-02-23T09:17:24+00:00\",\"dateModified\":\"2026-02-23T09:17:24+00:00\",\"mainEntityOfPage\":{\"@id\":\"https:\/\/vieassociative.be\/actualites\/pourquoi-le-cardio-et-lentrainement-musculaire-sont-tous-deux-importants\/\"},\"wordCount\":1337,\"publisher\":{\"@id\":\"https:\/\/vieassociative.be\/actualites\/#organization\"},\"image\":{\"@id\":\"https:\/\/vieassociative.be\/actualites\/pourquoi-le-cardio-et-lentrainement-musculaire-sont-tous-deux-importants\/#primaryimage\"},\"thumbnailUrl\":\"https:\/\/vieassociative.be\/actualites\/wp-content\/uploads\/2026\/02\/Pourquoi-le-cardio-et-lentrainement-musculaire-sont-tous-deux-importants.jpg\",\"keywords\":[\"cardio\",\"deux\",\"importants\",\"Lentra\u00eenement\",\"musculaire\",\"Pourquoi\",\"sont\",\"tous\"],\"articleSection\":[\"Sant\u00e9\"],\"inLanguage\":\"fr-BE\"},{\"@type\":\"WebPage\",\"@id\":\"https:\/\/vieassociative.be\/actualites\/pourquoi-le-cardio-et-lentrainement-musculaire-sont-tous-deux-importants\/\",\"url\":\"https:\/\/vieassociative.be\/actualites\/pourquoi-le-cardio-et-lentrainement-musculaire-sont-tous-deux-importants\/\",\"name\":\"Pourquoi le cardio et l\u2019entra\u00eenement musculaire sont tous deux importants | Vie Associative\",\"isPartOf\":{\"@id\":\"https:\/\/vieassociative.be\/actualites\/#website\"},\"primaryImageOfPage\":{\"@id\":\"https:\/\/vieassociative.be\/actualites\/pourquoi-le-cardio-et-lentrainement-musculaire-sont-tous-deux-importants\/#primaryimage\"},\"image\":{\"@id\":\"https:\/\/vieassociative.be\/actualites\/pourquoi-le-cardio-et-lentrainement-musculaire-sont-tous-deux-importants\/#primaryimage\"},\"thumbnailUrl\":\"https:\/\/vieassociative.be\/actualites\/wp-content\/uploads\/2026\/02\/Pourquoi-le-cardio-et-lentrainement-musculaire-sont-tous-deux-importants.jpg\",\"datePublished\":\"2026-02-23T09:17:24+00:00\",\"dateModified\":\"2026-02-23T09:17:24+00:00\",\"breadcrumb\":{\"@id\":\"https:\/\/vieassociative.be\/actualites\/pourquoi-le-cardio-et-lentrainement-musculaire-sont-tous-deux-importants\/#breadcrumb\"},\"inLanguage\":\"fr-BE\",\"potentialAction\":[{\"@type\":\"ReadAction\",\"target\":[\"https:\/\/vieassociative.be\/actualites\/pourquoi-le-cardio-et-lentrainement-musculaire-sont-tous-deux-importants\/\"]}]},{\"@type\":\"ImageObject\",\"inLanguage\":\"fr-BE\",\"@id\":\"https:\/\/vieassociative.be\/actualites\/pourquoi-le-cardio-et-lentrainement-musculaire-sont-tous-deux-importants\/#primaryimage\",\"url\":\"https:\/\/vieassociative.be\/actualites\/wp-content\/uploads\/2026\/02\/Pourquoi-le-cardio-et-lentrainement-musculaire-sont-tous-deux-importants.jpg\",\"contentUrl\":\"https:\/\/vieassociative.be\/actualites\/wp-content\/uploads\/2026\/02\/Pourquoi-le-cardio-et-lentrainement-musculaire-sont-tous-deux-importants.jpg\",\"width\":1200,\"height\":675,\"caption\":\"Pourquoi le cardio et l\u2019entra\u00eenement musculaire sont tous deux importants\"},{\"@type\":\"BreadcrumbList\",\"@id\":\"https:\/\/vieassociative.be\/actualites\/pourquoi-le-cardio-et-lentrainement-musculaire-sont-tous-deux-importants\/#breadcrumb\",\"itemListElement\":[{\"@type\":\"ListItem\",\"position\":1,\"name\":\"Accueil\",\"item\":\"https:\/\/vieassociative.be\/actualites\/\"},{\"@type\":\"ListItem\",\"position\":2,\"name\":\"Pourquoi le cardio et l\u2019entra\u00eenement musculaire sont tous deux importants\"}]},{\"@type\":\"WebSite\",\"@id\":\"https:\/\/vieassociative.be\/actualites\/#website\",\"url\":\"https:\/\/vieassociative.be\/actualites\/\",\"name\":\"Vie Associative\",\"description\":\"\",\"publisher\":{\"@id\":\"https:\/\/vieassociative.be\/actualites\/#organization\"},\"potentialAction\":[{\"@type\":\"SearchAction\",\"target\":{\"@type\":\"EntryPoint\",\"urlTemplate\":\"https:\/\/vieassociative.be\/actualites\/?s={search_term_string}\"},\"query-input\":{\"@type\":\"PropertyValueSpecification\",\"valueRequired\":true,\"valueName\":\"search_term_string\"}}],\"inLanguage\":\"fr-BE\"},{\"@type\":\"Organization\",\"@id\":\"https:\/\/vieassociative.be\/actualites\/#organization\",\"name\":\"Vie Associative\",\"url\":\"https:\/\/vieassociative.be\/actualites\/\",\"logo\":{\"@type\":\"ImageObject\",\"inLanguage\":\"fr-BE\",\"@id\":\"https:\/\/vieassociative.be\/actualites\/#\/schema\/logo\/image\/\",\"url\":\"https:\/\/vieassociative.be\/actualites\/wp-content\/uploads\/2024\/09\/cropped-vieassociative_favicon.ico.png\",\"contentUrl\":\"https:\/\/vieassociative.be\/actualites\/wp-content\/uploads\/2024\/09\/cropped-vieassociative_favicon.ico.png\",\"width\":512,\"height\":512,\"caption\":\"Vie Associative\"},\"image\":{\"@id\":\"https:\/\/vieassociative.be\/actualites\/#\/schema\/logo\/image\/\"}},{\"@type\":\"Person\",\"@id\":\"https:\/\/vieassociative.be\/actualites\/#\/schema\/person\/b87ac4f82f9d4e7b7cec7395b679edc4\",\"name\":\"Julien\",\"image\":{\"@type\":\"ImageObject\",\"inLanguage\":\"fr-BE\",\"@id\":\"https:\/\/vieassociative.be\/actualites\/#\/schema\/person\/image\/\",\"url\":\"https:\/\/vieassociative.be\/actualites\/wp-content\/uploads\/2024\/09\/vie-associative-1-150x150.jpg\",\"contentUrl\":\"https:\/\/vieassociative.be\/actualites\/wp-content\/uploads\/2024\/09\/vie-associative-1-150x150.jpg\",\"caption\":\"Julien\"},\"description\":\"Je suis Julien, r\u00e9dacteur pour Vie Associative. Passionn\u00e9 par le monde associatif depuis plus de 10 ans, j'ai \u00e0 c\u0153ur de partager des histoires inspirantes et de mettre en lumi\u00e8re les initiatives locales. Mon objectif est de sensibiliser et d'encourager l'engagement communautaire \u00e0 travers mes articles.\",\"sameAs\":[\"https:\/\/vieassociative.be\/\"]}]}<\/script>\n<!-- \/ Yoast SEO plugin. -->","yoast_head_json":{"title":"Pourquoi le cardio et l\u2019entra\u00eenement musculaire sont tous deux importants | Vie Associative","robots":{"index":"index","follow":"follow","max-snippet":"max-snippet:-1","max-image-preview":"max-image-preview:large","max-video-preview":"max-video-preview:-1"},"canonical":"https:\/\/vieassociative.be\/actualites\/pourquoi-le-cardio-et-lentrainement-musculaire-sont-tous-deux-importants\/","og_locale":"fr_FR","og_type":"article","og_title":"Pourquoi le cardio et l\u2019entra\u00eenement musculaire sont tous deux importants | Vie Associative","og_description":"Le cardio et l\u2019entra\u00eenement musculaire sont tous deux importants, mais il est facile de finir par ne faire que l\u2019un d\u2019eux et d\u2019oublier commod\u00e9ment de","og_url":"https:\/\/vieassociative.be\/actualites\/pourquoi-le-cardio-et-lentrainement-musculaire-sont-tous-deux-importants\/","og_site_name":"Vie Associative","article_published_time":"2026-02-23T09:17:24+00:00","og_image":[{"width":279,"height":92,"url":"https:\/\/vieassociative.be\/actualites\/wp-content\/uploads\/2024\/09\/header_backgroundk-01-e1726694325946.png","type":"image\/png"}],"author":"Julien","twitter_card":"summary_large_image","twitter_misc":{"\u00c9crit par":"Julien","Dur\u00e9e de lecture est.":"6 minutes"},"schema":{"@context":"https:\/\/schema.org","@graph":[{"@type":"Article","@id":"https:\/\/vieassociative.be\/actualites\/pourquoi-le-cardio-et-lentrainement-musculaire-sont-tous-deux-importants\/#article","isPartOf":{"@id":"https:\/\/vieassociative.be\/actualites\/pourquoi-le-cardio-et-lentrainement-musculaire-sont-tous-deux-importants\/"},"author":{"name":"Julien","@id":"https:\/\/vieassociative.be\/actualites\/#\/schema\/person\/b87ac4f82f9d4e7b7cec7395b679edc4"},"headline":"Pourquoi le cardio et l\u2019entra\u00eenement musculaire sont tous deux importants","datePublished":"2026-02-23T09:17:24+00:00","dateModified":"2026-02-23T09:17:24+00:00","mainEntityOfPage":{"@id":"https:\/\/vieassociative.be\/actualites\/pourquoi-le-cardio-et-lentrainement-musculaire-sont-tous-deux-importants\/"},"wordCount":1337,"publisher":{"@id":"https:\/\/vieassociative.be\/actualites\/#organization"},"image":{"@id":"https:\/\/vieassociative.be\/actualites\/pourquoi-le-cardio-et-lentrainement-musculaire-sont-tous-deux-importants\/#primaryimage"},"thumbnailUrl":"https:\/\/vieassociative.be\/actualites\/wp-content\/uploads\/2026\/02\/Pourquoi-le-cardio-et-lentrainement-musculaire-sont-tous-deux-importants.jpg","keywords":["cardio","deux","importants","Lentra\u00eenement","musculaire","Pourquoi","sont","tous"],"articleSection":["Sant\u00e9"],"inLanguage":"fr-BE"},{"@type":"WebPage","@id":"https:\/\/vieassociative.be\/actualites\/pourquoi-le-cardio-et-lentrainement-musculaire-sont-tous-deux-importants\/","url":"https:\/\/vieassociative.be\/actualites\/pourquoi-le-cardio-et-lentrainement-musculaire-sont-tous-deux-importants\/","name":"Pourquoi le cardio et l\u2019entra\u00eenement musculaire sont tous deux importants | Vie Associative","isPartOf":{"@id":"https:\/\/vieassociative.be\/actualites\/#website"},"primaryImageOfPage":{"@id":"https:\/\/vieassociative.be\/actualites\/pourquoi-le-cardio-et-lentrainement-musculaire-sont-tous-deux-importants\/#primaryimage"},"image":{"@id":"https:\/\/vieassociative.be\/actualites\/pourquoi-le-cardio-et-lentrainement-musculaire-sont-tous-deux-importants\/#primaryimage"},"thumbnailUrl":"https:\/\/vieassociative.be\/actualites\/wp-content\/uploads\/2026\/02\/Pourquoi-le-cardio-et-lentrainement-musculaire-sont-tous-deux-importants.jpg","datePublished":"2026-02-23T09:17:24+00:00","dateModified":"2026-02-23T09:17:24+00:00","breadcrumb":{"@id":"https:\/\/vieassociative.be\/actualites\/pourquoi-le-cardio-et-lentrainement-musculaire-sont-tous-deux-importants\/#breadcrumb"},"inLanguage":"fr-BE","potentialAction":[{"@type":"ReadAction","target":["https:\/\/vieassociative.be\/actualites\/pourquoi-le-cardio-et-lentrainement-musculaire-sont-tous-deux-importants\/"]}]},{"@type":"ImageObject","inLanguage":"fr-BE","@id":"https:\/\/vieassociative.be\/actualites\/pourquoi-le-cardio-et-lentrainement-musculaire-sont-tous-deux-importants\/#primaryimage","url":"https:\/\/vieassociative.be\/actualites\/wp-content\/uploads\/2026\/02\/Pourquoi-le-cardio-et-lentrainement-musculaire-sont-tous-deux-importants.jpg","contentUrl":"https:\/\/vieassociative.be\/actualites\/wp-content\/uploads\/2026\/02\/Pourquoi-le-cardio-et-lentrainement-musculaire-sont-tous-deux-importants.jpg","width":1200,"height":675,"caption":"Pourquoi le cardio et l\u2019entra\u00eenement musculaire sont tous deux importants"},{"@type":"BreadcrumbList","@id":"https:\/\/vieassociative.be\/actualites\/pourquoi-le-cardio-et-lentrainement-musculaire-sont-tous-deux-importants\/#breadcrumb","itemListElement":[{"@type":"ListItem","position":1,"name":"Accueil","item":"https:\/\/vieassociative.be\/actualites\/"},{"@type":"ListItem","position":2,"name":"Pourquoi le cardio et l\u2019entra\u00eenement musculaire sont tous deux importants"}]},{"@type":"WebSite","@id":"https:\/\/vieassociative.be\/actualites\/#website","url":"https:\/\/vieassociative.be\/actualites\/","name":"Vie Associative","description":"","publisher":{"@id":"https:\/\/vieassociative.be\/actualites\/#organization"},"potentialAction":[{"@type":"SearchAction","target":{"@type":"EntryPoint","urlTemplate":"https:\/\/vieassociative.be\/actualites\/?s={search_term_string}"},"query-input":{"@type":"PropertyValueSpecification","valueRequired":true,"valueName":"search_term_string"}}],"inLanguage":"fr-BE"},{"@type":"Organization","@id":"https:\/\/vieassociative.be\/actualites\/#organization","name":"Vie Associative","url":"https:\/\/vieassociative.be\/actualites\/","logo":{"@type":"ImageObject","inLanguage":"fr-BE","@id":"https:\/\/vieassociative.be\/actualites\/#\/schema\/logo\/image\/","url":"https:\/\/vieassociative.be\/actualites\/wp-content\/uploads\/2024\/09\/cropped-vieassociative_favicon.ico.png","contentUrl":"https:\/\/vieassociative.be\/actualites\/wp-content\/uploads\/2024\/09\/cropped-vieassociative_favicon.ico.png","width":512,"height":512,"caption":"Vie Associative"},"image":{"@id":"https:\/\/vieassociative.be\/actualites\/#\/schema\/logo\/image\/"}},{"@type":"Person","@id":"https:\/\/vieassociative.be\/actualites\/#\/schema\/person\/b87ac4f82f9d4e7b7cec7395b679edc4","name":"Julien","image":{"@type":"ImageObject","inLanguage":"fr-BE","@id":"https:\/\/vieassociative.be\/actualites\/#\/schema\/person\/image\/","url":"https:\/\/vieassociative.be\/actualites\/wp-content\/uploads\/2024\/09\/vie-associative-1-150x150.jpg","contentUrl":"https:\/\/vieassociative.be\/actualites\/wp-content\/uploads\/2024\/09\/vie-associative-1-150x150.jpg","caption":"Julien"},"description":"Je suis Julien, r\u00e9dacteur pour Vie Associative. Passionn\u00e9 par le monde associatif depuis plus de 10 ans, j'ai \u00e0 c\u0153ur de partager des histoires inspirantes et de mettre en lumi\u00e8re les initiatives locales. Mon objectif est de sensibiliser et d'encourager l'engagement communautaire \u00e0 travers mes articles.","sameAs":["https:\/\/vieassociative.be\/"]}]}},"_links":{"self":[{"href":"https:\/\/vieassociative.be\/actualites\/wp-json\/wp\/v2\/posts\/12760"}],"collection":[{"href":"https:\/\/vieassociative.be\/actualites\/wp-json\/wp\/v2\/posts"}],"about":[{"href":"https:\/\/vieassociative.be\/actualites\/wp-json\/wp\/v2\/types\/post"}],"author":[{"embeddable":true,"href":"https:\/\/vieassociative.be\/actualites\/wp-json\/wp\/v2\/users\/1"}],"replies":[{"embeddable":true,"href":"https:\/\/vieassociative.be\/actualites\/wp-json\/wp\/v2\/comments?post=12760"}],"version-history":[{"count":0,"href":"https:\/\/vieassociative.be\/actualites\/wp-json\/wp\/v2\/posts\/12760\/revisions"}],"wp:featuredmedia":[{"embeddable":true,"href":"https:\/\/vieassociative.be\/actualites\/wp-json\/wp\/v2\/media\/12761"}],"wp:attachment":[{"href":"https:\/\/vieassociative.be\/actualites\/wp-json\/wp\/v2\/media?parent=12760"}],"wp:term":[{"taxonomy":"category","embeddable":true,"href":"https:\/\/vieassociative.be\/actualites\/wp-json\/wp\/v2\/categories?post=12760"},{"taxonomy":"post_tag","embeddable":true,"href":"https:\/\/vieassociative.be\/actualites\/wp-json\/wp\/v2\/tags?post=12760"}],"curies":[{"name":"wp","href":"https:\/\/api.w.org\/{rel}","templated":true}]}}