{"id":12758,"date":"2026-02-23T04:17:24","date_gmt":"2026-02-23T03:17:24","guid":{"rendered":"https:\/\/vieassociative.be\/actualites\/ce-televiseur-samsung-oled-tres-bien-note-beneficie-actuellement-dune-reduction-de-800\/"},"modified":"2026-02-23T04:17:24","modified_gmt":"2026-02-23T03:17:24","slug":"ce-televiseur-samsung-oled-tres-bien-note-beneficie-actuellement-dune-reduction-de-800","status":"publish","type":"post","link":"https:\/\/vieassociative.be\/actualites\/ce-televiseur-samsung-oled-tres-bien-note-beneficie-actuellement-dune-reduction-de-800\/","title":{"rendered":"Ce t\u00e9l\u00e9viseur Samsung OLED tr\u00e8s bien not\u00e9 b\u00e9n\u00e9ficie actuellement d&rsquo;une r\u00e9duction de 800\u00a0$"},"content":{"rendered":"<p>Nous pouvons gagner une commission sur les liens sur cette page. Les prix et la disponibilit\u00e9 de l&rsquo;offre sont sujets \u00e0 changement apr\u00e8s la publication.<\/p>\n<p>Le t\u00e9l\u00e9viseur Samsung S95D de 65 pouces se vend reconditionn\u00e9 pour 1\u00a0449,99 $ chez Woot, contre 2\u00a0247,95 $ sur Amazon. Le prix le plus bas suivi pour une nouvelle unit\u00e9 a \u00e9t\u00e9 de 1 997,99 $, ce qui le r\u00e9duit consid\u00e9rablement. Quant \u00e0 son statut remis \u00e0 neuf, cela signifie simplement qu&rsquo;il peut pr\u00e9senter une l\u00e9g\u00e8re usure esth\u00e9tique, mais il a \u00e9t\u00e9 test\u00e9 et autoris\u00e9 \u00e0 fonctionner comme neuf. <\/p>\n<div class=\"pogoClear mb-12 mt-10 rounded-md border-2 border-gray-100 py-7 shadow-xl md:py-6\">\n<div class=\"flex flex-wrap justify-between px-7 text-black no-underline md:flex-nowrap md:px-8\">\n<div class=\"order-1 mx-auto flex flex-col justify-center md:order-2 md:ml-4 md:w-full md:grow\">\n<div class=\"block cursor-pointer text-center font-akshar text-2xl font-medium leading-7 text-brand-green duration-200 ease-in-out hover:text-brand-green-700 md:text-left md:text-xl md:leading-6\">T\u00e9l\u00e9viseur Samsung S95D de 65 pouces\n                <\/div>\n<div class=\"mt-4 hidden md:flex md:justify-between\">\n<div class=\"self-end\">\n<div class=\"mb-0 h-11 md:flex md:flex-col md:justify-center\">\n<div class=\" font-sans leading-4 text-black\">\n<div class=\"flex flex-wrap items-center justify-center gap-1 md:justify-start\">\n        <span class=\"font-bold\"><\/p>\n<p>            1\u00a0449,99\u00a0$<br \/>\n                            <span class=\"font-medium\">chez Woot<\/span><br \/>\n                    <\/span>\n            <\/div>\n<div class=\"flex items-center justify-center gap-x-1 font-bold md:justify-start\">\n            <span class=\"text-sm line-through\">2\u00a0247,95\u00a0$<\/span><br \/>\n            <span class=\"text-sm text-brand-green\">\u00c9conomisez 797,96\u00a0$<\/span>\n        <\/div>\n<\/p><\/div>\n<\/p><\/div>\n<\/p><\/div>\n<div class=\"w-44 self-end\">\n                            <button class=\"flex justify-center items-center w-full bg-brand-green text-white text-base font-sans font-medium rounded-md hover:bg-brand-green-700 hover:cursor-pointer md:text-sm h-11\"><\/p>\n<p>    Obtenez une offre<br \/>\n<\/button>\n                        <\/div>\n<\/p><\/div>\n<\/p><\/div>\n<div class=\"order-2 mt-5 h-auto w-full md:order-1 md:mt-0 md:hidden\">\n<div class=\"flex aspect-video items-center justify-center\">\n                                            <img decoding=\"async\" class=\"m-0 max-h-full max-w-full rounded-md\" src=\"https:\/\/vieassociative.be\/actualites\/wp-content\/uploads\/2026\/02\/Ce-televiseur-Samsung-OLED-tres-bien-note-beneficie-actuellement-dune.png\" alt=\"Samsung S95D de 65 pouces\" width=\"auto\" height=\"auto\" loading=\"lazy\">\n                                    <\/div>\n<\/p><\/div>\n<div class=\"order-2 ml-2 hidden w-32 shrink-0 items-center md:order-1 md:ml-0 md:flex\">\n<div class=\"flex aspect-video items-center justify-center\">\n                                            <img decoding=\"async\" class=\"m-0 max-h-full max-w-full rounded-md\" src=\"https:\/\/vieassociative.be\/actualites\/wp-content\/uploads\/2026\/02\/Ce-televiseur-Samsung-OLED-tres-bien-note-beneficie-actuellement-dune.png\" alt=\"Samsung S95D de 65 pouces\" width=\"auto\" height=\"auto\" loading=\"lazy\">\n                                    <\/div>\n<\/p><\/div>\n<div class=\"order-3 flex grow flex-wrap md:hidden md:grow-0\">\n<div class=\"mt-4 w-full\">\n                        <button class=\"flex justify-center items-center w-full bg-brand-green text-white text-base font-sans font-medium rounded-md hover:bg-brand-green-700 hover:cursor-pointer md:text-sm h-11\"><\/p>\n<p>    Obtenez une offre<br \/>\n<\/button>\n                    <\/div>\n<div class=\"mx-2 mt-4 w-full\">\n<div class=\" font-sans leading-4 text-black\">\n<div class=\"flex flex-wrap items-center justify-center gap-1 md:justify-start\">\n        <span class=\"font-bold\"><\/p>\n<p>            1\u00a0449,99\u00a0$<br \/>\n                            <span class=\"font-medium\">chez Woot<\/span><br \/>\n                    <\/span>\n            <\/div>\n<div class=\"flex items-center justify-center gap-x-1 font-bold md:justify-start\">\n            <span class=\"text-sm line-through\">2\u00a0247,95\u00a0$<\/span><br \/>\n            <span class=\"text-sm text-brand-green\">\u00c9conomisez 797,96\u00a0$<\/span>\n        <\/div>\n<\/p><\/div>\n<\/p><\/div>\n<\/p><\/div>\n<\/p><\/div>\n<\/div>\n<p>Il s\u2019agit d\u2019un panneau OLED 4K avec un taux de rafra\u00eechissement de 120 Hz et une prise en charge HDR10 et HDR10+. OLED signifie que chaque pixel s&rsquo;allume tout seul, de sorte que les noirs paraissent vraiment noirs et que les reflets brillants apparaissent sans effacer le reste de l&rsquo;\u00e9cran. PCMag lui a attribu\u00e9 la note \u00ab\u00a0excellent\u00a0\u00bb, soulignant sa couleur et son contraste remarquables. Samsung augmente \u00e9galement la luminosit\u00e9 par rapport \u00e0 de nombreux OLED, ce qui est utile dans les pi\u00e8ces qui ne sont pas compl\u00e8tement sombres. Pour les jeux, il est difficile de trouver des d\u00e9fauts. Les quatre ports HDMI prennent en charge la 4K \u00e0 120 Hz et peuvent g\u00e9rer un taux de rafra\u00eechissement variable jusqu&rsquo;\u00e0 144 Hz \u00e0 partir d&rsquo;un PC compatible. Le d\u00e9calage d\u2019entr\u00e9e en mode Jeu est mesur\u00e9 \u00e0 moins d\u2019une milliseconde, les commandes semblent donc imm\u00e9diates. Cela dit, il n\u2019existe pas de support officiel AMD FreeSync ou Nvidia G-Sync.<\/p>\n<p>Le t\u00e9l\u00e9viseur ex\u00e9cute la plate-forme intelligente Tizen de Samsung, avec les principales applications de streaming telles que Netflix, Disney+, YouTube et Apple TV int\u00e9gr\u00e9es. Vous pouvez diffuser depuis un iPhone ou un iPad en utilisant AirPlay et il prend en charge les services de jeux en cloud comme Xbox Game Pass et Nvidia GeForce Now si vous connectez un contr\u00f4leur via Bluetooth. En revanche, Tizen peut se sentir encombr\u00e9. Les commandes d&rsquo;image de base se trouvent plus profond\u00e9ment dans les menus que n\u00e9cessaire, et le changement d&rsquo;entr\u00e9e n\u00e9cessite quelques clics suppl\u00e9mentaires. Cela fonctionne bien une fois que vous vous y \u00eates habitu\u00e9, mais ce n&rsquo;est pas le syst\u00e8me le plus intuitif qui soit. Il n&rsquo;y a pas non plus de support Dolby Vision et le t\u00e9l\u00e9viseur ne dispose pas d&rsquo;un tuner ATSC 3.0 pour les diffusions en direct de nouvelle g\u00e9n\u00e9ration. De plus, sa connectivit\u00e9 sans fil est limit\u00e9e au Wi-Fi 5 au lieu des nouvelles normes Wi-Fi 6 ou 6E.<\/p>\n<hr>\n<div class=\" relative flex justify-center py-16 md:left-1\/2 md:w-(780px) md:max-w-max md:-translate-x-1\/2\">\n<div class=\"w-max text-center sm:text-left\">\n<div class=\"custom-gradient-background mb-6 rounded-md p-(2px) sm:rounded-tl-none\">\n<div class=\"flex flex-col rounded bg-white sm:rounded-tl-none\">\n                    <span class=\"-mt-4 block w-fit max-w-(calc(100%-1rem)) self-center bg-white px-3 text-center font-akshar text-xl font-medium capitalize text-gray-800 sm:max-w-(calc(100%-2.5rem)) sm:self-start sm:px-10 sm:text-left sm:text-2xl\">Nos meilleures offres technologiques approuv\u00e9es par les \u00e9diteurs en ce moment<\/span><\/p>\n<div class=\"flex flex-col gap-3 p-3 pb-4 text-sm sm:p-10 sm:pt-6 sm:text-justify sm:text-base\">\n<div>\n<p>    \u00c9couteurs sans fil \u00e0 suppression active du bruit Apple AirPods 4<\/p>\n<p>                                <span class=\"text-black\"><br \/>\n                                    \u2014<br \/>\n                                    <span class=\"font-bold\">139,99\u00a0$<\/span><br \/>\n                                    <span class=\"!text-xs italic sm:!text-sm\"><\/p>\n<p>                                        (Prix catalogue 179,00 $)<br \/>\n                                    <\/span><br \/>\n                                <\/span>\n                            <\/div>\n<div>\n<p>    Apple iPad 11&Prime; 128 Go A16 WiFi Tablette (Bleu, 2025)<\/p>\n<p>                                <span class=\"text-black\"><br \/>\n                                    \u2014<br \/>\n                                    <span class=\"font-bold\">329,00\u00a0$<\/span><br \/>\n                                    <span class=\"!text-xs italic sm:!text-sm\"><\/p>\n<p>                                        (Prix catalogue 349,00 $)<br \/>\n                                    <\/span><br \/>\n                                <\/span>\n                            <\/div>\n<div>\n<p>    Google Pixel 10a 128 Go 6,3&Prime; Smartphone d\u00e9bloqu\u00e9 + carte-cadeau de 100\u00a0$<\/p>\n<p>                                <span class=\"text-black\"><br \/>\n                                    \u2014<br \/>\n                                    <span class=\"font-bold\">499,00\u00a0$<\/span><br \/>\n                                    <span class=\"!text-xs italic sm:!text-sm\"><\/p>\n<p>                                        (Prix catalogue 599,00 $)<br \/>\n                                    <\/span><br \/>\n                                <\/span>\n                            <\/div>\n<div>\n<p>    Montre intelligente Apple Watch Series 11 (GPS 46 mm) avec bo\u00eetier en aluminium noir de jais et bracelet sport noir &#8211; M\/L. Score de sommeil, tracker d&rsquo;activit\u00e9, surveillance de la sant\u00e9, affichage permanent, r\u00e9sistant \u00e0 l&rsquo;eau<\/p>\n<p>                                <span class=\"text-black\"><br \/>\n                                    \u2014<br \/>\n                                    <span class=\"font-bold\">329,00\u00a0$<\/span><br \/>\n                                    <span class=\"!text-xs italic sm:!text-sm\"><\/p>\n<p>                                        (Prix catalogue 429,00 $)<br \/>\n                                    <\/span><br \/>\n                                <\/span>\n                            <\/div>\n<div>\n<p>    Cl\u00e9 Amazon Fire TV 4K Plus<\/p>\n<p>                                <span class=\"text-black\"><br \/>\n                                    \u2014<br \/>\n                                    <span class=\"font-bold\">29,99\u00a0$<\/span><br \/>\n                                    <span class=\"!text-xs italic sm:!text-sm\"><\/p>\n<p>                                        (Prix catalogue 49,99 $)<br \/>\n                                    <\/span><br \/>\n                                <\/span>\n                            <\/div>\n<div>\n<p>    Casque sans fil \u00e0 r\u00e9duction de bruit Bose QuietComfort<\/p>\n<p>                                <span class=\"text-black\"><br \/>\n                                    \u2014<br \/>\n                                    <span class=\"font-bold\">229,99\u00a0$<\/span><br \/>\n                                    <span class=\"!text-xs italic sm:!text-sm\"><\/p>\n<p>                                        (Prix catalogue 349,00 $)<br \/>\n                                    <\/span><br \/>\n                                <\/span>\n                            <\/div>\n<div>\n<p>    Tablette Samsung Galaxy Tab A9+ 64 Go Wi-Fi 11&Prime; (argent)<\/p>\n<p>                                <span class=\"text-black\"><br \/>\n                                    \u2014<br \/>\n                                    <span class=\"font-bold\">159,99\u00a0$<\/span><br \/>\n                                    <span class=\"!text-xs italic sm:!text-sm\"><\/p>\n<p>                                        (Prix catalogue 219,99 $)<br \/>\n                                    <\/span><br \/>\n                                <\/span>\n                            <\/div>\n<\/p><\/div>\n<\/p><\/div>\n<\/p><\/div>\n<div class=\"flex flex-col items-center justify-between text-black sm:flex-row sm:px-6\">\n                <span class=\"text-xs italic sm:ml-7 sm:text-sm\">Les offres sont s\u00e9lectionn\u00e9es par notre \u00e9quipe commerciale<\/span><\/p><\/div>\n<\/p><\/div>\n<\/p><\/div>\n","protected":false},"excerpt":{"rendered":"<p>Nous pouvons gagner une commission sur les liens sur cette page. Les prix et la disponibilit\u00e9 de l&rsquo;offre sont sujets \u00e0 changement apr\u00e8s la publication.<\/p>\n","protected":false},"author":1,"featured_media":12759,"comment_status":"","ping_status":"","sticky":false,"template":"","format":"standard","meta":{"footnotes":""},"categories":[1],"tags":[19,3546,254,698,5137,2558,308,1878,1978,2493],"class_list":["post-12758","post","type-post","status-publish","format-standard","has-post-thumbnail","hentry","category-non-classe","tag-actuellement","tag-beneficie","tag-bien","tag-dune","tag-note","tag-oled","tag-reduction","tag-samsung","tag-televiseur","tag-tres","generate-columns","tablet-grid-50","mobile-grid-100","grid-parent","grid-33"],"yoast_head":"<!-- This site is optimized with the Yoast SEO plugin v24.0 - https:\/\/yoast.com\/wordpress\/plugins\/seo\/ -->\n<title>Ce t\u00e9l\u00e9viseur Samsung OLED tr\u00e8s bien not\u00e9 b\u00e9n\u00e9ficie actuellement d&#039;une r\u00e9duction de 800\u00a0$ | Vie Associative<\/title>\n<meta name=\"robots\" content=\"index, follow, max-snippet:-1, max-image-preview:large, max-video-preview:-1\" \/>\n<link rel=\"canonical\" href=\"https:\/\/vieassociative.be\/actualites\/ce-televiseur-samsung-oled-tres-bien-note-beneficie-actuellement-dune-reduction-de-800\/\" \/>\n<meta property=\"og:locale\" content=\"fr_FR\" \/>\n<meta property=\"og:type\" content=\"article\" \/>\n<meta property=\"og:title\" content=\"Ce t\u00e9l\u00e9viseur Samsung OLED tr\u00e8s bien not\u00e9 b\u00e9n\u00e9ficie actuellement d&#039;une r\u00e9duction de 800\u00a0$ | Vie Associative\" \/>\n<meta property=\"og:description\" content=\"Nous pouvons gagner une commission sur les liens sur cette page. Les prix et la disponibilit\u00e9 de l&rsquo;offre sont sujets \u00e0 changement apr\u00e8s la publication.\" \/>\n<meta property=\"og:url\" content=\"https:\/\/vieassociative.be\/actualites\/ce-televiseur-samsung-oled-tres-bien-note-beneficie-actuellement-dune-reduction-de-800\/\" \/>\n<meta property=\"og:site_name\" content=\"Vie Associative\" \/>\n<meta property=\"article:published_time\" content=\"2026-02-23T03:17:24+00:00\" \/>\n<meta property=\"og:image\" content=\"https:\/\/vieassociative.be\/actualites\/wp-content\/uploads\/2026\/02\/Ce-televiseur-Samsung-OLED-tres-bien-note-beneficie-actuellement-dune.png\" \/>\n<meta name=\"author\" content=\"Julien\" \/>\n<meta name=\"twitter:card\" content=\"summary_large_image\" \/>\n<meta name=\"twitter:label1\" content=\"\u00c9crit par\" \/>\n\t<meta name=\"twitter:data1\" content=\"Julien\" \/>\n\t<meta name=\"twitter:label2\" content=\"Dur\u00e9e de lecture est.\" \/>\n\t<meta name=\"twitter:data2\" content=\"3 minutes\" \/>\n<script type=\"application\/ld+json\" class=\"yoast-schema-graph\">{\"@context\":\"https:\/\/schema.org\",\"@graph\":[{\"@type\":\"Article\",\"@id\":\"https:\/\/vieassociative.be\/actualites\/ce-televiseur-samsung-oled-tres-bien-note-beneficie-actuellement-dune-reduction-de-800\/#article\",\"isPartOf\":{\"@id\":\"https:\/\/vieassociative.be\/actualites\/ce-televiseur-samsung-oled-tres-bien-note-beneficie-actuellement-dune-reduction-de-800\/\"},\"author\":{\"name\":\"Julien\",\"@id\":\"https:\/\/vieassociative.be\/actualites\/#\/schema\/person\/b87ac4f82f9d4e7b7cec7395b679edc4\"},\"headline\":\"Ce t\u00e9l\u00e9viseur Samsung OLED tr\u00e8s bien not\u00e9 b\u00e9n\u00e9ficie actuellement d&rsquo;une r\u00e9duction de 800\u00a0$\",\"datePublished\":\"2026-02-23T03:17:24+00:00\",\"dateModified\":\"2026-02-23T03:17:24+00:00\",\"mainEntityOfPage\":{\"@id\":\"https:\/\/vieassociative.be\/actualites\/ce-televiseur-samsung-oled-tres-bien-note-beneficie-actuellement-dune-reduction-de-800\/\"},\"wordCount\":601,\"publisher\":{\"@id\":\"https:\/\/vieassociative.be\/actualites\/#organization\"},\"image\":{\"@id\":\"https:\/\/vieassociative.be\/actualites\/ce-televiseur-samsung-oled-tres-bien-note-beneficie-actuellement-dune-reduction-de-800\/#primaryimage\"},\"thumbnailUrl\":\"https:\/\/vieassociative.be\/actualites\/wp-content\/uploads\/2026\/02\/1771816645_Ce-televiseur-Samsung-OLED-tres-bien-note-beneficie-actuellement-dune.png\",\"keywords\":[\"actuellement\",\"b\u00e9n\u00e9ficie\",\"bien\",\"dune\",\"Note\",\"OLED\",\"r\u00e9duction\",\"Samsung\",\"t\u00e9l\u00e9viseur\",\"tr\u00e8s\"],\"inLanguage\":\"fr-BE\"},{\"@type\":\"WebPage\",\"@id\":\"https:\/\/vieassociative.be\/actualites\/ce-televiseur-samsung-oled-tres-bien-note-beneficie-actuellement-dune-reduction-de-800\/\",\"url\":\"https:\/\/vieassociative.be\/actualites\/ce-televiseur-samsung-oled-tres-bien-note-beneficie-actuellement-dune-reduction-de-800\/\",\"name\":\"Ce t\u00e9l\u00e9viseur Samsung OLED tr\u00e8s bien not\u00e9 b\u00e9n\u00e9ficie actuellement d'une r\u00e9duction de 800\u00a0$ | Vie Associative\",\"isPartOf\":{\"@id\":\"https:\/\/vieassociative.be\/actualites\/#website\"},\"primaryImageOfPage\":{\"@id\":\"https:\/\/vieassociative.be\/actualites\/ce-televiseur-samsung-oled-tres-bien-note-beneficie-actuellement-dune-reduction-de-800\/#primaryimage\"},\"image\":{\"@id\":\"https:\/\/vieassociative.be\/actualites\/ce-televiseur-samsung-oled-tres-bien-note-beneficie-actuellement-dune-reduction-de-800\/#primaryimage\"},\"thumbnailUrl\":\"https:\/\/vieassociative.be\/actualites\/wp-content\/uploads\/2026\/02\/1771816645_Ce-televiseur-Samsung-OLED-tres-bien-note-beneficie-actuellement-dune.png\",\"datePublished\":\"2026-02-23T03:17:24+00:00\",\"dateModified\":\"2026-02-23T03:17:24+00:00\",\"breadcrumb\":{\"@id\":\"https:\/\/vieassociative.be\/actualites\/ce-televiseur-samsung-oled-tres-bien-note-beneficie-actuellement-dune-reduction-de-800\/#breadcrumb\"},\"inLanguage\":\"fr-BE\",\"potentialAction\":[{\"@type\":\"ReadAction\",\"target\":[\"https:\/\/vieassociative.be\/actualites\/ce-televiseur-samsung-oled-tres-bien-note-beneficie-actuellement-dune-reduction-de-800\/\"]}]},{\"@type\":\"ImageObject\",\"inLanguage\":\"fr-BE\",\"@id\":\"https:\/\/vieassociative.be\/actualites\/ce-televiseur-samsung-oled-tres-bien-note-beneficie-actuellement-dune-reduction-de-800\/#primaryimage\",\"url\":\"https:\/\/vieassociative.be\/actualites\/wp-content\/uploads\/2026\/02\/1771816645_Ce-televiseur-Samsung-OLED-tres-bien-note-beneficie-actuellement-dune.png\",\"contentUrl\":\"https:\/\/vieassociative.be\/actualites\/wp-content\/uploads\/2026\/02\/1771816645_Ce-televiseur-Samsung-OLED-tres-bien-note-beneficie-actuellement-dune.png\",\"width\":1200,\"height\":675,\"caption\":\"Ce t\u00e9l\u00e9viseur Samsung OLED tr\u00e8s bien not\u00e9 b\u00e9n\u00e9ficie actuellement d'une r\u00e9duction de 800\u00a0$\"},{\"@type\":\"BreadcrumbList\",\"@id\":\"https:\/\/vieassociative.be\/actualites\/ce-televiseur-samsung-oled-tres-bien-note-beneficie-actuellement-dune-reduction-de-800\/#breadcrumb\",\"itemListElement\":[{\"@type\":\"ListItem\",\"position\":1,\"name\":\"Accueil\",\"item\":\"https:\/\/vieassociative.be\/actualites\/\"},{\"@type\":\"ListItem\",\"position\":2,\"name\":\"Ce t\u00e9l\u00e9viseur Samsung OLED tr\u00e8s bien not\u00e9 b\u00e9n\u00e9ficie actuellement d&rsquo;une r\u00e9duction de 800\u00a0$\"}]},{\"@type\":\"WebSite\",\"@id\":\"https:\/\/vieassociative.be\/actualites\/#website\",\"url\":\"https:\/\/vieassociative.be\/actualites\/\",\"name\":\"Vie Associative\",\"description\":\"\",\"publisher\":{\"@id\":\"https:\/\/vieassociative.be\/actualites\/#organization\"},\"potentialAction\":[{\"@type\":\"SearchAction\",\"target\":{\"@type\":\"EntryPoint\",\"urlTemplate\":\"https:\/\/vieassociative.be\/actualites\/?s={search_term_string}\"},\"query-input\":{\"@type\":\"PropertyValueSpecification\",\"valueRequired\":true,\"valueName\":\"search_term_string\"}}],\"inLanguage\":\"fr-BE\"},{\"@type\":\"Organization\",\"@id\":\"https:\/\/vieassociative.be\/actualites\/#organization\",\"name\":\"Vie Associative\",\"url\":\"https:\/\/vieassociative.be\/actualites\/\",\"logo\":{\"@type\":\"ImageObject\",\"inLanguage\":\"fr-BE\",\"@id\":\"https:\/\/vieassociative.be\/actualites\/#\/schema\/logo\/image\/\",\"url\":\"https:\/\/vieassociative.be\/actualites\/wp-content\/uploads\/2024\/09\/cropped-vieassociative_favicon.ico.png\",\"contentUrl\":\"https:\/\/vieassociative.be\/actualites\/wp-content\/uploads\/2024\/09\/cropped-vieassociative_favicon.ico.png\",\"width\":512,\"height\":512,\"caption\":\"Vie Associative\"},\"image\":{\"@id\":\"https:\/\/vieassociative.be\/actualites\/#\/schema\/logo\/image\/\"}},{\"@type\":\"Person\",\"@id\":\"https:\/\/vieassociative.be\/actualites\/#\/schema\/person\/b87ac4f82f9d4e7b7cec7395b679edc4\",\"name\":\"Julien\",\"image\":{\"@type\":\"ImageObject\",\"inLanguage\":\"fr-BE\",\"@id\":\"https:\/\/vieassociative.be\/actualites\/#\/schema\/person\/image\/\",\"url\":\"https:\/\/vieassociative.be\/actualites\/wp-content\/uploads\/2024\/09\/vie-associative-1-150x150.jpg\",\"contentUrl\":\"https:\/\/vieassociative.be\/actualites\/wp-content\/uploads\/2024\/09\/vie-associative-1-150x150.jpg\",\"caption\":\"Julien\"},\"description\":\"Je suis Julien, r\u00e9dacteur pour Vie Associative. Passionn\u00e9 par le monde associatif depuis plus de 10 ans, j'ai \u00e0 c\u0153ur de partager des histoires inspirantes et de mettre en lumi\u00e8re les initiatives locales. Mon objectif est de sensibiliser et d'encourager l'engagement communautaire \u00e0 travers mes articles.\",\"sameAs\":[\"https:\/\/vieassociative.be\/\"]}]}<\/script>\n<!-- \/ Yoast SEO plugin. -->","yoast_head_json":{"title":"Ce t\u00e9l\u00e9viseur Samsung OLED tr\u00e8s bien not\u00e9 b\u00e9n\u00e9ficie actuellement d'une r\u00e9duction de 800\u00a0$ | Vie Associative","robots":{"index":"index","follow":"follow","max-snippet":"max-snippet:-1","max-image-preview":"max-image-preview:large","max-video-preview":"max-video-preview:-1"},"canonical":"https:\/\/vieassociative.be\/actualites\/ce-televiseur-samsung-oled-tres-bien-note-beneficie-actuellement-dune-reduction-de-800\/","og_locale":"fr_FR","og_type":"article","og_title":"Ce t\u00e9l\u00e9viseur Samsung OLED tr\u00e8s bien not\u00e9 b\u00e9n\u00e9ficie actuellement d'une r\u00e9duction de 800\u00a0$ | Vie Associative","og_description":"Nous pouvons gagner une commission sur les liens sur cette page. Les prix et la disponibilit\u00e9 de l&rsquo;offre sont sujets \u00e0 changement apr\u00e8s la publication.","og_url":"https:\/\/vieassociative.be\/actualites\/ce-televiseur-samsung-oled-tres-bien-note-beneficie-actuellement-dune-reduction-de-800\/","og_site_name":"Vie Associative","article_published_time":"2026-02-23T03:17:24+00:00","og_image":[{"url":"https:\/\/vieassociative.be\/actualites\/wp-content\/uploads\/2026\/02\/Ce-televiseur-Samsung-OLED-tres-bien-note-beneficie-actuellement-dune.png","type":"","width":"","height":""}],"author":"Julien","twitter_card":"summary_large_image","twitter_misc":{"\u00c9crit par":"Julien","Dur\u00e9e de lecture est.":"3 minutes"},"schema":{"@context":"https:\/\/schema.org","@graph":[{"@type":"Article","@id":"https:\/\/vieassociative.be\/actualites\/ce-televiseur-samsung-oled-tres-bien-note-beneficie-actuellement-dune-reduction-de-800\/#article","isPartOf":{"@id":"https:\/\/vieassociative.be\/actualites\/ce-televiseur-samsung-oled-tres-bien-note-beneficie-actuellement-dune-reduction-de-800\/"},"author":{"name":"Julien","@id":"https:\/\/vieassociative.be\/actualites\/#\/schema\/person\/b87ac4f82f9d4e7b7cec7395b679edc4"},"headline":"Ce t\u00e9l\u00e9viseur Samsung OLED tr\u00e8s bien not\u00e9 b\u00e9n\u00e9ficie actuellement d&rsquo;une r\u00e9duction de 800\u00a0$","datePublished":"2026-02-23T03:17:24+00:00","dateModified":"2026-02-23T03:17:24+00:00","mainEntityOfPage":{"@id":"https:\/\/vieassociative.be\/actualites\/ce-televiseur-samsung-oled-tres-bien-note-beneficie-actuellement-dune-reduction-de-800\/"},"wordCount":601,"publisher":{"@id":"https:\/\/vieassociative.be\/actualites\/#organization"},"image":{"@id":"https:\/\/vieassociative.be\/actualites\/ce-televiseur-samsung-oled-tres-bien-note-beneficie-actuellement-dune-reduction-de-800\/#primaryimage"},"thumbnailUrl":"https:\/\/vieassociative.be\/actualites\/wp-content\/uploads\/2026\/02\/1771816645_Ce-televiseur-Samsung-OLED-tres-bien-note-beneficie-actuellement-dune.png","keywords":["actuellement","b\u00e9n\u00e9ficie","bien","dune","Note","OLED","r\u00e9duction","Samsung","t\u00e9l\u00e9viseur","tr\u00e8s"],"inLanguage":"fr-BE"},{"@type":"WebPage","@id":"https:\/\/vieassociative.be\/actualites\/ce-televiseur-samsung-oled-tres-bien-note-beneficie-actuellement-dune-reduction-de-800\/","url":"https:\/\/vieassociative.be\/actualites\/ce-televiseur-samsung-oled-tres-bien-note-beneficie-actuellement-dune-reduction-de-800\/","name":"Ce t\u00e9l\u00e9viseur Samsung OLED tr\u00e8s bien not\u00e9 b\u00e9n\u00e9ficie actuellement d'une r\u00e9duction de 800\u00a0$ | Vie Associative","isPartOf":{"@id":"https:\/\/vieassociative.be\/actualites\/#website"},"primaryImageOfPage":{"@id":"https:\/\/vieassociative.be\/actualites\/ce-televiseur-samsung-oled-tres-bien-note-beneficie-actuellement-dune-reduction-de-800\/#primaryimage"},"image":{"@id":"https:\/\/vieassociative.be\/actualites\/ce-televiseur-samsung-oled-tres-bien-note-beneficie-actuellement-dune-reduction-de-800\/#primaryimage"},"thumbnailUrl":"https:\/\/vieassociative.be\/actualites\/wp-content\/uploads\/2026\/02\/1771816645_Ce-televiseur-Samsung-OLED-tres-bien-note-beneficie-actuellement-dune.png","datePublished":"2026-02-23T03:17:24+00:00","dateModified":"2026-02-23T03:17:24+00:00","breadcrumb":{"@id":"https:\/\/vieassociative.be\/actualites\/ce-televiseur-samsung-oled-tres-bien-note-beneficie-actuellement-dune-reduction-de-800\/#breadcrumb"},"inLanguage":"fr-BE","potentialAction":[{"@type":"ReadAction","target":["https:\/\/vieassociative.be\/actualites\/ce-televiseur-samsung-oled-tres-bien-note-beneficie-actuellement-dune-reduction-de-800\/"]}]},{"@type":"ImageObject","inLanguage":"fr-BE","@id":"https:\/\/vieassociative.be\/actualites\/ce-televiseur-samsung-oled-tres-bien-note-beneficie-actuellement-dune-reduction-de-800\/#primaryimage","url":"https:\/\/vieassociative.be\/actualites\/wp-content\/uploads\/2026\/02\/1771816645_Ce-televiseur-Samsung-OLED-tres-bien-note-beneficie-actuellement-dune.png","contentUrl":"https:\/\/vieassociative.be\/actualites\/wp-content\/uploads\/2026\/02\/1771816645_Ce-televiseur-Samsung-OLED-tres-bien-note-beneficie-actuellement-dune.png","width":1200,"height":675,"caption":"Ce t\u00e9l\u00e9viseur Samsung OLED tr\u00e8s bien not\u00e9 b\u00e9n\u00e9ficie actuellement d'une r\u00e9duction de 800\u00a0$"},{"@type":"BreadcrumbList","@id":"https:\/\/vieassociative.be\/actualites\/ce-televiseur-samsung-oled-tres-bien-note-beneficie-actuellement-dune-reduction-de-800\/#breadcrumb","itemListElement":[{"@type":"ListItem","position":1,"name":"Accueil","item":"https:\/\/vieassociative.be\/actualites\/"},{"@type":"ListItem","position":2,"name":"Ce t\u00e9l\u00e9viseur Samsung OLED tr\u00e8s bien not\u00e9 b\u00e9n\u00e9ficie actuellement d&rsquo;une r\u00e9duction de 800\u00a0$"}]},{"@type":"WebSite","@id":"https:\/\/vieassociative.be\/actualites\/#website","url":"https:\/\/vieassociative.be\/actualites\/","name":"Vie Associative","description":"","publisher":{"@id":"https:\/\/vieassociative.be\/actualites\/#organization"},"potentialAction":[{"@type":"SearchAction","target":{"@type":"EntryPoint","urlTemplate":"https:\/\/vieassociative.be\/actualites\/?s={search_term_string}"},"query-input":{"@type":"PropertyValueSpecification","valueRequired":true,"valueName":"search_term_string"}}],"inLanguage":"fr-BE"},{"@type":"Organization","@id":"https:\/\/vieassociative.be\/actualites\/#organization","name":"Vie Associative","url":"https:\/\/vieassociative.be\/actualites\/","logo":{"@type":"ImageObject","inLanguage":"fr-BE","@id":"https:\/\/vieassociative.be\/actualites\/#\/schema\/logo\/image\/","url":"https:\/\/vieassociative.be\/actualites\/wp-content\/uploads\/2024\/09\/cropped-vieassociative_favicon.ico.png","contentUrl":"https:\/\/vieassociative.be\/actualites\/wp-content\/uploads\/2024\/09\/cropped-vieassociative_favicon.ico.png","width":512,"height":512,"caption":"Vie Associative"},"image":{"@id":"https:\/\/vieassociative.be\/actualites\/#\/schema\/logo\/image\/"}},{"@type":"Person","@id":"https:\/\/vieassociative.be\/actualites\/#\/schema\/person\/b87ac4f82f9d4e7b7cec7395b679edc4","name":"Julien","image":{"@type":"ImageObject","inLanguage":"fr-BE","@id":"https:\/\/vieassociative.be\/actualites\/#\/schema\/person\/image\/","url":"https:\/\/vieassociative.be\/actualites\/wp-content\/uploads\/2024\/09\/vie-associative-1-150x150.jpg","contentUrl":"https:\/\/vieassociative.be\/actualites\/wp-content\/uploads\/2024\/09\/vie-associative-1-150x150.jpg","caption":"Julien"},"description":"Je suis Julien, r\u00e9dacteur pour Vie Associative. Passionn\u00e9 par le monde associatif depuis plus de 10 ans, j'ai \u00e0 c\u0153ur de partager des histoires inspirantes et de mettre en lumi\u00e8re les initiatives locales. Mon objectif est de sensibiliser et d'encourager l'engagement communautaire \u00e0 travers mes articles.","sameAs":["https:\/\/vieassociative.be\/"]}]}},"_links":{"self":[{"href":"https:\/\/vieassociative.be\/actualites\/wp-json\/wp\/v2\/posts\/12758"}],"collection":[{"href":"https:\/\/vieassociative.be\/actualites\/wp-json\/wp\/v2\/posts"}],"about":[{"href":"https:\/\/vieassociative.be\/actualites\/wp-json\/wp\/v2\/types\/post"}],"author":[{"embeddable":true,"href":"https:\/\/vieassociative.be\/actualites\/wp-json\/wp\/v2\/users\/1"}],"replies":[{"embeddable":true,"href":"https:\/\/vieassociative.be\/actualites\/wp-json\/wp\/v2\/comments?post=12758"}],"version-history":[{"count":0,"href":"https:\/\/vieassociative.be\/actualites\/wp-json\/wp\/v2\/posts\/12758\/revisions"}],"wp:featuredmedia":[{"embeddable":true,"href":"https:\/\/vieassociative.be\/actualites\/wp-json\/wp\/v2\/media\/12759"}],"wp:attachment":[{"href":"https:\/\/vieassociative.be\/actualites\/wp-json\/wp\/v2\/media?parent=12758"}],"wp:term":[{"taxonomy":"category","embeddable":true,"href":"https:\/\/vieassociative.be\/actualites\/wp-json\/wp\/v2\/categories?post=12758"},{"taxonomy":"post_tag","embeddable":true,"href":"https:\/\/vieassociative.be\/actualites\/wp-json\/wp\/v2\/tags?post=12758"}],"curies":[{"name":"wp","href":"https:\/\/api.w.org\/{rel}","templated":true}]}}