{"id":12756,"date":"2026-02-22T23:17:25","date_gmt":"2026-02-22T22:17:25","guid":{"rendered":"https:\/\/vieassociative.be\/actualites\/entreprise-en-allemagne-peu-avant-la-beatification-et-un-tel-discours-doit-etre-porte-au-bundestag-video\/"},"modified":"2026-02-22T23:17:25","modified_gmt":"2026-02-22T22:17:25","slug":"entreprise-en-allemagne-peu-avant-la-beatification-et-un-tel-discours-doit-etre-porte-au-bundestag-video","status":"publish","type":"post","link":"https:\/\/vieassociative.be\/actualites\/entreprise-en-allemagne-peu-avant-la-beatification-et-un-tel-discours-doit-etre-porte-au-bundestag-video\/","title":{"rendered":"\u00ab Entreprise en Allemagne peu avant la b\u00e9atification \u00bb et \u00ab Un tel discours doit \u00eatre port\u00e9 au Bundestag \u00bb (VIDEO)"},"content":{"rendered":"<p><strong>Lorsque Vincent Kompany est interrog\u00e9 sur l&rsquo;incident pr\u00e9sum\u00e9 de racisme impliquant la star du football Vin\u00edcius J\u00fanior, tout le reste passe soudainement au second plan. Le Cl\u00e1sico du football allemand contre le Borussia Dortmund dans une semaine ? Les suspensions jaunes imminentes pour le trio international munichois Joshua Kimmich, Jonathan Tah et Leon Goretzka lors du match \u00e0 domicile de Bundesliga contre l&rsquo;Eintracht Francfort ? Tout est secondaire \u00e0 ce moment-l\u00e0.<\/strong><\/p>\n<p><span id=\"more-437165\"><\/span>Tout cela s&rsquo;est estomp\u00e9 dans la puissante d\u00e9claration de douze minutes de l&rsquo;entra\u00eeneur du Bayern (voir VID\u00c9O ci-dessous) \u00e0 la fin de ce qui aurait d\u00fb \u00eatre une conf\u00e9rence de presse de routine. Le Belge de 39 ans, d&rsquo;origine congolaise, a \u00e9t\u00e9 touch\u00e9 \u00e9motionnellement et ses paroles r\u00e9fl\u00e9chies ont trouv\u00e9 un \u00e9cho au-del\u00e0 de l&rsquo;Allemagne.<\/p>\n<p>Kompany a regard\u00e9 en direct \u00e0 la t\u00e9l\u00e9vision mardi soir le match de Ligue des Champions du Benfica Lisbonne contre le Real Madrid. Le Br\u00e9silien Vin\u00edcius J\u00fanior, qui a c\u00e9l\u00e9br\u00e9 de mani\u00e8re excentrique son but vainqueur 1-0 pour le Real, a ensuite accus\u00e9 le professionnel du Benfica, Gianluca Prestianni, sur le terrain de le traiter de \u00ab singe \u00bb en espagnol. <\/p>\n<\/p>\n<div id=\"attachment_437168\" class=\"wp-caption alignleft\" style=\"max-width: 300px\"><img fetchpriority=\"high\" decoding=\"async\" class=\"wp-image-437168 size-medium\" src=\"https:\/\/vieassociative.be\/actualites\/wp-content\/uploads\/2026\/02\/Entreprise-en-Allemagne-peu-avant-la-beatification-et.jpg\" alt=\"\" width=\"300\" height=\"200\"><\/div>\n<p>L&rsquo;attaquant du Real Kylian Mbapp\u00e9 l&rsquo;a confirm\u00e9 et l&rsquo;arbitre a interrompu le match. Au moment en question, Prestianni avait mis son maillot sur sa bouche. L&rsquo;Argentin nie les all\u00e9gations.<\/p>\n<p>Kompany a clairement soutenu Vin\u00edcius J\u00fanior et s&rsquo;est fondamentalement plaint de la mani\u00e8re dont le racisme est trait\u00e9 dans le football et dans la soci\u00e9t\u00e9. Et il a s\u00e9v\u00e8rement critiqu\u00e9 l&rsquo;entra\u00eeneur du Benfica, Jos\u00e9 Morurinho, \u00e0 ce sujet. Il a accus\u00e9 les Portugais de faute grave dans une position de leadership. Mais tout d\u2019abord.<\/p>\n<p><strong>\u2013 \u00ab Il n\u2019y a toujours que du noir et du blanc \u00bb : <\/strong> \u00ab\u00a0C&rsquo;est un sujet difficile\u00a0\u00bb, a d\u00e9clar\u00e9 Kompany au d\u00e9but de son discours, au cours duquel il a pr\u00e9f\u00e9r\u00e9 passer de l&rsquo;allemand \u00e0 l&rsquo;anglais, plus familier. \u00ab\u00a0S&rsquo;il est vrai que le joueur de Benfica a dit cela, j&rsquo;aimerais qu&rsquo;il y ait un espace pour s&rsquo;excuser. Personne au monde n&rsquo;est parfait. Mais nous nous privons de cette option. Il n&rsquo;y a toujours que gauche et droite, noir et blanc\u00a0\u00bb, a d\u00e9plor\u00e9 le Belge.<\/p>\n<p>Kompany n&rsquo;a aucun doute sur Vin\u00edcius J\u00fanior, qui a signal\u00e9 l&rsquo;incident sur le terrain \u00e0 l&rsquo;arbitre Fran\u00e7ois Letexier. \u00ab\u00a0Quand vous voyez l&rsquo;action, sa r\u00e9action ne peut pas \u00eatre fausse. C&rsquo;est une r\u00e9action \u00e9motionnelle. Et je ne vois aucun avantage pour lui d&rsquo;aller voir l&rsquo;arbitre et de prendre toute la mis\u00e8re sur ses \u00e9paules. Mais il le fait parce qu&rsquo;il pense que c&rsquo;est la bonne chose \u00e0 faire \u00e0 ce moment-l\u00e0\u00a0\u00bb, a expliqu\u00e9 Kompany.<\/p>\n<\/p>\n<div id=\"attachment_437017\" class=\"wp-caption alignleft\" style=\"max-width: 300px\"><img decoding=\"async\" class=\"wp-image-437017 size-medium\" src=\"https:\/\/vieassociative.be\/actualites\/wp-content\/uploads\/2026\/02\/1771474647_959_Polemique-sur-le-racisme-autour-de-Vinicius-Junior-Real.jpg\" alt=\"\" width=\"300\" height=\"200\"  ><\/div>\n<p>Il a lui-m\u00eame \u00e9t\u00e9 confront\u00e9 \u00e0 une hostilit\u00e9 raciste lorsqu\u2019il \u00e9tait joueur et entra\u00eeneur. Contrairement \u00e0 de nombreux autres footballeurs noirs, Vin\u00edcius J\u00fanior, en tant que joueur c\u00e9l\u00e8bre, est \u00ab au moins dans une position o\u00f9 il a une voix pour protester \u00bb, a not\u00e9 l&rsquo;entra\u00eeneur du Bayern.<\/p>\n<p><strong>\u2013 \u00ab Erreur flagrante \u00bb de Mourinho :<\/strong> Il parle clairement de son coll\u00e8gue entra\u00eeneur Mourinho. Apr\u00e8s le match, le Portugais \u00ab\u00a0a attaqu\u00e9 le personnage de Vin\u00edcius J\u00fanior en menant la c\u00e9l\u00e9bration de son but\u00a0\u00bb, a d\u00e9clar\u00e9 Kompany. Cela d\u00e9tourne l\u2019attention du noyau r\u00e9el. \u00ab\u00a0Pour moi, c&rsquo;est une erreur flagrante en termes de leadership. Jos\u00e9 Mourinho mentionne le nom d&rsquo;Eusebio pour dire que Benfica ne pouvait pas \u00eatre raciste parce que le meilleur joueur de l&rsquo;histoire de Benfica \u00e9tait noir.\u00a0\u00bb Il conna\u00eet de nombreux joueurs noirs qui ont \u00e9t\u00e9 et sont touch\u00e9s par le racisme. Outre Eusebio, Kompany a nomm\u00e9 d&rsquo;anciennes stars telles que Samuel Eto&rsquo;o, Mario Balotelli et Patrick Vieira. \u00ab\u00a0Je ne juge pas Jos\u00e9 Mourinho en tant que personne\u00a0\u00bb, a d\u00e9clar\u00e9 explicitement Kompany : \u00ab\u00a0Mais il a commis une erreur. Et j&rsquo;esp\u00e8re que cela ne se reproduira plus \u00e0 l&rsquo;avenir.\u00a0\u00bb<\/p>\n<p>La r\u00e9action \u00e0 la d\u00e9claration de Kompany au sujet du \u00ab racisme dans le football \u00bb a \u00e9t\u00e9 immense, notamment en Allemagne. \u00ab\u00a0Vincent Kompany est sur le point d&rsquo;\u00eatre b\u00e9atifi\u00e9 en Allemagne\u00a0\u00bb, a d\u00e9clar\u00e9 avec insistance un fan de football sur les r\u00e9seaux sociaux, d\u00e9crivant l&rsquo;ambiance qui r\u00e9gnait autour du 89 fois joueur national belge apr\u00e8s son apparition.<\/p>\n<p>En fait, l&rsquo;entra\u00eeneur du FC Bayern Munich a provoqu\u00e9 une r\u00e9action avec sa d\u00e9claration qui allait bien au-del\u00e0 de l&rsquo;aspect sportif. \u00ab\u00a0Les mots intelligents de Kompany contre le racisme : ce discours doit \u00eatre entendu au Bundestag ! Tout le monde parle de l&rsquo;apparence de l&rsquo;entra\u00eeneur du Bayern\u00a0\u00bb, titrait le journal \u00ab\u00a0Bild\u00a0\u00bb. (dpa\/cr\u00e9)<\/p>\n<p><em><strong>Vous trouverez ci-dessous une VID\u00c9O de la d\u00e9claration de l&rsquo;entra\u00eeneur du Bayern Vincent Kompany sur le th\u00e8me du \u00ab\u00a0racisme dans le football\u00a0\u00bb apr\u00e8s les incidents survenus lors du match du Benfica Lisbonne contre le Real Madrid (en anglais avec sous-titres en allemand)\u00a0:<\/strong><\/em><\/p>\n<div class=\"responsive-embed widescreen\">\n<div class=\"rll-youtube-player\" data-src=\"https:\/\/www.youtube.com\/embed\/gZImO6CiNm0\" data-id=\"gZImO6CiNm0\" data-query=\"feature=oembed\" data-alt=\"Kompanys denkw\u00fcrdiger Monolog im Video | SPORT1\"><\/div>\n<p><noscript><iframe title=\"Kompanys denkw\u00fcrdiger Monolog im Video | SPORT1\" width=\"1200\" height=\"675\" src=\"https:\/\/www.youtube.com\/embed\/gZImO6CiNm0?feature=oembed\" frameborder=\"0\" allow=\"accelerometer; autoplay; clipboard-write; encrypted-media; gyroscope; picture-in-picture; web-share\" referrerpolicy=\"strict-origin-when-cross-origin\" allowfullscreen><\/iframe><\/noscript><\/div>\n","protected":false},"excerpt":{"rendered":"<p>Lorsque Vincent Kompany est interrog\u00e9 sur l&rsquo;incident pr\u00e9sum\u00e9 de racisme impliquant la star du football Vin\u00edcius J\u00fanior, tout le reste passe soudainement au second plan.<\/p>\n","protected":false},"author":1,"featured_media":12757,"comment_status":"","ping_status":"","sticky":false,"template":"","format":"standard","meta":{"footnotes":""},"categories":[298],"tags":[2864,142,4203,4063,1551,2552,6445,23,302,3911,10090,1204],"class_list":["post-12756","post","type-post","status-publish","format-standard","has-post-thumbnail","hentry","category-belgique","tag-allemagne","tag-avant","tag-beatification","tag-bundestag","tag-discours","tag-doit","tag-entreprise","tag-etre","tag-peu","tag-porte","tag-tel","tag-video","generate-columns","tablet-grid-50","mobile-grid-100","grid-parent","grid-33"],"yoast_head":"<!-- This site is optimized with the Yoast SEO plugin v24.0 - https:\/\/yoast.com\/wordpress\/plugins\/seo\/ -->\n<title>\u00ab Entreprise en Allemagne peu avant la b\u00e9atification \u00bb et \u00ab Un tel discours doit \u00eatre port\u00e9 au Bundestag \u00bb (VIDEO) | Vie Associative<\/title>\n<meta name=\"robots\" content=\"index, follow, max-snippet:-1, max-image-preview:large, max-video-preview:-1\" \/>\n<link rel=\"canonical\" href=\"https:\/\/vieassociative.be\/actualites\/entreprise-en-allemagne-peu-avant-la-beatification-et-un-tel-discours-doit-etre-porte-au-bundestag-video\/\" \/>\n<meta property=\"og:locale\" content=\"fr_FR\" \/>\n<meta property=\"og:type\" content=\"article\" \/>\n<meta property=\"og:title\" content=\"\u00ab Entreprise en Allemagne peu avant la b\u00e9atification \u00bb et \u00ab Un tel discours doit \u00eatre port\u00e9 au Bundestag \u00bb (VIDEO) | Vie Associative\" \/>\n<meta property=\"og:description\" content=\"Lorsque Vincent Kompany est interrog\u00e9 sur l&rsquo;incident pr\u00e9sum\u00e9 de racisme impliquant la star du football Vin\u00edcius J\u00fanior, tout le reste passe soudainement au second plan.\" \/>\n<meta property=\"og:url\" content=\"https:\/\/vieassociative.be\/actualites\/entreprise-en-allemagne-peu-avant-la-beatification-et-un-tel-discours-doit-etre-porte-au-bundestag-video\/\" \/>\n<meta property=\"og:site_name\" content=\"Vie Associative\" \/>\n<meta property=\"article:published_time\" content=\"2026-02-22T22:17:25+00:00\" \/>\n<meta property=\"og:image\" content=\"https:\/\/vieassociative.be\/actualites\/wp-content\/uploads\/2024\/09\/header_backgroundk-01-e1726694325946.png\" \/>\n\t<meta property=\"og:image:width\" content=\"279\" \/>\n\t<meta property=\"og:image:height\" content=\"92\" \/>\n\t<meta property=\"og:image:type\" content=\"image\/png\" \/>\n<meta name=\"author\" content=\"Julien\" \/>\n<meta name=\"twitter:card\" content=\"summary_large_image\" \/>\n<meta name=\"twitter:label1\" content=\"\u00c9crit par\" \/>\n\t<meta name=\"twitter:data1\" content=\"Julien\" \/>\n\t<meta name=\"twitter:label2\" content=\"Dur\u00e9e de lecture est.\" \/>\n\t<meta name=\"twitter:data2\" content=\"4 minutes\" \/>\n<script type=\"application\/ld+json\" class=\"yoast-schema-graph\">{\"@context\":\"https:\/\/schema.org\",\"@graph\":[{\"@type\":\"Article\",\"@id\":\"https:\/\/vieassociative.be\/actualites\/entreprise-en-allemagne-peu-avant-la-beatification-et-un-tel-discours-doit-etre-porte-au-bundestag-video\/#article\",\"isPartOf\":{\"@id\":\"https:\/\/vieassociative.be\/actualites\/entreprise-en-allemagne-peu-avant-la-beatification-et-un-tel-discours-doit-etre-porte-au-bundestag-video\/\"},\"author\":{\"name\":\"Julien\",\"@id\":\"https:\/\/vieassociative.be\/actualites\/#\/schema\/person\/b87ac4f82f9d4e7b7cec7395b679edc4\"},\"headline\":\"\u00ab Entreprise en Allemagne peu avant la b\u00e9atification \u00bb et \u00ab Un tel discours doit \u00eatre port\u00e9 au Bundestag \u00bb (VIDEO)\",\"datePublished\":\"2026-02-22T22:17:25+00:00\",\"dateModified\":\"2026-02-22T22:17:25+00:00\",\"mainEntityOfPage\":{\"@id\":\"https:\/\/vieassociative.be\/actualites\/entreprise-en-allemagne-peu-avant-la-beatification-et-un-tel-discours-doit-etre-porte-au-bundestag-video\/\"},\"wordCount\":890,\"publisher\":{\"@id\":\"https:\/\/vieassociative.be\/actualites\/#organization\"},\"image\":{\"@id\":\"https:\/\/vieassociative.be\/actualites\/entreprise-en-allemagne-peu-avant-la-beatification-et-un-tel-discours-doit-etre-porte-au-bundestag-video\/#primaryimage\"},\"thumbnailUrl\":\"https:\/\/vieassociative.be\/actualites\/wp-content\/uploads\/2026\/02\/1771798645_Entreprise-en-Allemagne-peu-avant-la-beatification-et.jpg\",\"keywords\":[\"Allemagne\",\"avant\",\"b\u00e9atification\",\"Bundestag\",\"discours\",\"doit\",\"entreprise\",\"\u00eatre\",\"peu\",\"porte\",\"tel\",\"vid\u00e9o\"],\"articleSection\":[\"Belgique\"],\"inLanguage\":\"fr-BE\"},{\"@type\":\"WebPage\",\"@id\":\"https:\/\/vieassociative.be\/actualites\/entreprise-en-allemagne-peu-avant-la-beatification-et-un-tel-discours-doit-etre-porte-au-bundestag-video\/\",\"url\":\"https:\/\/vieassociative.be\/actualites\/entreprise-en-allemagne-peu-avant-la-beatification-et-un-tel-discours-doit-etre-porte-au-bundestag-video\/\",\"name\":\"\u00ab Entreprise en Allemagne peu avant la b\u00e9atification \u00bb et \u00ab Un tel discours doit \u00eatre port\u00e9 au Bundestag \u00bb (VIDEO) | Vie Associative\",\"isPartOf\":{\"@id\":\"https:\/\/vieassociative.be\/actualites\/#website\"},\"primaryImageOfPage\":{\"@id\":\"https:\/\/vieassociative.be\/actualites\/entreprise-en-allemagne-peu-avant-la-beatification-et-un-tel-discours-doit-etre-porte-au-bundestag-video\/#primaryimage\"},\"image\":{\"@id\":\"https:\/\/vieassociative.be\/actualites\/entreprise-en-allemagne-peu-avant-la-beatification-et-un-tel-discours-doit-etre-porte-au-bundestag-video\/#primaryimage\"},\"thumbnailUrl\":\"https:\/\/vieassociative.be\/actualites\/wp-content\/uploads\/2026\/02\/1771798645_Entreprise-en-Allemagne-peu-avant-la-beatification-et.jpg\",\"datePublished\":\"2026-02-22T22:17:25+00:00\",\"dateModified\":\"2026-02-22T22:17:25+00:00\",\"breadcrumb\":{\"@id\":\"https:\/\/vieassociative.be\/actualites\/entreprise-en-allemagne-peu-avant-la-beatification-et-un-tel-discours-doit-etre-porte-au-bundestag-video\/#breadcrumb\"},\"inLanguage\":\"fr-BE\",\"potentialAction\":[{\"@type\":\"ReadAction\",\"target\":[\"https:\/\/vieassociative.be\/actualites\/entreprise-en-allemagne-peu-avant-la-beatification-et-un-tel-discours-doit-etre-porte-au-bundestag-video\/\"]}]},{\"@type\":\"ImageObject\",\"inLanguage\":\"fr-BE\",\"@id\":\"https:\/\/vieassociative.be\/actualites\/entreprise-en-allemagne-peu-avant-la-beatification-et-un-tel-discours-doit-etre-porte-au-bundestag-video\/#primaryimage\",\"url\":\"https:\/\/vieassociative.be\/actualites\/wp-content\/uploads\/2026\/02\/1771798645_Entreprise-en-Allemagne-peu-avant-la-beatification-et.jpg\",\"contentUrl\":\"https:\/\/vieassociative.be\/actualites\/wp-content\/uploads\/2026\/02\/1771798645_Entreprise-en-Allemagne-peu-avant-la-beatification-et.jpg\",\"width\":2560,\"height\":1707,\"caption\":\"\u00ab Entreprise en Allemagne peu avant la b\u00e9atification \u00bb et \u00ab Un tel discours doit \u00eatre port\u00e9 au Bundestag \u00bb (VIDEO)\"},{\"@type\":\"BreadcrumbList\",\"@id\":\"https:\/\/vieassociative.be\/actualites\/entreprise-en-allemagne-peu-avant-la-beatification-et-un-tel-discours-doit-etre-porte-au-bundestag-video\/#breadcrumb\",\"itemListElement\":[{\"@type\":\"ListItem\",\"position\":1,\"name\":\"Accueil\",\"item\":\"https:\/\/vieassociative.be\/actualites\/\"},{\"@type\":\"ListItem\",\"position\":2,\"name\":\"\u00ab Entreprise en Allemagne peu avant la b\u00e9atification \u00bb et \u00ab Un tel discours doit \u00eatre port\u00e9 au Bundestag \u00bb (VIDEO)\"}]},{\"@type\":\"WebSite\",\"@id\":\"https:\/\/vieassociative.be\/actualites\/#website\",\"url\":\"https:\/\/vieassociative.be\/actualites\/\",\"name\":\"Vie Associative\",\"description\":\"\",\"publisher\":{\"@id\":\"https:\/\/vieassociative.be\/actualites\/#organization\"},\"potentialAction\":[{\"@type\":\"SearchAction\",\"target\":{\"@type\":\"EntryPoint\",\"urlTemplate\":\"https:\/\/vieassociative.be\/actualites\/?s={search_term_string}\"},\"query-input\":{\"@type\":\"PropertyValueSpecification\",\"valueRequired\":true,\"valueName\":\"search_term_string\"}}],\"inLanguage\":\"fr-BE\"},{\"@type\":\"Organization\",\"@id\":\"https:\/\/vieassociative.be\/actualites\/#organization\",\"name\":\"Vie Associative\",\"url\":\"https:\/\/vieassociative.be\/actualites\/\",\"logo\":{\"@type\":\"ImageObject\",\"inLanguage\":\"fr-BE\",\"@id\":\"https:\/\/vieassociative.be\/actualites\/#\/schema\/logo\/image\/\",\"url\":\"https:\/\/vieassociative.be\/actualites\/wp-content\/uploads\/2024\/09\/cropped-vieassociative_favicon.ico.png\",\"contentUrl\":\"https:\/\/vieassociative.be\/actualites\/wp-content\/uploads\/2024\/09\/cropped-vieassociative_favicon.ico.png\",\"width\":512,\"height\":512,\"caption\":\"Vie Associative\"},\"image\":{\"@id\":\"https:\/\/vieassociative.be\/actualites\/#\/schema\/logo\/image\/\"}},{\"@type\":\"Person\",\"@id\":\"https:\/\/vieassociative.be\/actualites\/#\/schema\/person\/b87ac4f82f9d4e7b7cec7395b679edc4\",\"name\":\"Julien\",\"image\":{\"@type\":\"ImageObject\",\"inLanguage\":\"fr-BE\",\"@id\":\"https:\/\/vieassociative.be\/actualites\/#\/schema\/person\/image\/\",\"url\":\"https:\/\/vieassociative.be\/actualites\/wp-content\/uploads\/2024\/09\/vie-associative-1-150x150.jpg\",\"contentUrl\":\"https:\/\/vieassociative.be\/actualites\/wp-content\/uploads\/2024\/09\/vie-associative-1-150x150.jpg\",\"caption\":\"Julien\"},\"description\":\"Je suis Julien, r\u00e9dacteur pour Vie Associative. Passionn\u00e9 par le monde associatif depuis plus de 10 ans, j'ai \u00e0 c\u0153ur de partager des histoires inspirantes et de mettre en lumi\u00e8re les initiatives locales. Mon objectif est de sensibiliser et d'encourager l'engagement communautaire \u00e0 travers mes articles.\",\"sameAs\":[\"https:\/\/vieassociative.be\/\"]}]}<\/script>\n<!-- \/ Yoast SEO plugin. -->","yoast_head_json":{"title":"\u00ab Entreprise en Allemagne peu avant la b\u00e9atification \u00bb et \u00ab Un tel discours doit \u00eatre port\u00e9 au Bundestag \u00bb (VIDEO) | Vie Associative","robots":{"index":"index","follow":"follow","max-snippet":"max-snippet:-1","max-image-preview":"max-image-preview:large","max-video-preview":"max-video-preview:-1"},"canonical":"https:\/\/vieassociative.be\/actualites\/entreprise-en-allemagne-peu-avant-la-beatification-et-un-tel-discours-doit-etre-porte-au-bundestag-video\/","og_locale":"fr_FR","og_type":"article","og_title":"\u00ab Entreprise en Allemagne peu avant la b\u00e9atification \u00bb et \u00ab Un tel discours doit \u00eatre port\u00e9 au Bundestag \u00bb (VIDEO) | Vie Associative","og_description":"Lorsque Vincent Kompany est interrog\u00e9 sur l&rsquo;incident pr\u00e9sum\u00e9 de racisme impliquant la star du football Vin\u00edcius J\u00fanior, tout le reste passe soudainement au second plan.","og_url":"https:\/\/vieassociative.be\/actualites\/entreprise-en-allemagne-peu-avant-la-beatification-et-un-tel-discours-doit-etre-porte-au-bundestag-video\/","og_site_name":"Vie Associative","article_published_time":"2026-02-22T22:17:25+00:00","og_image":[{"width":279,"height":92,"url":"https:\/\/vieassociative.be\/actualites\/wp-content\/uploads\/2024\/09\/header_backgroundk-01-e1726694325946.png","type":"image\/png"}],"author":"Julien","twitter_card":"summary_large_image","twitter_misc":{"\u00c9crit par":"Julien","Dur\u00e9e de lecture est.":"4 minutes"},"schema":{"@context":"https:\/\/schema.org","@graph":[{"@type":"Article","@id":"https:\/\/vieassociative.be\/actualites\/entreprise-en-allemagne-peu-avant-la-beatification-et-un-tel-discours-doit-etre-porte-au-bundestag-video\/#article","isPartOf":{"@id":"https:\/\/vieassociative.be\/actualites\/entreprise-en-allemagne-peu-avant-la-beatification-et-un-tel-discours-doit-etre-porte-au-bundestag-video\/"},"author":{"name":"Julien","@id":"https:\/\/vieassociative.be\/actualites\/#\/schema\/person\/b87ac4f82f9d4e7b7cec7395b679edc4"},"headline":"\u00ab Entreprise en Allemagne peu avant la b\u00e9atification \u00bb et \u00ab Un tel discours doit \u00eatre port\u00e9 au Bundestag \u00bb (VIDEO)","datePublished":"2026-02-22T22:17:25+00:00","dateModified":"2026-02-22T22:17:25+00:00","mainEntityOfPage":{"@id":"https:\/\/vieassociative.be\/actualites\/entreprise-en-allemagne-peu-avant-la-beatification-et-un-tel-discours-doit-etre-porte-au-bundestag-video\/"},"wordCount":890,"publisher":{"@id":"https:\/\/vieassociative.be\/actualites\/#organization"},"image":{"@id":"https:\/\/vieassociative.be\/actualites\/entreprise-en-allemagne-peu-avant-la-beatification-et-un-tel-discours-doit-etre-porte-au-bundestag-video\/#primaryimage"},"thumbnailUrl":"https:\/\/vieassociative.be\/actualites\/wp-content\/uploads\/2026\/02\/1771798645_Entreprise-en-Allemagne-peu-avant-la-beatification-et.jpg","keywords":["Allemagne","avant","b\u00e9atification","Bundestag","discours","doit","entreprise","\u00eatre","peu","porte","tel","vid\u00e9o"],"articleSection":["Belgique"],"inLanguage":"fr-BE"},{"@type":"WebPage","@id":"https:\/\/vieassociative.be\/actualites\/entreprise-en-allemagne-peu-avant-la-beatification-et-un-tel-discours-doit-etre-porte-au-bundestag-video\/","url":"https:\/\/vieassociative.be\/actualites\/entreprise-en-allemagne-peu-avant-la-beatification-et-un-tel-discours-doit-etre-porte-au-bundestag-video\/","name":"\u00ab Entreprise en Allemagne peu avant la b\u00e9atification \u00bb et \u00ab Un tel discours doit \u00eatre port\u00e9 au Bundestag \u00bb (VIDEO) | Vie Associative","isPartOf":{"@id":"https:\/\/vieassociative.be\/actualites\/#website"},"primaryImageOfPage":{"@id":"https:\/\/vieassociative.be\/actualites\/entreprise-en-allemagne-peu-avant-la-beatification-et-un-tel-discours-doit-etre-porte-au-bundestag-video\/#primaryimage"},"image":{"@id":"https:\/\/vieassociative.be\/actualites\/entreprise-en-allemagne-peu-avant-la-beatification-et-un-tel-discours-doit-etre-porte-au-bundestag-video\/#primaryimage"},"thumbnailUrl":"https:\/\/vieassociative.be\/actualites\/wp-content\/uploads\/2026\/02\/1771798645_Entreprise-en-Allemagne-peu-avant-la-beatification-et.jpg","datePublished":"2026-02-22T22:17:25+00:00","dateModified":"2026-02-22T22:17:25+00:00","breadcrumb":{"@id":"https:\/\/vieassociative.be\/actualites\/entreprise-en-allemagne-peu-avant-la-beatification-et-un-tel-discours-doit-etre-porte-au-bundestag-video\/#breadcrumb"},"inLanguage":"fr-BE","potentialAction":[{"@type":"ReadAction","target":["https:\/\/vieassociative.be\/actualites\/entreprise-en-allemagne-peu-avant-la-beatification-et-un-tel-discours-doit-etre-porte-au-bundestag-video\/"]}]},{"@type":"ImageObject","inLanguage":"fr-BE","@id":"https:\/\/vieassociative.be\/actualites\/entreprise-en-allemagne-peu-avant-la-beatification-et-un-tel-discours-doit-etre-porte-au-bundestag-video\/#primaryimage","url":"https:\/\/vieassociative.be\/actualites\/wp-content\/uploads\/2026\/02\/1771798645_Entreprise-en-Allemagne-peu-avant-la-beatification-et.jpg","contentUrl":"https:\/\/vieassociative.be\/actualites\/wp-content\/uploads\/2026\/02\/1771798645_Entreprise-en-Allemagne-peu-avant-la-beatification-et.jpg","width":2560,"height":1707,"caption":"\u00ab Entreprise en Allemagne peu avant la b\u00e9atification \u00bb et \u00ab Un tel discours doit \u00eatre port\u00e9 au Bundestag \u00bb (VIDEO)"},{"@type":"BreadcrumbList","@id":"https:\/\/vieassociative.be\/actualites\/entreprise-en-allemagne-peu-avant-la-beatification-et-un-tel-discours-doit-etre-porte-au-bundestag-video\/#breadcrumb","itemListElement":[{"@type":"ListItem","position":1,"name":"Accueil","item":"https:\/\/vieassociative.be\/actualites\/"},{"@type":"ListItem","position":2,"name":"\u00ab Entreprise en Allemagne peu avant la b\u00e9atification \u00bb et \u00ab Un tel discours doit \u00eatre port\u00e9 au Bundestag \u00bb (VIDEO)"}]},{"@type":"WebSite","@id":"https:\/\/vieassociative.be\/actualites\/#website","url":"https:\/\/vieassociative.be\/actualites\/","name":"Vie Associative","description":"","publisher":{"@id":"https:\/\/vieassociative.be\/actualites\/#organization"},"potentialAction":[{"@type":"SearchAction","target":{"@type":"EntryPoint","urlTemplate":"https:\/\/vieassociative.be\/actualites\/?s={search_term_string}"},"query-input":{"@type":"PropertyValueSpecification","valueRequired":true,"valueName":"search_term_string"}}],"inLanguage":"fr-BE"},{"@type":"Organization","@id":"https:\/\/vieassociative.be\/actualites\/#organization","name":"Vie Associative","url":"https:\/\/vieassociative.be\/actualites\/","logo":{"@type":"ImageObject","inLanguage":"fr-BE","@id":"https:\/\/vieassociative.be\/actualites\/#\/schema\/logo\/image\/","url":"https:\/\/vieassociative.be\/actualites\/wp-content\/uploads\/2024\/09\/cropped-vieassociative_favicon.ico.png","contentUrl":"https:\/\/vieassociative.be\/actualites\/wp-content\/uploads\/2024\/09\/cropped-vieassociative_favicon.ico.png","width":512,"height":512,"caption":"Vie Associative"},"image":{"@id":"https:\/\/vieassociative.be\/actualites\/#\/schema\/logo\/image\/"}},{"@type":"Person","@id":"https:\/\/vieassociative.be\/actualites\/#\/schema\/person\/b87ac4f82f9d4e7b7cec7395b679edc4","name":"Julien","image":{"@type":"ImageObject","inLanguage":"fr-BE","@id":"https:\/\/vieassociative.be\/actualites\/#\/schema\/person\/image\/","url":"https:\/\/vieassociative.be\/actualites\/wp-content\/uploads\/2024\/09\/vie-associative-1-150x150.jpg","contentUrl":"https:\/\/vieassociative.be\/actualites\/wp-content\/uploads\/2024\/09\/vie-associative-1-150x150.jpg","caption":"Julien"},"description":"Je suis Julien, r\u00e9dacteur pour Vie Associative. Passionn\u00e9 par le monde associatif depuis plus de 10 ans, j'ai \u00e0 c\u0153ur de partager des histoires inspirantes et de mettre en lumi\u00e8re les initiatives locales. Mon objectif est de sensibiliser et d'encourager l'engagement communautaire \u00e0 travers mes articles.","sameAs":["https:\/\/vieassociative.be\/"]}]}},"_links":{"self":[{"href":"https:\/\/vieassociative.be\/actualites\/wp-json\/wp\/v2\/posts\/12756"}],"collection":[{"href":"https:\/\/vieassociative.be\/actualites\/wp-json\/wp\/v2\/posts"}],"about":[{"href":"https:\/\/vieassociative.be\/actualites\/wp-json\/wp\/v2\/types\/post"}],"author":[{"embeddable":true,"href":"https:\/\/vieassociative.be\/actualites\/wp-json\/wp\/v2\/users\/1"}],"replies":[{"embeddable":true,"href":"https:\/\/vieassociative.be\/actualites\/wp-json\/wp\/v2\/comments?post=12756"}],"version-history":[{"count":0,"href":"https:\/\/vieassociative.be\/actualites\/wp-json\/wp\/v2\/posts\/12756\/revisions"}],"wp:featuredmedia":[{"embeddable":true,"href":"https:\/\/vieassociative.be\/actualites\/wp-json\/wp\/v2\/media\/12757"}],"wp:attachment":[{"href":"https:\/\/vieassociative.be\/actualites\/wp-json\/wp\/v2\/media?parent=12756"}],"wp:term":[{"taxonomy":"category","embeddable":true,"href":"https:\/\/vieassociative.be\/actualites\/wp-json\/wp\/v2\/categories?post=12756"},{"taxonomy":"post_tag","embeddable":true,"href":"https:\/\/vieassociative.be\/actualites\/wp-json\/wp\/v2\/tags?post=12756"}],"curies":[{"name":"wp","href":"https:\/\/api.w.org\/{rel}","templated":true}]}}