{"id":12752,"date":"2026-02-22T17:17:21","date_gmt":"2026-02-22T16:17:21","guid":{"rendered":"https:\/\/vieassociative.be\/actualites\/le-jaune-et-le-bleu-sont-les-couleurs-du-succes-en-belgique-apres-lunion-st-gilloise-st-truiden-vv-fait-sensation\/"},"modified":"2026-02-22T17:17:21","modified_gmt":"2026-02-22T16:17:21","slug":"le-jaune-et-le-bleu-sont-les-couleurs-du-succes-en-belgique-apres-lunion-st-gilloise-st-truiden-vv-fait-sensation","status":"publish","type":"post","link":"https:\/\/vieassociative.be\/actualites\/le-jaune-et-le-bleu-sont-les-couleurs-du-succes-en-belgique-apres-lunion-st-gilloise-st-truiden-vv-fait-sensation\/","title":{"rendered":"Le jaune et le bleu sont les couleurs du succ\u00e8s en Belgique : apr\u00e8s l&rsquo;Union St. Gilloise, St. Truiden VV fait sensation"},"content":{"rendered":"<p><strong>Le jaune et le bleu sont actuellement les couleurs du succ\u00e8s en Belgique. Sint-Truiden VV vit d\u00e9sormais \u00e9galement ce que la Royale Union Saint-Gilloise fait depuis plusieurs ann\u00e9es avec son essor f\u00e9erique : les \u00ab Kanaries \u00bb de la province du Limbourg font sensation dans la Jupiler Pro League et se retrouvent \u00e9tonnamment en t\u00eate du classement.<\/strong><\/p>\n<p><span id=\"more-437160\"><\/span>Avec un jeu offensif courageux, une structure tactique claire et une r\u00e9gularit\u00e9 remarquable, Saint-Trond s&rsquo;est impos\u00e9 cette saison comme un s\u00e9rieux pr\u00e9tendant au titre. A quatre journ\u00e9es de la fin du championnat r\u00e9gulier, le STVV prend sensationnellement la deuxi\u00e8me place, \u00e0 seulement deux points du leader, l&rsquo;Union Saint-Gilloise, et un point devant le FC Bruges.<\/p>\n<p>L&rsquo;\u00e9quipe de la province du Limbourg impressionne par sa stabilit\u00e9 d\u00e9fensive ainsi que par son efficacit\u00e9 dans la finition. Le STVV semble confiant, notamment face aux grands clubs \u00e9tablis, et collecte continuellement des points &#8211; une image qui n&rsquo;avait pas \u00e9t\u00e9 vue sous cette forme depuis longtemps.<\/p>\n<p><strong>\u2013 Vice-champion 1965\/1966 :<\/strong> L&rsquo;histoire \u00e0 succ\u00e8s actuelle rappelle le plus grand chapitre de l&rsquo;histoire du club \u00e0 ce jour. Lors de la saison 1965\/66, Saint-Trond est devenu sensationnellement vice-champion du championnat belge gr\u00e2ce \u00e0 l&rsquo;international Odilon Polleunis, vainqueur du Soulier d&rsquo;Or en 1968 \u2013 le meilleur classement de l&rsquo;histoire du club \u00e0 ce jour. Pendant des d\u00e9cennies, cette deuxi\u00e8me place est rest\u00e9e la r\u00e9f\u00e9rence historique.<\/p>\n<div id=\"attachment_437163\" class=\"wp-caption alignleft\" style=\"max-width: 300px\"><img fetchpriority=\"high\" decoding=\"async\" class=\"wp-image-437163 size-medium\" src=\"https:\/\/vieassociative.be\/actualites\/wp-content\/uploads\/2026\/02\/Le-jaune-et-le-bleu-sont-les-couleurs-du-succes.jpg\" alt=\"\" width=\"300\" height=\"200\"><\/div>\n<p>Depuis 2017, la stabilit\u00e9 sportive suit une ligne strat\u00e9gique claire. Le club appartient \u00e0 la soci\u00e9t\u00e9 japonaise de technologie et de m\u00e9dias DMM.com, qui a r\u00e9alis\u00e9 un investissement \u00e0 long terme et a assur\u00e9 la s\u00e9curit\u00e9 \u00e9conomique du club.<\/p>\n<p>C&rsquo;est ainsi que Saint-Trond allie tradition et internationalit\u00e9, histoire et nouveaux d\u00e9parts. Et peut-\u00eatre qu&rsquo;\u00e0 la fin de cette saison, il y aura non seulement une r\u00e9p\u00e9tition du grand succ\u00e8s de 1966, mais aussi le plus grand chapitre de l&rsquo;histoire du club en jaune et bleu.<\/p>\n<p><strong>\u2013 Succ\u00e8s avec une philosophie claire et une influence japonaise :<\/strong> Sint-Truiden VV est embl\u00e9matique du d\u00e9veloppement des clubs modernes et influenc\u00e9s au niveau international dans le football belge. L&rsquo;entra\u00eeneur Wouter Vrancken, qui a repris l&rsquo;\u00e9quipe du STVV apr\u00e8s le transfert de Thorsten Fink chez son rival du KRC Genk, qui a r\u00e9cemment lib\u00e9r\u00e9 l&rsquo;ancien professionnel du Bayern, est un \u00e9l\u00e9ment central du progr\u00e8s sportif. Un pressing intensif, un jeu de construction structur\u00e9 et des changements de position rapides caract\u00e9risent le style de l&rsquo;\u00e9quipe. Sous la direction de Vrancken, l&rsquo;\u00e9quipe a non seulement gagn\u00e9 en stabilit\u00e9 tactique, mais aussi en maturit\u00e9 mentale et en coh\u00e9rence.<\/p>\n<p><strong>\u2013 Influence japonaise :<\/strong> Une autre cl\u00e9 du succ\u00e8s r\u00e9side dans la forte influence japonaise au sein de l\u2019\u00e9quipe. Le STVV s&rsquo;est impos\u00e9 comme un pont important entre la Belgique et le Japon et b\u00e9n\u00e9ficie de ce lien privil\u00e9gi\u00e9 tant sur le plan sportif que structurel. Des joueurs comme Ryotaro Ito, Rihito Yamamoto, Shogo Taniguchi et Keisuke Goto illustrent la haute qualit\u00e9 technique, le dynamisme et la discipline que les professionnels japonais apportent \u00e0 l&rsquo;\u00e9quipe. Leur forte volont\u00e9 de courir, leur intelligence tactique et leur professionnalisme ont un effet positif sur l\u2019ensemble de la structure de l\u2019\u00e9quipe.<\/p>\n<p>STVV a d\u00e9j\u00e0 assur\u00e9 sa participation aux Champions Playoffs apr\u00e8s la phase r\u00e9guli\u00e8re du championnat. Et peut-\u00eatre qu&rsquo;\u00e0 la fin de cette saison, il y aura non seulement une r\u00e9p\u00e9tition du grand succ\u00e8s de 1966, mais aussi le plus grand chapitre de l&rsquo;histoire du club : le titre de champion et la Ligue des Champions.<\/p>\n<p>En parlant de jaune et de bleu : ce sont aussi les couleurs du club du SK Beveren, leader de la Challenger Pro League et presque certainement promu en premi\u00e8re division. (cr\u00e9er)<\/p>\n","protected":false},"excerpt":{"rendered":"<p>Le jaune et le bleu sont actuellement les couleurs du succ\u00e8s en Belgique. Sint-Truiden VV vit d\u00e9sormais \u00e9galement ce que la Royale Union Saint-Gilloise fait<\/p>\n","protected":false},"author":1,"featured_media":12753,"comment_status":"","ping_status":"","sticky":false,"template":"","format":"standard","meta":{"footnotes":""},"categories":[298],"tags":[472,383,1474,909,635,8584,6238,14,1143,1709,18,96,10089],"class_list":["post-12752","post","type-post","status-publish","format-standard","has-post-thumbnail","hentry","category-belgique","tag-apres","tag-belgique","tag-bleu","tag-couleurs","tag-fait","tag-gilloise","tag-jaune","tag-les","tag-lunion","tag-sensation","tag-sont","tag-succes","tag-truiden","generate-columns","tablet-grid-50","mobile-grid-100","grid-parent","grid-33"],"yoast_head":"<!-- This site is optimized with the Yoast SEO plugin v24.0 - https:\/\/yoast.com\/wordpress\/plugins\/seo\/ -->\n<title>Le jaune et le bleu sont les couleurs du succ\u00e8s en Belgique : apr\u00e8s l&#039;Union St. Gilloise, St. Truiden VV fait sensation | Vie Associative<\/title>\n<meta name=\"robots\" content=\"index, follow, max-snippet:-1, max-image-preview:large, max-video-preview:-1\" \/>\n<link rel=\"canonical\" href=\"https:\/\/vieassociative.be\/actualites\/le-jaune-et-le-bleu-sont-les-couleurs-du-succes-en-belgique-apres-lunion-st-gilloise-st-truiden-vv-fait-sensation\/\" \/>\n<meta property=\"og:locale\" content=\"fr_FR\" \/>\n<meta property=\"og:type\" content=\"article\" \/>\n<meta property=\"og:title\" content=\"Le jaune et le bleu sont les couleurs du succ\u00e8s en Belgique : apr\u00e8s l&#039;Union St. Gilloise, St. Truiden VV fait sensation | Vie Associative\" \/>\n<meta property=\"og:description\" content=\"Le jaune et le bleu sont actuellement les couleurs du succ\u00e8s en Belgique. Sint-Truiden VV vit d\u00e9sormais \u00e9galement ce que la Royale Union Saint-Gilloise fait\" \/>\n<meta property=\"og:url\" content=\"https:\/\/vieassociative.be\/actualites\/le-jaune-et-le-bleu-sont-les-couleurs-du-succes-en-belgique-apres-lunion-st-gilloise-st-truiden-vv-fait-sensation\/\" \/>\n<meta property=\"og:site_name\" content=\"Vie Associative\" \/>\n<meta property=\"article:published_time\" content=\"2026-02-22T16:17:21+00:00\" \/>\n<meta property=\"og:image\" content=\"https:\/\/vieassociative.be\/actualites\/wp-content\/uploads\/2024\/09\/header_backgroundk-01-e1726694325946.png\" \/>\n\t<meta property=\"og:image:width\" content=\"279\" \/>\n\t<meta property=\"og:image:height\" content=\"92\" \/>\n\t<meta property=\"og:image:type\" content=\"image\/png\" \/>\n<meta name=\"author\" content=\"Julien\" \/>\n<meta name=\"twitter:card\" content=\"summary_large_image\" \/>\n<meta name=\"twitter:label1\" content=\"\u00c9crit par\" \/>\n\t<meta name=\"twitter:data1\" content=\"Julien\" \/>\n\t<meta name=\"twitter:label2\" content=\"Dur\u00e9e de lecture est.\" \/>\n\t<meta name=\"twitter:data2\" content=\"3 minutes\" \/>\n<script type=\"application\/ld+json\" class=\"yoast-schema-graph\">{\"@context\":\"https:\/\/schema.org\",\"@graph\":[{\"@type\":\"Article\",\"@id\":\"https:\/\/vieassociative.be\/actualites\/le-jaune-et-le-bleu-sont-les-couleurs-du-succes-en-belgique-apres-lunion-st-gilloise-st-truiden-vv-fait-sensation\/#article\",\"isPartOf\":{\"@id\":\"https:\/\/vieassociative.be\/actualites\/le-jaune-et-le-bleu-sont-les-couleurs-du-succes-en-belgique-apres-lunion-st-gilloise-st-truiden-vv-fait-sensation\/\"},\"author\":{\"name\":\"Julien\",\"@id\":\"https:\/\/vieassociative.be\/actualites\/#\/schema\/person\/b87ac4f82f9d4e7b7cec7395b679edc4\"},\"headline\":\"Le jaune et le bleu sont les couleurs du succ\u00e8s en Belgique : apr\u00e8s l&rsquo;Union St. Gilloise, St. Truiden VV fait sensation\",\"datePublished\":\"2026-02-22T16:17:21+00:00\",\"dateModified\":\"2026-02-22T16:17:21+00:00\",\"mainEntityOfPage\":{\"@id\":\"https:\/\/vieassociative.be\/actualites\/le-jaune-et-le-bleu-sont-les-couleurs-du-succes-en-belgique-apres-lunion-st-gilloise-st-truiden-vv-fait-sensation\/\"},\"wordCount\":676,\"publisher\":{\"@id\":\"https:\/\/vieassociative.be\/actualites\/#organization\"},\"image\":{\"@id\":\"https:\/\/vieassociative.be\/actualites\/le-jaune-et-le-bleu-sont-les-couleurs-du-succes-en-belgique-apres-lunion-st-gilloise-st-truiden-vv-fait-sensation\/#primaryimage\"},\"thumbnailUrl\":\"https:\/\/vieassociative.be\/actualites\/wp-content\/uploads\/2026\/02\/1771777042_Le-jaune-et-le-bleu-sont-les-couleurs-du-succes.jpg\",\"keywords\":[\"Apr\u00e8s\",\"Belgique\",\"bleu\",\"couleurs\",\"fait\",\"Gillo\u00efse\",\"jaune\",\"Les\",\"lUnion\",\"sensation\",\"sont\",\"succ\u00e8s\",\"Truiden\"],\"articleSection\":[\"Belgique\"],\"inLanguage\":\"fr-BE\"},{\"@type\":\"WebPage\",\"@id\":\"https:\/\/vieassociative.be\/actualites\/le-jaune-et-le-bleu-sont-les-couleurs-du-succes-en-belgique-apres-lunion-st-gilloise-st-truiden-vv-fait-sensation\/\",\"url\":\"https:\/\/vieassociative.be\/actualites\/le-jaune-et-le-bleu-sont-les-couleurs-du-succes-en-belgique-apres-lunion-st-gilloise-st-truiden-vv-fait-sensation\/\",\"name\":\"Le jaune et le bleu sont les couleurs du succ\u00e8s en Belgique : apr\u00e8s l'Union St. Gilloise, St. Truiden VV fait sensation | Vie Associative\",\"isPartOf\":{\"@id\":\"https:\/\/vieassociative.be\/actualites\/#website\"},\"primaryImageOfPage\":{\"@id\":\"https:\/\/vieassociative.be\/actualites\/le-jaune-et-le-bleu-sont-les-couleurs-du-succes-en-belgique-apres-lunion-st-gilloise-st-truiden-vv-fait-sensation\/#primaryimage\"},\"image\":{\"@id\":\"https:\/\/vieassociative.be\/actualites\/le-jaune-et-le-bleu-sont-les-couleurs-du-succes-en-belgique-apres-lunion-st-gilloise-st-truiden-vv-fait-sensation\/#primaryimage\"},\"thumbnailUrl\":\"https:\/\/vieassociative.be\/actualites\/wp-content\/uploads\/2026\/02\/1771777042_Le-jaune-et-le-bleu-sont-les-couleurs-du-succes.jpg\",\"datePublished\":\"2026-02-22T16:17:21+00:00\",\"dateModified\":\"2026-02-22T16:17:21+00:00\",\"breadcrumb\":{\"@id\":\"https:\/\/vieassociative.be\/actualites\/le-jaune-et-le-bleu-sont-les-couleurs-du-succes-en-belgique-apres-lunion-st-gilloise-st-truiden-vv-fait-sensation\/#breadcrumb\"},\"inLanguage\":\"fr-BE\",\"potentialAction\":[{\"@type\":\"ReadAction\",\"target\":[\"https:\/\/vieassociative.be\/actualites\/le-jaune-et-le-bleu-sont-les-couleurs-du-succes-en-belgique-apres-lunion-st-gilloise-st-truiden-vv-fait-sensation\/\"]}]},{\"@type\":\"ImageObject\",\"inLanguage\":\"fr-BE\",\"@id\":\"https:\/\/vieassociative.be\/actualites\/le-jaune-et-le-bleu-sont-les-couleurs-du-succes-en-belgique-apres-lunion-st-gilloise-st-truiden-vv-fait-sensation\/#primaryimage\",\"url\":\"https:\/\/vieassociative.be\/actualites\/wp-content\/uploads\/2026\/02\/1771777042_Le-jaune-et-le-bleu-sont-les-couleurs-du-succes.jpg\",\"contentUrl\":\"https:\/\/vieassociative.be\/actualites\/wp-content\/uploads\/2026\/02\/1771777042_Le-jaune-et-le-bleu-sont-les-couleurs-du-succes.jpg\",\"width\":1200,\"height\":801,\"caption\":\"Le jaune et le bleu sont les couleurs du succ\u00e8s en Belgique : apr\u00e8s l'Union St. Gilloise, St. Truiden VV fait sensation\"},{\"@type\":\"BreadcrumbList\",\"@id\":\"https:\/\/vieassociative.be\/actualites\/le-jaune-et-le-bleu-sont-les-couleurs-du-succes-en-belgique-apres-lunion-st-gilloise-st-truiden-vv-fait-sensation\/#breadcrumb\",\"itemListElement\":[{\"@type\":\"ListItem\",\"position\":1,\"name\":\"Accueil\",\"item\":\"https:\/\/vieassociative.be\/actualites\/\"},{\"@type\":\"ListItem\",\"position\":2,\"name\":\"Le jaune et le bleu sont les couleurs du succ\u00e8s en Belgique : apr\u00e8s l&rsquo;Union St. Gilloise, St. Truiden VV fait sensation\"}]},{\"@type\":\"WebSite\",\"@id\":\"https:\/\/vieassociative.be\/actualites\/#website\",\"url\":\"https:\/\/vieassociative.be\/actualites\/\",\"name\":\"Vie Associative\",\"description\":\"\",\"publisher\":{\"@id\":\"https:\/\/vieassociative.be\/actualites\/#organization\"},\"potentialAction\":[{\"@type\":\"SearchAction\",\"target\":{\"@type\":\"EntryPoint\",\"urlTemplate\":\"https:\/\/vieassociative.be\/actualites\/?s={search_term_string}\"},\"query-input\":{\"@type\":\"PropertyValueSpecification\",\"valueRequired\":true,\"valueName\":\"search_term_string\"}}],\"inLanguage\":\"fr-BE\"},{\"@type\":\"Organization\",\"@id\":\"https:\/\/vieassociative.be\/actualites\/#organization\",\"name\":\"Vie Associative\",\"url\":\"https:\/\/vieassociative.be\/actualites\/\",\"logo\":{\"@type\":\"ImageObject\",\"inLanguage\":\"fr-BE\",\"@id\":\"https:\/\/vieassociative.be\/actualites\/#\/schema\/logo\/image\/\",\"url\":\"https:\/\/vieassociative.be\/actualites\/wp-content\/uploads\/2024\/09\/cropped-vieassociative_favicon.ico.png\",\"contentUrl\":\"https:\/\/vieassociative.be\/actualites\/wp-content\/uploads\/2024\/09\/cropped-vieassociative_favicon.ico.png\",\"width\":512,\"height\":512,\"caption\":\"Vie Associative\"},\"image\":{\"@id\":\"https:\/\/vieassociative.be\/actualites\/#\/schema\/logo\/image\/\"}},{\"@type\":\"Person\",\"@id\":\"https:\/\/vieassociative.be\/actualites\/#\/schema\/person\/b87ac4f82f9d4e7b7cec7395b679edc4\",\"name\":\"Julien\",\"image\":{\"@type\":\"ImageObject\",\"inLanguage\":\"fr-BE\",\"@id\":\"https:\/\/vieassociative.be\/actualites\/#\/schema\/person\/image\/\",\"url\":\"https:\/\/vieassociative.be\/actualites\/wp-content\/uploads\/2024\/09\/vie-associative-1-150x150.jpg\",\"contentUrl\":\"https:\/\/vieassociative.be\/actualites\/wp-content\/uploads\/2024\/09\/vie-associative-1-150x150.jpg\",\"caption\":\"Julien\"},\"description\":\"Je suis Julien, r\u00e9dacteur pour Vie Associative. Passionn\u00e9 par le monde associatif depuis plus de 10 ans, j'ai \u00e0 c\u0153ur de partager des histoires inspirantes et de mettre en lumi\u00e8re les initiatives locales. Mon objectif est de sensibiliser et d'encourager l'engagement communautaire \u00e0 travers mes articles.\",\"sameAs\":[\"https:\/\/vieassociative.be\/\"]}]}<\/script>\n<!-- \/ Yoast SEO plugin. -->","yoast_head_json":{"title":"Le jaune et le bleu sont les couleurs du succ\u00e8s en Belgique : apr\u00e8s l'Union St. Gilloise, St. Truiden VV fait sensation | Vie Associative","robots":{"index":"index","follow":"follow","max-snippet":"max-snippet:-1","max-image-preview":"max-image-preview:large","max-video-preview":"max-video-preview:-1"},"canonical":"https:\/\/vieassociative.be\/actualites\/le-jaune-et-le-bleu-sont-les-couleurs-du-succes-en-belgique-apres-lunion-st-gilloise-st-truiden-vv-fait-sensation\/","og_locale":"fr_FR","og_type":"article","og_title":"Le jaune et le bleu sont les couleurs du succ\u00e8s en Belgique : apr\u00e8s l'Union St. Gilloise, St. Truiden VV fait sensation | Vie Associative","og_description":"Le jaune et le bleu sont actuellement les couleurs du succ\u00e8s en Belgique. Sint-Truiden VV vit d\u00e9sormais \u00e9galement ce que la Royale Union Saint-Gilloise fait","og_url":"https:\/\/vieassociative.be\/actualites\/le-jaune-et-le-bleu-sont-les-couleurs-du-succes-en-belgique-apres-lunion-st-gilloise-st-truiden-vv-fait-sensation\/","og_site_name":"Vie Associative","article_published_time":"2026-02-22T16:17:21+00:00","og_image":[{"width":279,"height":92,"url":"https:\/\/vieassociative.be\/actualites\/wp-content\/uploads\/2024\/09\/header_backgroundk-01-e1726694325946.png","type":"image\/png"}],"author":"Julien","twitter_card":"summary_large_image","twitter_misc":{"\u00c9crit par":"Julien","Dur\u00e9e de lecture est.":"3 minutes"},"schema":{"@context":"https:\/\/schema.org","@graph":[{"@type":"Article","@id":"https:\/\/vieassociative.be\/actualites\/le-jaune-et-le-bleu-sont-les-couleurs-du-succes-en-belgique-apres-lunion-st-gilloise-st-truiden-vv-fait-sensation\/#article","isPartOf":{"@id":"https:\/\/vieassociative.be\/actualites\/le-jaune-et-le-bleu-sont-les-couleurs-du-succes-en-belgique-apres-lunion-st-gilloise-st-truiden-vv-fait-sensation\/"},"author":{"name":"Julien","@id":"https:\/\/vieassociative.be\/actualites\/#\/schema\/person\/b87ac4f82f9d4e7b7cec7395b679edc4"},"headline":"Le jaune et le bleu sont les couleurs du succ\u00e8s en Belgique : apr\u00e8s l&rsquo;Union St. Gilloise, St. Truiden VV fait sensation","datePublished":"2026-02-22T16:17:21+00:00","dateModified":"2026-02-22T16:17:21+00:00","mainEntityOfPage":{"@id":"https:\/\/vieassociative.be\/actualites\/le-jaune-et-le-bleu-sont-les-couleurs-du-succes-en-belgique-apres-lunion-st-gilloise-st-truiden-vv-fait-sensation\/"},"wordCount":676,"publisher":{"@id":"https:\/\/vieassociative.be\/actualites\/#organization"},"image":{"@id":"https:\/\/vieassociative.be\/actualites\/le-jaune-et-le-bleu-sont-les-couleurs-du-succes-en-belgique-apres-lunion-st-gilloise-st-truiden-vv-fait-sensation\/#primaryimage"},"thumbnailUrl":"https:\/\/vieassociative.be\/actualites\/wp-content\/uploads\/2026\/02\/1771777042_Le-jaune-et-le-bleu-sont-les-couleurs-du-succes.jpg","keywords":["Apr\u00e8s","Belgique","bleu","couleurs","fait","Gillo\u00efse","jaune","Les","lUnion","sensation","sont","succ\u00e8s","Truiden"],"articleSection":["Belgique"],"inLanguage":"fr-BE"},{"@type":"WebPage","@id":"https:\/\/vieassociative.be\/actualites\/le-jaune-et-le-bleu-sont-les-couleurs-du-succes-en-belgique-apres-lunion-st-gilloise-st-truiden-vv-fait-sensation\/","url":"https:\/\/vieassociative.be\/actualites\/le-jaune-et-le-bleu-sont-les-couleurs-du-succes-en-belgique-apres-lunion-st-gilloise-st-truiden-vv-fait-sensation\/","name":"Le jaune et le bleu sont les couleurs du succ\u00e8s en Belgique : apr\u00e8s l'Union St. Gilloise, St. Truiden VV fait sensation | Vie Associative","isPartOf":{"@id":"https:\/\/vieassociative.be\/actualites\/#website"},"primaryImageOfPage":{"@id":"https:\/\/vieassociative.be\/actualites\/le-jaune-et-le-bleu-sont-les-couleurs-du-succes-en-belgique-apres-lunion-st-gilloise-st-truiden-vv-fait-sensation\/#primaryimage"},"image":{"@id":"https:\/\/vieassociative.be\/actualites\/le-jaune-et-le-bleu-sont-les-couleurs-du-succes-en-belgique-apres-lunion-st-gilloise-st-truiden-vv-fait-sensation\/#primaryimage"},"thumbnailUrl":"https:\/\/vieassociative.be\/actualites\/wp-content\/uploads\/2026\/02\/1771777042_Le-jaune-et-le-bleu-sont-les-couleurs-du-succes.jpg","datePublished":"2026-02-22T16:17:21+00:00","dateModified":"2026-02-22T16:17:21+00:00","breadcrumb":{"@id":"https:\/\/vieassociative.be\/actualites\/le-jaune-et-le-bleu-sont-les-couleurs-du-succes-en-belgique-apres-lunion-st-gilloise-st-truiden-vv-fait-sensation\/#breadcrumb"},"inLanguage":"fr-BE","potentialAction":[{"@type":"ReadAction","target":["https:\/\/vieassociative.be\/actualites\/le-jaune-et-le-bleu-sont-les-couleurs-du-succes-en-belgique-apres-lunion-st-gilloise-st-truiden-vv-fait-sensation\/"]}]},{"@type":"ImageObject","inLanguage":"fr-BE","@id":"https:\/\/vieassociative.be\/actualites\/le-jaune-et-le-bleu-sont-les-couleurs-du-succes-en-belgique-apres-lunion-st-gilloise-st-truiden-vv-fait-sensation\/#primaryimage","url":"https:\/\/vieassociative.be\/actualites\/wp-content\/uploads\/2026\/02\/1771777042_Le-jaune-et-le-bleu-sont-les-couleurs-du-succes.jpg","contentUrl":"https:\/\/vieassociative.be\/actualites\/wp-content\/uploads\/2026\/02\/1771777042_Le-jaune-et-le-bleu-sont-les-couleurs-du-succes.jpg","width":1200,"height":801,"caption":"Le jaune et le bleu sont les couleurs du succ\u00e8s en Belgique : apr\u00e8s l'Union St. Gilloise, St. Truiden VV fait sensation"},{"@type":"BreadcrumbList","@id":"https:\/\/vieassociative.be\/actualites\/le-jaune-et-le-bleu-sont-les-couleurs-du-succes-en-belgique-apres-lunion-st-gilloise-st-truiden-vv-fait-sensation\/#breadcrumb","itemListElement":[{"@type":"ListItem","position":1,"name":"Accueil","item":"https:\/\/vieassociative.be\/actualites\/"},{"@type":"ListItem","position":2,"name":"Le jaune et le bleu sont les couleurs du succ\u00e8s en Belgique : apr\u00e8s l&rsquo;Union St. Gilloise, St. Truiden VV fait sensation"}]},{"@type":"WebSite","@id":"https:\/\/vieassociative.be\/actualites\/#website","url":"https:\/\/vieassociative.be\/actualites\/","name":"Vie Associative","description":"","publisher":{"@id":"https:\/\/vieassociative.be\/actualites\/#organization"},"potentialAction":[{"@type":"SearchAction","target":{"@type":"EntryPoint","urlTemplate":"https:\/\/vieassociative.be\/actualites\/?s={search_term_string}"},"query-input":{"@type":"PropertyValueSpecification","valueRequired":true,"valueName":"search_term_string"}}],"inLanguage":"fr-BE"},{"@type":"Organization","@id":"https:\/\/vieassociative.be\/actualites\/#organization","name":"Vie Associative","url":"https:\/\/vieassociative.be\/actualites\/","logo":{"@type":"ImageObject","inLanguage":"fr-BE","@id":"https:\/\/vieassociative.be\/actualites\/#\/schema\/logo\/image\/","url":"https:\/\/vieassociative.be\/actualites\/wp-content\/uploads\/2024\/09\/cropped-vieassociative_favicon.ico.png","contentUrl":"https:\/\/vieassociative.be\/actualites\/wp-content\/uploads\/2024\/09\/cropped-vieassociative_favicon.ico.png","width":512,"height":512,"caption":"Vie Associative"},"image":{"@id":"https:\/\/vieassociative.be\/actualites\/#\/schema\/logo\/image\/"}},{"@type":"Person","@id":"https:\/\/vieassociative.be\/actualites\/#\/schema\/person\/b87ac4f82f9d4e7b7cec7395b679edc4","name":"Julien","image":{"@type":"ImageObject","inLanguage":"fr-BE","@id":"https:\/\/vieassociative.be\/actualites\/#\/schema\/person\/image\/","url":"https:\/\/vieassociative.be\/actualites\/wp-content\/uploads\/2024\/09\/vie-associative-1-150x150.jpg","contentUrl":"https:\/\/vieassociative.be\/actualites\/wp-content\/uploads\/2024\/09\/vie-associative-1-150x150.jpg","caption":"Julien"},"description":"Je suis Julien, r\u00e9dacteur pour Vie Associative. Passionn\u00e9 par le monde associatif depuis plus de 10 ans, j'ai \u00e0 c\u0153ur de partager des histoires inspirantes et de mettre en lumi\u00e8re les initiatives locales. Mon objectif est de sensibiliser et d'encourager l'engagement communautaire \u00e0 travers mes articles.","sameAs":["https:\/\/vieassociative.be\/"]}]}},"_links":{"self":[{"href":"https:\/\/vieassociative.be\/actualites\/wp-json\/wp\/v2\/posts\/12752"}],"collection":[{"href":"https:\/\/vieassociative.be\/actualites\/wp-json\/wp\/v2\/posts"}],"about":[{"href":"https:\/\/vieassociative.be\/actualites\/wp-json\/wp\/v2\/types\/post"}],"author":[{"embeddable":true,"href":"https:\/\/vieassociative.be\/actualites\/wp-json\/wp\/v2\/users\/1"}],"replies":[{"embeddable":true,"href":"https:\/\/vieassociative.be\/actualites\/wp-json\/wp\/v2\/comments?post=12752"}],"version-history":[{"count":0,"href":"https:\/\/vieassociative.be\/actualites\/wp-json\/wp\/v2\/posts\/12752\/revisions"}],"wp:featuredmedia":[{"embeddable":true,"href":"https:\/\/vieassociative.be\/actualites\/wp-json\/wp\/v2\/media\/12753"}],"wp:attachment":[{"href":"https:\/\/vieassociative.be\/actualites\/wp-json\/wp\/v2\/media?parent=12752"}],"wp:term":[{"taxonomy":"category","embeddable":true,"href":"https:\/\/vieassociative.be\/actualites\/wp-json\/wp\/v2\/categories?post=12752"},{"taxonomy":"post_tag","embeddable":true,"href":"https:\/\/vieassociative.be\/actualites\/wp-json\/wp\/v2\/tags?post=12752"}],"curies":[{"name":"wp","href":"https:\/\/api.w.org\/{rel}","templated":true}]}}