{"id":12750,"date":"2026-02-22T16:18:40","date_gmt":"2026-02-22T15:18:40","guid":{"rendered":"https:\/\/vieassociative.be\/actualites\/meta-retire-la-vr-des-mondes-horizon\/"},"modified":"2026-02-22T16:18:40","modified_gmt":"2026-02-22T15:18:40","slug":"meta-retire-la-vr-des-mondes-horizon","status":"publish","type":"post","link":"https:\/\/vieassociative.be\/actualites\/meta-retire-la-vr-des-mondes-horizon\/","title":{"rendered":"Meta retire la VR des \u00ab Mondes Horizon \u00bb"},"content":{"rendered":"<p>Meta vient d&rsquo;annoncer un changement sismique dans sa plateforme sociale 3D Horizon Worlds. La soci\u00e9t\u00e9 supprime les utilisateurs de Meta Quest pour se concentrer sur les utilisateurs mobiles. Ainsi, Horizon Worlds, \u00e0 l&rsquo;origine une plate-forme uniquement VR, d\u00e9sormais un m\u00e9lange d&rsquo;utilisateurs VR et d&rsquo;utilisateurs mobiles, deviendra dans un avenir proche une plate-forme uniquement mobile. Dans un article de blog destin\u00e9 aux d\u00e9veloppeurs, Samantha Ryan, vice-pr\u00e9sidente du contenu chez Meta&rsquo;s Reality Labs, a d\u00e9clar\u00e9 que la soci\u00e9t\u00e9 \u00ab\u00a0s\u00e9parait notre plate-forme Quest VR de notre plate-forme Worlds afin de cr\u00e9er plus d&rsquo;espace pour la croissance des deux produits\u00a0\u00bb.<\/p>\n<p>\u00ab\u00a0Nous doublons l&rsquo;\u00e9cosyst\u00e8me des d\u00e9veloppeurs VR tout en r\u00e9orientant l&rsquo;attention des mondes pour qu&rsquo;ils soient presque exclusivement mobiles. En divisant les choses en deux plates-formes distinctes, nous serons mieux en mesure de nous concentrer clairement sur chacune\u00a0\u00bb, a \u00e9crit Ryan.<\/p>\n<p>Annonc\u00e9e en 2019 comme un \u00ab monde social VR \u00bb appel\u00e9 Facebook Horizon, la plateforme a \u00e9t\u00e9 rebaptis\u00e9e Horizon Worlds deux ans plus tard et faisait partie int\u00e9grante de la vision de Meta d&rsquo;un futur \u00ab Metaverse \u00bb, mais <em>Mondes<\/em> n&rsquo;a jamais vraiment s\u00e9duit les utilisateurs. Malgr\u00e9 l\u2019argent clairement consacr\u00e9 par Facebook\/Meta \u00e0 la plateforme, son nombre d\u2019utilisateurs mensuel n\u2019\u00e9tait qu\u2019environ 200 000 en 2022. <\/p>\n<h2 id=\"meta-says-its-still-committed-to-virtual-reality\">Meta se dit toujours attach\u00e9 \u00e0 la r\u00e9alit\u00e9 virtuelle<\/h2>\n<p>Selon Ryan, 86 % du temps que les gens passent dans leurs casques VR est consacr\u00e9 \u00e0 des applications tierces. Il n&rsquo;est donc pas surprenant que Meta se retire de la VR propri\u00e9taire. Le mois dernier, la soci\u00e9t\u00e9 a ferm\u00e9 ses trois soci\u00e9t\u00e9s de d\u00e9veloppement de jeux AAA VR et a arr\u00eat\u00e9 de mettre \u00e0 jour son application de fitness propri\u00e9taire par abonnement. <em>Surnaturel<\/em>et a licenci\u00e9 environ 10 % de sa division Reality Labs. Ryan affirme que Meta continuera \u00e0 soutenir les d\u00e9veloppeurs VR tiers et \u00e0 publier du mat\u00e9riel, promettant que la soci\u00e9t\u00e9 dispose d&rsquo;une \u00ab\u00a0feuille de route robuste pour les futurs casques VR\u00a0\u00bb adapt\u00e9e \u00e0 \u00ab\u00a0diff\u00e9rents segments d&rsquo;audience\u00a0\u00bb, mais n&rsquo;a pas encore fourni de d\u00e9tails sp\u00e9cifiques. <\/p>\n<h2 id=\"metas-focus-on-mobile\">L&rsquo;accent de Meta sur le mobile<\/h2>\n<p>Si ce changement marque la fin d\u00e9finitive de <em>Mondes Horizon<\/em> en tant que destination VR-first, la soci\u00e9t\u00e9 pr\u00e9voit de tirer parti de la base d&rsquo;utilisateurs massive d&rsquo;Instagram et de Facebook de Meta pour cr\u00e9er <em>Mondes<\/em> comp\u00e9titif avec les plateformes sociales comme <em>Roblox<\/em>. La soci\u00e9t\u00e9 annonce une multiplication par 4 du nombre d&rsquo;utilisateurs mobiles d&rsquo;Horizon en 2025. \u00ab\u00a0Nous sommes dans une position de force pour proposer des jeux sociaux synchrones \u00e0 grande \u00e9chelle\u00a0\u00bb, a \u00e9crit Ryan. <\/p>\n<h2 id=\"a-sad-end-for-vr-users-of-worlds\">Une triste fin pour les utilisateurs VR de Worlds<\/h2>\n<p>Il y a environ cinq milliards d\u2019utilisateurs de t\u00e9l\u00e9phones intelligents dans le monde, autant de clients potentiels. <em>Mondes<\/em>compar\u00e9 \u00e0 environ 20 \u00e0 30 millions d&rsquo;utilisateurs de Quest, le calcul est donc tout \u00e0 fait logique en termes de croissance d&rsquo;une plate-forme et de cours de l&rsquo;action, mais c&rsquo;est triste pour les (relativement peu) personnes qui ont trouv\u00e9 une maison sur <em>Mondes Horizon<\/em>. Ils pourront utiliser une plateforme mobile, mais ce n&rsquo;est pas la m\u00eame chose : le sentiment d&rsquo;\u00e9chelle et d&rsquo;engagement ne peut pas \u00eatre reproduit sur un petit \u00e9cran 2D. J&rsquo;ai r\u00e9cemment pass\u00e9 beaucoup de temps \u00e0 chercher la vie dans la version VR de Worlds, et c&rsquo;est un endroit unique, un pays inconnu o\u00f9 d&rsquo;\u00e9tranges petites communaut\u00e9s ont \u00e9lu domicile dans un immense centre commercial d\u00e9sert. Si vous le pouvez, attachez un casque et fouillez un peu avant de d\u00e9brancher la fiche. <\/p>\n","protected":false},"excerpt":{"rendered":"<p>Meta vient d&rsquo;annoncer un changement sismique dans sa plateforme sociale 3D Horizon Worlds. La soci\u00e9t\u00e9 supprime les utilisateurs de Meta Quest pour se concentrer sur<\/p>\n","protected":false},"author":1,"featured_media":12751,"comment_status":"","ping_status":"","sticky":false,"template":"","format":"standard","meta":{"footnotes":""},"categories":[13],"tags":[29,10088,487,10087,2955],"class_list":["post-12750","post","type-post","status-publish","format-standard","has-post-thumbnail","hentry","category-technologie","tag-des","tag-horizon","tag-meta","tag-mondes","tag-retire","generate-columns","tablet-grid-50","mobile-grid-100","grid-parent","grid-33"],"yoast_head":"<!-- This site is optimized with the Yoast SEO plugin v24.0 - https:\/\/yoast.com\/wordpress\/plugins\/seo\/ -->\n<title>Meta retire la VR des \u00ab Mondes Horizon \u00bb | Vie Associative<\/title>\n<meta name=\"robots\" content=\"index, follow, max-snippet:-1, max-image-preview:large, max-video-preview:-1\" \/>\n<link rel=\"canonical\" href=\"https:\/\/vieassociative.be\/actualites\/meta-retire-la-vr-des-mondes-horizon\/\" \/>\n<meta property=\"og:locale\" content=\"fr_FR\" \/>\n<meta property=\"og:type\" content=\"article\" \/>\n<meta property=\"og:title\" content=\"Meta retire la VR des \u00ab Mondes Horizon \u00bb | Vie Associative\" \/>\n<meta property=\"og:description\" content=\"Meta vient d&rsquo;annoncer un changement sismique dans sa plateforme sociale 3D Horizon Worlds. La soci\u00e9t\u00e9 supprime les utilisateurs de Meta Quest pour se concentrer sur\" \/>\n<meta property=\"og:url\" content=\"https:\/\/vieassociative.be\/actualites\/meta-retire-la-vr-des-mondes-horizon\/\" \/>\n<meta property=\"og:site_name\" content=\"Vie Associative\" \/>\n<meta property=\"article:published_time\" content=\"2026-02-22T15:18:40+00:00\" \/>\n<meta property=\"og:image\" content=\"https:\/\/vieassociative.be\/actualites\/wp-content\/uploads\/2024\/09\/header_backgroundk-01-e1726694325946.png\" \/>\n\t<meta property=\"og:image:width\" content=\"279\" \/>\n\t<meta property=\"og:image:height\" content=\"92\" \/>\n\t<meta property=\"og:image:type\" content=\"image\/png\" \/>\n<meta name=\"author\" content=\"Julien\" \/>\n<meta name=\"twitter:card\" content=\"summary_large_image\" \/>\n<meta name=\"twitter:label1\" content=\"\u00c9crit par\" \/>\n\t<meta name=\"twitter:data1\" content=\"Julien\" \/>\n\t<meta name=\"twitter:label2\" content=\"Dur\u00e9e de lecture est.\" \/>\n\t<meta name=\"twitter:data2\" content=\"3 minutes\" \/>\n<script type=\"application\/ld+json\" class=\"yoast-schema-graph\">{\"@context\":\"https:\/\/schema.org\",\"@graph\":[{\"@type\":\"Article\",\"@id\":\"https:\/\/vieassociative.be\/actualites\/meta-retire-la-vr-des-mondes-horizon\/#article\",\"isPartOf\":{\"@id\":\"https:\/\/vieassociative.be\/actualites\/meta-retire-la-vr-des-mondes-horizon\/\"},\"author\":{\"name\":\"Julien\",\"@id\":\"https:\/\/vieassociative.be\/actualites\/#\/schema\/person\/b87ac4f82f9d4e7b7cec7395b679edc4\"},\"headline\":\"Meta retire la VR des \u00ab Mondes Horizon \u00bb\",\"datePublished\":\"2026-02-22T15:18:40+00:00\",\"dateModified\":\"2026-02-22T15:18:40+00:00\",\"mainEntityOfPage\":{\"@id\":\"https:\/\/vieassociative.be\/actualites\/meta-retire-la-vr-des-mondes-horizon\/\"},\"wordCount\":619,\"publisher\":{\"@id\":\"https:\/\/vieassociative.be\/actualites\/#organization\"},\"image\":{\"@id\":\"https:\/\/vieassociative.be\/actualites\/meta-retire-la-vr-des-mondes-horizon\/#primaryimage\"},\"thumbnailUrl\":\"https:\/\/vieassociative.be\/actualites\/wp-content\/uploads\/2026\/02\/Meta-retire-la-VR-des-Mondes-Horizon.webp.webp\",\"keywords\":[\"Des\",\"Horizon\",\"Meta\",\"Mondes\",\"retire\"],\"articleSection\":[\"Technologie\"],\"inLanguage\":\"fr-BE\"},{\"@type\":\"WebPage\",\"@id\":\"https:\/\/vieassociative.be\/actualites\/meta-retire-la-vr-des-mondes-horizon\/\",\"url\":\"https:\/\/vieassociative.be\/actualites\/meta-retire-la-vr-des-mondes-horizon\/\",\"name\":\"Meta retire la VR des \u00ab Mondes Horizon \u00bb | Vie Associative\",\"isPartOf\":{\"@id\":\"https:\/\/vieassociative.be\/actualites\/#website\"},\"primaryImageOfPage\":{\"@id\":\"https:\/\/vieassociative.be\/actualites\/meta-retire-la-vr-des-mondes-horizon\/#primaryimage\"},\"image\":{\"@id\":\"https:\/\/vieassociative.be\/actualites\/meta-retire-la-vr-des-mondes-horizon\/#primaryimage\"},\"thumbnailUrl\":\"https:\/\/vieassociative.be\/actualites\/wp-content\/uploads\/2026\/02\/Meta-retire-la-VR-des-Mondes-Horizon.webp.webp\",\"datePublished\":\"2026-02-22T15:18:40+00:00\",\"dateModified\":\"2026-02-22T15:18:40+00:00\",\"breadcrumb\":{\"@id\":\"https:\/\/vieassociative.be\/actualites\/meta-retire-la-vr-des-mondes-horizon\/#breadcrumb\"},\"inLanguage\":\"fr-BE\",\"potentialAction\":[{\"@type\":\"ReadAction\",\"target\":[\"https:\/\/vieassociative.be\/actualites\/meta-retire-la-vr-des-mondes-horizon\/\"]}]},{\"@type\":\"ImageObject\",\"inLanguage\":\"fr-BE\",\"@id\":\"https:\/\/vieassociative.be\/actualites\/meta-retire-la-vr-des-mondes-horizon\/#primaryimage\",\"url\":\"https:\/\/vieassociative.be\/actualites\/wp-content\/uploads\/2026\/02\/Meta-retire-la-VR-des-Mondes-Horizon.webp.webp\",\"contentUrl\":\"https:\/\/vieassociative.be\/actualites\/wp-content\/uploads\/2026\/02\/Meta-retire-la-VR-des-Mondes-Horizon.webp.webp\",\"width\":1200,\"height\":675,\"caption\":\"Meta retire la VR des \u00ab Mondes Horizon \u00bb\"},{\"@type\":\"BreadcrumbList\",\"@id\":\"https:\/\/vieassociative.be\/actualites\/meta-retire-la-vr-des-mondes-horizon\/#breadcrumb\",\"itemListElement\":[{\"@type\":\"ListItem\",\"position\":1,\"name\":\"Accueil\",\"item\":\"https:\/\/vieassociative.be\/actualites\/\"},{\"@type\":\"ListItem\",\"position\":2,\"name\":\"Meta retire la VR des \u00ab Mondes Horizon \u00bb\"}]},{\"@type\":\"WebSite\",\"@id\":\"https:\/\/vieassociative.be\/actualites\/#website\",\"url\":\"https:\/\/vieassociative.be\/actualites\/\",\"name\":\"Vie Associative\",\"description\":\"\",\"publisher\":{\"@id\":\"https:\/\/vieassociative.be\/actualites\/#organization\"},\"potentialAction\":[{\"@type\":\"SearchAction\",\"target\":{\"@type\":\"EntryPoint\",\"urlTemplate\":\"https:\/\/vieassociative.be\/actualites\/?s={search_term_string}\"},\"query-input\":{\"@type\":\"PropertyValueSpecification\",\"valueRequired\":true,\"valueName\":\"search_term_string\"}}],\"inLanguage\":\"fr-BE\"},{\"@type\":\"Organization\",\"@id\":\"https:\/\/vieassociative.be\/actualites\/#organization\",\"name\":\"Vie Associative\",\"url\":\"https:\/\/vieassociative.be\/actualites\/\",\"logo\":{\"@type\":\"ImageObject\",\"inLanguage\":\"fr-BE\",\"@id\":\"https:\/\/vieassociative.be\/actualites\/#\/schema\/logo\/image\/\",\"url\":\"https:\/\/vieassociative.be\/actualites\/wp-content\/uploads\/2024\/09\/cropped-vieassociative_favicon.ico.png\",\"contentUrl\":\"https:\/\/vieassociative.be\/actualites\/wp-content\/uploads\/2024\/09\/cropped-vieassociative_favicon.ico.png\",\"width\":512,\"height\":512,\"caption\":\"Vie Associative\"},\"image\":{\"@id\":\"https:\/\/vieassociative.be\/actualites\/#\/schema\/logo\/image\/\"}},{\"@type\":\"Person\",\"@id\":\"https:\/\/vieassociative.be\/actualites\/#\/schema\/person\/b87ac4f82f9d4e7b7cec7395b679edc4\",\"name\":\"Julien\",\"image\":{\"@type\":\"ImageObject\",\"inLanguage\":\"fr-BE\",\"@id\":\"https:\/\/vieassociative.be\/actualites\/#\/schema\/person\/image\/\",\"url\":\"https:\/\/vieassociative.be\/actualites\/wp-content\/uploads\/2024\/09\/vie-associative-1-150x150.jpg\",\"contentUrl\":\"https:\/\/vieassociative.be\/actualites\/wp-content\/uploads\/2024\/09\/vie-associative-1-150x150.jpg\",\"caption\":\"Julien\"},\"description\":\"Je suis Julien, r\u00e9dacteur pour Vie Associative. Passionn\u00e9 par le monde associatif depuis plus de 10 ans, j'ai \u00e0 c\u0153ur de partager des histoires inspirantes et de mettre en lumi\u00e8re les initiatives locales. Mon objectif est de sensibiliser et d'encourager l'engagement communautaire \u00e0 travers mes articles.\",\"sameAs\":[\"https:\/\/vieassociative.be\/\"]}]}<\/script>\n<!-- \/ Yoast SEO plugin. -->","yoast_head_json":{"title":"Meta retire la VR des \u00ab Mondes Horizon \u00bb | Vie Associative","robots":{"index":"index","follow":"follow","max-snippet":"max-snippet:-1","max-image-preview":"max-image-preview:large","max-video-preview":"max-video-preview:-1"},"canonical":"https:\/\/vieassociative.be\/actualites\/meta-retire-la-vr-des-mondes-horizon\/","og_locale":"fr_FR","og_type":"article","og_title":"Meta retire la VR des \u00ab Mondes Horizon \u00bb | Vie Associative","og_description":"Meta vient d&rsquo;annoncer un changement sismique dans sa plateforme sociale 3D Horizon Worlds. La soci\u00e9t\u00e9 supprime les utilisateurs de Meta Quest pour se concentrer sur","og_url":"https:\/\/vieassociative.be\/actualites\/meta-retire-la-vr-des-mondes-horizon\/","og_site_name":"Vie Associative","article_published_time":"2026-02-22T15:18:40+00:00","og_image":[{"width":279,"height":92,"url":"https:\/\/vieassociative.be\/actualites\/wp-content\/uploads\/2024\/09\/header_backgroundk-01-e1726694325946.png","type":"image\/png"}],"author":"Julien","twitter_card":"summary_large_image","twitter_misc":{"\u00c9crit par":"Julien","Dur\u00e9e de lecture est.":"3 minutes"},"schema":{"@context":"https:\/\/schema.org","@graph":[{"@type":"Article","@id":"https:\/\/vieassociative.be\/actualites\/meta-retire-la-vr-des-mondes-horizon\/#article","isPartOf":{"@id":"https:\/\/vieassociative.be\/actualites\/meta-retire-la-vr-des-mondes-horizon\/"},"author":{"name":"Julien","@id":"https:\/\/vieassociative.be\/actualites\/#\/schema\/person\/b87ac4f82f9d4e7b7cec7395b679edc4"},"headline":"Meta retire la VR des \u00ab Mondes Horizon \u00bb","datePublished":"2026-02-22T15:18:40+00:00","dateModified":"2026-02-22T15:18:40+00:00","mainEntityOfPage":{"@id":"https:\/\/vieassociative.be\/actualites\/meta-retire-la-vr-des-mondes-horizon\/"},"wordCount":619,"publisher":{"@id":"https:\/\/vieassociative.be\/actualites\/#organization"},"image":{"@id":"https:\/\/vieassociative.be\/actualites\/meta-retire-la-vr-des-mondes-horizon\/#primaryimage"},"thumbnailUrl":"https:\/\/vieassociative.be\/actualites\/wp-content\/uploads\/2026\/02\/Meta-retire-la-VR-des-Mondes-Horizon.webp.webp","keywords":["Des","Horizon","Meta","Mondes","retire"],"articleSection":["Technologie"],"inLanguage":"fr-BE"},{"@type":"WebPage","@id":"https:\/\/vieassociative.be\/actualites\/meta-retire-la-vr-des-mondes-horizon\/","url":"https:\/\/vieassociative.be\/actualites\/meta-retire-la-vr-des-mondes-horizon\/","name":"Meta retire la VR des \u00ab Mondes Horizon \u00bb | Vie Associative","isPartOf":{"@id":"https:\/\/vieassociative.be\/actualites\/#website"},"primaryImageOfPage":{"@id":"https:\/\/vieassociative.be\/actualites\/meta-retire-la-vr-des-mondes-horizon\/#primaryimage"},"image":{"@id":"https:\/\/vieassociative.be\/actualites\/meta-retire-la-vr-des-mondes-horizon\/#primaryimage"},"thumbnailUrl":"https:\/\/vieassociative.be\/actualites\/wp-content\/uploads\/2026\/02\/Meta-retire-la-VR-des-Mondes-Horizon.webp.webp","datePublished":"2026-02-22T15:18:40+00:00","dateModified":"2026-02-22T15:18:40+00:00","breadcrumb":{"@id":"https:\/\/vieassociative.be\/actualites\/meta-retire-la-vr-des-mondes-horizon\/#breadcrumb"},"inLanguage":"fr-BE","potentialAction":[{"@type":"ReadAction","target":["https:\/\/vieassociative.be\/actualites\/meta-retire-la-vr-des-mondes-horizon\/"]}]},{"@type":"ImageObject","inLanguage":"fr-BE","@id":"https:\/\/vieassociative.be\/actualites\/meta-retire-la-vr-des-mondes-horizon\/#primaryimage","url":"https:\/\/vieassociative.be\/actualites\/wp-content\/uploads\/2026\/02\/Meta-retire-la-VR-des-Mondes-Horizon.webp.webp","contentUrl":"https:\/\/vieassociative.be\/actualites\/wp-content\/uploads\/2026\/02\/Meta-retire-la-VR-des-Mondes-Horizon.webp.webp","width":1200,"height":675,"caption":"Meta retire la VR des \u00ab Mondes Horizon \u00bb"},{"@type":"BreadcrumbList","@id":"https:\/\/vieassociative.be\/actualites\/meta-retire-la-vr-des-mondes-horizon\/#breadcrumb","itemListElement":[{"@type":"ListItem","position":1,"name":"Accueil","item":"https:\/\/vieassociative.be\/actualites\/"},{"@type":"ListItem","position":2,"name":"Meta retire la VR des \u00ab Mondes Horizon \u00bb"}]},{"@type":"WebSite","@id":"https:\/\/vieassociative.be\/actualites\/#website","url":"https:\/\/vieassociative.be\/actualites\/","name":"Vie Associative","description":"","publisher":{"@id":"https:\/\/vieassociative.be\/actualites\/#organization"},"potentialAction":[{"@type":"SearchAction","target":{"@type":"EntryPoint","urlTemplate":"https:\/\/vieassociative.be\/actualites\/?s={search_term_string}"},"query-input":{"@type":"PropertyValueSpecification","valueRequired":true,"valueName":"search_term_string"}}],"inLanguage":"fr-BE"},{"@type":"Organization","@id":"https:\/\/vieassociative.be\/actualites\/#organization","name":"Vie Associative","url":"https:\/\/vieassociative.be\/actualites\/","logo":{"@type":"ImageObject","inLanguage":"fr-BE","@id":"https:\/\/vieassociative.be\/actualites\/#\/schema\/logo\/image\/","url":"https:\/\/vieassociative.be\/actualites\/wp-content\/uploads\/2024\/09\/cropped-vieassociative_favicon.ico.png","contentUrl":"https:\/\/vieassociative.be\/actualites\/wp-content\/uploads\/2024\/09\/cropped-vieassociative_favicon.ico.png","width":512,"height":512,"caption":"Vie Associative"},"image":{"@id":"https:\/\/vieassociative.be\/actualites\/#\/schema\/logo\/image\/"}},{"@type":"Person","@id":"https:\/\/vieassociative.be\/actualites\/#\/schema\/person\/b87ac4f82f9d4e7b7cec7395b679edc4","name":"Julien","image":{"@type":"ImageObject","inLanguage":"fr-BE","@id":"https:\/\/vieassociative.be\/actualites\/#\/schema\/person\/image\/","url":"https:\/\/vieassociative.be\/actualites\/wp-content\/uploads\/2024\/09\/vie-associative-1-150x150.jpg","contentUrl":"https:\/\/vieassociative.be\/actualites\/wp-content\/uploads\/2024\/09\/vie-associative-1-150x150.jpg","caption":"Julien"},"description":"Je suis Julien, r\u00e9dacteur pour Vie Associative. Passionn\u00e9 par le monde associatif depuis plus de 10 ans, j'ai \u00e0 c\u0153ur de partager des histoires inspirantes et de mettre en lumi\u00e8re les initiatives locales. Mon objectif est de sensibiliser et d'encourager l'engagement communautaire \u00e0 travers mes articles.","sameAs":["https:\/\/vieassociative.be\/"]}]}},"_links":{"self":[{"href":"https:\/\/vieassociative.be\/actualites\/wp-json\/wp\/v2\/posts\/12750"}],"collection":[{"href":"https:\/\/vieassociative.be\/actualites\/wp-json\/wp\/v2\/posts"}],"about":[{"href":"https:\/\/vieassociative.be\/actualites\/wp-json\/wp\/v2\/types\/post"}],"author":[{"embeddable":true,"href":"https:\/\/vieassociative.be\/actualites\/wp-json\/wp\/v2\/users\/1"}],"replies":[{"embeddable":true,"href":"https:\/\/vieassociative.be\/actualites\/wp-json\/wp\/v2\/comments?post=12750"}],"version-history":[{"count":0,"href":"https:\/\/vieassociative.be\/actualites\/wp-json\/wp\/v2\/posts\/12750\/revisions"}],"wp:featuredmedia":[{"embeddable":true,"href":"https:\/\/vieassociative.be\/actualites\/wp-json\/wp\/v2\/media\/12751"}],"wp:attachment":[{"href":"https:\/\/vieassociative.be\/actualites\/wp-json\/wp\/v2\/media?parent=12750"}],"wp:term":[{"taxonomy":"category","embeddable":true,"href":"https:\/\/vieassociative.be\/actualites\/wp-json\/wp\/v2\/categories?post=12750"},{"taxonomy":"post_tag","embeddable":true,"href":"https:\/\/vieassociative.be\/actualites\/wp-json\/wp\/v2\/tags?post=12750"}],"curies":[{"name":"wp","href":"https:\/\/api.w.org\/{rel}","templated":true}]}}