{"id":12747,"date":"2026-02-22T05:17:22","date_gmt":"2026-02-22T04:17:22","guid":{"rendered":"https:\/\/vieassociative.be\/actualites\/les-etats-unis-imposent-une-interdiction-dentree-au-patron-du-vooruit-rousseau-en-raison-de-ses-critiques-a-legard-des-actions-de-lice\/"},"modified":"2026-02-22T05:17:22","modified_gmt":"2026-02-22T04:17:22","slug":"les-etats-unis-imposent-une-interdiction-dentree-au-patron-du-vooruit-rousseau-en-raison-de-ses-critiques-a-legard-des-actions-de-lice","status":"publish","type":"post","link":"https:\/\/vieassociative.be\/actualites\/les-etats-unis-imposent-une-interdiction-dentree-au-patron-du-vooruit-rousseau-en-raison-de-ses-critiques-a-legard-des-actions-de-lice\/","title":{"rendered":"Les \u00c9tats-Unis imposent une interdiction d&rsquo;entr\u00e9e au patron du Vooruit, Rousseau, en raison de ses critiques \u00e0 l&rsquo;\u00e9gard des actions de l&rsquo;ICE"},"content":{"rendered":"<p><strong>Le leader du parti social-d\u00e9mocrate flamand Vooruit, Conner Rousseau, a \u00e9t\u00e9 officiellement interdit d&rsquo;entr\u00e9e aux \u00c9tats-Unis. Cette d\u00e9cision fait suite \u00e0 une dispute diplomatique entre la Belgique et les \u00c9tats-Unis d\u00e9clench\u00e9e par une vid\u00e9o controvers\u00e9e de Rousseau.<\/strong><\/p>\n<p><span id=\"more-437143\"><\/span>Le point de d\u00e9part \u00e9tait une vid\u00e9o publi\u00e9e fin janvier sur les r\u00e9seaux sociaux, dans laquelle Rousseau critiquait vivement les actions de l&rsquo;autorit\u00e9 am\u00e9ricaine de l&rsquo;immigration, l&rsquo;Immigration and Customs Enforcement (ICE). Dans ce contexte, il a \u00e9tabli une comparaison historique entre le pr\u00e9sident am\u00e9ricain Donald Trump et Adolf Hitler. Cette d\u00e9claration a suscit\u00e9 une vive indignation \u00e0 Washington.<\/p>\n<\/p>\n<div id=\"attachment_437145\" class=\"wp-caption alignleft\" style=\"max-width: 221px\"><img fetchpriority=\"high\" decoding=\"async\" class=\"wp-image-437145 size-medium\" src=\"https:\/\/vieassociative.be\/actualites\/wp-content\/uploads\/2026\/02\/Les-Etats-Unis-imposent-une-interdiction-dentree-au-patron-du-Vooruit.jpg\" alt=\"\" width=\"221\" height=\"300\"><\/div>\n<p>L&rsquo;ambassadeur am\u00e9ricain en Belgique, Bill White, a r\u00e9agi publiquement et d&rsquo;une mani\u00e8re particuli\u00e8rement vive. Il a demand\u00e9 que Rousseau pr\u00e9sente des excuses officielles et que le gouvernement belge prenne ses distances avec ses d\u00e9clarations. Autrement, dit-il, il faudra s\u2019attendre \u00e0 des cons\u00e9quences.<\/p>\n<p>Apr\u00e8s que Rousseau ait refus\u00e9 de s&rsquo;excuser, invoquant la libert\u00e9 d&rsquo;expression, il s&rsquo;est finalement vu refuser l&rsquo;entr\u00e9e aux \u00c9tats-Unis.<\/p>\n<p>Dans le paysage politique belge, l\u2019interdiction d\u2019entr\u00e9e a \u00e9t\u00e9 largement consid\u00e9r\u00e9e comme un pr\u00e9c\u00e9dent probl\u00e9matique. Bien que les appr\u00e9ciations aient \u00e9t\u00e9 diff\u00e9rentes sur le choix des mots de Rousseau, de nombreux hommes politiques se sont demand\u00e9 si un ambassadeur \u00e9tranger devait \u00eatre autoris\u00e9 \u00e0 exercer publiquement des pressions sur les \u00e9lus. L\u2019action am\u00e9ricaine a \u00e9t\u00e9 largement d\u00e9crite dans les m\u00e9dias comme une mesure diplomatique particuli\u00e8rement dure.<\/p>\n<p>Rousseau lui-m\u00eame reste fid\u00e8le \u00e0 sa position. Il a expliqu\u00e9 que la critique de la politique d\u2019un \u00c9tat ami devrait \u00eatre possible dans une d\u00e9mocratie. Une interdiction d\u2019entr\u00e9e \u00e0 l\u2019encontre d\u2019un chef de parti \u00e9lu est le signe d\u2019une polarisation politique croissante et pourrait \u00eatre consid\u00e9r\u00e9e comme une tentative de sanctionner l\u2019expression politique.<\/p>\n<p>L\u2019incident n\u2019a pas seulement une dimension personnelle pour Rousseau, mais aussi une signification diplomatique plus large : il soul\u00e8ve des questions sur la libert\u00e9 d\u2019expression, les pratiques diplomatiques et la souverainet\u00e9 des \u00c9tats face aux critiques politiques.<\/p>\n<div id=\"attachment_434560\" class=\"wp-caption alignleft\" style=\"max-width: 300px\"><img decoding=\"async\" class=\"wp-image-434560 size-medium\" src=\"https:\/\/vieassociative.be\/actualites\/wp-content\/uploads\/2026\/01\/Les-points-chauds-du-monde-Trump-la-Belgique-et-lUE.jpg\" alt=\"\" width=\"300\" height=\"200\"><\/div>\n<p>Le ministre des Affaires \u00e9trang\u00e8res Maxime Pr\u00e9vot (Les Engag\u00e9s) a fermement condamn\u00e9 l&rsquo;interdiction d&rsquo;entr\u00e9e impos\u00e9e \u00e0 Rousseau. Il a qualifi\u00e9 cette mesure d&rsquo;inappropri\u00e9e et de probl\u00e9matique, en particulier entre deux alli\u00e9s proches et \u00c9tats partenaires comme la Belgique et les \u00c9tats-Unis. Selon des informations belges, il a soulign\u00e9 qu&rsquo;un \u00c9tat \u00e9tranger ne devrait pas juger ou sanctionner les expressions politiques d&rsquo;un homme politique belge \u00e9lu. Il s\u2019agit d\u2019un dangereux pr\u00e9c\u00e9dent qui pourrait porter atteinte \u00e0 la libert\u00e9 d\u2019expression.<\/p>\n<p><strong>\u2013 Accent sur la diplomatie et la souverainet\u00e9 :<\/strong> Dans le m\u00eame temps, Pr\u00e9vot a soulign\u00e9 que la Belgique valorise les pratiques diplomatiques et la souverainet\u00e9 des d\u00e9cisions nationales. Il a rappel\u00e9 que m\u00eame si les relations bilat\u00e9rales sont importantes, elles doivent \u00eatre fond\u00e9es sur le respect des processus juridiques et politiques. Le ministre des Affaires \u00e9trang\u00e8res Pr\u00e9vot avait pr\u00e9c\u00e9demment convoqu\u00e9 l&rsquo;ambassadeur am\u00e9ricain et d\u00e9clar\u00e9 que la Belgique \u00e9tait un \u00c9tat de droit qui combattait r\u00e9solument l&rsquo;antis\u00e9mitisme et refusait de se laisser influencer de l&rsquo;ext\u00e9rieur dans les d\u00e9bats politiques.<\/p>\n<p>Cette r\u00e9ponse s\u2019inscrit dans un conflit diplomatique plus large qui ne se limite pas \u00e0 la seule interdiction de voyager. Cela a commenc\u00e9 avec des d\u00e9clarations publiques de l&rsquo;ambassadeur am\u00e9ricain sur une proc\u00e9dure judiciaire en Belgique et s&rsquo;est intensifi\u00e9 apr\u00e8s qu&rsquo;il a \u00e9galement publiquement condamn\u00e9 les critiques politiques &#8211; telles que les comparaisons historiques faites par Rousseau (voir l&rsquo;article sur le lien ci-dessous). (cr\u00e9er)<\/p>\n<p><em><strong>Sur le sujet, voir aussi l&rsquo;article suivant sur l&rsquo;OD :<\/strong><\/em><\/p>\n<div class=\"responsive-embed widescreen\">\n<blockquote class=\"wp-embedded-content\" data-secret=\"GDElS7JXOk\">\n<p>L\u2019ambassadeur des \u00c9tats-Unis en Belgique sur la voie de la confrontation \u2013 Bill White cherche un diff\u00e9rend avec le gouvernement et les politiciens<\/p>\n<\/blockquote>\n<p><iframe loading=\"lazy\" class=\"wp-embedded-content\" sandbox=\"allow-scripts\" security=\"restricted\" style=\"position: absolute; visibility: hidden;\" title=\"\u201eUS-Botschafter in Belgien auf Konfrontationskurs \u2013 Bill White sucht Streit mit Regierung und Politikern\u201c \u2013 Ostbelgien Direkt\" src=\"https:\/\/ostbelgiendirekt.be\/about:blank\" data-secret=\"GDElS7JXOk\" width=\"500\" height=\"282\" frameborder=\"0\" marginwidth=\"0\" marginheight=\"0\" scrolling=\"no\" data-rocket-lazyload=\"fitvidscompatible\" data-lazy-src=\"https:\/\/ostbelgiendirekt.be\/trumps-botschafter-in-belgien-436990\/embed#?secret=E8BXtJA3bL#?secret=GDElS7JXOk\"><\/iframe><noscript><iframe class=\"wp-embedded-content\" sandbox=\"allow-scripts\" security=\"restricted\" style=\"position: absolute; visibility: hidden;\" title=\"\u201eUS-Botschafter in Belgien auf Konfrontationskurs \u2013 Bill White sucht Streit mit Regierung und Politikern\u201c \u2013 Ostbelgien Direkt\" src=\"https:\/\/ostbelgiendirekt.be\/trumps-botschafter-in-belgien-436990\/embed#?secret=E8BXtJA3bL#?secret=GDElS7JXOk\" data-secret=\"GDElS7JXOk\" width=\"500\" height=\"282\" frameborder=\"0\" marginwidth=\"0\" marginheight=\"0\" scrolling=\"no\"><\/iframe><\/noscript><\/p>\n<\/div>\n","protected":false},"excerpt":{"rendered":"<p>Le leader du parti social-d\u00e9mocrate flamand Vooruit, Conner Rousseau, a \u00e9t\u00e9 officiellement interdit d&rsquo;entr\u00e9e aux \u00c9tats-Unis. Cette d\u00e9cision fait suite \u00e0 une dispute diplomatique entre<\/p>\n","protected":false},"author":1,"featured_media":2458,"comment_status":"","ping_status":"","sticky":false,"template":"","format":"standard","meta":{"footnotes":""},"categories":[298],"tags":[6311,2510,1489,29,290,10084,3574,10085,14,10086,3953,3261,2759,1055,110,2760],"class_list":["post-12747","post","type-post","status-publish","format-standard","has-post-thumbnail","hentry","category-belgique","tag-actions","tag-critiques","tag-dentree","tag-des","tag-etatsunis","tag-imposent","tag-interdiction","tag-legard","tag-les","tag-lice","tag-patron","tag-raison","tag-rousseau","tag-ses","tag-une","tag-vooruit","generate-columns","tablet-grid-50","mobile-grid-100","grid-parent","grid-33"],"yoast_head":"<!-- This site is optimized with the Yoast SEO plugin v24.0 - https:\/\/yoast.com\/wordpress\/plugins\/seo\/ -->\n<title>Les \u00c9tats-Unis imposent une interdiction d&#039;entr\u00e9e au patron du Vooruit, Rousseau, en raison de ses critiques \u00e0 l&#039;\u00e9gard des actions de l&#039;ICE | Vie Associative<\/title>\n<meta name=\"robots\" content=\"index, follow, max-snippet:-1, max-image-preview:large, max-video-preview:-1\" \/>\n<link rel=\"canonical\" href=\"https:\/\/vieassociative.be\/actualites\/les-etats-unis-imposent-une-interdiction-dentree-au-patron-du-vooruit-rousseau-en-raison-de-ses-critiques-a-legard-des-actions-de-lice\/\" \/>\n<meta property=\"og:locale\" content=\"fr_FR\" \/>\n<meta property=\"og:type\" content=\"article\" \/>\n<meta property=\"og:title\" content=\"Les \u00c9tats-Unis imposent une interdiction d&#039;entr\u00e9e au patron du Vooruit, Rousseau, en raison de ses critiques \u00e0 l&#039;\u00e9gard des actions de l&#039;ICE | Vie Associative\" \/>\n<meta property=\"og:description\" content=\"Le leader du parti social-d\u00e9mocrate flamand Vooruit, Conner Rousseau, a \u00e9t\u00e9 officiellement interdit d&rsquo;entr\u00e9e aux \u00c9tats-Unis. Cette d\u00e9cision fait suite \u00e0 une dispute diplomatique entre\" \/>\n<meta property=\"og:url\" content=\"https:\/\/vieassociative.be\/actualites\/les-etats-unis-imposent-une-interdiction-dentree-au-patron-du-vooruit-rousseau-en-raison-de-ses-critiques-a-legard-des-actions-de-lice\/\" \/>\n<meta property=\"og:site_name\" content=\"Vie Associative\" \/>\n<meta property=\"article:published_time\" content=\"2026-02-22T04:17:22+00:00\" \/>\n<meta property=\"og:image\" content=\"https:\/\/vieassociative.be\/actualites\/wp-content\/uploads\/2024\/09\/header_backgroundk-01-e1726694325946.png\" \/>\n\t<meta property=\"og:image:width\" content=\"279\" \/>\n\t<meta property=\"og:image:height\" content=\"92\" \/>\n\t<meta property=\"og:image:type\" content=\"image\/png\" \/>\n<meta name=\"author\" content=\"Julien\" \/>\n<meta name=\"twitter:card\" content=\"summary_large_image\" \/>\n<meta name=\"twitter:label1\" content=\"\u00c9crit par\" \/>\n\t<meta name=\"twitter:data1\" content=\"Julien\" \/>\n\t<meta name=\"twitter:label2\" content=\"Dur\u00e9e de lecture est.\" \/>\n\t<meta name=\"twitter:data2\" content=\"3 minutes\" \/>\n<script type=\"application\/ld+json\" class=\"yoast-schema-graph\">{\"@context\":\"https:\/\/schema.org\",\"@graph\":[{\"@type\":\"Article\",\"@id\":\"https:\/\/vieassociative.be\/actualites\/les-etats-unis-imposent-une-interdiction-dentree-au-patron-du-vooruit-rousseau-en-raison-de-ses-critiques-a-legard-des-actions-de-lice\/#article\",\"isPartOf\":{\"@id\":\"https:\/\/vieassociative.be\/actualites\/les-etats-unis-imposent-une-interdiction-dentree-au-patron-du-vooruit-rousseau-en-raison-de-ses-critiques-a-legard-des-actions-de-lice\/\"},\"author\":{\"name\":\"Julien\",\"@id\":\"https:\/\/vieassociative.be\/actualites\/#\/schema\/person\/b87ac4f82f9d4e7b7cec7395b679edc4\"},\"headline\":\"Les \u00c9tats-Unis imposent une interdiction d&rsquo;entr\u00e9e au patron du Vooruit, Rousseau, en raison de ses critiques \u00e0 l&rsquo;\u00e9gard des actions de l&rsquo;ICE\",\"datePublished\":\"2026-02-22T04:17:22+00:00\",\"dateModified\":\"2026-02-22T04:17:22+00:00\",\"mainEntityOfPage\":{\"@id\":\"https:\/\/vieassociative.be\/actualites\/les-etats-unis-imposent-une-interdiction-dentree-au-patron-du-vooruit-rousseau-en-raison-de-ses-critiques-a-legard-des-actions-de-lice\/\"},\"wordCount\":705,\"publisher\":{\"@id\":\"https:\/\/vieassociative.be\/actualites\/#organization\"},\"image\":{\"@id\":\"https:\/\/vieassociative.be\/actualites\/les-etats-unis-imposent-une-interdiction-dentree-au-patron-du-vooruit-rousseau-en-raison-de-ses-critiques-a-legard-des-actions-de-lice\/#primaryimage\"},\"thumbnailUrl\":\"https:\/\/vieassociative.be\/actualites\/wp-content\/uploads\/2024\/11\/1731701841_Bottes-puantes-Conner-Rousseau-Vooruit-veut-encore-avoir-son-mot.jpeg\",\"keywords\":[\"actions\",\"critiques\",\"dentr\u00e9e\",\"Des\",\"\u00c9tatsUnis\",\"imposent\",\"Interdiction\",\"l\u00e9gard\",\"Les\",\"lICE\",\"patron\",\"raison\",\"Rousseau\",\"ses\",\"une\",\"Vooruit\"],\"articleSection\":[\"Belgique\"],\"inLanguage\":\"fr-BE\"},{\"@type\":\"WebPage\",\"@id\":\"https:\/\/vieassociative.be\/actualites\/les-etats-unis-imposent-une-interdiction-dentree-au-patron-du-vooruit-rousseau-en-raison-de-ses-critiques-a-legard-des-actions-de-lice\/\",\"url\":\"https:\/\/vieassociative.be\/actualites\/les-etats-unis-imposent-une-interdiction-dentree-au-patron-du-vooruit-rousseau-en-raison-de-ses-critiques-a-legard-des-actions-de-lice\/\",\"name\":\"Les \u00c9tats-Unis imposent une interdiction d'entr\u00e9e au patron du Vooruit, Rousseau, en raison de ses critiques \u00e0 l'\u00e9gard des actions de l'ICE | Vie Associative\",\"isPartOf\":{\"@id\":\"https:\/\/vieassociative.be\/actualites\/#website\"},\"primaryImageOfPage\":{\"@id\":\"https:\/\/vieassociative.be\/actualites\/les-etats-unis-imposent-une-interdiction-dentree-au-patron-du-vooruit-rousseau-en-raison-de-ses-critiques-a-legard-des-actions-de-lice\/#primaryimage\"},\"image\":{\"@id\":\"https:\/\/vieassociative.be\/actualites\/les-etats-unis-imposent-une-interdiction-dentree-au-patron-du-vooruit-rousseau-en-raison-de-ses-critiques-a-legard-des-actions-de-lice\/#primaryimage\"},\"thumbnailUrl\":\"https:\/\/vieassociative.be\/actualites\/wp-content\/uploads\/2024\/11\/1731701841_Bottes-puantes-Conner-Rousseau-Vooruit-veut-encore-avoir-son-mot.jpeg\",\"datePublished\":\"2026-02-22T04:17:22+00:00\",\"dateModified\":\"2026-02-22T04:17:22+00:00\",\"breadcrumb\":{\"@id\":\"https:\/\/vieassociative.be\/actualites\/les-etats-unis-imposent-une-interdiction-dentree-au-patron-du-vooruit-rousseau-en-raison-de-ses-critiques-a-legard-des-actions-de-lice\/#breadcrumb\"},\"inLanguage\":\"fr-BE\",\"potentialAction\":[{\"@type\":\"ReadAction\",\"target\":[\"https:\/\/vieassociative.be\/actualites\/les-etats-unis-imposent-une-interdiction-dentree-au-patron-du-vooruit-rousseau-en-raison-de-ses-critiques-a-legard-des-actions-de-lice\/\"]}]},{\"@type\":\"ImageObject\",\"inLanguage\":\"fr-BE\",\"@id\":\"https:\/\/vieassociative.be\/actualites\/les-etats-unis-imposent-une-interdiction-dentree-au-patron-du-vooruit-rousseau-en-raison-de-ses-critiques-a-legard-des-actions-de-lice\/#primaryimage\",\"url\":\"https:\/\/vieassociative.be\/actualites\/wp-content\/uploads\/2024\/11\/1731701841_Bottes-puantes-Conner-Rousseau-Vooruit-veut-encore-avoir-son-mot.jpeg\",\"contentUrl\":\"https:\/\/vieassociative.be\/actualites\/wp-content\/uploads\/2024\/11\/1731701841_Bottes-puantes-Conner-Rousseau-Vooruit-veut-encore-avoir-son-mot.jpeg\",\"width\":1200,\"height\":799,\"caption\":\"\u00ab\u00a0Bottes puantes\u00a0\u00bb Conner Rousseau (Vooruit) veut encore avoir son mot \u00e0 dire\"},{\"@type\":\"BreadcrumbList\",\"@id\":\"https:\/\/vieassociative.be\/actualites\/les-etats-unis-imposent-une-interdiction-dentree-au-patron-du-vooruit-rousseau-en-raison-de-ses-critiques-a-legard-des-actions-de-lice\/#breadcrumb\",\"itemListElement\":[{\"@type\":\"ListItem\",\"position\":1,\"name\":\"Accueil\",\"item\":\"https:\/\/vieassociative.be\/actualites\/\"},{\"@type\":\"ListItem\",\"position\":2,\"name\":\"Les \u00c9tats-Unis imposent une interdiction d&rsquo;entr\u00e9e au patron du Vooruit, Rousseau, en raison de ses critiques \u00e0 l&rsquo;\u00e9gard des actions de l&rsquo;ICE\"}]},{\"@type\":\"WebSite\",\"@id\":\"https:\/\/vieassociative.be\/actualites\/#website\",\"url\":\"https:\/\/vieassociative.be\/actualites\/\",\"name\":\"Vie Associative\",\"description\":\"\",\"publisher\":{\"@id\":\"https:\/\/vieassociative.be\/actualites\/#organization\"},\"potentialAction\":[{\"@type\":\"SearchAction\",\"target\":{\"@type\":\"EntryPoint\",\"urlTemplate\":\"https:\/\/vieassociative.be\/actualites\/?s={search_term_string}\"},\"query-input\":{\"@type\":\"PropertyValueSpecification\",\"valueRequired\":true,\"valueName\":\"search_term_string\"}}],\"inLanguage\":\"fr-BE\"},{\"@type\":\"Organization\",\"@id\":\"https:\/\/vieassociative.be\/actualites\/#organization\",\"name\":\"Vie Associative\",\"url\":\"https:\/\/vieassociative.be\/actualites\/\",\"logo\":{\"@type\":\"ImageObject\",\"inLanguage\":\"fr-BE\",\"@id\":\"https:\/\/vieassociative.be\/actualites\/#\/schema\/logo\/image\/\",\"url\":\"https:\/\/vieassociative.be\/actualites\/wp-content\/uploads\/2024\/09\/cropped-vieassociative_favicon.ico.png\",\"contentUrl\":\"https:\/\/vieassociative.be\/actualites\/wp-content\/uploads\/2024\/09\/cropped-vieassociative_favicon.ico.png\",\"width\":512,\"height\":512,\"caption\":\"Vie Associative\"},\"image\":{\"@id\":\"https:\/\/vieassociative.be\/actualites\/#\/schema\/logo\/image\/\"}},{\"@type\":\"Person\",\"@id\":\"https:\/\/vieassociative.be\/actualites\/#\/schema\/person\/b87ac4f82f9d4e7b7cec7395b679edc4\",\"name\":\"Julien\",\"image\":{\"@type\":\"ImageObject\",\"inLanguage\":\"fr-BE\",\"@id\":\"https:\/\/vieassociative.be\/actualites\/#\/schema\/person\/image\/\",\"url\":\"https:\/\/vieassociative.be\/actualites\/wp-content\/uploads\/2024\/09\/vie-associative-1-150x150.jpg\",\"contentUrl\":\"https:\/\/vieassociative.be\/actualites\/wp-content\/uploads\/2024\/09\/vie-associative-1-150x150.jpg\",\"caption\":\"Julien\"},\"description\":\"Je suis Julien, r\u00e9dacteur pour Vie Associative. Passionn\u00e9 par le monde associatif depuis plus de 10 ans, j'ai \u00e0 c\u0153ur de partager des histoires inspirantes et de mettre en lumi\u00e8re les initiatives locales. Mon objectif est de sensibiliser et d'encourager l'engagement communautaire \u00e0 travers mes articles.\",\"sameAs\":[\"https:\/\/vieassociative.be\/\"]}]}<\/script>\n<!-- \/ Yoast SEO plugin. -->","yoast_head_json":{"title":"Les \u00c9tats-Unis imposent une interdiction d'entr\u00e9e au patron du Vooruit, Rousseau, en raison de ses critiques \u00e0 l'\u00e9gard des actions de l'ICE | Vie Associative","robots":{"index":"index","follow":"follow","max-snippet":"max-snippet:-1","max-image-preview":"max-image-preview:large","max-video-preview":"max-video-preview:-1"},"canonical":"https:\/\/vieassociative.be\/actualites\/les-etats-unis-imposent-une-interdiction-dentree-au-patron-du-vooruit-rousseau-en-raison-de-ses-critiques-a-legard-des-actions-de-lice\/","og_locale":"fr_FR","og_type":"article","og_title":"Les \u00c9tats-Unis imposent une interdiction d'entr\u00e9e au patron du Vooruit, Rousseau, en raison de ses critiques \u00e0 l'\u00e9gard des actions de l'ICE | Vie Associative","og_description":"Le leader du parti social-d\u00e9mocrate flamand Vooruit, Conner Rousseau, a \u00e9t\u00e9 officiellement interdit d&rsquo;entr\u00e9e aux \u00c9tats-Unis. Cette d\u00e9cision fait suite \u00e0 une dispute diplomatique entre","og_url":"https:\/\/vieassociative.be\/actualites\/les-etats-unis-imposent-une-interdiction-dentree-au-patron-du-vooruit-rousseau-en-raison-de-ses-critiques-a-legard-des-actions-de-lice\/","og_site_name":"Vie Associative","article_published_time":"2026-02-22T04:17:22+00:00","og_image":[{"width":279,"height":92,"url":"https:\/\/vieassociative.be\/actualites\/wp-content\/uploads\/2024\/09\/header_backgroundk-01-e1726694325946.png","type":"image\/png"}],"author":"Julien","twitter_card":"summary_large_image","twitter_misc":{"\u00c9crit par":"Julien","Dur\u00e9e de lecture est.":"3 minutes"},"schema":{"@context":"https:\/\/schema.org","@graph":[{"@type":"Article","@id":"https:\/\/vieassociative.be\/actualites\/les-etats-unis-imposent-une-interdiction-dentree-au-patron-du-vooruit-rousseau-en-raison-de-ses-critiques-a-legard-des-actions-de-lice\/#article","isPartOf":{"@id":"https:\/\/vieassociative.be\/actualites\/les-etats-unis-imposent-une-interdiction-dentree-au-patron-du-vooruit-rousseau-en-raison-de-ses-critiques-a-legard-des-actions-de-lice\/"},"author":{"name":"Julien","@id":"https:\/\/vieassociative.be\/actualites\/#\/schema\/person\/b87ac4f82f9d4e7b7cec7395b679edc4"},"headline":"Les \u00c9tats-Unis imposent une interdiction d&rsquo;entr\u00e9e au patron du Vooruit, Rousseau, en raison de ses critiques \u00e0 l&rsquo;\u00e9gard des actions de l&rsquo;ICE","datePublished":"2026-02-22T04:17:22+00:00","dateModified":"2026-02-22T04:17:22+00:00","mainEntityOfPage":{"@id":"https:\/\/vieassociative.be\/actualites\/les-etats-unis-imposent-une-interdiction-dentree-au-patron-du-vooruit-rousseau-en-raison-de-ses-critiques-a-legard-des-actions-de-lice\/"},"wordCount":705,"publisher":{"@id":"https:\/\/vieassociative.be\/actualites\/#organization"},"image":{"@id":"https:\/\/vieassociative.be\/actualites\/les-etats-unis-imposent-une-interdiction-dentree-au-patron-du-vooruit-rousseau-en-raison-de-ses-critiques-a-legard-des-actions-de-lice\/#primaryimage"},"thumbnailUrl":"https:\/\/vieassociative.be\/actualites\/wp-content\/uploads\/2024\/11\/1731701841_Bottes-puantes-Conner-Rousseau-Vooruit-veut-encore-avoir-son-mot.jpeg","keywords":["actions","critiques","dentr\u00e9e","Des","\u00c9tatsUnis","imposent","Interdiction","l\u00e9gard","Les","lICE","patron","raison","Rousseau","ses","une","Vooruit"],"articleSection":["Belgique"],"inLanguage":"fr-BE"},{"@type":"WebPage","@id":"https:\/\/vieassociative.be\/actualites\/les-etats-unis-imposent-une-interdiction-dentree-au-patron-du-vooruit-rousseau-en-raison-de-ses-critiques-a-legard-des-actions-de-lice\/","url":"https:\/\/vieassociative.be\/actualites\/les-etats-unis-imposent-une-interdiction-dentree-au-patron-du-vooruit-rousseau-en-raison-de-ses-critiques-a-legard-des-actions-de-lice\/","name":"Les \u00c9tats-Unis imposent une interdiction d'entr\u00e9e au patron du Vooruit, Rousseau, en raison de ses critiques \u00e0 l'\u00e9gard des actions de l'ICE | Vie Associative","isPartOf":{"@id":"https:\/\/vieassociative.be\/actualites\/#website"},"primaryImageOfPage":{"@id":"https:\/\/vieassociative.be\/actualites\/les-etats-unis-imposent-une-interdiction-dentree-au-patron-du-vooruit-rousseau-en-raison-de-ses-critiques-a-legard-des-actions-de-lice\/#primaryimage"},"image":{"@id":"https:\/\/vieassociative.be\/actualites\/les-etats-unis-imposent-une-interdiction-dentree-au-patron-du-vooruit-rousseau-en-raison-de-ses-critiques-a-legard-des-actions-de-lice\/#primaryimage"},"thumbnailUrl":"https:\/\/vieassociative.be\/actualites\/wp-content\/uploads\/2024\/11\/1731701841_Bottes-puantes-Conner-Rousseau-Vooruit-veut-encore-avoir-son-mot.jpeg","datePublished":"2026-02-22T04:17:22+00:00","dateModified":"2026-02-22T04:17:22+00:00","breadcrumb":{"@id":"https:\/\/vieassociative.be\/actualites\/les-etats-unis-imposent-une-interdiction-dentree-au-patron-du-vooruit-rousseau-en-raison-de-ses-critiques-a-legard-des-actions-de-lice\/#breadcrumb"},"inLanguage":"fr-BE","potentialAction":[{"@type":"ReadAction","target":["https:\/\/vieassociative.be\/actualites\/les-etats-unis-imposent-une-interdiction-dentree-au-patron-du-vooruit-rousseau-en-raison-de-ses-critiques-a-legard-des-actions-de-lice\/"]}]},{"@type":"ImageObject","inLanguage":"fr-BE","@id":"https:\/\/vieassociative.be\/actualites\/les-etats-unis-imposent-une-interdiction-dentree-au-patron-du-vooruit-rousseau-en-raison-de-ses-critiques-a-legard-des-actions-de-lice\/#primaryimage","url":"https:\/\/vieassociative.be\/actualites\/wp-content\/uploads\/2024\/11\/1731701841_Bottes-puantes-Conner-Rousseau-Vooruit-veut-encore-avoir-son-mot.jpeg","contentUrl":"https:\/\/vieassociative.be\/actualites\/wp-content\/uploads\/2024\/11\/1731701841_Bottes-puantes-Conner-Rousseau-Vooruit-veut-encore-avoir-son-mot.jpeg","width":1200,"height":799,"caption":"\u00ab\u00a0Bottes puantes\u00a0\u00bb Conner Rousseau (Vooruit) veut encore avoir son mot \u00e0 dire"},{"@type":"BreadcrumbList","@id":"https:\/\/vieassociative.be\/actualites\/les-etats-unis-imposent-une-interdiction-dentree-au-patron-du-vooruit-rousseau-en-raison-de-ses-critiques-a-legard-des-actions-de-lice\/#breadcrumb","itemListElement":[{"@type":"ListItem","position":1,"name":"Accueil","item":"https:\/\/vieassociative.be\/actualites\/"},{"@type":"ListItem","position":2,"name":"Les \u00c9tats-Unis imposent une interdiction d&rsquo;entr\u00e9e au patron du Vooruit, Rousseau, en raison de ses critiques \u00e0 l&rsquo;\u00e9gard des actions de l&rsquo;ICE"}]},{"@type":"WebSite","@id":"https:\/\/vieassociative.be\/actualites\/#website","url":"https:\/\/vieassociative.be\/actualites\/","name":"Vie Associative","description":"","publisher":{"@id":"https:\/\/vieassociative.be\/actualites\/#organization"},"potentialAction":[{"@type":"SearchAction","target":{"@type":"EntryPoint","urlTemplate":"https:\/\/vieassociative.be\/actualites\/?s={search_term_string}"},"query-input":{"@type":"PropertyValueSpecification","valueRequired":true,"valueName":"search_term_string"}}],"inLanguage":"fr-BE"},{"@type":"Organization","@id":"https:\/\/vieassociative.be\/actualites\/#organization","name":"Vie Associative","url":"https:\/\/vieassociative.be\/actualites\/","logo":{"@type":"ImageObject","inLanguage":"fr-BE","@id":"https:\/\/vieassociative.be\/actualites\/#\/schema\/logo\/image\/","url":"https:\/\/vieassociative.be\/actualites\/wp-content\/uploads\/2024\/09\/cropped-vieassociative_favicon.ico.png","contentUrl":"https:\/\/vieassociative.be\/actualites\/wp-content\/uploads\/2024\/09\/cropped-vieassociative_favicon.ico.png","width":512,"height":512,"caption":"Vie Associative"},"image":{"@id":"https:\/\/vieassociative.be\/actualites\/#\/schema\/logo\/image\/"}},{"@type":"Person","@id":"https:\/\/vieassociative.be\/actualites\/#\/schema\/person\/b87ac4f82f9d4e7b7cec7395b679edc4","name":"Julien","image":{"@type":"ImageObject","inLanguage":"fr-BE","@id":"https:\/\/vieassociative.be\/actualites\/#\/schema\/person\/image\/","url":"https:\/\/vieassociative.be\/actualites\/wp-content\/uploads\/2024\/09\/vie-associative-1-150x150.jpg","contentUrl":"https:\/\/vieassociative.be\/actualites\/wp-content\/uploads\/2024\/09\/vie-associative-1-150x150.jpg","caption":"Julien"},"description":"Je suis Julien, r\u00e9dacteur pour Vie Associative. Passionn\u00e9 par le monde associatif depuis plus de 10 ans, j'ai \u00e0 c\u0153ur de partager des histoires inspirantes et de mettre en lumi\u00e8re les initiatives locales. Mon objectif est de sensibiliser et d'encourager l'engagement communautaire \u00e0 travers mes articles.","sameAs":["https:\/\/vieassociative.be\/"]}]}},"_links":{"self":[{"href":"https:\/\/vieassociative.be\/actualites\/wp-json\/wp\/v2\/posts\/12747"}],"collection":[{"href":"https:\/\/vieassociative.be\/actualites\/wp-json\/wp\/v2\/posts"}],"about":[{"href":"https:\/\/vieassociative.be\/actualites\/wp-json\/wp\/v2\/types\/post"}],"author":[{"embeddable":true,"href":"https:\/\/vieassociative.be\/actualites\/wp-json\/wp\/v2\/users\/1"}],"replies":[{"embeddable":true,"href":"https:\/\/vieassociative.be\/actualites\/wp-json\/wp\/v2\/comments?post=12747"}],"version-history":[{"count":0,"href":"https:\/\/vieassociative.be\/actualites\/wp-json\/wp\/v2\/posts\/12747\/revisions"}],"wp:featuredmedia":[{"embeddable":true,"href":"https:\/\/vieassociative.be\/actualites\/wp-json\/wp\/v2\/media\/2458"}],"wp:attachment":[{"href":"https:\/\/vieassociative.be\/actualites\/wp-json\/wp\/v2\/media?parent=12747"}],"wp:term":[{"taxonomy":"category","embeddable":true,"href":"https:\/\/vieassociative.be\/actualites\/wp-json\/wp\/v2\/categories?post=12747"},{"taxonomy":"post_tag","embeddable":true,"href":"https:\/\/vieassociative.be\/actualites\/wp-json\/wp\/v2\/tags?post=12747"}],"curies":[{"name":"wp","href":"https:\/\/api.w.org\/{rel}","templated":true}]}}