{"id":12743,"date":"2026-02-21T23:18:13","date_gmt":"2026-02-21T22:18:13","guid":{"rendered":"https:\/\/vieassociative.be\/actualites\/apres-un-match-nul-1-1-face-aux-francs-borains-las-eupen-na-plus-quune-chance-theorique-dacceder-au-top-6\/"},"modified":"2026-02-21T23:18:13","modified_gmt":"2026-02-21T22:18:13","slug":"apres-un-match-nul-1-1-face-aux-francs-borains-las-eupen-na-plus-quune-chance-theorique-dacceder-au-top-6","status":"publish","type":"post","link":"https:\/\/vieassociative.be\/actualites\/apres-un-match-nul-1-1-face-aux-francs-borains-las-eupen-na-plus-quune-chance-theorique-dacceder-au-top-6\/","title":{"rendered":"Apr\u00e8s un match nul 1-1 face aux Francs Borains, l&rsquo;AS Eupen n&rsquo;a plus qu&rsquo;une chance th\u00e9orique d&rsquo;acc\u00e9der au top 6"},"content":{"rendered":"<p><strong>L&rsquo;AS Eupen a d\u00e9\u00e7u face aux Francs Borains. Les Noirs et Blancs n&rsquo;ont pas pu surmonter le nul 1-1 contre l&rsquo;\u00e9quipe du Hainaut samedi au stade du Kehrweg et n&rsquo;ont d\u00e9sormais qu&rsquo;une chance th\u00e9orique de se classer dans le top 6.<\/strong><\/p>\n<p><span id=\"more-437147\"><\/span>Selon le capitaine de l&rsquo;AS, Rune Paeshuyse, la rencontre contre les Francs Borains \u00e9tait la premi\u00e8re des neuf finales. Eupen a d\u00fb se passer de trois joueurs cl\u00e9s : Logan Delaurier-Chabet, d\u00e9j\u00e0 bless\u00e9 lors du match contre Courtrai, Nicolas Gavory et Kevin M\u00f6hwald ne faisaient pas partie du groupe en raison de leurs blessures. L&rsquo;attaquant Isaac Nuhu, suspendu contre Courtrai, \u00e9tait de nouveau disponible.<\/p>\n<p>Le onze de d\u00e9part d&rsquo;Eupen : Hiller \u2013 Paeshuyse, Kennedy, Bokadi, Zague \u2013 M\u00fcller, Keita, Bar\u00e8s, Bitumazala \u2013 Kikas, Nuhu.<\/p>\n<\/p>\n<div id=\"attachment_437149\" class=\"wp-caption alignleft\" style=\"max-width: 300px\"><img fetchpriority=\"high\" decoding=\"async\" class=\"wp-image-437149 size-medium\" src=\"https:\/\/vieassociative.be\/actualites\/wp-content\/uploads\/2026\/02\/Apres-un-match-nul-1-1-face-aux-Francs-Borains-lAS.jpg\" alt=\"\" width=\"300\" height=\"198\"><\/div>\n<p>Dans le onze de d\u00e9part des invit\u00e9s de la province du Hainaut, entra\u00een\u00e9s par l&rsquo;ancien international belge Yves Vanderhaeghe, il y avait un joueur en la personne de Mondy Prunier qui a repr\u00e9sent\u00e9 les couleurs d&rsquo;Eupen il y a quelque temps, mais sans succ\u00e8s.<\/p>\n<p>Il ne se passe presque rien dans le premier quart d&rsquo;heure, \u00e0 l&rsquo;exception d&rsquo;un centre dangereux de Francs Borains dans la surface de r\u00e9paration d&rsquo;Eupen qui embarrasse le gardien Hiller. Mais cela a chang\u00e9 \u00e0 la 16e minute lorsque Prunier, qui n&rsquo;avait rien accompli en tant que joueur de l&rsquo;AS Eupen, a donn\u00e9 l&rsquo;avantage \u00e0 Francs Borains apr\u00e8s avoir \u00e9t\u00e9 laiss\u00e9 criminellement seul par la d\u00e9fense centrale de l&rsquo;AS lors d&rsquo;un centre venant de la droite, 0-1.<\/p>\n<p>La tactique de Vanderhaeghe avait d\u00e9j\u00e0 fonctionn\u00e9. Avant le coup d&rsquo;envoi, l&rsquo;entra\u00eeneur des visiteurs a exprim\u00e9 dans une interview avec DAZN l&rsquo;espoir que son \u00e9quipe puisse prendre rapidement les devants.<\/p>\n<p>Le d\u00e9ficit initial semble avoir r\u00e9veill\u00e9 les Noirs et les Blancs. N\u00e9anmoins, les francs de Borain restaient dangereux. \u00c0 la 26e minute, Hiller a d\u00fb intervenir avec ses poings sur un coup franc. <\/p>\n<\/p>\n<div id=\"attachment_421575\" class=\"wp-caption alignleft\" style=\"max-width: 300px\"><img decoding=\"async\" class=\"wp-image-421575 size-medium\" src=\"https:\/\/vieassociative.be\/actualites\/wp-content\/uploads\/2026\/02\/Si-la-competition-gagne-et-bat-le-KV-Courtrai-lAS.jpg\" alt=\"\" width=\"300\" height=\"200\"  ><\/div>\n<p>A la 29e minute, Eupens Kennedy se procurait une bonne occasion, mais son tir passait au-dessus du but des visiteurs. D&rsquo;un autre c\u00f4t\u00e9, Hiller \u00e9tait heureux que la t\u00eate du v\u00e9t\u00e9ran Dessoleil sur un coup franc du Hainaut soit pass\u00e9e \u00e0 c\u00f4t\u00e9 de son but. Ensuite, Eupen a eu une autre occasion de marquer, que le gardien Pandor a pu contrecarrer.<\/p>\n<p>Eupen agissait beaucoup trop lentement, de sorte que les invit\u00e9s n&rsquo;avaient aucune difficult\u00e9 \u00e0 rendre les pi\u00e8ces \u00e9troites. Le score restait 0-1 jusqu&rsquo;\u00e0 la pause. <\/p>\n<p>L&rsquo;AS \u00e9tait dos au mur en d\u00e9but de seconde p\u00e9riode. L&rsquo;entra\u00eeneur Pinheiro a fait venir Youndje pour Kennedy. Le nouveau joueur a apport\u00e9 du dynamisme d\u00e8s le d\u00e9but de la seconde p\u00e9riode.<\/p>\n<p>Eupen accentue la pression, mais agit souvent dans la pr\u00e9cipitation. A la 63\u00e8me minute, Atteri rempla\u00e7ait M\u00fcller chez AS. \u00c0 la 75e minute, Nuhu a plac\u00e9 le ballon au-dessus du but sur un coup franc. Atteri a \u00e9galement rat\u00e9 le cadre.<\/p>\n<p>\u00c0 la 85e minute, la nouvelle recrue Zague a \u00e9galis\u00e9 pour porter le score \u00e0 1-1. Dans les arr\u00eats de jeu, Kikas a eu une autre chance et de l&rsquo;autre c\u00f4t\u00e9, Hiller a emp\u00each\u00e9 le score de porter le score \u00e0 1-2.<\/p>\n<p>Apr\u00e8s cette performance d\u00e9cevante, l&rsquo;AS Eupen compte huit points de retard sur le Patro Eisden et le FC L\u00fcttich, qui ont disput\u00e9 un match de plus et accueilleront l&rsquo;AS lors de la derni\u00e8re journ\u00e9e. Il reste n\u00e9anmoins beaucoup \u00e0 faire pour qu&rsquo;Eupen puisse rattraper son d\u00e9ficit de huit points lors des huit matches restants. Le dimanche 1er mars, les Noirs et Blancs seront les invit\u00e9s du RWDM. (cr\u00e9er)<\/p>\n","protected":false},"excerpt":{"rendered":"<p>L&rsquo;AS Eupen a d\u00e9\u00e7u face aux Francs Borains. Les Noirs et Blancs n&rsquo;ont pas pu surmonter le nul 1-1 contre l&rsquo;\u00e9quipe du Hainaut samedi au<\/p>\n","protected":false},"author":1,"featured_media":12744,"comment_status":"","ping_status":"","sticky":false,"template":"","format":"standard","meta":{"footnotes":""},"categories":[298],"tags":[472,289,3871,5810,10079,2329,733,3870,2353,2685,4158,2983,10078,3169],"class_list":["post-12743","post","type-post","status-publish","format-standard","has-post-thumbnail","hentry","category-belgique","tag-apres","tag-aux","tag-borains","tag-chance","tag-dacceder","tag-eupen","tag-face","tag-francs","tag-las","tag-match","tag-nul","tag-quune","tag-theorique","tag-top","generate-columns","tablet-grid-50","mobile-grid-100","grid-parent","grid-33"],"yoast_head":"<!-- This site is optimized with the Yoast SEO plugin v24.0 - https:\/\/yoast.com\/wordpress\/plugins\/seo\/ -->\n<title>Apr\u00e8s un match nul 1-1 face aux Francs Borains, l&#039;AS Eupen n&#039;a plus qu&#039;une chance th\u00e9orique d&#039;acc\u00e9der au top 6 | Vie Associative<\/title>\n<meta name=\"robots\" content=\"index, follow, max-snippet:-1, max-image-preview:large, max-video-preview:-1\" \/>\n<link rel=\"canonical\" href=\"https:\/\/vieassociative.be\/actualites\/apres-un-match-nul-1-1-face-aux-francs-borains-las-eupen-na-plus-quune-chance-theorique-dacceder-au-top-6\/\" \/>\n<meta property=\"og:locale\" content=\"fr_FR\" \/>\n<meta property=\"og:type\" content=\"article\" \/>\n<meta property=\"og:title\" content=\"Apr\u00e8s un match nul 1-1 face aux Francs Borains, l&#039;AS Eupen n&#039;a plus qu&#039;une chance th\u00e9orique d&#039;acc\u00e9der au top 6 | Vie Associative\" \/>\n<meta property=\"og:description\" content=\"L&rsquo;AS Eupen a d\u00e9\u00e7u face aux Francs Borains. Les Noirs et Blancs n&rsquo;ont pas pu surmonter le nul 1-1 contre l&rsquo;\u00e9quipe du Hainaut samedi au\" \/>\n<meta property=\"og:url\" content=\"https:\/\/vieassociative.be\/actualites\/apres-un-match-nul-1-1-face-aux-francs-borains-las-eupen-na-plus-quune-chance-theorique-dacceder-au-top-6\/\" \/>\n<meta property=\"og:site_name\" content=\"Vie Associative\" \/>\n<meta property=\"article:published_time\" content=\"2026-02-21T22:18:13+00:00\" \/>\n<meta property=\"og:image\" content=\"https:\/\/vieassociative.be\/actualites\/wp-content\/uploads\/2024\/09\/header_backgroundk-01-e1726694325946.png\" \/>\n\t<meta property=\"og:image:width\" content=\"279\" \/>\n\t<meta property=\"og:image:height\" content=\"92\" \/>\n\t<meta property=\"og:image:type\" content=\"image\/png\" \/>\n<meta name=\"author\" content=\"Julien\" \/>\n<meta name=\"twitter:card\" content=\"summary_large_image\" \/>\n<meta name=\"twitter:label1\" content=\"\u00c9crit par\" \/>\n\t<meta name=\"twitter:data1\" content=\"Julien\" \/>\n\t<meta name=\"twitter:label2\" content=\"Dur\u00e9e de lecture est.\" \/>\n\t<meta name=\"twitter:data2\" content=\"3 minutes\" \/>\n<script type=\"application\/ld+json\" class=\"yoast-schema-graph\">{\"@context\":\"https:\/\/schema.org\",\"@graph\":[{\"@type\":\"Article\",\"@id\":\"https:\/\/vieassociative.be\/actualites\/apres-un-match-nul-1-1-face-aux-francs-borains-las-eupen-na-plus-quune-chance-theorique-dacceder-au-top-6\/#article\",\"isPartOf\":{\"@id\":\"https:\/\/vieassociative.be\/actualites\/apres-un-match-nul-1-1-face-aux-francs-borains-las-eupen-na-plus-quune-chance-theorique-dacceder-au-top-6\/\"},\"author\":{\"name\":\"Julien\",\"@id\":\"https:\/\/vieassociative.be\/actualites\/#\/schema\/person\/b87ac4f82f9d4e7b7cec7395b679edc4\"},\"headline\":\"Apr\u00e8s un match nul 1-1 face aux Francs Borains, l&rsquo;AS Eupen n&rsquo;a plus qu&rsquo;une chance th\u00e9orique d&rsquo;acc\u00e9der au top 6\",\"datePublished\":\"2026-02-21T22:18:13+00:00\",\"dateModified\":\"2026-02-21T22:18:13+00:00\",\"mainEntityOfPage\":{\"@id\":\"https:\/\/vieassociative.be\/actualites\/apres-un-match-nul-1-1-face-aux-francs-borains-las-eupen-na-plus-quune-chance-theorique-dacceder-au-top-6\/\"},\"wordCount\":670,\"publisher\":{\"@id\":\"https:\/\/vieassociative.be\/actualites\/#organization\"},\"image\":{\"@id\":\"https:\/\/vieassociative.be\/actualites\/apres-un-match-nul-1-1-face-aux-francs-borains-las-eupen-na-plus-quune-chance-theorique-dacceder-au-top-6\/#primaryimage\"},\"thumbnailUrl\":\"https:\/\/vieassociative.be\/actualites\/wp-content\/uploads\/2026\/02\/1771712293_Apres-un-match-nul-1-1-face-aux-Francs-Borains-lAS.jpg\",\"keywords\":[\"Apr\u00e8s\",\"aux\",\"Borains\",\"chance\",\"dacc\u00e9der\",\"Eupen\",\"face\",\"Francs\",\"lAS\",\"match\",\"nul\",\"quune\",\"th\u00e9orique\",\"top\"],\"articleSection\":[\"Belgique\"],\"inLanguage\":\"fr-BE\"},{\"@type\":\"WebPage\",\"@id\":\"https:\/\/vieassociative.be\/actualites\/apres-un-match-nul-1-1-face-aux-francs-borains-las-eupen-na-plus-quune-chance-theorique-dacceder-au-top-6\/\",\"url\":\"https:\/\/vieassociative.be\/actualites\/apres-un-match-nul-1-1-face-aux-francs-borains-las-eupen-na-plus-quune-chance-theorique-dacceder-au-top-6\/\",\"name\":\"Apr\u00e8s un match nul 1-1 face aux Francs Borains, l'AS Eupen n'a plus qu'une chance th\u00e9orique d'acc\u00e9der au top 6 | Vie Associative\",\"isPartOf\":{\"@id\":\"https:\/\/vieassociative.be\/actualites\/#website\"},\"primaryImageOfPage\":{\"@id\":\"https:\/\/vieassociative.be\/actualites\/apres-un-match-nul-1-1-face-aux-francs-borains-las-eupen-na-plus-quune-chance-theorique-dacceder-au-top-6\/#primaryimage\"},\"image\":{\"@id\":\"https:\/\/vieassociative.be\/actualites\/apres-un-match-nul-1-1-face-aux-francs-borains-las-eupen-na-plus-quune-chance-theorique-dacceder-au-top-6\/#primaryimage\"},\"thumbnailUrl\":\"https:\/\/vieassociative.be\/actualites\/wp-content\/uploads\/2026\/02\/1771712293_Apres-un-match-nul-1-1-face-aux-Francs-Borains-lAS.jpg\",\"datePublished\":\"2026-02-21T22:18:13+00:00\",\"dateModified\":\"2026-02-21T22:18:13+00:00\",\"breadcrumb\":{\"@id\":\"https:\/\/vieassociative.be\/actualites\/apres-un-match-nul-1-1-face-aux-francs-borains-las-eupen-na-plus-quune-chance-theorique-dacceder-au-top-6\/#breadcrumb\"},\"inLanguage\":\"fr-BE\",\"potentialAction\":[{\"@type\":\"ReadAction\",\"target\":[\"https:\/\/vieassociative.be\/actualites\/apres-un-match-nul-1-1-face-aux-francs-borains-las-eupen-na-plus-quune-chance-theorique-dacceder-au-top-6\/\"]}]},{\"@type\":\"ImageObject\",\"inLanguage\":\"fr-BE\",\"@id\":\"https:\/\/vieassociative.be\/actualites\/apres-un-match-nul-1-1-face-aux-francs-borains-las-eupen-na-plus-quune-chance-theorique-dacceder-au-top-6\/#primaryimage\",\"url\":\"https:\/\/vieassociative.be\/actualites\/wp-content\/uploads\/2026\/02\/1771712293_Apres-un-match-nul-1-1-face-aux-Francs-Borains-lAS.jpg\",\"contentUrl\":\"https:\/\/vieassociative.be\/actualites\/wp-content\/uploads\/2026\/02\/1771712293_Apres-un-match-nul-1-1-face-aux-Francs-Borains-lAS.jpg\",\"width\":1200,\"height\":806,\"caption\":\"Apr\u00e8s un match nul 1-1 face aux Francs Borains, l'AS Eupen n'a plus qu'une chance th\u00e9orique d'acc\u00e9der au top 6\"},{\"@type\":\"BreadcrumbList\",\"@id\":\"https:\/\/vieassociative.be\/actualites\/apres-un-match-nul-1-1-face-aux-francs-borains-las-eupen-na-plus-quune-chance-theorique-dacceder-au-top-6\/#breadcrumb\",\"itemListElement\":[{\"@type\":\"ListItem\",\"position\":1,\"name\":\"Accueil\",\"item\":\"https:\/\/vieassociative.be\/actualites\/\"},{\"@type\":\"ListItem\",\"position\":2,\"name\":\"Apr\u00e8s un match nul 1-1 face aux Francs Borains, l&rsquo;AS Eupen n&rsquo;a plus qu&rsquo;une chance th\u00e9orique d&rsquo;acc\u00e9der au top 6\"}]},{\"@type\":\"WebSite\",\"@id\":\"https:\/\/vieassociative.be\/actualites\/#website\",\"url\":\"https:\/\/vieassociative.be\/actualites\/\",\"name\":\"Vie Associative\",\"description\":\"\",\"publisher\":{\"@id\":\"https:\/\/vieassociative.be\/actualites\/#organization\"},\"potentialAction\":[{\"@type\":\"SearchAction\",\"target\":{\"@type\":\"EntryPoint\",\"urlTemplate\":\"https:\/\/vieassociative.be\/actualites\/?s={search_term_string}\"},\"query-input\":{\"@type\":\"PropertyValueSpecification\",\"valueRequired\":true,\"valueName\":\"search_term_string\"}}],\"inLanguage\":\"fr-BE\"},{\"@type\":\"Organization\",\"@id\":\"https:\/\/vieassociative.be\/actualites\/#organization\",\"name\":\"Vie Associative\",\"url\":\"https:\/\/vieassociative.be\/actualites\/\",\"logo\":{\"@type\":\"ImageObject\",\"inLanguage\":\"fr-BE\",\"@id\":\"https:\/\/vieassociative.be\/actualites\/#\/schema\/logo\/image\/\",\"url\":\"https:\/\/vieassociative.be\/actualites\/wp-content\/uploads\/2024\/09\/cropped-vieassociative_favicon.ico.png\",\"contentUrl\":\"https:\/\/vieassociative.be\/actualites\/wp-content\/uploads\/2024\/09\/cropped-vieassociative_favicon.ico.png\",\"width\":512,\"height\":512,\"caption\":\"Vie Associative\"},\"image\":{\"@id\":\"https:\/\/vieassociative.be\/actualites\/#\/schema\/logo\/image\/\"}},{\"@type\":\"Person\",\"@id\":\"https:\/\/vieassociative.be\/actualites\/#\/schema\/person\/b87ac4f82f9d4e7b7cec7395b679edc4\",\"name\":\"Julien\",\"image\":{\"@type\":\"ImageObject\",\"inLanguage\":\"fr-BE\",\"@id\":\"https:\/\/vieassociative.be\/actualites\/#\/schema\/person\/image\/\",\"url\":\"https:\/\/vieassociative.be\/actualites\/wp-content\/uploads\/2024\/09\/vie-associative-1-150x150.jpg\",\"contentUrl\":\"https:\/\/vieassociative.be\/actualites\/wp-content\/uploads\/2024\/09\/vie-associative-1-150x150.jpg\",\"caption\":\"Julien\"},\"description\":\"Je suis Julien, r\u00e9dacteur pour Vie Associative. Passionn\u00e9 par le monde associatif depuis plus de 10 ans, j'ai \u00e0 c\u0153ur de partager des histoires inspirantes et de mettre en lumi\u00e8re les initiatives locales. Mon objectif est de sensibiliser et d'encourager l'engagement communautaire \u00e0 travers mes articles.\",\"sameAs\":[\"https:\/\/vieassociative.be\/\"]}]}<\/script>\n<!-- \/ Yoast SEO plugin. -->","yoast_head_json":{"title":"Apr\u00e8s un match nul 1-1 face aux Francs Borains, l'AS Eupen n'a plus qu'une chance th\u00e9orique d'acc\u00e9der au top 6 | Vie Associative","robots":{"index":"index","follow":"follow","max-snippet":"max-snippet:-1","max-image-preview":"max-image-preview:large","max-video-preview":"max-video-preview:-1"},"canonical":"https:\/\/vieassociative.be\/actualites\/apres-un-match-nul-1-1-face-aux-francs-borains-las-eupen-na-plus-quune-chance-theorique-dacceder-au-top-6\/","og_locale":"fr_FR","og_type":"article","og_title":"Apr\u00e8s un match nul 1-1 face aux Francs Borains, l'AS Eupen n'a plus qu'une chance th\u00e9orique d'acc\u00e9der au top 6 | Vie Associative","og_description":"L&rsquo;AS Eupen a d\u00e9\u00e7u face aux Francs Borains. Les Noirs et Blancs n&rsquo;ont pas pu surmonter le nul 1-1 contre l&rsquo;\u00e9quipe du Hainaut samedi au","og_url":"https:\/\/vieassociative.be\/actualites\/apres-un-match-nul-1-1-face-aux-francs-borains-las-eupen-na-plus-quune-chance-theorique-dacceder-au-top-6\/","og_site_name":"Vie Associative","article_published_time":"2026-02-21T22:18:13+00:00","og_image":[{"width":279,"height":92,"url":"https:\/\/vieassociative.be\/actualites\/wp-content\/uploads\/2024\/09\/header_backgroundk-01-e1726694325946.png","type":"image\/png"}],"author":"Julien","twitter_card":"summary_large_image","twitter_misc":{"\u00c9crit par":"Julien","Dur\u00e9e de lecture est.":"3 minutes"},"schema":{"@context":"https:\/\/schema.org","@graph":[{"@type":"Article","@id":"https:\/\/vieassociative.be\/actualites\/apres-un-match-nul-1-1-face-aux-francs-borains-las-eupen-na-plus-quune-chance-theorique-dacceder-au-top-6\/#article","isPartOf":{"@id":"https:\/\/vieassociative.be\/actualites\/apres-un-match-nul-1-1-face-aux-francs-borains-las-eupen-na-plus-quune-chance-theorique-dacceder-au-top-6\/"},"author":{"name":"Julien","@id":"https:\/\/vieassociative.be\/actualites\/#\/schema\/person\/b87ac4f82f9d4e7b7cec7395b679edc4"},"headline":"Apr\u00e8s un match nul 1-1 face aux Francs Borains, l&rsquo;AS Eupen n&rsquo;a plus qu&rsquo;une chance th\u00e9orique d&rsquo;acc\u00e9der au top 6","datePublished":"2026-02-21T22:18:13+00:00","dateModified":"2026-02-21T22:18:13+00:00","mainEntityOfPage":{"@id":"https:\/\/vieassociative.be\/actualites\/apres-un-match-nul-1-1-face-aux-francs-borains-las-eupen-na-plus-quune-chance-theorique-dacceder-au-top-6\/"},"wordCount":670,"publisher":{"@id":"https:\/\/vieassociative.be\/actualites\/#organization"},"image":{"@id":"https:\/\/vieassociative.be\/actualites\/apres-un-match-nul-1-1-face-aux-francs-borains-las-eupen-na-plus-quune-chance-theorique-dacceder-au-top-6\/#primaryimage"},"thumbnailUrl":"https:\/\/vieassociative.be\/actualites\/wp-content\/uploads\/2026\/02\/1771712293_Apres-un-match-nul-1-1-face-aux-Francs-Borains-lAS.jpg","keywords":["Apr\u00e8s","aux","Borains","chance","dacc\u00e9der","Eupen","face","Francs","lAS","match","nul","quune","th\u00e9orique","top"],"articleSection":["Belgique"],"inLanguage":"fr-BE"},{"@type":"WebPage","@id":"https:\/\/vieassociative.be\/actualites\/apres-un-match-nul-1-1-face-aux-francs-borains-las-eupen-na-plus-quune-chance-theorique-dacceder-au-top-6\/","url":"https:\/\/vieassociative.be\/actualites\/apres-un-match-nul-1-1-face-aux-francs-borains-las-eupen-na-plus-quune-chance-theorique-dacceder-au-top-6\/","name":"Apr\u00e8s un match nul 1-1 face aux Francs Borains, l'AS Eupen n'a plus qu'une chance th\u00e9orique d'acc\u00e9der au top 6 | Vie Associative","isPartOf":{"@id":"https:\/\/vieassociative.be\/actualites\/#website"},"primaryImageOfPage":{"@id":"https:\/\/vieassociative.be\/actualites\/apres-un-match-nul-1-1-face-aux-francs-borains-las-eupen-na-plus-quune-chance-theorique-dacceder-au-top-6\/#primaryimage"},"image":{"@id":"https:\/\/vieassociative.be\/actualites\/apres-un-match-nul-1-1-face-aux-francs-borains-las-eupen-na-plus-quune-chance-theorique-dacceder-au-top-6\/#primaryimage"},"thumbnailUrl":"https:\/\/vieassociative.be\/actualites\/wp-content\/uploads\/2026\/02\/1771712293_Apres-un-match-nul-1-1-face-aux-Francs-Borains-lAS.jpg","datePublished":"2026-02-21T22:18:13+00:00","dateModified":"2026-02-21T22:18:13+00:00","breadcrumb":{"@id":"https:\/\/vieassociative.be\/actualites\/apres-un-match-nul-1-1-face-aux-francs-borains-las-eupen-na-plus-quune-chance-theorique-dacceder-au-top-6\/#breadcrumb"},"inLanguage":"fr-BE","potentialAction":[{"@type":"ReadAction","target":["https:\/\/vieassociative.be\/actualites\/apres-un-match-nul-1-1-face-aux-francs-borains-las-eupen-na-plus-quune-chance-theorique-dacceder-au-top-6\/"]}]},{"@type":"ImageObject","inLanguage":"fr-BE","@id":"https:\/\/vieassociative.be\/actualites\/apres-un-match-nul-1-1-face-aux-francs-borains-las-eupen-na-plus-quune-chance-theorique-dacceder-au-top-6\/#primaryimage","url":"https:\/\/vieassociative.be\/actualites\/wp-content\/uploads\/2026\/02\/1771712293_Apres-un-match-nul-1-1-face-aux-Francs-Borains-lAS.jpg","contentUrl":"https:\/\/vieassociative.be\/actualites\/wp-content\/uploads\/2026\/02\/1771712293_Apres-un-match-nul-1-1-face-aux-Francs-Borains-lAS.jpg","width":1200,"height":806,"caption":"Apr\u00e8s un match nul 1-1 face aux Francs Borains, l'AS Eupen n'a plus qu'une chance th\u00e9orique d'acc\u00e9der au top 6"},{"@type":"BreadcrumbList","@id":"https:\/\/vieassociative.be\/actualites\/apres-un-match-nul-1-1-face-aux-francs-borains-las-eupen-na-plus-quune-chance-theorique-dacceder-au-top-6\/#breadcrumb","itemListElement":[{"@type":"ListItem","position":1,"name":"Accueil","item":"https:\/\/vieassociative.be\/actualites\/"},{"@type":"ListItem","position":2,"name":"Apr\u00e8s un match nul 1-1 face aux Francs Borains, l&rsquo;AS Eupen n&rsquo;a plus qu&rsquo;une chance th\u00e9orique d&rsquo;acc\u00e9der au top 6"}]},{"@type":"WebSite","@id":"https:\/\/vieassociative.be\/actualites\/#website","url":"https:\/\/vieassociative.be\/actualites\/","name":"Vie Associative","description":"","publisher":{"@id":"https:\/\/vieassociative.be\/actualites\/#organization"},"potentialAction":[{"@type":"SearchAction","target":{"@type":"EntryPoint","urlTemplate":"https:\/\/vieassociative.be\/actualites\/?s={search_term_string}"},"query-input":{"@type":"PropertyValueSpecification","valueRequired":true,"valueName":"search_term_string"}}],"inLanguage":"fr-BE"},{"@type":"Organization","@id":"https:\/\/vieassociative.be\/actualites\/#organization","name":"Vie Associative","url":"https:\/\/vieassociative.be\/actualites\/","logo":{"@type":"ImageObject","inLanguage":"fr-BE","@id":"https:\/\/vieassociative.be\/actualites\/#\/schema\/logo\/image\/","url":"https:\/\/vieassociative.be\/actualites\/wp-content\/uploads\/2024\/09\/cropped-vieassociative_favicon.ico.png","contentUrl":"https:\/\/vieassociative.be\/actualites\/wp-content\/uploads\/2024\/09\/cropped-vieassociative_favicon.ico.png","width":512,"height":512,"caption":"Vie Associative"},"image":{"@id":"https:\/\/vieassociative.be\/actualites\/#\/schema\/logo\/image\/"}},{"@type":"Person","@id":"https:\/\/vieassociative.be\/actualites\/#\/schema\/person\/b87ac4f82f9d4e7b7cec7395b679edc4","name":"Julien","image":{"@type":"ImageObject","inLanguage":"fr-BE","@id":"https:\/\/vieassociative.be\/actualites\/#\/schema\/person\/image\/","url":"https:\/\/vieassociative.be\/actualites\/wp-content\/uploads\/2024\/09\/vie-associative-1-150x150.jpg","contentUrl":"https:\/\/vieassociative.be\/actualites\/wp-content\/uploads\/2024\/09\/vie-associative-1-150x150.jpg","caption":"Julien"},"description":"Je suis Julien, r\u00e9dacteur pour Vie Associative. Passionn\u00e9 par le monde associatif depuis plus de 10 ans, j'ai \u00e0 c\u0153ur de partager des histoires inspirantes et de mettre en lumi\u00e8re les initiatives locales. Mon objectif est de sensibiliser et d'encourager l'engagement communautaire \u00e0 travers mes articles.","sameAs":["https:\/\/vieassociative.be\/"]}]}},"_links":{"self":[{"href":"https:\/\/vieassociative.be\/actualites\/wp-json\/wp\/v2\/posts\/12743"}],"collection":[{"href":"https:\/\/vieassociative.be\/actualites\/wp-json\/wp\/v2\/posts"}],"about":[{"href":"https:\/\/vieassociative.be\/actualites\/wp-json\/wp\/v2\/types\/post"}],"author":[{"embeddable":true,"href":"https:\/\/vieassociative.be\/actualites\/wp-json\/wp\/v2\/users\/1"}],"replies":[{"embeddable":true,"href":"https:\/\/vieassociative.be\/actualites\/wp-json\/wp\/v2\/comments?post=12743"}],"version-history":[{"count":0,"href":"https:\/\/vieassociative.be\/actualites\/wp-json\/wp\/v2\/posts\/12743\/revisions"}],"wp:featuredmedia":[{"embeddable":true,"href":"https:\/\/vieassociative.be\/actualites\/wp-json\/wp\/v2\/media\/12744"}],"wp:attachment":[{"href":"https:\/\/vieassociative.be\/actualites\/wp-json\/wp\/v2\/media?parent=12743"}],"wp:term":[{"taxonomy":"category","embeddable":true,"href":"https:\/\/vieassociative.be\/actualites\/wp-json\/wp\/v2\/categories?post=12743"},{"taxonomy":"post_tag","embeddable":true,"href":"https:\/\/vieassociative.be\/actualites\/wp-json\/wp\/v2\/tags?post=12743"}],"curies":[{"name":"wp","href":"https:\/\/api.w.org\/{rel}","templated":true}]}}