{"id":12741,"date":"2026-02-21T22:17:38","date_gmt":"2026-02-21T21:17:38","guid":{"rendered":"https:\/\/vieassociative.be\/actualites\/cest-votre-chance-dobtenir-un-televiseur-oled-de-65-pouces-pour-900\/"},"modified":"2026-02-21T22:17:38","modified_gmt":"2026-02-21T21:17:38","slug":"cest-votre-chance-dobtenir-un-televiseur-oled-de-65-pouces-pour-900","status":"publish","type":"post","link":"https:\/\/vieassociative.be\/actualites\/cest-votre-chance-dobtenir-un-televiseur-oled-de-65-pouces-pour-900\/","title":{"rendered":"C&rsquo;est votre chance d&rsquo;obtenir un t\u00e9l\u00e9viseur OLED de 65 pouces pour 900 $"},"content":{"rendered":"<p>Nous pouvons gagner une commission sur les liens sur cette page. Les prix et la disponibilit\u00e9 de l&rsquo;offre sont sujets \u00e0 changement apr\u00e8s la publication.<\/p>\n<p>C&rsquo;est l&rsquo;une de ces rares opportunit\u00e9s qui ne se pr\u00e9sentent pas tr\u00e8s souvent dans l&rsquo;espace technologique grand public : vous pouvez obtenir un t\u00e9l\u00e9viseur OLED 2025 de 65 pouces de Samsung pour <strong>899,99\u00a0$<\/strong> (\u00e0 l\u2019origine 1 999,99 $) de Best Buy. Le pi\u00e8ge ? Il s&rsquo;agit de la version OLED d&rsquo;entr\u00e9e de gamme, mais elle offre toujours un rapport qualit\u00e9-prix incroyable et le prix le plus bas jamais enregistr\u00e9, selon les outils de suivi des prix. Oh, et l&rsquo;accord expire ce soir, le 20 f\u00e9vrier, \u00e0 minuit.<\/p>\n<div class=\"pogoClear mb-12 mt-10 rounded-md border-2 border-gray-100 py-7 shadow-xl md:py-6\">\n<div class=\"flex flex-wrap justify-between px-7 text-black no-underline md:flex-nowrap md:px-8\">\n<div class=\"order-1 mx-auto flex flex-col justify-center md:order-2 md:ml-4 md:w-full md:grow\">\n<div class=\"block cursor-pointer text-center font-akshar text-2xl font-medium leading-7 text-brand-green duration-200 ease-in-out hover:text-brand-green-700 md:text-left md:text-xl md:leading-6\">Samsung &#8211; T\u00e9l\u00e9viseur intelligent Tizen OLED 4K UHD Vision AI Classe S84F de 65 pouces (2025)\n                <\/div>\n<div class=\"mt-4 hidden md:flex md:justify-between\">\n<div class=\"self-end\">\n<div class=\"mb-0 h-11 md:flex md:flex-col md:justify-center\">\n<div class=\" font-sans leading-4 text-black\">\n<div class=\"flex flex-wrap items-center justify-center gap-1 md:justify-start\">\n        <span class=\"font-bold\"><\/p>\n<p>            899,99\u00a0$<br \/>\n                            <span class=\"font-medium\">chez Best Buy<\/span><br \/>\n                    <\/span>\n            <\/div>\n<div class=\"flex items-center justify-center gap-x-1 font-bold md:justify-start\">\n            <span class=\"text-sm line-through\">1\u00a0999,99\u00a0$<\/span><br \/>\n            <span class=\"text-sm text-brand-green\">\u00c9conomisez 1\u00a0100,00\u00a0$<\/span>\n        <\/div>\n<\/p><\/div>\n<\/p><\/div>\n<\/p><\/div>\n<div class=\"w-44 self-end\">\n                            <button class=\"flex justify-center items-center w-full bg-brand-green text-white text-base font-sans font-medium rounded-md hover:bg-brand-green-700 hover:cursor-pointer md:text-sm h-11\"><\/p>\n<p>    Obtenez une offre<br \/>\n<\/button>\n                        <\/div>\n<\/p><\/div>\n<\/p><\/div>\n<div class=\"order-2 mt-5 h-auto w-full md:order-1 md:mt-0 md:hidden\">\n<div class=\"flex aspect-video items-center justify-center\">\n                                            <img decoding=\"async\" class=\"m-0 max-h-full max-w-full rounded-md\" src=\"https:\/\/vieassociative.be\/actualites\/wp-content\/uploads\/2026\/02\/Cest-votre-chance-dobtenir-un-televiseur-OLED-de-65-pouces.png\" alt=\"Samsung-65\" Class S84F OLED 4K UHD Vision AI Smart Tizen TV (2025)\" width=\"auto\" height=\"auto\" loading=\"lazy\">\n                                    <\/div>\n<\/p><\/div>\n<div class=\"order-2 ml-2 hidden w-32 shrink-0 items-center md:order-1 md:ml-0 md:flex\">\n<div class=\"flex aspect-video items-center justify-center\">\n                                            <img decoding=\"async\" class=\"m-0 max-h-full max-w-full rounded-md\" src=\"https:\/\/vieassociative.be\/actualites\/wp-content\/uploads\/2026\/02\/Cest-votre-chance-dobtenir-un-televiseur-OLED-de-65-pouces.png\" alt=\"Samsung-65\" Class S84F OLED 4K UHD Vision AI Smart Tizen TV (2025)\" width=\"auto\" height=\"auto\" loading=\"lazy\">\n                                    <\/div>\n<\/p><\/div>\n<div class=\"order-3 flex grow flex-wrap md:hidden md:grow-0\">\n<div class=\"mt-4 w-full\">\n                        <button class=\"flex justify-center items-center w-full bg-brand-green text-white text-base font-sans font-medium rounded-md hover:bg-brand-green-700 hover:cursor-pointer md:text-sm h-11\"><\/p>\n<p>    Obtenez une offre<br \/>\n<\/button>\n                    <\/div>\n<div class=\"mx-2 mt-4 w-full\">\n<div class=\" font-sans leading-4 text-black\">\n<div class=\"flex flex-wrap items-center justify-center gap-1 md:justify-start\">\n        <span class=\"font-bold\"><\/p>\n<p>            899,99\u00a0$<br \/>\n                            <span class=\"font-medium\">chez Best Buy<\/span><br \/>\n                    <\/span>\n            <\/div>\n<div class=\"flex items-center justify-center gap-x-1 font-bold md:justify-start\">\n            <span class=\"text-sm line-through\">1\u00a0999,99\u00a0$<\/span><br \/>\n            <span class=\"text-sm text-brand-green\">\u00c9conomisez 1\u00a0100,00\u00a0$<\/span>\n        <\/div>\n<\/p><\/div>\n<\/p><\/div>\n<\/p><\/div>\n<\/p><\/div>\n<\/div>\n<p>La derni\u00e8re fois que cette offre a eu lieu, c&rsquo;\u00e9tait lors des soldes de No\u00ebl, et avant cela, lors du Black Friday. Donc, si vous lisez ceci apr\u00e8s la fin de la vente, vous reverrez probablement l&rsquo;accord lors d&rsquo;une vente future importante. Si vous n&rsquo;avez jamais poss\u00e9d\u00e9 d&rsquo;OLED auparavant, vous devez savoir certaines choses pour vous assurer qu&rsquo;il vous convient. Le plus important est peut-\u00eatre que vous remarquerez qu\u2019ils ne sont pas aussi lumineux que les QLED ou les t\u00e9l\u00e9viseurs LED. Puisqu&rsquo;il s&rsquo;agit d&rsquo;un OLED d&rsquo;entr\u00e9e de gamme, il ne dispose pas de la technologie de points quantiques, qui offre une luminosit\u00e9 un peu plus \u00e9lev\u00e9e. Une autre fonctionnalit\u00e9 manquante que vous devez savoir est qu&rsquo;il n&rsquo;y a pas de support Dolby Vision. Mais c\u2019est l\u00e0 que s\u2019arr\u00eatent les inconv\u00e9nients.<\/p>\n<p>Le S84F offre les m\u00eames niveaux de noir presque parfaits que vous pouvez attendre des t\u00e9l\u00e9viseurs OLED, ce qui rend le contraste incroyable. La gradation au niveau des pixels sera \u00e9galement comparable \u00e0 celle des autres OLED haut de gamme, tout comme les angles de vision larges, afin que plusieurs personnes puissent profiter des couleurs. Ce t\u00e9l\u00e9viseur offre \u00e9galement d&rsquo;excellentes fonctionnalit\u00e9s pour les joueurs, notamment des jeux 4K \u00e0 120 Hz sur tous ses ports HDMI 2.1, un taux de rafra\u00eechissement variable et un mode de latence automatique faible. <\/p>\n<p>Les t\u00e9l\u00e9viseurs OLED ne sont normalement pas sous un grand prix, en particulier les mod\u00e8les plus r\u00e9cents comme celui de 2025 \u00e0 65 pouces. Il s\u2019agit d\u2019un rapport qualit\u00e9-prix incroyable pour tous ceux qui cherchent \u00e0 b\u00e9n\u00e9ficier d\u2019un affichage OLED haut de gamme ou pour tous ceux qui cherchent \u00e0 se familiariser avec la technologie.  <\/p>\n<div class=\" relative flex justify-center py-16 md:left-1\/2 md:w-(780px) md:max-w-max md:-translate-x-1\/2\">\n<div class=\"w-max text-center sm:text-left\">\n<div class=\"custom-gradient-background mb-6 rounded-md p-(2px) sm:rounded-tl-none\">\n<div class=\"flex flex-col rounded bg-white sm:rounded-tl-none\">\n                    <span class=\"-mt-4 block w-fit max-w-(calc(100%-1rem)) self-center bg-white px-3 text-center font-akshar text-xl font-medium capitalize text-gray-800 sm:max-w-(calc(100%-2.5rem)) sm:self-start sm:px-10 sm:text-left sm:text-2xl\">Nos meilleures offres technologiques approuv\u00e9es par les \u00e9diteurs en ce moment<\/span><\/p>\n<div class=\"flex flex-col gap-3 p-3 pb-4 text-sm sm:p-10 sm:pt-6 sm:text-justify sm:text-base\">\n<div>\n<p>    \u00c9couteurs sans fil \u00e0 suppression active du bruit Apple AirPods 4<\/p>\n<p>                                <span class=\"text-black\"><br \/>\n                                    \u2014<br \/>\n                                    <span class=\"font-bold\">139,99\u00a0$<\/span><br \/>\n                                    <span class=\"!text-xs italic sm:!text-sm\"><\/p>\n<p>                                        (Prix catalogue 179,00 $)<br \/>\n                                    <\/span><br \/>\n                                <\/span>\n                            <\/div>\n<div>\n<p>    Apple iPad 11&Prime; 128 Go A16 WiFi Tablette (Bleu, 2025)<\/p>\n<p>                                <span class=\"text-black\"><br \/>\n                                    \u2014<br \/>\n                                    <span class=\"font-bold\">329,00\u00a0$<\/span><br \/>\n                                    <span class=\"!text-xs italic sm:!text-sm\"><\/p>\n<p>                                        (Prix catalogue 349,00 $)<br \/>\n                                    <\/span><br \/>\n                                <\/span>\n                            <\/div>\n<div>\n<p>    Google Pixel 10a 128 Go 6,3&Prime; Smartphone d\u00e9bloqu\u00e9 + carte-cadeau de 100\u00a0$<\/p>\n<p>                                <span class=\"text-black\"><br \/>\n                                    \u2014<br \/>\n                                    <span class=\"font-bold\">499,00\u00a0$<\/span><br \/>\n                                    <span class=\"!text-xs italic sm:!text-sm\"><\/p>\n<p>                                        (Prix catalogue 599,00 $)<br \/>\n                                    <\/span><br \/>\n                                <\/span>\n                            <\/div>\n<div>\n<p>    Montre intelligente Apple Watch Series 11 (GPS 46 mm) avec bo\u00eetier en aluminium noir de jais et bracelet sport noir &#8211; M\/L. Score de sommeil, tracker d&rsquo;activit\u00e9, surveillance de la sant\u00e9, affichage permanent, r\u00e9sistant \u00e0 l&rsquo;eau<\/p>\n<p>                                <span class=\"text-black\"><br \/>\n                                    \u2014<br \/>\n                                    <span class=\"font-bold\">329,00\u00a0$<\/span><br \/>\n                                    <span class=\"!text-xs italic sm:!text-sm\"><\/p>\n<p>                                        (Prix catalogue 429,00 $)<br \/>\n                                    <\/span><br \/>\n                                <\/span>\n                            <\/div>\n<div>\n<p>    Cl\u00e9 Amazon Fire TV 4K Plus<\/p>\n<p>                                <span class=\"text-black\"><br \/>\n                                    \u2014<br \/>\n                                    <span class=\"font-bold\">29,99\u00a0$<\/span><br \/>\n                                    <span class=\"!text-xs italic sm:!text-sm\"><\/p>\n<p>                                        (Prix catalogue 49,99 $)<br \/>\n                                    <\/span><br \/>\n                                <\/span>\n                            <\/div>\n<div>\n<p>    Casque sans fil \u00e0 r\u00e9duction de bruit Bose QuietComfort<\/p>\n<p>                                <span class=\"text-black\"><br \/>\n                                    \u2014<br \/>\n                                    <span class=\"font-bold\">229,99\u00a0$<\/span><br \/>\n                                    <span class=\"!text-xs italic sm:!text-sm\"><\/p>\n<p>                                        (Prix catalogue 349,00 $)<br \/>\n                                    <\/span><br \/>\n                                <\/span>\n                            <\/div>\n<div>\n<p>    Tablette Samsung Galaxy Tab A9+ 64 Go Wi-Fi 11&Prime; (argent)<\/p>\n<p>                                <span class=\"text-black\"><br \/>\n                                    \u2014<br \/>\n                                    <span class=\"font-bold\">159,99\u00a0$<\/span><br \/>\n                                    <span class=\"!text-xs italic sm:!text-sm\"><\/p>\n<p>                                        (Prix catalogue 219,99 $)<br \/>\n                                    <\/span><br \/>\n                                <\/span>\n                            <\/div>\n<\/p><\/div>\n<\/p><\/div>\n<\/p><\/div>\n<div class=\"flex flex-col items-center justify-between text-black sm:flex-row sm:px-6\">\n                <span class=\"text-xs italic sm:ml-7 sm:text-sm\">Les offres sont s\u00e9lectionn\u00e9es par notre \u00e9quipe commerciale<\/span><\/p><\/div>\n<\/p><\/div>\n<\/p><\/div>\n","protected":false},"excerpt":{"rendered":"<p>Nous pouvons gagner une commission sur les liens sur cette page. Les prix et la disponibilit\u00e9 de l&rsquo;offre sont sujets \u00e0 changement apr\u00e8s la publication.<\/p>\n","protected":false},"author":1,"featured_media":12742,"comment_status":"","ping_status":"","sticky":false,"template":"","format":"standard","meta":{"footnotes":""},"categories":[1],"tags":[362,5810,3625,2558,1980,81,1978,8],"class_list":["post-12741","post","type-post","status-publish","format-standard","has-post-thumbnail","hentry","category-non-classe","tag-cest","tag-chance","tag-dobtenir","tag-oled","tag-pouces","tag-pour","tag-televiseur","tag-votre","generate-columns","tablet-grid-50","mobile-grid-100","grid-parent","grid-33"],"yoast_head":"<!-- This site is optimized with the Yoast SEO plugin v24.0 - https:\/\/yoast.com\/wordpress\/plugins\/seo\/ -->\n<title>C&#039;est votre chance d&#039;obtenir un t\u00e9l\u00e9viseur OLED de 65 pouces pour 900 $ | Vie Associative<\/title>\n<meta name=\"robots\" content=\"index, follow, max-snippet:-1, max-image-preview:large, max-video-preview:-1\" \/>\n<link rel=\"canonical\" href=\"https:\/\/vieassociative.be\/actualites\/cest-votre-chance-dobtenir-un-televiseur-oled-de-65-pouces-pour-900\/\" \/>\n<meta property=\"og:locale\" content=\"fr_FR\" \/>\n<meta property=\"og:type\" content=\"article\" \/>\n<meta property=\"og:title\" content=\"C&#039;est votre chance d&#039;obtenir un t\u00e9l\u00e9viseur OLED de 65 pouces pour 900 $ | Vie Associative\" \/>\n<meta property=\"og:description\" content=\"Nous pouvons gagner une commission sur les liens sur cette page. Les prix et la disponibilit\u00e9 de l&rsquo;offre sont sujets \u00e0 changement apr\u00e8s la publication.\" \/>\n<meta property=\"og:url\" content=\"https:\/\/vieassociative.be\/actualites\/cest-votre-chance-dobtenir-un-televiseur-oled-de-65-pouces-pour-900\/\" \/>\n<meta property=\"og:site_name\" content=\"Vie Associative\" \/>\n<meta property=\"article:published_time\" content=\"2026-02-21T21:17:38+00:00\" \/>\n<meta property=\"og:image\" content=\"https:\/\/vieassociative.be\/actualites\/wp-content\/uploads\/2026\/02\/Cest-votre-chance-dobtenir-un-televiseur-OLED-de-65-pouces.png\" \/>\n<meta name=\"author\" content=\"Julien\" \/>\n<meta name=\"twitter:card\" content=\"summary_large_image\" \/>\n<meta name=\"twitter:label1\" content=\"\u00c9crit par\" \/>\n\t<meta name=\"twitter:data1\" content=\"Julien\" \/>\n\t<meta name=\"twitter:label2\" content=\"Dur\u00e9e de lecture est.\" \/>\n\t<meta name=\"twitter:data2\" content=\"3 minutes\" \/>\n<script type=\"application\/ld+json\" class=\"yoast-schema-graph\">{\"@context\":\"https:\/\/schema.org\",\"@graph\":[{\"@type\":\"Article\",\"@id\":\"https:\/\/vieassociative.be\/actualites\/cest-votre-chance-dobtenir-un-televiseur-oled-de-65-pouces-pour-900\/#article\",\"isPartOf\":{\"@id\":\"https:\/\/vieassociative.be\/actualites\/cest-votre-chance-dobtenir-un-televiseur-oled-de-65-pouces-pour-900\/\"},\"author\":{\"name\":\"Julien\",\"@id\":\"https:\/\/vieassociative.be\/actualites\/#\/schema\/person\/b87ac4f82f9d4e7b7cec7395b679edc4\"},\"headline\":\"C&rsquo;est votre chance d&rsquo;obtenir un t\u00e9l\u00e9viseur OLED de 65 pouces pour 900 $\",\"datePublished\":\"2026-02-21T21:17:38+00:00\",\"dateModified\":\"2026-02-21T21:17:38+00:00\",\"mainEntityOfPage\":{\"@id\":\"https:\/\/vieassociative.be\/actualites\/cest-votre-chance-dobtenir-un-televiseur-oled-de-65-pouces-pour-900\/\"},\"wordCount\":595,\"publisher\":{\"@id\":\"https:\/\/vieassociative.be\/actualites\/#organization\"},\"image\":{\"@id\":\"https:\/\/vieassociative.be\/actualites\/cest-votre-chance-dobtenir-un-televiseur-oled-de-65-pouces-pour-900\/#primaryimage\"},\"thumbnailUrl\":\"https:\/\/vieassociative.be\/actualites\/wp-content\/uploads\/2026\/02\/1771708660_Cest-votre-chance-dobtenir-un-televiseur-OLED-de-65-pouces.png\",\"keywords\":[\"cest\",\"chance\",\"dobtenir\",\"OLED\",\"pouces\",\"pour\",\"t\u00e9l\u00e9viseur\",\"votre\"],\"inLanguage\":\"fr-BE\"},{\"@type\":\"WebPage\",\"@id\":\"https:\/\/vieassociative.be\/actualites\/cest-votre-chance-dobtenir-un-televiseur-oled-de-65-pouces-pour-900\/\",\"url\":\"https:\/\/vieassociative.be\/actualites\/cest-votre-chance-dobtenir-un-televiseur-oled-de-65-pouces-pour-900\/\",\"name\":\"C'est votre chance d'obtenir un t\u00e9l\u00e9viseur OLED de 65 pouces pour 900 $ | Vie Associative\",\"isPartOf\":{\"@id\":\"https:\/\/vieassociative.be\/actualites\/#website\"},\"primaryImageOfPage\":{\"@id\":\"https:\/\/vieassociative.be\/actualites\/cest-votre-chance-dobtenir-un-televiseur-oled-de-65-pouces-pour-900\/#primaryimage\"},\"image\":{\"@id\":\"https:\/\/vieassociative.be\/actualites\/cest-votre-chance-dobtenir-un-televiseur-oled-de-65-pouces-pour-900\/#primaryimage\"},\"thumbnailUrl\":\"https:\/\/vieassociative.be\/actualites\/wp-content\/uploads\/2026\/02\/1771708660_Cest-votre-chance-dobtenir-un-televiseur-OLED-de-65-pouces.png\",\"datePublished\":\"2026-02-21T21:17:38+00:00\",\"dateModified\":\"2026-02-21T21:17:38+00:00\",\"breadcrumb\":{\"@id\":\"https:\/\/vieassociative.be\/actualites\/cest-votre-chance-dobtenir-un-televiseur-oled-de-65-pouces-pour-900\/#breadcrumb\"},\"inLanguage\":\"fr-BE\",\"potentialAction\":[{\"@type\":\"ReadAction\",\"target\":[\"https:\/\/vieassociative.be\/actualites\/cest-votre-chance-dobtenir-un-televiseur-oled-de-65-pouces-pour-900\/\"]}]},{\"@type\":\"ImageObject\",\"inLanguage\":\"fr-BE\",\"@id\":\"https:\/\/vieassociative.be\/actualites\/cest-votre-chance-dobtenir-un-televiseur-oled-de-65-pouces-pour-900\/#primaryimage\",\"url\":\"https:\/\/vieassociative.be\/actualites\/wp-content\/uploads\/2026\/02\/1771708660_Cest-votre-chance-dobtenir-un-televiseur-OLED-de-65-pouces.png\",\"contentUrl\":\"https:\/\/vieassociative.be\/actualites\/wp-content\/uploads\/2026\/02\/1771708660_Cest-votre-chance-dobtenir-un-televiseur-OLED-de-65-pouces.png\",\"width\":1200,\"height\":675,\"caption\":\"C'est votre chance d'obtenir un t\u00e9l\u00e9viseur OLED de 65 pouces pour 900 $\"},{\"@type\":\"BreadcrumbList\",\"@id\":\"https:\/\/vieassociative.be\/actualites\/cest-votre-chance-dobtenir-un-televiseur-oled-de-65-pouces-pour-900\/#breadcrumb\",\"itemListElement\":[{\"@type\":\"ListItem\",\"position\":1,\"name\":\"Accueil\",\"item\":\"https:\/\/vieassociative.be\/actualites\/\"},{\"@type\":\"ListItem\",\"position\":2,\"name\":\"C&rsquo;est votre chance d&rsquo;obtenir un t\u00e9l\u00e9viseur OLED de 65 pouces pour 900 $\"}]},{\"@type\":\"WebSite\",\"@id\":\"https:\/\/vieassociative.be\/actualites\/#website\",\"url\":\"https:\/\/vieassociative.be\/actualites\/\",\"name\":\"Vie Associative\",\"description\":\"\",\"publisher\":{\"@id\":\"https:\/\/vieassociative.be\/actualites\/#organization\"},\"potentialAction\":[{\"@type\":\"SearchAction\",\"target\":{\"@type\":\"EntryPoint\",\"urlTemplate\":\"https:\/\/vieassociative.be\/actualites\/?s={search_term_string}\"},\"query-input\":{\"@type\":\"PropertyValueSpecification\",\"valueRequired\":true,\"valueName\":\"search_term_string\"}}],\"inLanguage\":\"fr-BE\"},{\"@type\":\"Organization\",\"@id\":\"https:\/\/vieassociative.be\/actualites\/#organization\",\"name\":\"Vie Associative\",\"url\":\"https:\/\/vieassociative.be\/actualites\/\",\"logo\":{\"@type\":\"ImageObject\",\"inLanguage\":\"fr-BE\",\"@id\":\"https:\/\/vieassociative.be\/actualites\/#\/schema\/logo\/image\/\",\"url\":\"https:\/\/vieassociative.be\/actualites\/wp-content\/uploads\/2024\/09\/cropped-vieassociative_favicon.ico.png\",\"contentUrl\":\"https:\/\/vieassociative.be\/actualites\/wp-content\/uploads\/2024\/09\/cropped-vieassociative_favicon.ico.png\",\"width\":512,\"height\":512,\"caption\":\"Vie Associative\"},\"image\":{\"@id\":\"https:\/\/vieassociative.be\/actualites\/#\/schema\/logo\/image\/\"}},{\"@type\":\"Person\",\"@id\":\"https:\/\/vieassociative.be\/actualites\/#\/schema\/person\/b87ac4f82f9d4e7b7cec7395b679edc4\",\"name\":\"Julien\",\"image\":{\"@type\":\"ImageObject\",\"inLanguage\":\"fr-BE\",\"@id\":\"https:\/\/vieassociative.be\/actualites\/#\/schema\/person\/image\/\",\"url\":\"https:\/\/vieassociative.be\/actualites\/wp-content\/uploads\/2024\/09\/vie-associative-1-150x150.jpg\",\"contentUrl\":\"https:\/\/vieassociative.be\/actualites\/wp-content\/uploads\/2024\/09\/vie-associative-1-150x150.jpg\",\"caption\":\"Julien\"},\"description\":\"Je suis Julien, r\u00e9dacteur pour Vie Associative. Passionn\u00e9 par le monde associatif depuis plus de 10 ans, j'ai \u00e0 c\u0153ur de partager des histoires inspirantes et de mettre en lumi\u00e8re les initiatives locales. Mon objectif est de sensibiliser et d'encourager l'engagement communautaire \u00e0 travers mes articles.\",\"sameAs\":[\"https:\/\/vieassociative.be\/\"]}]}<\/script>\n<!-- \/ Yoast SEO plugin. -->","yoast_head_json":{"title":"C'est votre chance d'obtenir un t\u00e9l\u00e9viseur OLED de 65 pouces pour 900 $ | Vie Associative","robots":{"index":"index","follow":"follow","max-snippet":"max-snippet:-1","max-image-preview":"max-image-preview:large","max-video-preview":"max-video-preview:-1"},"canonical":"https:\/\/vieassociative.be\/actualites\/cest-votre-chance-dobtenir-un-televiseur-oled-de-65-pouces-pour-900\/","og_locale":"fr_FR","og_type":"article","og_title":"C'est votre chance d'obtenir un t\u00e9l\u00e9viseur OLED de 65 pouces pour 900 $ | Vie Associative","og_description":"Nous pouvons gagner une commission sur les liens sur cette page. Les prix et la disponibilit\u00e9 de l&rsquo;offre sont sujets \u00e0 changement apr\u00e8s la publication.","og_url":"https:\/\/vieassociative.be\/actualites\/cest-votre-chance-dobtenir-un-televiseur-oled-de-65-pouces-pour-900\/","og_site_name":"Vie Associative","article_published_time":"2026-02-21T21:17:38+00:00","og_image":[{"url":"https:\/\/vieassociative.be\/actualites\/wp-content\/uploads\/2026\/02\/Cest-votre-chance-dobtenir-un-televiseur-OLED-de-65-pouces.png","type":"","width":"","height":""}],"author":"Julien","twitter_card":"summary_large_image","twitter_misc":{"\u00c9crit par":"Julien","Dur\u00e9e de lecture est.":"3 minutes"},"schema":{"@context":"https:\/\/schema.org","@graph":[{"@type":"Article","@id":"https:\/\/vieassociative.be\/actualites\/cest-votre-chance-dobtenir-un-televiseur-oled-de-65-pouces-pour-900\/#article","isPartOf":{"@id":"https:\/\/vieassociative.be\/actualites\/cest-votre-chance-dobtenir-un-televiseur-oled-de-65-pouces-pour-900\/"},"author":{"name":"Julien","@id":"https:\/\/vieassociative.be\/actualites\/#\/schema\/person\/b87ac4f82f9d4e7b7cec7395b679edc4"},"headline":"C&rsquo;est votre chance d&rsquo;obtenir un t\u00e9l\u00e9viseur OLED de 65 pouces pour 900 $","datePublished":"2026-02-21T21:17:38+00:00","dateModified":"2026-02-21T21:17:38+00:00","mainEntityOfPage":{"@id":"https:\/\/vieassociative.be\/actualites\/cest-votre-chance-dobtenir-un-televiseur-oled-de-65-pouces-pour-900\/"},"wordCount":595,"publisher":{"@id":"https:\/\/vieassociative.be\/actualites\/#organization"},"image":{"@id":"https:\/\/vieassociative.be\/actualites\/cest-votre-chance-dobtenir-un-televiseur-oled-de-65-pouces-pour-900\/#primaryimage"},"thumbnailUrl":"https:\/\/vieassociative.be\/actualites\/wp-content\/uploads\/2026\/02\/1771708660_Cest-votre-chance-dobtenir-un-televiseur-OLED-de-65-pouces.png","keywords":["cest","chance","dobtenir","OLED","pouces","pour","t\u00e9l\u00e9viseur","votre"],"inLanguage":"fr-BE"},{"@type":"WebPage","@id":"https:\/\/vieassociative.be\/actualites\/cest-votre-chance-dobtenir-un-televiseur-oled-de-65-pouces-pour-900\/","url":"https:\/\/vieassociative.be\/actualites\/cest-votre-chance-dobtenir-un-televiseur-oled-de-65-pouces-pour-900\/","name":"C'est votre chance d'obtenir un t\u00e9l\u00e9viseur OLED de 65 pouces pour 900 $ | Vie Associative","isPartOf":{"@id":"https:\/\/vieassociative.be\/actualites\/#website"},"primaryImageOfPage":{"@id":"https:\/\/vieassociative.be\/actualites\/cest-votre-chance-dobtenir-un-televiseur-oled-de-65-pouces-pour-900\/#primaryimage"},"image":{"@id":"https:\/\/vieassociative.be\/actualites\/cest-votre-chance-dobtenir-un-televiseur-oled-de-65-pouces-pour-900\/#primaryimage"},"thumbnailUrl":"https:\/\/vieassociative.be\/actualites\/wp-content\/uploads\/2026\/02\/1771708660_Cest-votre-chance-dobtenir-un-televiseur-OLED-de-65-pouces.png","datePublished":"2026-02-21T21:17:38+00:00","dateModified":"2026-02-21T21:17:38+00:00","breadcrumb":{"@id":"https:\/\/vieassociative.be\/actualites\/cest-votre-chance-dobtenir-un-televiseur-oled-de-65-pouces-pour-900\/#breadcrumb"},"inLanguage":"fr-BE","potentialAction":[{"@type":"ReadAction","target":["https:\/\/vieassociative.be\/actualites\/cest-votre-chance-dobtenir-un-televiseur-oled-de-65-pouces-pour-900\/"]}]},{"@type":"ImageObject","inLanguage":"fr-BE","@id":"https:\/\/vieassociative.be\/actualites\/cest-votre-chance-dobtenir-un-televiseur-oled-de-65-pouces-pour-900\/#primaryimage","url":"https:\/\/vieassociative.be\/actualites\/wp-content\/uploads\/2026\/02\/1771708660_Cest-votre-chance-dobtenir-un-televiseur-OLED-de-65-pouces.png","contentUrl":"https:\/\/vieassociative.be\/actualites\/wp-content\/uploads\/2026\/02\/1771708660_Cest-votre-chance-dobtenir-un-televiseur-OLED-de-65-pouces.png","width":1200,"height":675,"caption":"C'est votre chance d'obtenir un t\u00e9l\u00e9viseur OLED de 65 pouces pour 900 $"},{"@type":"BreadcrumbList","@id":"https:\/\/vieassociative.be\/actualites\/cest-votre-chance-dobtenir-un-televiseur-oled-de-65-pouces-pour-900\/#breadcrumb","itemListElement":[{"@type":"ListItem","position":1,"name":"Accueil","item":"https:\/\/vieassociative.be\/actualites\/"},{"@type":"ListItem","position":2,"name":"C&rsquo;est votre chance d&rsquo;obtenir un t\u00e9l\u00e9viseur OLED de 65 pouces pour 900 $"}]},{"@type":"WebSite","@id":"https:\/\/vieassociative.be\/actualites\/#website","url":"https:\/\/vieassociative.be\/actualites\/","name":"Vie Associative","description":"","publisher":{"@id":"https:\/\/vieassociative.be\/actualites\/#organization"},"potentialAction":[{"@type":"SearchAction","target":{"@type":"EntryPoint","urlTemplate":"https:\/\/vieassociative.be\/actualites\/?s={search_term_string}"},"query-input":{"@type":"PropertyValueSpecification","valueRequired":true,"valueName":"search_term_string"}}],"inLanguage":"fr-BE"},{"@type":"Organization","@id":"https:\/\/vieassociative.be\/actualites\/#organization","name":"Vie Associative","url":"https:\/\/vieassociative.be\/actualites\/","logo":{"@type":"ImageObject","inLanguage":"fr-BE","@id":"https:\/\/vieassociative.be\/actualites\/#\/schema\/logo\/image\/","url":"https:\/\/vieassociative.be\/actualites\/wp-content\/uploads\/2024\/09\/cropped-vieassociative_favicon.ico.png","contentUrl":"https:\/\/vieassociative.be\/actualites\/wp-content\/uploads\/2024\/09\/cropped-vieassociative_favicon.ico.png","width":512,"height":512,"caption":"Vie Associative"},"image":{"@id":"https:\/\/vieassociative.be\/actualites\/#\/schema\/logo\/image\/"}},{"@type":"Person","@id":"https:\/\/vieassociative.be\/actualites\/#\/schema\/person\/b87ac4f82f9d4e7b7cec7395b679edc4","name":"Julien","image":{"@type":"ImageObject","inLanguage":"fr-BE","@id":"https:\/\/vieassociative.be\/actualites\/#\/schema\/person\/image\/","url":"https:\/\/vieassociative.be\/actualites\/wp-content\/uploads\/2024\/09\/vie-associative-1-150x150.jpg","contentUrl":"https:\/\/vieassociative.be\/actualites\/wp-content\/uploads\/2024\/09\/vie-associative-1-150x150.jpg","caption":"Julien"},"description":"Je suis Julien, r\u00e9dacteur pour Vie Associative. Passionn\u00e9 par le monde associatif depuis plus de 10 ans, j'ai \u00e0 c\u0153ur de partager des histoires inspirantes et de mettre en lumi\u00e8re les initiatives locales. Mon objectif est de sensibiliser et d'encourager l'engagement communautaire \u00e0 travers mes articles.","sameAs":["https:\/\/vieassociative.be\/"]}]}},"_links":{"self":[{"href":"https:\/\/vieassociative.be\/actualites\/wp-json\/wp\/v2\/posts\/12741"}],"collection":[{"href":"https:\/\/vieassociative.be\/actualites\/wp-json\/wp\/v2\/posts"}],"about":[{"href":"https:\/\/vieassociative.be\/actualites\/wp-json\/wp\/v2\/types\/post"}],"author":[{"embeddable":true,"href":"https:\/\/vieassociative.be\/actualites\/wp-json\/wp\/v2\/users\/1"}],"replies":[{"embeddable":true,"href":"https:\/\/vieassociative.be\/actualites\/wp-json\/wp\/v2\/comments?post=12741"}],"version-history":[{"count":0,"href":"https:\/\/vieassociative.be\/actualites\/wp-json\/wp\/v2\/posts\/12741\/revisions"}],"wp:featuredmedia":[{"embeddable":true,"href":"https:\/\/vieassociative.be\/actualites\/wp-json\/wp\/v2\/media\/12742"}],"wp:attachment":[{"href":"https:\/\/vieassociative.be\/actualites\/wp-json\/wp\/v2\/media?parent=12741"}],"wp:term":[{"taxonomy":"category","embeddable":true,"href":"https:\/\/vieassociative.be\/actualites\/wp-json\/wp\/v2\/categories?post=12741"},{"taxonomy":"post_tag","embeddable":true,"href":"https:\/\/vieassociative.be\/actualites\/wp-json\/wp\/v2\/tags?post=12741"}],"curies":[{"name":"wp","href":"https:\/\/api.w.org\/{rel}","templated":true}]}}