{"id":12740,"date":"2026-02-21T17:17:38","date_gmt":"2026-02-21T16:17:38","guid":{"rendered":"https:\/\/vieassociative.be\/actualites\/as-a-encore-une-finale-contre-les-francs-borains\/"},"modified":"2026-02-21T17:17:38","modified_gmt":"2026-02-21T16:17:38","slug":"as-a-encore-une-finale-contre-les-francs-borains","status":"publish","type":"post","link":"https:\/\/vieassociative.be\/actualites\/as-a-encore-une-finale-contre-les-francs-borains\/","title":{"rendered":"AS a encore une \u00ab finale \u00bb contre les Francs Borains"},"content":{"rendered":"<p><strong>Comme avant le match du 7 f\u00e9vrier contre le KV Courtrai, l&rsquo;\u00e9quipe de football de deuxi\u00e8me division de l&rsquo;AS Eupen est vou\u00e9e \u00e0 s&rsquo;imposer ce samedi soir face \u00e0 l&rsquo;\u00e9quipe des Francs Borains.<\/strong><\/p>\n<p><span id=\"more-437140\"><\/span>Ce n&rsquo;est qu&rsquo;avec une victoire que les Noirs et Blancs pourront conserver leurs chances de se classer dans le top 6 et dans les \u00e9liminatoires de promotion. Eupen est actuellement \u00e0 8 points du SK Lommel, sixi\u00e8me, et \u00e0 9 points du FC L\u00fcttich et du Patro Eisden. Cependant, Lommel et Eisden ont jou\u00e9 un match de plus qu&rsquo;Eupen, et le FC Li\u00e8ge en a m\u00eame jou\u00e9 deux.<\/p>\n<p>Le capitaine de l&rsquo;\u00e9quipe, Rune Paeshuyse, a d\u00e9clar\u00e9 vendredi : \u00ab\u00a0Au niveau du classement, nous disputerons pratiquement 9 finales pour le top 6 d&rsquo;ici la fin de la saison. Le dernier match aura lieu au RFC Li\u00e8ge, donc ce serait bien si nous avions tout mis au clair d&rsquo;ici l\u00e0. Pour cela, nous devons d\u00e9sormais gagner presque tous les matchs.\u00a0\u00bb C&rsquo;est exactement comme \u00e7a.<\/p>\n<div id=\"attachment_239126\" class=\"wp-caption alignleft\" style=\"max-width: 300px\"><img fetchpriority=\"high\" decoding=\"async\" class=\"wp-image-239126 size-medium\" src=\"https:\/\/vieassociative.be\/actualites\/wp-content\/uploads\/2026\/02\/AS-a-encore-une-finale-contre-les-Francs.jpeg\" alt=\"\" width=\"300\" height=\"200\"><\/div>\n<p>AS a \u00e9t\u00e9 encourag\u00e9 non seulement par la victoire contre le KV Courtrai, deuxi\u00e8me, le 7 f\u00e9vrier, mais aussi par la visite la semaine derni\u00e8re du puissant pr\u00e9sident du Paris Saint-Germain, Nasser al-Khela\u00effi, et du conseiller sportif du PSG, Luis Campos. \u00ab\u00a0Pour nous tous, cette rencontre \u00e9tait associ\u00e9e au message selon lequel notre nouveau propri\u00e9taire s&rsquo;int\u00e9resse \u00e0 nous au plus haut niveau et que la KAS Eupen est une partie importante du groupe QSI. C&rsquo;est pourquoi j&rsquo;ai \u00e9t\u00e9 tr\u00e8s heureux de la visite \u00e0 notre vestiaire\u00a0\u00bb, a d\u00e9clar\u00e9 l&rsquo;entra\u00eeneur Bruno Pinheiro sur le site Internet d&rsquo;AS.<\/p>\n<p>Lors du match contre les Francs Borains (20h \/ en direct sur l&rsquo;application DAZN), l&rsquo;AS Eupen devra se passer de trois joueurs cl\u00e9s : Logan Delaurier-Chabet, d\u00e9j\u00e0 bless\u00e9 lors du match contre Courtrai, Nicolas Gavory et Kevin M\u00f6hwald ne feront pas partie du groupe en raison de leurs blessures. L&rsquo;attaquant Isaac Nuhu, suspendu contre Courtrai, est de nouveau disponible. <\/p>\n<p>Les Francs Borains occupent la 13\u00e8me place du classement de la Challenger Pro League. Son pr\u00e9sident est le chef actif des lib\u00e9raux francophones, Georges-Louis Bouchez. (cr\u00e9er)<\/p>\n","protected":false},"excerpt":{"rendered":"<p>Comme avant le match du 7 f\u00e9vrier contre le KV Courtrai, l&rsquo;\u00e9quipe de football de deuxi\u00e8me division de l&rsquo;AS Eupen est vou\u00e9e \u00e0 s&rsquo;imposer ce<\/p>\n","protected":false},"author":1,"featured_media":10021,"comment_status":"","ping_status":"","sticky":false,"template":"","format":"standard","meta":{"footnotes":""},"categories":[298],"tags":[3871,796,592,879,3870,14,110],"class_list":["post-12740","post","type-post","status-publish","format-standard","has-post-thumbnail","hentry","category-belgique","tag-borains","tag-contre","tag-encore","tag-finale","tag-francs","tag-les","tag-une","generate-columns","tablet-grid-50","mobile-grid-100","grid-parent","grid-33"],"yoast_head":"<!-- This site is optimized with the Yoast SEO plugin v24.0 - https:\/\/yoast.com\/wordpress\/plugins\/seo\/ -->\n<title>AS a encore une \u00ab finale \u00bb contre les Francs Borains | Vie Associative<\/title>\n<meta name=\"robots\" content=\"index, follow, max-snippet:-1, max-image-preview:large, max-video-preview:-1\" \/>\n<link rel=\"canonical\" href=\"https:\/\/vieassociative.be\/actualites\/as-a-encore-une-finale-contre-les-francs-borains\/\" \/>\n<meta property=\"og:locale\" content=\"fr_FR\" \/>\n<meta property=\"og:type\" content=\"article\" \/>\n<meta property=\"og:title\" content=\"AS a encore une \u00ab finale \u00bb contre les Francs Borains | Vie Associative\" \/>\n<meta property=\"og:description\" content=\"Comme avant le match du 7 f\u00e9vrier contre le KV Courtrai, l&rsquo;\u00e9quipe de football de deuxi\u00e8me division de l&rsquo;AS Eupen est vou\u00e9e \u00e0 s&rsquo;imposer ce\" \/>\n<meta property=\"og:url\" content=\"https:\/\/vieassociative.be\/actualites\/as-a-encore-une-finale-contre-les-francs-borains\/\" \/>\n<meta property=\"og:site_name\" content=\"Vie Associative\" \/>\n<meta property=\"article:published_time\" content=\"2026-02-21T16:17:38+00:00\" \/>\n<meta property=\"og:image\" content=\"https:\/\/vieassociative.be\/actualites\/wp-content\/uploads\/2024\/09\/header_backgroundk-01-e1726694325946.png\" \/>\n\t<meta property=\"og:image:width\" content=\"279\" \/>\n\t<meta property=\"og:image:height\" content=\"92\" \/>\n\t<meta property=\"og:image:type\" content=\"image\/png\" \/>\n<meta name=\"author\" content=\"Julien\" \/>\n<meta name=\"twitter:card\" content=\"summary_large_image\" \/>\n<meta name=\"twitter:label1\" content=\"\u00c9crit par\" \/>\n\t<meta name=\"twitter:data1\" content=\"Julien\" \/>\n\t<meta name=\"twitter:label2\" content=\"Dur\u00e9e de lecture est.\" \/>\n\t<meta name=\"twitter:data2\" content=\"2 minutes\" \/>\n<script type=\"application\/ld+json\" class=\"yoast-schema-graph\">{\"@context\":\"https:\/\/schema.org\",\"@graph\":[{\"@type\":\"Article\",\"@id\":\"https:\/\/vieassociative.be\/actualites\/as-a-encore-une-finale-contre-les-francs-borains\/#article\",\"isPartOf\":{\"@id\":\"https:\/\/vieassociative.be\/actualites\/as-a-encore-une-finale-contre-les-francs-borains\/\"},\"author\":{\"name\":\"Julien\",\"@id\":\"https:\/\/vieassociative.be\/actualites\/#\/schema\/person\/b87ac4f82f9d4e7b7cec7395b679edc4\"},\"headline\":\"AS a encore une \u00ab finale \u00bb contre les Francs Borains\",\"datePublished\":\"2026-02-21T16:17:38+00:00\",\"dateModified\":\"2026-02-21T16:17:38+00:00\",\"mainEntityOfPage\":{\"@id\":\"https:\/\/vieassociative.be\/actualites\/as-a-encore-une-finale-contre-les-francs-borains\/\"},\"wordCount\":385,\"publisher\":{\"@id\":\"https:\/\/vieassociative.be\/actualites\/#organization\"},\"image\":{\"@id\":\"https:\/\/vieassociative.be\/actualites\/as-a-encore-une-finale-contre-les-francs-borains\/#primaryimage\"},\"thumbnailUrl\":\"https:\/\/vieassociative.be\/actualites\/wp-content\/uploads\/2025\/09\/1757794630_30.jpg\",\"keywords\":[\"Borains\",\"contre\",\"encore\",\"finale\",\"Francs\",\"Les\",\"une\"],\"articleSection\":[\"Belgique\"],\"inLanguage\":\"fr-BE\"},{\"@type\":\"WebPage\",\"@id\":\"https:\/\/vieassociative.be\/actualites\/as-a-encore-une-finale-contre-les-francs-borains\/\",\"url\":\"https:\/\/vieassociative.be\/actualites\/as-a-encore-une-finale-contre-les-francs-borains\/\",\"name\":\"AS a encore une \u00ab finale \u00bb contre les Francs Borains | Vie Associative\",\"isPartOf\":{\"@id\":\"https:\/\/vieassociative.be\/actualites\/#website\"},\"primaryImageOfPage\":{\"@id\":\"https:\/\/vieassociative.be\/actualites\/as-a-encore-une-finale-contre-les-francs-borains\/#primaryimage\"},\"image\":{\"@id\":\"https:\/\/vieassociative.be\/actualites\/as-a-encore-une-finale-contre-les-francs-borains\/#primaryimage\"},\"thumbnailUrl\":\"https:\/\/vieassociative.be\/actualites\/wp-content\/uploads\/2025\/09\/1757794630_30.jpg\",\"datePublished\":\"2026-02-21T16:17:38+00:00\",\"dateModified\":\"2026-02-21T16:17:38+00:00\",\"breadcrumb\":{\"@id\":\"https:\/\/vieassociative.be\/actualites\/as-a-encore-une-finale-contre-les-francs-borains\/#breadcrumb\"},\"inLanguage\":\"fr-BE\",\"potentialAction\":[{\"@type\":\"ReadAction\",\"target\":[\"https:\/\/vieassociative.be\/actualites\/as-a-encore-une-finale-contre-les-francs-borains\/\"]}]},{\"@type\":\"ImageObject\",\"inLanguage\":\"fr-BE\",\"@id\":\"https:\/\/vieassociative.be\/actualites\/as-a-encore-une-finale-contre-les-francs-borains\/#primaryimage\",\"url\":\"https:\/\/vieassociative.be\/actualites\/wp-content\/uploads\/2025\/09\/1757794630_30.jpg\",\"contentUrl\":\"https:\/\/vieassociative.be\/actualites\/wp-content\/uploads\/2025\/09\/1757794630_30.jpg\",\"width\":1200,\"height\":710,\"caption\":\"3\/0\"},{\"@type\":\"BreadcrumbList\",\"@id\":\"https:\/\/vieassociative.be\/actualites\/as-a-encore-une-finale-contre-les-francs-borains\/#breadcrumb\",\"itemListElement\":[{\"@type\":\"ListItem\",\"position\":1,\"name\":\"Accueil\",\"item\":\"https:\/\/vieassociative.be\/actualites\/\"},{\"@type\":\"ListItem\",\"position\":2,\"name\":\"AS a encore une \u00ab finale \u00bb contre les Francs Borains\"}]},{\"@type\":\"WebSite\",\"@id\":\"https:\/\/vieassociative.be\/actualites\/#website\",\"url\":\"https:\/\/vieassociative.be\/actualites\/\",\"name\":\"Vie Associative\",\"description\":\"\",\"publisher\":{\"@id\":\"https:\/\/vieassociative.be\/actualites\/#organization\"},\"potentialAction\":[{\"@type\":\"SearchAction\",\"target\":{\"@type\":\"EntryPoint\",\"urlTemplate\":\"https:\/\/vieassociative.be\/actualites\/?s={search_term_string}\"},\"query-input\":{\"@type\":\"PropertyValueSpecification\",\"valueRequired\":true,\"valueName\":\"search_term_string\"}}],\"inLanguage\":\"fr-BE\"},{\"@type\":\"Organization\",\"@id\":\"https:\/\/vieassociative.be\/actualites\/#organization\",\"name\":\"Vie Associative\",\"url\":\"https:\/\/vieassociative.be\/actualites\/\",\"logo\":{\"@type\":\"ImageObject\",\"inLanguage\":\"fr-BE\",\"@id\":\"https:\/\/vieassociative.be\/actualites\/#\/schema\/logo\/image\/\",\"url\":\"https:\/\/vieassociative.be\/actualites\/wp-content\/uploads\/2024\/09\/cropped-vieassociative_favicon.ico.png\",\"contentUrl\":\"https:\/\/vieassociative.be\/actualites\/wp-content\/uploads\/2024\/09\/cropped-vieassociative_favicon.ico.png\",\"width\":512,\"height\":512,\"caption\":\"Vie Associative\"},\"image\":{\"@id\":\"https:\/\/vieassociative.be\/actualites\/#\/schema\/logo\/image\/\"}},{\"@type\":\"Person\",\"@id\":\"https:\/\/vieassociative.be\/actualites\/#\/schema\/person\/b87ac4f82f9d4e7b7cec7395b679edc4\",\"name\":\"Julien\",\"image\":{\"@type\":\"ImageObject\",\"inLanguage\":\"fr-BE\",\"@id\":\"https:\/\/vieassociative.be\/actualites\/#\/schema\/person\/image\/\",\"url\":\"https:\/\/vieassociative.be\/actualites\/wp-content\/uploads\/2024\/09\/vie-associative-1-150x150.jpg\",\"contentUrl\":\"https:\/\/vieassociative.be\/actualites\/wp-content\/uploads\/2024\/09\/vie-associative-1-150x150.jpg\",\"caption\":\"Julien\"},\"description\":\"Je suis Julien, r\u00e9dacteur pour Vie Associative. Passionn\u00e9 par le monde associatif depuis plus de 10 ans, j'ai \u00e0 c\u0153ur de partager des histoires inspirantes et de mettre en lumi\u00e8re les initiatives locales. Mon objectif est de sensibiliser et d'encourager l'engagement communautaire \u00e0 travers mes articles.\",\"sameAs\":[\"https:\/\/vieassociative.be\/\"]}]}<\/script>\n<!-- \/ Yoast SEO plugin. -->","yoast_head_json":{"title":"AS a encore une \u00ab finale \u00bb contre les Francs Borains | Vie Associative","robots":{"index":"index","follow":"follow","max-snippet":"max-snippet:-1","max-image-preview":"max-image-preview:large","max-video-preview":"max-video-preview:-1"},"canonical":"https:\/\/vieassociative.be\/actualites\/as-a-encore-une-finale-contre-les-francs-borains\/","og_locale":"fr_FR","og_type":"article","og_title":"AS a encore une \u00ab finale \u00bb contre les Francs Borains | Vie Associative","og_description":"Comme avant le match du 7 f\u00e9vrier contre le KV Courtrai, l&rsquo;\u00e9quipe de football de deuxi\u00e8me division de l&rsquo;AS Eupen est vou\u00e9e \u00e0 s&rsquo;imposer ce","og_url":"https:\/\/vieassociative.be\/actualites\/as-a-encore-une-finale-contre-les-francs-borains\/","og_site_name":"Vie Associative","article_published_time":"2026-02-21T16:17:38+00:00","og_image":[{"width":279,"height":92,"url":"https:\/\/vieassociative.be\/actualites\/wp-content\/uploads\/2024\/09\/header_backgroundk-01-e1726694325946.png","type":"image\/png"}],"author":"Julien","twitter_card":"summary_large_image","twitter_misc":{"\u00c9crit par":"Julien","Dur\u00e9e de lecture est.":"2 minutes"},"schema":{"@context":"https:\/\/schema.org","@graph":[{"@type":"Article","@id":"https:\/\/vieassociative.be\/actualites\/as-a-encore-une-finale-contre-les-francs-borains\/#article","isPartOf":{"@id":"https:\/\/vieassociative.be\/actualites\/as-a-encore-une-finale-contre-les-francs-borains\/"},"author":{"name":"Julien","@id":"https:\/\/vieassociative.be\/actualites\/#\/schema\/person\/b87ac4f82f9d4e7b7cec7395b679edc4"},"headline":"AS a encore une \u00ab finale \u00bb contre les Francs Borains","datePublished":"2026-02-21T16:17:38+00:00","dateModified":"2026-02-21T16:17:38+00:00","mainEntityOfPage":{"@id":"https:\/\/vieassociative.be\/actualites\/as-a-encore-une-finale-contre-les-francs-borains\/"},"wordCount":385,"publisher":{"@id":"https:\/\/vieassociative.be\/actualites\/#organization"},"image":{"@id":"https:\/\/vieassociative.be\/actualites\/as-a-encore-une-finale-contre-les-francs-borains\/#primaryimage"},"thumbnailUrl":"https:\/\/vieassociative.be\/actualites\/wp-content\/uploads\/2025\/09\/1757794630_30.jpg","keywords":["Borains","contre","encore","finale","Francs","Les","une"],"articleSection":["Belgique"],"inLanguage":"fr-BE"},{"@type":"WebPage","@id":"https:\/\/vieassociative.be\/actualites\/as-a-encore-une-finale-contre-les-francs-borains\/","url":"https:\/\/vieassociative.be\/actualites\/as-a-encore-une-finale-contre-les-francs-borains\/","name":"AS a encore une \u00ab finale \u00bb contre les Francs Borains | Vie Associative","isPartOf":{"@id":"https:\/\/vieassociative.be\/actualites\/#website"},"primaryImageOfPage":{"@id":"https:\/\/vieassociative.be\/actualites\/as-a-encore-une-finale-contre-les-francs-borains\/#primaryimage"},"image":{"@id":"https:\/\/vieassociative.be\/actualites\/as-a-encore-une-finale-contre-les-francs-borains\/#primaryimage"},"thumbnailUrl":"https:\/\/vieassociative.be\/actualites\/wp-content\/uploads\/2025\/09\/1757794630_30.jpg","datePublished":"2026-02-21T16:17:38+00:00","dateModified":"2026-02-21T16:17:38+00:00","breadcrumb":{"@id":"https:\/\/vieassociative.be\/actualites\/as-a-encore-une-finale-contre-les-francs-borains\/#breadcrumb"},"inLanguage":"fr-BE","potentialAction":[{"@type":"ReadAction","target":["https:\/\/vieassociative.be\/actualites\/as-a-encore-une-finale-contre-les-francs-borains\/"]}]},{"@type":"ImageObject","inLanguage":"fr-BE","@id":"https:\/\/vieassociative.be\/actualites\/as-a-encore-une-finale-contre-les-francs-borains\/#primaryimage","url":"https:\/\/vieassociative.be\/actualites\/wp-content\/uploads\/2025\/09\/1757794630_30.jpg","contentUrl":"https:\/\/vieassociative.be\/actualites\/wp-content\/uploads\/2025\/09\/1757794630_30.jpg","width":1200,"height":710,"caption":"3\/0"},{"@type":"BreadcrumbList","@id":"https:\/\/vieassociative.be\/actualites\/as-a-encore-une-finale-contre-les-francs-borains\/#breadcrumb","itemListElement":[{"@type":"ListItem","position":1,"name":"Accueil","item":"https:\/\/vieassociative.be\/actualites\/"},{"@type":"ListItem","position":2,"name":"AS a encore une \u00ab finale \u00bb contre les Francs Borains"}]},{"@type":"WebSite","@id":"https:\/\/vieassociative.be\/actualites\/#website","url":"https:\/\/vieassociative.be\/actualites\/","name":"Vie Associative","description":"","publisher":{"@id":"https:\/\/vieassociative.be\/actualites\/#organization"},"potentialAction":[{"@type":"SearchAction","target":{"@type":"EntryPoint","urlTemplate":"https:\/\/vieassociative.be\/actualites\/?s={search_term_string}"},"query-input":{"@type":"PropertyValueSpecification","valueRequired":true,"valueName":"search_term_string"}}],"inLanguage":"fr-BE"},{"@type":"Organization","@id":"https:\/\/vieassociative.be\/actualites\/#organization","name":"Vie Associative","url":"https:\/\/vieassociative.be\/actualites\/","logo":{"@type":"ImageObject","inLanguage":"fr-BE","@id":"https:\/\/vieassociative.be\/actualites\/#\/schema\/logo\/image\/","url":"https:\/\/vieassociative.be\/actualites\/wp-content\/uploads\/2024\/09\/cropped-vieassociative_favicon.ico.png","contentUrl":"https:\/\/vieassociative.be\/actualites\/wp-content\/uploads\/2024\/09\/cropped-vieassociative_favicon.ico.png","width":512,"height":512,"caption":"Vie Associative"},"image":{"@id":"https:\/\/vieassociative.be\/actualites\/#\/schema\/logo\/image\/"}},{"@type":"Person","@id":"https:\/\/vieassociative.be\/actualites\/#\/schema\/person\/b87ac4f82f9d4e7b7cec7395b679edc4","name":"Julien","image":{"@type":"ImageObject","inLanguage":"fr-BE","@id":"https:\/\/vieassociative.be\/actualites\/#\/schema\/person\/image\/","url":"https:\/\/vieassociative.be\/actualites\/wp-content\/uploads\/2024\/09\/vie-associative-1-150x150.jpg","contentUrl":"https:\/\/vieassociative.be\/actualites\/wp-content\/uploads\/2024\/09\/vie-associative-1-150x150.jpg","caption":"Julien"},"description":"Je suis Julien, r\u00e9dacteur pour Vie Associative. Passionn\u00e9 par le monde associatif depuis plus de 10 ans, j'ai \u00e0 c\u0153ur de partager des histoires inspirantes et de mettre en lumi\u00e8re les initiatives locales. Mon objectif est de sensibiliser et d'encourager l'engagement communautaire \u00e0 travers mes articles.","sameAs":["https:\/\/vieassociative.be\/"]}]}},"_links":{"self":[{"href":"https:\/\/vieassociative.be\/actualites\/wp-json\/wp\/v2\/posts\/12740"}],"collection":[{"href":"https:\/\/vieassociative.be\/actualites\/wp-json\/wp\/v2\/posts"}],"about":[{"href":"https:\/\/vieassociative.be\/actualites\/wp-json\/wp\/v2\/types\/post"}],"author":[{"embeddable":true,"href":"https:\/\/vieassociative.be\/actualites\/wp-json\/wp\/v2\/users\/1"}],"replies":[{"embeddable":true,"href":"https:\/\/vieassociative.be\/actualites\/wp-json\/wp\/v2\/comments?post=12740"}],"version-history":[{"count":0,"href":"https:\/\/vieassociative.be\/actualites\/wp-json\/wp\/v2\/posts\/12740\/revisions"}],"wp:featuredmedia":[{"embeddable":true,"href":"https:\/\/vieassociative.be\/actualites\/wp-json\/wp\/v2\/media\/10021"}],"wp:attachment":[{"href":"https:\/\/vieassociative.be\/actualites\/wp-json\/wp\/v2\/media?parent=12740"}],"wp:term":[{"taxonomy":"category","embeddable":true,"href":"https:\/\/vieassociative.be\/actualites\/wp-json\/wp\/v2\/categories?post=12740"},{"taxonomy":"post_tag","embeddable":true,"href":"https:\/\/vieassociative.be\/actualites\/wp-json\/wp\/v2\/tags?post=12740"}],"curies":[{"name":"wp","href":"https:\/\/api.w.org\/{rel}","templated":true}]}}