{"id":12738,"date":"2026-02-21T16:18:14","date_gmt":"2026-02-21T15:18:14","guid":{"rendered":"https:\/\/vieassociative.be\/actualites\/google-chrome-propose-desormais-une-vue-partagee-et-deux-nouvelles-fonctionnalites-de-productivite-supplementaires\/"},"modified":"2026-02-21T16:18:14","modified_gmt":"2026-02-21T15:18:14","slug":"google-chrome-propose-desormais-une-vue-partagee-et-deux-nouvelles-fonctionnalites-de-productivite-supplementaires","status":"publish","type":"post","link":"https:\/\/vieassociative.be\/actualites\/google-chrome-propose-desormais-une-vue-partagee-et-deux-nouvelles-fonctionnalites-de-productivite-supplementaires\/","title":{"rendered":"Google Chrome propose d\u00e9sormais une vue partag\u00e9e (et deux nouvelles fonctionnalit\u00e9s de productivit\u00e9 suppl\u00e9mentaires)"},"content":{"rendered":"<p>Bien que je consid\u00e8re g\u00e9n\u00e9ralement Chrome comme un navigateur mature et complet, il est formidable de voir que Google y apporte toujours des ajouts significatifs. Avec sa derni\u00e8re mise \u00e0 jour, Google Chrome pour ordinateur dispose d\u00e9sormais de trois nouvelles fonctionnalit\u00e9s de productivit\u00e9\u00a0: Split View, les annotations PDF et la possibilit\u00e9 d&rsquo;enregistrer les t\u00e9l\u00e9chargements directement sur Google Drive. Ces fonctionnalit\u00e9s s&rsquo;adressent \u00e0 la fois aux utilisateurs r\u00e9guliers et aux utilisateurs professionnels, indique la soci\u00e9t\u00e9, vous n&rsquo;avez donc pas \u00e0 vous soucier de l&rsquo;exclusivit\u00e9 de Workspace. Jetons un coup d&rsquo;\u0153il \u00e0 chaque nouvelle fonctionnalit\u00e9 et \u00e0 la meilleure fa\u00e7on de l&rsquo;utiliser.<\/p>\n<h2 id=\"split-view-lets-you-boost-your-productivity\">Split View vous permet d&rsquo;augmenter votre productivit\u00e9<\/h2>\n<div class=\"eloquent-imagery-image\">\n<div class=\"flex justify-center\">\n                    <img decoding=\"async\" class=\"border border-gray-100\" src=\"https:\/\/vieassociative.be\/actualites\/wp-content\/uploads\/2026\/02\/Google-Chrome-propose-desormais-une-vue-partagee-et-deux-nouvelles.png\" alt=\"Fonctionnalit\u00e9 Split View de Chrome.\" width=\"2000\" height=\"1125\" loading=\"lazy\">\n            <\/div>\n<div class=\"mt-2 font-akshar\">\n                            <span class=\"image-caption block text-sm leading-4 tracking-wide text-(#1F2937)\"><\/span><br \/>\n                                        <span class=\"mt-1 block font-sans text-xs tracking-normal text-gray-600\">Cr\u00e9dit : Google<\/span>\n                    <\/div>\n<\/p><\/div>\n<p>Au fil des ann\u00e9es, le navigateur Internet est devenu une sorte de super application, car il donne acc\u00e8s \u00e0 de nombreux sites et applications Web utiles. Dans Chrome, je me retrouve souvent \u00e0 prendre des notes lorsque j&rsquo;assiste \u00e0 des r\u00e9unions en ligne ou \u00e0 garder un deuxi\u00e8me onglet ouvert pour effectuer des recherches pendant que j&rsquo;\u00e9cris des articles. Pour de nombreuses personnes, un seul onglet ou une seule fen\u00eatre Chrome ne suffit plus, et dans cet esprit, Google a ajout\u00e9 Split View \u00e0 la version de bureau de son navigateur.<\/p>\n<p>Split View fusionne deux onglets et les affiche dans la m\u00eame fen\u00eatre. Vous pouvez y penser comme \u00e0 la vue en \u00e9cran partag\u00e9 dans les jeux vid\u00e9o de la vieille \u00e9cole. Vous pouvez utiliser Split View en cliquant avec le bouton droit sur n&rsquo;importe quel onglet et en s\u00e9lectionnant <strong>Ajouter un onglet \u00e0 une nouvelle vue fractionn\u00e9e<\/strong>. Pour l&rsquo;instant, Chrome vous permet d&rsquo;avoir un maximum de deux onglets c\u00f4te \u00e0 c\u00f4te dans Split View, m\u00eame si j&rsquo;esp\u00e8re que vous pourrez \u00e9ventuellement en ajouter d&rsquo;autres \u00e0 l&rsquo;avenir. Dans sa forme actuelle, la fonctionnalit\u00e9 est id\u00e9ale pour utiliser Google Docs tout en regardant une vid\u00e9o \u00e9ducative ou des cas d&rsquo;utilisation similaires \u00e0 deux onglets. Enfin, plus besoin d&rsquo;ouvrir des onglets uniques dans des fen\u00eatres s\u00e9par\u00e9es, puis de les redimensionner dans votre propre vue fractionn\u00e9e de fortune.<\/p>\n<p>Vous pouvez facilement faire glisser le curseur entre les deux onglets pour donner \u00e0 un onglet plus d&rsquo;espace sur l&rsquo;\u00e9cran qu&rsquo;\u00e0 l&rsquo;autre. Ou pour plus de contr\u00f4le, vous pouvez cliquer sur le bouton Split View \u00e0 gauche de la barre d&rsquo;adresse et s\u00e9lectionner le <strong>Organiser la vue fractionn\u00e9e<\/strong> menu (ceci est \u00e9galement disponible si vous cliquez avec le bouton droit sur les onglets fusionn\u00e9s dans votre barre d&rsquo;onglets). Il s&rsquo;agit d&rsquo;un moyen simple d&rsquo;inverser rapidement l&rsquo;ordre des deux onglets, de les s\u00e9parer ou de fermer un seul des onglets.<\/p>\n<h2 id=\"annotate-pdfs-in-chrome\">Annoter des PDF dans Chrome<\/h2>\n<div class=\"eloquent-imagery-image\">\n<div class=\"flex justify-center\">\n                    <img decoding=\"async\" class=\"border border-gray-100\" src=\"https:\/\/vieassociative.be\/actualites\/wp-content\/uploads\/2026\/02\/1771687094_665_Google-Chrome-propose-desormais-une-vue-partagee-et-deux-nouvelles.png\" alt=\"Fonctionnalit\u00e9 d'annotations PDF de Chrome, affich\u00e9e via une signature num\u00e9rique dans un PDF.\" width=\"2000\" height=\"1125\" loading=\"lazy\">\n            <\/div>\n<div class=\"mt-2 font-akshar\">\n                            <span class=\"image-caption block text-sm leading-4 tracking-wide text-(#1F2937)\"><\/span><br \/>\n                                        <span class=\"mt-1 block font-sans text-xs tracking-normal text-gray-600\">Cr\u00e9dit : Google<\/span>\n                    <\/div>\n<\/p><\/div>\n<p>Soyons honn\u00eates\u00a0: Chrome est probablement la visionneuse PDF que la plupart des gens utilisent. Peu importe le nombre d&rsquo;applications d&rsquo;\u00e9dition de PDF sophistiqu\u00e9es que mes coll\u00e8gues ou moi-m\u00eame recommandons, la plupart du temps, vous rechercherez et ouvrirez des PDF dans votre navigateur. Heureusement, vous n&rsquo;avez d\u00e9sormais plus besoin d&rsquo;utiliser une autre application pour les annotations de base. La visionneuse PDF de bureau de Chrome dispose d\u00e9sormais d&rsquo;outils permettant de surligner du texte, d&rsquo;ajouter des notes et m\u00eame de cr\u00e9er des signatures num\u00e9riques. Vous aurez toujours besoin d&rsquo;une application diff\u00e9rente pour les modifications avanc\u00e9es de PDF, mais Chrome est d\u00e9sormais suffisamment capable de g\u00e9rer les bases.<\/p>\n<h2 id=\"save-pdf-files-directly-to-google-drive\">Enregistrez des fichiers PDF directement sur Google Drive<\/h2>\n<div class=\"eloquent-imagery-image\">\n<div class=\"flex justify-center\">\n                    <img decoding=\"async\" class=\"border border-gray-100\" src=\"https:\/\/vieassociative.be\/actualites\/wp-content\/uploads\/2026\/02\/1771687094_982_Google-Chrome-propose-desormais-une-vue-partagee-et-deux-nouvelles.png\" alt=\"Fonctionnalit\u00e9 de t\u00e9l\u00e9chargement PDF de Chrome sur Google Drive.\" width=\"2000\" height=\"1125\" loading=\"lazy\">\n            <\/div>\n<div class=\"mt-2 font-akshar\">\n                            <span class=\"image-caption block text-sm leading-4 tracking-wide text-(#1F2937)\"><\/span><br \/>\n                                        <span class=\"mt-1 block font-sans text-xs tracking-normal text-gray-600\">Cr\u00e9dit : Google<\/span>\n                    <\/div>\n<\/p><\/div>\n<p>Chaque fois que vous t\u00e9l\u00e9chargez un fichier PDF \u00e0 l&rsquo;aide de Google Chrome, il est enregistr\u00e9 par d\u00e9faut dans le dossier T\u00e9l\u00e9chargements de votre ordinateur ou dans un autre emplacement de votre disque dur. Sur ordinateur, Google vous permet d\u00e9sormais d&rsquo;enregistrer ces fichiers directement sur votre compte Google Drive. Cela peut \u00eatre tr\u00e8s utile si vous souhaitez garder votre stockage local clair. Lorsque vous ouvrez un fichier PDF dans Chrome, vous verrez une ic\u00f4ne Google Drive dans la barre d&rsquo;outils, \u00e0 c\u00f4t\u00e9 du bouton de t\u00e9l\u00e9chargement. Cliquer sur l&rsquo;ic\u00f4ne Google Drive l&rsquo;enregistrera automatiquement sur le service de stockage cloud, dans un nouveau dossier appel\u00e9 \u00ab\u00a0Enregistr\u00e9 depuis Chrome\u00a0\u00bb.<\/p>\n","protected":false},"excerpt":{"rendered":"<p>Bien que je consid\u00e8re g\u00e9n\u00e9ralement Chrome comme un navigateur mature et complet, il est formidable de voir que Google y apporte toujours des ajouts significatifs.<\/p>\n","protected":false},"author":1,"featured_media":12739,"comment_status":"","ping_status":"","sticky":false,"template":"","format":"standard","meta":{"footnotes":""},"categories":[1],"tags":[2499,6,114,1216,968,1215,10077,737,1546,3099,110,3034],"class_list":["post-12738","post","type-post","status-publish","format-standard","has-post-thumbnail","hentry","category-non-classe","tag-chrome","tag-desormais","tag-deux","tag-fonctionnalites","tag-google","tag-nouvelles","tag-partagee","tag-productivite","tag-propose","tag-supplementaires","tag-une","tag-vue","generate-columns","tablet-grid-50","mobile-grid-100","grid-parent","grid-33"],"yoast_head":"<!-- This site is optimized with the Yoast SEO plugin v24.0 - https:\/\/yoast.com\/wordpress\/plugins\/seo\/ -->\n<title>Google Chrome propose d\u00e9sormais une vue partag\u00e9e (et deux nouvelles fonctionnalit\u00e9s de productivit\u00e9 suppl\u00e9mentaires) | Vie Associative<\/title>\n<meta name=\"robots\" content=\"index, follow, max-snippet:-1, max-image-preview:large, max-video-preview:-1\" \/>\n<link rel=\"canonical\" href=\"https:\/\/vieassociative.be\/actualites\/google-chrome-propose-desormais-une-vue-partagee-et-deux-nouvelles-fonctionnalites-de-productivite-supplementaires\/\" \/>\n<meta property=\"og:locale\" content=\"fr_FR\" \/>\n<meta property=\"og:type\" content=\"article\" \/>\n<meta property=\"og:title\" content=\"Google Chrome propose d\u00e9sormais une vue partag\u00e9e (et deux nouvelles fonctionnalit\u00e9s de productivit\u00e9 suppl\u00e9mentaires) | Vie Associative\" \/>\n<meta property=\"og:description\" content=\"Bien que je consid\u00e8re g\u00e9n\u00e9ralement Chrome comme un navigateur mature et complet, il est formidable de voir que Google y apporte toujours des ajouts significatifs.\" \/>\n<meta property=\"og:url\" content=\"https:\/\/vieassociative.be\/actualites\/google-chrome-propose-desormais-une-vue-partagee-et-deux-nouvelles-fonctionnalites-de-productivite-supplementaires\/\" \/>\n<meta property=\"og:site_name\" content=\"Vie Associative\" \/>\n<meta property=\"article:published_time\" content=\"2026-02-21T15:18:14+00:00\" \/>\n<meta property=\"og:image\" content=\"https:\/\/vieassociative.be\/actualites\/wp-content\/uploads\/2026\/02\/Google-Chrome-propose-desormais-une-vue-partagee-et-deux-nouvelles.png\" \/>\n<meta name=\"author\" content=\"Julien\" \/>\n<meta name=\"twitter:card\" content=\"summary_large_image\" \/>\n<meta name=\"twitter:label1\" content=\"\u00c9crit par\" \/>\n\t<meta name=\"twitter:data1\" content=\"Julien\" \/>\n\t<meta name=\"twitter:label2\" content=\"Dur\u00e9e de lecture est.\" \/>\n\t<meta name=\"twitter:data2\" content=\"4 minutes\" \/>\n<script type=\"application\/ld+json\" class=\"yoast-schema-graph\">{\"@context\":\"https:\/\/schema.org\",\"@graph\":[{\"@type\":\"Article\",\"@id\":\"https:\/\/vieassociative.be\/actualites\/google-chrome-propose-desormais-une-vue-partagee-et-deux-nouvelles-fonctionnalites-de-productivite-supplementaires\/#article\",\"isPartOf\":{\"@id\":\"https:\/\/vieassociative.be\/actualites\/google-chrome-propose-desormais-une-vue-partagee-et-deux-nouvelles-fonctionnalites-de-productivite-supplementaires\/\"},\"author\":{\"name\":\"Julien\",\"@id\":\"https:\/\/vieassociative.be\/actualites\/#\/schema\/person\/b87ac4f82f9d4e7b7cec7395b679edc4\"},\"headline\":\"Google Chrome propose d\u00e9sormais une vue partag\u00e9e (et deux nouvelles fonctionnalit\u00e9s de productivit\u00e9 suppl\u00e9mentaires)\",\"datePublished\":\"2026-02-21T15:18:14+00:00\",\"dateModified\":\"2026-02-21T15:18:14+00:00\",\"mainEntityOfPage\":{\"@id\":\"https:\/\/vieassociative.be\/actualites\/google-chrome-propose-desormais-une-vue-partagee-et-deux-nouvelles-fonctionnalites-de-productivite-supplementaires\/\"},\"wordCount\":754,\"publisher\":{\"@id\":\"https:\/\/vieassociative.be\/actualites\/#organization\"},\"image\":{\"@id\":\"https:\/\/vieassociative.be\/actualites\/google-chrome-propose-desormais-une-vue-partagee-et-deux-nouvelles-fonctionnalites-de-productivite-supplementaires\/#primaryimage\"},\"thumbnailUrl\":\"https:\/\/vieassociative.be\/actualites\/wp-content\/uploads\/2026\/02\/1771687096_Google-Chrome-propose-desormais-une-vue-partagee-et-deux-nouvelles.png\",\"keywords\":[\"Chrome\",\"d\u00e9sormais\",\"deux\",\"fonctionnalit\u00e9s\",\"Google\",\"nouvelles\",\"partag\u00e9e\",\"productivit\u00e9\",\"propose\",\"suppl\u00e9mentaires\",\"une\",\"vue\"],\"inLanguage\":\"fr-BE\"},{\"@type\":\"WebPage\",\"@id\":\"https:\/\/vieassociative.be\/actualites\/google-chrome-propose-desormais-une-vue-partagee-et-deux-nouvelles-fonctionnalites-de-productivite-supplementaires\/\",\"url\":\"https:\/\/vieassociative.be\/actualites\/google-chrome-propose-desormais-une-vue-partagee-et-deux-nouvelles-fonctionnalites-de-productivite-supplementaires\/\",\"name\":\"Google Chrome propose d\u00e9sormais une vue partag\u00e9e (et deux nouvelles fonctionnalit\u00e9s de productivit\u00e9 suppl\u00e9mentaires) | Vie Associative\",\"isPartOf\":{\"@id\":\"https:\/\/vieassociative.be\/actualites\/#website\"},\"primaryImageOfPage\":{\"@id\":\"https:\/\/vieassociative.be\/actualites\/google-chrome-propose-desormais-une-vue-partagee-et-deux-nouvelles-fonctionnalites-de-productivite-supplementaires\/#primaryimage\"},\"image\":{\"@id\":\"https:\/\/vieassociative.be\/actualites\/google-chrome-propose-desormais-une-vue-partagee-et-deux-nouvelles-fonctionnalites-de-productivite-supplementaires\/#primaryimage\"},\"thumbnailUrl\":\"https:\/\/vieassociative.be\/actualites\/wp-content\/uploads\/2026\/02\/1771687096_Google-Chrome-propose-desormais-une-vue-partagee-et-deux-nouvelles.png\",\"datePublished\":\"2026-02-21T15:18:14+00:00\",\"dateModified\":\"2026-02-21T15:18:14+00:00\",\"breadcrumb\":{\"@id\":\"https:\/\/vieassociative.be\/actualites\/google-chrome-propose-desormais-une-vue-partagee-et-deux-nouvelles-fonctionnalites-de-productivite-supplementaires\/#breadcrumb\"},\"inLanguage\":\"fr-BE\",\"potentialAction\":[{\"@type\":\"ReadAction\",\"target\":[\"https:\/\/vieassociative.be\/actualites\/google-chrome-propose-desormais-une-vue-partagee-et-deux-nouvelles-fonctionnalites-de-productivite-supplementaires\/\"]}]},{\"@type\":\"ImageObject\",\"inLanguage\":\"fr-BE\",\"@id\":\"https:\/\/vieassociative.be\/actualites\/google-chrome-propose-desormais-une-vue-partagee-et-deux-nouvelles-fonctionnalites-de-productivite-supplementaires\/#primaryimage\",\"url\":\"https:\/\/vieassociative.be\/actualites\/wp-content\/uploads\/2026\/02\/1771687096_Google-Chrome-propose-desormais-une-vue-partagee-et-deux-nouvelles.png\",\"contentUrl\":\"https:\/\/vieassociative.be\/actualites\/wp-content\/uploads\/2026\/02\/1771687096_Google-Chrome-propose-desormais-une-vue-partagee-et-deux-nouvelles.png\",\"width\":1200,\"height\":675,\"caption\":\"Google Chrome propose d\u00e9sormais une vue partag\u00e9e (et deux nouvelles fonctionnalit\u00e9s de productivit\u00e9 suppl\u00e9mentaires)\"},{\"@type\":\"BreadcrumbList\",\"@id\":\"https:\/\/vieassociative.be\/actualites\/google-chrome-propose-desormais-une-vue-partagee-et-deux-nouvelles-fonctionnalites-de-productivite-supplementaires\/#breadcrumb\",\"itemListElement\":[{\"@type\":\"ListItem\",\"position\":1,\"name\":\"Accueil\",\"item\":\"https:\/\/vieassociative.be\/actualites\/\"},{\"@type\":\"ListItem\",\"position\":2,\"name\":\"Google Chrome propose d\u00e9sormais une vue partag\u00e9e (et deux nouvelles fonctionnalit\u00e9s de productivit\u00e9 suppl\u00e9mentaires)\"}]},{\"@type\":\"WebSite\",\"@id\":\"https:\/\/vieassociative.be\/actualites\/#website\",\"url\":\"https:\/\/vieassociative.be\/actualites\/\",\"name\":\"Vie Associative\",\"description\":\"\",\"publisher\":{\"@id\":\"https:\/\/vieassociative.be\/actualites\/#organization\"},\"potentialAction\":[{\"@type\":\"SearchAction\",\"target\":{\"@type\":\"EntryPoint\",\"urlTemplate\":\"https:\/\/vieassociative.be\/actualites\/?s={search_term_string}\"},\"query-input\":{\"@type\":\"PropertyValueSpecification\",\"valueRequired\":true,\"valueName\":\"search_term_string\"}}],\"inLanguage\":\"fr-BE\"},{\"@type\":\"Organization\",\"@id\":\"https:\/\/vieassociative.be\/actualites\/#organization\",\"name\":\"Vie Associative\",\"url\":\"https:\/\/vieassociative.be\/actualites\/\",\"logo\":{\"@type\":\"ImageObject\",\"inLanguage\":\"fr-BE\",\"@id\":\"https:\/\/vieassociative.be\/actualites\/#\/schema\/logo\/image\/\",\"url\":\"https:\/\/vieassociative.be\/actualites\/wp-content\/uploads\/2024\/09\/cropped-vieassociative_favicon.ico.png\",\"contentUrl\":\"https:\/\/vieassociative.be\/actualites\/wp-content\/uploads\/2024\/09\/cropped-vieassociative_favicon.ico.png\",\"width\":512,\"height\":512,\"caption\":\"Vie Associative\"},\"image\":{\"@id\":\"https:\/\/vieassociative.be\/actualites\/#\/schema\/logo\/image\/\"}},{\"@type\":\"Person\",\"@id\":\"https:\/\/vieassociative.be\/actualites\/#\/schema\/person\/b87ac4f82f9d4e7b7cec7395b679edc4\",\"name\":\"Julien\",\"image\":{\"@type\":\"ImageObject\",\"inLanguage\":\"fr-BE\",\"@id\":\"https:\/\/vieassociative.be\/actualites\/#\/schema\/person\/image\/\",\"url\":\"https:\/\/vieassociative.be\/actualites\/wp-content\/uploads\/2024\/09\/vie-associative-1-150x150.jpg\",\"contentUrl\":\"https:\/\/vieassociative.be\/actualites\/wp-content\/uploads\/2024\/09\/vie-associative-1-150x150.jpg\",\"caption\":\"Julien\"},\"description\":\"Je suis Julien, r\u00e9dacteur pour Vie Associative. Passionn\u00e9 par le monde associatif depuis plus de 10 ans, j'ai \u00e0 c\u0153ur de partager des histoires inspirantes et de mettre en lumi\u00e8re les initiatives locales. Mon objectif est de sensibiliser et d'encourager l'engagement communautaire \u00e0 travers mes articles.\",\"sameAs\":[\"https:\/\/vieassociative.be\/\"]}]}<\/script>\n<!-- \/ Yoast SEO plugin. -->","yoast_head_json":{"title":"Google Chrome propose d\u00e9sormais une vue partag\u00e9e (et deux nouvelles fonctionnalit\u00e9s de productivit\u00e9 suppl\u00e9mentaires) | Vie Associative","robots":{"index":"index","follow":"follow","max-snippet":"max-snippet:-1","max-image-preview":"max-image-preview:large","max-video-preview":"max-video-preview:-1"},"canonical":"https:\/\/vieassociative.be\/actualites\/google-chrome-propose-desormais-une-vue-partagee-et-deux-nouvelles-fonctionnalites-de-productivite-supplementaires\/","og_locale":"fr_FR","og_type":"article","og_title":"Google Chrome propose d\u00e9sormais une vue partag\u00e9e (et deux nouvelles fonctionnalit\u00e9s de productivit\u00e9 suppl\u00e9mentaires) | Vie Associative","og_description":"Bien que je consid\u00e8re g\u00e9n\u00e9ralement Chrome comme un navigateur mature et complet, il est formidable de voir que Google y apporte toujours des ajouts significatifs.","og_url":"https:\/\/vieassociative.be\/actualites\/google-chrome-propose-desormais-une-vue-partagee-et-deux-nouvelles-fonctionnalites-de-productivite-supplementaires\/","og_site_name":"Vie Associative","article_published_time":"2026-02-21T15:18:14+00:00","og_image":[{"url":"https:\/\/vieassociative.be\/actualites\/wp-content\/uploads\/2026\/02\/Google-Chrome-propose-desormais-une-vue-partagee-et-deux-nouvelles.png","type":"","width":"","height":""}],"author":"Julien","twitter_card":"summary_large_image","twitter_misc":{"\u00c9crit par":"Julien","Dur\u00e9e de lecture est.":"4 minutes"},"schema":{"@context":"https:\/\/schema.org","@graph":[{"@type":"Article","@id":"https:\/\/vieassociative.be\/actualites\/google-chrome-propose-desormais-une-vue-partagee-et-deux-nouvelles-fonctionnalites-de-productivite-supplementaires\/#article","isPartOf":{"@id":"https:\/\/vieassociative.be\/actualites\/google-chrome-propose-desormais-une-vue-partagee-et-deux-nouvelles-fonctionnalites-de-productivite-supplementaires\/"},"author":{"name":"Julien","@id":"https:\/\/vieassociative.be\/actualites\/#\/schema\/person\/b87ac4f82f9d4e7b7cec7395b679edc4"},"headline":"Google Chrome propose d\u00e9sormais une vue partag\u00e9e (et deux nouvelles fonctionnalit\u00e9s de productivit\u00e9 suppl\u00e9mentaires)","datePublished":"2026-02-21T15:18:14+00:00","dateModified":"2026-02-21T15:18:14+00:00","mainEntityOfPage":{"@id":"https:\/\/vieassociative.be\/actualites\/google-chrome-propose-desormais-une-vue-partagee-et-deux-nouvelles-fonctionnalites-de-productivite-supplementaires\/"},"wordCount":754,"publisher":{"@id":"https:\/\/vieassociative.be\/actualites\/#organization"},"image":{"@id":"https:\/\/vieassociative.be\/actualites\/google-chrome-propose-desormais-une-vue-partagee-et-deux-nouvelles-fonctionnalites-de-productivite-supplementaires\/#primaryimage"},"thumbnailUrl":"https:\/\/vieassociative.be\/actualites\/wp-content\/uploads\/2026\/02\/1771687096_Google-Chrome-propose-desormais-une-vue-partagee-et-deux-nouvelles.png","keywords":["Chrome","d\u00e9sormais","deux","fonctionnalit\u00e9s","Google","nouvelles","partag\u00e9e","productivit\u00e9","propose","suppl\u00e9mentaires","une","vue"],"inLanguage":"fr-BE"},{"@type":"WebPage","@id":"https:\/\/vieassociative.be\/actualites\/google-chrome-propose-desormais-une-vue-partagee-et-deux-nouvelles-fonctionnalites-de-productivite-supplementaires\/","url":"https:\/\/vieassociative.be\/actualites\/google-chrome-propose-desormais-une-vue-partagee-et-deux-nouvelles-fonctionnalites-de-productivite-supplementaires\/","name":"Google Chrome propose d\u00e9sormais une vue partag\u00e9e (et deux nouvelles fonctionnalit\u00e9s de productivit\u00e9 suppl\u00e9mentaires) | Vie Associative","isPartOf":{"@id":"https:\/\/vieassociative.be\/actualites\/#website"},"primaryImageOfPage":{"@id":"https:\/\/vieassociative.be\/actualites\/google-chrome-propose-desormais-une-vue-partagee-et-deux-nouvelles-fonctionnalites-de-productivite-supplementaires\/#primaryimage"},"image":{"@id":"https:\/\/vieassociative.be\/actualites\/google-chrome-propose-desormais-une-vue-partagee-et-deux-nouvelles-fonctionnalites-de-productivite-supplementaires\/#primaryimage"},"thumbnailUrl":"https:\/\/vieassociative.be\/actualites\/wp-content\/uploads\/2026\/02\/1771687096_Google-Chrome-propose-desormais-une-vue-partagee-et-deux-nouvelles.png","datePublished":"2026-02-21T15:18:14+00:00","dateModified":"2026-02-21T15:18:14+00:00","breadcrumb":{"@id":"https:\/\/vieassociative.be\/actualites\/google-chrome-propose-desormais-une-vue-partagee-et-deux-nouvelles-fonctionnalites-de-productivite-supplementaires\/#breadcrumb"},"inLanguage":"fr-BE","potentialAction":[{"@type":"ReadAction","target":["https:\/\/vieassociative.be\/actualites\/google-chrome-propose-desormais-une-vue-partagee-et-deux-nouvelles-fonctionnalites-de-productivite-supplementaires\/"]}]},{"@type":"ImageObject","inLanguage":"fr-BE","@id":"https:\/\/vieassociative.be\/actualites\/google-chrome-propose-desormais-une-vue-partagee-et-deux-nouvelles-fonctionnalites-de-productivite-supplementaires\/#primaryimage","url":"https:\/\/vieassociative.be\/actualites\/wp-content\/uploads\/2026\/02\/1771687096_Google-Chrome-propose-desormais-une-vue-partagee-et-deux-nouvelles.png","contentUrl":"https:\/\/vieassociative.be\/actualites\/wp-content\/uploads\/2026\/02\/1771687096_Google-Chrome-propose-desormais-une-vue-partagee-et-deux-nouvelles.png","width":1200,"height":675,"caption":"Google Chrome propose d\u00e9sormais une vue partag\u00e9e (et deux nouvelles fonctionnalit\u00e9s de productivit\u00e9 suppl\u00e9mentaires)"},{"@type":"BreadcrumbList","@id":"https:\/\/vieassociative.be\/actualites\/google-chrome-propose-desormais-une-vue-partagee-et-deux-nouvelles-fonctionnalites-de-productivite-supplementaires\/#breadcrumb","itemListElement":[{"@type":"ListItem","position":1,"name":"Accueil","item":"https:\/\/vieassociative.be\/actualites\/"},{"@type":"ListItem","position":2,"name":"Google Chrome propose d\u00e9sormais une vue partag\u00e9e (et deux nouvelles fonctionnalit\u00e9s de productivit\u00e9 suppl\u00e9mentaires)"}]},{"@type":"WebSite","@id":"https:\/\/vieassociative.be\/actualites\/#website","url":"https:\/\/vieassociative.be\/actualites\/","name":"Vie Associative","description":"","publisher":{"@id":"https:\/\/vieassociative.be\/actualites\/#organization"},"potentialAction":[{"@type":"SearchAction","target":{"@type":"EntryPoint","urlTemplate":"https:\/\/vieassociative.be\/actualites\/?s={search_term_string}"},"query-input":{"@type":"PropertyValueSpecification","valueRequired":true,"valueName":"search_term_string"}}],"inLanguage":"fr-BE"},{"@type":"Organization","@id":"https:\/\/vieassociative.be\/actualites\/#organization","name":"Vie Associative","url":"https:\/\/vieassociative.be\/actualites\/","logo":{"@type":"ImageObject","inLanguage":"fr-BE","@id":"https:\/\/vieassociative.be\/actualites\/#\/schema\/logo\/image\/","url":"https:\/\/vieassociative.be\/actualites\/wp-content\/uploads\/2024\/09\/cropped-vieassociative_favicon.ico.png","contentUrl":"https:\/\/vieassociative.be\/actualites\/wp-content\/uploads\/2024\/09\/cropped-vieassociative_favicon.ico.png","width":512,"height":512,"caption":"Vie Associative"},"image":{"@id":"https:\/\/vieassociative.be\/actualites\/#\/schema\/logo\/image\/"}},{"@type":"Person","@id":"https:\/\/vieassociative.be\/actualites\/#\/schema\/person\/b87ac4f82f9d4e7b7cec7395b679edc4","name":"Julien","image":{"@type":"ImageObject","inLanguage":"fr-BE","@id":"https:\/\/vieassociative.be\/actualites\/#\/schema\/person\/image\/","url":"https:\/\/vieassociative.be\/actualites\/wp-content\/uploads\/2024\/09\/vie-associative-1-150x150.jpg","contentUrl":"https:\/\/vieassociative.be\/actualites\/wp-content\/uploads\/2024\/09\/vie-associative-1-150x150.jpg","caption":"Julien"},"description":"Je suis Julien, r\u00e9dacteur pour Vie Associative. Passionn\u00e9 par le monde associatif depuis plus de 10 ans, j'ai \u00e0 c\u0153ur de partager des histoires inspirantes et de mettre en lumi\u00e8re les initiatives locales. Mon objectif est de sensibiliser et d'encourager l'engagement communautaire \u00e0 travers mes articles.","sameAs":["https:\/\/vieassociative.be\/"]}]}},"_links":{"self":[{"href":"https:\/\/vieassociative.be\/actualites\/wp-json\/wp\/v2\/posts\/12738"}],"collection":[{"href":"https:\/\/vieassociative.be\/actualites\/wp-json\/wp\/v2\/posts"}],"about":[{"href":"https:\/\/vieassociative.be\/actualites\/wp-json\/wp\/v2\/types\/post"}],"author":[{"embeddable":true,"href":"https:\/\/vieassociative.be\/actualites\/wp-json\/wp\/v2\/users\/1"}],"replies":[{"embeddable":true,"href":"https:\/\/vieassociative.be\/actualites\/wp-json\/wp\/v2\/comments?post=12738"}],"version-history":[{"count":0,"href":"https:\/\/vieassociative.be\/actualites\/wp-json\/wp\/v2\/posts\/12738\/revisions"}],"wp:featuredmedia":[{"embeddable":true,"href":"https:\/\/vieassociative.be\/actualites\/wp-json\/wp\/v2\/media\/12739"}],"wp:attachment":[{"href":"https:\/\/vieassociative.be\/actualites\/wp-json\/wp\/v2\/media?parent=12738"}],"wp:term":[{"taxonomy":"category","embeddable":true,"href":"https:\/\/vieassociative.be\/actualites\/wp-json\/wp\/v2\/categories?post=12738"},{"taxonomy":"post_tag","embeddable":true,"href":"https:\/\/vieassociative.be\/actualites\/wp-json\/wp\/v2\/tags?post=12738"}],"curies":[{"name":"wp","href":"https:\/\/api.w.org\/{rel}","templated":true}]}}