{"id":12736,"date":"2026-02-21T10:18:09","date_gmt":"2026-02-21T09:18:09","guid":{"rendered":"https:\/\/vieassociative.be\/actualites\/ce-moniteur-lg-4k-de-27-pouces-vient-de-tomber-a-moins-de-200\/"},"modified":"2026-02-21T10:18:09","modified_gmt":"2026-02-21T09:18:09","slug":"ce-moniteur-lg-4k-de-27-pouces-vient-de-tomber-a-moins-de-200","status":"publish","type":"post","link":"https:\/\/vieassociative.be\/actualites\/ce-moniteur-lg-4k-de-27-pouces-vient-de-tomber-a-moins-de-200\/","title":{"rendered":"Ce moniteur LG 4K de 27 pouces vient de tomber \u00e0 moins de 200 $"},"content":{"rendered":"<p>Nous pouvons gagner une commission sur les liens sur cette page. Les prix et la disponibilit\u00e9 de l&rsquo;offre sont sujets \u00e0 changement apr\u00e8s la publication.<\/p>\n<p>Les joueurs et les utilisateurs multit\u00e2ches ne devraient pas dormir sur le moniteur LG 27UP650K-W Ultrafine 4K de 27 pouces. Comme la plupart des options de LG, il s&rsquo;agit d&rsquo;un \u00e9cran polyvalent et visuellement saisissant, attrayant pour le multim\u00e9dia, les jeux et le bureau. \u00c0 l&rsquo;heure actuelle, il est moins cher que jamais, avec une r\u00e9duction de 30 %, ramenant son prix de 279,99 $ \u00e0 196,99 $.<\/p>\n<div class=\"pogoClear mb-12 mt-10 rounded-md border-2 border-gray-100 py-7 shadow-xl md:py-6\">\n<div class=\"flex flex-wrap justify-between px-7 text-black no-underline md:flex-nowrap md:px-8\">\n<div class=\"order-1 mx-auto flex flex-col justify-center md:order-2 md:ml-4 md:w-full md:grow\">\n<div class=\"block cursor-pointer text-center font-akshar text-2xl font-medium leading-7 text-brand-green duration-200 ease-in-out hover:text-brand-green-700 md:text-left md:text-xl md:leading-6\">Moniteur 4K ultrafin LG 27UP650K-W 27 pouces\n                <\/div>\n<div class=\"mt-4 hidden md:flex md:justify-between\">\n<div class=\"self-end\">\n<div class=\"mb-0 h-11 md:flex md:flex-col md:justify-center\">\n<div class=\" font-sans leading-4 text-black\">\n<div class=\"flex flex-wrap items-center justify-center gap-1 md:justify-start\">\n        <span class=\"font-bold\"><\/p>\n<p>            196,99\u00a0$<br \/>\n                            <span class=\"font-medium\">chez Amazon<\/span><br \/>\n                    <\/span>\n            <\/div>\n<div class=\"flex items-center justify-center gap-x-1 font-bold md:justify-start\">\n            <span class=\"text-sm line-through\">279,99\u00a0$<\/span><br \/>\n            <span class=\"text-sm text-brand-green\">\u00c9conomisez 83,00\u00a0$<\/span>\n        <\/div>\n<\/p><\/div>\n<\/p><\/div>\n<\/p><\/div>\n<div class=\"w-44 self-end\">\n                            <button class=\"flex justify-center items-center w-full bg-brand-green text-white text-base font-sans font-medium rounded-md hover:bg-brand-green-700 hover:cursor-pointer md:text-sm h-11\"><\/p>\n<p>    Obtenez une offre<br \/>\n<\/button>\n                        <\/div>\n<\/p><\/div>\n<\/p><\/div>\n<div class=\"order-2 mt-5 h-auto w-full md:order-1 md:mt-0 md:hidden\">\n<div class=\"flex aspect-video items-center justify-center\">\n                                            <img decoding=\"async\" class=\"m-0 max-h-full max-w-full rounded-md\" src=\"https:\/\/vieassociative.be\/actualites\/wp-content\/uploads\/2026\/02\/Ce-moniteur-LG-4K-de-27-pouces-vient-de-tomber.jpg\" alt=\"Moniteur 4K ultrafin LG 27UP650K-W de 27 pouces\" width=\"auto\" height=\"auto\" loading=\"lazy\">\n                                    <\/div>\n<\/p><\/div>\n<div class=\"order-2 ml-2 hidden w-32 shrink-0 items-center md:order-1 md:ml-0 md:flex\">\n<div class=\"flex aspect-video items-center justify-center\">\n                                            <img decoding=\"async\" class=\"m-0 max-h-full max-w-full rounded-md\" src=\"https:\/\/vieassociative.be\/actualites\/wp-content\/uploads\/2026\/02\/Ce-moniteur-LG-4K-de-27-pouces-vient-de-tomber.jpg\" alt=\"Moniteur 4K ultrafin LG 27UP650K-W de 27 pouces\" width=\"auto\" height=\"auto\" loading=\"lazy\">\n                                    <\/div>\n<\/p><\/div>\n<div class=\"order-3 flex grow flex-wrap md:hidden md:grow-0\">\n<div class=\"mt-4 w-full\">\n                        <button class=\"flex justify-center items-center w-full bg-brand-green text-white text-base font-sans font-medium rounded-md hover:bg-brand-green-700 hover:cursor-pointer md:text-sm h-11\"><\/p>\n<p>    Obtenez une offre<br \/>\n<\/button>\n                    <\/div>\n<div class=\"mx-2 mt-4 w-full\">\n<div class=\" font-sans leading-4 text-black\">\n<div class=\"flex flex-wrap items-center justify-center gap-1 md:justify-start\">\n        <span class=\"font-bold\"><\/p>\n<p>            196,99\u00a0$<br \/>\n                            <span class=\"font-medium\">chez Amazon<\/span><br \/>\n                    <\/span>\n            <\/div>\n<div class=\"flex items-center justify-center gap-x-1 font-bold md:justify-start\">\n            <span class=\"text-sm line-through\">279,99\u00a0$<\/span><br \/>\n            <span class=\"text-sm text-brand-green\">\u00c9conomisez 83,00\u00a0$<\/span>\n        <\/div>\n<\/p><\/div>\n<\/p><\/div>\n<\/p><\/div>\n<\/p><\/div>\n<\/div>\n<p>Le moniteur offre une clart\u00e9 4K de premier ordre pour un prix inf\u00e9rieur \u00e0 200 $, avec une r\u00e9solution native de 3\u00a0840 \u00d7 2\u00a0160 sur un panneau IPS de 27 pouces. Sa grande pr\u00e9cision des couleurs avec HDR400 le rend \u00e9galement adapt\u00e9 \u00e0 la consommation cr\u00e9ative ou multim\u00e9dia. De plus, il offre des angles de vision larges et une luminosit\u00e9 fiable (environ 400 nits, ce qui n&rsquo;est pas une qualit\u00e9 cin\u00e9ma, mais reste impressionnant pour un moniteur 4K \u00e9conomique), ce qui am\u00e9liore la visibilit\u00e9 de jour mais reste modeste par rapport aux moniteurs plus chers. Les utilisateurs peuvent r\u00e9gler le pivot, l&rsquo;inclinaison et la hauteur du moniteur, tandis que HDMI et DisplayPort en font un bon choix pour la plupart des configurations de bureau.<\/p>\n<p>Compte tenu de son taux de rafra\u00eechissement de 60 Hz, il est pr\u00e9f\u00e9rable pour travailler, regarder des films et jouer occasionnellement ; les joueurs comp\u00e9titifs pourraient trouver cela limitant. Il manque \u00e9galement de connectivit\u00e9 USB-C, ce qui est un inconv\u00e9nient pour ceux qui utilisent des ordinateurs portables comme un MacBook. Bien qu&rsquo;il ne puisse pas offrir la m\u00eame chose que les \u00e9crans de luxe, si vous recherchez un moniteur qui fait tout, qu&rsquo;il s&rsquo;agisse de jeux l\u00e9gers, de travail de bureau, de consommation multim\u00e9dia ou de cr\u00e9ation de contenu, le moniteur LG 27UP650K-W Ultrafine 4K de 27 pouces est un moniteur de productivit\u00e9 4K \u00e0 petit budget et de jeu occasionnel, en particulier \u00e0 moins de 200 $ avec sa remise actuelle.<\/p>\n<div class=\" relative flex justify-center py-16 md:left-1\/2 md:w-(780px) md:max-w-max md:-translate-x-1\/2\">\n<div class=\"w-max text-center sm:text-left\">\n<div class=\"custom-gradient-background mb-6 rounded-md p-(2px) sm:rounded-tl-none\">\n<div class=\"flex flex-col rounded bg-white sm:rounded-tl-none\">\n                    <span class=\"-mt-4 block w-fit max-w-(calc(100%-1rem)) self-center bg-white px-3 text-center font-akshar text-xl font-medium capitalize text-gray-800 sm:max-w-(calc(100%-2.5rem)) sm:self-start sm:px-10 sm:text-left sm:text-2xl\">Nos meilleures offres technologiques approuv\u00e9es par les \u00e9diteurs en ce moment<\/span><\/p>\n<div class=\"flex flex-col gap-3 p-3 pb-4 text-sm sm:p-10 sm:pt-6 sm:text-justify sm:text-base\">\n<div>\n<p>    \u00c9couteurs sans fil \u00e0 suppression active du bruit Apple AirPods 4<\/p>\n<p>                                <span class=\"text-black\"><br \/>\n                                    \u2014<br \/>\n                                    <span class=\"font-bold\">139,99\u00a0$<\/span><br \/>\n                                    <span class=\"!text-xs italic sm:!text-sm\"><\/p>\n<p>                                        (Prix catalogue 179,00 $)<br \/>\n                                    <\/span><br \/>\n                                <\/span>\n                            <\/div>\n<div>\n<p>    Apple iPad 11&Prime; 128 Go A16 WiFi Tablette (Bleu, 2025)<\/p>\n<p>                                <span class=\"text-black\"><br \/>\n                                    \u2014<br \/>\n                                    <span class=\"font-bold\">329,00\u00a0$<\/span><br \/>\n                                    <span class=\"!text-xs italic sm:!text-sm\"><\/p>\n<p>                                        (Prix catalogue 349,00 $)<br \/>\n                                    <\/span><br \/>\n                                <\/span>\n                            <\/div>\n<div>\n<p>    Google Pixel 10a 128 Go 6,3&Prime; Smartphone d\u00e9bloqu\u00e9 + carte-cadeau de 100\u00a0$<\/p>\n<p>                                <span class=\"text-black\"><br \/>\n                                    \u2014<br \/>\n                                    <span class=\"font-bold\">499,00\u00a0$<\/span><br \/>\n                                    <span class=\"!text-xs italic sm:!text-sm\"><\/p>\n<p>                                        (Prix catalogue 599,00 $)<br \/>\n                                    <\/span><br \/>\n                                <\/span>\n                            <\/div>\n<div>\n<p>    Montre intelligente Apple Watch Series 11 (GPS 46 mm) avec bo\u00eetier en aluminium noir de jais et bracelet sport noir &#8211; M\/L. Score de sommeil, tracker d&rsquo;activit\u00e9, surveillance de la sant\u00e9, affichage permanent, r\u00e9sistant \u00e0 l&rsquo;eau<\/p>\n<p>                                <span class=\"text-black\"><br \/>\n                                    \u2014<br \/>\n                                    <span class=\"font-bold\">329,00\u00a0$<\/span><br \/>\n                                    <span class=\"!text-xs italic sm:!text-sm\"><\/p>\n<p>                                        (Prix catalogue 429,00 $)<br \/>\n                                    <\/span><br \/>\n                                <\/span>\n                            <\/div>\n<div>\n<p>    Cl\u00e9 Amazon Fire TV 4K Plus<\/p>\n<p>                                <span class=\"text-black\"><br \/>\n                                    \u2014<br \/>\n                                    <span class=\"font-bold\">29,99\u00a0$<\/span><br \/>\n                                    <span class=\"!text-xs italic sm:!text-sm\"><\/p>\n<p>                                        (Prix catalogue 49,99 $)<br \/>\n                                    <\/span><br \/>\n                                <\/span>\n                            <\/div>\n<div>\n<p>    Casque sans fil \u00e0 r\u00e9duction de bruit Bose QuietComfort<\/p>\n<p>                                <span class=\"text-black\"><br \/>\n                                    \u2014<br \/>\n                                    <span class=\"font-bold\">229,99\u00a0$<\/span><br \/>\n                                    <span class=\"!text-xs italic sm:!text-sm\"><\/p>\n<p>                                        (Prix catalogue 349,00 $)<br \/>\n                                    <\/span><br \/>\n                                <\/span>\n                            <\/div>\n<div>\n<p>    Tablette Samsung Galaxy Tab A9+ 64 Go Wi-Fi 11&Prime; (argent)<\/p>\n<p>                                <span class=\"text-black\"><br \/>\n                                    \u2014<br \/>\n                                    <span class=\"font-bold\">159,99\u00a0$<\/span><br \/>\n                                    <span class=\"!text-xs italic sm:!text-sm\"><\/p>\n<p>                                        (Prix catalogue 219,99 $)<br \/>\n                                    <\/span><br \/>\n                                <\/span>\n                            <\/div>\n<\/p><\/div>\n<\/p><\/div>\n<\/p><\/div>\n<div class=\"flex flex-col items-center justify-between text-black sm:flex-row sm:px-6\">\n                <span class=\"text-xs italic sm:ml-7 sm:text-sm\">Les offres sont s\u00e9lectionn\u00e9es par notre \u00e9quipe commerciale<\/span><\/p><\/div>\n<\/p><\/div>\n<\/p><\/div>\n","protected":false},"excerpt":{"rendered":"<p>Nous pouvons gagner une commission sur les liens sur cette page. Les prix et la disponibilit\u00e9 de l&rsquo;offre sont sujets \u00e0 changement apr\u00e8s la publication.<\/p>\n","protected":false},"author":1,"featured_media":12737,"comment_status":"","ping_status":"","sticky":false,"template":"","format":"standard","meta":{"footnotes":""},"categories":[13],"tags":[469,1877,1980,3753,1213],"class_list":["post-12736","post","type-post","status-publish","format-standard","has-post-thumbnail","hentry","category-technologie","tag-moins","tag-moniteur","tag-pouces","tag-tomber","tag-vient","generate-columns","tablet-grid-50","mobile-grid-100","grid-parent","grid-33"],"yoast_head":"<!-- This site is optimized with the Yoast SEO plugin v24.0 - https:\/\/yoast.com\/wordpress\/plugins\/seo\/ -->\n<title>Ce moniteur LG 4K de 27 pouces vient de tomber \u00e0 moins de 200 $ | Vie Associative<\/title>\n<meta name=\"robots\" content=\"index, follow, max-snippet:-1, max-image-preview:large, max-video-preview:-1\" \/>\n<link rel=\"canonical\" href=\"https:\/\/vieassociative.be\/actualites\/ce-moniteur-lg-4k-de-27-pouces-vient-de-tomber-a-moins-de-200\/\" \/>\n<meta property=\"og:locale\" content=\"fr_FR\" \/>\n<meta property=\"og:type\" content=\"article\" \/>\n<meta property=\"og:title\" content=\"Ce moniteur LG 4K de 27 pouces vient de tomber \u00e0 moins de 200 $ | Vie Associative\" \/>\n<meta property=\"og:description\" content=\"Nous pouvons gagner une commission sur les liens sur cette page. Les prix et la disponibilit\u00e9 de l&rsquo;offre sont sujets \u00e0 changement apr\u00e8s la publication.\" \/>\n<meta property=\"og:url\" content=\"https:\/\/vieassociative.be\/actualites\/ce-moniteur-lg-4k-de-27-pouces-vient-de-tomber-a-moins-de-200\/\" \/>\n<meta property=\"og:site_name\" content=\"Vie Associative\" \/>\n<meta property=\"article:published_time\" content=\"2026-02-21T09:18:09+00:00\" \/>\n<meta property=\"og:image\" content=\"https:\/\/vieassociative.be\/actualites\/wp-content\/uploads\/2026\/02\/Ce-moniteur-LG-4K-de-27-pouces-vient-de-tomber.jpg\" \/>\n<meta name=\"author\" content=\"Julien\" \/>\n<meta name=\"twitter:card\" content=\"summary_large_image\" \/>\n<meta name=\"twitter:label1\" content=\"\u00c9crit par\" \/>\n\t<meta name=\"twitter:data1\" content=\"Julien\" \/>\n\t<meta name=\"twitter:label2\" content=\"Dur\u00e9e de lecture est.\" \/>\n\t<meta name=\"twitter:data2\" content=\"2 minutes\" \/>\n<script type=\"application\/ld+json\" class=\"yoast-schema-graph\">{\"@context\":\"https:\/\/schema.org\",\"@graph\":[{\"@type\":\"Article\",\"@id\":\"https:\/\/vieassociative.be\/actualites\/ce-moniteur-lg-4k-de-27-pouces-vient-de-tomber-a-moins-de-200\/#article\",\"isPartOf\":{\"@id\":\"https:\/\/vieassociative.be\/actualites\/ce-moniteur-lg-4k-de-27-pouces-vient-de-tomber-a-moins-de-200\/\"},\"author\":{\"name\":\"Julien\",\"@id\":\"https:\/\/vieassociative.be\/actualites\/#\/schema\/person\/b87ac4f82f9d4e7b7cec7395b679edc4\"},\"headline\":\"Ce moniteur LG 4K de 27 pouces vient de tomber \u00e0 moins de 200 $\",\"datePublished\":\"2026-02-21T09:18:09+00:00\",\"dateModified\":\"2026-02-21T09:18:09+00:00\",\"mainEntityOfPage\":{\"@id\":\"https:\/\/vieassociative.be\/actualites\/ce-moniteur-lg-4k-de-27-pouces-vient-de-tomber-a-moins-de-200\/\"},\"wordCount\":497,\"publisher\":{\"@id\":\"https:\/\/vieassociative.be\/actualites\/#organization\"},\"image\":{\"@id\":\"https:\/\/vieassociative.be\/actualites\/ce-moniteur-lg-4k-de-27-pouces-vient-de-tomber-a-moins-de-200\/#primaryimage\"},\"thumbnailUrl\":\"https:\/\/vieassociative.be\/actualites\/wp-content\/uploads\/2026\/02\/Ce-moniteur-LG-4K-de-27-pouces-vient-de-tomber.png\",\"keywords\":[\"moins\",\"moniteur\",\"pouces\",\"tomber\",\"vient\"],\"articleSection\":[\"Technologie\"],\"inLanguage\":\"fr-BE\"},{\"@type\":\"WebPage\",\"@id\":\"https:\/\/vieassociative.be\/actualites\/ce-moniteur-lg-4k-de-27-pouces-vient-de-tomber-a-moins-de-200\/\",\"url\":\"https:\/\/vieassociative.be\/actualites\/ce-moniteur-lg-4k-de-27-pouces-vient-de-tomber-a-moins-de-200\/\",\"name\":\"Ce moniteur LG 4K de 27 pouces vient de tomber \u00e0 moins de 200 $ | Vie Associative\",\"isPartOf\":{\"@id\":\"https:\/\/vieassociative.be\/actualites\/#website\"},\"primaryImageOfPage\":{\"@id\":\"https:\/\/vieassociative.be\/actualites\/ce-moniteur-lg-4k-de-27-pouces-vient-de-tomber-a-moins-de-200\/#primaryimage\"},\"image\":{\"@id\":\"https:\/\/vieassociative.be\/actualites\/ce-moniteur-lg-4k-de-27-pouces-vient-de-tomber-a-moins-de-200\/#primaryimage\"},\"thumbnailUrl\":\"https:\/\/vieassociative.be\/actualites\/wp-content\/uploads\/2026\/02\/Ce-moniteur-LG-4K-de-27-pouces-vient-de-tomber.png\",\"datePublished\":\"2026-02-21T09:18:09+00:00\",\"dateModified\":\"2026-02-21T09:18:09+00:00\",\"breadcrumb\":{\"@id\":\"https:\/\/vieassociative.be\/actualites\/ce-moniteur-lg-4k-de-27-pouces-vient-de-tomber-a-moins-de-200\/#breadcrumb\"},\"inLanguage\":\"fr-BE\",\"potentialAction\":[{\"@type\":\"ReadAction\",\"target\":[\"https:\/\/vieassociative.be\/actualites\/ce-moniteur-lg-4k-de-27-pouces-vient-de-tomber-a-moins-de-200\/\"]}]},{\"@type\":\"ImageObject\",\"inLanguage\":\"fr-BE\",\"@id\":\"https:\/\/vieassociative.be\/actualites\/ce-moniteur-lg-4k-de-27-pouces-vient-de-tomber-a-moins-de-200\/#primaryimage\",\"url\":\"https:\/\/vieassociative.be\/actualites\/wp-content\/uploads\/2026\/02\/Ce-moniteur-LG-4K-de-27-pouces-vient-de-tomber.png\",\"contentUrl\":\"https:\/\/vieassociative.be\/actualites\/wp-content\/uploads\/2026\/02\/Ce-moniteur-LG-4K-de-27-pouces-vient-de-tomber.png\",\"width\":1200,\"height\":675,\"caption\":\"Ce moniteur LG 4K de 27 pouces vient de tomber \u00e0 moins de 200 $\"},{\"@type\":\"BreadcrumbList\",\"@id\":\"https:\/\/vieassociative.be\/actualites\/ce-moniteur-lg-4k-de-27-pouces-vient-de-tomber-a-moins-de-200\/#breadcrumb\",\"itemListElement\":[{\"@type\":\"ListItem\",\"position\":1,\"name\":\"Accueil\",\"item\":\"https:\/\/vieassociative.be\/actualites\/\"},{\"@type\":\"ListItem\",\"position\":2,\"name\":\"Ce moniteur LG 4K de 27 pouces vient de tomber \u00e0 moins de 200 $\"}]},{\"@type\":\"WebSite\",\"@id\":\"https:\/\/vieassociative.be\/actualites\/#website\",\"url\":\"https:\/\/vieassociative.be\/actualites\/\",\"name\":\"Vie Associative\",\"description\":\"\",\"publisher\":{\"@id\":\"https:\/\/vieassociative.be\/actualites\/#organization\"},\"potentialAction\":[{\"@type\":\"SearchAction\",\"target\":{\"@type\":\"EntryPoint\",\"urlTemplate\":\"https:\/\/vieassociative.be\/actualites\/?s={search_term_string}\"},\"query-input\":{\"@type\":\"PropertyValueSpecification\",\"valueRequired\":true,\"valueName\":\"search_term_string\"}}],\"inLanguage\":\"fr-BE\"},{\"@type\":\"Organization\",\"@id\":\"https:\/\/vieassociative.be\/actualites\/#organization\",\"name\":\"Vie Associative\",\"url\":\"https:\/\/vieassociative.be\/actualites\/\",\"logo\":{\"@type\":\"ImageObject\",\"inLanguage\":\"fr-BE\",\"@id\":\"https:\/\/vieassociative.be\/actualites\/#\/schema\/logo\/image\/\",\"url\":\"https:\/\/vieassociative.be\/actualites\/wp-content\/uploads\/2024\/09\/cropped-vieassociative_favicon.ico.png\",\"contentUrl\":\"https:\/\/vieassociative.be\/actualites\/wp-content\/uploads\/2024\/09\/cropped-vieassociative_favicon.ico.png\",\"width\":512,\"height\":512,\"caption\":\"Vie Associative\"},\"image\":{\"@id\":\"https:\/\/vieassociative.be\/actualites\/#\/schema\/logo\/image\/\"}},{\"@type\":\"Person\",\"@id\":\"https:\/\/vieassociative.be\/actualites\/#\/schema\/person\/b87ac4f82f9d4e7b7cec7395b679edc4\",\"name\":\"Julien\",\"image\":{\"@type\":\"ImageObject\",\"inLanguage\":\"fr-BE\",\"@id\":\"https:\/\/vieassociative.be\/actualites\/#\/schema\/person\/image\/\",\"url\":\"https:\/\/vieassociative.be\/actualites\/wp-content\/uploads\/2024\/09\/vie-associative-1-150x150.jpg\",\"contentUrl\":\"https:\/\/vieassociative.be\/actualites\/wp-content\/uploads\/2024\/09\/vie-associative-1-150x150.jpg\",\"caption\":\"Julien\"},\"description\":\"Je suis Julien, r\u00e9dacteur pour Vie Associative. Passionn\u00e9 par le monde associatif depuis plus de 10 ans, j'ai \u00e0 c\u0153ur de partager des histoires inspirantes et de mettre en lumi\u00e8re les initiatives locales. Mon objectif est de sensibiliser et d'encourager l'engagement communautaire \u00e0 travers mes articles.\",\"sameAs\":[\"https:\/\/vieassociative.be\/\"]}]}<\/script>\n<!-- \/ Yoast SEO plugin. -->","yoast_head_json":{"title":"Ce moniteur LG 4K de 27 pouces vient de tomber \u00e0 moins de 200 $ | Vie Associative","robots":{"index":"index","follow":"follow","max-snippet":"max-snippet:-1","max-image-preview":"max-image-preview:large","max-video-preview":"max-video-preview:-1"},"canonical":"https:\/\/vieassociative.be\/actualites\/ce-moniteur-lg-4k-de-27-pouces-vient-de-tomber-a-moins-de-200\/","og_locale":"fr_FR","og_type":"article","og_title":"Ce moniteur LG 4K de 27 pouces vient de tomber \u00e0 moins de 200 $ | Vie Associative","og_description":"Nous pouvons gagner une commission sur les liens sur cette page. Les prix et la disponibilit\u00e9 de l&rsquo;offre sont sujets \u00e0 changement apr\u00e8s la publication.","og_url":"https:\/\/vieassociative.be\/actualites\/ce-moniteur-lg-4k-de-27-pouces-vient-de-tomber-a-moins-de-200\/","og_site_name":"Vie Associative","article_published_time":"2026-02-21T09:18:09+00:00","og_image":[{"url":"https:\/\/vieassociative.be\/actualites\/wp-content\/uploads\/2026\/02\/Ce-moniteur-LG-4K-de-27-pouces-vient-de-tomber.jpg","type":"","width":"","height":""}],"author":"Julien","twitter_card":"summary_large_image","twitter_misc":{"\u00c9crit par":"Julien","Dur\u00e9e de lecture est.":"2 minutes"},"schema":{"@context":"https:\/\/schema.org","@graph":[{"@type":"Article","@id":"https:\/\/vieassociative.be\/actualites\/ce-moniteur-lg-4k-de-27-pouces-vient-de-tomber-a-moins-de-200\/#article","isPartOf":{"@id":"https:\/\/vieassociative.be\/actualites\/ce-moniteur-lg-4k-de-27-pouces-vient-de-tomber-a-moins-de-200\/"},"author":{"name":"Julien","@id":"https:\/\/vieassociative.be\/actualites\/#\/schema\/person\/b87ac4f82f9d4e7b7cec7395b679edc4"},"headline":"Ce moniteur LG 4K de 27 pouces vient de tomber \u00e0 moins de 200 $","datePublished":"2026-02-21T09:18:09+00:00","dateModified":"2026-02-21T09:18:09+00:00","mainEntityOfPage":{"@id":"https:\/\/vieassociative.be\/actualites\/ce-moniteur-lg-4k-de-27-pouces-vient-de-tomber-a-moins-de-200\/"},"wordCount":497,"publisher":{"@id":"https:\/\/vieassociative.be\/actualites\/#organization"},"image":{"@id":"https:\/\/vieassociative.be\/actualites\/ce-moniteur-lg-4k-de-27-pouces-vient-de-tomber-a-moins-de-200\/#primaryimage"},"thumbnailUrl":"https:\/\/vieassociative.be\/actualites\/wp-content\/uploads\/2026\/02\/Ce-moniteur-LG-4K-de-27-pouces-vient-de-tomber.png","keywords":["moins","moniteur","pouces","tomber","vient"],"articleSection":["Technologie"],"inLanguage":"fr-BE"},{"@type":"WebPage","@id":"https:\/\/vieassociative.be\/actualites\/ce-moniteur-lg-4k-de-27-pouces-vient-de-tomber-a-moins-de-200\/","url":"https:\/\/vieassociative.be\/actualites\/ce-moniteur-lg-4k-de-27-pouces-vient-de-tomber-a-moins-de-200\/","name":"Ce moniteur LG 4K de 27 pouces vient de tomber \u00e0 moins de 200 $ | Vie Associative","isPartOf":{"@id":"https:\/\/vieassociative.be\/actualites\/#website"},"primaryImageOfPage":{"@id":"https:\/\/vieassociative.be\/actualites\/ce-moniteur-lg-4k-de-27-pouces-vient-de-tomber-a-moins-de-200\/#primaryimage"},"image":{"@id":"https:\/\/vieassociative.be\/actualites\/ce-moniteur-lg-4k-de-27-pouces-vient-de-tomber-a-moins-de-200\/#primaryimage"},"thumbnailUrl":"https:\/\/vieassociative.be\/actualites\/wp-content\/uploads\/2026\/02\/Ce-moniteur-LG-4K-de-27-pouces-vient-de-tomber.png","datePublished":"2026-02-21T09:18:09+00:00","dateModified":"2026-02-21T09:18:09+00:00","breadcrumb":{"@id":"https:\/\/vieassociative.be\/actualites\/ce-moniteur-lg-4k-de-27-pouces-vient-de-tomber-a-moins-de-200\/#breadcrumb"},"inLanguage":"fr-BE","potentialAction":[{"@type":"ReadAction","target":["https:\/\/vieassociative.be\/actualites\/ce-moniteur-lg-4k-de-27-pouces-vient-de-tomber-a-moins-de-200\/"]}]},{"@type":"ImageObject","inLanguage":"fr-BE","@id":"https:\/\/vieassociative.be\/actualites\/ce-moniteur-lg-4k-de-27-pouces-vient-de-tomber-a-moins-de-200\/#primaryimage","url":"https:\/\/vieassociative.be\/actualites\/wp-content\/uploads\/2026\/02\/Ce-moniteur-LG-4K-de-27-pouces-vient-de-tomber.png","contentUrl":"https:\/\/vieassociative.be\/actualites\/wp-content\/uploads\/2026\/02\/Ce-moniteur-LG-4K-de-27-pouces-vient-de-tomber.png","width":1200,"height":675,"caption":"Ce moniteur LG 4K de 27 pouces vient de tomber \u00e0 moins de 200 $"},{"@type":"BreadcrumbList","@id":"https:\/\/vieassociative.be\/actualites\/ce-moniteur-lg-4k-de-27-pouces-vient-de-tomber-a-moins-de-200\/#breadcrumb","itemListElement":[{"@type":"ListItem","position":1,"name":"Accueil","item":"https:\/\/vieassociative.be\/actualites\/"},{"@type":"ListItem","position":2,"name":"Ce moniteur LG 4K de 27 pouces vient de tomber \u00e0 moins de 200 $"}]},{"@type":"WebSite","@id":"https:\/\/vieassociative.be\/actualites\/#website","url":"https:\/\/vieassociative.be\/actualites\/","name":"Vie Associative","description":"","publisher":{"@id":"https:\/\/vieassociative.be\/actualites\/#organization"},"potentialAction":[{"@type":"SearchAction","target":{"@type":"EntryPoint","urlTemplate":"https:\/\/vieassociative.be\/actualites\/?s={search_term_string}"},"query-input":{"@type":"PropertyValueSpecification","valueRequired":true,"valueName":"search_term_string"}}],"inLanguage":"fr-BE"},{"@type":"Organization","@id":"https:\/\/vieassociative.be\/actualites\/#organization","name":"Vie Associative","url":"https:\/\/vieassociative.be\/actualites\/","logo":{"@type":"ImageObject","inLanguage":"fr-BE","@id":"https:\/\/vieassociative.be\/actualites\/#\/schema\/logo\/image\/","url":"https:\/\/vieassociative.be\/actualites\/wp-content\/uploads\/2024\/09\/cropped-vieassociative_favicon.ico.png","contentUrl":"https:\/\/vieassociative.be\/actualites\/wp-content\/uploads\/2024\/09\/cropped-vieassociative_favicon.ico.png","width":512,"height":512,"caption":"Vie Associative"},"image":{"@id":"https:\/\/vieassociative.be\/actualites\/#\/schema\/logo\/image\/"}},{"@type":"Person","@id":"https:\/\/vieassociative.be\/actualites\/#\/schema\/person\/b87ac4f82f9d4e7b7cec7395b679edc4","name":"Julien","image":{"@type":"ImageObject","inLanguage":"fr-BE","@id":"https:\/\/vieassociative.be\/actualites\/#\/schema\/person\/image\/","url":"https:\/\/vieassociative.be\/actualites\/wp-content\/uploads\/2024\/09\/vie-associative-1-150x150.jpg","contentUrl":"https:\/\/vieassociative.be\/actualites\/wp-content\/uploads\/2024\/09\/vie-associative-1-150x150.jpg","caption":"Julien"},"description":"Je suis Julien, r\u00e9dacteur pour Vie Associative. Passionn\u00e9 par le monde associatif depuis plus de 10 ans, j'ai \u00e0 c\u0153ur de partager des histoires inspirantes et de mettre en lumi\u00e8re les initiatives locales. Mon objectif est de sensibiliser et d'encourager l'engagement communautaire \u00e0 travers mes articles.","sameAs":["https:\/\/vieassociative.be\/"]}]}},"_links":{"self":[{"href":"https:\/\/vieassociative.be\/actualites\/wp-json\/wp\/v2\/posts\/12736"}],"collection":[{"href":"https:\/\/vieassociative.be\/actualites\/wp-json\/wp\/v2\/posts"}],"about":[{"href":"https:\/\/vieassociative.be\/actualites\/wp-json\/wp\/v2\/types\/post"}],"author":[{"embeddable":true,"href":"https:\/\/vieassociative.be\/actualites\/wp-json\/wp\/v2\/users\/1"}],"replies":[{"embeddable":true,"href":"https:\/\/vieassociative.be\/actualites\/wp-json\/wp\/v2\/comments?post=12736"}],"version-history":[{"count":0,"href":"https:\/\/vieassociative.be\/actualites\/wp-json\/wp\/v2\/posts\/12736\/revisions"}],"wp:featuredmedia":[{"embeddable":true,"href":"https:\/\/vieassociative.be\/actualites\/wp-json\/wp\/v2\/media\/12737"}],"wp:attachment":[{"href":"https:\/\/vieassociative.be\/actualites\/wp-json\/wp\/v2\/media?parent=12736"}],"wp:term":[{"taxonomy":"category","embeddable":true,"href":"https:\/\/vieassociative.be\/actualites\/wp-json\/wp\/v2\/categories?post=12736"},{"taxonomy":"post_tag","embeddable":true,"href":"https:\/\/vieassociative.be\/actualites\/wp-json\/wp\/v2\/tags?post=12736"}],"curies":[{"name":"wp","href":"https:\/\/api.w.org\/{rel}","templated":true}]}}