{"id":12734,"date":"2026-02-21T04:18:59","date_gmt":"2026-02-21T03:18:59","guid":{"rendered":"https:\/\/vieassociative.be\/actualites\/lia-pourrait-rendre-votre-prochain-televiseur-plus-cher\/"},"modified":"2026-02-21T04:18:59","modified_gmt":"2026-02-21T03:18:59","slug":"lia-pourrait-rendre-votre-prochain-televiseur-plus-cher","status":"publish","type":"post","link":"https:\/\/vieassociative.be\/actualites\/lia-pourrait-rendre-votre-prochain-televiseur-plus-cher\/","title":{"rendered":"L&rsquo;IA pourrait rendre votre prochain t\u00e9l\u00e9viseur plus cher"},"content":{"rendered":"<p>Nous pouvons gagner une commission sur les liens sur cette page.<\/p>\n<p>La p\u00e9nurie de RAM provoqu\u00e9e par le boom de l\u2019intelligence artificielle, surnomm\u00e9e RAMageddon, n\u2019affecte pas seulement le prix des PC. L\u2019IA pourrait \u00e9galement rendre les nouveaux t\u00e9l\u00e9viseurs plus chers, tout comme les consoles de jeux, les t\u00e9l\u00e9phones portables, les cafeti\u00e8res high-tech et tout ce qui poss\u00e8de de la m\u00e9moire et un processeur. Mais si vous \u00eates \u00e0 la recherche d\u2019un nouveau t\u00e9l\u00e9viseur, vous feriez peut-\u00eatre mieux de l\u2019acheter le plus t\u00f4t possible.<\/p>\n<p>Comme le rapporte Axios, les t\u00e9l\u00e9viseurs n\u00e9cessitent g\u00e9n\u00e9ralement 1 Go \u00e0 8 Go de RAM pour ex\u00e9cuter les fonctionnalit\u00e9s \u00ab Smart TV \u00bb et traiter la vid\u00e9o et les donn\u00e9es, et le prix des unit\u00e9s de m\u00e9moire largement pr\u00e9sentes dans les t\u00e9l\u00e9viseurs 4K a plus que quadrupl\u00e9 au cours de la derni\u00e8re ann\u00e9e. Ce co\u00fbt suppl\u00e9mentaire pourrait \u00eatre r\u00e9percut\u00e9 sur les consommateurs : l&rsquo;analyste TrendForce a d\u00e9clar\u00e9 le mois dernier qu&rsquo;une hausse des prix des t\u00e9l\u00e9viseurs \u00e9tait \u00ab\u00a0in\u00e9vitable\u00a0\u00bb, tandis que Samsung a reconnu qu&rsquo;il pourrait devoir revoir le prix de ses produits. Cela dit, un t\u00e9l\u00e9viseur typique utilise moins de m\u00e9moire et une m\u00e9moire moins avanc\u00e9e que certains autres appareils cl\u00e9s, de sorte qu&rsquo;une \u00e9ventuelle hausse des prix sera probablement moins dramatique que pour des \u00e9l\u00e9ments comme les PC et les smartphones. Nous verrons avec certitude lorsque les constructeurs annonceront les prix de leurs mod\u00e8les 2026.<\/p>\n<h2 id=\"whats-causing-the-ram-shortage\">Quelle est la cause du manque de RAM ?<\/h2>\n<p>Des entreprises comme Microsoft, Google et Nvidia s&rsquo;approvisionnent en m\u00e9moire pour faire fonctionner des centres de donn\u00e9es d&rsquo;IA, et la plupart des fabricants de t\u00e9l\u00e9viseurs n&rsquo;ont pas le pouvoir de march\u00e9 de ces gigantesques soci\u00e9t\u00e9s. \u00ab\u00a0Lorsque la m\u00e9moire se resserre, les prix augmentent, les lancements de produits changent&#8230; les marges se contractent et les petites entreprises ont plus de difficult\u00e9s que les grands g\u00e9ants de la technologie\u00a0\u00bb, a d\u00e9clar\u00e9 Marco Mezger, vice-pr\u00e9sident ex\u00e9cutif de la soci\u00e9t\u00e9 de technologie de m\u00e9moire Neumonda, \u00e0 Axios.<em>. <\/em>Il y a cependant de bonnes nouvelles pour les consommateurs. <\/p>\n<h2 id=\"why-right-now-is-a-good-time-to-buy-a-new-television\">Pourquoi c&rsquo;est le bon moment pour acheter un nouveau t\u00e9l\u00e9viseur<\/h2>\n<p>Les prix plus \u00e9lev\u00e9s de la RAM n\u2019ont pas encore atteint le march\u00e9 de d\u00e9tail des t\u00e9l\u00e9viseurs, ce qui en fait le moment exceptionnellement bon pour acheter un t\u00e9l\u00e9viseur. Dans l\u2019ensemble, le prix des t\u00e9l\u00e9viseurs intelligents a diminu\u00e9 de 15 % entre 2024 et d\u00e9but 2026, vous partez donc d\u2019un bon point. De plus, les fabricants proposent g\u00e9n\u00e9ralement des prix plus bas \u00e0 cette p\u00e9riode de l\u2019ann\u00e9e pour lib\u00e9rer de l\u2019espace sur les \u00e9tag\u00e8res avant la sortie de nouveaux mod\u00e8les. Alors que la RAM plus ch\u00e8re pourrait \u00eatre int\u00e9gr\u00e9e au prix des t\u00e9l\u00e9viseurs 2026, les prix des t\u00e9l\u00e9viseurs en rayon \u00e9taient d\u00e9sormais fix\u00e9s avant que les effets de la p\u00e9nurie ne frappent le march\u00e9 de d\u00e9tail. De plus, certaines entreprises vendent leurs t\u00e9l\u00e9viseurs \u00e0 un prix inf\u00e9rieur parce qu&rsquo;ils font un <em>parcelle<\/em> d&rsquo;argent pour collecter vos donn\u00e9es, \u00e0 moins que vous ne fassiez ce que vous pouvez pour les arr\u00eater, bien s\u00fbr. Tout cela conduit \u00e0 des offres ridiculement bonnes, comme 900 $ pour un t\u00e9l\u00e9viseur OLED de 65 pouces de Samsung. En r\u00e9sum\u00e9 : si vous \u00eates \u00e0 la recherche d\u2019un nouveau t\u00e9l\u00e9viseur, n\u2019attendez pas. (Cependant, il y a de fortes chances que vous ne le fassiez pas <em>besoin <\/em>un nouveau t\u00e9l\u00e9viseur.)<\/p>\n<div class=\"pogoClear mb-12 mt-10 rounded-md border-2 border-gray-100 py-7 shadow-xl md:py-6\">\n<div class=\"flex flex-wrap justify-between px-7 text-black no-underline md:flex-nowrap md:px-8\">\n<div class=\"order-1 mx-auto flex flex-col justify-center md:order-2 md:ml-4 md:w-full md:grow\">\n<div class=\"block cursor-pointer text-center font-akshar text-2xl font-medium leading-7 text-brand-green duration-200 ease-in-out hover:text-brand-green-700 md:text-left md:text-xl md:leading-6\">Samsung &#8211; T\u00e9l\u00e9viseur intelligent Tizen OLED 4K UHD Vision AI Classe S84F de 65 pouces (2025)\n                <\/div>\n<div class=\"mt-4 hidden md:flex md:justify-between\">\n<div class=\"self-end\">\n<div class=\"mb-0 h-11 md:flex md:flex-col md:justify-center\">\n<div class=\" font-sans leading-4 text-black\">\n<div class=\"flex flex-wrap items-center justify-center gap-1 md:justify-start\">\n        <span class=\"font-bold\"><\/p>\n<p>            899,99\u00a0$<br \/>\n                            <span class=\"font-medium\">chez Best Buy<\/span><br \/>\n                    <\/span>\n            <\/div>\n<div class=\"flex items-center justify-center gap-x-1 font-bold md:justify-start\">\n            <span class=\"text-sm line-through\">1\u00a0999,99\u00a0$<\/span><br \/>\n            <span class=\"text-sm text-brand-green\">\u00c9conomisez 1\u00a0100,00\u00a0$<\/span>\n        <\/div>\n<\/p><\/div>\n<\/p><\/div>\n<\/p><\/div>\n<div class=\"w-44 self-end\">\n                            <button class=\"flex justify-center items-center w-full bg-brand-green text-white text-base font-sans font-medium rounded-md hover:bg-brand-green-700 hover:cursor-pointer md:text-sm h-11\"><\/p>\n<p>    Obtenez une offre<br \/>\n<\/button>\n                        <\/div>\n<\/p><\/div>\n<\/p><\/div>\n<div class=\"order-2 mt-5 h-auto w-full md:order-1 md:mt-0 md:hidden\">\n<div class=\"flex aspect-video items-center justify-center\">\n                                            <img decoding=\"async\" class=\"m-0 max-h-full max-w-full rounded-md\" src=\"https:\/\/vieassociative.be\/actualites\/wp-content\/uploads\/2026\/02\/LIA-pourrait-rendre-votre-prochain-televiseur-plus-cher.webp.webp\" alt=\"T\u00e9l\u00e9viseur Samsung\" width=\"auto\" height=\"auto\" loading=\"lazy\">\n                                    <\/div>\n<\/p><\/div>\n<div class=\"order-2 ml-2 hidden w-32 shrink-0 items-center md:order-1 md:ml-0 md:flex\">\n<div class=\"flex aspect-video items-center justify-center\">\n                                            <img decoding=\"async\" class=\"m-0 max-h-full max-w-full rounded-md\" src=\"https:\/\/vieassociative.be\/actualites\/wp-content\/uploads\/2026\/02\/LIA-pourrait-rendre-votre-prochain-televiseur-plus-cher.webp.webp\" alt=\"T\u00e9l\u00e9viseur Samsung\" width=\"auto\" height=\"auto\" loading=\"lazy\">\n                                    <\/div>\n<\/p><\/div>\n<div class=\"order-3 flex grow flex-wrap md:hidden md:grow-0\">\n<div class=\"mt-4 w-full\">\n                        <button class=\"flex justify-center items-center w-full bg-brand-green text-white text-base font-sans font-medium rounded-md hover:bg-brand-green-700 hover:cursor-pointer md:text-sm h-11\"><\/p>\n<p>    Obtenez une offre<br \/>\n<\/button>\n                    <\/div>\n<div class=\"mx-2 mt-4 w-full\">\n<div class=\" font-sans leading-4 text-black\">\n<div class=\"flex flex-wrap items-center justify-center gap-1 md:justify-start\">\n        <span class=\"font-bold\"><\/p>\n<p>            899,99\u00a0$<br \/>\n                            <span class=\"font-medium\">chez Best Buy<\/span><br \/>\n                    <\/span>\n            <\/div>\n<div class=\"flex items-center justify-center gap-x-1 font-bold md:justify-start\">\n            <span class=\"text-sm line-through\">1\u00a0999,99\u00a0$<\/span><br \/>\n            <span class=\"text-sm text-brand-green\">\u00c9conomisez 1\u00a0100,00\u00a0$<\/span>\n        <\/div>\n<\/p><\/div>\n<\/p><\/div>\n<\/p><\/div>\n<\/p><\/div>\n<\/div>\n<h2 id=\"how-long-is-the-ram-shortage-likely-to-last\">Combien de temps la p\u00e9nurie de RAM va-t-elle durer ?<\/h2>\n<p>Personne ne peut dire avec certitude combien de temps durera la p\u00e9nurie de m\u00e9moire, mais le consensus des analystes du secteur est que nous ne verrons probablement pas de retour \u00e0 tout ce que nous consid\u00e9rons comme normal avant 2028. La demande en IA devrait consommer 70 % de toutes les DRAM haut de gamme en 2026, les fabricants lui donnent donc la priorit\u00e9 aux puces m\u00e9moire moins avanc\u00e9es et moins demand\u00e9es utilis\u00e9es pour les t\u00e9l\u00e9viseurs et les appareils \u00e9lectrom\u00e9nagers. Alors que les investisseurs investissent des milliards pour acc\u00e9l\u00e9rer la fabrication de m\u00e9moires, il faut environ 19 mois pour qu&rsquo;une usine soit op\u00e9rationnelle \u00e0 Taiwan, et encore plus aux \u00c9tats-Unis, de sorte que les prix des t\u00e9l\u00e9viseurs resteront probablement \u00e9lev\u00e9s jusqu&rsquo;en 2028.  <\/p>\n","protected":false},"excerpt":{"rendered":"<p>Nous pouvons gagner une commission sur les liens sur cette page. La p\u00e9nurie de RAM provoqu\u00e9e par le boom de l\u2019intelligence artificielle, surnomm\u00e9e RAMageddon, n\u2019affecte<\/p>\n","protected":false},"author":1,"featured_media":12735,"comment_status":"","ping_status":"","sticky":false,"template":"","format":"standard","meta":{"footnotes":""},"categories":[1],"tags":[657,155,1041,1109,465,1978,8],"class_list":["post-12734","post","type-post","status-publish","format-standard","has-post-thumbnail","hentry","category-non-classe","tag-cher","tag-lia","tag-pourrait","tag-prochain","tag-rendre","tag-televiseur","tag-votre","generate-columns","tablet-grid-50","mobile-grid-100","grid-parent","grid-33"],"yoast_head":"<!-- This site is optimized with the Yoast SEO plugin v24.0 - https:\/\/yoast.com\/wordpress\/plugins\/seo\/ -->\n<title>L&#039;IA pourrait rendre votre prochain t\u00e9l\u00e9viseur plus cher | Vie Associative<\/title>\n<meta name=\"robots\" content=\"index, follow, max-snippet:-1, max-image-preview:large, max-video-preview:-1\" \/>\n<link rel=\"canonical\" href=\"https:\/\/vieassociative.be\/actualites\/lia-pourrait-rendre-votre-prochain-televiseur-plus-cher\/\" \/>\n<meta property=\"og:locale\" content=\"fr_FR\" \/>\n<meta property=\"og:type\" content=\"article\" \/>\n<meta property=\"og:title\" content=\"L&#039;IA pourrait rendre votre prochain t\u00e9l\u00e9viseur plus cher | Vie Associative\" \/>\n<meta property=\"og:description\" content=\"Nous pouvons gagner une commission sur les liens sur cette page. La p\u00e9nurie de RAM provoqu\u00e9e par le boom de l\u2019intelligence artificielle, surnomm\u00e9e RAMageddon, n\u2019affecte\" \/>\n<meta property=\"og:url\" content=\"https:\/\/vieassociative.be\/actualites\/lia-pourrait-rendre-votre-prochain-televiseur-plus-cher\/\" \/>\n<meta property=\"og:site_name\" content=\"Vie Associative\" \/>\n<meta property=\"article:published_time\" content=\"2026-02-21T03:18:59+00:00\" \/>\n<meta property=\"og:image\" content=\"https:\/\/vieassociative.be\/actualites\/wp-content\/uploads\/2026\/02\/LIA-pourrait-rendre-votre-prochain-televiseur-plus-cher.webp.webp\" \/>\n<meta name=\"author\" content=\"Julien\" \/>\n<meta name=\"twitter:card\" content=\"summary_large_image\" \/>\n<meta name=\"twitter:label1\" content=\"\u00c9crit par\" \/>\n\t<meta name=\"twitter:data1\" content=\"Julien\" \/>\n\t<meta name=\"twitter:label2\" content=\"Dur\u00e9e de lecture est.\" \/>\n\t<meta name=\"twitter:data2\" content=\"4 minutes\" \/>\n<script type=\"application\/ld+json\" class=\"yoast-schema-graph\">{\"@context\":\"https:\/\/schema.org\",\"@graph\":[{\"@type\":\"Article\",\"@id\":\"https:\/\/vieassociative.be\/actualites\/lia-pourrait-rendre-votre-prochain-televiseur-plus-cher\/#article\",\"isPartOf\":{\"@id\":\"https:\/\/vieassociative.be\/actualites\/lia-pourrait-rendre-votre-prochain-televiseur-plus-cher\/\"},\"author\":{\"name\":\"Julien\",\"@id\":\"https:\/\/vieassociative.be\/actualites\/#\/schema\/person\/b87ac4f82f9d4e7b7cec7395b679edc4\"},\"headline\":\"L&rsquo;IA pourrait rendre votre prochain t\u00e9l\u00e9viseur plus cher\",\"datePublished\":\"2026-02-21T03:18:59+00:00\",\"dateModified\":\"2026-02-21T03:18:59+00:00\",\"mainEntityOfPage\":{\"@id\":\"https:\/\/vieassociative.be\/actualites\/lia-pourrait-rendre-votre-prochain-televiseur-plus-cher\/\"},\"wordCount\":828,\"publisher\":{\"@id\":\"https:\/\/vieassociative.be\/actualites\/#organization\"},\"image\":{\"@id\":\"https:\/\/vieassociative.be\/actualites\/lia-pourrait-rendre-votre-prochain-televiseur-plus-cher\/#primaryimage\"},\"thumbnailUrl\":\"https:\/\/vieassociative.be\/actualites\/wp-content\/uploads\/2026\/02\/LIA-pourrait-rendre-votre-prochain-televiseur-plus-cher.png\",\"keywords\":[\"cher\",\"lIA\",\"pourrait\",\"prochain\",\"rendre\",\"t\u00e9l\u00e9viseur\",\"votre\"],\"inLanguage\":\"fr-BE\"},{\"@type\":\"WebPage\",\"@id\":\"https:\/\/vieassociative.be\/actualites\/lia-pourrait-rendre-votre-prochain-televiseur-plus-cher\/\",\"url\":\"https:\/\/vieassociative.be\/actualites\/lia-pourrait-rendre-votre-prochain-televiseur-plus-cher\/\",\"name\":\"L'IA pourrait rendre votre prochain t\u00e9l\u00e9viseur plus cher | Vie Associative\",\"isPartOf\":{\"@id\":\"https:\/\/vieassociative.be\/actualites\/#website\"},\"primaryImageOfPage\":{\"@id\":\"https:\/\/vieassociative.be\/actualites\/lia-pourrait-rendre-votre-prochain-televiseur-plus-cher\/#primaryimage\"},\"image\":{\"@id\":\"https:\/\/vieassociative.be\/actualites\/lia-pourrait-rendre-votre-prochain-televiseur-plus-cher\/#primaryimage\"},\"thumbnailUrl\":\"https:\/\/vieassociative.be\/actualites\/wp-content\/uploads\/2026\/02\/LIA-pourrait-rendre-votre-prochain-televiseur-plus-cher.png\",\"datePublished\":\"2026-02-21T03:18:59+00:00\",\"dateModified\":\"2026-02-21T03:18:59+00:00\",\"breadcrumb\":{\"@id\":\"https:\/\/vieassociative.be\/actualites\/lia-pourrait-rendre-votre-prochain-televiseur-plus-cher\/#breadcrumb\"},\"inLanguage\":\"fr-BE\",\"potentialAction\":[{\"@type\":\"ReadAction\",\"target\":[\"https:\/\/vieassociative.be\/actualites\/lia-pourrait-rendre-votre-prochain-televiseur-plus-cher\/\"]}]},{\"@type\":\"ImageObject\",\"inLanguage\":\"fr-BE\",\"@id\":\"https:\/\/vieassociative.be\/actualites\/lia-pourrait-rendre-votre-prochain-televiseur-plus-cher\/#primaryimage\",\"url\":\"https:\/\/vieassociative.be\/actualites\/wp-content\/uploads\/2026\/02\/LIA-pourrait-rendre-votre-prochain-televiseur-plus-cher.png\",\"contentUrl\":\"https:\/\/vieassociative.be\/actualites\/wp-content\/uploads\/2026\/02\/LIA-pourrait-rendre-votre-prochain-televiseur-plus-cher.png\",\"width\":1200,\"height\":675,\"caption\":\"L'IA pourrait rendre votre prochain t\u00e9l\u00e9viseur plus cher\"},{\"@type\":\"BreadcrumbList\",\"@id\":\"https:\/\/vieassociative.be\/actualites\/lia-pourrait-rendre-votre-prochain-televiseur-plus-cher\/#breadcrumb\",\"itemListElement\":[{\"@type\":\"ListItem\",\"position\":1,\"name\":\"Accueil\",\"item\":\"https:\/\/vieassociative.be\/actualites\/\"},{\"@type\":\"ListItem\",\"position\":2,\"name\":\"L&rsquo;IA pourrait rendre votre prochain t\u00e9l\u00e9viseur plus cher\"}]},{\"@type\":\"WebSite\",\"@id\":\"https:\/\/vieassociative.be\/actualites\/#website\",\"url\":\"https:\/\/vieassociative.be\/actualites\/\",\"name\":\"Vie Associative\",\"description\":\"\",\"publisher\":{\"@id\":\"https:\/\/vieassociative.be\/actualites\/#organization\"},\"potentialAction\":[{\"@type\":\"SearchAction\",\"target\":{\"@type\":\"EntryPoint\",\"urlTemplate\":\"https:\/\/vieassociative.be\/actualites\/?s={search_term_string}\"},\"query-input\":{\"@type\":\"PropertyValueSpecification\",\"valueRequired\":true,\"valueName\":\"search_term_string\"}}],\"inLanguage\":\"fr-BE\"},{\"@type\":\"Organization\",\"@id\":\"https:\/\/vieassociative.be\/actualites\/#organization\",\"name\":\"Vie Associative\",\"url\":\"https:\/\/vieassociative.be\/actualites\/\",\"logo\":{\"@type\":\"ImageObject\",\"inLanguage\":\"fr-BE\",\"@id\":\"https:\/\/vieassociative.be\/actualites\/#\/schema\/logo\/image\/\",\"url\":\"https:\/\/vieassociative.be\/actualites\/wp-content\/uploads\/2024\/09\/cropped-vieassociative_favicon.ico.png\",\"contentUrl\":\"https:\/\/vieassociative.be\/actualites\/wp-content\/uploads\/2024\/09\/cropped-vieassociative_favicon.ico.png\",\"width\":512,\"height\":512,\"caption\":\"Vie Associative\"},\"image\":{\"@id\":\"https:\/\/vieassociative.be\/actualites\/#\/schema\/logo\/image\/\"}},{\"@type\":\"Person\",\"@id\":\"https:\/\/vieassociative.be\/actualites\/#\/schema\/person\/b87ac4f82f9d4e7b7cec7395b679edc4\",\"name\":\"Julien\",\"image\":{\"@type\":\"ImageObject\",\"inLanguage\":\"fr-BE\",\"@id\":\"https:\/\/vieassociative.be\/actualites\/#\/schema\/person\/image\/\",\"url\":\"https:\/\/vieassociative.be\/actualites\/wp-content\/uploads\/2024\/09\/vie-associative-1-150x150.jpg\",\"contentUrl\":\"https:\/\/vieassociative.be\/actualites\/wp-content\/uploads\/2024\/09\/vie-associative-1-150x150.jpg\",\"caption\":\"Julien\"},\"description\":\"Je suis Julien, r\u00e9dacteur pour Vie Associative. Passionn\u00e9 par le monde associatif depuis plus de 10 ans, j'ai \u00e0 c\u0153ur de partager des histoires inspirantes et de mettre en lumi\u00e8re les initiatives locales. Mon objectif est de sensibiliser et d'encourager l'engagement communautaire \u00e0 travers mes articles.\",\"sameAs\":[\"https:\/\/vieassociative.be\/\"]}]}<\/script>\n<!-- \/ Yoast SEO plugin. -->","yoast_head_json":{"title":"L'IA pourrait rendre votre prochain t\u00e9l\u00e9viseur plus cher | Vie Associative","robots":{"index":"index","follow":"follow","max-snippet":"max-snippet:-1","max-image-preview":"max-image-preview:large","max-video-preview":"max-video-preview:-1"},"canonical":"https:\/\/vieassociative.be\/actualites\/lia-pourrait-rendre-votre-prochain-televiseur-plus-cher\/","og_locale":"fr_FR","og_type":"article","og_title":"L'IA pourrait rendre votre prochain t\u00e9l\u00e9viseur plus cher | Vie Associative","og_description":"Nous pouvons gagner une commission sur les liens sur cette page. La p\u00e9nurie de RAM provoqu\u00e9e par le boom de l\u2019intelligence artificielle, surnomm\u00e9e RAMageddon, n\u2019affecte","og_url":"https:\/\/vieassociative.be\/actualites\/lia-pourrait-rendre-votre-prochain-televiseur-plus-cher\/","og_site_name":"Vie Associative","article_published_time":"2026-02-21T03:18:59+00:00","og_image":[{"url":"https:\/\/vieassociative.be\/actualites\/wp-content\/uploads\/2026\/02\/LIA-pourrait-rendre-votre-prochain-televiseur-plus-cher.webp.webp","type":"","width":"","height":""}],"author":"Julien","twitter_card":"summary_large_image","twitter_misc":{"\u00c9crit par":"Julien","Dur\u00e9e de lecture est.":"4 minutes"},"schema":{"@context":"https:\/\/schema.org","@graph":[{"@type":"Article","@id":"https:\/\/vieassociative.be\/actualites\/lia-pourrait-rendre-votre-prochain-televiseur-plus-cher\/#article","isPartOf":{"@id":"https:\/\/vieassociative.be\/actualites\/lia-pourrait-rendre-votre-prochain-televiseur-plus-cher\/"},"author":{"name":"Julien","@id":"https:\/\/vieassociative.be\/actualites\/#\/schema\/person\/b87ac4f82f9d4e7b7cec7395b679edc4"},"headline":"L&rsquo;IA pourrait rendre votre prochain t\u00e9l\u00e9viseur plus cher","datePublished":"2026-02-21T03:18:59+00:00","dateModified":"2026-02-21T03:18:59+00:00","mainEntityOfPage":{"@id":"https:\/\/vieassociative.be\/actualites\/lia-pourrait-rendre-votre-prochain-televiseur-plus-cher\/"},"wordCount":828,"publisher":{"@id":"https:\/\/vieassociative.be\/actualites\/#organization"},"image":{"@id":"https:\/\/vieassociative.be\/actualites\/lia-pourrait-rendre-votre-prochain-televiseur-plus-cher\/#primaryimage"},"thumbnailUrl":"https:\/\/vieassociative.be\/actualites\/wp-content\/uploads\/2026\/02\/LIA-pourrait-rendre-votre-prochain-televiseur-plus-cher.png","keywords":["cher","lIA","pourrait","prochain","rendre","t\u00e9l\u00e9viseur","votre"],"inLanguage":"fr-BE"},{"@type":"WebPage","@id":"https:\/\/vieassociative.be\/actualites\/lia-pourrait-rendre-votre-prochain-televiseur-plus-cher\/","url":"https:\/\/vieassociative.be\/actualites\/lia-pourrait-rendre-votre-prochain-televiseur-plus-cher\/","name":"L'IA pourrait rendre votre prochain t\u00e9l\u00e9viseur plus cher | Vie Associative","isPartOf":{"@id":"https:\/\/vieassociative.be\/actualites\/#website"},"primaryImageOfPage":{"@id":"https:\/\/vieassociative.be\/actualites\/lia-pourrait-rendre-votre-prochain-televiseur-plus-cher\/#primaryimage"},"image":{"@id":"https:\/\/vieassociative.be\/actualites\/lia-pourrait-rendre-votre-prochain-televiseur-plus-cher\/#primaryimage"},"thumbnailUrl":"https:\/\/vieassociative.be\/actualites\/wp-content\/uploads\/2026\/02\/LIA-pourrait-rendre-votre-prochain-televiseur-plus-cher.png","datePublished":"2026-02-21T03:18:59+00:00","dateModified":"2026-02-21T03:18:59+00:00","breadcrumb":{"@id":"https:\/\/vieassociative.be\/actualites\/lia-pourrait-rendre-votre-prochain-televiseur-plus-cher\/#breadcrumb"},"inLanguage":"fr-BE","potentialAction":[{"@type":"ReadAction","target":["https:\/\/vieassociative.be\/actualites\/lia-pourrait-rendre-votre-prochain-televiseur-plus-cher\/"]}]},{"@type":"ImageObject","inLanguage":"fr-BE","@id":"https:\/\/vieassociative.be\/actualites\/lia-pourrait-rendre-votre-prochain-televiseur-plus-cher\/#primaryimage","url":"https:\/\/vieassociative.be\/actualites\/wp-content\/uploads\/2026\/02\/LIA-pourrait-rendre-votre-prochain-televiseur-plus-cher.png","contentUrl":"https:\/\/vieassociative.be\/actualites\/wp-content\/uploads\/2026\/02\/LIA-pourrait-rendre-votre-prochain-televiseur-plus-cher.png","width":1200,"height":675,"caption":"L'IA pourrait rendre votre prochain t\u00e9l\u00e9viseur plus cher"},{"@type":"BreadcrumbList","@id":"https:\/\/vieassociative.be\/actualites\/lia-pourrait-rendre-votre-prochain-televiseur-plus-cher\/#breadcrumb","itemListElement":[{"@type":"ListItem","position":1,"name":"Accueil","item":"https:\/\/vieassociative.be\/actualites\/"},{"@type":"ListItem","position":2,"name":"L&rsquo;IA pourrait rendre votre prochain t\u00e9l\u00e9viseur plus cher"}]},{"@type":"WebSite","@id":"https:\/\/vieassociative.be\/actualites\/#website","url":"https:\/\/vieassociative.be\/actualites\/","name":"Vie Associative","description":"","publisher":{"@id":"https:\/\/vieassociative.be\/actualites\/#organization"},"potentialAction":[{"@type":"SearchAction","target":{"@type":"EntryPoint","urlTemplate":"https:\/\/vieassociative.be\/actualites\/?s={search_term_string}"},"query-input":{"@type":"PropertyValueSpecification","valueRequired":true,"valueName":"search_term_string"}}],"inLanguage":"fr-BE"},{"@type":"Organization","@id":"https:\/\/vieassociative.be\/actualites\/#organization","name":"Vie Associative","url":"https:\/\/vieassociative.be\/actualites\/","logo":{"@type":"ImageObject","inLanguage":"fr-BE","@id":"https:\/\/vieassociative.be\/actualites\/#\/schema\/logo\/image\/","url":"https:\/\/vieassociative.be\/actualites\/wp-content\/uploads\/2024\/09\/cropped-vieassociative_favicon.ico.png","contentUrl":"https:\/\/vieassociative.be\/actualites\/wp-content\/uploads\/2024\/09\/cropped-vieassociative_favicon.ico.png","width":512,"height":512,"caption":"Vie Associative"},"image":{"@id":"https:\/\/vieassociative.be\/actualites\/#\/schema\/logo\/image\/"}},{"@type":"Person","@id":"https:\/\/vieassociative.be\/actualites\/#\/schema\/person\/b87ac4f82f9d4e7b7cec7395b679edc4","name":"Julien","image":{"@type":"ImageObject","inLanguage":"fr-BE","@id":"https:\/\/vieassociative.be\/actualites\/#\/schema\/person\/image\/","url":"https:\/\/vieassociative.be\/actualites\/wp-content\/uploads\/2024\/09\/vie-associative-1-150x150.jpg","contentUrl":"https:\/\/vieassociative.be\/actualites\/wp-content\/uploads\/2024\/09\/vie-associative-1-150x150.jpg","caption":"Julien"},"description":"Je suis Julien, r\u00e9dacteur pour Vie Associative. Passionn\u00e9 par le monde associatif depuis plus de 10 ans, j'ai \u00e0 c\u0153ur de partager des histoires inspirantes et de mettre en lumi\u00e8re les initiatives locales. Mon objectif est de sensibiliser et d'encourager l'engagement communautaire \u00e0 travers mes articles.","sameAs":["https:\/\/vieassociative.be\/"]}]}},"_links":{"self":[{"href":"https:\/\/vieassociative.be\/actualites\/wp-json\/wp\/v2\/posts\/12734"}],"collection":[{"href":"https:\/\/vieassociative.be\/actualites\/wp-json\/wp\/v2\/posts"}],"about":[{"href":"https:\/\/vieassociative.be\/actualites\/wp-json\/wp\/v2\/types\/post"}],"author":[{"embeddable":true,"href":"https:\/\/vieassociative.be\/actualites\/wp-json\/wp\/v2\/users\/1"}],"replies":[{"embeddable":true,"href":"https:\/\/vieassociative.be\/actualites\/wp-json\/wp\/v2\/comments?post=12734"}],"version-history":[{"count":0,"href":"https:\/\/vieassociative.be\/actualites\/wp-json\/wp\/v2\/posts\/12734\/revisions"}],"wp:featuredmedia":[{"embeddable":true,"href":"https:\/\/vieassociative.be\/actualites\/wp-json\/wp\/v2\/media\/12735"}],"wp:attachment":[{"href":"https:\/\/vieassociative.be\/actualites\/wp-json\/wp\/v2\/media?parent=12734"}],"wp:term":[{"taxonomy":"category","embeddable":true,"href":"https:\/\/vieassociative.be\/actualites\/wp-json\/wp\/v2\/categories?post=12734"},{"taxonomy":"post_tag","embeddable":true,"href":"https:\/\/vieassociative.be\/actualites\/wp-json\/wp\/v2\/tags?post=12734"}],"curies":[{"name":"wp","href":"https:\/\/api.w.org\/{rel}","templated":true}]}}