{"id":12732,"date":"2026-02-20T23:17:25","date_gmt":"2026-02-20T22:17:25","guid":{"rendered":"https:\/\/vieassociative.be\/actualites\/sa-petite-amie-meurt-de-froid-au-grosglockner-un-alpiniste-condamne\/"},"modified":"2026-02-20T23:17:25","modified_gmt":"2026-02-20T22:17:25","slug":"sa-petite-amie-meurt-de-froid-au-grosglockner-un-alpiniste-condamne","status":"publish","type":"post","link":"https:\/\/vieassociative.be\/actualites\/sa-petite-amie-meurt-de-froid-au-grosglockner-un-alpiniste-condamne\/","title":{"rendered":"Sa petite amie meurt de froid au Gro\u00dfglockner \u2013 un alpiniste condamn\u00e9"},"content":{"rendered":"<p><b>Le proc\u00e8s d\u2019Innsbruck a suscit\u00e9 l\u2019int\u00e9r\u00eat des m\u00e9dias dans toute l\u2019Europe. <\/b><strong>Apr\u00e8s qu&rsquo;une jeune femme soit morte de froid sur le Gro\u00dfglockner en Autriche, son petit ami et partenaire d&rsquo;escalade a \u00e9t\u00e9 reconnu coupable d&rsquo;homicide par n\u00e9gligence grave. <\/strong><\/p>\n<p><span id=\"more-437130\"><\/span>Le juge du tribunal r\u00e9gional d&rsquo;Innsbruck a prononc\u00e9 une peine de cinq mois avec sursis et une amende. Le verdict n&rsquo;est pas encore d\u00e9finitif.<\/p>\n<p>La femme de 33 ans et son petit ami, aujourd&rsquo;hui \u00e2g\u00e9 de 37 ans, ont gravi la plus haute montagne d&rsquo;Autriche en janvier 2025. La femme, compl\u00e8tement \u00e9puis\u00e9e, est d\u00e9c\u00e9d\u00e9e cette nuit-l\u00e0 dans des vents glacials juste en dessous du sommet de 3 798 m\u00e8tres. Elle est rest\u00e9e seule pendant que l&rsquo;homme tentait d&rsquo;obtenir de l&rsquo;aide.<\/p>\n<div id=\"attachment_437133\" class=\"wp-caption alignleft\" style=\"max-width: 300px\"><img fetchpriority=\"high\" decoding=\"async\" class=\"wp-image-437133 size-medium\" src=\"https:\/\/vieassociative.be\/actualites\/wp-content\/uploads\/2026\/02\/Sa-petite-amie-meurt-de-froid-au-Grosglockner-\u2013-un.jpg\" alt=\"\" width=\"300\" height=\"226\"  ><\/div>\n<p><strong>\u2013 La femme ne pouvait que ramper \u00e0 la fin :<\/strong> Le juge a justifi\u00e9 son verdict comme suit : L&rsquo;alpiniste exp\u00e9riment\u00e9 n&rsquo;avait pas tenu compte du fait que sa petite amie n&rsquo;avait jamais fait de randonn\u00e9es en montagne aussi exigeantes en hiver. \u00ab\u00a0Elle a march\u00e9 jusqu&rsquo;\u00e0 sa mort\u00a0\u00bb, a d\u00e9clar\u00e9 le juge. Finalement, elle rampait \u00e0 quatre pattes.<\/p>\n<p>Le pr\u00e9venu a \u00e9galement fourni \u00e0 sa petite amie du mat\u00e9riel inappropri\u00e9, a indiqu\u00e9 le juge. Il n&rsquo;a pas r\u00e9agi correctement sur la montagne lorsque le temps s&rsquo;est d\u00e9grad\u00e9 et sa petite amie a \u00e0 peine r\u00e9ussi \u00e0 progresser. Il n&rsquo;a pas arr\u00eat\u00e9 la tourn\u00e9e \u00e0 temps.<\/p>\n<p>Le juge a \u00e9galement soulign\u00e9 le volet tragique de cette affaire, suivie par de nombreux journalistes internationaux. \u00ab\u00a0Aucun jugement au monde ne ram\u00e8nera votre petite amie\u00a0\u00bb, a-t-il d\u00e9clar\u00e9.<\/p>\n<p><strong>\u2013 Alpiniste se consid\u00e8re comme innocent :<\/strong> Au d\u00e9but du proc\u00e8s, l\u2019accus\u00e9 s\u2019est adress\u00e9 au tribunal avec une d\u00e9claration \u00e9mouvante. Il voulait dire \u00ab que je suis incroyablement d\u00e9sol\u00e9 pour ce qui s\u2019est pass\u00e9 et comment c\u2019est arriv\u00e9 \u00bb. Mais il a plaid\u00e9 non coupable.<\/p>\n<div id=\"attachment_437134\" class=\"wp-caption alignleft\" style=\"max-width: 225px\"><img decoding=\"async\" class=\"wp-image-437134 size-medium\" src=\"https:\/\/vieassociative.be\/actualites\/wp-content\/uploads\/2026\/02\/1771625845_207_Sa-petite-amie-meurt-de-froid-au-Grosglockner-\u2013-un.jpg\" alt=\"\" width=\"225\" height=\"300\"  ><\/div>\n<p>L\u2019homme a soulign\u00e9 que sa petite amie \u00e9tait \u00e9galement une alpiniste passionn\u00e9e et tr\u00e8s sportive. \u00ab\u00a0Nous avons toujours planifi\u00e9 la tourn\u00e9e ensemble et pris les d\u00e9cisions ensemble\u00a0\u00bb, a d\u00e9clar\u00e9 l&rsquo;homme de 37 ans. Toutefois, du point de vue du juge, une grande partie de la responsabilit\u00e9 incombe \u00e0 l&rsquo;accus\u00e9, beaucoup plus exp\u00e9riment\u00e9.<\/p>\n<p>Le procureur a accus\u00e9 l&rsquo;homme d&rsquo;avoir laiss\u00e9 sa compagne \u00ab\u00a0sans protection, \u00e9puis\u00e9e, en hypothermie et d\u00e9sorient\u00e9e\u00a0\u00bb cette nuit-l\u00e0 juste en dessous du sommet de 3 798 m\u00e8tres.<\/p>\n<p><strong>\u2013 \u00ab Absolument incomp\u00e9tent \u00bb :<\/strong> Un expert alpin a \u00e9galement t\u00e9moign\u00e9 au proc\u00e8s. D\u2019une part, il consid\u00e9rait l\u2019accus\u00e9 comme un alpiniste extr\u00eamement puissant et exp\u00e9riment\u00e9. En revanche, il a \u00e9num\u00e9r\u00e9 bon nombre des erreurs de celui dont les connaissances alpines proviennent de la pratique et des vid\u00e9os en ligne. \u00ab Inappropri\u00e9 \u00bb, \u00ab incompr\u00e9hensible \u00bb, \u00ab absolument incomp\u00e9tent \u00bb : c\u2019est ainsi que l\u2019expert a d\u00e9crit la mauvaise communication du pr\u00e9venu avec les secouristes et son manque de technique de corde.<\/p>\n<p><strong>\u2013 Ex-petite amie \u00e9galement laiss\u00e9e seule sur le Gro\u00dfglockner :<\/strong> Une ex-petite amie de l&rsquo;accus\u00e9 a d\u00e9clar\u00e9 qu&rsquo;il l&rsquo;avait un jour laiss\u00e9e seule sur un autre itin\u00e9raire du Gro\u00dfglockner parce qu&rsquo;elle avan\u00e7ait trop lentement et que les deux s&rsquo;\u00e9taient disput\u00e9s au sujet de l&rsquo;itin\u00e9raire. \u00abPuis tout d&rsquo;un coup, il est parti\u00bb, dit-elle. \u00ab\u00a0C&rsquo;\u00e9tait le milieu de la nuit, ma lampe frontale s&rsquo;est \u00e9teinte, j&rsquo;\u00e9tais \u00e0 bout de forces\u00a0\u00bb, a racont\u00e9 le t\u00e9moin.<\/p>\n<p>Le juge a d\u00e9clar\u00e9 que l&rsquo;homme de 37 ans semblait avoir d&rsquo;\u00e9normes difficult\u00e9s \u00e0 g\u00e9rer la diff\u00e9rence entre ses grandes capacit\u00e9s et celles des autres. \u00ab Continuer \u00e0 tout prix \u00bb, c\u2019est ainsi que l\u2019avocat a d\u00e9crit l\u2019attitude de l\u2019accus\u00e9. (dpa\/cr\u00e9)<\/p>\n","protected":false},"excerpt":{"rendered":"<p>Le proc\u00e8s d\u2019Innsbruck a suscit\u00e9 l\u2019int\u00e9r\u00eat des m\u00e9dias dans toute l\u2019Europe. Apr\u00e8s qu&rsquo;une jeune femme soit morte de froid sur le Gro\u00dfglockner en Autriche, son<\/p>\n","protected":false},"author":1,"featured_media":12733,"comment_status":"","ping_status":"","sticky":false,"template":"","format":"standard","meta":{"footnotes":""},"categories":[298],"tags":[10076,7777,4139,1130,10075,7814,6936],"class_list":["post-12732","post","type-post","status-publish","format-standard","has-post-thumbnail","hentry","category-belgique","tag-alpiniste","tag-amie","tag-condamne","tag-froid","tag-grosglockner","tag-meurt","tag-petite","generate-columns","tablet-grid-50","mobile-grid-100","grid-parent","grid-33"],"yoast_head":"<!-- This site is optimized with the Yoast SEO plugin v24.0 - https:\/\/yoast.com\/wordpress\/plugins\/seo\/ -->\n<title>Sa petite amie meurt de froid au Gro\u00dfglockner \u2013 un alpiniste condamn\u00e9 | Vie Associative<\/title>\n<meta name=\"robots\" content=\"index, follow, max-snippet:-1, max-image-preview:large, max-video-preview:-1\" \/>\n<link rel=\"canonical\" href=\"https:\/\/vieassociative.be\/actualites\/sa-petite-amie-meurt-de-froid-au-grosglockner-un-alpiniste-condamne\/\" \/>\n<meta property=\"og:locale\" content=\"fr_FR\" \/>\n<meta property=\"og:type\" content=\"article\" \/>\n<meta property=\"og:title\" content=\"Sa petite amie meurt de froid au Gro\u00dfglockner \u2013 un alpiniste condamn\u00e9 | Vie Associative\" \/>\n<meta property=\"og:description\" content=\"Le proc\u00e8s d\u2019Innsbruck a suscit\u00e9 l\u2019int\u00e9r\u00eat des m\u00e9dias dans toute l\u2019Europe. Apr\u00e8s qu&rsquo;une jeune femme soit morte de froid sur le Gro\u00dfglockner en Autriche, son\" \/>\n<meta property=\"og:url\" content=\"https:\/\/vieassociative.be\/actualites\/sa-petite-amie-meurt-de-froid-au-grosglockner-un-alpiniste-condamne\/\" \/>\n<meta property=\"og:site_name\" content=\"Vie Associative\" \/>\n<meta property=\"article:published_time\" content=\"2026-02-20T22:17:25+00:00\" \/>\n<meta property=\"og:image\" content=\"https:\/\/vieassociative.be\/actualites\/wp-content\/uploads\/2024\/09\/header_backgroundk-01-e1726694325946.png\" \/>\n\t<meta property=\"og:image:width\" content=\"279\" \/>\n\t<meta property=\"og:image:height\" content=\"92\" \/>\n\t<meta property=\"og:image:type\" content=\"image\/png\" \/>\n<meta name=\"author\" content=\"Julien\" \/>\n<meta name=\"twitter:card\" content=\"summary_large_image\" \/>\n<meta name=\"twitter:label1\" content=\"\u00c9crit par\" \/>\n\t<meta name=\"twitter:data1\" content=\"Julien\" \/>\n\t<meta name=\"twitter:label2\" content=\"Dur\u00e9e de lecture est.\" \/>\n\t<meta name=\"twitter:data2\" content=\"3 minutes\" \/>\n<script type=\"application\/ld+json\" class=\"yoast-schema-graph\">{\"@context\":\"https:\/\/schema.org\",\"@graph\":[{\"@type\":\"Article\",\"@id\":\"https:\/\/vieassociative.be\/actualites\/sa-petite-amie-meurt-de-froid-au-grosglockner-un-alpiniste-condamne\/#article\",\"isPartOf\":{\"@id\":\"https:\/\/vieassociative.be\/actualites\/sa-petite-amie-meurt-de-froid-au-grosglockner-un-alpiniste-condamne\/\"},\"author\":{\"name\":\"Julien\",\"@id\":\"https:\/\/vieassociative.be\/actualites\/#\/schema\/person\/b87ac4f82f9d4e7b7cec7395b679edc4\"},\"headline\":\"Sa petite amie meurt de froid au Gro\u00dfglockner \u2013 un alpiniste condamn\u00e9\",\"datePublished\":\"2026-02-20T22:17:25+00:00\",\"dateModified\":\"2026-02-20T22:17:25+00:00\",\"mainEntityOfPage\":{\"@id\":\"https:\/\/vieassociative.be\/actualites\/sa-petite-amie-meurt-de-froid-au-grosglockner-un-alpiniste-condamne\/\"},\"wordCount\":662,\"publisher\":{\"@id\":\"https:\/\/vieassociative.be\/actualites\/#organization\"},\"image\":{\"@id\":\"https:\/\/vieassociative.be\/actualites\/sa-petite-amie-meurt-de-froid-au-grosglockner-un-alpiniste-condamne\/#primaryimage\"},\"thumbnailUrl\":\"https:\/\/vieassociative.be\/actualites\/wp-content\/uploads\/2026\/02\/1771625846_Sa-petite-amie-meurt-de-froid-au-Grosglockner-\u2013-un.jpg\",\"keywords\":[\"alpiniste\",\"amie\",\"condamn\u00e9\",\"froid\",\"Gro\u00dfglockner\",\"meurt\",\"petite\"],\"articleSection\":[\"Belgique\"],\"inLanguage\":\"fr-BE\"},{\"@type\":\"WebPage\",\"@id\":\"https:\/\/vieassociative.be\/actualites\/sa-petite-amie-meurt-de-froid-au-grosglockner-un-alpiniste-condamne\/\",\"url\":\"https:\/\/vieassociative.be\/actualites\/sa-petite-amie-meurt-de-froid-au-grosglockner-un-alpiniste-condamne\/\",\"name\":\"Sa petite amie meurt de froid au Gro\u00dfglockner \u2013 un alpiniste condamn\u00e9 | Vie Associative\",\"isPartOf\":{\"@id\":\"https:\/\/vieassociative.be\/actualites\/#website\"},\"primaryImageOfPage\":{\"@id\":\"https:\/\/vieassociative.be\/actualites\/sa-petite-amie-meurt-de-froid-au-grosglockner-un-alpiniste-condamne\/#primaryimage\"},\"image\":{\"@id\":\"https:\/\/vieassociative.be\/actualites\/sa-petite-amie-meurt-de-froid-au-grosglockner-un-alpiniste-condamne\/#primaryimage\"},\"thumbnailUrl\":\"https:\/\/vieassociative.be\/actualites\/wp-content\/uploads\/2026\/02\/1771625846_Sa-petite-amie-meurt-de-froid-au-Grosglockner-\u2013-un.jpg\",\"datePublished\":\"2026-02-20T22:17:25+00:00\",\"dateModified\":\"2026-02-20T22:17:25+00:00\",\"breadcrumb\":{\"@id\":\"https:\/\/vieassociative.be\/actualites\/sa-petite-amie-meurt-de-froid-au-grosglockner-un-alpiniste-condamne\/#breadcrumb\"},\"inLanguage\":\"fr-BE\",\"potentialAction\":[{\"@type\":\"ReadAction\",\"target\":[\"https:\/\/vieassociative.be\/actualites\/sa-petite-amie-meurt-de-froid-au-grosglockner-un-alpiniste-condamne\/\"]}]},{\"@type\":\"ImageObject\",\"inLanguage\":\"fr-BE\",\"@id\":\"https:\/\/vieassociative.be\/actualites\/sa-petite-amie-meurt-de-froid-au-grosglockner-un-alpiniste-condamne\/#primaryimage\",\"url\":\"https:\/\/vieassociative.be\/actualites\/wp-content\/uploads\/2026\/02\/1771625846_Sa-petite-amie-meurt-de-froid-au-Grosglockner-\u2013-un.jpg\",\"contentUrl\":\"https:\/\/vieassociative.be\/actualites\/wp-content\/uploads\/2026\/02\/1771625846_Sa-petite-amie-meurt-de-froid-au-Grosglockner-\u2013-un.jpg\",\"width\":1200,\"height\":857,\"caption\":\"Sa petite amie meurt de froid au Gro\u00dfglockner \u2013 un alpiniste condamn\u00e9\"},{\"@type\":\"BreadcrumbList\",\"@id\":\"https:\/\/vieassociative.be\/actualites\/sa-petite-amie-meurt-de-froid-au-grosglockner-un-alpiniste-condamne\/#breadcrumb\",\"itemListElement\":[{\"@type\":\"ListItem\",\"position\":1,\"name\":\"Accueil\",\"item\":\"https:\/\/vieassociative.be\/actualites\/\"},{\"@type\":\"ListItem\",\"position\":2,\"name\":\"Sa petite amie meurt de froid au Gro\u00dfglockner \u2013 un alpiniste condamn\u00e9\"}]},{\"@type\":\"WebSite\",\"@id\":\"https:\/\/vieassociative.be\/actualites\/#website\",\"url\":\"https:\/\/vieassociative.be\/actualites\/\",\"name\":\"Vie Associative\",\"description\":\"\",\"publisher\":{\"@id\":\"https:\/\/vieassociative.be\/actualites\/#organization\"},\"potentialAction\":[{\"@type\":\"SearchAction\",\"target\":{\"@type\":\"EntryPoint\",\"urlTemplate\":\"https:\/\/vieassociative.be\/actualites\/?s={search_term_string}\"},\"query-input\":{\"@type\":\"PropertyValueSpecification\",\"valueRequired\":true,\"valueName\":\"search_term_string\"}}],\"inLanguage\":\"fr-BE\"},{\"@type\":\"Organization\",\"@id\":\"https:\/\/vieassociative.be\/actualites\/#organization\",\"name\":\"Vie Associative\",\"url\":\"https:\/\/vieassociative.be\/actualites\/\",\"logo\":{\"@type\":\"ImageObject\",\"inLanguage\":\"fr-BE\",\"@id\":\"https:\/\/vieassociative.be\/actualites\/#\/schema\/logo\/image\/\",\"url\":\"https:\/\/vieassociative.be\/actualites\/wp-content\/uploads\/2024\/09\/cropped-vieassociative_favicon.ico.png\",\"contentUrl\":\"https:\/\/vieassociative.be\/actualites\/wp-content\/uploads\/2024\/09\/cropped-vieassociative_favicon.ico.png\",\"width\":512,\"height\":512,\"caption\":\"Vie Associative\"},\"image\":{\"@id\":\"https:\/\/vieassociative.be\/actualites\/#\/schema\/logo\/image\/\"}},{\"@type\":\"Person\",\"@id\":\"https:\/\/vieassociative.be\/actualites\/#\/schema\/person\/b87ac4f82f9d4e7b7cec7395b679edc4\",\"name\":\"Julien\",\"image\":{\"@type\":\"ImageObject\",\"inLanguage\":\"fr-BE\",\"@id\":\"https:\/\/vieassociative.be\/actualites\/#\/schema\/person\/image\/\",\"url\":\"https:\/\/vieassociative.be\/actualites\/wp-content\/uploads\/2024\/09\/vie-associative-1-150x150.jpg\",\"contentUrl\":\"https:\/\/vieassociative.be\/actualites\/wp-content\/uploads\/2024\/09\/vie-associative-1-150x150.jpg\",\"caption\":\"Julien\"},\"description\":\"Je suis Julien, r\u00e9dacteur pour Vie Associative. Passionn\u00e9 par le monde associatif depuis plus de 10 ans, j'ai \u00e0 c\u0153ur de partager des histoires inspirantes et de mettre en lumi\u00e8re les initiatives locales. Mon objectif est de sensibiliser et d'encourager l'engagement communautaire \u00e0 travers mes articles.\",\"sameAs\":[\"https:\/\/vieassociative.be\/\"]}]}<\/script>\n<!-- \/ Yoast SEO plugin. -->","yoast_head_json":{"title":"Sa petite amie meurt de froid au Gro\u00dfglockner \u2013 un alpiniste condamn\u00e9 | Vie Associative","robots":{"index":"index","follow":"follow","max-snippet":"max-snippet:-1","max-image-preview":"max-image-preview:large","max-video-preview":"max-video-preview:-1"},"canonical":"https:\/\/vieassociative.be\/actualites\/sa-petite-amie-meurt-de-froid-au-grosglockner-un-alpiniste-condamne\/","og_locale":"fr_FR","og_type":"article","og_title":"Sa petite amie meurt de froid au Gro\u00dfglockner \u2013 un alpiniste condamn\u00e9 | Vie Associative","og_description":"Le proc\u00e8s d\u2019Innsbruck a suscit\u00e9 l\u2019int\u00e9r\u00eat des m\u00e9dias dans toute l\u2019Europe. Apr\u00e8s qu&rsquo;une jeune femme soit morte de froid sur le Gro\u00dfglockner en Autriche, son","og_url":"https:\/\/vieassociative.be\/actualites\/sa-petite-amie-meurt-de-froid-au-grosglockner-un-alpiniste-condamne\/","og_site_name":"Vie Associative","article_published_time":"2026-02-20T22:17:25+00:00","og_image":[{"width":279,"height":92,"url":"https:\/\/vieassociative.be\/actualites\/wp-content\/uploads\/2024\/09\/header_backgroundk-01-e1726694325946.png","type":"image\/png"}],"author":"Julien","twitter_card":"summary_large_image","twitter_misc":{"\u00c9crit par":"Julien","Dur\u00e9e de lecture est.":"3 minutes"},"schema":{"@context":"https:\/\/schema.org","@graph":[{"@type":"Article","@id":"https:\/\/vieassociative.be\/actualites\/sa-petite-amie-meurt-de-froid-au-grosglockner-un-alpiniste-condamne\/#article","isPartOf":{"@id":"https:\/\/vieassociative.be\/actualites\/sa-petite-amie-meurt-de-froid-au-grosglockner-un-alpiniste-condamne\/"},"author":{"name":"Julien","@id":"https:\/\/vieassociative.be\/actualites\/#\/schema\/person\/b87ac4f82f9d4e7b7cec7395b679edc4"},"headline":"Sa petite amie meurt de froid au Gro\u00dfglockner \u2013 un alpiniste condamn\u00e9","datePublished":"2026-02-20T22:17:25+00:00","dateModified":"2026-02-20T22:17:25+00:00","mainEntityOfPage":{"@id":"https:\/\/vieassociative.be\/actualites\/sa-petite-amie-meurt-de-froid-au-grosglockner-un-alpiniste-condamne\/"},"wordCount":662,"publisher":{"@id":"https:\/\/vieassociative.be\/actualites\/#organization"},"image":{"@id":"https:\/\/vieassociative.be\/actualites\/sa-petite-amie-meurt-de-froid-au-grosglockner-un-alpiniste-condamne\/#primaryimage"},"thumbnailUrl":"https:\/\/vieassociative.be\/actualites\/wp-content\/uploads\/2026\/02\/1771625846_Sa-petite-amie-meurt-de-froid-au-Grosglockner-\u2013-un.jpg","keywords":["alpiniste","amie","condamn\u00e9","froid","Gro\u00dfglockner","meurt","petite"],"articleSection":["Belgique"],"inLanguage":"fr-BE"},{"@type":"WebPage","@id":"https:\/\/vieassociative.be\/actualites\/sa-petite-amie-meurt-de-froid-au-grosglockner-un-alpiniste-condamne\/","url":"https:\/\/vieassociative.be\/actualites\/sa-petite-amie-meurt-de-froid-au-grosglockner-un-alpiniste-condamne\/","name":"Sa petite amie meurt de froid au Gro\u00dfglockner \u2013 un alpiniste condamn\u00e9 | Vie Associative","isPartOf":{"@id":"https:\/\/vieassociative.be\/actualites\/#website"},"primaryImageOfPage":{"@id":"https:\/\/vieassociative.be\/actualites\/sa-petite-amie-meurt-de-froid-au-grosglockner-un-alpiniste-condamne\/#primaryimage"},"image":{"@id":"https:\/\/vieassociative.be\/actualites\/sa-petite-amie-meurt-de-froid-au-grosglockner-un-alpiniste-condamne\/#primaryimage"},"thumbnailUrl":"https:\/\/vieassociative.be\/actualites\/wp-content\/uploads\/2026\/02\/1771625846_Sa-petite-amie-meurt-de-froid-au-Grosglockner-\u2013-un.jpg","datePublished":"2026-02-20T22:17:25+00:00","dateModified":"2026-02-20T22:17:25+00:00","breadcrumb":{"@id":"https:\/\/vieassociative.be\/actualites\/sa-petite-amie-meurt-de-froid-au-grosglockner-un-alpiniste-condamne\/#breadcrumb"},"inLanguage":"fr-BE","potentialAction":[{"@type":"ReadAction","target":["https:\/\/vieassociative.be\/actualites\/sa-petite-amie-meurt-de-froid-au-grosglockner-un-alpiniste-condamne\/"]}]},{"@type":"ImageObject","inLanguage":"fr-BE","@id":"https:\/\/vieassociative.be\/actualites\/sa-petite-amie-meurt-de-froid-au-grosglockner-un-alpiniste-condamne\/#primaryimage","url":"https:\/\/vieassociative.be\/actualites\/wp-content\/uploads\/2026\/02\/1771625846_Sa-petite-amie-meurt-de-froid-au-Grosglockner-\u2013-un.jpg","contentUrl":"https:\/\/vieassociative.be\/actualites\/wp-content\/uploads\/2026\/02\/1771625846_Sa-petite-amie-meurt-de-froid-au-Grosglockner-\u2013-un.jpg","width":1200,"height":857,"caption":"Sa petite amie meurt de froid au Gro\u00dfglockner \u2013 un alpiniste condamn\u00e9"},{"@type":"BreadcrumbList","@id":"https:\/\/vieassociative.be\/actualites\/sa-petite-amie-meurt-de-froid-au-grosglockner-un-alpiniste-condamne\/#breadcrumb","itemListElement":[{"@type":"ListItem","position":1,"name":"Accueil","item":"https:\/\/vieassociative.be\/actualites\/"},{"@type":"ListItem","position":2,"name":"Sa petite amie meurt de froid au Gro\u00dfglockner \u2013 un alpiniste condamn\u00e9"}]},{"@type":"WebSite","@id":"https:\/\/vieassociative.be\/actualites\/#website","url":"https:\/\/vieassociative.be\/actualites\/","name":"Vie Associative","description":"","publisher":{"@id":"https:\/\/vieassociative.be\/actualites\/#organization"},"potentialAction":[{"@type":"SearchAction","target":{"@type":"EntryPoint","urlTemplate":"https:\/\/vieassociative.be\/actualites\/?s={search_term_string}"},"query-input":{"@type":"PropertyValueSpecification","valueRequired":true,"valueName":"search_term_string"}}],"inLanguage":"fr-BE"},{"@type":"Organization","@id":"https:\/\/vieassociative.be\/actualites\/#organization","name":"Vie Associative","url":"https:\/\/vieassociative.be\/actualites\/","logo":{"@type":"ImageObject","inLanguage":"fr-BE","@id":"https:\/\/vieassociative.be\/actualites\/#\/schema\/logo\/image\/","url":"https:\/\/vieassociative.be\/actualites\/wp-content\/uploads\/2024\/09\/cropped-vieassociative_favicon.ico.png","contentUrl":"https:\/\/vieassociative.be\/actualites\/wp-content\/uploads\/2024\/09\/cropped-vieassociative_favicon.ico.png","width":512,"height":512,"caption":"Vie Associative"},"image":{"@id":"https:\/\/vieassociative.be\/actualites\/#\/schema\/logo\/image\/"}},{"@type":"Person","@id":"https:\/\/vieassociative.be\/actualites\/#\/schema\/person\/b87ac4f82f9d4e7b7cec7395b679edc4","name":"Julien","image":{"@type":"ImageObject","inLanguage":"fr-BE","@id":"https:\/\/vieassociative.be\/actualites\/#\/schema\/person\/image\/","url":"https:\/\/vieassociative.be\/actualites\/wp-content\/uploads\/2024\/09\/vie-associative-1-150x150.jpg","contentUrl":"https:\/\/vieassociative.be\/actualites\/wp-content\/uploads\/2024\/09\/vie-associative-1-150x150.jpg","caption":"Julien"},"description":"Je suis Julien, r\u00e9dacteur pour Vie Associative. Passionn\u00e9 par le monde associatif depuis plus de 10 ans, j'ai \u00e0 c\u0153ur de partager des histoires inspirantes et de mettre en lumi\u00e8re les initiatives locales. Mon objectif est de sensibiliser et d'encourager l'engagement communautaire \u00e0 travers mes articles.","sameAs":["https:\/\/vieassociative.be\/"]}]}},"_links":{"self":[{"href":"https:\/\/vieassociative.be\/actualites\/wp-json\/wp\/v2\/posts\/12732"}],"collection":[{"href":"https:\/\/vieassociative.be\/actualites\/wp-json\/wp\/v2\/posts"}],"about":[{"href":"https:\/\/vieassociative.be\/actualites\/wp-json\/wp\/v2\/types\/post"}],"author":[{"embeddable":true,"href":"https:\/\/vieassociative.be\/actualites\/wp-json\/wp\/v2\/users\/1"}],"replies":[{"embeddable":true,"href":"https:\/\/vieassociative.be\/actualites\/wp-json\/wp\/v2\/comments?post=12732"}],"version-history":[{"count":0,"href":"https:\/\/vieassociative.be\/actualites\/wp-json\/wp\/v2\/posts\/12732\/revisions"}],"wp:featuredmedia":[{"embeddable":true,"href":"https:\/\/vieassociative.be\/actualites\/wp-json\/wp\/v2\/media\/12733"}],"wp:attachment":[{"href":"https:\/\/vieassociative.be\/actualites\/wp-json\/wp\/v2\/media?parent=12732"}],"wp:term":[{"taxonomy":"category","embeddable":true,"href":"https:\/\/vieassociative.be\/actualites\/wp-json\/wp\/v2\/categories?post=12732"},{"taxonomy":"post_tag","embeddable":true,"href":"https:\/\/vieassociative.be\/actualites\/wp-json\/wp\/v2\/tags?post=12732"}],"curies":[{"name":"wp","href":"https:\/\/api.w.org\/{rel}","templated":true}]}}