{"id":12728,"date":"2026-02-20T17:17:35","date_gmt":"2026-02-20T16:17:35","guid":{"rendered":"https:\/\/vieassociative.be\/actualites\/amere-defaite-de-trump-la-cour-supreme-declare-illegales-la-plupart-des-tarifs-douaniers-americains-quil-a-imposes\/"},"modified":"2026-02-20T17:17:35","modified_gmt":"2026-02-20T16:17:35","slug":"amere-defaite-de-trump-la-cour-supreme-declare-illegales-la-plupart-des-tarifs-douaniers-americains-quil-a-imposes","status":"publish","type":"post","link":"https:\/\/vieassociative.be\/actualites\/amere-defaite-de-trump-la-cour-supreme-declare-illegales-la-plupart-des-tarifs-douaniers-americains-quil-a-imposes\/","title":{"rendered":"Am\u00e8re d\u00e9faite de Trump : la Cour supr\u00eame d\u00e9clare ill\u00e9gales la plupart des tarifs douaniers am\u00e9ricains qu&rsquo;il a impos\u00e9s"},"content":{"rendered":"<p><strong>Au risque que l\u2019un ou l\u2019autre lecteur de \u00ab Ostbelgien Direkt \u00bb critique une fois de plus le trop grand nombre de reportages sur le pr\u00e9sident am\u00e9ricain Donald Trump, ce rapport est d\u2019une grande importance pour l\u2019\u00e9conomie mondiale en g\u00e9n\u00e9ral et pour l\u2019\u00e9conomie europ\u00e9enne en particulier : Trump a essuy\u00e9 une am\u00e8re d\u00e9faite devant la Cour supr\u00eame vendredi dans le diff\u00e9rend sur sa politique douani\u00e8re agressive.<\/strong><\/p>\n<p><span id=\"more-437126\"><\/span>La Cour supr\u00eame des \u00c9tats-Unis a statu\u00e9 que Trump avait outrepass\u00e9 son autorit\u00e9 en invoquant la loi d\u2019urgence pour imposer des droits de douane drastiques \u00e0 des dizaines de partenaires commerciaux, dont l\u2019Union europ\u00e9enne. La d\u00e9cision a \u00e9t\u00e9 prise \u00e0 une nette majorit\u00e9 de six contre trois des neuf juges.<\/p>\n<p>Avec cette d\u00e9cision, les tarifs douaniers de grande envergure impos\u00e9s par Trump manquent d\u00e9sormais de base l\u00e9gale. Cependant, l&rsquo;\u00e9quipe de Trump avait d\u00e9j\u00e0 annonc\u00e9 qu&rsquo;en cas de d\u00e9faite devant les tribunaux, elle tenterait de recourir \u00e0 d&rsquo;autres bases juridiques afin de continuer \u00e0 faire respecter la politique douani\u00e8re du pr\u00e9sident am\u00e9ricain.<\/p>\n<div id=\"attachment_437128\" class=\"wp-caption alignleft\" style=\"max-width: 300px\"><img fetchpriority=\"high\" decoding=\"async\" class=\"wp-image-437128 size-medium\" src=\"https:\/\/vieassociative.be\/actualites\/wp-content\/uploads\/2026\/02\/Amere-defaite-de-Trump-la-Cour-supreme-declare-illegales.jpg\" alt=\"\" width=\"300\" height=\"200\"><\/div>\n<p>De nombreux partenaires commerciaux des \u00c9tats-Unis esp\u00e8rent d\u00e9sormais probablement un all\u00e8gement des droits de douane am\u00e9ricains. Il n\u2019est toutefois pas certain que ces changements se produiront r\u00e9ellement \u00e0 long terme.<\/p>\n<p><strong>\u2013 Quels sont les droits de douane concern\u00e9s :<\/strong> Le pr\u00e9sident am\u00e9ricain a notamment invoqu\u00e9 la loi d&rsquo;urgence pour les droits de douane sp\u00e9cifiques \u00e0 certains pays annonc\u00e9s pour la premi\u00e8re fois d\u00e9but avril et qui affectent des dizaines de partenaires commerciaux des \u00c9tats-Unis. Son administration a ensuite accord\u00e9 des d\u00e9lais aux pays pour poursuivre les n\u00e9gociations avec les \u00c9tats-Unis. En cons\u00e9quence, certains taux de droits de douane ont \u00e9t\u00e9 modifi\u00e9s, notamment dans le cas de l&rsquo;UE, un accord a \u00e9t\u00e9 conclu. Depuis d\u00e9but ao\u00fbt, un taux de droit de 15 pour cent s&rsquo;applique aux importations de la plupart des produits europ\u00e9ens aux \u00c9tats-Unis.<\/p>\n<p>Il n\u2019\u00e9tait pas clair dans l\u2019imm\u00e9diat comment la d\u00e9cision du tribunal affecterait les tarifs douaniers am\u00e9ricains convenus dans le cadre de ces accords commerciaux. Il n\u2019\u00e9tait pas non plus clair au d\u00e9part si les entreprises recevraient un remboursement des imp\u00f4ts qu\u2019elles avaient d\u00e9j\u00e0 pay\u00e9s. Les observateurs et les juges ont par le pass\u00e9 mis en garde contre un possible \u00ab chaos \u00bb bureaucratique si le gouvernement \u00e9tait oblig\u00e9 de d\u00e9bourser des milliards.<\/p>\n<p><strong>\u2013 Ce que signifie la d\u00e9cision :<\/strong> La d\u00e9cision limite consid\u00e9rablement les pouvoirs pr\u00e9sidentiels en mati\u00e8re de politique commerciale que Trump s\u2019\u00e9tait auparavant attribu\u00e9s. Les juges ont clairement indiqu\u00e9 que seul le Parlement am\u00e9ricain avait le pouvoir d&rsquo;imposer des taxes et des droits de douane. La loi d&rsquo;urgence autorise le pr\u00e9sident \u00e0 r\u00e9glementer le commerce ext\u00e9rieur en cas d&rsquo;urgence nationale, mais pas \u00e0 imposer des droits de douane. Il s\u2019agit d\u2019une d\u00e9faite am\u00e8re pour Trump, qui souligne \u00e0 plusieurs reprises que les droits de douane sont l\u2019un de ses instruments favoris.<\/p>\n<\/p>\n<div id=\"attachment_412726\" class=\"wp-caption alignleft\" style=\"max-width: 300px\"><img decoding=\"async\" class=\"wp-image-412726 size-medium\" src=\"https:\/\/vieassociative.be\/actualites\/wp-content\/uploads\/2025\/04\/Trump-poursuit-sa-politique-commerciale-agressive-et-apporte-un-nouveau.jpg\" alt=\"\" width=\"300\" height=\"200\"><\/div>\n<p>Depuis le d\u00e9but de son deuxi\u00e8me mandat, il a impos\u00e9 des droits de douane \u00e0 de nombreux pays, dont les \u00c9tats de l&rsquo;UE. Son gouvernement a invoqu\u00e9 la Loi sur les pouvoirs \u00e9conomiques d\u2019urgence internationaux (IEEPA). La loi de 1977 stipule qu\u2019un pr\u00e9sident peut \u00e9mettre des d\u00e9crets en cas de crise sans avoir \u00e0 s\u2019adresser au Congr\u00e8s.<\/p>\n<p>Trump a fait valoir qu&rsquo;un d\u00e9s\u00e9quilibre permanent du commerce international mena\u00e7ait la s\u00e9curit\u00e9 nationale et consid\u00e9rait donc l&rsquo;\u00e9tat d&rsquo;urgence du pays comme respect\u00e9.<\/p>\n<p>Plusieurs entreprises et \u00c9tats am\u00e9ricains ont saisi les tribunaux contre cette pratique. Les tribunaux inf\u00e9rieurs ont statu\u00e9 en leur faveur, mais Trump a fait appel, de sorte que les tarifs sont rest\u00e9s en place et l&rsquo;affaire a finalement abouti devant la Cour supr\u00eame.<\/p>\n<p>Lors de l&rsquo;audience d\u00e9but novembre, plusieurs juges, notamment conservateurs, ont exprim\u00e9 des doutes sur l&rsquo;argumentation du gouvernement. Ils se sont demand\u00e9 si presque tous les principaux partenaires commerciaux des \u00c9tats-Unis pouvaient \u00eatre consid\u00e9r\u00e9s comme des risques pour la s\u00e9curit\u00e9.<\/p>\n<p>Dans leur d\u00e9cision, les juges ont soutenu que les \u00c9tats-Unis n\u2019\u00e9taient pas en guerre avec tous les pays concern\u00e9s et que la mesure ne pouvait donc pas \u00eatre fond\u00e9e sur des puissances de guerre. En temps de paix, le pr\u00e9sident n\u2019a pas le pouvoir d\u2019imposer des tarifs douaniers. (dpa)<\/p>\n<p><em><strong>Sur le sujet, voir aussi l&rsquo;article suivant sur l&rsquo;OD :<\/strong><\/em><\/p>\n<div class=\"responsive-embed widescreen\">\n<blockquote class=\"wp-embedded-content\" data-secret=\"9oKQlfYVBu\">\n<p>\u00ab M\u00e9galomanie du pr\u00e9sident am\u00e9ricain \u00bb : Grande banderole avec un portrait de Donald Trump au minist\u00e8re de la Justice<\/p>\n<\/blockquote>\n<p><iframe loading=\"lazy\" class=\"wp-embedded-content\" sandbox=\"allow-scripts\" security=\"restricted\" style=\"position: absolute; visibility: hidden;\" title=\"\u201e\u201eGr\u00f6\u00dfenwahn des US-Pr\u00e4sidenten\u201c: Gro\u00dfes Banner mit Portr\u00e4t von Donald Trump am Justizministerium\u201c \u2013 Ostbelgien Direkt\" src=\"https:\/\/ostbelgiendirekt.be\/about:blank\" data-secret=\"9oKQlfYVBu\" width=\"500\" height=\"282\" frameborder=\"0\" marginwidth=\"0\" marginheight=\"0\" scrolling=\"no\" data-rocket-lazyload=\"fitvidscompatible\" data-lazy-src=\"https:\/\/ostbelgiendirekt.be\/groessenwahn-us-praesident-437112\/embed#?secret=pf5XcE9qWv#?secret=9oKQlfYVBu\"><\/iframe><noscript><iframe class=\"wp-embedded-content\" sandbox=\"allow-scripts\" security=\"restricted\" style=\"position: absolute; visibility: hidden;\" title=\"\u201e\u201eGr\u00f6\u00dfenwahn des US-Pr\u00e4sidenten\u201c: Gro\u00dfes Banner mit Portr\u00e4t von Donald Trump am Justizministerium\u201c \u2013 Ostbelgien Direkt\" src=\"https:\/\/ostbelgiendirekt.be\/groessenwahn-us-praesident-437112\/embed#?secret=pf5XcE9qWv#?secret=9oKQlfYVBu\" data-secret=\"9oKQlfYVBu\" width=\"500\" height=\"282\" frameborder=\"0\" marginwidth=\"0\" marginheight=\"0\" scrolling=\"no\"><\/iframe><\/noscript><\/p>\n<\/div>\n","protected":false},"excerpt":{"rendered":"<p>Au risque que l\u2019un ou l\u2019autre lecteur de \u00ab Ostbelgien Direkt \u00bb critique une fois de plus le trop grand nombre de reportages sur le<\/p>\n","protected":false},"author":1,"featured_media":12729,"comment_status":"","ping_status":"","sticky":false,"template":"","format":"standard","meta":{"footnotes":""},"categories":[298],"tags":[10072,2061,2644,2248,2350,29,10073,6008,10074,2015,1855,3825,5819,2425],"class_list":["post-12728","post","type-post","status-publish","format-standard","has-post-thumbnail","hentry","category-belgique","tag-amere","tag-americains","tag-cour","tag-declare","tag-defaite","tag-des","tag-douaniers","tag-illegales","tag-imposes","tag-plupart","tag-quil","tag-supreme","tag-tarifs","tag-trump","generate-columns","tablet-grid-50","mobile-grid-100","grid-parent","grid-33"],"yoast_head":"<!-- This site is optimized with the Yoast SEO plugin v24.0 - https:\/\/yoast.com\/wordpress\/plugins\/seo\/ -->\n<title>Am\u00e8re d\u00e9faite de Trump : la Cour supr\u00eame d\u00e9clare ill\u00e9gales la plupart des tarifs douaniers am\u00e9ricains qu&#039;il a impos\u00e9s | Vie Associative<\/title>\n<meta name=\"robots\" content=\"index, follow, max-snippet:-1, max-image-preview:large, max-video-preview:-1\" \/>\n<link rel=\"canonical\" href=\"https:\/\/vieassociative.be\/actualites\/amere-defaite-de-trump-la-cour-supreme-declare-illegales-la-plupart-des-tarifs-douaniers-americains-quil-a-imposes\/\" \/>\n<meta property=\"og:locale\" content=\"fr_FR\" \/>\n<meta property=\"og:type\" content=\"article\" \/>\n<meta property=\"og:title\" content=\"Am\u00e8re d\u00e9faite de Trump : la Cour supr\u00eame d\u00e9clare ill\u00e9gales la plupart des tarifs douaniers am\u00e9ricains qu&#039;il a impos\u00e9s | Vie Associative\" \/>\n<meta property=\"og:description\" content=\"Au risque que l\u2019un ou l\u2019autre lecteur de \u00ab Ostbelgien Direkt \u00bb critique une fois de plus le trop grand nombre de reportages sur le\" \/>\n<meta property=\"og:url\" content=\"https:\/\/vieassociative.be\/actualites\/amere-defaite-de-trump-la-cour-supreme-declare-illegales-la-plupart-des-tarifs-douaniers-americains-quil-a-imposes\/\" \/>\n<meta property=\"og:site_name\" content=\"Vie Associative\" \/>\n<meta property=\"article:published_time\" content=\"2026-02-20T16:17:35+00:00\" \/>\n<meta property=\"og:image\" content=\"https:\/\/vieassociative.be\/actualites\/wp-content\/uploads\/2024\/09\/header_backgroundk-01-e1726694325946.png\" \/>\n\t<meta property=\"og:image:width\" content=\"279\" \/>\n\t<meta property=\"og:image:height\" content=\"92\" \/>\n\t<meta property=\"og:image:type\" content=\"image\/png\" \/>\n<meta name=\"author\" content=\"Julien\" \/>\n<meta name=\"twitter:card\" content=\"summary_large_image\" \/>\n<meta name=\"twitter:label1\" content=\"\u00c9crit par\" \/>\n\t<meta name=\"twitter:data1\" content=\"Julien\" \/>\n\t<meta name=\"twitter:label2\" content=\"Dur\u00e9e de lecture est.\" \/>\n\t<meta name=\"twitter:data2\" content=\"4 minutes\" \/>\n<script type=\"application\/ld+json\" class=\"yoast-schema-graph\">{\"@context\":\"https:\/\/schema.org\",\"@graph\":[{\"@type\":\"Article\",\"@id\":\"https:\/\/vieassociative.be\/actualites\/amere-defaite-de-trump-la-cour-supreme-declare-illegales-la-plupart-des-tarifs-douaniers-americains-quil-a-imposes\/#article\",\"isPartOf\":{\"@id\":\"https:\/\/vieassociative.be\/actualites\/amere-defaite-de-trump-la-cour-supreme-declare-illegales-la-plupart-des-tarifs-douaniers-americains-quil-a-imposes\/\"},\"author\":{\"name\":\"Julien\",\"@id\":\"https:\/\/vieassociative.be\/actualites\/#\/schema\/person\/b87ac4f82f9d4e7b7cec7395b679edc4\"},\"headline\":\"Am\u00e8re d\u00e9faite de Trump : la Cour supr\u00eame d\u00e9clare ill\u00e9gales la plupart des tarifs douaniers am\u00e9ricains qu&rsquo;il a impos\u00e9s\",\"datePublished\":\"2026-02-20T16:17:35+00:00\",\"dateModified\":\"2026-02-20T16:17:35+00:00\",\"mainEntityOfPage\":{\"@id\":\"https:\/\/vieassociative.be\/actualites\/amere-defaite-de-trump-la-cour-supreme-declare-illegales-la-plupart-des-tarifs-douaniers-americains-quil-a-imposes\/\"},\"wordCount\":832,\"publisher\":{\"@id\":\"https:\/\/vieassociative.be\/actualites\/#organization\"},\"image\":{\"@id\":\"https:\/\/vieassociative.be\/actualites\/amere-defaite-de-trump-la-cour-supreme-declare-illegales-la-plupart-des-tarifs-douaniers-americains-quil-a-imposes\/#primaryimage\"},\"thumbnailUrl\":\"https:\/\/vieassociative.be\/actualites\/wp-content\/uploads\/2026\/02\/1771604256_Amere-defaite-de-Trump-la-Cour-supreme-declare-illegales.jpg\",\"keywords\":[\"Am\u00e8re\",\"am\u00e9ricains\",\"cour\",\"d\u00e9clare\",\"D\u00e9faite\",\"Des\",\"douaniers\",\"ill\u00e9gales\",\"impos\u00e9s\",\"plupart\",\"quil\",\"supr\u00eame\",\"tarifs\",\"Trump\"],\"articleSection\":[\"Belgique\"],\"inLanguage\":\"fr-BE\"},{\"@type\":\"WebPage\",\"@id\":\"https:\/\/vieassociative.be\/actualites\/amere-defaite-de-trump-la-cour-supreme-declare-illegales-la-plupart-des-tarifs-douaniers-americains-quil-a-imposes\/\",\"url\":\"https:\/\/vieassociative.be\/actualites\/amere-defaite-de-trump-la-cour-supreme-declare-illegales-la-plupart-des-tarifs-douaniers-americains-quil-a-imposes\/\",\"name\":\"Am\u00e8re d\u00e9faite de Trump : la Cour supr\u00eame d\u00e9clare ill\u00e9gales la plupart des tarifs douaniers am\u00e9ricains qu'il a impos\u00e9s | Vie Associative\",\"isPartOf\":{\"@id\":\"https:\/\/vieassociative.be\/actualites\/#website\"},\"primaryImageOfPage\":{\"@id\":\"https:\/\/vieassociative.be\/actualites\/amere-defaite-de-trump-la-cour-supreme-declare-illegales-la-plupart-des-tarifs-douaniers-americains-quil-a-imposes\/#primaryimage\"},\"image\":{\"@id\":\"https:\/\/vieassociative.be\/actualites\/amere-defaite-de-trump-la-cour-supreme-declare-illegales-la-plupart-des-tarifs-douaniers-americains-quil-a-imposes\/#primaryimage\"},\"thumbnailUrl\":\"https:\/\/vieassociative.be\/actualites\/wp-content\/uploads\/2026\/02\/1771604256_Amere-defaite-de-Trump-la-Cour-supreme-declare-illegales.jpg\",\"datePublished\":\"2026-02-20T16:17:35+00:00\",\"dateModified\":\"2026-02-20T16:17:35+00:00\",\"breadcrumb\":{\"@id\":\"https:\/\/vieassociative.be\/actualites\/amere-defaite-de-trump-la-cour-supreme-declare-illegales-la-plupart-des-tarifs-douaniers-americains-quil-a-imposes\/#breadcrumb\"},\"inLanguage\":\"fr-BE\",\"potentialAction\":[{\"@type\":\"ReadAction\",\"target\":[\"https:\/\/vieassociative.be\/actualites\/amere-defaite-de-trump-la-cour-supreme-declare-illegales-la-plupart-des-tarifs-douaniers-americains-quil-a-imposes\/\"]}]},{\"@type\":\"ImageObject\",\"inLanguage\":\"fr-BE\",\"@id\":\"https:\/\/vieassociative.be\/actualites\/amere-defaite-de-trump-la-cour-supreme-declare-illegales-la-plupart-des-tarifs-douaniers-americains-quil-a-imposes\/#primaryimage\",\"url\":\"https:\/\/vieassociative.be\/actualites\/wp-content\/uploads\/2026\/02\/1771604256_Amere-defaite-de-Trump-la-Cour-supreme-declare-illegales.jpg\",\"contentUrl\":\"https:\/\/vieassociative.be\/actualites\/wp-content\/uploads\/2026\/02\/1771604256_Amere-defaite-de-Trump-la-Cour-supreme-declare-illegales.jpg\",\"width\":1200,\"height\":800,\"caption\":\"Am\u00e8re d\u00e9faite de Trump : la Cour supr\u00eame d\u00e9clare ill\u00e9gales la plupart des tarifs douaniers am\u00e9ricains qu'il a impos\u00e9s\"},{\"@type\":\"BreadcrumbList\",\"@id\":\"https:\/\/vieassociative.be\/actualites\/amere-defaite-de-trump-la-cour-supreme-declare-illegales-la-plupart-des-tarifs-douaniers-americains-quil-a-imposes\/#breadcrumb\",\"itemListElement\":[{\"@type\":\"ListItem\",\"position\":1,\"name\":\"Accueil\",\"item\":\"https:\/\/vieassociative.be\/actualites\/\"},{\"@type\":\"ListItem\",\"position\":2,\"name\":\"Am\u00e8re d\u00e9faite de Trump : la Cour supr\u00eame d\u00e9clare ill\u00e9gales la plupart des tarifs douaniers am\u00e9ricains qu&rsquo;il a impos\u00e9s\"}]},{\"@type\":\"WebSite\",\"@id\":\"https:\/\/vieassociative.be\/actualites\/#website\",\"url\":\"https:\/\/vieassociative.be\/actualites\/\",\"name\":\"Vie Associative\",\"description\":\"\",\"publisher\":{\"@id\":\"https:\/\/vieassociative.be\/actualites\/#organization\"},\"potentialAction\":[{\"@type\":\"SearchAction\",\"target\":{\"@type\":\"EntryPoint\",\"urlTemplate\":\"https:\/\/vieassociative.be\/actualites\/?s={search_term_string}\"},\"query-input\":{\"@type\":\"PropertyValueSpecification\",\"valueRequired\":true,\"valueName\":\"search_term_string\"}}],\"inLanguage\":\"fr-BE\"},{\"@type\":\"Organization\",\"@id\":\"https:\/\/vieassociative.be\/actualites\/#organization\",\"name\":\"Vie Associative\",\"url\":\"https:\/\/vieassociative.be\/actualites\/\",\"logo\":{\"@type\":\"ImageObject\",\"inLanguage\":\"fr-BE\",\"@id\":\"https:\/\/vieassociative.be\/actualites\/#\/schema\/logo\/image\/\",\"url\":\"https:\/\/vieassociative.be\/actualites\/wp-content\/uploads\/2024\/09\/cropped-vieassociative_favicon.ico.png\",\"contentUrl\":\"https:\/\/vieassociative.be\/actualites\/wp-content\/uploads\/2024\/09\/cropped-vieassociative_favicon.ico.png\",\"width\":512,\"height\":512,\"caption\":\"Vie Associative\"},\"image\":{\"@id\":\"https:\/\/vieassociative.be\/actualites\/#\/schema\/logo\/image\/\"}},{\"@type\":\"Person\",\"@id\":\"https:\/\/vieassociative.be\/actualites\/#\/schema\/person\/b87ac4f82f9d4e7b7cec7395b679edc4\",\"name\":\"Julien\",\"image\":{\"@type\":\"ImageObject\",\"inLanguage\":\"fr-BE\",\"@id\":\"https:\/\/vieassociative.be\/actualites\/#\/schema\/person\/image\/\",\"url\":\"https:\/\/vieassociative.be\/actualites\/wp-content\/uploads\/2024\/09\/vie-associative-1-150x150.jpg\",\"contentUrl\":\"https:\/\/vieassociative.be\/actualites\/wp-content\/uploads\/2024\/09\/vie-associative-1-150x150.jpg\",\"caption\":\"Julien\"},\"description\":\"Je suis Julien, r\u00e9dacteur pour Vie Associative. Passionn\u00e9 par le monde associatif depuis plus de 10 ans, j'ai \u00e0 c\u0153ur de partager des histoires inspirantes et de mettre en lumi\u00e8re les initiatives locales. Mon objectif est de sensibiliser et d'encourager l'engagement communautaire \u00e0 travers mes articles.\",\"sameAs\":[\"https:\/\/vieassociative.be\/\"]}]}<\/script>\n<!-- \/ Yoast SEO plugin. -->","yoast_head_json":{"title":"Am\u00e8re d\u00e9faite de Trump : la Cour supr\u00eame d\u00e9clare ill\u00e9gales la plupart des tarifs douaniers am\u00e9ricains qu'il a impos\u00e9s | Vie Associative","robots":{"index":"index","follow":"follow","max-snippet":"max-snippet:-1","max-image-preview":"max-image-preview:large","max-video-preview":"max-video-preview:-1"},"canonical":"https:\/\/vieassociative.be\/actualites\/amere-defaite-de-trump-la-cour-supreme-declare-illegales-la-plupart-des-tarifs-douaniers-americains-quil-a-imposes\/","og_locale":"fr_FR","og_type":"article","og_title":"Am\u00e8re d\u00e9faite de Trump : la Cour supr\u00eame d\u00e9clare ill\u00e9gales la plupart des tarifs douaniers am\u00e9ricains qu'il a impos\u00e9s | Vie Associative","og_description":"Au risque que l\u2019un ou l\u2019autre lecteur de \u00ab Ostbelgien Direkt \u00bb critique une fois de plus le trop grand nombre de reportages sur le","og_url":"https:\/\/vieassociative.be\/actualites\/amere-defaite-de-trump-la-cour-supreme-declare-illegales-la-plupart-des-tarifs-douaniers-americains-quil-a-imposes\/","og_site_name":"Vie Associative","article_published_time":"2026-02-20T16:17:35+00:00","og_image":[{"width":279,"height":92,"url":"https:\/\/vieassociative.be\/actualites\/wp-content\/uploads\/2024\/09\/header_backgroundk-01-e1726694325946.png","type":"image\/png"}],"author":"Julien","twitter_card":"summary_large_image","twitter_misc":{"\u00c9crit par":"Julien","Dur\u00e9e de lecture est.":"4 minutes"},"schema":{"@context":"https:\/\/schema.org","@graph":[{"@type":"Article","@id":"https:\/\/vieassociative.be\/actualites\/amere-defaite-de-trump-la-cour-supreme-declare-illegales-la-plupart-des-tarifs-douaniers-americains-quil-a-imposes\/#article","isPartOf":{"@id":"https:\/\/vieassociative.be\/actualites\/amere-defaite-de-trump-la-cour-supreme-declare-illegales-la-plupart-des-tarifs-douaniers-americains-quil-a-imposes\/"},"author":{"name":"Julien","@id":"https:\/\/vieassociative.be\/actualites\/#\/schema\/person\/b87ac4f82f9d4e7b7cec7395b679edc4"},"headline":"Am\u00e8re d\u00e9faite de Trump : la Cour supr\u00eame d\u00e9clare ill\u00e9gales la plupart des tarifs douaniers am\u00e9ricains qu&rsquo;il a impos\u00e9s","datePublished":"2026-02-20T16:17:35+00:00","dateModified":"2026-02-20T16:17:35+00:00","mainEntityOfPage":{"@id":"https:\/\/vieassociative.be\/actualites\/amere-defaite-de-trump-la-cour-supreme-declare-illegales-la-plupart-des-tarifs-douaniers-americains-quil-a-imposes\/"},"wordCount":832,"publisher":{"@id":"https:\/\/vieassociative.be\/actualites\/#organization"},"image":{"@id":"https:\/\/vieassociative.be\/actualites\/amere-defaite-de-trump-la-cour-supreme-declare-illegales-la-plupart-des-tarifs-douaniers-americains-quil-a-imposes\/#primaryimage"},"thumbnailUrl":"https:\/\/vieassociative.be\/actualites\/wp-content\/uploads\/2026\/02\/1771604256_Amere-defaite-de-Trump-la-Cour-supreme-declare-illegales.jpg","keywords":["Am\u00e8re","am\u00e9ricains","cour","d\u00e9clare","D\u00e9faite","Des","douaniers","ill\u00e9gales","impos\u00e9s","plupart","quil","supr\u00eame","tarifs","Trump"],"articleSection":["Belgique"],"inLanguage":"fr-BE"},{"@type":"WebPage","@id":"https:\/\/vieassociative.be\/actualites\/amere-defaite-de-trump-la-cour-supreme-declare-illegales-la-plupart-des-tarifs-douaniers-americains-quil-a-imposes\/","url":"https:\/\/vieassociative.be\/actualites\/amere-defaite-de-trump-la-cour-supreme-declare-illegales-la-plupart-des-tarifs-douaniers-americains-quil-a-imposes\/","name":"Am\u00e8re d\u00e9faite de Trump : la Cour supr\u00eame d\u00e9clare ill\u00e9gales la plupart des tarifs douaniers am\u00e9ricains qu'il a impos\u00e9s | Vie Associative","isPartOf":{"@id":"https:\/\/vieassociative.be\/actualites\/#website"},"primaryImageOfPage":{"@id":"https:\/\/vieassociative.be\/actualites\/amere-defaite-de-trump-la-cour-supreme-declare-illegales-la-plupart-des-tarifs-douaniers-americains-quil-a-imposes\/#primaryimage"},"image":{"@id":"https:\/\/vieassociative.be\/actualites\/amere-defaite-de-trump-la-cour-supreme-declare-illegales-la-plupart-des-tarifs-douaniers-americains-quil-a-imposes\/#primaryimage"},"thumbnailUrl":"https:\/\/vieassociative.be\/actualites\/wp-content\/uploads\/2026\/02\/1771604256_Amere-defaite-de-Trump-la-Cour-supreme-declare-illegales.jpg","datePublished":"2026-02-20T16:17:35+00:00","dateModified":"2026-02-20T16:17:35+00:00","breadcrumb":{"@id":"https:\/\/vieassociative.be\/actualites\/amere-defaite-de-trump-la-cour-supreme-declare-illegales-la-plupart-des-tarifs-douaniers-americains-quil-a-imposes\/#breadcrumb"},"inLanguage":"fr-BE","potentialAction":[{"@type":"ReadAction","target":["https:\/\/vieassociative.be\/actualites\/amere-defaite-de-trump-la-cour-supreme-declare-illegales-la-plupart-des-tarifs-douaniers-americains-quil-a-imposes\/"]}]},{"@type":"ImageObject","inLanguage":"fr-BE","@id":"https:\/\/vieassociative.be\/actualites\/amere-defaite-de-trump-la-cour-supreme-declare-illegales-la-plupart-des-tarifs-douaniers-americains-quil-a-imposes\/#primaryimage","url":"https:\/\/vieassociative.be\/actualites\/wp-content\/uploads\/2026\/02\/1771604256_Amere-defaite-de-Trump-la-Cour-supreme-declare-illegales.jpg","contentUrl":"https:\/\/vieassociative.be\/actualites\/wp-content\/uploads\/2026\/02\/1771604256_Amere-defaite-de-Trump-la-Cour-supreme-declare-illegales.jpg","width":1200,"height":800,"caption":"Am\u00e8re d\u00e9faite de Trump : la Cour supr\u00eame d\u00e9clare ill\u00e9gales la plupart des tarifs douaniers am\u00e9ricains qu'il a impos\u00e9s"},{"@type":"BreadcrumbList","@id":"https:\/\/vieassociative.be\/actualites\/amere-defaite-de-trump-la-cour-supreme-declare-illegales-la-plupart-des-tarifs-douaniers-americains-quil-a-imposes\/#breadcrumb","itemListElement":[{"@type":"ListItem","position":1,"name":"Accueil","item":"https:\/\/vieassociative.be\/actualites\/"},{"@type":"ListItem","position":2,"name":"Am\u00e8re d\u00e9faite de Trump : la Cour supr\u00eame d\u00e9clare ill\u00e9gales la plupart des tarifs douaniers am\u00e9ricains qu&rsquo;il a impos\u00e9s"}]},{"@type":"WebSite","@id":"https:\/\/vieassociative.be\/actualites\/#website","url":"https:\/\/vieassociative.be\/actualites\/","name":"Vie Associative","description":"","publisher":{"@id":"https:\/\/vieassociative.be\/actualites\/#organization"},"potentialAction":[{"@type":"SearchAction","target":{"@type":"EntryPoint","urlTemplate":"https:\/\/vieassociative.be\/actualites\/?s={search_term_string}"},"query-input":{"@type":"PropertyValueSpecification","valueRequired":true,"valueName":"search_term_string"}}],"inLanguage":"fr-BE"},{"@type":"Organization","@id":"https:\/\/vieassociative.be\/actualites\/#organization","name":"Vie Associative","url":"https:\/\/vieassociative.be\/actualites\/","logo":{"@type":"ImageObject","inLanguage":"fr-BE","@id":"https:\/\/vieassociative.be\/actualites\/#\/schema\/logo\/image\/","url":"https:\/\/vieassociative.be\/actualites\/wp-content\/uploads\/2024\/09\/cropped-vieassociative_favicon.ico.png","contentUrl":"https:\/\/vieassociative.be\/actualites\/wp-content\/uploads\/2024\/09\/cropped-vieassociative_favicon.ico.png","width":512,"height":512,"caption":"Vie Associative"},"image":{"@id":"https:\/\/vieassociative.be\/actualites\/#\/schema\/logo\/image\/"}},{"@type":"Person","@id":"https:\/\/vieassociative.be\/actualites\/#\/schema\/person\/b87ac4f82f9d4e7b7cec7395b679edc4","name":"Julien","image":{"@type":"ImageObject","inLanguage":"fr-BE","@id":"https:\/\/vieassociative.be\/actualites\/#\/schema\/person\/image\/","url":"https:\/\/vieassociative.be\/actualites\/wp-content\/uploads\/2024\/09\/vie-associative-1-150x150.jpg","contentUrl":"https:\/\/vieassociative.be\/actualites\/wp-content\/uploads\/2024\/09\/vie-associative-1-150x150.jpg","caption":"Julien"},"description":"Je suis Julien, r\u00e9dacteur pour Vie Associative. Passionn\u00e9 par le monde associatif depuis plus de 10 ans, j'ai \u00e0 c\u0153ur de partager des histoires inspirantes et de mettre en lumi\u00e8re les initiatives locales. Mon objectif est de sensibiliser et d'encourager l'engagement communautaire \u00e0 travers mes articles.","sameAs":["https:\/\/vieassociative.be\/"]}]}},"_links":{"self":[{"href":"https:\/\/vieassociative.be\/actualites\/wp-json\/wp\/v2\/posts\/12728"}],"collection":[{"href":"https:\/\/vieassociative.be\/actualites\/wp-json\/wp\/v2\/posts"}],"about":[{"href":"https:\/\/vieassociative.be\/actualites\/wp-json\/wp\/v2\/types\/post"}],"author":[{"embeddable":true,"href":"https:\/\/vieassociative.be\/actualites\/wp-json\/wp\/v2\/users\/1"}],"replies":[{"embeddable":true,"href":"https:\/\/vieassociative.be\/actualites\/wp-json\/wp\/v2\/comments?post=12728"}],"version-history":[{"count":0,"href":"https:\/\/vieassociative.be\/actualites\/wp-json\/wp\/v2\/posts\/12728\/revisions"}],"wp:featuredmedia":[{"embeddable":true,"href":"https:\/\/vieassociative.be\/actualites\/wp-json\/wp\/v2\/media\/12729"}],"wp:attachment":[{"href":"https:\/\/vieassociative.be\/actualites\/wp-json\/wp\/v2\/media?parent=12728"}],"wp:term":[{"taxonomy":"category","embeddable":true,"href":"https:\/\/vieassociative.be\/actualites\/wp-json\/wp\/v2\/categories?post=12728"},{"taxonomy":"post_tag","embeddable":true,"href":"https:\/\/vieassociative.be\/actualites\/wp-json\/wp\/v2\/tags?post=12728"}],"curies":[{"name":"wp","href":"https:\/\/api.w.org\/{rel}","templated":true}]}}