{"id":12724,"date":"2026-02-20T11:17:10","date_gmt":"2026-02-20T10:17:10","guid":{"rendered":"https:\/\/vieassociative.be\/actualites\/megalomanie-du-president-americain-grande-banderole-avec-un-portrait-de-donald-trump-au-ministere-de-la-justice\/"},"modified":"2026-02-20T11:17:10","modified_gmt":"2026-02-20T10:17:10","slug":"megalomanie-du-president-americain-grande-banderole-avec-un-portrait-de-donald-trump-au-ministere-de-la-justice","status":"publish","type":"post","link":"https:\/\/vieassociative.be\/actualites\/megalomanie-du-president-americain-grande-banderole-avec-un-portrait-de-donald-trump-au-ministere-de-la-justice\/","title":{"rendered":"\u00ab M\u00e9galomanie du pr\u00e9sident am\u00e9ricain \u00bb : Grande banderole avec un portrait de Donald Trump au minist\u00e8re de la Justice"},"content":{"rendered":"<p><strong>\u00c0 Washington, une tr\u00e8s grande banderole arborant le portrait du pr\u00e9sident am\u00e9ricain Donald Trump et les mots \u00ab Make America Safe Again \u00bb, un slogan que son administration utilise pour promouvoir sa politique de lutte contre l&rsquo;immigration clandestine et la criminalit\u00e9 violente, a \u00e9t\u00e9 plac\u00e9e devant le si\u00e8ge du minist\u00e8re am\u00e9ricain de la Justice (DOJ).<\/strong><\/p>\n<p><span id=\"more-437112\"><\/span>La banni\u00e8re est suspendue entre deux colonnes dans un coin du b\u00e2timent historique du DOJ et est visible de loin. Les responsables ont d\u00e9clar\u00e9 que cela faisait partie d&rsquo;une \u00ab\u00a0c\u00e9l\u00e9bration\u00a0\u00bb du prochain 250e anniversaire de l&rsquo;ind\u00e9pendance des \u00c9tats-Unis et pour souligner les r\u00e9alisations de l&rsquo;agence dans la lutte contre la criminalit\u00e9.<\/p>\n<p>Cette d\u00e9cision suscite un vif d\u00e9bat politique aux \u00c9tats-Unis, car le minist\u00e8re de la Justice est traditionnellement consid\u00e9r\u00e9 comme un organisme ind\u00e9pendant d\u2019application de la loi qui ne devrait pas se laisser exploiter pour des messages politiques partisans.<\/p>\n<div id=\"attachment_437114\" class=\"wp-caption alignleft\" style=\"max-width: 300px\"><img fetchpriority=\"high\" decoding=\"async\" class=\"wp-image-437114 size-medium\" src=\"https:\/\/vieassociative.be\/actualites\/wp-content\/uploads\/2026\/02\/Megalomanie-du-president-americain-Grande-banderole-avec.jpg\" alt=\"\" width=\"300\" height=\"200\"><\/div>\n<p>Les critiques voient cet incident comme un symbole de la politisation croissante du syst\u00e8me judiciaire par Trump, qui voulait signaler que le DOJ sous sa direction est fortement influenc\u00e9 par la pr\u00e9sidence &#8211; y compris dans les enqu\u00eates en cours et pr\u00e9c\u00e9dentes.<\/p>\n<p>Les observateurs et anciens responsables soulignent qu\u2019une agence f\u00e9d\u00e9rale comme le DOJ doit rester neutre et ind\u00e9pendante, quelle que soit l\u2019administration actuelle.<\/p>\n<p><strong>\u2013 Les relations de Trump avec les autorit\u00e9s f\u00e9d\u00e9rales :<\/strong> La banni\u00e8re du DOJ n&rsquo;est pas la premi\u00e8re action de ce type de la part de son administration : ces derniers mois, des banderoles similaires ou son nom ont \u00e9t\u00e9 plac\u00e9es sur d&rsquo;autres b\u00e2timents f\u00e9d\u00e9raux, comme le minist\u00e8re du Travail et de l&rsquo;Agriculture ou des institutions culturelles \u00e0 Washington, suscitant de nouvelles critiques.<\/p>\n<p><strong>\u2013 D\u00e9bat sur l\u2019ind\u00e9pendance :<\/strong> Alors que le minist\u00e8re de la Justice pr\u00e9tend vouloir utiliser cette \u00e9tiquette pour souligner son travail et sa politique de s\u00e9curit\u00e9, les opposants au gouvernement accusent cette d\u00e9cision de manquer de respect \u00e0 la s\u00e9paration traditionnelle entre la politique et les forces de l&rsquo;ordre.<\/p>\n<div id=\"attachment_437116\" class=\"wp-caption alignleft\" style=\"max-width: 300px\"><img decoding=\"async\" class=\"wp-image-437116 size-medium\" src=\"https:\/\/vieassociative.be\/actualites\/wp-content\/uploads\/2026\/02\/1771582630_91_Megalomanie-du-president-americain-Grande-banderole-avec.jpg\" alt=\"\" width=\"300\" height=\"169\"><\/div>\n<p>Alors que le magazine d&rsquo;information polonais \u00e9crit : \u00ab La m\u00e9galomanie du pr\u00e9sident am\u00e9ricain ne conna\u00eet pas de limites \u00bb, notamment en ce qui concerne le \u00ab Conseil de paix \u00bb initi\u00e9 par Trump (voir article ailleurs), des comparaisons avec le culte de la personnalit\u00e9 en Cor\u00e9e du Nord sont d\u00e9j\u00e0 faites sur les r\u00e9seaux sociaux.<\/p>\n<p><strong>\u2013 A\u00e9roport qui portera le nom de Trump :<\/strong> Il est d\u2019ailleurs peu probable que cette campagne de banni\u00e8res s\u2019arr\u00eate, car Donald Trump et ses partisans travaillent actuellement \u00e0 donner aux a\u00e9roports le nom du pr\u00e9sident am\u00e9ricain sortant. Il existe d\u00e9j\u00e0 des d\u00e9marches juridiques et des enregistrements de marques dans ce sens. Le 19 f\u00e9vrier 2026, le corps l\u00e9gislatif de l\u2019\u00c9tat am\u00e9ricain de Floride a adopt\u00e9 une loi \u00e0 large majorit\u00e9 r\u00e9publicaine qui rebaptiserait l\u2019a\u00e9roport international de Palm Beach \u00ab A\u00e9roport international Pr\u00e9sident Donald J. Trump \u00bb.<\/p>\n<p>Avant que ce changement de nom ne devienne officiel, le gouverneur devrait signer, puis la Federal Aviation Administration (FAA) devrait approuver le changement de nom. Traditionnellement, les a\u00e9roports ou autres grands projets d\u2019infrastructure ne sont g\u00e9n\u00e9ralement renomm\u00e9s qu\u2019apr\u00e8s le d\u00e9c\u00e8s ou le long mandat d\u2019un pr\u00e9sident, et non pendant son mandat. (cr\u00e9er)<\/p>\n<div class=\"responsive-embed widescreen\">\n<blockquote class=\"wp-embedded-content\" data-secret=\"99UxxQDjZC\">\n<p>Quelques jours avant que les \u00c9tats-Unis n\u2019entrent en guerre contre l\u2019Iran, Trump lance son \u00ab Conseil de paix \u00bb<\/p>\n<\/blockquote>\n<p><iframe loading=\"lazy\" class=\"wp-embedded-content\" sandbox=\"allow-scripts\" security=\"restricted\" style=\"position: absolute; visibility: hidden;\" title=\"\u201eWenige Tage vor m\u00f6glichem Kriegseinsatz der USA gegen den Iran startet Trump seinen \u201eFriedensrat\u201c\u201c \u2013 Ostbelgien Direkt\" src=\"https:\/\/ostbelgiendirekt.be\/about:blank\" data-secret=\"99UxxQDjZC\" width=\"500\" height=\"282\" frameborder=\"0\" marginwidth=\"0\" marginheight=\"0\" scrolling=\"no\" data-rocket-lazyload=\"fitvidscompatible\" data-lazy-src=\"https:\/\/ostbelgiendirekt.be\/kurz-vor-einem-moeglichen-kriegseinsatz-der-usa-gegen-den-iran-eroeffnet-trump-seinen-friedensrat-437089\/embed#?secret=QY7zWO4KsR#?secret=99UxxQDjZC\"><\/iframe><noscript><iframe class=\"wp-embedded-content\" sandbox=\"allow-scripts\" security=\"restricted\" style=\"position: absolute; visibility: hidden;\" title=\"\u201eWenige Tage vor m\u00f6glichem Kriegseinsatz der USA gegen den Iran startet Trump seinen \u201eFriedensrat\u201c\u201c \u2013 Ostbelgien Direkt\" src=\"https:\/\/ostbelgiendirekt.be\/kurz-vor-einem-moeglichen-kriegseinsatz-der-usa-gegen-den-iran-eroeffnet-trump-seinen-friedensrat-437089\/embed#?secret=QY7zWO4KsR#?secret=99UxxQDjZC\" data-secret=\"99UxxQDjZC\" width=\"500\" height=\"282\" frameborder=\"0\" marginwidth=\"0\" marginheight=\"0\" scrolling=\"no\"><\/iframe><\/noscript><\/p>\n<\/div>\n","protected":false},"excerpt":{"rendered":"<p>\u00c0 Washington, une tr\u00e8s grande banderole arborant le portrait du pr\u00e9sident am\u00e9ricain Donald Trump et les mots \u00ab Make America Safe Again \u00bb, un slogan<\/p>\n","protected":false},"author":1,"featured_media":12725,"comment_status":"","ping_status":"","sticky":false,"template":"","format":"standard","meta":{"footnotes":""},"categories":[298],"tags":[10,61,10071,2424,1787,3710,10070,9436,6010,3075,2425],"class_list":["post-12724","post","type-post","status-publish","format-standard","has-post-thumbnail","hentry","category-belgique","tag-americain","tag-avec","tag-banderole","tag-donald","tag-grande","tag-justice","tag-megalomanie","tag-ministere","tag-portrait","tag-president","tag-trump","generate-columns","tablet-grid-50","mobile-grid-100","grid-parent","grid-33"],"yoast_head":"<!-- This site is optimized with the Yoast SEO plugin v24.0 - https:\/\/yoast.com\/wordpress\/plugins\/seo\/ -->\n<title>\u00ab M\u00e9galomanie du pr\u00e9sident am\u00e9ricain \u00bb : Grande banderole avec un portrait de Donald Trump au minist\u00e8re de la Justice | Vie Associative<\/title>\n<meta name=\"robots\" content=\"index, follow, max-snippet:-1, max-image-preview:large, max-video-preview:-1\" \/>\n<link rel=\"canonical\" href=\"https:\/\/vieassociative.be\/actualites\/megalomanie-du-president-americain-grande-banderole-avec-un-portrait-de-donald-trump-au-ministere-de-la-justice\/\" \/>\n<meta property=\"og:locale\" content=\"fr_FR\" \/>\n<meta property=\"og:type\" content=\"article\" \/>\n<meta property=\"og:title\" content=\"\u00ab M\u00e9galomanie du pr\u00e9sident am\u00e9ricain \u00bb : Grande banderole avec un portrait de Donald Trump au minist\u00e8re de la Justice | Vie Associative\" \/>\n<meta property=\"og:description\" content=\"\u00c0 Washington, une tr\u00e8s grande banderole arborant le portrait du pr\u00e9sident am\u00e9ricain Donald Trump et les mots \u00ab Make America Safe Again \u00bb, un slogan\" \/>\n<meta property=\"og:url\" content=\"https:\/\/vieassociative.be\/actualites\/megalomanie-du-president-americain-grande-banderole-avec-un-portrait-de-donald-trump-au-ministere-de-la-justice\/\" \/>\n<meta property=\"og:site_name\" content=\"Vie Associative\" \/>\n<meta property=\"article:published_time\" content=\"2026-02-20T10:17:10+00:00\" \/>\n<meta property=\"og:image\" content=\"https:\/\/vieassociative.be\/actualites\/wp-content\/uploads\/2024\/09\/header_backgroundk-01-e1726694325946.png\" \/>\n\t<meta property=\"og:image:width\" content=\"279\" \/>\n\t<meta property=\"og:image:height\" content=\"92\" \/>\n\t<meta property=\"og:image:type\" content=\"image\/png\" \/>\n<meta name=\"author\" content=\"Julien\" \/>\n<meta name=\"twitter:card\" content=\"summary_large_image\" \/>\n<meta name=\"twitter:label1\" content=\"\u00c9crit par\" \/>\n\t<meta name=\"twitter:data1\" content=\"Julien\" \/>\n\t<meta name=\"twitter:label2\" content=\"Dur\u00e9e de lecture est.\" \/>\n\t<meta name=\"twitter:data2\" content=\"3 minutes\" \/>\n<script type=\"application\/ld+json\" class=\"yoast-schema-graph\">{\"@context\":\"https:\/\/schema.org\",\"@graph\":[{\"@type\":\"Article\",\"@id\":\"https:\/\/vieassociative.be\/actualites\/megalomanie-du-president-americain-grande-banderole-avec-un-portrait-de-donald-trump-au-ministere-de-la-justice\/#article\",\"isPartOf\":{\"@id\":\"https:\/\/vieassociative.be\/actualites\/megalomanie-du-president-americain-grande-banderole-avec-un-portrait-de-donald-trump-au-ministere-de-la-justice\/\"},\"author\":{\"name\":\"Julien\",\"@id\":\"https:\/\/vieassociative.be\/actualites\/#\/schema\/person\/b87ac4f82f9d4e7b7cec7395b679edc4\"},\"headline\":\"\u00ab M\u00e9galomanie du pr\u00e9sident am\u00e9ricain \u00bb : Grande banderole avec un portrait de Donald Trump au minist\u00e8re de la Justice\",\"datePublished\":\"2026-02-20T10:17:10+00:00\",\"dateModified\":\"2026-02-20T10:17:10+00:00\",\"mainEntityOfPage\":{\"@id\":\"https:\/\/vieassociative.be\/actualites\/megalomanie-du-president-americain-grande-banderole-avec-un-portrait-de-donald-trump-au-ministere-de-la-justice\/\"},\"wordCount\":627,\"publisher\":{\"@id\":\"https:\/\/vieassociative.be\/actualites\/#organization\"},\"image\":{\"@id\":\"https:\/\/vieassociative.be\/actualites\/megalomanie-du-president-americain-grande-banderole-avec-un-portrait-de-donald-trump-au-ministere-de-la-justice\/#primaryimage\"},\"thumbnailUrl\":\"https:\/\/vieassociative.be\/actualites\/wp-content\/uploads\/2026\/02\/1771582631_Megalomanie-du-president-americain-Grande-banderole-avec.jpg\",\"keywords\":[\"am\u00e9ricain\",\"avec\",\"banderole\",\"Donald\",\"grande\",\"justice\",\"M\u00e9galomanie\",\"Minist\u00e8re\",\"portrait\",\"pr\u00e9sident\",\"Trump\"],\"articleSection\":[\"Belgique\"],\"inLanguage\":\"fr-BE\"},{\"@type\":\"WebPage\",\"@id\":\"https:\/\/vieassociative.be\/actualites\/megalomanie-du-president-americain-grande-banderole-avec-un-portrait-de-donald-trump-au-ministere-de-la-justice\/\",\"url\":\"https:\/\/vieassociative.be\/actualites\/megalomanie-du-president-americain-grande-banderole-avec-un-portrait-de-donald-trump-au-ministere-de-la-justice\/\",\"name\":\"\u00ab M\u00e9galomanie du pr\u00e9sident am\u00e9ricain \u00bb : Grande banderole avec un portrait de Donald Trump au minist\u00e8re de la Justice | Vie Associative\",\"isPartOf\":{\"@id\":\"https:\/\/vieassociative.be\/actualites\/#website\"},\"primaryImageOfPage\":{\"@id\":\"https:\/\/vieassociative.be\/actualites\/megalomanie-du-president-americain-grande-banderole-avec-un-portrait-de-donald-trump-au-ministere-de-la-justice\/#primaryimage\"},\"image\":{\"@id\":\"https:\/\/vieassociative.be\/actualites\/megalomanie-du-president-americain-grande-banderole-avec-un-portrait-de-donald-trump-au-ministere-de-la-justice\/#primaryimage\"},\"thumbnailUrl\":\"https:\/\/vieassociative.be\/actualites\/wp-content\/uploads\/2026\/02\/1771582631_Megalomanie-du-president-americain-Grande-banderole-avec.jpg\",\"datePublished\":\"2026-02-20T10:17:10+00:00\",\"dateModified\":\"2026-02-20T10:17:10+00:00\",\"breadcrumb\":{\"@id\":\"https:\/\/vieassociative.be\/actualites\/megalomanie-du-president-americain-grande-banderole-avec-un-portrait-de-donald-trump-au-ministere-de-la-justice\/#breadcrumb\"},\"inLanguage\":\"fr-BE\",\"potentialAction\":[{\"@type\":\"ReadAction\",\"target\":[\"https:\/\/vieassociative.be\/actualites\/megalomanie-du-president-americain-grande-banderole-avec-un-portrait-de-donald-trump-au-ministere-de-la-justice\/\"]}]},{\"@type\":\"ImageObject\",\"inLanguage\":\"fr-BE\",\"@id\":\"https:\/\/vieassociative.be\/actualites\/megalomanie-du-president-americain-grande-banderole-avec-un-portrait-de-donald-trump-au-ministere-de-la-justice\/#primaryimage\",\"url\":\"https:\/\/vieassociative.be\/actualites\/wp-content\/uploads\/2026\/02\/1771582631_Megalomanie-du-president-americain-Grande-banderole-avec.jpg\",\"contentUrl\":\"https:\/\/vieassociative.be\/actualites\/wp-content\/uploads\/2026\/02\/1771582631_Megalomanie-du-president-americain-Grande-banderole-avec.jpg\",\"width\":1200,\"height\":800,\"caption\":\"\u00ab M\u00e9galomanie du pr\u00e9sident am\u00e9ricain \u00bb : Grande banderole avec un portrait de Donald Trump au minist\u00e8re de la Justice\"},{\"@type\":\"BreadcrumbList\",\"@id\":\"https:\/\/vieassociative.be\/actualites\/megalomanie-du-president-americain-grande-banderole-avec-un-portrait-de-donald-trump-au-ministere-de-la-justice\/#breadcrumb\",\"itemListElement\":[{\"@type\":\"ListItem\",\"position\":1,\"name\":\"Accueil\",\"item\":\"https:\/\/vieassociative.be\/actualites\/\"},{\"@type\":\"ListItem\",\"position\":2,\"name\":\"\u00ab M\u00e9galomanie du pr\u00e9sident am\u00e9ricain \u00bb : Grande banderole avec un portrait de Donald Trump au minist\u00e8re de la Justice\"}]},{\"@type\":\"WebSite\",\"@id\":\"https:\/\/vieassociative.be\/actualites\/#website\",\"url\":\"https:\/\/vieassociative.be\/actualites\/\",\"name\":\"Vie Associative\",\"description\":\"\",\"publisher\":{\"@id\":\"https:\/\/vieassociative.be\/actualites\/#organization\"},\"potentialAction\":[{\"@type\":\"SearchAction\",\"target\":{\"@type\":\"EntryPoint\",\"urlTemplate\":\"https:\/\/vieassociative.be\/actualites\/?s={search_term_string}\"},\"query-input\":{\"@type\":\"PropertyValueSpecification\",\"valueRequired\":true,\"valueName\":\"search_term_string\"}}],\"inLanguage\":\"fr-BE\"},{\"@type\":\"Organization\",\"@id\":\"https:\/\/vieassociative.be\/actualites\/#organization\",\"name\":\"Vie Associative\",\"url\":\"https:\/\/vieassociative.be\/actualites\/\",\"logo\":{\"@type\":\"ImageObject\",\"inLanguage\":\"fr-BE\",\"@id\":\"https:\/\/vieassociative.be\/actualites\/#\/schema\/logo\/image\/\",\"url\":\"https:\/\/vieassociative.be\/actualites\/wp-content\/uploads\/2024\/09\/cropped-vieassociative_favicon.ico.png\",\"contentUrl\":\"https:\/\/vieassociative.be\/actualites\/wp-content\/uploads\/2024\/09\/cropped-vieassociative_favicon.ico.png\",\"width\":512,\"height\":512,\"caption\":\"Vie Associative\"},\"image\":{\"@id\":\"https:\/\/vieassociative.be\/actualites\/#\/schema\/logo\/image\/\"}},{\"@type\":\"Person\",\"@id\":\"https:\/\/vieassociative.be\/actualites\/#\/schema\/person\/b87ac4f82f9d4e7b7cec7395b679edc4\",\"name\":\"Julien\",\"image\":{\"@type\":\"ImageObject\",\"inLanguage\":\"fr-BE\",\"@id\":\"https:\/\/vieassociative.be\/actualites\/#\/schema\/person\/image\/\",\"url\":\"https:\/\/vieassociative.be\/actualites\/wp-content\/uploads\/2024\/09\/vie-associative-1-150x150.jpg\",\"contentUrl\":\"https:\/\/vieassociative.be\/actualites\/wp-content\/uploads\/2024\/09\/vie-associative-1-150x150.jpg\",\"caption\":\"Julien\"},\"description\":\"Je suis Julien, r\u00e9dacteur pour Vie Associative. Passionn\u00e9 par le monde associatif depuis plus de 10 ans, j'ai \u00e0 c\u0153ur de partager des histoires inspirantes et de mettre en lumi\u00e8re les initiatives locales. Mon objectif est de sensibiliser et d'encourager l'engagement communautaire \u00e0 travers mes articles.\",\"sameAs\":[\"https:\/\/vieassociative.be\/\"]}]}<\/script>\n<!-- \/ Yoast SEO plugin. -->","yoast_head_json":{"title":"\u00ab M\u00e9galomanie du pr\u00e9sident am\u00e9ricain \u00bb : Grande banderole avec un portrait de Donald Trump au minist\u00e8re de la Justice | Vie Associative","robots":{"index":"index","follow":"follow","max-snippet":"max-snippet:-1","max-image-preview":"max-image-preview:large","max-video-preview":"max-video-preview:-1"},"canonical":"https:\/\/vieassociative.be\/actualites\/megalomanie-du-president-americain-grande-banderole-avec-un-portrait-de-donald-trump-au-ministere-de-la-justice\/","og_locale":"fr_FR","og_type":"article","og_title":"\u00ab M\u00e9galomanie du pr\u00e9sident am\u00e9ricain \u00bb : Grande banderole avec un portrait de Donald Trump au minist\u00e8re de la Justice | Vie Associative","og_description":"\u00c0 Washington, une tr\u00e8s grande banderole arborant le portrait du pr\u00e9sident am\u00e9ricain Donald Trump et les mots \u00ab Make America Safe Again \u00bb, un slogan","og_url":"https:\/\/vieassociative.be\/actualites\/megalomanie-du-president-americain-grande-banderole-avec-un-portrait-de-donald-trump-au-ministere-de-la-justice\/","og_site_name":"Vie Associative","article_published_time":"2026-02-20T10:17:10+00:00","og_image":[{"width":279,"height":92,"url":"https:\/\/vieassociative.be\/actualites\/wp-content\/uploads\/2024\/09\/header_backgroundk-01-e1726694325946.png","type":"image\/png"}],"author":"Julien","twitter_card":"summary_large_image","twitter_misc":{"\u00c9crit par":"Julien","Dur\u00e9e de lecture est.":"3 minutes"},"schema":{"@context":"https:\/\/schema.org","@graph":[{"@type":"Article","@id":"https:\/\/vieassociative.be\/actualites\/megalomanie-du-president-americain-grande-banderole-avec-un-portrait-de-donald-trump-au-ministere-de-la-justice\/#article","isPartOf":{"@id":"https:\/\/vieassociative.be\/actualites\/megalomanie-du-president-americain-grande-banderole-avec-un-portrait-de-donald-trump-au-ministere-de-la-justice\/"},"author":{"name":"Julien","@id":"https:\/\/vieassociative.be\/actualites\/#\/schema\/person\/b87ac4f82f9d4e7b7cec7395b679edc4"},"headline":"\u00ab M\u00e9galomanie du pr\u00e9sident am\u00e9ricain \u00bb : Grande banderole avec un portrait de Donald Trump au minist\u00e8re de la Justice","datePublished":"2026-02-20T10:17:10+00:00","dateModified":"2026-02-20T10:17:10+00:00","mainEntityOfPage":{"@id":"https:\/\/vieassociative.be\/actualites\/megalomanie-du-president-americain-grande-banderole-avec-un-portrait-de-donald-trump-au-ministere-de-la-justice\/"},"wordCount":627,"publisher":{"@id":"https:\/\/vieassociative.be\/actualites\/#organization"},"image":{"@id":"https:\/\/vieassociative.be\/actualites\/megalomanie-du-president-americain-grande-banderole-avec-un-portrait-de-donald-trump-au-ministere-de-la-justice\/#primaryimage"},"thumbnailUrl":"https:\/\/vieassociative.be\/actualites\/wp-content\/uploads\/2026\/02\/1771582631_Megalomanie-du-president-americain-Grande-banderole-avec.jpg","keywords":["am\u00e9ricain","avec","banderole","Donald","grande","justice","M\u00e9galomanie","Minist\u00e8re","portrait","pr\u00e9sident","Trump"],"articleSection":["Belgique"],"inLanguage":"fr-BE"},{"@type":"WebPage","@id":"https:\/\/vieassociative.be\/actualites\/megalomanie-du-president-americain-grande-banderole-avec-un-portrait-de-donald-trump-au-ministere-de-la-justice\/","url":"https:\/\/vieassociative.be\/actualites\/megalomanie-du-president-americain-grande-banderole-avec-un-portrait-de-donald-trump-au-ministere-de-la-justice\/","name":"\u00ab M\u00e9galomanie du pr\u00e9sident am\u00e9ricain \u00bb : Grande banderole avec un portrait de Donald Trump au minist\u00e8re de la Justice | Vie Associative","isPartOf":{"@id":"https:\/\/vieassociative.be\/actualites\/#website"},"primaryImageOfPage":{"@id":"https:\/\/vieassociative.be\/actualites\/megalomanie-du-president-americain-grande-banderole-avec-un-portrait-de-donald-trump-au-ministere-de-la-justice\/#primaryimage"},"image":{"@id":"https:\/\/vieassociative.be\/actualites\/megalomanie-du-president-americain-grande-banderole-avec-un-portrait-de-donald-trump-au-ministere-de-la-justice\/#primaryimage"},"thumbnailUrl":"https:\/\/vieassociative.be\/actualites\/wp-content\/uploads\/2026\/02\/1771582631_Megalomanie-du-president-americain-Grande-banderole-avec.jpg","datePublished":"2026-02-20T10:17:10+00:00","dateModified":"2026-02-20T10:17:10+00:00","breadcrumb":{"@id":"https:\/\/vieassociative.be\/actualites\/megalomanie-du-president-americain-grande-banderole-avec-un-portrait-de-donald-trump-au-ministere-de-la-justice\/#breadcrumb"},"inLanguage":"fr-BE","potentialAction":[{"@type":"ReadAction","target":["https:\/\/vieassociative.be\/actualites\/megalomanie-du-president-americain-grande-banderole-avec-un-portrait-de-donald-trump-au-ministere-de-la-justice\/"]}]},{"@type":"ImageObject","inLanguage":"fr-BE","@id":"https:\/\/vieassociative.be\/actualites\/megalomanie-du-president-americain-grande-banderole-avec-un-portrait-de-donald-trump-au-ministere-de-la-justice\/#primaryimage","url":"https:\/\/vieassociative.be\/actualites\/wp-content\/uploads\/2026\/02\/1771582631_Megalomanie-du-president-americain-Grande-banderole-avec.jpg","contentUrl":"https:\/\/vieassociative.be\/actualites\/wp-content\/uploads\/2026\/02\/1771582631_Megalomanie-du-president-americain-Grande-banderole-avec.jpg","width":1200,"height":800,"caption":"\u00ab M\u00e9galomanie du pr\u00e9sident am\u00e9ricain \u00bb : Grande banderole avec un portrait de Donald Trump au minist\u00e8re de la Justice"},{"@type":"BreadcrumbList","@id":"https:\/\/vieassociative.be\/actualites\/megalomanie-du-president-americain-grande-banderole-avec-un-portrait-de-donald-trump-au-ministere-de-la-justice\/#breadcrumb","itemListElement":[{"@type":"ListItem","position":1,"name":"Accueil","item":"https:\/\/vieassociative.be\/actualites\/"},{"@type":"ListItem","position":2,"name":"\u00ab M\u00e9galomanie du pr\u00e9sident am\u00e9ricain \u00bb : Grande banderole avec un portrait de Donald Trump au minist\u00e8re de la Justice"}]},{"@type":"WebSite","@id":"https:\/\/vieassociative.be\/actualites\/#website","url":"https:\/\/vieassociative.be\/actualites\/","name":"Vie Associative","description":"","publisher":{"@id":"https:\/\/vieassociative.be\/actualites\/#organization"},"potentialAction":[{"@type":"SearchAction","target":{"@type":"EntryPoint","urlTemplate":"https:\/\/vieassociative.be\/actualites\/?s={search_term_string}"},"query-input":{"@type":"PropertyValueSpecification","valueRequired":true,"valueName":"search_term_string"}}],"inLanguage":"fr-BE"},{"@type":"Organization","@id":"https:\/\/vieassociative.be\/actualites\/#organization","name":"Vie Associative","url":"https:\/\/vieassociative.be\/actualites\/","logo":{"@type":"ImageObject","inLanguage":"fr-BE","@id":"https:\/\/vieassociative.be\/actualites\/#\/schema\/logo\/image\/","url":"https:\/\/vieassociative.be\/actualites\/wp-content\/uploads\/2024\/09\/cropped-vieassociative_favicon.ico.png","contentUrl":"https:\/\/vieassociative.be\/actualites\/wp-content\/uploads\/2024\/09\/cropped-vieassociative_favicon.ico.png","width":512,"height":512,"caption":"Vie Associative"},"image":{"@id":"https:\/\/vieassociative.be\/actualites\/#\/schema\/logo\/image\/"}},{"@type":"Person","@id":"https:\/\/vieassociative.be\/actualites\/#\/schema\/person\/b87ac4f82f9d4e7b7cec7395b679edc4","name":"Julien","image":{"@type":"ImageObject","inLanguage":"fr-BE","@id":"https:\/\/vieassociative.be\/actualites\/#\/schema\/person\/image\/","url":"https:\/\/vieassociative.be\/actualites\/wp-content\/uploads\/2024\/09\/vie-associative-1-150x150.jpg","contentUrl":"https:\/\/vieassociative.be\/actualites\/wp-content\/uploads\/2024\/09\/vie-associative-1-150x150.jpg","caption":"Julien"},"description":"Je suis Julien, r\u00e9dacteur pour Vie Associative. Passionn\u00e9 par le monde associatif depuis plus de 10 ans, j'ai \u00e0 c\u0153ur de partager des histoires inspirantes et de mettre en lumi\u00e8re les initiatives locales. Mon objectif est de sensibiliser et d'encourager l'engagement communautaire \u00e0 travers mes articles.","sameAs":["https:\/\/vieassociative.be\/"]}]}},"_links":{"self":[{"href":"https:\/\/vieassociative.be\/actualites\/wp-json\/wp\/v2\/posts\/12724"}],"collection":[{"href":"https:\/\/vieassociative.be\/actualites\/wp-json\/wp\/v2\/posts"}],"about":[{"href":"https:\/\/vieassociative.be\/actualites\/wp-json\/wp\/v2\/types\/post"}],"author":[{"embeddable":true,"href":"https:\/\/vieassociative.be\/actualites\/wp-json\/wp\/v2\/users\/1"}],"replies":[{"embeddable":true,"href":"https:\/\/vieassociative.be\/actualites\/wp-json\/wp\/v2\/comments?post=12724"}],"version-history":[{"count":0,"href":"https:\/\/vieassociative.be\/actualites\/wp-json\/wp\/v2\/posts\/12724\/revisions"}],"wp:featuredmedia":[{"embeddable":true,"href":"https:\/\/vieassociative.be\/actualites\/wp-json\/wp\/v2\/media\/12725"}],"wp:attachment":[{"href":"https:\/\/vieassociative.be\/actualites\/wp-json\/wp\/v2\/media?parent=12724"}],"wp:term":[{"taxonomy":"category","embeddable":true,"href":"https:\/\/vieassociative.be\/actualites\/wp-json\/wp\/v2\/categories?post=12724"},{"taxonomy":"post_tag","embeddable":true,"href":"https:\/\/vieassociative.be\/actualites\/wp-json\/wp\/v2\/tags?post=12724"}],"curies":[{"name":"wp","href":"https:\/\/api.w.org\/{rel}","templated":true}]}}