{"id":12720,"date":"2026-02-20T05:17:10","date_gmt":"2026-02-20T04:17:10","guid":{"rendered":"https:\/\/vieassociative.be\/actualites\/affaire-epstein-la-police-arrete-lex-prince-andrew\/"},"modified":"2026-02-20T05:17:10","modified_gmt":"2026-02-20T04:17:10","slug":"affaire-epstein-la-police-arrete-lex-prince-andrew","status":"publish","type":"post","link":"https:\/\/vieassociative.be\/actualites\/affaire-epstein-la-police-arrete-lex-prince-andrew\/","title":{"rendered":"Affaire Epstein : la police arr\u00eate l&rsquo;ex-prince Andrew"},"content":{"rendered":"<p><strong>L&rsquo;ancien prince britannique Andrew aurait transmis des documents confidentiels au d\u00e9linquant sexuel Jeffrey Epstein. C&rsquo;est maintenant que la police r\u00e9agit \u2013 le jour de l&rsquo;anniversaire d&rsquo;Andrew.<\/strong><\/p>\n<p><span id=\"more-437079\"><\/span>La police britannique a arr\u00eat\u00e9 l&rsquo;ancien prince Andrew en raison de ses liens avec le d\u00e9linquant sexuel Jeffrey Epstein. Andrew est accus\u00e9 d&rsquo;avoir transmis des documents confidentiels \u00e0 Epstein, d\u00e9c\u00e9d\u00e9 en 2019, dans son pr\u00e9c\u00e9dent r\u00f4le de repr\u00e9sentant commercial. L&rsquo;homme de 66 ans, dont l&rsquo;anniversaire est aujourd&rsquo;hui, n&rsquo;a pas encore fait de commentaire \u00e0 ce sujet.<\/p>\n<p>La police de Thames Valley a d\u00e9clar\u00e9 qu&rsquo;elle effectuait des perquisitions \u00e0 des adresses dans le Berkshire et le Norfolk. Un homme d&rsquo;une soixantaine d&rsquo;ann\u00e9es a \u00e9t\u00e9 arr\u00eat\u00e9 parce qu&rsquo;il \u00e9tait soup\u00e7onn\u00e9 de mauvaise conduite dans l&rsquo;exercice d&rsquo;une fonction publique. Il s\u2019agit d\u2019Andrew Mountbatten-Windsor, comme le rapportent entre autres la BBC, Sky News et l\u2019agence de presse PA.<\/p>\n<div id=\"attachment_437081\" class=\"wp-caption alignleft\" style=\"max-width: 300px\"><img fetchpriority=\"high\" decoding=\"async\" class=\"wp-image-437081 size-medium\" src=\"https:\/\/vieassociative.be\/actualites\/wp-content\/uploads\/2026\/02\/Affaire-Epstein-la-police-arrete-lex-prince-Andrew.jpg\" alt=\"\" width=\"300\" height=\"200\"><\/div>\n<p>En raison de son implication dans le scandale Epstein, Andrew avait d\u00e9j\u00e0 perdu tous les honneurs, grades et titres militaires. L&rsquo;ex-prince a \u00e9galement d\u00fb quitter sa propri\u00e9t\u00e9 situ\u00e9e dans l&rsquo;enceinte du ch\u00e2teau de Windsor. Virginia Giuffre, victime d&rsquo;Epstein, a accus\u00e9 Andrew de l&rsquo;avoir agress\u00e9e \u00e0 plusieurs reprises, notamment lorsqu&rsquo;elle \u00e9tait mineure. Andrew a toujours ni\u00e9 ces all\u00e9gations.<\/p>\n<p>Dans les fichiers Epstein r\u00e9cemment publi\u00e9s, les m\u00e9dias britanniques ont d\u00e9couvert des courriels sugg\u00e9rant qu&rsquo;Andrew avait transmis au d\u00e9linquant sexuel des rapports de visites officielles \u00e0 Hong Kong, au Vietnam et \u00e0 Singapour. L&rsquo;enqu\u00eate polici\u00e8re ne signifie pas automatiquement qu&rsquo;il a commis une infraction p\u00e9nale.<\/p>\n<p>\u2013 King a annonc\u00e9 le soutien de la police : les all\u00e9gations ont une fois de plus durement touch\u00e9 la famille royale. Le roi Charles III avait annonc\u00e9 qu&rsquo;il soutiendrait la police dans toute enqu\u00eate contre son jeune fr\u00e8re. Le roi a d\u00e9j\u00e0 exprim\u00e9 clairement sa profonde pr\u00e9occupation face aux all\u00e9gations concernant le comportement de son fr\u00e8re, par des paroles et des actions sans pr\u00e9c\u00e9dent, a d\u00e9clar\u00e9 un porte-parole du palais dans un communiqu\u00e9 la semaine derni\u00e8re.<\/p>\n<p>Il avait ajout\u00e9 : \u00ab\u00a0Il appartient \u00e0 M. Mountbatten-Windsor de clarifier les all\u00e9gations sp\u00e9cifiques. Si la police de Thames Valley nous contacte, nous sommes pr\u00eats \u00e0 les aider comme ils le devraient.\u00a0\u00bb Les pens\u00e9es et la sympathie du couple royal vont toujours aux victimes de tout abus, indique le communiqu\u00e9. (dpa)<\/p>\n<p><em><strong>Sur le sujet, voir aussi l&rsquo;article suivant sur l&rsquo;OD :<\/strong><\/em><\/p>\n<div class=\"responsive-embed widescreen\">\n<blockquote class=\"wp-embedded-content\" data-secret=\"WaIVfqJMrv\">\n<p>De la noblesse \u00e0 la politique : le \u00ab who is who \u00bb dans l\u2019affaire Epstein<\/p>\n<\/blockquote>\n<p><iframe loading=\"lazy\" class=\"wp-embedded-content\" sandbox=\"allow-scripts\" security=\"restricted\" style=\"position: absolute; visibility: hidden;\" title=\"\u201eVon Adel bis Politik: Das \u201eWer ist wer\u201c im Fall Epstein\u201c \u2013 Ostbelgien Direkt\" src=\"https:\/\/ostbelgiendirekt.be\/about:blank\" data-secret=\"WaIVfqJMrv\" width=\"500\" height=\"282\" frameborder=\"0\" marginwidth=\"0\" marginheight=\"0\" scrolling=\"no\" data-rocket-lazyload=\"fitvidscompatible\" data-lazy-src=\"https:\/\/ostbelgiendirekt.be\/wer-ist-wer-der-epstein-akten-435690\/embed#?secret=O7JRxmOx9h#?secret=WaIVfqJMrv\"><\/iframe><noscript><iframe class=\"wp-embedded-content\" sandbox=\"allow-scripts\" security=\"restricted\" style=\"position: absolute; visibility: hidden;\" title=\"\u201eVon Adel bis Politik: Das \u201eWer ist wer\u201c im Fall Epstein\u201c \u2013 Ostbelgien Direkt\" src=\"https:\/\/ostbelgiendirekt.be\/wer-ist-wer-der-epstein-akten-435690\/embed#?secret=O7JRxmOx9h#?secret=WaIVfqJMrv\" data-secret=\"WaIVfqJMrv\" width=\"500\" height=\"282\" frameborder=\"0\" marginwidth=\"0\" marginheight=\"0\" scrolling=\"no\"><\/iframe><\/noscript><\/p>\n<\/div>\n","protected":false},"excerpt":{"rendered":"<p>L&rsquo;ancien prince britannique Andrew aurait transmis des documents confidentiels au d\u00e9linquant sexuel Jeffrey Epstein. C&rsquo;est maintenant que la police r\u00e9agit \u2013 le jour de l&rsquo;anniversaire<\/p>\n","protected":false},"author":1,"featured_media":12721,"comment_status":"","ping_status":"","sticky":false,"template":"","format":"standard","meta":{"footnotes":""},"categories":[298],"tags":[1547,9539,3276,9536,10069,2741],"class_list":["post-12720","post","type-post","status-publish","format-standard","has-post-thumbnail","hentry","category-belgique","tag-affaire","tag-andrew","tag-arrete","tag-epstein","tag-lexprince","tag-police","generate-columns","tablet-grid-50","mobile-grid-100","grid-parent","grid-33"],"yoast_head":"<!-- This site is optimized with the Yoast SEO plugin v24.0 - https:\/\/yoast.com\/wordpress\/plugins\/seo\/ -->\n<title>Affaire Epstein : la police arr\u00eate l&#039;ex-prince Andrew | Vie Associative<\/title>\n<meta name=\"robots\" content=\"index, follow, max-snippet:-1, max-image-preview:large, max-video-preview:-1\" \/>\n<link rel=\"canonical\" href=\"https:\/\/vieassociative.be\/actualites\/affaire-epstein-la-police-arrete-lex-prince-andrew\/\" \/>\n<meta property=\"og:locale\" content=\"fr_FR\" \/>\n<meta property=\"og:type\" content=\"article\" \/>\n<meta property=\"og:title\" content=\"Affaire Epstein : la police arr\u00eate l&#039;ex-prince Andrew | Vie Associative\" \/>\n<meta property=\"og:description\" content=\"L&rsquo;ancien prince britannique Andrew aurait transmis des documents confidentiels au d\u00e9linquant sexuel Jeffrey Epstein. C&rsquo;est maintenant que la police r\u00e9agit \u2013 le jour de l&rsquo;anniversaire\" \/>\n<meta property=\"og:url\" content=\"https:\/\/vieassociative.be\/actualites\/affaire-epstein-la-police-arrete-lex-prince-andrew\/\" \/>\n<meta property=\"og:site_name\" content=\"Vie Associative\" \/>\n<meta property=\"article:published_time\" content=\"2026-02-20T04:17:10+00:00\" \/>\n<meta property=\"og:image\" content=\"https:\/\/vieassociative.be\/actualites\/wp-content\/uploads\/2024\/09\/header_backgroundk-01-e1726694325946.png\" \/>\n\t<meta property=\"og:image:width\" content=\"279\" \/>\n\t<meta property=\"og:image:height\" content=\"92\" \/>\n\t<meta property=\"og:image:type\" content=\"image\/png\" \/>\n<meta name=\"author\" content=\"Julien\" \/>\n<meta name=\"twitter:card\" content=\"summary_large_image\" \/>\n<meta name=\"twitter:label1\" content=\"\u00c9crit par\" \/>\n\t<meta name=\"twitter:data1\" content=\"Julien\" \/>\n\t<meta name=\"twitter:label2\" content=\"Dur\u00e9e de lecture est.\" \/>\n\t<meta name=\"twitter:data2\" content=\"2 minutes\" \/>\n<script type=\"application\/ld+json\" class=\"yoast-schema-graph\">{\"@context\":\"https:\/\/schema.org\",\"@graph\":[{\"@type\":\"Article\",\"@id\":\"https:\/\/vieassociative.be\/actualites\/affaire-epstein-la-police-arrete-lex-prince-andrew\/#article\",\"isPartOf\":{\"@id\":\"https:\/\/vieassociative.be\/actualites\/affaire-epstein-la-police-arrete-lex-prince-andrew\/\"},\"author\":{\"name\":\"Julien\",\"@id\":\"https:\/\/vieassociative.be\/actualites\/#\/schema\/person\/b87ac4f82f9d4e7b7cec7395b679edc4\"},\"headline\":\"Affaire Epstein : la police arr\u00eate l&rsquo;ex-prince Andrew\",\"datePublished\":\"2026-02-20T04:17:10+00:00\",\"dateModified\":\"2026-02-20T04:17:10+00:00\",\"mainEntityOfPage\":{\"@id\":\"https:\/\/vieassociative.be\/actualites\/affaire-epstein-la-police-arrete-lex-prince-andrew\/\"},\"wordCount\":461,\"publisher\":{\"@id\":\"https:\/\/vieassociative.be\/actualites\/#organization\"},\"image\":{\"@id\":\"https:\/\/vieassociative.be\/actualites\/affaire-epstein-la-police-arrete-lex-prince-andrew\/#primaryimage\"},\"thumbnailUrl\":\"https:\/\/vieassociative.be\/actualites\/wp-content\/uploads\/2026\/02\/1771561030_Affaire-Epstein-la-police-arrete-lex-prince-Andrew.jpg\",\"keywords\":[\"affaire\",\"Andrew\",\"arr\u00eate\",\"Epstein\",\"lexprince\",\"police\"],\"articleSection\":[\"Belgique\"],\"inLanguage\":\"fr-BE\"},{\"@type\":\"WebPage\",\"@id\":\"https:\/\/vieassociative.be\/actualites\/affaire-epstein-la-police-arrete-lex-prince-andrew\/\",\"url\":\"https:\/\/vieassociative.be\/actualites\/affaire-epstein-la-police-arrete-lex-prince-andrew\/\",\"name\":\"Affaire Epstein : la police arr\u00eate l'ex-prince Andrew | Vie Associative\",\"isPartOf\":{\"@id\":\"https:\/\/vieassociative.be\/actualites\/#website\"},\"primaryImageOfPage\":{\"@id\":\"https:\/\/vieassociative.be\/actualites\/affaire-epstein-la-police-arrete-lex-prince-andrew\/#primaryimage\"},\"image\":{\"@id\":\"https:\/\/vieassociative.be\/actualites\/affaire-epstein-la-police-arrete-lex-prince-andrew\/#primaryimage\"},\"thumbnailUrl\":\"https:\/\/vieassociative.be\/actualites\/wp-content\/uploads\/2026\/02\/1771561030_Affaire-Epstein-la-police-arrete-lex-prince-Andrew.jpg\",\"datePublished\":\"2026-02-20T04:17:10+00:00\",\"dateModified\":\"2026-02-20T04:17:10+00:00\",\"breadcrumb\":{\"@id\":\"https:\/\/vieassociative.be\/actualites\/affaire-epstein-la-police-arrete-lex-prince-andrew\/#breadcrumb\"},\"inLanguage\":\"fr-BE\",\"potentialAction\":[{\"@type\":\"ReadAction\",\"target\":[\"https:\/\/vieassociative.be\/actualites\/affaire-epstein-la-police-arrete-lex-prince-andrew\/\"]}]},{\"@type\":\"ImageObject\",\"inLanguage\":\"fr-BE\",\"@id\":\"https:\/\/vieassociative.be\/actualites\/affaire-epstein-la-police-arrete-lex-prince-andrew\/#primaryimage\",\"url\":\"https:\/\/vieassociative.be\/actualites\/wp-content\/uploads\/2026\/02\/1771561030_Affaire-Epstein-la-police-arrete-lex-prince-Andrew.jpg\",\"contentUrl\":\"https:\/\/vieassociative.be\/actualites\/wp-content\/uploads\/2026\/02\/1771561030_Affaire-Epstein-la-police-arrete-lex-prince-Andrew.jpg\",\"width\":1200,\"height\":764,\"caption\":\"Affaire Epstein : la police arr\u00eate l'ex-prince Andrew\"},{\"@type\":\"BreadcrumbList\",\"@id\":\"https:\/\/vieassociative.be\/actualites\/affaire-epstein-la-police-arrete-lex-prince-andrew\/#breadcrumb\",\"itemListElement\":[{\"@type\":\"ListItem\",\"position\":1,\"name\":\"Accueil\",\"item\":\"https:\/\/vieassociative.be\/actualites\/\"},{\"@type\":\"ListItem\",\"position\":2,\"name\":\"Affaire Epstein : la police arr\u00eate l&rsquo;ex-prince Andrew\"}]},{\"@type\":\"WebSite\",\"@id\":\"https:\/\/vieassociative.be\/actualites\/#website\",\"url\":\"https:\/\/vieassociative.be\/actualites\/\",\"name\":\"Vie Associative\",\"description\":\"\",\"publisher\":{\"@id\":\"https:\/\/vieassociative.be\/actualites\/#organization\"},\"potentialAction\":[{\"@type\":\"SearchAction\",\"target\":{\"@type\":\"EntryPoint\",\"urlTemplate\":\"https:\/\/vieassociative.be\/actualites\/?s={search_term_string}\"},\"query-input\":{\"@type\":\"PropertyValueSpecification\",\"valueRequired\":true,\"valueName\":\"search_term_string\"}}],\"inLanguage\":\"fr-BE\"},{\"@type\":\"Organization\",\"@id\":\"https:\/\/vieassociative.be\/actualites\/#organization\",\"name\":\"Vie Associative\",\"url\":\"https:\/\/vieassociative.be\/actualites\/\",\"logo\":{\"@type\":\"ImageObject\",\"inLanguage\":\"fr-BE\",\"@id\":\"https:\/\/vieassociative.be\/actualites\/#\/schema\/logo\/image\/\",\"url\":\"https:\/\/vieassociative.be\/actualites\/wp-content\/uploads\/2024\/09\/cropped-vieassociative_favicon.ico.png\",\"contentUrl\":\"https:\/\/vieassociative.be\/actualites\/wp-content\/uploads\/2024\/09\/cropped-vieassociative_favicon.ico.png\",\"width\":512,\"height\":512,\"caption\":\"Vie Associative\"},\"image\":{\"@id\":\"https:\/\/vieassociative.be\/actualites\/#\/schema\/logo\/image\/\"}},{\"@type\":\"Person\",\"@id\":\"https:\/\/vieassociative.be\/actualites\/#\/schema\/person\/b87ac4f82f9d4e7b7cec7395b679edc4\",\"name\":\"Julien\",\"image\":{\"@type\":\"ImageObject\",\"inLanguage\":\"fr-BE\",\"@id\":\"https:\/\/vieassociative.be\/actualites\/#\/schema\/person\/image\/\",\"url\":\"https:\/\/vieassociative.be\/actualites\/wp-content\/uploads\/2024\/09\/vie-associative-1-150x150.jpg\",\"contentUrl\":\"https:\/\/vieassociative.be\/actualites\/wp-content\/uploads\/2024\/09\/vie-associative-1-150x150.jpg\",\"caption\":\"Julien\"},\"description\":\"Je suis Julien, r\u00e9dacteur pour Vie Associative. Passionn\u00e9 par le monde associatif depuis plus de 10 ans, j'ai \u00e0 c\u0153ur de partager des histoires inspirantes et de mettre en lumi\u00e8re les initiatives locales. Mon objectif est de sensibiliser et d'encourager l'engagement communautaire \u00e0 travers mes articles.\",\"sameAs\":[\"https:\/\/vieassociative.be\/\"]}]}<\/script>\n<!-- \/ Yoast SEO plugin. -->","yoast_head_json":{"title":"Affaire Epstein : la police arr\u00eate l'ex-prince Andrew | Vie Associative","robots":{"index":"index","follow":"follow","max-snippet":"max-snippet:-1","max-image-preview":"max-image-preview:large","max-video-preview":"max-video-preview:-1"},"canonical":"https:\/\/vieassociative.be\/actualites\/affaire-epstein-la-police-arrete-lex-prince-andrew\/","og_locale":"fr_FR","og_type":"article","og_title":"Affaire Epstein : la police arr\u00eate l'ex-prince Andrew | Vie Associative","og_description":"L&rsquo;ancien prince britannique Andrew aurait transmis des documents confidentiels au d\u00e9linquant sexuel Jeffrey Epstein. C&rsquo;est maintenant que la police r\u00e9agit \u2013 le jour de l&rsquo;anniversaire","og_url":"https:\/\/vieassociative.be\/actualites\/affaire-epstein-la-police-arrete-lex-prince-andrew\/","og_site_name":"Vie Associative","article_published_time":"2026-02-20T04:17:10+00:00","og_image":[{"width":279,"height":92,"url":"https:\/\/vieassociative.be\/actualites\/wp-content\/uploads\/2024\/09\/header_backgroundk-01-e1726694325946.png","type":"image\/png"}],"author":"Julien","twitter_card":"summary_large_image","twitter_misc":{"\u00c9crit par":"Julien","Dur\u00e9e de lecture est.":"2 minutes"},"schema":{"@context":"https:\/\/schema.org","@graph":[{"@type":"Article","@id":"https:\/\/vieassociative.be\/actualites\/affaire-epstein-la-police-arrete-lex-prince-andrew\/#article","isPartOf":{"@id":"https:\/\/vieassociative.be\/actualites\/affaire-epstein-la-police-arrete-lex-prince-andrew\/"},"author":{"name":"Julien","@id":"https:\/\/vieassociative.be\/actualites\/#\/schema\/person\/b87ac4f82f9d4e7b7cec7395b679edc4"},"headline":"Affaire Epstein : la police arr\u00eate l&rsquo;ex-prince Andrew","datePublished":"2026-02-20T04:17:10+00:00","dateModified":"2026-02-20T04:17:10+00:00","mainEntityOfPage":{"@id":"https:\/\/vieassociative.be\/actualites\/affaire-epstein-la-police-arrete-lex-prince-andrew\/"},"wordCount":461,"publisher":{"@id":"https:\/\/vieassociative.be\/actualites\/#organization"},"image":{"@id":"https:\/\/vieassociative.be\/actualites\/affaire-epstein-la-police-arrete-lex-prince-andrew\/#primaryimage"},"thumbnailUrl":"https:\/\/vieassociative.be\/actualites\/wp-content\/uploads\/2026\/02\/1771561030_Affaire-Epstein-la-police-arrete-lex-prince-Andrew.jpg","keywords":["affaire","Andrew","arr\u00eate","Epstein","lexprince","police"],"articleSection":["Belgique"],"inLanguage":"fr-BE"},{"@type":"WebPage","@id":"https:\/\/vieassociative.be\/actualites\/affaire-epstein-la-police-arrete-lex-prince-andrew\/","url":"https:\/\/vieassociative.be\/actualites\/affaire-epstein-la-police-arrete-lex-prince-andrew\/","name":"Affaire Epstein : la police arr\u00eate l'ex-prince Andrew | Vie Associative","isPartOf":{"@id":"https:\/\/vieassociative.be\/actualites\/#website"},"primaryImageOfPage":{"@id":"https:\/\/vieassociative.be\/actualites\/affaire-epstein-la-police-arrete-lex-prince-andrew\/#primaryimage"},"image":{"@id":"https:\/\/vieassociative.be\/actualites\/affaire-epstein-la-police-arrete-lex-prince-andrew\/#primaryimage"},"thumbnailUrl":"https:\/\/vieassociative.be\/actualites\/wp-content\/uploads\/2026\/02\/1771561030_Affaire-Epstein-la-police-arrete-lex-prince-Andrew.jpg","datePublished":"2026-02-20T04:17:10+00:00","dateModified":"2026-02-20T04:17:10+00:00","breadcrumb":{"@id":"https:\/\/vieassociative.be\/actualites\/affaire-epstein-la-police-arrete-lex-prince-andrew\/#breadcrumb"},"inLanguage":"fr-BE","potentialAction":[{"@type":"ReadAction","target":["https:\/\/vieassociative.be\/actualites\/affaire-epstein-la-police-arrete-lex-prince-andrew\/"]}]},{"@type":"ImageObject","inLanguage":"fr-BE","@id":"https:\/\/vieassociative.be\/actualites\/affaire-epstein-la-police-arrete-lex-prince-andrew\/#primaryimage","url":"https:\/\/vieassociative.be\/actualites\/wp-content\/uploads\/2026\/02\/1771561030_Affaire-Epstein-la-police-arrete-lex-prince-Andrew.jpg","contentUrl":"https:\/\/vieassociative.be\/actualites\/wp-content\/uploads\/2026\/02\/1771561030_Affaire-Epstein-la-police-arrete-lex-prince-Andrew.jpg","width":1200,"height":764,"caption":"Affaire Epstein : la police arr\u00eate l'ex-prince Andrew"},{"@type":"BreadcrumbList","@id":"https:\/\/vieassociative.be\/actualites\/affaire-epstein-la-police-arrete-lex-prince-andrew\/#breadcrumb","itemListElement":[{"@type":"ListItem","position":1,"name":"Accueil","item":"https:\/\/vieassociative.be\/actualites\/"},{"@type":"ListItem","position":2,"name":"Affaire Epstein : la police arr\u00eate l&rsquo;ex-prince Andrew"}]},{"@type":"WebSite","@id":"https:\/\/vieassociative.be\/actualites\/#website","url":"https:\/\/vieassociative.be\/actualites\/","name":"Vie Associative","description":"","publisher":{"@id":"https:\/\/vieassociative.be\/actualites\/#organization"},"potentialAction":[{"@type":"SearchAction","target":{"@type":"EntryPoint","urlTemplate":"https:\/\/vieassociative.be\/actualites\/?s={search_term_string}"},"query-input":{"@type":"PropertyValueSpecification","valueRequired":true,"valueName":"search_term_string"}}],"inLanguage":"fr-BE"},{"@type":"Organization","@id":"https:\/\/vieassociative.be\/actualites\/#organization","name":"Vie Associative","url":"https:\/\/vieassociative.be\/actualites\/","logo":{"@type":"ImageObject","inLanguage":"fr-BE","@id":"https:\/\/vieassociative.be\/actualites\/#\/schema\/logo\/image\/","url":"https:\/\/vieassociative.be\/actualites\/wp-content\/uploads\/2024\/09\/cropped-vieassociative_favicon.ico.png","contentUrl":"https:\/\/vieassociative.be\/actualites\/wp-content\/uploads\/2024\/09\/cropped-vieassociative_favicon.ico.png","width":512,"height":512,"caption":"Vie Associative"},"image":{"@id":"https:\/\/vieassociative.be\/actualites\/#\/schema\/logo\/image\/"}},{"@type":"Person","@id":"https:\/\/vieassociative.be\/actualites\/#\/schema\/person\/b87ac4f82f9d4e7b7cec7395b679edc4","name":"Julien","image":{"@type":"ImageObject","inLanguage":"fr-BE","@id":"https:\/\/vieassociative.be\/actualites\/#\/schema\/person\/image\/","url":"https:\/\/vieassociative.be\/actualites\/wp-content\/uploads\/2024\/09\/vie-associative-1-150x150.jpg","contentUrl":"https:\/\/vieassociative.be\/actualites\/wp-content\/uploads\/2024\/09\/vie-associative-1-150x150.jpg","caption":"Julien"},"description":"Je suis Julien, r\u00e9dacteur pour Vie Associative. Passionn\u00e9 par le monde associatif depuis plus de 10 ans, j'ai \u00e0 c\u0153ur de partager des histoires inspirantes et de mettre en lumi\u00e8re les initiatives locales. Mon objectif est de sensibiliser et d'encourager l'engagement communautaire \u00e0 travers mes articles.","sameAs":["https:\/\/vieassociative.be\/"]}]}},"_links":{"self":[{"href":"https:\/\/vieassociative.be\/actualites\/wp-json\/wp\/v2\/posts\/12720"}],"collection":[{"href":"https:\/\/vieassociative.be\/actualites\/wp-json\/wp\/v2\/posts"}],"about":[{"href":"https:\/\/vieassociative.be\/actualites\/wp-json\/wp\/v2\/types\/post"}],"author":[{"embeddable":true,"href":"https:\/\/vieassociative.be\/actualites\/wp-json\/wp\/v2\/users\/1"}],"replies":[{"embeddable":true,"href":"https:\/\/vieassociative.be\/actualites\/wp-json\/wp\/v2\/comments?post=12720"}],"version-history":[{"count":0,"href":"https:\/\/vieassociative.be\/actualites\/wp-json\/wp\/v2\/posts\/12720\/revisions"}],"wp:featuredmedia":[{"embeddable":true,"href":"https:\/\/vieassociative.be\/actualites\/wp-json\/wp\/v2\/media\/12721"}],"wp:attachment":[{"href":"https:\/\/vieassociative.be\/actualites\/wp-json\/wp\/v2\/media?parent=12720"}],"wp:term":[{"taxonomy":"category","embeddable":true,"href":"https:\/\/vieassociative.be\/actualites\/wp-json\/wp\/v2\/categories?post=12720"},{"taxonomy":"post_tag","embeddable":true,"href":"https:\/\/vieassociative.be\/actualites\/wp-json\/wp\/v2\/tags?post=12720"}],"curies":[{"name":"wp","href":"https:\/\/api.w.org\/{rel}","templated":true}]}}