{"id":12718,"date":"2026-02-20T04:17:31","date_gmt":"2026-02-20T03:17:31","guid":{"rendered":"https:\/\/vieassociative.be\/actualites\/les-rumeurs-suggerent-quapple-et-meta-parient-gros-sur-les-appareils-portables-ia\/"},"modified":"2026-02-20T04:17:31","modified_gmt":"2026-02-20T03:17:31","slug":"les-rumeurs-suggerent-quapple-et-meta-parient-gros-sur-les-appareils-portables-ia","status":"publish","type":"post","link":"https:\/\/vieassociative.be\/actualites\/les-rumeurs-suggerent-quapple-et-meta-parient-gros-sur-les-appareils-portables-ia\/","title":{"rendered":"Les rumeurs sugg\u00e8rent qu&rsquo;Apple et Meta parient gros sur les appareils portables IA"},"content":{"rendered":"<p>Nous pouvons gagner une commission sur les liens sur cette page.<\/p>\n<p>La prochaine g\u00e9n\u00e9ration de lunettes intelligentes Meta&rsquo;s Display pourrait \u00eatre livr\u00e9e avec une montre intelligente. Selon un rapport de The Information, la montre de Meta, nomm\u00e9e Malibu 2, pourrait comporter des fonctionnalit\u00e9s de suivi de la condition physique et une IA, mais son v\u00e9ritable objectif est de remplacer la bande neuronale de l&rsquo;\u00e9cran et de servir de contr\u00f4leur pour les lunettes intelligentes. Si les rapports sont exacts, des lunettes intelligentes Meta Display avec une montre intelligente pourraient \u00eatre disponibles en 2026.<\/p>\n<p>Il n&rsquo;y a pas d&rsquo;autres d\u00e9tails sur la montre intelligente, nous ne connaissons donc pas son prix ni ses fonctionnalit\u00e9s, mais je serais surpris si cette rumeur ne se concr\u00e9tise pas finalement. Meta a d\u00e9j\u00e0 \u00e9voqu\u00e9 l&rsquo;id\u00e9e d&rsquo;une montre intelligente, et c&rsquo;est logique\u00a0: si vous souhaitez avoir un contr\u00f4leur de poignet pour vos lunettes, pourquoi <em>pas<\/em> lui donner \u00e9galement des fonctionnalit\u00e9s de montre intelligente ? Surtout si une combinaison lunettes-montre donne potentiellement aux utilisateurs une raison d\u2019abandonner leurs montres Apple. <\/p>\n<h2 id=\"apple-is-reportedly-working-on-ai-wearables-too\">Apple travaillerait \u00e9galement sur des appareils portables dot\u00e9s d&rsquo;IA<\/h2>\n<p>En parlant d&rsquo;Apple, si les rumeurs concernant l&rsquo;entreprise sont vraies, Apple fait pression pour lancer sa propre suite d&rsquo;appareils portables aliment\u00e9s par l&rsquo;IA. Selon un rapport de Bloomberg, Apple pourrait d\u00e9ployer des lunettes intelligentes d\u00e9but 2027. La soci\u00e9t\u00e9 serait \u00e9galement en train de d\u00e9velopper un pendentif aliment\u00e9 par l&rsquo;IA qui peut \u00ab \u00eatre \u00e9pingl\u00e9 sur une chemise ou port\u00e9 comme un collier \u00bb, ainsi que des AirPod dot\u00e9s de capacit\u00e9s d&rsquo;IA \u00e9tendues. Les AirPod et le pendentif seront \u00e9quip\u00e9s de cam\u00e9ras con\u00e7ues pour \u00ab\u00a0aider l&rsquo;IA \u00e0 fonctionner\u00a0\u00bb plut\u00f4t que de prendre des photos. Les lunettes intelligentes d&rsquo;Apple ne comporteraient apparemment pas d&rsquo;\u00e9cran, mais comporteraient un appareil photo haut de gamme et une qualit\u00e9 de fabrication sup\u00e9rieure \u00e0 celle des lunettes intelligentes de Meta. Tous les appareils Apple seraient con\u00e7us pour fonctionner avec les iPhones.<\/p>\n<h2 id=\"is-the-wearable-war-heating-up\">La guerre des wearables s\u2019intensifie-t-elle ?<\/h2>\n<p>Bien entendu, rien de tout cela n\u2019est confirm\u00e9. Le plus proche d&rsquo;Apple pour annoncer ces plans est le PDG Tim Cook mentionnant les \u00ab cat\u00e9gories de produits \u00bb activ\u00e9es par l&rsquo;intelligence artificielle lors d&rsquo;une r\u00e9union \u00e0 tous. Cependant, tout indique que Meta et Apple parient que les consommateurs veulent une collection de wearables connect\u00e9s \u00e0 l\u2019IA. Chaque entreprise adopte une approche diff\u00e9rente pour int\u00e9grer les utilisateurs dans son \u00e9cosyst\u00e8me. Apple semble parier sur des appareils int\u00e9gr\u00e9s aux iPhones et contr\u00f4l\u00e9s avec le type de technologie bas\u00e9e sur une cam\u00e9ra qui alimente le casque Apple Vision Pro. Meta semble viser \u00e0 remplacer les t\u00e9l\u00e9phones par un \u00e9cran int\u00e9gr\u00e9 aux lunettes et un syst\u00e8me de contr\u00f4le biom\u00e9trique qui fonctionne avec les mouvements musculaires, comme la bande neuronale existante. <\/p>\n<p>Meta et Apple semblent tous deux rivaliser pour aller au-del\u00e0 d&rsquo;un \u00e9cran ou de lunettes intelligentes et devenir la prochaine interface de votre vie, mais est-ce que les gens le veulent ? Les consommateurs sont-ils suffisamment enthousiasm\u00e9s par la perspective d\u2019une IA toujours disponible et d\u2019appareils connect\u00e9s pour les acheter\u00a0? C\u2019est la grande question, et la r\u00e9ponse est loin d\u2019\u00eatre certaine. Apple et Meta ont fait de gros paris sur la r\u00e9alit\u00e9 virtuelle et, bien que les appareils VR des deux soci\u00e9t\u00e9s soient excellents, ni l&rsquo;un ni l&rsquo;autre ne semble avoir conquis le march\u00e9 comme ces entreprises l&rsquo;auraient souhait\u00e9. Alors comme on dit, restez \u00e0 l\u2019\u00e9coute. <\/p>\n","protected":false},"excerpt":{"rendered":"<p>Nous pouvons gagner une commission sur les liens sur cette page. La prochaine g\u00e9n\u00e9ration de lunettes intelligentes Meta&rsquo;s Display pourrait \u00eatre livr\u00e9e avec une montre<\/p>\n","protected":false},"author":1,"featured_media":12719,"comment_status":"","ping_status":"","sticky":false,"template":"","format":"standard","meta":{"footnotes":""},"categories":[13],"tags":[451,3696,14,487,10068,427,8498,1844,7056,33],"class_list":["post-12718","post","type-post","status-publish","format-standard","has-post-thumbnail","hentry","category-technologie","tag-appareils","tag-gros","tag-les","tag-meta","tag-parient","tag-portables","tag-quapple","tag-rumeurs","tag-suggerent","tag-sur","generate-columns","tablet-grid-50","mobile-grid-100","grid-parent","grid-33"],"yoast_head":"<!-- This site is optimized with the Yoast SEO plugin v24.0 - https:\/\/yoast.com\/wordpress\/plugins\/seo\/ -->\n<title>Les rumeurs sugg\u00e8rent qu&#039;Apple et Meta parient gros sur les appareils portables IA | Vie Associative<\/title>\n<meta name=\"robots\" content=\"index, follow, max-snippet:-1, max-image-preview:large, max-video-preview:-1\" \/>\n<link rel=\"canonical\" href=\"https:\/\/vieassociative.be\/actualites\/les-rumeurs-suggerent-quapple-et-meta-parient-gros-sur-les-appareils-portables-ia\/\" \/>\n<meta property=\"og:locale\" content=\"fr_FR\" \/>\n<meta property=\"og:type\" content=\"article\" \/>\n<meta property=\"og:title\" content=\"Les rumeurs sugg\u00e8rent qu&#039;Apple et Meta parient gros sur les appareils portables IA | Vie Associative\" \/>\n<meta property=\"og:description\" content=\"Nous pouvons gagner une commission sur les liens sur cette page. La prochaine g\u00e9n\u00e9ration de lunettes intelligentes Meta&rsquo;s Display pourrait \u00eatre livr\u00e9e avec une montre\" \/>\n<meta property=\"og:url\" content=\"https:\/\/vieassociative.be\/actualites\/les-rumeurs-suggerent-quapple-et-meta-parient-gros-sur-les-appareils-portables-ia\/\" \/>\n<meta property=\"og:site_name\" content=\"Vie Associative\" \/>\n<meta property=\"article:published_time\" content=\"2026-02-20T03:17:31+00:00\" \/>\n<meta property=\"og:image\" content=\"https:\/\/vieassociative.be\/actualites\/wp-content\/uploads\/2024\/09\/header_backgroundk-01-e1726694325946.png\" \/>\n\t<meta property=\"og:image:width\" content=\"279\" \/>\n\t<meta property=\"og:image:height\" content=\"92\" \/>\n\t<meta property=\"og:image:type\" content=\"image\/png\" \/>\n<meta name=\"author\" content=\"Julien\" \/>\n<meta name=\"twitter:card\" content=\"summary_large_image\" \/>\n<meta name=\"twitter:label1\" content=\"\u00c9crit par\" \/>\n\t<meta name=\"twitter:data1\" content=\"Julien\" \/>\n\t<meta name=\"twitter:label2\" content=\"Dur\u00e9e de lecture est.\" \/>\n\t<meta name=\"twitter:data2\" content=\"3 minutes\" \/>\n<script type=\"application\/ld+json\" class=\"yoast-schema-graph\">{\"@context\":\"https:\/\/schema.org\",\"@graph\":[{\"@type\":\"Article\",\"@id\":\"https:\/\/vieassociative.be\/actualites\/les-rumeurs-suggerent-quapple-et-meta-parient-gros-sur-les-appareils-portables-ia\/#article\",\"isPartOf\":{\"@id\":\"https:\/\/vieassociative.be\/actualites\/les-rumeurs-suggerent-quapple-et-meta-parient-gros-sur-les-appareils-portables-ia\/\"},\"author\":{\"name\":\"Julien\",\"@id\":\"https:\/\/vieassociative.be\/actualites\/#\/schema\/person\/b87ac4f82f9d4e7b7cec7395b679edc4\"},\"headline\":\"Les rumeurs sugg\u00e8rent qu&rsquo;Apple et Meta parient gros sur les appareils portables IA\",\"datePublished\":\"2026-02-20T03:17:31+00:00\",\"dateModified\":\"2026-02-20T03:17:31+00:00\",\"mainEntityOfPage\":{\"@id\":\"https:\/\/vieassociative.be\/actualites\/les-rumeurs-suggerent-quapple-et-meta-parient-gros-sur-les-appareils-portables-ia\/\"},\"wordCount\":638,\"publisher\":{\"@id\":\"https:\/\/vieassociative.be\/actualites\/#organization\"},\"image\":{\"@id\":\"https:\/\/vieassociative.be\/actualites\/les-rumeurs-suggerent-quapple-et-meta-parient-gros-sur-les-appareils-portables-ia\/#primaryimage\"},\"thumbnailUrl\":\"https:\/\/vieassociative.be\/actualites\/wp-content\/uploads\/2026\/02\/Les-rumeurs-suggerent-quApple-et-Meta-parient-gros-sur-les.png\",\"keywords\":[\"appareils\",\"gros\",\"Les\",\"Meta\",\"parient\",\"portables\",\"quApple\",\"rumeurs\",\"sugg\u00e8rent\",\"sur\"],\"articleSection\":[\"Technologie\"],\"inLanguage\":\"fr-BE\"},{\"@type\":\"WebPage\",\"@id\":\"https:\/\/vieassociative.be\/actualites\/les-rumeurs-suggerent-quapple-et-meta-parient-gros-sur-les-appareils-portables-ia\/\",\"url\":\"https:\/\/vieassociative.be\/actualites\/les-rumeurs-suggerent-quapple-et-meta-parient-gros-sur-les-appareils-portables-ia\/\",\"name\":\"Les rumeurs sugg\u00e8rent qu'Apple et Meta parient gros sur les appareils portables IA | Vie Associative\",\"isPartOf\":{\"@id\":\"https:\/\/vieassociative.be\/actualites\/#website\"},\"primaryImageOfPage\":{\"@id\":\"https:\/\/vieassociative.be\/actualites\/les-rumeurs-suggerent-quapple-et-meta-parient-gros-sur-les-appareils-portables-ia\/#primaryimage\"},\"image\":{\"@id\":\"https:\/\/vieassociative.be\/actualites\/les-rumeurs-suggerent-quapple-et-meta-parient-gros-sur-les-appareils-portables-ia\/#primaryimage\"},\"thumbnailUrl\":\"https:\/\/vieassociative.be\/actualites\/wp-content\/uploads\/2026\/02\/Les-rumeurs-suggerent-quApple-et-Meta-parient-gros-sur-les.png\",\"datePublished\":\"2026-02-20T03:17:31+00:00\",\"dateModified\":\"2026-02-20T03:17:31+00:00\",\"breadcrumb\":{\"@id\":\"https:\/\/vieassociative.be\/actualites\/les-rumeurs-suggerent-quapple-et-meta-parient-gros-sur-les-appareils-portables-ia\/#breadcrumb\"},\"inLanguage\":\"fr-BE\",\"potentialAction\":[{\"@type\":\"ReadAction\",\"target\":[\"https:\/\/vieassociative.be\/actualites\/les-rumeurs-suggerent-quapple-et-meta-parient-gros-sur-les-appareils-portables-ia\/\"]}]},{\"@type\":\"ImageObject\",\"inLanguage\":\"fr-BE\",\"@id\":\"https:\/\/vieassociative.be\/actualites\/les-rumeurs-suggerent-quapple-et-meta-parient-gros-sur-les-appareils-portables-ia\/#primaryimage\",\"url\":\"https:\/\/vieassociative.be\/actualites\/wp-content\/uploads\/2026\/02\/Les-rumeurs-suggerent-quApple-et-Meta-parient-gros-sur-les.png\",\"contentUrl\":\"https:\/\/vieassociative.be\/actualites\/wp-content\/uploads\/2026\/02\/Les-rumeurs-suggerent-quApple-et-Meta-parient-gros-sur-les.png\",\"width\":1200,\"height\":675,\"caption\":\"Les rumeurs sugg\u00e8rent qu'Apple et Meta parient gros sur les appareils portables IA\"},{\"@type\":\"BreadcrumbList\",\"@id\":\"https:\/\/vieassociative.be\/actualites\/les-rumeurs-suggerent-quapple-et-meta-parient-gros-sur-les-appareils-portables-ia\/#breadcrumb\",\"itemListElement\":[{\"@type\":\"ListItem\",\"position\":1,\"name\":\"Accueil\",\"item\":\"https:\/\/vieassociative.be\/actualites\/\"},{\"@type\":\"ListItem\",\"position\":2,\"name\":\"Les rumeurs sugg\u00e8rent qu&rsquo;Apple et Meta parient gros sur les appareils portables IA\"}]},{\"@type\":\"WebSite\",\"@id\":\"https:\/\/vieassociative.be\/actualites\/#website\",\"url\":\"https:\/\/vieassociative.be\/actualites\/\",\"name\":\"Vie Associative\",\"description\":\"\",\"publisher\":{\"@id\":\"https:\/\/vieassociative.be\/actualites\/#organization\"},\"potentialAction\":[{\"@type\":\"SearchAction\",\"target\":{\"@type\":\"EntryPoint\",\"urlTemplate\":\"https:\/\/vieassociative.be\/actualites\/?s={search_term_string}\"},\"query-input\":{\"@type\":\"PropertyValueSpecification\",\"valueRequired\":true,\"valueName\":\"search_term_string\"}}],\"inLanguage\":\"fr-BE\"},{\"@type\":\"Organization\",\"@id\":\"https:\/\/vieassociative.be\/actualites\/#organization\",\"name\":\"Vie Associative\",\"url\":\"https:\/\/vieassociative.be\/actualites\/\",\"logo\":{\"@type\":\"ImageObject\",\"inLanguage\":\"fr-BE\",\"@id\":\"https:\/\/vieassociative.be\/actualites\/#\/schema\/logo\/image\/\",\"url\":\"https:\/\/vieassociative.be\/actualites\/wp-content\/uploads\/2024\/09\/cropped-vieassociative_favicon.ico.png\",\"contentUrl\":\"https:\/\/vieassociative.be\/actualites\/wp-content\/uploads\/2024\/09\/cropped-vieassociative_favicon.ico.png\",\"width\":512,\"height\":512,\"caption\":\"Vie Associative\"},\"image\":{\"@id\":\"https:\/\/vieassociative.be\/actualites\/#\/schema\/logo\/image\/\"}},{\"@type\":\"Person\",\"@id\":\"https:\/\/vieassociative.be\/actualites\/#\/schema\/person\/b87ac4f82f9d4e7b7cec7395b679edc4\",\"name\":\"Julien\",\"image\":{\"@type\":\"ImageObject\",\"inLanguage\":\"fr-BE\",\"@id\":\"https:\/\/vieassociative.be\/actualites\/#\/schema\/person\/image\/\",\"url\":\"https:\/\/vieassociative.be\/actualites\/wp-content\/uploads\/2024\/09\/vie-associative-1-150x150.jpg\",\"contentUrl\":\"https:\/\/vieassociative.be\/actualites\/wp-content\/uploads\/2024\/09\/vie-associative-1-150x150.jpg\",\"caption\":\"Julien\"},\"description\":\"Je suis Julien, r\u00e9dacteur pour Vie Associative. Passionn\u00e9 par le monde associatif depuis plus de 10 ans, j'ai \u00e0 c\u0153ur de partager des histoires inspirantes et de mettre en lumi\u00e8re les initiatives locales. Mon objectif est de sensibiliser et d'encourager l'engagement communautaire \u00e0 travers mes articles.\",\"sameAs\":[\"https:\/\/vieassociative.be\/\"]}]}<\/script>\n<!-- \/ Yoast SEO plugin. -->","yoast_head_json":{"title":"Les rumeurs sugg\u00e8rent qu'Apple et Meta parient gros sur les appareils portables IA | Vie Associative","robots":{"index":"index","follow":"follow","max-snippet":"max-snippet:-1","max-image-preview":"max-image-preview:large","max-video-preview":"max-video-preview:-1"},"canonical":"https:\/\/vieassociative.be\/actualites\/les-rumeurs-suggerent-quapple-et-meta-parient-gros-sur-les-appareils-portables-ia\/","og_locale":"fr_FR","og_type":"article","og_title":"Les rumeurs sugg\u00e8rent qu'Apple et Meta parient gros sur les appareils portables IA | Vie Associative","og_description":"Nous pouvons gagner une commission sur les liens sur cette page. La prochaine g\u00e9n\u00e9ration de lunettes intelligentes Meta&rsquo;s Display pourrait \u00eatre livr\u00e9e avec une montre","og_url":"https:\/\/vieassociative.be\/actualites\/les-rumeurs-suggerent-quapple-et-meta-parient-gros-sur-les-appareils-portables-ia\/","og_site_name":"Vie Associative","article_published_time":"2026-02-20T03:17:31+00:00","og_image":[{"width":279,"height":92,"url":"https:\/\/vieassociative.be\/actualites\/wp-content\/uploads\/2024\/09\/header_backgroundk-01-e1726694325946.png","type":"image\/png"}],"author":"Julien","twitter_card":"summary_large_image","twitter_misc":{"\u00c9crit par":"Julien","Dur\u00e9e de lecture est.":"3 minutes"},"schema":{"@context":"https:\/\/schema.org","@graph":[{"@type":"Article","@id":"https:\/\/vieassociative.be\/actualites\/les-rumeurs-suggerent-quapple-et-meta-parient-gros-sur-les-appareils-portables-ia\/#article","isPartOf":{"@id":"https:\/\/vieassociative.be\/actualites\/les-rumeurs-suggerent-quapple-et-meta-parient-gros-sur-les-appareils-portables-ia\/"},"author":{"name":"Julien","@id":"https:\/\/vieassociative.be\/actualites\/#\/schema\/person\/b87ac4f82f9d4e7b7cec7395b679edc4"},"headline":"Les rumeurs sugg\u00e8rent qu&rsquo;Apple et Meta parient gros sur les appareils portables IA","datePublished":"2026-02-20T03:17:31+00:00","dateModified":"2026-02-20T03:17:31+00:00","mainEntityOfPage":{"@id":"https:\/\/vieassociative.be\/actualites\/les-rumeurs-suggerent-quapple-et-meta-parient-gros-sur-les-appareils-portables-ia\/"},"wordCount":638,"publisher":{"@id":"https:\/\/vieassociative.be\/actualites\/#organization"},"image":{"@id":"https:\/\/vieassociative.be\/actualites\/les-rumeurs-suggerent-quapple-et-meta-parient-gros-sur-les-appareils-portables-ia\/#primaryimage"},"thumbnailUrl":"https:\/\/vieassociative.be\/actualites\/wp-content\/uploads\/2026\/02\/Les-rumeurs-suggerent-quApple-et-Meta-parient-gros-sur-les.png","keywords":["appareils","gros","Les","Meta","parient","portables","quApple","rumeurs","sugg\u00e8rent","sur"],"articleSection":["Technologie"],"inLanguage":"fr-BE"},{"@type":"WebPage","@id":"https:\/\/vieassociative.be\/actualites\/les-rumeurs-suggerent-quapple-et-meta-parient-gros-sur-les-appareils-portables-ia\/","url":"https:\/\/vieassociative.be\/actualites\/les-rumeurs-suggerent-quapple-et-meta-parient-gros-sur-les-appareils-portables-ia\/","name":"Les rumeurs sugg\u00e8rent qu'Apple et Meta parient gros sur les appareils portables IA | Vie Associative","isPartOf":{"@id":"https:\/\/vieassociative.be\/actualites\/#website"},"primaryImageOfPage":{"@id":"https:\/\/vieassociative.be\/actualites\/les-rumeurs-suggerent-quapple-et-meta-parient-gros-sur-les-appareils-portables-ia\/#primaryimage"},"image":{"@id":"https:\/\/vieassociative.be\/actualites\/les-rumeurs-suggerent-quapple-et-meta-parient-gros-sur-les-appareils-portables-ia\/#primaryimage"},"thumbnailUrl":"https:\/\/vieassociative.be\/actualites\/wp-content\/uploads\/2026\/02\/Les-rumeurs-suggerent-quApple-et-Meta-parient-gros-sur-les.png","datePublished":"2026-02-20T03:17:31+00:00","dateModified":"2026-02-20T03:17:31+00:00","breadcrumb":{"@id":"https:\/\/vieassociative.be\/actualites\/les-rumeurs-suggerent-quapple-et-meta-parient-gros-sur-les-appareils-portables-ia\/#breadcrumb"},"inLanguage":"fr-BE","potentialAction":[{"@type":"ReadAction","target":["https:\/\/vieassociative.be\/actualites\/les-rumeurs-suggerent-quapple-et-meta-parient-gros-sur-les-appareils-portables-ia\/"]}]},{"@type":"ImageObject","inLanguage":"fr-BE","@id":"https:\/\/vieassociative.be\/actualites\/les-rumeurs-suggerent-quapple-et-meta-parient-gros-sur-les-appareils-portables-ia\/#primaryimage","url":"https:\/\/vieassociative.be\/actualites\/wp-content\/uploads\/2026\/02\/Les-rumeurs-suggerent-quApple-et-Meta-parient-gros-sur-les.png","contentUrl":"https:\/\/vieassociative.be\/actualites\/wp-content\/uploads\/2026\/02\/Les-rumeurs-suggerent-quApple-et-Meta-parient-gros-sur-les.png","width":1200,"height":675,"caption":"Les rumeurs sugg\u00e8rent qu'Apple et Meta parient gros sur les appareils portables IA"},{"@type":"BreadcrumbList","@id":"https:\/\/vieassociative.be\/actualites\/les-rumeurs-suggerent-quapple-et-meta-parient-gros-sur-les-appareils-portables-ia\/#breadcrumb","itemListElement":[{"@type":"ListItem","position":1,"name":"Accueil","item":"https:\/\/vieassociative.be\/actualites\/"},{"@type":"ListItem","position":2,"name":"Les rumeurs sugg\u00e8rent qu&rsquo;Apple et Meta parient gros sur les appareils portables IA"}]},{"@type":"WebSite","@id":"https:\/\/vieassociative.be\/actualites\/#website","url":"https:\/\/vieassociative.be\/actualites\/","name":"Vie Associative","description":"","publisher":{"@id":"https:\/\/vieassociative.be\/actualites\/#organization"},"potentialAction":[{"@type":"SearchAction","target":{"@type":"EntryPoint","urlTemplate":"https:\/\/vieassociative.be\/actualites\/?s={search_term_string}"},"query-input":{"@type":"PropertyValueSpecification","valueRequired":true,"valueName":"search_term_string"}}],"inLanguage":"fr-BE"},{"@type":"Organization","@id":"https:\/\/vieassociative.be\/actualites\/#organization","name":"Vie Associative","url":"https:\/\/vieassociative.be\/actualites\/","logo":{"@type":"ImageObject","inLanguage":"fr-BE","@id":"https:\/\/vieassociative.be\/actualites\/#\/schema\/logo\/image\/","url":"https:\/\/vieassociative.be\/actualites\/wp-content\/uploads\/2024\/09\/cropped-vieassociative_favicon.ico.png","contentUrl":"https:\/\/vieassociative.be\/actualites\/wp-content\/uploads\/2024\/09\/cropped-vieassociative_favicon.ico.png","width":512,"height":512,"caption":"Vie Associative"},"image":{"@id":"https:\/\/vieassociative.be\/actualites\/#\/schema\/logo\/image\/"}},{"@type":"Person","@id":"https:\/\/vieassociative.be\/actualites\/#\/schema\/person\/b87ac4f82f9d4e7b7cec7395b679edc4","name":"Julien","image":{"@type":"ImageObject","inLanguage":"fr-BE","@id":"https:\/\/vieassociative.be\/actualites\/#\/schema\/person\/image\/","url":"https:\/\/vieassociative.be\/actualites\/wp-content\/uploads\/2024\/09\/vie-associative-1-150x150.jpg","contentUrl":"https:\/\/vieassociative.be\/actualites\/wp-content\/uploads\/2024\/09\/vie-associative-1-150x150.jpg","caption":"Julien"},"description":"Je suis Julien, r\u00e9dacteur pour Vie Associative. Passionn\u00e9 par le monde associatif depuis plus de 10 ans, j'ai \u00e0 c\u0153ur de partager des histoires inspirantes et de mettre en lumi\u00e8re les initiatives locales. Mon objectif est de sensibiliser et d'encourager l'engagement communautaire \u00e0 travers mes articles.","sameAs":["https:\/\/vieassociative.be\/"]}]}},"_links":{"self":[{"href":"https:\/\/vieassociative.be\/actualites\/wp-json\/wp\/v2\/posts\/12718"}],"collection":[{"href":"https:\/\/vieassociative.be\/actualites\/wp-json\/wp\/v2\/posts"}],"about":[{"href":"https:\/\/vieassociative.be\/actualites\/wp-json\/wp\/v2\/types\/post"}],"author":[{"embeddable":true,"href":"https:\/\/vieassociative.be\/actualites\/wp-json\/wp\/v2\/users\/1"}],"replies":[{"embeddable":true,"href":"https:\/\/vieassociative.be\/actualites\/wp-json\/wp\/v2\/comments?post=12718"}],"version-history":[{"count":0,"href":"https:\/\/vieassociative.be\/actualites\/wp-json\/wp\/v2\/posts\/12718\/revisions"}],"wp:featuredmedia":[{"embeddable":true,"href":"https:\/\/vieassociative.be\/actualites\/wp-json\/wp\/v2\/media\/12719"}],"wp:attachment":[{"href":"https:\/\/vieassociative.be\/actualites\/wp-json\/wp\/v2\/media?parent=12718"}],"wp:term":[{"taxonomy":"category","embeddable":true,"href":"https:\/\/vieassociative.be\/actualites\/wp-json\/wp\/v2\/categories?post=12718"},{"taxonomy":"post_tag","embeddable":true,"href":"https:\/\/vieassociative.be\/actualites\/wp-json\/wp\/v2\/tags?post=12718"}],"curies":[{"name":"wp","href":"https:\/\/api.w.org\/{rel}","templated":true}]}}