{"id":12716,"date":"2026-02-19T23:17:45","date_gmt":"2026-02-19T22:17:45","guid":{"rendered":"https:\/\/vieassociative.be\/actualites\/quelques-jours-avant-que-les-etats-unis-nentrent-en-guerre-contre-liran-trump-lance-son-conseil-de-paix\/"},"modified":"2026-02-19T23:17:45","modified_gmt":"2026-02-19T22:17:45","slug":"quelques-jours-avant-que-les-etats-unis-nentrent-en-guerre-contre-liran-trump-lance-son-conseil-de-paix","status":"publish","type":"post","link":"https:\/\/vieassociative.be\/actualites\/quelques-jours-avant-que-les-etats-unis-nentrent-en-guerre-contre-liran-trump-lance-son-conseil-de-paix\/","title":{"rendered":"Quelques jours avant que les \u00c9tats-Unis n\u2019entrent en guerre contre l\u2019Iran, Trump lance son \u00ab Conseil de paix \u00bb"},"content":{"rendered":"<p><strong>Suite aux r\u00e9centes n\u00e9gociations nucl\u00e9aires entre les \u00c9tats-Unis et l\u2019Iran, de plus en plus d\u2019indications indiquent qu\u2019une guerre pourrait \u00eatre imminente. Peu de temps auparavant, le pr\u00e9sident am\u00e9ricain Donald Trump avait ouvert la premi\u00e8re r\u00e9union du \u00ab Conseil de paix \u00bb qu\u2019il avait initi\u00e9.<\/strong><\/p>\n<p><span id=\"more-437089\"><\/span>Interrog\u00e9e sur les consid\u00e9rations du pr\u00e9sident am\u00e9ricain Donald Trump concernant une \u00e9ventuelle action militaire contre l&rsquo;Iran, la porte-parole du gouvernement am\u00e9ricain, Karoline Leavitt, a d\u00e9clar\u00e9 que de nombreux arguments pouvaient \u00eatre avanc\u00e9s en faveur d&rsquo;une attaque. La cha\u00eene de t\u00e9l\u00e9vision am\u00e9ricaine CBS News a cit\u00e9 des sources bien inform\u00e9es selon lesquelles de hauts responsables de la s\u00e9curit\u00e9 nationale avaient d\u00e9clar\u00e9 \u00e0 Trump que l&rsquo;arm\u00e9e \u00e9tait pr\u00eate \u00e0 mener des attaques contre l&rsquo;Iran d\u00e8s samedi.<\/p>\n<p>Quelques jours avant un \u00e9ventuel effort de guerre en Iran, Trump a ouvert jeudi la premi\u00e8re r\u00e9union de son \u00ab Conseil de paix \u00bb, qu\u2019il a fond\u00e9 au Forum \u00e9conomique mondial dans la ville alpine suisse de Davos et qu\u2019il pr\u00e9side lui-m\u00eame.<\/p>\n<p>\u00c0 la base, le Conseil de paix a pour objectif de r\u00e9soudre les conflits mondiaux. Contrairement \u00e0 ce qui \u00e9tait initialement pr\u00e9vu, il ne s\u2019agit pas d\u2019un organe exclusivement d\u00e9di\u00e9 au suivi de la pacification de la bande de Gaza. (dpa\/cr\u00e9)<\/p>\n","protected":false},"excerpt":{"rendered":"<p>Suite aux r\u00e9centes n\u00e9gociations nucl\u00e9aires entre les \u00c9tats-Unis et l\u2019Iran, de plus en plus d\u2019indications indiquent qu\u2019une guerre pourrait \u00eatre imminente. Peu de temps auparavant,<\/p>\n","protected":false},"author":1,"featured_media":12717,"comment_status":"","ping_status":"","sticky":false,"template":"","format":"standard","meta":{"footnotes":""},"categories":[298],"tags":[142,1085,796,290,2637,937,4362,14,7426,10067,3280,5658,800,2425],"class_list":["post-12716","post","type-post","status-publish","format-standard","has-post-thumbnail","hentry","category-belgique","tag-avant","tag-conseil","tag-contre","tag-etatsunis","tag-guerre","tag-jours","tag-lance","tag-les","tag-liran","tag-nentrent","tag-paix","tag-quelques","tag-son","tag-trump","generate-columns","tablet-grid-50","mobile-grid-100","grid-parent","grid-33"],"yoast_head":"<!-- This site is optimized with the Yoast SEO plugin v24.0 - https:\/\/yoast.com\/wordpress\/plugins\/seo\/ -->\n<title>Quelques jours avant que les \u00c9tats-Unis n\u2019entrent en guerre contre l\u2019Iran, Trump lance son \u00ab Conseil de paix \u00bb | Vie Associative<\/title>\n<meta name=\"robots\" content=\"index, follow, max-snippet:-1, max-image-preview:large, max-video-preview:-1\" \/>\n<link rel=\"canonical\" href=\"https:\/\/vieassociative.be\/actualites\/quelques-jours-avant-que-les-etats-unis-nentrent-en-guerre-contre-liran-trump-lance-son-conseil-de-paix\/\" \/>\n<meta property=\"og:locale\" content=\"fr_FR\" \/>\n<meta property=\"og:type\" content=\"article\" \/>\n<meta property=\"og:title\" content=\"Quelques jours avant que les \u00c9tats-Unis n\u2019entrent en guerre contre l\u2019Iran, Trump lance son \u00ab Conseil de paix \u00bb | Vie Associative\" \/>\n<meta property=\"og:description\" content=\"Suite aux r\u00e9centes n\u00e9gociations nucl\u00e9aires entre les \u00c9tats-Unis et l\u2019Iran, de plus en plus d\u2019indications indiquent qu\u2019une guerre pourrait \u00eatre imminente. Peu de temps auparavant,\" \/>\n<meta property=\"og:url\" content=\"https:\/\/vieassociative.be\/actualites\/quelques-jours-avant-que-les-etats-unis-nentrent-en-guerre-contre-liran-trump-lance-son-conseil-de-paix\/\" \/>\n<meta property=\"og:site_name\" content=\"Vie Associative\" \/>\n<meta property=\"article:published_time\" content=\"2026-02-19T22:17:45+00:00\" \/>\n<meta property=\"og:image\" content=\"https:\/\/vieassociative.be\/actualites\/wp-content\/uploads\/2024\/09\/header_backgroundk-01-e1726694325946.png\" \/>\n\t<meta property=\"og:image:width\" content=\"279\" \/>\n\t<meta property=\"og:image:height\" content=\"92\" \/>\n\t<meta property=\"og:image:type\" content=\"image\/png\" \/>\n<meta name=\"author\" content=\"Julien\" \/>\n<meta name=\"twitter:card\" content=\"summary_large_image\" \/>\n<meta name=\"twitter:label1\" content=\"\u00c9crit par\" \/>\n\t<meta name=\"twitter:data1\" content=\"Julien\" \/>\n\t<meta name=\"twitter:label2\" content=\"Dur\u00e9e de lecture est.\" \/>\n\t<meta name=\"twitter:data2\" content=\"1 minute\" \/>\n<script type=\"application\/ld+json\" class=\"yoast-schema-graph\">{\"@context\":\"https:\/\/schema.org\",\"@graph\":[{\"@type\":\"Article\",\"@id\":\"https:\/\/vieassociative.be\/actualites\/quelques-jours-avant-que-les-etats-unis-nentrent-en-guerre-contre-liran-trump-lance-son-conseil-de-paix\/#article\",\"isPartOf\":{\"@id\":\"https:\/\/vieassociative.be\/actualites\/quelques-jours-avant-que-les-etats-unis-nentrent-en-guerre-contre-liran-trump-lance-son-conseil-de-paix\/\"},\"author\":{\"name\":\"Julien\",\"@id\":\"https:\/\/vieassociative.be\/actualites\/#\/schema\/person\/b87ac4f82f9d4e7b7cec7395b679edc4\"},\"headline\":\"Quelques jours avant que les \u00c9tats-Unis n\u2019entrent en guerre contre l\u2019Iran, Trump lance son \u00ab Conseil de paix \u00bb\",\"datePublished\":\"2026-02-19T22:17:45+00:00\",\"dateModified\":\"2026-02-19T22:17:45+00:00\",\"mainEntityOfPage\":{\"@id\":\"https:\/\/vieassociative.be\/actualites\/quelques-jours-avant-que-les-etats-unis-nentrent-en-guerre-contre-liran-trump-lance-son-conseil-de-paix\/\"},\"wordCount\":256,\"publisher\":{\"@id\":\"https:\/\/vieassociative.be\/actualites\/#organization\"},\"image\":{\"@id\":\"https:\/\/vieassociative.be\/actualites\/quelques-jours-avant-que-les-etats-unis-nentrent-en-guerre-contre-liran-trump-lance-son-conseil-de-paix\/#primaryimage\"},\"thumbnailUrl\":\"https:\/\/vieassociative.be\/actualites\/wp-content\/uploads\/2026\/02\/Quelques-jours-avant-que-les-Etats-Unis-nentrent-en-guerre-contre.jpg\",\"keywords\":[\"avant\",\"conseil\",\"contre\",\"\u00c9tatsUnis\",\"guerre\",\"jours\",\"lanc\u00e9\",\"Les\",\"lIran\",\"nentrent\",\"paix\",\"quelques\",\"son\",\"Trump\"],\"articleSection\":[\"Belgique\"],\"inLanguage\":\"fr-BE\"},{\"@type\":\"WebPage\",\"@id\":\"https:\/\/vieassociative.be\/actualites\/quelques-jours-avant-que-les-etats-unis-nentrent-en-guerre-contre-liran-trump-lance-son-conseil-de-paix\/\",\"url\":\"https:\/\/vieassociative.be\/actualites\/quelques-jours-avant-que-les-etats-unis-nentrent-en-guerre-contre-liran-trump-lance-son-conseil-de-paix\/\",\"name\":\"Quelques jours avant que les \u00c9tats-Unis n\u2019entrent en guerre contre l\u2019Iran, Trump lance son \u00ab Conseil de paix \u00bb | Vie Associative\",\"isPartOf\":{\"@id\":\"https:\/\/vieassociative.be\/actualites\/#website\"},\"primaryImageOfPage\":{\"@id\":\"https:\/\/vieassociative.be\/actualites\/quelques-jours-avant-que-les-etats-unis-nentrent-en-guerre-contre-liran-trump-lance-son-conseil-de-paix\/#primaryimage\"},\"image\":{\"@id\":\"https:\/\/vieassociative.be\/actualites\/quelques-jours-avant-que-les-etats-unis-nentrent-en-guerre-contre-liran-trump-lance-son-conseil-de-paix\/#primaryimage\"},\"thumbnailUrl\":\"https:\/\/vieassociative.be\/actualites\/wp-content\/uploads\/2026\/02\/Quelques-jours-avant-que-les-Etats-Unis-nentrent-en-guerre-contre.jpg\",\"datePublished\":\"2026-02-19T22:17:45+00:00\",\"dateModified\":\"2026-02-19T22:17:45+00:00\",\"breadcrumb\":{\"@id\":\"https:\/\/vieassociative.be\/actualites\/quelques-jours-avant-que-les-etats-unis-nentrent-en-guerre-contre-liran-trump-lance-son-conseil-de-paix\/#breadcrumb\"},\"inLanguage\":\"fr-BE\",\"potentialAction\":[{\"@type\":\"ReadAction\",\"target\":[\"https:\/\/vieassociative.be\/actualites\/quelques-jours-avant-que-les-etats-unis-nentrent-en-guerre-contre-liran-trump-lance-son-conseil-de-paix\/\"]}]},{\"@type\":\"ImageObject\",\"inLanguage\":\"fr-BE\",\"@id\":\"https:\/\/vieassociative.be\/actualites\/quelques-jours-avant-que-les-etats-unis-nentrent-en-guerre-contre-liran-trump-lance-son-conseil-de-paix\/#primaryimage\",\"url\":\"https:\/\/vieassociative.be\/actualites\/wp-content\/uploads\/2026\/02\/Quelques-jours-avant-que-les-Etats-Unis-nentrent-en-guerre-contre.jpg\",\"contentUrl\":\"https:\/\/vieassociative.be\/actualites\/wp-content\/uploads\/2026\/02\/Quelques-jours-avant-que-les-Etats-Unis-nentrent-en-guerre-contre.jpg\",\"width\":1200,\"height\":615,\"caption\":\"Quelques jours avant que les \u00c9tats-Unis n\u2019entrent en guerre contre l\u2019Iran, Trump lance son \u00ab Conseil de paix \u00bb\"},{\"@type\":\"BreadcrumbList\",\"@id\":\"https:\/\/vieassociative.be\/actualites\/quelques-jours-avant-que-les-etats-unis-nentrent-en-guerre-contre-liran-trump-lance-son-conseil-de-paix\/#breadcrumb\",\"itemListElement\":[{\"@type\":\"ListItem\",\"position\":1,\"name\":\"Accueil\",\"item\":\"https:\/\/vieassociative.be\/actualites\/\"},{\"@type\":\"ListItem\",\"position\":2,\"name\":\"Quelques jours avant que les \u00c9tats-Unis n\u2019entrent en guerre contre l\u2019Iran, Trump lance son \u00ab Conseil de paix \u00bb\"}]},{\"@type\":\"WebSite\",\"@id\":\"https:\/\/vieassociative.be\/actualites\/#website\",\"url\":\"https:\/\/vieassociative.be\/actualites\/\",\"name\":\"Vie Associative\",\"description\":\"\",\"publisher\":{\"@id\":\"https:\/\/vieassociative.be\/actualites\/#organization\"},\"potentialAction\":[{\"@type\":\"SearchAction\",\"target\":{\"@type\":\"EntryPoint\",\"urlTemplate\":\"https:\/\/vieassociative.be\/actualites\/?s={search_term_string}\"},\"query-input\":{\"@type\":\"PropertyValueSpecification\",\"valueRequired\":true,\"valueName\":\"search_term_string\"}}],\"inLanguage\":\"fr-BE\"},{\"@type\":\"Organization\",\"@id\":\"https:\/\/vieassociative.be\/actualites\/#organization\",\"name\":\"Vie Associative\",\"url\":\"https:\/\/vieassociative.be\/actualites\/\",\"logo\":{\"@type\":\"ImageObject\",\"inLanguage\":\"fr-BE\",\"@id\":\"https:\/\/vieassociative.be\/actualites\/#\/schema\/logo\/image\/\",\"url\":\"https:\/\/vieassociative.be\/actualites\/wp-content\/uploads\/2024\/09\/cropped-vieassociative_favicon.ico.png\",\"contentUrl\":\"https:\/\/vieassociative.be\/actualites\/wp-content\/uploads\/2024\/09\/cropped-vieassociative_favicon.ico.png\",\"width\":512,\"height\":512,\"caption\":\"Vie Associative\"},\"image\":{\"@id\":\"https:\/\/vieassociative.be\/actualites\/#\/schema\/logo\/image\/\"}},{\"@type\":\"Person\",\"@id\":\"https:\/\/vieassociative.be\/actualites\/#\/schema\/person\/b87ac4f82f9d4e7b7cec7395b679edc4\",\"name\":\"Julien\",\"image\":{\"@type\":\"ImageObject\",\"inLanguage\":\"fr-BE\",\"@id\":\"https:\/\/vieassociative.be\/actualites\/#\/schema\/person\/image\/\",\"url\":\"https:\/\/vieassociative.be\/actualites\/wp-content\/uploads\/2024\/09\/vie-associative-1-150x150.jpg\",\"contentUrl\":\"https:\/\/vieassociative.be\/actualites\/wp-content\/uploads\/2024\/09\/vie-associative-1-150x150.jpg\",\"caption\":\"Julien\"},\"description\":\"Je suis Julien, r\u00e9dacteur pour Vie Associative. Passionn\u00e9 par le monde associatif depuis plus de 10 ans, j'ai \u00e0 c\u0153ur de partager des histoires inspirantes et de mettre en lumi\u00e8re les initiatives locales. Mon objectif est de sensibiliser et d'encourager l'engagement communautaire \u00e0 travers mes articles.\",\"sameAs\":[\"https:\/\/vieassociative.be\/\"]}]}<\/script>\n<!-- \/ Yoast SEO plugin. -->","yoast_head_json":{"title":"Quelques jours avant que les \u00c9tats-Unis n\u2019entrent en guerre contre l\u2019Iran, Trump lance son \u00ab Conseil de paix \u00bb | Vie Associative","robots":{"index":"index","follow":"follow","max-snippet":"max-snippet:-1","max-image-preview":"max-image-preview:large","max-video-preview":"max-video-preview:-1"},"canonical":"https:\/\/vieassociative.be\/actualites\/quelques-jours-avant-que-les-etats-unis-nentrent-en-guerre-contre-liran-trump-lance-son-conseil-de-paix\/","og_locale":"fr_FR","og_type":"article","og_title":"Quelques jours avant que les \u00c9tats-Unis n\u2019entrent en guerre contre l\u2019Iran, Trump lance son \u00ab Conseil de paix \u00bb | Vie Associative","og_description":"Suite aux r\u00e9centes n\u00e9gociations nucl\u00e9aires entre les \u00c9tats-Unis et l\u2019Iran, de plus en plus d\u2019indications indiquent qu\u2019une guerre pourrait \u00eatre imminente. Peu de temps auparavant,","og_url":"https:\/\/vieassociative.be\/actualites\/quelques-jours-avant-que-les-etats-unis-nentrent-en-guerre-contre-liran-trump-lance-son-conseil-de-paix\/","og_site_name":"Vie Associative","article_published_time":"2026-02-19T22:17:45+00:00","og_image":[{"width":279,"height":92,"url":"https:\/\/vieassociative.be\/actualites\/wp-content\/uploads\/2024\/09\/header_backgroundk-01-e1726694325946.png","type":"image\/png"}],"author":"Julien","twitter_card":"summary_large_image","twitter_misc":{"\u00c9crit par":"Julien","Dur\u00e9e de lecture est.":"1 minute"},"schema":{"@context":"https:\/\/schema.org","@graph":[{"@type":"Article","@id":"https:\/\/vieassociative.be\/actualites\/quelques-jours-avant-que-les-etats-unis-nentrent-en-guerre-contre-liran-trump-lance-son-conseil-de-paix\/#article","isPartOf":{"@id":"https:\/\/vieassociative.be\/actualites\/quelques-jours-avant-que-les-etats-unis-nentrent-en-guerre-contre-liran-trump-lance-son-conseil-de-paix\/"},"author":{"name":"Julien","@id":"https:\/\/vieassociative.be\/actualites\/#\/schema\/person\/b87ac4f82f9d4e7b7cec7395b679edc4"},"headline":"Quelques jours avant que les \u00c9tats-Unis n\u2019entrent en guerre contre l\u2019Iran, Trump lance son \u00ab Conseil de paix \u00bb","datePublished":"2026-02-19T22:17:45+00:00","dateModified":"2026-02-19T22:17:45+00:00","mainEntityOfPage":{"@id":"https:\/\/vieassociative.be\/actualites\/quelques-jours-avant-que-les-etats-unis-nentrent-en-guerre-contre-liran-trump-lance-son-conseil-de-paix\/"},"wordCount":256,"publisher":{"@id":"https:\/\/vieassociative.be\/actualites\/#organization"},"image":{"@id":"https:\/\/vieassociative.be\/actualites\/quelques-jours-avant-que-les-etats-unis-nentrent-en-guerre-contre-liran-trump-lance-son-conseil-de-paix\/#primaryimage"},"thumbnailUrl":"https:\/\/vieassociative.be\/actualites\/wp-content\/uploads\/2026\/02\/Quelques-jours-avant-que-les-Etats-Unis-nentrent-en-guerre-contre.jpg","keywords":["avant","conseil","contre","\u00c9tatsUnis","guerre","jours","lanc\u00e9","Les","lIran","nentrent","paix","quelques","son","Trump"],"articleSection":["Belgique"],"inLanguage":"fr-BE"},{"@type":"WebPage","@id":"https:\/\/vieassociative.be\/actualites\/quelques-jours-avant-que-les-etats-unis-nentrent-en-guerre-contre-liran-trump-lance-son-conseil-de-paix\/","url":"https:\/\/vieassociative.be\/actualites\/quelques-jours-avant-que-les-etats-unis-nentrent-en-guerre-contre-liran-trump-lance-son-conseil-de-paix\/","name":"Quelques jours avant que les \u00c9tats-Unis n\u2019entrent en guerre contre l\u2019Iran, Trump lance son \u00ab Conseil de paix \u00bb | Vie Associative","isPartOf":{"@id":"https:\/\/vieassociative.be\/actualites\/#website"},"primaryImageOfPage":{"@id":"https:\/\/vieassociative.be\/actualites\/quelques-jours-avant-que-les-etats-unis-nentrent-en-guerre-contre-liran-trump-lance-son-conseil-de-paix\/#primaryimage"},"image":{"@id":"https:\/\/vieassociative.be\/actualites\/quelques-jours-avant-que-les-etats-unis-nentrent-en-guerre-contre-liran-trump-lance-son-conseil-de-paix\/#primaryimage"},"thumbnailUrl":"https:\/\/vieassociative.be\/actualites\/wp-content\/uploads\/2026\/02\/Quelques-jours-avant-que-les-Etats-Unis-nentrent-en-guerre-contre.jpg","datePublished":"2026-02-19T22:17:45+00:00","dateModified":"2026-02-19T22:17:45+00:00","breadcrumb":{"@id":"https:\/\/vieassociative.be\/actualites\/quelques-jours-avant-que-les-etats-unis-nentrent-en-guerre-contre-liran-trump-lance-son-conseil-de-paix\/#breadcrumb"},"inLanguage":"fr-BE","potentialAction":[{"@type":"ReadAction","target":["https:\/\/vieassociative.be\/actualites\/quelques-jours-avant-que-les-etats-unis-nentrent-en-guerre-contre-liran-trump-lance-son-conseil-de-paix\/"]}]},{"@type":"ImageObject","inLanguage":"fr-BE","@id":"https:\/\/vieassociative.be\/actualites\/quelques-jours-avant-que-les-etats-unis-nentrent-en-guerre-contre-liran-trump-lance-son-conseil-de-paix\/#primaryimage","url":"https:\/\/vieassociative.be\/actualites\/wp-content\/uploads\/2026\/02\/Quelques-jours-avant-que-les-Etats-Unis-nentrent-en-guerre-contre.jpg","contentUrl":"https:\/\/vieassociative.be\/actualites\/wp-content\/uploads\/2026\/02\/Quelques-jours-avant-que-les-Etats-Unis-nentrent-en-guerre-contre.jpg","width":1200,"height":615,"caption":"Quelques jours avant que les \u00c9tats-Unis n\u2019entrent en guerre contre l\u2019Iran, Trump lance son \u00ab Conseil de paix \u00bb"},{"@type":"BreadcrumbList","@id":"https:\/\/vieassociative.be\/actualites\/quelques-jours-avant-que-les-etats-unis-nentrent-en-guerre-contre-liran-trump-lance-son-conseil-de-paix\/#breadcrumb","itemListElement":[{"@type":"ListItem","position":1,"name":"Accueil","item":"https:\/\/vieassociative.be\/actualites\/"},{"@type":"ListItem","position":2,"name":"Quelques jours avant que les \u00c9tats-Unis n\u2019entrent en guerre contre l\u2019Iran, Trump lance son \u00ab Conseil de paix \u00bb"}]},{"@type":"WebSite","@id":"https:\/\/vieassociative.be\/actualites\/#website","url":"https:\/\/vieassociative.be\/actualites\/","name":"Vie Associative","description":"","publisher":{"@id":"https:\/\/vieassociative.be\/actualites\/#organization"},"potentialAction":[{"@type":"SearchAction","target":{"@type":"EntryPoint","urlTemplate":"https:\/\/vieassociative.be\/actualites\/?s={search_term_string}"},"query-input":{"@type":"PropertyValueSpecification","valueRequired":true,"valueName":"search_term_string"}}],"inLanguage":"fr-BE"},{"@type":"Organization","@id":"https:\/\/vieassociative.be\/actualites\/#organization","name":"Vie Associative","url":"https:\/\/vieassociative.be\/actualites\/","logo":{"@type":"ImageObject","inLanguage":"fr-BE","@id":"https:\/\/vieassociative.be\/actualites\/#\/schema\/logo\/image\/","url":"https:\/\/vieassociative.be\/actualites\/wp-content\/uploads\/2024\/09\/cropped-vieassociative_favicon.ico.png","contentUrl":"https:\/\/vieassociative.be\/actualites\/wp-content\/uploads\/2024\/09\/cropped-vieassociative_favicon.ico.png","width":512,"height":512,"caption":"Vie Associative"},"image":{"@id":"https:\/\/vieassociative.be\/actualites\/#\/schema\/logo\/image\/"}},{"@type":"Person","@id":"https:\/\/vieassociative.be\/actualites\/#\/schema\/person\/b87ac4f82f9d4e7b7cec7395b679edc4","name":"Julien","image":{"@type":"ImageObject","inLanguage":"fr-BE","@id":"https:\/\/vieassociative.be\/actualites\/#\/schema\/person\/image\/","url":"https:\/\/vieassociative.be\/actualites\/wp-content\/uploads\/2024\/09\/vie-associative-1-150x150.jpg","contentUrl":"https:\/\/vieassociative.be\/actualites\/wp-content\/uploads\/2024\/09\/vie-associative-1-150x150.jpg","caption":"Julien"},"description":"Je suis Julien, r\u00e9dacteur pour Vie Associative. Passionn\u00e9 par le monde associatif depuis plus de 10 ans, j'ai \u00e0 c\u0153ur de partager des histoires inspirantes et de mettre en lumi\u00e8re les initiatives locales. Mon objectif est de sensibiliser et d'encourager l'engagement communautaire \u00e0 travers mes articles.","sameAs":["https:\/\/vieassociative.be\/"]}]}},"_links":{"self":[{"href":"https:\/\/vieassociative.be\/actualites\/wp-json\/wp\/v2\/posts\/12716"}],"collection":[{"href":"https:\/\/vieassociative.be\/actualites\/wp-json\/wp\/v2\/posts"}],"about":[{"href":"https:\/\/vieassociative.be\/actualites\/wp-json\/wp\/v2\/types\/post"}],"author":[{"embeddable":true,"href":"https:\/\/vieassociative.be\/actualites\/wp-json\/wp\/v2\/users\/1"}],"replies":[{"embeddable":true,"href":"https:\/\/vieassociative.be\/actualites\/wp-json\/wp\/v2\/comments?post=12716"}],"version-history":[{"count":0,"href":"https:\/\/vieassociative.be\/actualites\/wp-json\/wp\/v2\/posts\/12716\/revisions"}],"wp:featuredmedia":[{"embeddable":true,"href":"https:\/\/vieassociative.be\/actualites\/wp-json\/wp\/v2\/media\/12717"}],"wp:attachment":[{"href":"https:\/\/vieassociative.be\/actualites\/wp-json\/wp\/v2\/media?parent=12716"}],"wp:term":[{"taxonomy":"category","embeddable":true,"href":"https:\/\/vieassociative.be\/actualites\/wp-json\/wp\/v2\/categories?post=12716"},{"taxonomy":"post_tag","embeddable":true,"href":"https:\/\/vieassociative.be\/actualites\/wp-json\/wp\/v2\/tags?post=12716"}],"curies":[{"name":"wp","href":"https:\/\/api.w.org\/{rel}","templated":true}]}}