{"id":12714,"date":"2026-02-19T22:17:24","date_gmt":"2026-02-19T21:17:24","guid":{"rendered":"https:\/\/vieassociative.be\/actualites\/le-televiseur-oled-le-plus-lumineux-de-samsung-est-desormais-a-plus-de-1-000-de-reduction\/"},"modified":"2026-02-19T22:17:24","modified_gmt":"2026-02-19T21:17:24","slug":"le-televiseur-oled-le-plus-lumineux-de-samsung-est-desormais-a-plus-de-1-000-de-reduction","status":"publish","type":"post","link":"https:\/\/vieassociative.be\/actualites\/le-televiseur-oled-le-plus-lumineux-de-samsung-est-desormais-a-plus-de-1-000-de-reduction\/","title":{"rendered":"Le t\u00e9l\u00e9viseur OLED le plus lumineux de Samsung est d\u00e9sormais \u00e0 plus de 1 000 $ de r\u00e9duction"},"content":{"rendered":"<p>Nous pouvons gagner une commission sur les liens sur cette page. Les prix et la disponibilit\u00e9 de l&rsquo;offre sont sujets \u00e0 changement apr\u00e8s la publication.<\/p>\n<p>Lorsque vous achetez des t\u00e9l\u00e9viseurs OLED, la luminosit\u00e9 est un facteur crucial, car elle permet de surmonter l\u2019\u00e9clairage ambiant et d\u2019offrir un contenu HDR de meilleure qualit\u00e9. Le t\u00e9l\u00e9viseur OLED le plus lumineux de Samsung \u00e0 ce jour, sorti en 2025, est le S95F, lou\u00e9 pour sa qualit\u00e9 d&rsquo;image et son son \u00e9tonnamment impressionnant. \u00c0 l\u2019heure actuelle, un t\u00e9l\u00e9viseur OLED Samsung S95F 65 pouces remis \u00e0 neuf de 65 pouces ne co\u00fbte que 1 899 $, soit plus de 1 000 $ de moins que son prix catalogue.<\/p>\n<div class=\"pogoClear mb-12 mt-10 rounded-md border-2 border-gray-100 py-7 shadow-xl md:py-6\">\n<div class=\"flex flex-wrap justify-between px-7 text-black no-underline md:flex-nowrap md:px-8\">\n<div class=\"order-1 mx-auto flex flex-col justify-center md:order-2 md:ml-4 md:w-full md:grow\">\n<div class=\"block cursor-pointer text-center font-akshar text-2xl font-medium leading-7 text-brand-green duration-200 ease-in-out hover:text-brand-green-700 md:text-left md:text-xl md:leading-6\">T\u00e9l\u00e9viseur OLED Samsung S95F 65 pouces remis \u00e0 neuf\n                <\/div>\n<div class=\"mt-4 hidden md:flex md:justify-between\">\n<div class=\"self-end\">\n<div class=\"mb-0 h-11 md:flex md:flex-col md:justify-center\">\n<div class=\" font-sans leading-4 text-black\">\n<div class=\"flex flex-wrap items-center justify-center gap-1 md:justify-start\">\n        <span class=\"font-bold\"><\/p>\n<p>            1\u00a0899,00\u00a0$<br \/>\n                            <span class=\"font-medium\">chez Amazon<\/span><br \/>\n                    <\/span>\n            <\/div>\n<div class=\"flex items-center justify-center gap-x-1 font-bold md:justify-start\">\n            <span class=\"text-sm line-through\">2\u00a0997,99\u00a0$<\/span><br \/>\n            <span class=\"text-sm text-brand-green\">\u00c9conomisez 1\u00a0098,99\u00a0$<\/span>\n        <\/div>\n<\/p><\/div>\n<\/p><\/div>\n<\/p><\/div>\n<div class=\"w-44 self-end\">\n                            <button class=\"flex justify-center items-center w-full bg-brand-green text-white text-base font-sans font-medium rounded-md hover:bg-brand-green-700 hover:cursor-pointer md:text-sm h-11\"><\/p>\n<p>    Obtenez une offre<br \/>\n<\/button>\n                        <\/div>\n<\/p><\/div>\n<\/p><\/div>\n<div class=\"order-2 mt-5 h-auto w-full md:order-1 md:mt-0 md:hidden\">\n<div class=\"flex aspect-video items-center justify-center\">\n                                            <img decoding=\"async\" class=\"m-0 max-h-full max-w-full rounded-md\" src=\"https:\/\/vieassociative.be\/actualites\/wp-content\/uploads\/2026\/02\/Le-televiseur-OLED-le-plus-lumineux-de-Samsung-est-desormais.jpg\" alt=\"T\u00e9l\u00e9viseur OLED Samsung S95F 65 pouces remis \u00e0 neuf\" width=\"auto\" height=\"auto\" loading=\"lazy\">\n                                    <\/div>\n<\/p><\/div>\n<div class=\"order-2 ml-2 hidden w-32 shrink-0 items-center md:order-1 md:ml-0 md:flex\">\n<div class=\"flex aspect-video items-center justify-center\">\n                                            <img decoding=\"async\" class=\"m-0 max-h-full max-w-full rounded-md\" src=\"https:\/\/vieassociative.be\/actualites\/wp-content\/uploads\/2026\/02\/Le-televiseur-OLED-le-plus-lumineux-de-Samsung-est-desormais.jpg\" alt=\"T\u00e9l\u00e9viseur OLED Samsung S95F 65 pouces remis \u00e0 neuf\" width=\"auto\" height=\"auto\" loading=\"lazy\">\n                                    <\/div>\n<\/p><\/div>\n<div class=\"order-3 flex grow flex-wrap md:hidden md:grow-0\">\n<div class=\"mt-4 w-full\">\n                        <button class=\"flex justify-center items-center w-full bg-brand-green text-white text-base font-sans font-medium rounded-md hover:bg-brand-green-700 hover:cursor-pointer md:text-sm h-11\"><\/p>\n<p>    Obtenez une offre<br \/>\n<\/button>\n                    <\/div>\n<div class=\"mx-2 mt-4 w-full\">\n<div class=\" font-sans leading-4 text-black\">\n<div class=\"flex flex-wrap items-center justify-center gap-1 md:justify-start\">\n        <span class=\"font-bold\"><\/p>\n<p>            1\u00a0899,00\u00a0$<br \/>\n                            <span class=\"font-medium\">chez Amazon<\/span><br \/>\n                    <\/span>\n            <\/div>\n<div class=\"flex items-center justify-center gap-x-1 font-bold md:justify-start\">\n            <span class=\"text-sm line-through\">2\u00a0997,99\u00a0$<\/span><br \/>\n            <span class=\"text-sm text-brand-green\">\u00c9conomisez 1\u00a0098,99\u00a0$<\/span>\n        <\/div>\n<\/p><\/div>\n<\/p><\/div>\n<\/p><\/div>\n<\/p><\/div>\n<\/div>\n<p>Les noirs profonds, le contraste spectaculaire et le \u00ab panneau OLED tr\u00e8s lumineux \u00bb, comme le d\u00e9crit PCMag, sont les caract\u00e9ristiques remarquables de ce t\u00e9l\u00e9viseur 4K grand \u00e9cran. Au-del\u00e0 d\u2019une luminosit\u00e9 am\u00e9lior\u00e9e qui atteint un maximum de 2 386 nits, il offre \u00e9galement des performances de couleurs fantastiques et un syst\u00e8me de haut-parleurs 4.2.2 canaux puissant et avanc\u00e9 qui r\u00e9duit le besoin d\u2019un haut-parleur externe ou d\u2019une barre de son. Le t\u00e9l\u00e9viseur a une conception presque sans cadre et un bo\u00eetier One Connect pour minimiser l&rsquo;encombrement des c\u00e2bles.<\/p>\n<p>Le S95F poss\u00e8de \u00e9galement certaines des meilleures technologies anti-\u00e9blouissantes, ce qui est rare pour un OLED. Alors que le<strong> <\/strong>Le LG G5 est techniquement plus lumineux, son syst\u00e8me anti-\u00e9blouissant est moins performant. Le rev\u00eatement antireflet mat du S95F r\u00e9duit consid\u00e9rablement l&rsquo;\u00e9blouissement et est sp\u00e9cialement con\u00e7u pour fonctionner correctement dans les pi\u00e8ces lumineuses, ce qui constitue un avantage majeur si la pi\u00e8ce dans laquelle se trouve votre t\u00e9l\u00e9viseur re\u00e7oit beaucoup de lumi\u00e8re du jour. Il prend en charge le contenu HDR10 et HDR10+ \u00e0 120 Hz, avec un taux de rafra\u00eechissement variable jusqu&rsquo;\u00e0 165 Hz et AMD FreeSync Premium Pro.  Comme les autres t\u00e9l\u00e9viseurs Samsung, celui-ci ne prend pas en charge Dolby Vision.<\/p>\n<p>Le t\u00e9l\u00e9viseur est couvert par la garantie limit\u00e9e de Woot de 90 jours et est exp\u00e9di\u00e9 gratuitement pour les utilisateurs d&rsquo;Amazon Prime (sinon, les frais d&rsquo;exp\u00e9dition sont de 6 $). Puisqu&rsquo;il a \u00e9t\u00e9 remis \u00e0 neuf, il peut pr\u00e9senter des signes d&rsquo;usure minimes, mais cela n&rsquo;affectera pas ses performances.<\/p>\n","protected":false},"excerpt":{"rendered":"<p>Nous pouvons gagner une commission sur les liens sur cette page. Les prix et la disponibilit\u00e9 de l&rsquo;offre sont sujets \u00e0 changement apr\u00e8s la publication.<\/p>\n","protected":false},"author":1,"featured_media":12715,"comment_status":"","ping_status":"","sticky":false,"template":"","format":"standard","meta":{"footnotes":""},"categories":[13],"tags":[6,76,5654,2558,308,1878,1978],"class_list":["post-12714","post","type-post","status-publish","format-standard","has-post-thumbnail","hentry","category-technologie","tag-desormais","tag-est","tag-lumineux","tag-oled","tag-reduction","tag-samsung","tag-televiseur","generate-columns","tablet-grid-50","mobile-grid-100","grid-parent","grid-33"],"yoast_head":"<!-- This site is optimized with the Yoast SEO plugin v24.0 - https:\/\/yoast.com\/wordpress\/plugins\/seo\/ -->\n<title>Le t\u00e9l\u00e9viseur OLED le plus lumineux de Samsung est d\u00e9sormais \u00e0 plus de 1 000 $ de r\u00e9duction | Vie Associative<\/title>\n<meta name=\"robots\" content=\"index, follow, max-snippet:-1, max-image-preview:large, max-video-preview:-1\" \/>\n<link rel=\"canonical\" href=\"https:\/\/vieassociative.be\/actualites\/le-televiseur-oled-le-plus-lumineux-de-samsung-est-desormais-a-plus-de-1-000-de-reduction\/\" \/>\n<meta property=\"og:locale\" content=\"fr_FR\" \/>\n<meta property=\"og:type\" content=\"article\" \/>\n<meta property=\"og:title\" content=\"Le t\u00e9l\u00e9viseur OLED le plus lumineux de Samsung est d\u00e9sormais \u00e0 plus de 1 000 $ de r\u00e9duction | Vie Associative\" \/>\n<meta property=\"og:description\" content=\"Nous pouvons gagner une commission sur les liens sur cette page. Les prix et la disponibilit\u00e9 de l&rsquo;offre sont sujets \u00e0 changement apr\u00e8s la publication.\" \/>\n<meta property=\"og:url\" content=\"https:\/\/vieassociative.be\/actualites\/le-televiseur-oled-le-plus-lumineux-de-samsung-est-desormais-a-plus-de-1-000-de-reduction\/\" \/>\n<meta property=\"og:site_name\" content=\"Vie Associative\" \/>\n<meta property=\"article:published_time\" content=\"2026-02-19T21:17:24+00:00\" \/>\n<meta property=\"og:image\" content=\"https:\/\/vieassociative.be\/actualites\/wp-content\/uploads\/2026\/02\/Le-televiseur-OLED-le-plus-lumineux-de-Samsung-est-desormais.jpg\" \/>\n<meta name=\"author\" content=\"Julien\" \/>\n<meta name=\"twitter:card\" content=\"summary_large_image\" \/>\n<meta name=\"twitter:label1\" content=\"\u00c9crit par\" \/>\n\t<meta name=\"twitter:data1\" content=\"Julien\" \/>\n\t<meta name=\"twitter:label2\" content=\"Dur\u00e9e de lecture est.\" \/>\n\t<meta name=\"twitter:data2\" content=\"2 minutes\" \/>\n<script type=\"application\/ld+json\" class=\"yoast-schema-graph\">{\"@context\":\"https:\/\/schema.org\",\"@graph\":[{\"@type\":\"Article\",\"@id\":\"https:\/\/vieassociative.be\/actualites\/le-televiseur-oled-le-plus-lumineux-de-samsung-est-desormais-a-plus-de-1-000-de-reduction\/#article\",\"isPartOf\":{\"@id\":\"https:\/\/vieassociative.be\/actualites\/le-televiseur-oled-le-plus-lumineux-de-samsung-est-desormais-a-plus-de-1-000-de-reduction\/\"},\"author\":{\"name\":\"Julien\",\"@id\":\"https:\/\/vieassociative.be\/actualites\/#\/schema\/person\/b87ac4f82f9d4e7b7cec7395b679edc4\"},\"headline\":\"Le t\u00e9l\u00e9viseur OLED le plus lumineux de Samsung est d\u00e9sormais \u00e0 plus de 1 000 $ de r\u00e9duction\",\"datePublished\":\"2026-02-19T21:17:24+00:00\",\"dateModified\":\"2026-02-19T21:17:24+00:00\",\"mainEntityOfPage\":{\"@id\":\"https:\/\/vieassociative.be\/actualites\/le-televiseur-oled-le-plus-lumineux-de-samsung-est-desormais-a-plus-de-1-000-de-reduction\/\"},\"wordCount\":441,\"publisher\":{\"@id\":\"https:\/\/vieassociative.be\/actualites\/#organization\"},\"image\":{\"@id\":\"https:\/\/vieassociative.be\/actualites\/le-televiseur-oled-le-plus-lumineux-de-samsung-est-desormais-a-plus-de-1-000-de-reduction\/#primaryimage\"},\"thumbnailUrl\":\"https:\/\/vieassociative.be\/actualites\/wp-content\/uploads\/2026\/02\/Le-televiseur-OLED-le-plus-lumineux-de-Samsung-est-desormais.png\",\"keywords\":[\"d\u00e9sormais\",\"est\",\"lumineux\",\"OLED\",\"r\u00e9duction\",\"Samsung\",\"t\u00e9l\u00e9viseur\"],\"articleSection\":[\"Technologie\"],\"inLanguage\":\"fr-BE\"},{\"@type\":\"WebPage\",\"@id\":\"https:\/\/vieassociative.be\/actualites\/le-televiseur-oled-le-plus-lumineux-de-samsung-est-desormais-a-plus-de-1-000-de-reduction\/\",\"url\":\"https:\/\/vieassociative.be\/actualites\/le-televiseur-oled-le-plus-lumineux-de-samsung-est-desormais-a-plus-de-1-000-de-reduction\/\",\"name\":\"Le t\u00e9l\u00e9viseur OLED le plus lumineux de Samsung est d\u00e9sormais \u00e0 plus de 1 000 $ de r\u00e9duction | Vie Associative\",\"isPartOf\":{\"@id\":\"https:\/\/vieassociative.be\/actualites\/#website\"},\"primaryImageOfPage\":{\"@id\":\"https:\/\/vieassociative.be\/actualites\/le-televiseur-oled-le-plus-lumineux-de-samsung-est-desormais-a-plus-de-1-000-de-reduction\/#primaryimage\"},\"image\":{\"@id\":\"https:\/\/vieassociative.be\/actualites\/le-televiseur-oled-le-plus-lumineux-de-samsung-est-desormais-a-plus-de-1-000-de-reduction\/#primaryimage\"},\"thumbnailUrl\":\"https:\/\/vieassociative.be\/actualites\/wp-content\/uploads\/2026\/02\/Le-televiseur-OLED-le-plus-lumineux-de-Samsung-est-desormais.png\",\"datePublished\":\"2026-02-19T21:17:24+00:00\",\"dateModified\":\"2026-02-19T21:17:24+00:00\",\"breadcrumb\":{\"@id\":\"https:\/\/vieassociative.be\/actualites\/le-televiseur-oled-le-plus-lumineux-de-samsung-est-desormais-a-plus-de-1-000-de-reduction\/#breadcrumb\"},\"inLanguage\":\"fr-BE\",\"potentialAction\":[{\"@type\":\"ReadAction\",\"target\":[\"https:\/\/vieassociative.be\/actualites\/le-televiseur-oled-le-plus-lumineux-de-samsung-est-desormais-a-plus-de-1-000-de-reduction\/\"]}]},{\"@type\":\"ImageObject\",\"inLanguage\":\"fr-BE\",\"@id\":\"https:\/\/vieassociative.be\/actualites\/le-televiseur-oled-le-plus-lumineux-de-samsung-est-desormais-a-plus-de-1-000-de-reduction\/#primaryimage\",\"url\":\"https:\/\/vieassociative.be\/actualites\/wp-content\/uploads\/2026\/02\/Le-televiseur-OLED-le-plus-lumineux-de-Samsung-est-desormais.png\",\"contentUrl\":\"https:\/\/vieassociative.be\/actualites\/wp-content\/uploads\/2026\/02\/Le-televiseur-OLED-le-plus-lumineux-de-Samsung-est-desormais.png\",\"width\":1200,\"height\":675,\"caption\":\"Le t\u00e9l\u00e9viseur OLED le plus lumineux de Samsung est d\u00e9sormais \u00e0 plus de 1 000 $ de r\u00e9duction\"},{\"@type\":\"BreadcrumbList\",\"@id\":\"https:\/\/vieassociative.be\/actualites\/le-televiseur-oled-le-plus-lumineux-de-samsung-est-desormais-a-plus-de-1-000-de-reduction\/#breadcrumb\",\"itemListElement\":[{\"@type\":\"ListItem\",\"position\":1,\"name\":\"Accueil\",\"item\":\"https:\/\/vieassociative.be\/actualites\/\"},{\"@type\":\"ListItem\",\"position\":2,\"name\":\"Le t\u00e9l\u00e9viseur OLED le plus lumineux de Samsung est d\u00e9sormais \u00e0 plus de 1 000 $ de r\u00e9duction\"}]},{\"@type\":\"WebSite\",\"@id\":\"https:\/\/vieassociative.be\/actualites\/#website\",\"url\":\"https:\/\/vieassociative.be\/actualites\/\",\"name\":\"Vie Associative\",\"description\":\"\",\"publisher\":{\"@id\":\"https:\/\/vieassociative.be\/actualites\/#organization\"},\"potentialAction\":[{\"@type\":\"SearchAction\",\"target\":{\"@type\":\"EntryPoint\",\"urlTemplate\":\"https:\/\/vieassociative.be\/actualites\/?s={search_term_string}\"},\"query-input\":{\"@type\":\"PropertyValueSpecification\",\"valueRequired\":true,\"valueName\":\"search_term_string\"}}],\"inLanguage\":\"fr-BE\"},{\"@type\":\"Organization\",\"@id\":\"https:\/\/vieassociative.be\/actualites\/#organization\",\"name\":\"Vie Associative\",\"url\":\"https:\/\/vieassociative.be\/actualites\/\",\"logo\":{\"@type\":\"ImageObject\",\"inLanguage\":\"fr-BE\",\"@id\":\"https:\/\/vieassociative.be\/actualites\/#\/schema\/logo\/image\/\",\"url\":\"https:\/\/vieassociative.be\/actualites\/wp-content\/uploads\/2024\/09\/cropped-vieassociative_favicon.ico.png\",\"contentUrl\":\"https:\/\/vieassociative.be\/actualites\/wp-content\/uploads\/2024\/09\/cropped-vieassociative_favicon.ico.png\",\"width\":512,\"height\":512,\"caption\":\"Vie Associative\"},\"image\":{\"@id\":\"https:\/\/vieassociative.be\/actualites\/#\/schema\/logo\/image\/\"}},{\"@type\":\"Person\",\"@id\":\"https:\/\/vieassociative.be\/actualites\/#\/schema\/person\/b87ac4f82f9d4e7b7cec7395b679edc4\",\"name\":\"Julien\",\"image\":{\"@type\":\"ImageObject\",\"inLanguage\":\"fr-BE\",\"@id\":\"https:\/\/vieassociative.be\/actualites\/#\/schema\/person\/image\/\",\"url\":\"https:\/\/vieassociative.be\/actualites\/wp-content\/uploads\/2024\/09\/vie-associative-1-150x150.jpg\",\"contentUrl\":\"https:\/\/vieassociative.be\/actualites\/wp-content\/uploads\/2024\/09\/vie-associative-1-150x150.jpg\",\"caption\":\"Julien\"},\"description\":\"Je suis Julien, r\u00e9dacteur pour Vie Associative. Passionn\u00e9 par le monde associatif depuis plus de 10 ans, j'ai \u00e0 c\u0153ur de partager des histoires inspirantes et de mettre en lumi\u00e8re les initiatives locales. Mon objectif est de sensibiliser et d'encourager l'engagement communautaire \u00e0 travers mes articles.\",\"sameAs\":[\"https:\/\/vieassociative.be\/\"]}]}<\/script>\n<!-- \/ Yoast SEO plugin. -->","yoast_head_json":{"title":"Le t\u00e9l\u00e9viseur OLED le plus lumineux de Samsung est d\u00e9sormais \u00e0 plus de 1 000 $ de r\u00e9duction | Vie Associative","robots":{"index":"index","follow":"follow","max-snippet":"max-snippet:-1","max-image-preview":"max-image-preview:large","max-video-preview":"max-video-preview:-1"},"canonical":"https:\/\/vieassociative.be\/actualites\/le-televiseur-oled-le-plus-lumineux-de-samsung-est-desormais-a-plus-de-1-000-de-reduction\/","og_locale":"fr_FR","og_type":"article","og_title":"Le t\u00e9l\u00e9viseur OLED le plus lumineux de Samsung est d\u00e9sormais \u00e0 plus de 1 000 $ de r\u00e9duction | Vie Associative","og_description":"Nous pouvons gagner une commission sur les liens sur cette page. Les prix et la disponibilit\u00e9 de l&rsquo;offre sont sujets \u00e0 changement apr\u00e8s la publication.","og_url":"https:\/\/vieassociative.be\/actualites\/le-televiseur-oled-le-plus-lumineux-de-samsung-est-desormais-a-plus-de-1-000-de-reduction\/","og_site_name":"Vie Associative","article_published_time":"2026-02-19T21:17:24+00:00","og_image":[{"url":"https:\/\/vieassociative.be\/actualites\/wp-content\/uploads\/2026\/02\/Le-televiseur-OLED-le-plus-lumineux-de-Samsung-est-desormais.jpg","type":"","width":"","height":""}],"author":"Julien","twitter_card":"summary_large_image","twitter_misc":{"\u00c9crit par":"Julien","Dur\u00e9e de lecture est.":"2 minutes"},"schema":{"@context":"https:\/\/schema.org","@graph":[{"@type":"Article","@id":"https:\/\/vieassociative.be\/actualites\/le-televiseur-oled-le-plus-lumineux-de-samsung-est-desormais-a-plus-de-1-000-de-reduction\/#article","isPartOf":{"@id":"https:\/\/vieassociative.be\/actualites\/le-televiseur-oled-le-plus-lumineux-de-samsung-est-desormais-a-plus-de-1-000-de-reduction\/"},"author":{"name":"Julien","@id":"https:\/\/vieassociative.be\/actualites\/#\/schema\/person\/b87ac4f82f9d4e7b7cec7395b679edc4"},"headline":"Le t\u00e9l\u00e9viseur OLED le plus lumineux de Samsung est d\u00e9sormais \u00e0 plus de 1 000 $ de r\u00e9duction","datePublished":"2026-02-19T21:17:24+00:00","dateModified":"2026-02-19T21:17:24+00:00","mainEntityOfPage":{"@id":"https:\/\/vieassociative.be\/actualites\/le-televiseur-oled-le-plus-lumineux-de-samsung-est-desormais-a-plus-de-1-000-de-reduction\/"},"wordCount":441,"publisher":{"@id":"https:\/\/vieassociative.be\/actualites\/#organization"},"image":{"@id":"https:\/\/vieassociative.be\/actualites\/le-televiseur-oled-le-plus-lumineux-de-samsung-est-desormais-a-plus-de-1-000-de-reduction\/#primaryimage"},"thumbnailUrl":"https:\/\/vieassociative.be\/actualites\/wp-content\/uploads\/2026\/02\/Le-televiseur-OLED-le-plus-lumineux-de-Samsung-est-desormais.png","keywords":["d\u00e9sormais","est","lumineux","OLED","r\u00e9duction","Samsung","t\u00e9l\u00e9viseur"],"articleSection":["Technologie"],"inLanguage":"fr-BE"},{"@type":"WebPage","@id":"https:\/\/vieassociative.be\/actualites\/le-televiseur-oled-le-plus-lumineux-de-samsung-est-desormais-a-plus-de-1-000-de-reduction\/","url":"https:\/\/vieassociative.be\/actualites\/le-televiseur-oled-le-plus-lumineux-de-samsung-est-desormais-a-plus-de-1-000-de-reduction\/","name":"Le t\u00e9l\u00e9viseur OLED le plus lumineux de Samsung est d\u00e9sormais \u00e0 plus de 1 000 $ de r\u00e9duction | Vie Associative","isPartOf":{"@id":"https:\/\/vieassociative.be\/actualites\/#website"},"primaryImageOfPage":{"@id":"https:\/\/vieassociative.be\/actualites\/le-televiseur-oled-le-plus-lumineux-de-samsung-est-desormais-a-plus-de-1-000-de-reduction\/#primaryimage"},"image":{"@id":"https:\/\/vieassociative.be\/actualites\/le-televiseur-oled-le-plus-lumineux-de-samsung-est-desormais-a-plus-de-1-000-de-reduction\/#primaryimage"},"thumbnailUrl":"https:\/\/vieassociative.be\/actualites\/wp-content\/uploads\/2026\/02\/Le-televiseur-OLED-le-plus-lumineux-de-Samsung-est-desormais.png","datePublished":"2026-02-19T21:17:24+00:00","dateModified":"2026-02-19T21:17:24+00:00","breadcrumb":{"@id":"https:\/\/vieassociative.be\/actualites\/le-televiseur-oled-le-plus-lumineux-de-samsung-est-desormais-a-plus-de-1-000-de-reduction\/#breadcrumb"},"inLanguage":"fr-BE","potentialAction":[{"@type":"ReadAction","target":["https:\/\/vieassociative.be\/actualites\/le-televiseur-oled-le-plus-lumineux-de-samsung-est-desormais-a-plus-de-1-000-de-reduction\/"]}]},{"@type":"ImageObject","inLanguage":"fr-BE","@id":"https:\/\/vieassociative.be\/actualites\/le-televiseur-oled-le-plus-lumineux-de-samsung-est-desormais-a-plus-de-1-000-de-reduction\/#primaryimage","url":"https:\/\/vieassociative.be\/actualites\/wp-content\/uploads\/2026\/02\/Le-televiseur-OLED-le-plus-lumineux-de-Samsung-est-desormais.png","contentUrl":"https:\/\/vieassociative.be\/actualites\/wp-content\/uploads\/2026\/02\/Le-televiseur-OLED-le-plus-lumineux-de-Samsung-est-desormais.png","width":1200,"height":675,"caption":"Le t\u00e9l\u00e9viseur OLED le plus lumineux de Samsung est d\u00e9sormais \u00e0 plus de 1 000 $ de r\u00e9duction"},{"@type":"BreadcrumbList","@id":"https:\/\/vieassociative.be\/actualites\/le-televiseur-oled-le-plus-lumineux-de-samsung-est-desormais-a-plus-de-1-000-de-reduction\/#breadcrumb","itemListElement":[{"@type":"ListItem","position":1,"name":"Accueil","item":"https:\/\/vieassociative.be\/actualites\/"},{"@type":"ListItem","position":2,"name":"Le t\u00e9l\u00e9viseur OLED le plus lumineux de Samsung est d\u00e9sormais \u00e0 plus de 1 000 $ de r\u00e9duction"}]},{"@type":"WebSite","@id":"https:\/\/vieassociative.be\/actualites\/#website","url":"https:\/\/vieassociative.be\/actualites\/","name":"Vie Associative","description":"","publisher":{"@id":"https:\/\/vieassociative.be\/actualites\/#organization"},"potentialAction":[{"@type":"SearchAction","target":{"@type":"EntryPoint","urlTemplate":"https:\/\/vieassociative.be\/actualites\/?s={search_term_string}"},"query-input":{"@type":"PropertyValueSpecification","valueRequired":true,"valueName":"search_term_string"}}],"inLanguage":"fr-BE"},{"@type":"Organization","@id":"https:\/\/vieassociative.be\/actualites\/#organization","name":"Vie Associative","url":"https:\/\/vieassociative.be\/actualites\/","logo":{"@type":"ImageObject","inLanguage":"fr-BE","@id":"https:\/\/vieassociative.be\/actualites\/#\/schema\/logo\/image\/","url":"https:\/\/vieassociative.be\/actualites\/wp-content\/uploads\/2024\/09\/cropped-vieassociative_favicon.ico.png","contentUrl":"https:\/\/vieassociative.be\/actualites\/wp-content\/uploads\/2024\/09\/cropped-vieassociative_favicon.ico.png","width":512,"height":512,"caption":"Vie Associative"},"image":{"@id":"https:\/\/vieassociative.be\/actualites\/#\/schema\/logo\/image\/"}},{"@type":"Person","@id":"https:\/\/vieassociative.be\/actualites\/#\/schema\/person\/b87ac4f82f9d4e7b7cec7395b679edc4","name":"Julien","image":{"@type":"ImageObject","inLanguage":"fr-BE","@id":"https:\/\/vieassociative.be\/actualites\/#\/schema\/person\/image\/","url":"https:\/\/vieassociative.be\/actualites\/wp-content\/uploads\/2024\/09\/vie-associative-1-150x150.jpg","contentUrl":"https:\/\/vieassociative.be\/actualites\/wp-content\/uploads\/2024\/09\/vie-associative-1-150x150.jpg","caption":"Julien"},"description":"Je suis Julien, r\u00e9dacteur pour Vie Associative. Passionn\u00e9 par le monde associatif depuis plus de 10 ans, j'ai \u00e0 c\u0153ur de partager des histoires inspirantes et de mettre en lumi\u00e8re les initiatives locales. Mon objectif est de sensibiliser et d'encourager l'engagement communautaire \u00e0 travers mes articles.","sameAs":["https:\/\/vieassociative.be\/"]}]}},"_links":{"self":[{"href":"https:\/\/vieassociative.be\/actualites\/wp-json\/wp\/v2\/posts\/12714"}],"collection":[{"href":"https:\/\/vieassociative.be\/actualites\/wp-json\/wp\/v2\/posts"}],"about":[{"href":"https:\/\/vieassociative.be\/actualites\/wp-json\/wp\/v2\/types\/post"}],"author":[{"embeddable":true,"href":"https:\/\/vieassociative.be\/actualites\/wp-json\/wp\/v2\/users\/1"}],"replies":[{"embeddable":true,"href":"https:\/\/vieassociative.be\/actualites\/wp-json\/wp\/v2\/comments?post=12714"}],"version-history":[{"count":0,"href":"https:\/\/vieassociative.be\/actualites\/wp-json\/wp\/v2\/posts\/12714\/revisions"}],"wp:featuredmedia":[{"embeddable":true,"href":"https:\/\/vieassociative.be\/actualites\/wp-json\/wp\/v2\/media\/12715"}],"wp:attachment":[{"href":"https:\/\/vieassociative.be\/actualites\/wp-json\/wp\/v2\/media?parent=12714"}],"wp:term":[{"taxonomy":"category","embeddable":true,"href":"https:\/\/vieassociative.be\/actualites\/wp-json\/wp\/v2\/categories?post=12714"},{"taxonomy":"post_tag","embeddable":true,"href":"https:\/\/vieassociative.be\/actualites\/wp-json\/wp\/v2\/tags?post=12714"}],"curies":[{"name":"wp","href":"https:\/\/api.w.org\/{rel}","templated":true}]}}