{"id":12712,"date":"2026-02-19T17:17:28","date_gmt":"2026-02-19T16:17:28","guid":{"rendered":"https:\/\/vieassociative.be\/actualites\/la-zone-de-police-de-weser-gohl-tire-un-bilan-positif-du-carnaval-malgre-cinq-altercations-physiques\/"},"modified":"2026-02-19T17:17:28","modified_gmt":"2026-02-19T16:17:28","slug":"la-zone-de-police-de-weser-gohl-tire-un-bilan-positif-du-carnaval-malgre-cinq-altercations-physiques","status":"publish","type":"post","link":"https:\/\/vieassociative.be\/actualites\/la-zone-de-police-de-weser-gohl-tire-un-bilan-positif-du-carnaval-malgre-cinq-altercations-physiques\/","title":{"rendered":"La zone de police de Weser-G\u00f6hl tire un bilan positif du carnaval \u2013 malgr\u00e9 cinq \u00ab altercations physiques \u00bb"},"content":{"rendered":"<p><strong>Apr\u00e8s la cl\u00f4ture des journ\u00e9es de carnaval de cette ann\u00e9e, la zone de police de Weser-G\u00f6hl tire un bilan globalement positif.<\/strong><\/p>\n<p><span id=\"more-437076\"><\/span>\u00ab\u00a0Du point de vue de la police, les nombreux \u00e9v\u00e9nements, d\u00e9fil\u00e9s et c\u00e9l\u00e9brations dans toute la zone de police de Weser-G\u00f6hl se sont d\u00e9roul\u00e9s sans probl\u00e8me et dans une atmosph\u00e8re \u00e0 la fois exub\u00e9rante et paisible\u00a0\u00bb, a d\u00e9clar\u00e9 jeudi la police.<\/p>\n<p>La police a \u00e9t\u00e9 d\u00e9ploy\u00e9e avec des effectifs accrus tout au long de la p\u00e9riode des f\u00eates pour assurer la s\u00e9curit\u00e9. Une attention particuli\u00e8re a \u00e9t\u00e9 port\u00e9e aux mesures pr\u00e9ventives ainsi qu&rsquo;au contr\u00f4le de l&rsquo;alcool et des drogues \u00e0 proximit\u00e9 des lieux de l&rsquo;\u00e9v\u00e9nement et le long des itin\u00e9raires d&rsquo;arriv\u00e9e et de d\u00e9part.<\/p>\n<div id=\"attachment_437101\" class=\"wp-caption alignleft\" style=\"max-width: 300px\"><img fetchpriority=\"high\" decoding=\"async\" class=\"wp-image-437101 size-medium\" src=\"https:\/\/vieassociative.be\/actualites\/wp-content\/uploads\/2026\/02\/La-zone-de-police-de-Weser-Gohl-tire-un-bilan-positif.jpg\" alt=\"\" width=\"300\" height=\"200\"  ><\/div>\n<p>Au total, trois permis de conduire ont \u00e9t\u00e9 saisis pour conduite sous l&rsquo;influence de l&rsquo;alcool et un autre permis pour conduite sous l&rsquo;influence de drogues.<\/p>\n<p>Malgr\u00e9 le calme g\u00e9n\u00e9ral, cinq \u00ab altercations physiques \u00bb ont eu lieu au cours des journ\u00e9es de carnaval. Les publicit\u00e9s correspondantes ont \u00e9t\u00e9 r\u00e9alis\u00e9es. \u00ab\u00a0Il est heureux que la majorit\u00e9 des participants \u00e0 la f\u00eate se soient montr\u00e9s responsables et attentionn\u00e9s. La bonne ambiance lors des \u00e9v\u00e9nements s&rsquo;est \u00e9galement refl\u00e9t\u00e9e dans les op\u00e9rations : il n&rsquo;y a pas eu de perturbations majeures de la s\u00e9curit\u00e9 ni de situations op\u00e9rationnelles exceptionnelles. Des incidents plus mineurs ont \u00e9t\u00e9 identifi\u00e9s \u00e0 temps et trait\u00e9s rapidement par les forces d\u00e9ploy\u00e9es.\u00a0\u00bb<\/p>\n<p>La police tient \u00e0 remercier express\u00e9ment tous les participants du carnaval pour leur comportement prudent et leur volont\u00e9 de coop\u00e9rer. \u00ab\u00a0Un merci particulier va \u00e9galement aux organisateurs, aux services d&rsquo;urgence et aux autorit\u00e9s administratives responsables pour leur coop\u00e9ration \u00e9troite, confiante et harmonieuse\u00a0\u00bb, conclut-il. (cr\u00e9er)<\/p>\n<p><em><strong>Sur le sujet, voir aussi l&rsquo;article suivant sur l&rsquo;OD :<\/strong><\/em><\/p>\n<div class=\"responsive-embed widescreen\">\n<blockquote class=\"wp-embedded-content\" data-secret=\"UDMWRDnyYD\">\n<p>Carnaval 2026 en images : Toutes les galeries photos de la 5\u00e8me saison<\/p>\n<\/blockquote>\n<p><iframe loading=\"lazy\" class=\"wp-embedded-content\" sandbox=\"allow-scripts\" security=\"restricted\" style=\"position: absolute; visibility: hidden;\" title=\"\u201eKarneval 2026 in Bildern: Alle Fotogalerien zur 5. Jahreszeit\u201c \u2013 Ostbelgien Direkt\" src=\"https:\/\/ostbelgiendirekt.be\/about:blank\" data-secret=\"UDMWRDnyYD\" width=\"500\" height=\"282\" frameborder=\"0\" marginwidth=\"0\" marginheight=\"0\" scrolling=\"no\" data-rocket-lazyload=\"fitvidscompatible\" data-lazy-src=\"https:\/\/ostbelgiendirekt.be\/karneval-2026-in-bildern-436914\/embed#?secret=4DJOrhN889#?secret=UDMWRDnyYD\"><\/iframe><noscript><iframe class=\"wp-embedded-content\" sandbox=\"allow-scripts\" security=\"restricted\" style=\"position: absolute; visibility: hidden;\" title=\"\u201eKarneval 2026 in Bildern: Alle Fotogalerien zur 5. Jahreszeit\u201c \u2013 Ostbelgien Direkt\" src=\"https:\/\/ostbelgiendirekt.be\/karneval-2026-in-bildern-436914\/embed#?secret=4DJOrhN889#?secret=UDMWRDnyYD\" data-secret=\"UDMWRDnyYD\" width=\"500\" height=\"282\" frameborder=\"0\" marginwidth=\"0\" marginheight=\"0\" scrolling=\"no\"><\/iframe><\/noscript><\/p>\n<\/div>\n","protected":false},"excerpt":{"rendered":"<p>Apr\u00e8s la cl\u00f4ture des journ\u00e9es de carnaval de cette ann\u00e9e, la zone de police de Weser-G\u00f6hl tire un bilan globalement positif. \u00ab\u00a0Du point de vue<\/p>\n","protected":false},"author":1,"featured_media":12713,"comment_status":"","ping_status":"","sticky":false,"template":"","format":"standard","meta":{"footnotes":""},"categories":[298],"tags":[10065,4863,3049,317,4205,10066,2741,1677,4476,5023,4291],"class_list":["post-12712","post","type-post","status-publish","format-standard","has-post-thumbnail","hentry","category-belgique","tag-altercations","tag-bilan","tag-carnaval","tag-cinq","tag-malgre","tag-physiques","tag-police","tag-positif","tag-tire","tag-wesergohl","tag-zone","generate-columns","tablet-grid-50","mobile-grid-100","grid-parent","grid-33"],"yoast_head":"<!-- This site is optimized with the Yoast SEO plugin v24.0 - https:\/\/yoast.com\/wordpress\/plugins\/seo\/ -->\n<title>La zone de police de Weser-G\u00f6hl tire un bilan positif du carnaval \u2013 malgr\u00e9 cinq \u00ab altercations physiques \u00bb | Vie Associative<\/title>\n<meta name=\"robots\" content=\"index, follow, max-snippet:-1, max-image-preview:large, max-video-preview:-1\" \/>\n<link rel=\"canonical\" href=\"https:\/\/vieassociative.be\/actualites\/la-zone-de-police-de-weser-gohl-tire-un-bilan-positif-du-carnaval-malgre-cinq-altercations-physiques\/\" \/>\n<meta property=\"og:locale\" content=\"fr_FR\" \/>\n<meta property=\"og:type\" content=\"article\" \/>\n<meta property=\"og:title\" content=\"La zone de police de Weser-G\u00f6hl tire un bilan positif du carnaval \u2013 malgr\u00e9 cinq \u00ab altercations physiques \u00bb | Vie Associative\" \/>\n<meta property=\"og:description\" content=\"Apr\u00e8s la cl\u00f4ture des journ\u00e9es de carnaval de cette ann\u00e9e, la zone de police de Weser-G\u00f6hl tire un bilan globalement positif. \u00ab\u00a0Du point de vue\" \/>\n<meta property=\"og:url\" content=\"https:\/\/vieassociative.be\/actualites\/la-zone-de-police-de-weser-gohl-tire-un-bilan-positif-du-carnaval-malgre-cinq-altercations-physiques\/\" \/>\n<meta property=\"og:site_name\" content=\"Vie Associative\" \/>\n<meta property=\"article:published_time\" content=\"2026-02-19T16:17:28+00:00\" \/>\n<meta property=\"og:image\" content=\"https:\/\/vieassociative.be\/actualites\/wp-content\/uploads\/2024\/09\/header_backgroundk-01-e1726694325946.png\" \/>\n\t<meta property=\"og:image:width\" content=\"279\" \/>\n\t<meta property=\"og:image:height\" content=\"92\" \/>\n\t<meta property=\"og:image:type\" content=\"image\/png\" \/>\n<meta name=\"author\" content=\"Julien\" \/>\n<meta name=\"twitter:card\" content=\"summary_large_image\" \/>\n<meta name=\"twitter:label1\" content=\"\u00c9crit par\" \/>\n\t<meta name=\"twitter:data1\" content=\"Julien\" \/>\n\t<meta name=\"twitter:label2\" content=\"Dur\u00e9e de lecture est.\" \/>\n\t<meta name=\"twitter:data2\" content=\"2 minutes\" \/>\n<script type=\"application\/ld+json\" class=\"yoast-schema-graph\">{\"@context\":\"https:\/\/schema.org\",\"@graph\":[{\"@type\":\"Article\",\"@id\":\"https:\/\/vieassociative.be\/actualites\/la-zone-de-police-de-weser-gohl-tire-un-bilan-positif-du-carnaval-malgre-cinq-altercations-physiques\/#article\",\"isPartOf\":{\"@id\":\"https:\/\/vieassociative.be\/actualites\/la-zone-de-police-de-weser-gohl-tire-un-bilan-positif-du-carnaval-malgre-cinq-altercations-physiques\/\"},\"author\":{\"name\":\"Julien\",\"@id\":\"https:\/\/vieassociative.be\/actualites\/#\/schema\/person\/b87ac4f82f9d4e7b7cec7395b679edc4\"},\"headline\":\"La zone de police de Weser-G\u00f6hl tire un bilan positif du carnaval \u2013 malgr\u00e9 cinq \u00ab altercations physiques \u00bb\",\"datePublished\":\"2026-02-19T16:17:28+00:00\",\"dateModified\":\"2026-02-19T16:17:28+00:00\",\"mainEntityOfPage\":{\"@id\":\"https:\/\/vieassociative.be\/actualites\/la-zone-de-police-de-weser-gohl-tire-un-bilan-positif-du-carnaval-malgre-cinq-altercations-physiques\/\"},\"wordCount\":365,\"publisher\":{\"@id\":\"https:\/\/vieassociative.be\/actualites\/#organization\"},\"image\":{\"@id\":\"https:\/\/vieassociative.be\/actualites\/la-zone-de-police-de-weser-gohl-tire-un-bilan-positif-du-carnaval-malgre-cinq-altercations-physiques\/#primaryimage\"},\"thumbnailUrl\":\"https:\/\/vieassociative.be\/actualites\/wp-content\/uploads\/2026\/02\/1771517849_La-zone-de-police-de-Weser-Gohl-tire-un-bilan-positif.jpg\",\"keywords\":[\"altercations\",\"bilan\",\"carnaval\",\"Cinq\",\"malgr\u00e9\",\"physiques\",\"police\",\"positif\",\"tir\u00e9\",\"WeserG\u00f6hl\",\"zone\"],\"articleSection\":[\"Belgique\"],\"inLanguage\":\"fr-BE\"},{\"@type\":\"WebPage\",\"@id\":\"https:\/\/vieassociative.be\/actualites\/la-zone-de-police-de-weser-gohl-tire-un-bilan-positif-du-carnaval-malgre-cinq-altercations-physiques\/\",\"url\":\"https:\/\/vieassociative.be\/actualites\/la-zone-de-police-de-weser-gohl-tire-un-bilan-positif-du-carnaval-malgre-cinq-altercations-physiques\/\",\"name\":\"La zone de police de Weser-G\u00f6hl tire un bilan positif du carnaval \u2013 malgr\u00e9 cinq \u00ab altercations physiques \u00bb | Vie Associative\",\"isPartOf\":{\"@id\":\"https:\/\/vieassociative.be\/actualites\/#website\"},\"primaryImageOfPage\":{\"@id\":\"https:\/\/vieassociative.be\/actualites\/la-zone-de-police-de-weser-gohl-tire-un-bilan-positif-du-carnaval-malgre-cinq-altercations-physiques\/#primaryimage\"},\"image\":{\"@id\":\"https:\/\/vieassociative.be\/actualites\/la-zone-de-police-de-weser-gohl-tire-un-bilan-positif-du-carnaval-malgre-cinq-altercations-physiques\/#primaryimage\"},\"thumbnailUrl\":\"https:\/\/vieassociative.be\/actualites\/wp-content\/uploads\/2026\/02\/1771517849_La-zone-de-police-de-Weser-Gohl-tire-un-bilan-positif.jpg\",\"datePublished\":\"2026-02-19T16:17:28+00:00\",\"dateModified\":\"2026-02-19T16:17:28+00:00\",\"breadcrumb\":{\"@id\":\"https:\/\/vieassociative.be\/actualites\/la-zone-de-police-de-weser-gohl-tire-un-bilan-positif-du-carnaval-malgre-cinq-altercations-physiques\/#breadcrumb\"},\"inLanguage\":\"fr-BE\",\"potentialAction\":[{\"@type\":\"ReadAction\",\"target\":[\"https:\/\/vieassociative.be\/actualites\/la-zone-de-police-de-weser-gohl-tire-un-bilan-positif-du-carnaval-malgre-cinq-altercations-physiques\/\"]}]},{\"@type\":\"ImageObject\",\"inLanguage\":\"fr-BE\",\"@id\":\"https:\/\/vieassociative.be\/actualites\/la-zone-de-police-de-weser-gohl-tire-un-bilan-positif-du-carnaval-malgre-cinq-altercations-physiques\/#primaryimage\",\"url\":\"https:\/\/vieassociative.be\/actualites\/wp-content\/uploads\/2026\/02\/1771517849_La-zone-de-police-de-Weser-Gohl-tire-un-bilan-positif.jpg\",\"contentUrl\":\"https:\/\/vieassociative.be\/actualites\/wp-content\/uploads\/2026\/02\/1771517849_La-zone-de-police-de-Weser-Gohl-tire-un-bilan-positif.jpg\",\"width\":1200,\"height\":800,\"caption\":\"La zone de police de Weser-G\u00f6hl tire un bilan positif du carnaval \u2013 malgr\u00e9 cinq \u00ab altercations physiques \u00bb\"},{\"@type\":\"BreadcrumbList\",\"@id\":\"https:\/\/vieassociative.be\/actualites\/la-zone-de-police-de-weser-gohl-tire-un-bilan-positif-du-carnaval-malgre-cinq-altercations-physiques\/#breadcrumb\",\"itemListElement\":[{\"@type\":\"ListItem\",\"position\":1,\"name\":\"Accueil\",\"item\":\"https:\/\/vieassociative.be\/actualites\/\"},{\"@type\":\"ListItem\",\"position\":2,\"name\":\"La zone de police de Weser-G\u00f6hl tire un bilan positif du carnaval \u2013 malgr\u00e9 cinq \u00ab altercations physiques \u00bb\"}]},{\"@type\":\"WebSite\",\"@id\":\"https:\/\/vieassociative.be\/actualites\/#website\",\"url\":\"https:\/\/vieassociative.be\/actualites\/\",\"name\":\"Vie Associative\",\"description\":\"\",\"publisher\":{\"@id\":\"https:\/\/vieassociative.be\/actualites\/#organization\"},\"potentialAction\":[{\"@type\":\"SearchAction\",\"target\":{\"@type\":\"EntryPoint\",\"urlTemplate\":\"https:\/\/vieassociative.be\/actualites\/?s={search_term_string}\"},\"query-input\":{\"@type\":\"PropertyValueSpecification\",\"valueRequired\":true,\"valueName\":\"search_term_string\"}}],\"inLanguage\":\"fr-BE\"},{\"@type\":\"Organization\",\"@id\":\"https:\/\/vieassociative.be\/actualites\/#organization\",\"name\":\"Vie Associative\",\"url\":\"https:\/\/vieassociative.be\/actualites\/\",\"logo\":{\"@type\":\"ImageObject\",\"inLanguage\":\"fr-BE\",\"@id\":\"https:\/\/vieassociative.be\/actualites\/#\/schema\/logo\/image\/\",\"url\":\"https:\/\/vieassociative.be\/actualites\/wp-content\/uploads\/2024\/09\/cropped-vieassociative_favicon.ico.png\",\"contentUrl\":\"https:\/\/vieassociative.be\/actualites\/wp-content\/uploads\/2024\/09\/cropped-vieassociative_favicon.ico.png\",\"width\":512,\"height\":512,\"caption\":\"Vie Associative\"},\"image\":{\"@id\":\"https:\/\/vieassociative.be\/actualites\/#\/schema\/logo\/image\/\"}},{\"@type\":\"Person\",\"@id\":\"https:\/\/vieassociative.be\/actualites\/#\/schema\/person\/b87ac4f82f9d4e7b7cec7395b679edc4\",\"name\":\"Julien\",\"image\":{\"@type\":\"ImageObject\",\"inLanguage\":\"fr-BE\",\"@id\":\"https:\/\/vieassociative.be\/actualites\/#\/schema\/person\/image\/\",\"url\":\"https:\/\/vieassociative.be\/actualites\/wp-content\/uploads\/2024\/09\/vie-associative-1-150x150.jpg\",\"contentUrl\":\"https:\/\/vieassociative.be\/actualites\/wp-content\/uploads\/2024\/09\/vie-associative-1-150x150.jpg\",\"caption\":\"Julien\"},\"description\":\"Je suis Julien, r\u00e9dacteur pour Vie Associative. Passionn\u00e9 par le monde associatif depuis plus de 10 ans, j'ai \u00e0 c\u0153ur de partager des histoires inspirantes et de mettre en lumi\u00e8re les initiatives locales. Mon objectif est de sensibiliser et d'encourager l'engagement communautaire \u00e0 travers mes articles.\",\"sameAs\":[\"https:\/\/vieassociative.be\/\"]}]}<\/script>\n<!-- \/ Yoast SEO plugin. -->","yoast_head_json":{"title":"La zone de police de Weser-G\u00f6hl tire un bilan positif du carnaval \u2013 malgr\u00e9 cinq \u00ab altercations physiques \u00bb | Vie Associative","robots":{"index":"index","follow":"follow","max-snippet":"max-snippet:-1","max-image-preview":"max-image-preview:large","max-video-preview":"max-video-preview:-1"},"canonical":"https:\/\/vieassociative.be\/actualites\/la-zone-de-police-de-weser-gohl-tire-un-bilan-positif-du-carnaval-malgre-cinq-altercations-physiques\/","og_locale":"fr_FR","og_type":"article","og_title":"La zone de police de Weser-G\u00f6hl tire un bilan positif du carnaval \u2013 malgr\u00e9 cinq \u00ab altercations physiques \u00bb | Vie Associative","og_description":"Apr\u00e8s la cl\u00f4ture des journ\u00e9es de carnaval de cette ann\u00e9e, la zone de police de Weser-G\u00f6hl tire un bilan globalement positif. \u00ab\u00a0Du point de vue","og_url":"https:\/\/vieassociative.be\/actualites\/la-zone-de-police-de-weser-gohl-tire-un-bilan-positif-du-carnaval-malgre-cinq-altercations-physiques\/","og_site_name":"Vie Associative","article_published_time":"2026-02-19T16:17:28+00:00","og_image":[{"width":279,"height":92,"url":"https:\/\/vieassociative.be\/actualites\/wp-content\/uploads\/2024\/09\/header_backgroundk-01-e1726694325946.png","type":"image\/png"}],"author":"Julien","twitter_card":"summary_large_image","twitter_misc":{"\u00c9crit par":"Julien","Dur\u00e9e de lecture est.":"2 minutes"},"schema":{"@context":"https:\/\/schema.org","@graph":[{"@type":"Article","@id":"https:\/\/vieassociative.be\/actualites\/la-zone-de-police-de-weser-gohl-tire-un-bilan-positif-du-carnaval-malgre-cinq-altercations-physiques\/#article","isPartOf":{"@id":"https:\/\/vieassociative.be\/actualites\/la-zone-de-police-de-weser-gohl-tire-un-bilan-positif-du-carnaval-malgre-cinq-altercations-physiques\/"},"author":{"name":"Julien","@id":"https:\/\/vieassociative.be\/actualites\/#\/schema\/person\/b87ac4f82f9d4e7b7cec7395b679edc4"},"headline":"La zone de police de Weser-G\u00f6hl tire un bilan positif du carnaval \u2013 malgr\u00e9 cinq \u00ab altercations physiques \u00bb","datePublished":"2026-02-19T16:17:28+00:00","dateModified":"2026-02-19T16:17:28+00:00","mainEntityOfPage":{"@id":"https:\/\/vieassociative.be\/actualites\/la-zone-de-police-de-weser-gohl-tire-un-bilan-positif-du-carnaval-malgre-cinq-altercations-physiques\/"},"wordCount":365,"publisher":{"@id":"https:\/\/vieassociative.be\/actualites\/#organization"},"image":{"@id":"https:\/\/vieassociative.be\/actualites\/la-zone-de-police-de-weser-gohl-tire-un-bilan-positif-du-carnaval-malgre-cinq-altercations-physiques\/#primaryimage"},"thumbnailUrl":"https:\/\/vieassociative.be\/actualites\/wp-content\/uploads\/2026\/02\/1771517849_La-zone-de-police-de-Weser-Gohl-tire-un-bilan-positif.jpg","keywords":["altercations","bilan","carnaval","Cinq","malgr\u00e9","physiques","police","positif","tir\u00e9","WeserG\u00f6hl","zone"],"articleSection":["Belgique"],"inLanguage":"fr-BE"},{"@type":"WebPage","@id":"https:\/\/vieassociative.be\/actualites\/la-zone-de-police-de-weser-gohl-tire-un-bilan-positif-du-carnaval-malgre-cinq-altercations-physiques\/","url":"https:\/\/vieassociative.be\/actualites\/la-zone-de-police-de-weser-gohl-tire-un-bilan-positif-du-carnaval-malgre-cinq-altercations-physiques\/","name":"La zone de police de Weser-G\u00f6hl tire un bilan positif du carnaval \u2013 malgr\u00e9 cinq \u00ab altercations physiques \u00bb | Vie Associative","isPartOf":{"@id":"https:\/\/vieassociative.be\/actualites\/#website"},"primaryImageOfPage":{"@id":"https:\/\/vieassociative.be\/actualites\/la-zone-de-police-de-weser-gohl-tire-un-bilan-positif-du-carnaval-malgre-cinq-altercations-physiques\/#primaryimage"},"image":{"@id":"https:\/\/vieassociative.be\/actualites\/la-zone-de-police-de-weser-gohl-tire-un-bilan-positif-du-carnaval-malgre-cinq-altercations-physiques\/#primaryimage"},"thumbnailUrl":"https:\/\/vieassociative.be\/actualites\/wp-content\/uploads\/2026\/02\/1771517849_La-zone-de-police-de-Weser-Gohl-tire-un-bilan-positif.jpg","datePublished":"2026-02-19T16:17:28+00:00","dateModified":"2026-02-19T16:17:28+00:00","breadcrumb":{"@id":"https:\/\/vieassociative.be\/actualites\/la-zone-de-police-de-weser-gohl-tire-un-bilan-positif-du-carnaval-malgre-cinq-altercations-physiques\/#breadcrumb"},"inLanguage":"fr-BE","potentialAction":[{"@type":"ReadAction","target":["https:\/\/vieassociative.be\/actualites\/la-zone-de-police-de-weser-gohl-tire-un-bilan-positif-du-carnaval-malgre-cinq-altercations-physiques\/"]}]},{"@type":"ImageObject","inLanguage":"fr-BE","@id":"https:\/\/vieassociative.be\/actualites\/la-zone-de-police-de-weser-gohl-tire-un-bilan-positif-du-carnaval-malgre-cinq-altercations-physiques\/#primaryimage","url":"https:\/\/vieassociative.be\/actualites\/wp-content\/uploads\/2026\/02\/1771517849_La-zone-de-police-de-Weser-Gohl-tire-un-bilan-positif.jpg","contentUrl":"https:\/\/vieassociative.be\/actualites\/wp-content\/uploads\/2026\/02\/1771517849_La-zone-de-police-de-Weser-Gohl-tire-un-bilan-positif.jpg","width":1200,"height":800,"caption":"La zone de police de Weser-G\u00f6hl tire un bilan positif du carnaval \u2013 malgr\u00e9 cinq \u00ab altercations physiques \u00bb"},{"@type":"BreadcrumbList","@id":"https:\/\/vieassociative.be\/actualites\/la-zone-de-police-de-weser-gohl-tire-un-bilan-positif-du-carnaval-malgre-cinq-altercations-physiques\/#breadcrumb","itemListElement":[{"@type":"ListItem","position":1,"name":"Accueil","item":"https:\/\/vieassociative.be\/actualites\/"},{"@type":"ListItem","position":2,"name":"La zone de police de Weser-G\u00f6hl tire un bilan positif du carnaval \u2013 malgr\u00e9 cinq \u00ab altercations physiques \u00bb"}]},{"@type":"WebSite","@id":"https:\/\/vieassociative.be\/actualites\/#website","url":"https:\/\/vieassociative.be\/actualites\/","name":"Vie Associative","description":"","publisher":{"@id":"https:\/\/vieassociative.be\/actualites\/#organization"},"potentialAction":[{"@type":"SearchAction","target":{"@type":"EntryPoint","urlTemplate":"https:\/\/vieassociative.be\/actualites\/?s={search_term_string}"},"query-input":{"@type":"PropertyValueSpecification","valueRequired":true,"valueName":"search_term_string"}}],"inLanguage":"fr-BE"},{"@type":"Organization","@id":"https:\/\/vieassociative.be\/actualites\/#organization","name":"Vie Associative","url":"https:\/\/vieassociative.be\/actualites\/","logo":{"@type":"ImageObject","inLanguage":"fr-BE","@id":"https:\/\/vieassociative.be\/actualites\/#\/schema\/logo\/image\/","url":"https:\/\/vieassociative.be\/actualites\/wp-content\/uploads\/2024\/09\/cropped-vieassociative_favicon.ico.png","contentUrl":"https:\/\/vieassociative.be\/actualites\/wp-content\/uploads\/2024\/09\/cropped-vieassociative_favicon.ico.png","width":512,"height":512,"caption":"Vie Associative"},"image":{"@id":"https:\/\/vieassociative.be\/actualites\/#\/schema\/logo\/image\/"}},{"@type":"Person","@id":"https:\/\/vieassociative.be\/actualites\/#\/schema\/person\/b87ac4f82f9d4e7b7cec7395b679edc4","name":"Julien","image":{"@type":"ImageObject","inLanguage":"fr-BE","@id":"https:\/\/vieassociative.be\/actualites\/#\/schema\/person\/image\/","url":"https:\/\/vieassociative.be\/actualites\/wp-content\/uploads\/2024\/09\/vie-associative-1-150x150.jpg","contentUrl":"https:\/\/vieassociative.be\/actualites\/wp-content\/uploads\/2024\/09\/vie-associative-1-150x150.jpg","caption":"Julien"},"description":"Je suis Julien, r\u00e9dacteur pour Vie Associative. Passionn\u00e9 par le monde associatif depuis plus de 10 ans, j'ai \u00e0 c\u0153ur de partager des histoires inspirantes et de mettre en lumi\u00e8re les initiatives locales. Mon objectif est de sensibiliser et d'encourager l'engagement communautaire \u00e0 travers mes articles.","sameAs":["https:\/\/vieassociative.be\/"]}]}},"_links":{"self":[{"href":"https:\/\/vieassociative.be\/actualites\/wp-json\/wp\/v2\/posts\/12712"}],"collection":[{"href":"https:\/\/vieassociative.be\/actualites\/wp-json\/wp\/v2\/posts"}],"about":[{"href":"https:\/\/vieassociative.be\/actualites\/wp-json\/wp\/v2\/types\/post"}],"author":[{"embeddable":true,"href":"https:\/\/vieassociative.be\/actualites\/wp-json\/wp\/v2\/users\/1"}],"replies":[{"embeddable":true,"href":"https:\/\/vieassociative.be\/actualites\/wp-json\/wp\/v2\/comments?post=12712"}],"version-history":[{"count":0,"href":"https:\/\/vieassociative.be\/actualites\/wp-json\/wp\/v2\/posts\/12712\/revisions"}],"wp:featuredmedia":[{"embeddable":true,"href":"https:\/\/vieassociative.be\/actualites\/wp-json\/wp\/v2\/media\/12713"}],"wp:attachment":[{"href":"https:\/\/vieassociative.be\/actualites\/wp-json\/wp\/v2\/media?parent=12712"}],"wp:term":[{"taxonomy":"category","embeddable":true,"href":"https:\/\/vieassociative.be\/actualites\/wp-json\/wp\/v2\/categories?post=12712"},{"taxonomy":"post_tag","embeddable":true,"href":"https:\/\/vieassociative.be\/actualites\/wp-json\/wp\/v2\/tags?post=12712"}],"curies":[{"name":"wp","href":"https:\/\/api.w.org\/{rel}","templated":true}]}}