{"id":12710,"date":"2026-02-19T16:18:01","date_gmt":"2026-02-19T15:18:01","guid":{"rendered":"https:\/\/vieassociative.be\/actualites\/cet-enorme-televiseur-intelligent-samsung-beneficie-dune-reduction-de-500-en-ce-moment\/"},"modified":"2026-02-19T16:18:01","modified_gmt":"2026-02-19T15:18:01","slug":"cet-enorme-televiseur-intelligent-samsung-beneficie-dune-reduction-de-500-en-ce-moment","status":"publish","type":"post","link":"https:\/\/vieassociative.be\/actualites\/cet-enorme-televiseur-intelligent-samsung-beneficie-dune-reduction-de-500-en-ce-moment\/","title":{"rendered":"Cet \u00e9norme t\u00e9l\u00e9viseur intelligent Samsung b\u00e9n\u00e9ficie d&rsquo;une r\u00e9duction de 500\u00a0$ en ce moment"},"content":{"rendered":"<p>Nous pouvons gagner une commission sur les liens sur cette page. Les prix et la disponibilit\u00e9 de l&rsquo;offre sont sujets \u00e0 changement apr\u00e8s la publication.<\/p>\n<p>Le t\u00e9l\u00e9viseur intelligent LG evo AI Mini LED 4K de 75 pouces (75QNED85AUA) est en baisse \u00e0 896,99 $ contre 1\u00a0396,99 $ sur Amazon, ce qui est le prix le plus bas qu&rsquo;il ait atteint jusqu&rsquo;\u00e0 pr\u00e9sent, selon les trackers de prix. Il se situe au milieu de la gamme QNED de LG, au-dessus du QNED82A et en dessous du QNED92A. Concr\u00e8tement, cela signifie que vous obtenez un grand \u00e9cran de 75 pouces avec r\u00e9tro\u00e9clairage Mini LED et gradation locale, ainsi que le dernier processeur \u03b18 AI Gen2 de LG g\u00e9rant l&rsquo;image. <\/p>\n<div class=\"pogoClear mb-12 mt-10 rounded-md border-2 border-gray-100 py-7 shadow-xl md:py-6\">\n<div class=\"flex flex-wrap justify-between px-7 text-black no-underline md:flex-nowrap md:px-8\">\n<div class=\"order-1 mx-auto flex flex-col justify-center md:order-2 md:ml-4 md:w-full md:grow\">\n<div class=\"block cursor-pointer text-center font-akshar text-2xl font-medium leading-7 text-brand-green duration-200 ease-in-out hover:text-brand-green-700 md:text-left md:text-xl md:leading-6\">LG T\u00e9l\u00e9viseur intelligent Mini LED 4K classe QNED evo AI QNED85A de 75 pouces\n                <\/div>\n<div class=\"mt-4 hidden md:flex md:justify-between\">\n<div class=\"self-end\">\n<div class=\"mb-0 h-11 md:flex md:flex-col md:justify-center\">\n<div class=\" font-sans leading-4 text-black\">\n<div class=\"flex flex-wrap items-center justify-center gap-1 md:justify-start\">\n        <span class=\"font-bold\"><\/p>\n<p>            896,99\u00a0$<br \/>\n                            <span class=\"font-medium\">chez Amazon<\/span><br \/>\n                    <\/span>\n            <\/div>\n<div class=\"flex items-center justify-center gap-x-1 font-bold md:justify-start\">\n            <span class=\"text-sm line-through\">1\u00a0396,99\u00a0$<\/span><br \/>\n            <span class=\"text-sm text-brand-green\">\u00c9conomisez 500,00\u00a0$<\/span>\n        <\/div>\n<\/p><\/div>\n<\/p><\/div>\n<\/p><\/div>\n<div class=\"w-44 self-end\">\n                            <button class=\"flex justify-center items-center w-full bg-brand-green text-white text-base font-sans font-medium rounded-md hover:bg-brand-green-700 hover:cursor-pointer md:text-sm h-11\"><\/p>\n<p>    Obtenez une offre<br \/>\n<\/button>\n                        <\/div>\n<\/p><\/div>\n<\/p><\/div>\n<div class=\"order-2 mt-5 h-auto w-full md:order-1 md:mt-0 md:hidden\">\n<div class=\"flex aspect-video items-center justify-center\">\n                                            <img decoding=\"async\" class=\"m-0 max-h-full max-w-full rounded-md\" src=\"https:\/\/vieassociative.be\/actualites\/wp-content\/uploads\/2026\/02\/Cet-enorme-televiseur-intelligent-Samsung-beneficie-dune-reduction-de-500.jpg\" alt=\"LG 75 pouces Classe QNED evo AI QNED85A S\u00e9rie Mini TV intelligente LED 4K avec image AI, son AI, HDR10, AI Super Upscaling 4K, mode cin\u00e9aste, Wow Orchestra, Alexa int\u00e9gr\u00e9 (75QNED85AUA, 2025)\" width=\"auto\" height=\"auto\" loading=\"lazy\">\n                                    <\/div>\n<\/p><\/div>\n<div class=\"order-2 ml-2 hidden w-32 shrink-0 items-center md:order-1 md:ml-0 md:flex\">\n<div class=\"flex aspect-video items-center justify-center\">\n                                            <img decoding=\"async\" class=\"m-0 max-h-full max-w-full rounded-md\" src=\"https:\/\/vieassociative.be\/actualites\/wp-content\/uploads\/2026\/02\/Cet-enorme-televiseur-intelligent-Samsung-beneficie-dune-reduction-de-500.jpg\" alt=\"LG 75 pouces Classe QNED evo AI QNED85A S\u00e9rie Mini TV intelligente LED 4K avec image AI, son AI, HDR10, AI Super Upscaling 4K, mode cin\u00e9aste, Wow Orchestra, Alexa int\u00e9gr\u00e9 (75QNED85AUA, 2025)\" width=\"auto\" height=\"auto\" loading=\"lazy\">\n                                    <\/div>\n<\/p><\/div>\n<div class=\"order-3 flex grow flex-wrap md:hidden md:grow-0\">\n<div class=\"mt-4 w-full\">\n                        <button class=\"flex justify-center items-center w-full bg-brand-green text-white text-base font-sans font-medium rounded-md hover:bg-brand-green-700 hover:cursor-pointer md:text-sm h-11\"><\/p>\n<p>    Obtenez une offre<br \/>\n<\/button>\n                    <\/div>\n<div class=\"mx-2 mt-4 w-full\">\n<div class=\" font-sans leading-4 text-black\">\n<div class=\"flex flex-wrap items-center justify-center gap-1 md:justify-start\">\n        <span class=\"font-bold\"><\/p>\n<p>            896,99\u00a0$<br \/>\n                            <span class=\"font-medium\">chez Amazon<\/span><br \/>\n                    <\/span>\n            <\/div>\n<div class=\"flex items-center justify-center gap-x-1 font-bold md:justify-start\">\n            <span class=\"text-sm line-through\">1\u00a0396,99\u00a0$<\/span><br \/>\n            <span class=\"text-sm text-brand-green\">\u00c9conomisez 500,00\u00a0$<\/span>\n        <\/div>\n<\/p><\/div>\n<\/p><\/div>\n<\/p><\/div>\n<\/p><\/div>\n<\/div>\n<p>Il y a quatre ports HDMI, et tous peuvent faire du 4K \u00e0 120 Hz, il se marie donc bien avec une PlayStation 5 ou une Xbox Series X. Il prend en charge les formats HDR courants comme HDR10 et HLG, et il dispose du Wi-Fi 6E, du Bluetooth 5.3 et de l&rsquo;eARC si vous souhaitez connecter une barre de son. La version 2025 de webOS de LG ex\u00e9cute l&rsquo;interface, et la soci\u00e9t\u00e9 affirme qu&rsquo;elle fournira des mises \u00e0 jour logicielles pendant cinq ans via son programme Re:New.<\/p>\n<p>Au quotidien, ce t\u00e9l\u00e9viseur fait beaucoup de bien. Les cha\u00eenes HD classiques et les \u00e9missions par c\u00e2ble semblent solides une fois que vous modifiez les param\u00e8tres de base. Les couleurs dans les modes d&rsquo;affichage standard semblent naturelles au lieu d&rsquo;\u00eatre trop satur\u00e9es. Les contenus plus anciens ou de r\u00e9solution inf\u00e9rieure, comme les DVD ou les flux fortement compress\u00e9s, semblent plus propres que ce \u00e0 quoi on pourrait s&rsquo;attendre sur un \u00e9cran aussi grand. Le mouvement est bien g\u00e9r\u00e9 pour la plupart des spectacles et des sports. Les panoramiques lents de la cam\u00e9ra dans les films semblent fluides, sans ce b\u00e9gaiement g\u00eanant. <\/p>\n<p>Pour les jeux, disposer de quatre ports HDMI prenant tous en charge la 4K \u00e0 120 Hz est pratique, surtout si vous poss\u00e9dez plusieurs consoles. De plus, le taux de rafra\u00eechissement variable (VRR) permet de r\u00e9duire le d\u00e9chirement de l&rsquo;\u00e9cran lors d&rsquo;un jeu rapide. L\u00e0 o\u00f9 il \u00e9choue, c\u2019est dans le contraste et la luminosit\u00e9. Parce qu&rsquo;il est \u00e9clair\u00e9 par les bords, les niveaux de noir ne sont pas particuli\u00e8rement profonds et vous pouvez parfois voir une faible lueur autour des objets clairs sur des fonds sombres. Les films HDR n\u2019ont pas le m\u00eame \u00e9clat que celui que vous obtiendriez d\u2019un panneau plus lumineux ou plus avanc\u00e9. Et les sc\u00e8nes d\u2019action rapides et sombres peuvent pr\u00e9senter un peu de flou. Il peut \u00e9galement avoir du mal dans une pi\u00e8ce tr\u00e8s ensoleill\u00e9e, o\u00f9 l&rsquo;\u00e9blouissement devient perceptible. Pourtant, \u00e0 moins de 900 $ pour 75 pouces, c&rsquo;est beaucoup d&rsquo;\u00e9cran pour l&rsquo;argent.<\/p>\n<hr>\n<div class=\" relative flex justify-center py-16 md:left-1\/2 md:w-(780px) md:max-w-max md:-translate-x-1\/2\">\n<div class=\"w-max text-center sm:text-left\">\n<div class=\"custom-gradient-background mb-6 rounded-md p-(2px) sm:rounded-tl-none\">\n<div class=\"flex flex-col rounded bg-white sm:rounded-tl-none\">\n                    <span class=\"-mt-4 block w-fit max-w-(calc(100%-1rem)) self-center bg-white px-3 text-center font-akshar text-xl font-medium capitalize text-gray-800 sm:max-w-(calc(100%-2.5rem)) sm:self-start sm:px-10 sm:text-left sm:text-2xl\">Nos meilleures offres technologiques approuv\u00e9es par les \u00e9diteurs en ce moment<\/span><\/p>\n<div class=\"flex flex-col gap-3 p-3 pb-4 text-sm sm:p-10 sm:pt-6 sm:text-justify sm:text-base\">\n<div>\n<p>    \u00c9couteurs sans fil \u00e0 suppression active du bruit Apple AirPods 4<\/p>\n<p>                                <span class=\"text-black\"><br \/>\n                                    \u2014<br \/>\n                                    <span class=\"font-bold\">139,99\u00a0$<\/span><br \/>\n                                    <span class=\"!text-xs italic sm:!text-sm\"><\/p>\n<p>                                        (Prix catalogue 179,00 $)<br \/>\n                                    <\/span><br \/>\n                                <\/span>\n                            <\/div>\n<div>\n<p>    Apple iPad 11&Prime; 128 Go A16 WiFi Tablette (Bleu, 2025)<\/p>\n<p>                                <span class=\"text-black\"><br \/>\n                                    \u2014<br \/>\n                                    <span class=\"font-bold\">329,00\u00a0$<\/span><br \/>\n                                    <span class=\"!text-xs italic sm:!text-sm\"><\/p>\n<p>                                        (Prix catalogue 349,00 $)<br \/>\n                                    <\/span><br \/>\n                                <\/span>\n                            <\/div>\n<div>\n<p>    Google Pixel 10a 128 Go 6,3&Prime; Smartphone d\u00e9bloqu\u00e9 + carte-cadeau de 100\u00a0$<\/p>\n<p>                                <span class=\"text-black\"><br \/>\n                                    \u2014<br \/>\n                                    <span class=\"font-bold\">499,00\u00a0$<\/span><br \/>\n                                    <span class=\"!text-xs italic sm:!text-sm\"><\/p>\n<p>                                        (Prix catalogue 599,00 $)<br \/>\n                                    <\/span><br \/>\n                                <\/span>\n                            <\/div>\n<div>\n<p>    Montre intelligente Apple Watch Series 11 (GPS 46 mm) avec bo\u00eetier en aluminium noir de jais et bracelet sport noir &#8211; M\/L. Score de sommeil, tracker d&rsquo;activit\u00e9, surveillance de la sant\u00e9, affichage permanent, r\u00e9sistant \u00e0 l&rsquo;eau<\/p>\n<p>                                <span class=\"text-black\"><br \/>\n                                    \u2014<br \/>\n                                    <span class=\"font-bold\">329,00\u00a0$<\/span><br \/>\n                                    <span class=\"!text-xs italic sm:!text-sm\"><\/p>\n<p>                                        (Prix catalogue 429,00 $)<br \/>\n                                    <\/span><br \/>\n                                <\/span>\n                            <\/div>\n<div>\n<p>    Cl\u00e9 Amazon Fire TV 4K Plus<\/p>\n<p>                                <span class=\"text-black\"><br \/>\n                                    \u2014<br \/>\n                                    <span class=\"font-bold\">29,99\u00a0$<\/span><br \/>\n                                    <span class=\"!text-xs italic sm:!text-sm\"><\/p>\n<p>                                        (Prix catalogue 49,99 $)<br \/>\n                                    <\/span><br \/>\n                                <\/span>\n                            <\/div>\n<div>\n<p>    Casque sans fil \u00e0 r\u00e9duction de bruit Bose QuietComfort<\/p>\n<p>                                <span class=\"text-black\"><br \/>\n                                    \u2014<br \/>\n                                    <span class=\"font-bold\">229,99\u00a0$<\/span><br \/>\n                                    <span class=\"!text-xs italic sm:!text-sm\"><\/p>\n<p>                                        (Prix catalogue 349,00 $)<br \/>\n                                    <\/span><br \/>\n                                <\/span>\n                            <\/div>\n<div>\n<p>    Tablette Samsung Galaxy Tab A9+ 64 Go Wi-Fi 11&Prime; (argent)<\/p>\n<p>                                <span class=\"text-black\"><br \/>\n                                    \u2014<br \/>\n                                    <span class=\"font-bold\">159,99\u00a0$<\/span><br \/>\n                                    <span class=\"!text-xs italic sm:!text-sm\"><\/p>\n<p>                                        (Prix catalogue 219,99 $)<br \/>\n                                    <\/span><br \/>\n                                <\/span>\n                            <\/div>\n<\/p><\/div>\n<\/p><\/div>\n<\/p><\/div>\n<div class=\"flex flex-col items-center justify-between text-black sm:flex-row sm:px-6\">\n                <span class=\"text-xs italic sm:ml-7 sm:text-sm\">Les offres sont s\u00e9lectionn\u00e9es par notre \u00e9quipe commerciale<\/span><\/p><\/div>\n<\/p><\/div>\n<\/p><\/div>\n","protected":false},"excerpt":{"rendered":"<p>Nous pouvons gagner une commission sur les liens sur cette page. Les prix et la disponibilit\u00e9 de l&rsquo;offre sont sujets \u00e0 changement apr\u00e8s la publication.<\/p>\n","protected":false},"author":1,"featured_media":12711,"comment_status":"","ping_status":"","sticky":false,"template":"","format":"standard","meta":{"footnotes":""},"categories":[1],"tags":[3546,216,698,3334,3557,1429,308,1878,1978],"class_list":["post-12710","post","type-post","status-publish","format-standard","has-post-thumbnail","hentry","category-non-classe","tag-beneficie","tag-cet","tag-dune","tag-enorme","tag-intelligent","tag-moment","tag-reduction","tag-samsung","tag-televiseur","generate-columns","tablet-grid-50","mobile-grid-100","grid-parent","grid-33"],"yoast_head":"<!-- This site is optimized with the Yoast SEO plugin v24.0 - https:\/\/yoast.com\/wordpress\/plugins\/seo\/ -->\n<title>Cet \u00e9norme t\u00e9l\u00e9viseur intelligent Samsung b\u00e9n\u00e9ficie d&#039;une r\u00e9duction de 500\u00a0$ en ce moment | Vie Associative<\/title>\n<meta name=\"robots\" content=\"index, follow, max-snippet:-1, max-image-preview:large, max-video-preview:-1\" \/>\n<link rel=\"canonical\" href=\"https:\/\/vieassociative.be\/actualites\/cet-enorme-televiseur-intelligent-samsung-beneficie-dune-reduction-de-500-en-ce-moment\/\" \/>\n<meta property=\"og:locale\" content=\"fr_FR\" \/>\n<meta property=\"og:type\" content=\"article\" \/>\n<meta property=\"og:title\" content=\"Cet \u00e9norme t\u00e9l\u00e9viseur intelligent Samsung b\u00e9n\u00e9ficie d&#039;une r\u00e9duction de 500\u00a0$ en ce moment | Vie Associative\" \/>\n<meta property=\"og:description\" content=\"Nous pouvons gagner une commission sur les liens sur cette page. Les prix et la disponibilit\u00e9 de l&rsquo;offre sont sujets \u00e0 changement apr\u00e8s la publication.\" \/>\n<meta property=\"og:url\" content=\"https:\/\/vieassociative.be\/actualites\/cet-enorme-televiseur-intelligent-samsung-beneficie-dune-reduction-de-500-en-ce-moment\/\" \/>\n<meta property=\"og:site_name\" content=\"Vie Associative\" \/>\n<meta property=\"article:published_time\" content=\"2026-02-19T15:18:01+00:00\" \/>\n<meta property=\"og:image\" content=\"https:\/\/vieassociative.be\/actualites\/wp-content\/uploads\/2026\/02\/Cet-enorme-televiseur-intelligent-Samsung-beneficie-dune-reduction-de-500.jpg\" \/>\n<meta name=\"author\" content=\"Julien\" \/>\n<meta name=\"twitter:card\" content=\"summary_large_image\" \/>\n<meta name=\"twitter:label1\" content=\"\u00c9crit par\" \/>\n\t<meta name=\"twitter:data1\" content=\"Julien\" \/>\n\t<meta name=\"twitter:label2\" content=\"Dur\u00e9e de lecture est.\" \/>\n\t<meta name=\"twitter:data2\" content=\"3 minutes\" \/>\n<script type=\"application\/ld+json\" class=\"yoast-schema-graph\">{\"@context\":\"https:\/\/schema.org\",\"@graph\":[{\"@type\":\"Article\",\"@id\":\"https:\/\/vieassociative.be\/actualites\/cet-enorme-televiseur-intelligent-samsung-beneficie-dune-reduction-de-500-en-ce-moment\/#article\",\"isPartOf\":{\"@id\":\"https:\/\/vieassociative.be\/actualites\/cet-enorme-televiseur-intelligent-samsung-beneficie-dune-reduction-de-500-en-ce-moment\/\"},\"author\":{\"name\":\"Julien\",\"@id\":\"https:\/\/vieassociative.be\/actualites\/#\/schema\/person\/b87ac4f82f9d4e7b7cec7395b679edc4\"},\"headline\":\"Cet \u00e9norme t\u00e9l\u00e9viseur intelligent Samsung b\u00e9n\u00e9ficie d&rsquo;une r\u00e9duction de 500\u00a0$ en ce moment\",\"datePublished\":\"2026-02-19T15:18:01+00:00\",\"dateModified\":\"2026-02-19T15:18:01+00:00\",\"mainEntityOfPage\":{\"@id\":\"https:\/\/vieassociative.be\/actualites\/cet-enorme-televiseur-intelligent-samsung-beneficie-dune-reduction-de-500-en-ce-moment\/\"},\"wordCount\":659,\"publisher\":{\"@id\":\"https:\/\/vieassociative.be\/actualites\/#organization\"},\"image\":{\"@id\":\"https:\/\/vieassociative.be\/actualites\/cet-enorme-televiseur-intelligent-samsung-beneficie-dune-reduction-de-500-en-ce-moment\/#primaryimage\"},\"thumbnailUrl\":\"https:\/\/vieassociative.be\/actualites\/wp-content\/uploads\/2026\/02\/Cet-enorme-televiseur-intelligent-Samsung-beneficie-dune-reduction-de-500.png\",\"keywords\":[\"b\u00e9n\u00e9ficie\",\"cet\",\"dune\",\"\u00e9norme\",\"intelligent\",\"moment\",\"r\u00e9duction\",\"Samsung\",\"t\u00e9l\u00e9viseur\"],\"inLanguage\":\"fr-BE\"},{\"@type\":\"WebPage\",\"@id\":\"https:\/\/vieassociative.be\/actualites\/cet-enorme-televiseur-intelligent-samsung-beneficie-dune-reduction-de-500-en-ce-moment\/\",\"url\":\"https:\/\/vieassociative.be\/actualites\/cet-enorme-televiseur-intelligent-samsung-beneficie-dune-reduction-de-500-en-ce-moment\/\",\"name\":\"Cet \u00e9norme t\u00e9l\u00e9viseur intelligent Samsung b\u00e9n\u00e9ficie d'une r\u00e9duction de 500\u00a0$ en ce moment | Vie Associative\",\"isPartOf\":{\"@id\":\"https:\/\/vieassociative.be\/actualites\/#website\"},\"primaryImageOfPage\":{\"@id\":\"https:\/\/vieassociative.be\/actualites\/cet-enorme-televiseur-intelligent-samsung-beneficie-dune-reduction-de-500-en-ce-moment\/#primaryimage\"},\"image\":{\"@id\":\"https:\/\/vieassociative.be\/actualites\/cet-enorme-televiseur-intelligent-samsung-beneficie-dune-reduction-de-500-en-ce-moment\/#primaryimage\"},\"thumbnailUrl\":\"https:\/\/vieassociative.be\/actualites\/wp-content\/uploads\/2026\/02\/Cet-enorme-televiseur-intelligent-Samsung-beneficie-dune-reduction-de-500.png\",\"datePublished\":\"2026-02-19T15:18:01+00:00\",\"dateModified\":\"2026-02-19T15:18:01+00:00\",\"breadcrumb\":{\"@id\":\"https:\/\/vieassociative.be\/actualites\/cet-enorme-televiseur-intelligent-samsung-beneficie-dune-reduction-de-500-en-ce-moment\/#breadcrumb\"},\"inLanguage\":\"fr-BE\",\"potentialAction\":[{\"@type\":\"ReadAction\",\"target\":[\"https:\/\/vieassociative.be\/actualites\/cet-enorme-televiseur-intelligent-samsung-beneficie-dune-reduction-de-500-en-ce-moment\/\"]}]},{\"@type\":\"ImageObject\",\"inLanguage\":\"fr-BE\",\"@id\":\"https:\/\/vieassociative.be\/actualites\/cet-enorme-televiseur-intelligent-samsung-beneficie-dune-reduction-de-500-en-ce-moment\/#primaryimage\",\"url\":\"https:\/\/vieassociative.be\/actualites\/wp-content\/uploads\/2026\/02\/Cet-enorme-televiseur-intelligent-Samsung-beneficie-dune-reduction-de-500.png\",\"contentUrl\":\"https:\/\/vieassociative.be\/actualites\/wp-content\/uploads\/2026\/02\/Cet-enorme-televiseur-intelligent-Samsung-beneficie-dune-reduction-de-500.png\",\"width\":1200,\"height\":675,\"caption\":\"Cet \u00e9norme t\u00e9l\u00e9viseur intelligent Samsung b\u00e9n\u00e9ficie d'une r\u00e9duction de 500\u00a0$ en ce moment\"},{\"@type\":\"BreadcrumbList\",\"@id\":\"https:\/\/vieassociative.be\/actualites\/cet-enorme-televiseur-intelligent-samsung-beneficie-dune-reduction-de-500-en-ce-moment\/#breadcrumb\",\"itemListElement\":[{\"@type\":\"ListItem\",\"position\":1,\"name\":\"Accueil\",\"item\":\"https:\/\/vieassociative.be\/actualites\/\"},{\"@type\":\"ListItem\",\"position\":2,\"name\":\"Cet \u00e9norme t\u00e9l\u00e9viseur intelligent Samsung b\u00e9n\u00e9ficie d&rsquo;une r\u00e9duction de 500\u00a0$ en ce moment\"}]},{\"@type\":\"WebSite\",\"@id\":\"https:\/\/vieassociative.be\/actualites\/#website\",\"url\":\"https:\/\/vieassociative.be\/actualites\/\",\"name\":\"Vie Associative\",\"description\":\"\",\"publisher\":{\"@id\":\"https:\/\/vieassociative.be\/actualites\/#organization\"},\"potentialAction\":[{\"@type\":\"SearchAction\",\"target\":{\"@type\":\"EntryPoint\",\"urlTemplate\":\"https:\/\/vieassociative.be\/actualites\/?s={search_term_string}\"},\"query-input\":{\"@type\":\"PropertyValueSpecification\",\"valueRequired\":true,\"valueName\":\"search_term_string\"}}],\"inLanguage\":\"fr-BE\"},{\"@type\":\"Organization\",\"@id\":\"https:\/\/vieassociative.be\/actualites\/#organization\",\"name\":\"Vie Associative\",\"url\":\"https:\/\/vieassociative.be\/actualites\/\",\"logo\":{\"@type\":\"ImageObject\",\"inLanguage\":\"fr-BE\",\"@id\":\"https:\/\/vieassociative.be\/actualites\/#\/schema\/logo\/image\/\",\"url\":\"https:\/\/vieassociative.be\/actualites\/wp-content\/uploads\/2024\/09\/cropped-vieassociative_favicon.ico.png\",\"contentUrl\":\"https:\/\/vieassociative.be\/actualites\/wp-content\/uploads\/2024\/09\/cropped-vieassociative_favicon.ico.png\",\"width\":512,\"height\":512,\"caption\":\"Vie Associative\"},\"image\":{\"@id\":\"https:\/\/vieassociative.be\/actualites\/#\/schema\/logo\/image\/\"}},{\"@type\":\"Person\",\"@id\":\"https:\/\/vieassociative.be\/actualites\/#\/schema\/person\/b87ac4f82f9d4e7b7cec7395b679edc4\",\"name\":\"Julien\",\"image\":{\"@type\":\"ImageObject\",\"inLanguage\":\"fr-BE\",\"@id\":\"https:\/\/vieassociative.be\/actualites\/#\/schema\/person\/image\/\",\"url\":\"https:\/\/vieassociative.be\/actualites\/wp-content\/uploads\/2024\/09\/vie-associative-1-150x150.jpg\",\"contentUrl\":\"https:\/\/vieassociative.be\/actualites\/wp-content\/uploads\/2024\/09\/vie-associative-1-150x150.jpg\",\"caption\":\"Julien\"},\"description\":\"Je suis Julien, r\u00e9dacteur pour Vie Associative. Passionn\u00e9 par le monde associatif depuis plus de 10 ans, j'ai \u00e0 c\u0153ur de partager des histoires inspirantes et de mettre en lumi\u00e8re les initiatives locales. Mon objectif est de sensibiliser et d'encourager l'engagement communautaire \u00e0 travers mes articles.\",\"sameAs\":[\"https:\/\/vieassociative.be\/\"]}]}<\/script>\n<!-- \/ Yoast SEO plugin. -->","yoast_head_json":{"title":"Cet \u00e9norme t\u00e9l\u00e9viseur intelligent Samsung b\u00e9n\u00e9ficie d'une r\u00e9duction de 500\u00a0$ en ce moment | Vie Associative","robots":{"index":"index","follow":"follow","max-snippet":"max-snippet:-1","max-image-preview":"max-image-preview:large","max-video-preview":"max-video-preview:-1"},"canonical":"https:\/\/vieassociative.be\/actualites\/cet-enorme-televiseur-intelligent-samsung-beneficie-dune-reduction-de-500-en-ce-moment\/","og_locale":"fr_FR","og_type":"article","og_title":"Cet \u00e9norme t\u00e9l\u00e9viseur intelligent Samsung b\u00e9n\u00e9ficie d'une r\u00e9duction de 500\u00a0$ en ce moment | Vie Associative","og_description":"Nous pouvons gagner une commission sur les liens sur cette page. Les prix et la disponibilit\u00e9 de l&rsquo;offre sont sujets \u00e0 changement apr\u00e8s la publication.","og_url":"https:\/\/vieassociative.be\/actualites\/cet-enorme-televiseur-intelligent-samsung-beneficie-dune-reduction-de-500-en-ce-moment\/","og_site_name":"Vie Associative","article_published_time":"2026-02-19T15:18:01+00:00","og_image":[{"url":"https:\/\/vieassociative.be\/actualites\/wp-content\/uploads\/2026\/02\/Cet-enorme-televiseur-intelligent-Samsung-beneficie-dune-reduction-de-500.jpg","type":"","width":"","height":""}],"author":"Julien","twitter_card":"summary_large_image","twitter_misc":{"\u00c9crit par":"Julien","Dur\u00e9e de lecture est.":"3 minutes"},"schema":{"@context":"https:\/\/schema.org","@graph":[{"@type":"Article","@id":"https:\/\/vieassociative.be\/actualites\/cet-enorme-televiseur-intelligent-samsung-beneficie-dune-reduction-de-500-en-ce-moment\/#article","isPartOf":{"@id":"https:\/\/vieassociative.be\/actualites\/cet-enorme-televiseur-intelligent-samsung-beneficie-dune-reduction-de-500-en-ce-moment\/"},"author":{"name":"Julien","@id":"https:\/\/vieassociative.be\/actualites\/#\/schema\/person\/b87ac4f82f9d4e7b7cec7395b679edc4"},"headline":"Cet \u00e9norme t\u00e9l\u00e9viseur intelligent Samsung b\u00e9n\u00e9ficie d&rsquo;une r\u00e9duction de 500\u00a0$ en ce moment","datePublished":"2026-02-19T15:18:01+00:00","dateModified":"2026-02-19T15:18:01+00:00","mainEntityOfPage":{"@id":"https:\/\/vieassociative.be\/actualites\/cet-enorme-televiseur-intelligent-samsung-beneficie-dune-reduction-de-500-en-ce-moment\/"},"wordCount":659,"publisher":{"@id":"https:\/\/vieassociative.be\/actualites\/#organization"},"image":{"@id":"https:\/\/vieassociative.be\/actualites\/cet-enorme-televiseur-intelligent-samsung-beneficie-dune-reduction-de-500-en-ce-moment\/#primaryimage"},"thumbnailUrl":"https:\/\/vieassociative.be\/actualites\/wp-content\/uploads\/2026\/02\/Cet-enorme-televiseur-intelligent-Samsung-beneficie-dune-reduction-de-500.png","keywords":["b\u00e9n\u00e9ficie","cet","dune","\u00e9norme","intelligent","moment","r\u00e9duction","Samsung","t\u00e9l\u00e9viseur"],"inLanguage":"fr-BE"},{"@type":"WebPage","@id":"https:\/\/vieassociative.be\/actualites\/cet-enorme-televiseur-intelligent-samsung-beneficie-dune-reduction-de-500-en-ce-moment\/","url":"https:\/\/vieassociative.be\/actualites\/cet-enorme-televiseur-intelligent-samsung-beneficie-dune-reduction-de-500-en-ce-moment\/","name":"Cet \u00e9norme t\u00e9l\u00e9viseur intelligent Samsung b\u00e9n\u00e9ficie d'une r\u00e9duction de 500\u00a0$ en ce moment | Vie Associative","isPartOf":{"@id":"https:\/\/vieassociative.be\/actualites\/#website"},"primaryImageOfPage":{"@id":"https:\/\/vieassociative.be\/actualites\/cet-enorme-televiseur-intelligent-samsung-beneficie-dune-reduction-de-500-en-ce-moment\/#primaryimage"},"image":{"@id":"https:\/\/vieassociative.be\/actualites\/cet-enorme-televiseur-intelligent-samsung-beneficie-dune-reduction-de-500-en-ce-moment\/#primaryimage"},"thumbnailUrl":"https:\/\/vieassociative.be\/actualites\/wp-content\/uploads\/2026\/02\/Cet-enorme-televiseur-intelligent-Samsung-beneficie-dune-reduction-de-500.png","datePublished":"2026-02-19T15:18:01+00:00","dateModified":"2026-02-19T15:18:01+00:00","breadcrumb":{"@id":"https:\/\/vieassociative.be\/actualites\/cet-enorme-televiseur-intelligent-samsung-beneficie-dune-reduction-de-500-en-ce-moment\/#breadcrumb"},"inLanguage":"fr-BE","potentialAction":[{"@type":"ReadAction","target":["https:\/\/vieassociative.be\/actualites\/cet-enorme-televiseur-intelligent-samsung-beneficie-dune-reduction-de-500-en-ce-moment\/"]}]},{"@type":"ImageObject","inLanguage":"fr-BE","@id":"https:\/\/vieassociative.be\/actualites\/cet-enorme-televiseur-intelligent-samsung-beneficie-dune-reduction-de-500-en-ce-moment\/#primaryimage","url":"https:\/\/vieassociative.be\/actualites\/wp-content\/uploads\/2026\/02\/Cet-enorme-televiseur-intelligent-Samsung-beneficie-dune-reduction-de-500.png","contentUrl":"https:\/\/vieassociative.be\/actualites\/wp-content\/uploads\/2026\/02\/Cet-enorme-televiseur-intelligent-Samsung-beneficie-dune-reduction-de-500.png","width":1200,"height":675,"caption":"Cet \u00e9norme t\u00e9l\u00e9viseur intelligent Samsung b\u00e9n\u00e9ficie d'une r\u00e9duction de 500\u00a0$ en ce moment"},{"@type":"BreadcrumbList","@id":"https:\/\/vieassociative.be\/actualites\/cet-enorme-televiseur-intelligent-samsung-beneficie-dune-reduction-de-500-en-ce-moment\/#breadcrumb","itemListElement":[{"@type":"ListItem","position":1,"name":"Accueil","item":"https:\/\/vieassociative.be\/actualites\/"},{"@type":"ListItem","position":2,"name":"Cet \u00e9norme t\u00e9l\u00e9viseur intelligent Samsung b\u00e9n\u00e9ficie d&rsquo;une r\u00e9duction de 500\u00a0$ en ce moment"}]},{"@type":"WebSite","@id":"https:\/\/vieassociative.be\/actualites\/#website","url":"https:\/\/vieassociative.be\/actualites\/","name":"Vie Associative","description":"","publisher":{"@id":"https:\/\/vieassociative.be\/actualites\/#organization"},"potentialAction":[{"@type":"SearchAction","target":{"@type":"EntryPoint","urlTemplate":"https:\/\/vieassociative.be\/actualites\/?s={search_term_string}"},"query-input":{"@type":"PropertyValueSpecification","valueRequired":true,"valueName":"search_term_string"}}],"inLanguage":"fr-BE"},{"@type":"Organization","@id":"https:\/\/vieassociative.be\/actualites\/#organization","name":"Vie Associative","url":"https:\/\/vieassociative.be\/actualites\/","logo":{"@type":"ImageObject","inLanguage":"fr-BE","@id":"https:\/\/vieassociative.be\/actualites\/#\/schema\/logo\/image\/","url":"https:\/\/vieassociative.be\/actualites\/wp-content\/uploads\/2024\/09\/cropped-vieassociative_favicon.ico.png","contentUrl":"https:\/\/vieassociative.be\/actualites\/wp-content\/uploads\/2024\/09\/cropped-vieassociative_favicon.ico.png","width":512,"height":512,"caption":"Vie Associative"},"image":{"@id":"https:\/\/vieassociative.be\/actualites\/#\/schema\/logo\/image\/"}},{"@type":"Person","@id":"https:\/\/vieassociative.be\/actualites\/#\/schema\/person\/b87ac4f82f9d4e7b7cec7395b679edc4","name":"Julien","image":{"@type":"ImageObject","inLanguage":"fr-BE","@id":"https:\/\/vieassociative.be\/actualites\/#\/schema\/person\/image\/","url":"https:\/\/vieassociative.be\/actualites\/wp-content\/uploads\/2024\/09\/vie-associative-1-150x150.jpg","contentUrl":"https:\/\/vieassociative.be\/actualites\/wp-content\/uploads\/2024\/09\/vie-associative-1-150x150.jpg","caption":"Julien"},"description":"Je suis Julien, r\u00e9dacteur pour Vie Associative. Passionn\u00e9 par le monde associatif depuis plus de 10 ans, j'ai \u00e0 c\u0153ur de partager des histoires inspirantes et de mettre en lumi\u00e8re les initiatives locales. Mon objectif est de sensibiliser et d'encourager l'engagement communautaire \u00e0 travers mes articles.","sameAs":["https:\/\/vieassociative.be\/"]}]}},"_links":{"self":[{"href":"https:\/\/vieassociative.be\/actualites\/wp-json\/wp\/v2\/posts\/12710"}],"collection":[{"href":"https:\/\/vieassociative.be\/actualites\/wp-json\/wp\/v2\/posts"}],"about":[{"href":"https:\/\/vieassociative.be\/actualites\/wp-json\/wp\/v2\/types\/post"}],"author":[{"embeddable":true,"href":"https:\/\/vieassociative.be\/actualites\/wp-json\/wp\/v2\/users\/1"}],"replies":[{"embeddable":true,"href":"https:\/\/vieassociative.be\/actualites\/wp-json\/wp\/v2\/comments?post=12710"}],"version-history":[{"count":0,"href":"https:\/\/vieassociative.be\/actualites\/wp-json\/wp\/v2\/posts\/12710\/revisions"}],"wp:featuredmedia":[{"embeddable":true,"href":"https:\/\/vieassociative.be\/actualites\/wp-json\/wp\/v2\/media\/12711"}],"wp:attachment":[{"href":"https:\/\/vieassociative.be\/actualites\/wp-json\/wp\/v2\/media?parent=12710"}],"wp:term":[{"taxonomy":"category","embeddable":true,"href":"https:\/\/vieassociative.be\/actualites\/wp-json\/wp\/v2\/categories?post=12710"},{"taxonomy":"post_tag","embeddable":true,"href":"https:\/\/vieassociative.be\/actualites\/wp-json\/wp\/v2\/tags?post=12710"}],"curies":[{"name":"wp","href":"https:\/\/api.w.org\/{rel}","templated":true}]}}