{"id":12708,"date":"2026-02-19T11:19:57","date_gmt":"2026-02-19T10:19:57","guid":{"rendered":"https:\/\/vieassociative.be\/actualites\/la-region-bruxelloise-a-un-probleme-boris-dillies-son-nouveau-premier-ministre-parle-a-peine-le-neerlandais\/"},"modified":"2026-02-19T11:19:57","modified_gmt":"2026-02-19T10:19:57","slug":"la-region-bruxelloise-a-un-probleme-boris-dillies-son-nouveau-premier-ministre-parle-a-peine-le-neerlandais","status":"publish","type":"post","link":"https:\/\/vieassociative.be\/actualites\/la-region-bruxelloise-a-un-probleme-boris-dillies-son-nouveau-premier-ministre-parle-a-peine-le-neerlandais\/","title":{"rendered":"La R\u00e9gion bruxelloise a un probl\u00e8me : Boris Dilli\u00e8s, son nouveau premier ministre, parle \u00e0 peine le n\u00e9erlandais"},"content":{"rendered":"<p><strong>Le poste de Premier ministre de la R\u00e9gion de Bruxelles-Capitale est domin\u00e9 par le Parti socialiste (PS) depuis des d\u00e9cennies. Charles Picqu\u00e9 (1989-1999, 2004-2013) et Rudi Vervoort (2013-2026) ont dirig\u00e9 le gouvernement r\u00e9gional pendant de nombreuses ann\u00e9es. Avec la nomination de Boris Dilli\u00e8s, un lib\u00e9ral (MR) est d\u00e9sormais chef du gouvernement de la r\u00e9gion capitale pour la premi\u00e8re fois depuis plus de 20 ans.<\/strong><\/p>\n<p><span id=\"more-437050\"><\/span>La nomination de Boris Dilli\u00e8s au poste de Premier ministre de la R\u00e9gion de Bruxelles-Capitale a suscit\u00e9 un d\u00e9bat politique qui le d\u00e9passe bien. Quelques jours seulement apr\u00e8s son entr\u00e9e en fonction, l&rsquo;homme politique lib\u00e9ral a \u00e9t\u00e9 critiqu\u00e9 pour sa connaissance insuffisante du n\u00e9erlandais, un sujet sensible dans une r\u00e9gion officiellement bilingue.<\/p>\n<p>Dilli\u00e8s, membre du parti lib\u00e9ral francophone Mouvement R\u00e9formateur (MR), a \u00e9t\u00e9 pendant longtemps bourgmestre de la commune bruxelloise d&rsquo;Uccle. Sa nomination intervient apr\u00e8s une longue p\u00e9riode d&rsquo;impasse politique dans la formation d&rsquo;un gouvernement dans la r\u00e9gion de la capitale. Mais au lieu d\u2019un red\u00e9marrage politique, un autre sujet a rapidement fait la une des journaux : ses comp\u00e9tences linguistiques.<\/p>\n<div id=\"attachment_434173\" class=\"wp-caption alignleft\" style=\"max-width: 300px\"><img fetchpriority=\"high\" decoding=\"async\" class=\"wp-image-434173 size-medium\" src=\"https:\/\/vieassociative.be\/actualites\/wp-content\/uploads\/2026\/02\/La-Region-bruxelloise-a-un-probleme-Boris-Dillies-son.jpg\" alt=\"\" width=\"300\" height=\"200\"><\/div>\n<p><strong>\u2013 Critique du camp flamand :<\/strong> Lors de ses premiers entretiens avec des journalistes n\u00e9erlandophones, Dilli\u00e8s vacilla visiblement. Ses r\u00e9ponses en n\u00e9erlandais \u00e9taient courtes, incertaines et parfois incompl\u00e8tes. Cela a imm\u00e9diatement suscit\u00e9 des critiques de la part des partis flamands et des m\u00e9dias.<\/p>\n<p>Dans une r\u00e9gion o\u00f9 le fran\u00e7ais et le n\u00e9erlandais sont officiellement \u00e9gaux, nombreux sont ceux qui attendent du chef du gouvernement qu&rsquo;il ma\u00eetrise parfaitement les deux langues. Les critiques soutiennent qu&rsquo;un Premier ministre doit \u00eatre capable de s&rsquo;adresser directement \u00e0 tous les citoyens &#8211; sans interpr\u00e8tes ni textes pr\u00e9par\u00e9s. Certaines voix sont all\u00e9es plus loin et se sont fondamentalement demand\u00e9 si une personne n&rsquo;ayant pas une solide connaissance du n\u00e9erlandais devrait occuper ce poste.<\/p>\n<p><strong>\u2013 La r\u00e9action de Dilli\u00e8s :<\/strong> Le nouveau chef du gouvernement a r\u00e9pondu aux all\u00e9gations par un m\u00e9lange d\u2019autocritique et de d\u00e9fense. Il a admis qu\u2019il ne parlait pratiquement pas le n\u00e9erlandais depuis de nombreuses ann\u00e9es. En m\u00eame temps, il a promis de travailler intensivement sur ses comp\u00e9tences linguistiques. Il a \u00e9galement soulign\u00e9 que le leadership politique ne se d\u00e9finit pas uniquement par les comp\u00e9tences linguistiques, mais plut\u00f4t par les comp\u00e9tences en mati\u00e8re de contenu et de r\u00e9solution de probl\u00e8mes. Ses priorit\u00e9s sont la s\u00e9curit\u00e9, la finance et la stabilit\u00e9 sociale dans la capitale.<\/p>\n<p>Cependant, le conflit va bien au-del\u00e0 d\u2019une question de capacit\u00e9 individuelle. Il touche \u00e0 un conflit central de la politique belge : l\u2019\u00e9quilibre entre francophones et Flamands.<\/p>\n<p>Bruxelles est officiellement bilingue, mais en r\u00e9alit\u00e9 la majorit\u00e9 est francophone. C\u2019est pr\u00e9cis\u00e9ment pourquoi la signification symbolique de l\u2019\u00e9galit\u00e9 linguistique est particuli\u00e8rement grande. La nomination d&rsquo;un homme politique qui parle \u00e0 peine le n\u00e9erlandais \u00e0 la plus haute fonction de la r\u00e9gion est consid\u00e9r\u00e9e par de nombreux Flamands comme un signal politique &#8211; et comme l&rsquo;expression d&rsquo;un d\u00e9s\u00e9quilibre structurel.<\/p>\n<p><strong>\u2013 Cons\u00e9quences politiques ouvertes :<\/strong> On ne sait pas encore si le conflit aura des cons\u00e9quences politiques \u00e0 long terme. Si Dilli\u00e8s progresse rapidement dans l\u2019apprentissage du n\u00e9erlandais, le d\u00e9bat pourrait s\u2019apaiser. Toutefois, s\u2019il n\u2019y a pas d\u2019am\u00e9lioration, la pression du camp flamand risque de cro\u00eetre.<\/p>\n<p>Une chose est s\u00fbre : la discussion sur ses comp\u00e9tences linguistiques est une le\u00e7on sur la politique identitaire et linguistique complexe de la Belgique \u2013 et un d\u00e9but d\u00e9licat pour un Premier ministre cens\u00e9 apporter la stabilit\u00e9 dans la capitale.<\/p>\n<div id=\"attachment_322935\" class=\"wp-caption alignleft\" style=\"max-width: 300px\"><img decoding=\"async\" class=\"wp-image-322935 size-medium\" src=\"https:\/\/vieassociative.be\/actualites\/wp-content\/uploads\/2024\/12\/AS-Eupen-pour-la-troisieme-fois-contre-le-bas-de.jpeg\" alt=\"\" width=\"300\" height=\"200\"  ><\/div>\n<p><strong>\u2013 MR patron Boucher comme tireur de ficelles :<\/strong> La pol\u00e9mique autour des comp\u00e9tences linguistiques en n\u00e9erlandais du nouveau Premier ministre de la R\u00e9gion de Bruxelles-Capitale, Boris Dilli\u00e8s, se transforme de plus en plus en une affaire de parti politique. Pendant ce temps, le chef des lib\u00e9raux francophones, Georges-Louis Bouchez, est \u00e9galement au centre des critiques.<\/p>\n<p>Bouchez, pr\u00e9sident du Mouvement R\u00e9formateur (MR), est consid\u00e9r\u00e9 comme le moteur de la nomination de Dilli\u00e8s au poste de Premier ministre. Apr\u00e8s des mois de blocus politique dans la r\u00e9gion de la capitale, il s&rsquo;est appuy\u00e9 sur l&rsquo;ancien maire d&rsquo;Uccle au sein du parti &#8211; apparemment dans le but d&rsquo;\u00e9tablir rapidement un gouvernement stable et d&rsquo;assurer le r\u00f4le de leader des lib\u00e9raux.<\/p>\n<p>Mais c\u2019est pr\u00e9cis\u00e9ment cette d\u00e9cision qui est aujourd\u2019hui remise en question. Les critiques accusent Bouchez de sous-estimer la signification symbolique et politique de la question linguistique. Dans une r\u00e9gion officiellement bilingue, il est risqu\u00e9 de pr\u00e9senter un chef du gouvernement qui parle \u00e0 peine le n\u00e9erlandais.<\/p>\n<p>Du c\u00f4t\u00e9 flamand, on dit que Bouchez a plac\u00e9 la tactique du parti au-dessus de la sensibilit\u00e9 institutionnelle. Certaines voix estiment que la direction du MR aurait d\u00fb s&rsquo;assurer au pr\u00e9alable que son candidat \u00e9tait suffisamment pr\u00e9par\u00e9 linguistiquement. (cr\u00e9er)<\/p>\n","protected":false},"excerpt":{"rendered":"<p>Le poste de Premier ministre de la R\u00e9gion de Bruxelles-Capitale est domin\u00e9 par le Parti socialiste (PS) depuis des d\u00e9cennies. Charles Picqu\u00e9 (1989-1999, 2004-2013) et<\/p>\n","protected":false},"author":1,"featured_media":12709,"comment_status":"","ping_status":"","sticky":false,"template":"","format":"standard","meta":{"footnotes":""},"categories":[298],"tags":[10063,9624,10064,1245,6091,553,3127,524,443,4610,4041,800],"class_list":["post-12708","post","type-post","status-publish","format-standard","has-post-thumbnail","hentry","category-belgique","tag-boris","tag-bruxelloise","tag-dillies","tag-ministre","tag-neerlandais","tag-nouveau","tag-parle","tag-peine","tag-premier","tag-probleme","tag-region","tag-son","generate-columns","tablet-grid-50","mobile-grid-100","grid-parent","grid-33"],"yoast_head":"<!-- This site is optimized with the Yoast SEO plugin v24.0 - https:\/\/yoast.com\/wordpress\/plugins\/seo\/ -->\n<title>La R\u00e9gion bruxelloise a un probl\u00e8me : Boris Dilli\u00e8s, son nouveau premier ministre, parle \u00e0 peine le n\u00e9erlandais | Vie Associative<\/title>\n<meta name=\"robots\" content=\"index, follow, max-snippet:-1, max-image-preview:large, max-video-preview:-1\" \/>\n<link rel=\"canonical\" href=\"https:\/\/vieassociative.be\/actualites\/la-region-bruxelloise-a-un-probleme-boris-dillies-son-nouveau-premier-ministre-parle-a-peine-le-neerlandais\/\" \/>\n<meta property=\"og:locale\" content=\"fr_FR\" \/>\n<meta property=\"og:type\" content=\"article\" \/>\n<meta property=\"og:title\" content=\"La R\u00e9gion bruxelloise a un probl\u00e8me : Boris Dilli\u00e8s, son nouveau premier ministre, parle \u00e0 peine le n\u00e9erlandais | Vie Associative\" \/>\n<meta property=\"og:description\" content=\"Le poste de Premier ministre de la R\u00e9gion de Bruxelles-Capitale est domin\u00e9 par le Parti socialiste (PS) depuis des d\u00e9cennies. Charles Picqu\u00e9 (1989-1999, 2004-2013) et\" \/>\n<meta property=\"og:url\" content=\"https:\/\/vieassociative.be\/actualites\/la-region-bruxelloise-a-un-probleme-boris-dillies-son-nouveau-premier-ministre-parle-a-peine-le-neerlandais\/\" \/>\n<meta property=\"og:site_name\" content=\"Vie Associative\" \/>\n<meta property=\"article:published_time\" content=\"2026-02-19T10:19:57+00:00\" \/>\n<meta property=\"og:image\" content=\"https:\/\/vieassociative.be\/actualites\/wp-content\/uploads\/2024\/09\/header_backgroundk-01-e1726694325946.png\" \/>\n\t<meta property=\"og:image:width\" content=\"279\" \/>\n\t<meta property=\"og:image:height\" content=\"92\" \/>\n\t<meta property=\"og:image:type\" content=\"image\/png\" \/>\n<meta name=\"author\" content=\"Julien\" \/>\n<meta name=\"twitter:card\" content=\"summary_large_image\" \/>\n<meta name=\"twitter:label1\" content=\"\u00c9crit par\" \/>\n\t<meta name=\"twitter:data1\" content=\"Julien\" \/>\n\t<meta name=\"twitter:label2\" content=\"Dur\u00e9e de lecture est.\" \/>\n\t<meta name=\"twitter:data2\" content=\"4 minutes\" \/>\n<script type=\"application\/ld+json\" class=\"yoast-schema-graph\">{\"@context\":\"https:\/\/schema.org\",\"@graph\":[{\"@type\":\"Article\",\"@id\":\"https:\/\/vieassociative.be\/actualites\/la-region-bruxelloise-a-un-probleme-boris-dillies-son-nouveau-premier-ministre-parle-a-peine-le-neerlandais\/#article\",\"isPartOf\":{\"@id\":\"https:\/\/vieassociative.be\/actualites\/la-region-bruxelloise-a-un-probleme-boris-dillies-son-nouveau-premier-ministre-parle-a-peine-le-neerlandais\/\"},\"author\":{\"name\":\"Julien\",\"@id\":\"https:\/\/vieassociative.be\/actualites\/#\/schema\/person\/b87ac4f82f9d4e7b7cec7395b679edc4\"},\"headline\":\"La R\u00e9gion bruxelloise a un probl\u00e8me : Boris Dilli\u00e8s, son nouveau premier ministre, parle \u00e0 peine le n\u00e9erlandais\",\"datePublished\":\"2026-02-19T10:19:57+00:00\",\"dateModified\":\"2026-02-19T10:19:57+00:00\",\"mainEntityOfPage\":{\"@id\":\"https:\/\/vieassociative.be\/actualites\/la-region-bruxelloise-a-un-probleme-boris-dillies-son-nouveau-premier-ministre-parle-a-peine-le-neerlandais\/\"},\"wordCount\":900,\"publisher\":{\"@id\":\"https:\/\/vieassociative.be\/actualites\/#organization\"},\"image\":{\"@id\":\"https:\/\/vieassociative.be\/actualites\/la-region-bruxelloise-a-un-probleme-boris-dillies-son-nouveau-premier-ministre-parle-a-peine-le-neerlandais\/#primaryimage\"},\"thumbnailUrl\":\"https:\/\/vieassociative.be\/actualites\/wp-content\/uploads\/2026\/02\/1771496398_La-Region-bruxelloise-a-un-probleme-Boris-Dillies-son.jpg\",\"keywords\":[\"Boris\",\"bruxelloise\",\"Dilli\u00e8s\",\"ministre\",\"n\u00e9erlandais\",\"nouveau\",\"parle\",\"peine\",\"premier\",\"probl\u00e8me\",\"R\u00e9gion\",\"son\"],\"articleSection\":[\"Belgique\"],\"inLanguage\":\"fr-BE\"},{\"@type\":\"WebPage\",\"@id\":\"https:\/\/vieassociative.be\/actualites\/la-region-bruxelloise-a-un-probleme-boris-dillies-son-nouveau-premier-ministre-parle-a-peine-le-neerlandais\/\",\"url\":\"https:\/\/vieassociative.be\/actualites\/la-region-bruxelloise-a-un-probleme-boris-dillies-son-nouveau-premier-ministre-parle-a-peine-le-neerlandais\/\",\"name\":\"La R\u00e9gion bruxelloise a un probl\u00e8me : Boris Dilli\u00e8s, son nouveau premier ministre, parle \u00e0 peine le n\u00e9erlandais | Vie Associative\",\"isPartOf\":{\"@id\":\"https:\/\/vieassociative.be\/actualites\/#website\"},\"primaryImageOfPage\":{\"@id\":\"https:\/\/vieassociative.be\/actualites\/la-region-bruxelloise-a-un-probleme-boris-dillies-son-nouveau-premier-ministre-parle-a-peine-le-neerlandais\/#primaryimage\"},\"image\":{\"@id\":\"https:\/\/vieassociative.be\/actualites\/la-region-bruxelloise-a-un-probleme-boris-dillies-son-nouveau-premier-ministre-parle-a-peine-le-neerlandais\/#primaryimage\"},\"thumbnailUrl\":\"https:\/\/vieassociative.be\/actualites\/wp-content\/uploads\/2026\/02\/1771496398_La-Region-bruxelloise-a-un-probleme-Boris-Dillies-son.jpg\",\"datePublished\":\"2026-02-19T10:19:57+00:00\",\"dateModified\":\"2026-02-19T10:19:57+00:00\",\"breadcrumb\":{\"@id\":\"https:\/\/vieassociative.be\/actualites\/la-region-bruxelloise-a-un-probleme-boris-dillies-son-nouveau-premier-ministre-parle-a-peine-le-neerlandais\/#breadcrumb\"},\"inLanguage\":\"fr-BE\",\"potentialAction\":[{\"@type\":\"ReadAction\",\"target\":[\"https:\/\/vieassociative.be\/actualites\/la-region-bruxelloise-a-un-probleme-boris-dillies-son-nouveau-premier-ministre-parle-a-peine-le-neerlandais\/\"]}]},{\"@type\":\"ImageObject\",\"inLanguage\":\"fr-BE\",\"@id\":\"https:\/\/vieassociative.be\/actualites\/la-region-bruxelloise-a-un-probleme-boris-dillies-son-nouveau-premier-ministre-parle-a-peine-le-neerlandais\/#primaryimage\",\"url\":\"https:\/\/vieassociative.be\/actualites\/wp-content\/uploads\/2026\/02\/1771496398_La-Region-bruxelloise-a-un-probleme-Boris-Dillies-son.jpg\",\"contentUrl\":\"https:\/\/vieassociative.be\/actualites\/wp-content\/uploads\/2026\/02\/1771496398_La-Region-bruxelloise-a-un-probleme-Boris-Dillies-son.jpg\",\"width\":1200,\"height\":800,\"caption\":\"La R\u00e9gion bruxelloise a un probl\u00e8me : Boris Dilli\u00e8s, son nouveau premier ministre, parle \u00e0 peine le n\u00e9erlandais\"},{\"@type\":\"BreadcrumbList\",\"@id\":\"https:\/\/vieassociative.be\/actualites\/la-region-bruxelloise-a-un-probleme-boris-dillies-son-nouveau-premier-ministre-parle-a-peine-le-neerlandais\/#breadcrumb\",\"itemListElement\":[{\"@type\":\"ListItem\",\"position\":1,\"name\":\"Accueil\",\"item\":\"https:\/\/vieassociative.be\/actualites\/\"},{\"@type\":\"ListItem\",\"position\":2,\"name\":\"La R\u00e9gion bruxelloise a un probl\u00e8me : Boris Dilli\u00e8s, son nouveau premier ministre, parle \u00e0 peine le n\u00e9erlandais\"}]},{\"@type\":\"WebSite\",\"@id\":\"https:\/\/vieassociative.be\/actualites\/#website\",\"url\":\"https:\/\/vieassociative.be\/actualites\/\",\"name\":\"Vie Associative\",\"description\":\"\",\"publisher\":{\"@id\":\"https:\/\/vieassociative.be\/actualites\/#organization\"},\"potentialAction\":[{\"@type\":\"SearchAction\",\"target\":{\"@type\":\"EntryPoint\",\"urlTemplate\":\"https:\/\/vieassociative.be\/actualites\/?s={search_term_string}\"},\"query-input\":{\"@type\":\"PropertyValueSpecification\",\"valueRequired\":true,\"valueName\":\"search_term_string\"}}],\"inLanguage\":\"fr-BE\"},{\"@type\":\"Organization\",\"@id\":\"https:\/\/vieassociative.be\/actualites\/#organization\",\"name\":\"Vie Associative\",\"url\":\"https:\/\/vieassociative.be\/actualites\/\",\"logo\":{\"@type\":\"ImageObject\",\"inLanguage\":\"fr-BE\",\"@id\":\"https:\/\/vieassociative.be\/actualites\/#\/schema\/logo\/image\/\",\"url\":\"https:\/\/vieassociative.be\/actualites\/wp-content\/uploads\/2024\/09\/cropped-vieassociative_favicon.ico.png\",\"contentUrl\":\"https:\/\/vieassociative.be\/actualites\/wp-content\/uploads\/2024\/09\/cropped-vieassociative_favicon.ico.png\",\"width\":512,\"height\":512,\"caption\":\"Vie Associative\"},\"image\":{\"@id\":\"https:\/\/vieassociative.be\/actualites\/#\/schema\/logo\/image\/\"}},{\"@type\":\"Person\",\"@id\":\"https:\/\/vieassociative.be\/actualites\/#\/schema\/person\/b87ac4f82f9d4e7b7cec7395b679edc4\",\"name\":\"Julien\",\"image\":{\"@type\":\"ImageObject\",\"inLanguage\":\"fr-BE\",\"@id\":\"https:\/\/vieassociative.be\/actualites\/#\/schema\/person\/image\/\",\"url\":\"https:\/\/vieassociative.be\/actualites\/wp-content\/uploads\/2024\/09\/vie-associative-1-150x150.jpg\",\"contentUrl\":\"https:\/\/vieassociative.be\/actualites\/wp-content\/uploads\/2024\/09\/vie-associative-1-150x150.jpg\",\"caption\":\"Julien\"},\"description\":\"Je suis Julien, r\u00e9dacteur pour Vie Associative. Passionn\u00e9 par le monde associatif depuis plus de 10 ans, j'ai \u00e0 c\u0153ur de partager des histoires inspirantes et de mettre en lumi\u00e8re les initiatives locales. Mon objectif est de sensibiliser et d'encourager l'engagement communautaire \u00e0 travers mes articles.\",\"sameAs\":[\"https:\/\/vieassociative.be\/\"]}]}<\/script>\n<!-- \/ Yoast SEO plugin. -->","yoast_head_json":{"title":"La R\u00e9gion bruxelloise a un probl\u00e8me : Boris Dilli\u00e8s, son nouveau premier ministre, parle \u00e0 peine le n\u00e9erlandais | Vie Associative","robots":{"index":"index","follow":"follow","max-snippet":"max-snippet:-1","max-image-preview":"max-image-preview:large","max-video-preview":"max-video-preview:-1"},"canonical":"https:\/\/vieassociative.be\/actualites\/la-region-bruxelloise-a-un-probleme-boris-dillies-son-nouveau-premier-ministre-parle-a-peine-le-neerlandais\/","og_locale":"fr_FR","og_type":"article","og_title":"La R\u00e9gion bruxelloise a un probl\u00e8me : Boris Dilli\u00e8s, son nouveau premier ministre, parle \u00e0 peine le n\u00e9erlandais | Vie Associative","og_description":"Le poste de Premier ministre de la R\u00e9gion de Bruxelles-Capitale est domin\u00e9 par le Parti socialiste (PS) depuis des d\u00e9cennies. Charles Picqu\u00e9 (1989-1999, 2004-2013) et","og_url":"https:\/\/vieassociative.be\/actualites\/la-region-bruxelloise-a-un-probleme-boris-dillies-son-nouveau-premier-ministre-parle-a-peine-le-neerlandais\/","og_site_name":"Vie Associative","article_published_time":"2026-02-19T10:19:57+00:00","og_image":[{"width":279,"height":92,"url":"https:\/\/vieassociative.be\/actualites\/wp-content\/uploads\/2024\/09\/header_backgroundk-01-e1726694325946.png","type":"image\/png"}],"author":"Julien","twitter_card":"summary_large_image","twitter_misc":{"\u00c9crit par":"Julien","Dur\u00e9e de lecture est.":"4 minutes"},"schema":{"@context":"https:\/\/schema.org","@graph":[{"@type":"Article","@id":"https:\/\/vieassociative.be\/actualites\/la-region-bruxelloise-a-un-probleme-boris-dillies-son-nouveau-premier-ministre-parle-a-peine-le-neerlandais\/#article","isPartOf":{"@id":"https:\/\/vieassociative.be\/actualites\/la-region-bruxelloise-a-un-probleme-boris-dillies-son-nouveau-premier-ministre-parle-a-peine-le-neerlandais\/"},"author":{"name":"Julien","@id":"https:\/\/vieassociative.be\/actualites\/#\/schema\/person\/b87ac4f82f9d4e7b7cec7395b679edc4"},"headline":"La R\u00e9gion bruxelloise a un probl\u00e8me : Boris Dilli\u00e8s, son nouveau premier ministre, parle \u00e0 peine le n\u00e9erlandais","datePublished":"2026-02-19T10:19:57+00:00","dateModified":"2026-02-19T10:19:57+00:00","mainEntityOfPage":{"@id":"https:\/\/vieassociative.be\/actualites\/la-region-bruxelloise-a-un-probleme-boris-dillies-son-nouveau-premier-ministre-parle-a-peine-le-neerlandais\/"},"wordCount":900,"publisher":{"@id":"https:\/\/vieassociative.be\/actualites\/#organization"},"image":{"@id":"https:\/\/vieassociative.be\/actualites\/la-region-bruxelloise-a-un-probleme-boris-dillies-son-nouveau-premier-ministre-parle-a-peine-le-neerlandais\/#primaryimage"},"thumbnailUrl":"https:\/\/vieassociative.be\/actualites\/wp-content\/uploads\/2026\/02\/1771496398_La-Region-bruxelloise-a-un-probleme-Boris-Dillies-son.jpg","keywords":["Boris","bruxelloise","Dilli\u00e8s","ministre","n\u00e9erlandais","nouveau","parle","peine","premier","probl\u00e8me","R\u00e9gion","son"],"articleSection":["Belgique"],"inLanguage":"fr-BE"},{"@type":"WebPage","@id":"https:\/\/vieassociative.be\/actualites\/la-region-bruxelloise-a-un-probleme-boris-dillies-son-nouveau-premier-ministre-parle-a-peine-le-neerlandais\/","url":"https:\/\/vieassociative.be\/actualites\/la-region-bruxelloise-a-un-probleme-boris-dillies-son-nouveau-premier-ministre-parle-a-peine-le-neerlandais\/","name":"La R\u00e9gion bruxelloise a un probl\u00e8me : Boris Dilli\u00e8s, son nouveau premier ministre, parle \u00e0 peine le n\u00e9erlandais | Vie Associative","isPartOf":{"@id":"https:\/\/vieassociative.be\/actualites\/#website"},"primaryImageOfPage":{"@id":"https:\/\/vieassociative.be\/actualites\/la-region-bruxelloise-a-un-probleme-boris-dillies-son-nouveau-premier-ministre-parle-a-peine-le-neerlandais\/#primaryimage"},"image":{"@id":"https:\/\/vieassociative.be\/actualites\/la-region-bruxelloise-a-un-probleme-boris-dillies-son-nouveau-premier-ministre-parle-a-peine-le-neerlandais\/#primaryimage"},"thumbnailUrl":"https:\/\/vieassociative.be\/actualites\/wp-content\/uploads\/2026\/02\/1771496398_La-Region-bruxelloise-a-un-probleme-Boris-Dillies-son.jpg","datePublished":"2026-02-19T10:19:57+00:00","dateModified":"2026-02-19T10:19:57+00:00","breadcrumb":{"@id":"https:\/\/vieassociative.be\/actualites\/la-region-bruxelloise-a-un-probleme-boris-dillies-son-nouveau-premier-ministre-parle-a-peine-le-neerlandais\/#breadcrumb"},"inLanguage":"fr-BE","potentialAction":[{"@type":"ReadAction","target":["https:\/\/vieassociative.be\/actualites\/la-region-bruxelloise-a-un-probleme-boris-dillies-son-nouveau-premier-ministre-parle-a-peine-le-neerlandais\/"]}]},{"@type":"ImageObject","inLanguage":"fr-BE","@id":"https:\/\/vieassociative.be\/actualites\/la-region-bruxelloise-a-un-probleme-boris-dillies-son-nouveau-premier-ministre-parle-a-peine-le-neerlandais\/#primaryimage","url":"https:\/\/vieassociative.be\/actualites\/wp-content\/uploads\/2026\/02\/1771496398_La-Region-bruxelloise-a-un-probleme-Boris-Dillies-son.jpg","contentUrl":"https:\/\/vieassociative.be\/actualites\/wp-content\/uploads\/2026\/02\/1771496398_La-Region-bruxelloise-a-un-probleme-Boris-Dillies-son.jpg","width":1200,"height":800,"caption":"La R\u00e9gion bruxelloise a un probl\u00e8me : Boris Dilli\u00e8s, son nouveau premier ministre, parle \u00e0 peine le n\u00e9erlandais"},{"@type":"BreadcrumbList","@id":"https:\/\/vieassociative.be\/actualites\/la-region-bruxelloise-a-un-probleme-boris-dillies-son-nouveau-premier-ministre-parle-a-peine-le-neerlandais\/#breadcrumb","itemListElement":[{"@type":"ListItem","position":1,"name":"Accueil","item":"https:\/\/vieassociative.be\/actualites\/"},{"@type":"ListItem","position":2,"name":"La R\u00e9gion bruxelloise a un probl\u00e8me : Boris Dilli\u00e8s, son nouveau premier ministre, parle \u00e0 peine le n\u00e9erlandais"}]},{"@type":"WebSite","@id":"https:\/\/vieassociative.be\/actualites\/#website","url":"https:\/\/vieassociative.be\/actualites\/","name":"Vie Associative","description":"","publisher":{"@id":"https:\/\/vieassociative.be\/actualites\/#organization"},"potentialAction":[{"@type":"SearchAction","target":{"@type":"EntryPoint","urlTemplate":"https:\/\/vieassociative.be\/actualites\/?s={search_term_string}"},"query-input":{"@type":"PropertyValueSpecification","valueRequired":true,"valueName":"search_term_string"}}],"inLanguage":"fr-BE"},{"@type":"Organization","@id":"https:\/\/vieassociative.be\/actualites\/#organization","name":"Vie Associative","url":"https:\/\/vieassociative.be\/actualites\/","logo":{"@type":"ImageObject","inLanguage":"fr-BE","@id":"https:\/\/vieassociative.be\/actualites\/#\/schema\/logo\/image\/","url":"https:\/\/vieassociative.be\/actualites\/wp-content\/uploads\/2024\/09\/cropped-vieassociative_favicon.ico.png","contentUrl":"https:\/\/vieassociative.be\/actualites\/wp-content\/uploads\/2024\/09\/cropped-vieassociative_favicon.ico.png","width":512,"height":512,"caption":"Vie Associative"},"image":{"@id":"https:\/\/vieassociative.be\/actualites\/#\/schema\/logo\/image\/"}},{"@type":"Person","@id":"https:\/\/vieassociative.be\/actualites\/#\/schema\/person\/b87ac4f82f9d4e7b7cec7395b679edc4","name":"Julien","image":{"@type":"ImageObject","inLanguage":"fr-BE","@id":"https:\/\/vieassociative.be\/actualites\/#\/schema\/person\/image\/","url":"https:\/\/vieassociative.be\/actualites\/wp-content\/uploads\/2024\/09\/vie-associative-1-150x150.jpg","contentUrl":"https:\/\/vieassociative.be\/actualites\/wp-content\/uploads\/2024\/09\/vie-associative-1-150x150.jpg","caption":"Julien"},"description":"Je suis Julien, r\u00e9dacteur pour Vie Associative. Passionn\u00e9 par le monde associatif depuis plus de 10 ans, j'ai \u00e0 c\u0153ur de partager des histoires inspirantes et de mettre en lumi\u00e8re les initiatives locales. Mon objectif est de sensibiliser et d'encourager l'engagement communautaire \u00e0 travers mes articles.","sameAs":["https:\/\/vieassociative.be\/"]}]}},"_links":{"self":[{"href":"https:\/\/vieassociative.be\/actualites\/wp-json\/wp\/v2\/posts\/12708"}],"collection":[{"href":"https:\/\/vieassociative.be\/actualites\/wp-json\/wp\/v2\/posts"}],"about":[{"href":"https:\/\/vieassociative.be\/actualites\/wp-json\/wp\/v2\/types\/post"}],"author":[{"embeddable":true,"href":"https:\/\/vieassociative.be\/actualites\/wp-json\/wp\/v2\/users\/1"}],"replies":[{"embeddable":true,"href":"https:\/\/vieassociative.be\/actualites\/wp-json\/wp\/v2\/comments?post=12708"}],"version-history":[{"count":0,"href":"https:\/\/vieassociative.be\/actualites\/wp-json\/wp\/v2\/posts\/12708\/revisions"}],"wp:featuredmedia":[{"embeddable":true,"href":"https:\/\/vieassociative.be\/actualites\/wp-json\/wp\/v2\/media\/12709"}],"wp:attachment":[{"href":"https:\/\/vieassociative.be\/actualites\/wp-json\/wp\/v2\/media?parent=12708"}],"wp:term":[{"taxonomy":"category","embeddable":true,"href":"https:\/\/vieassociative.be\/actualites\/wp-json\/wp\/v2\/categories?post=12708"},{"taxonomy":"post_tag","embeddable":true,"href":"https:\/\/vieassociative.be\/actualites\/wp-json\/wp\/v2\/tags?post=12708"}],"curies":[{"name":"wp","href":"https:\/\/api.w.org\/{rel}","templated":true}]}}