{"id":12706,"date":"2026-02-19T10:17:45","date_gmt":"2026-02-19T09:17:45","guid":{"rendered":"https:\/\/vieassociative.be\/actualites\/apple-ajoute-chatgpt-claude-et-gemini-a-carplay-dans-ios-26-4\/"},"modified":"2026-02-19T10:17:45","modified_gmt":"2026-02-19T09:17:45","slug":"apple-ajoute-chatgpt-claude-et-gemini-a-carplay-dans-ios-26-4","status":"publish","type":"post","link":"https:\/\/vieassociative.be\/actualites\/apple-ajoute-chatgpt-claude-et-gemini-a-carplay-dans-ios-26-4\/","title":{"rendered":"Apple ajoute ChatGPT, Claude et Gemini \u00e0 CarPlay dans iOS 26.4"},"content":{"rendered":"<p>Lorsque Apple a publi\u00e9 la premi\u00e8re version b\u00eata d&rsquo;iOS 26.4 cette semaine, les testeurs se sont imm\u00e9diatement mis au travail \u00e0 la recherche de chaque nouvelle fonctionnalit\u00e9 et modification. \u00c0 leur honneur, il y a plus de nouveaut\u00e9s ici que dans iOS 26.3, notamment un g\u00e9n\u00e9rateur de playlist AI pour Apple Music et la prise en charge du cryptage de bout en bout avec RCS (enfin). Mais une mise \u00e0 jour est pass\u00e9e inaper\u00e7ue, puisqu&rsquo;elle n&rsquo;est pas r\u00e9ellement disponible pour \u00eatre test\u00e9e dans cette premi\u00e8re version b\u00eata : la prise en charge de CarPlay pour les assistants IA comme ChatGPT, Claude et Gemini.<\/p>\n<h2 id=\"ai-assistants-are-coming-to-carplay-in-ios-264\">Les assistants IA arrivent sur CarPlay dans iOS 26.4<\/h2>\n<p>Comme l&rsquo;a rep\u00e9r\u00e9 MacRumors, le guide du d\u00e9veloppeur de CarPlay r\u00e9v\u00e8le cette int\u00e9gration \u00e0 venir. \u00c0 la page 13, le droit \u00ab Application conversationnelle vocale CarPlay \u00bb est r\u00e9pertori\u00e9 avec une version iOS minimale d&rsquo;iOS 26.4. Bien qu&rsquo;elle ne mentionne pas sp\u00e9cifiquement les int\u00e9grations avec ChatGPT, Claude et Gemini, la documentation sugg\u00e8re que les applications conversationnelles vocales sont un type d&rsquo;application pris en charge dans iOS 26.4. En tant que tel, MacRumors rapporte que les entreprises qui cr\u00e9ent des chatbots (c&rsquo;est-\u00e0-dire OpenAI, Anthropic et Google) devront mettre \u00e0 jour leurs applications pour fonctionner avec CarPlay.<\/p>\n<p>Selon MacRumors, les conducteurs pourront poser des questions \u00e0 des applications telles que ChatGPT, Claude et Gemini lorsqu&rsquo;ils sont sur la route, mais ils ne pourront pas contr\u00f4ler les fonctions de la voiture ou de l&rsquo;iPhone du conducteur. Vous ne pourrez pas non plus utiliser un \u00ab mot d&rsquo;activation \u00bb pour activer l&rsquo;assistant (par exemple \u00ab Hey ChatGPT \u00bb ou \u00ab OK, Gemini \u00bb), vous devrez donc appuyer sur l&rsquo;application elle-m\u00eame pour parler \u00e0 l&rsquo;assistant. <\/p>\n<p>Apple fournit des conseils aux d\u00e9veloppeurs sur la mani\u00e8re d&rsquo;impl\u00e9menter ces assistants dans CarPlay \u00e0 partir de cette derni\u00e8re mise \u00e0 jour. \u00c0 la page sept, Apple note que les applications conversationnelles vocales ne doivent fonctionner que lorsque les fonctionnalit\u00e9s vocales sont activement utilis\u00e9es et \u00e9viter d&rsquo;afficher du texte ou des images lors de la r\u00e9ponse aux requ\u00eates. C&rsquo;est la premi\u00e8re fois qu&rsquo;Apple autorise les d\u00e9veloppeurs d&rsquo;applications \u00ab conversationnelles vocales \u00bb \u00e0 d\u00e9velopper pour CarPlay. Bien que la soci\u00e9t\u00e9 ait autoris\u00e9 d\u2019autres d\u00e9veloppeurs \u00e0 cr\u00e9er des applications pour son exp\u00e9rience embarqu\u00e9e, elle a \u00e9videmment impos\u00e9 des limites aux types d\u2019applications pouvant \u00eatre utilis\u00e9es. Il est logique que Google d\u00e9veloppe une application Google Maps CarPlay, mais TikTok n\u2019a aucune raison d\u2019offrir aux conducteurs une version CarPlay de son algorithme.<\/p>\n<h2 id=\"install-the-ios-264-at-your-own-risk\">Installez l&rsquo;iOS 26.4 \u00e0 vos propres risques<\/h2>\n<p>Cet ajout arrive sur iOS 26.4, mais probablement dans une future version b\u00eata. N&rsquo;installez pas la version b\u00eata pour le moment en esp\u00e9rant essayer cette fonctionnalit\u00e9. Cependant, vous devriez y r\u00e9fl\u00e9chir \u00e0 deux fois avant d&rsquo;installer la version b\u00eata. Les versions b\u00eata comme iOS 26.4 sont capricieuses, car Apple teste actuellement le logiciel pour d\u00e9tecter les bugs et les probl\u00e8mes de stabilit\u00e9. En l&rsquo;installant t\u00f4t, vous risquez de faire face \u00e0 ces probl\u00e8mes, ce qui pourrait avoir un impact sur la fa\u00e7on dont vous utilisez votre iPhone, voire entra\u00eener une perte de donn\u00e9es.<\/p>\n","protected":false},"excerpt":{"rendered":"<p>Lorsque Apple a publi\u00e9 la premi\u00e8re version b\u00eata d&rsquo;iOS 26.4 cette semaine, les testeurs se sont imm\u00e9diatement mis au travail \u00e0 la recherche de chaque<\/p>\n","protected":false},"author":1,"featured_media":12707,"comment_status":"","ping_status":"","sticky":false,"template":"","format":"standard","meta":{"footnotes":""},"categories":[1],"tags":[6658,54,7452,1177,8237,166,3183,21],"class_list":["post-12706","post","type-post","status-publish","format-standard","has-post-thumbnail","hentry","category-non-classe","tag-ajoute","tag-apple","tag-carplay","tag-chatgpt","tag-claude","tag-dans","tag-gemini","tag-ios","generate-columns","tablet-grid-50","mobile-grid-100","grid-parent","grid-33"],"yoast_head":"<!-- This site is optimized with the Yoast SEO plugin v24.0 - https:\/\/yoast.com\/wordpress\/plugins\/seo\/ -->\n<title>Apple ajoute ChatGPT, Claude et Gemini \u00e0 CarPlay dans iOS 26.4 | Vie Associative<\/title>\n<meta name=\"robots\" content=\"index, follow, max-snippet:-1, max-image-preview:large, max-video-preview:-1\" \/>\n<link rel=\"canonical\" href=\"https:\/\/vieassociative.be\/actualites\/apple-ajoute-chatgpt-claude-et-gemini-a-carplay-dans-ios-26-4\/\" \/>\n<meta property=\"og:locale\" content=\"fr_FR\" \/>\n<meta property=\"og:type\" content=\"article\" \/>\n<meta property=\"og:title\" content=\"Apple ajoute ChatGPT, Claude et Gemini \u00e0 CarPlay dans iOS 26.4 | Vie Associative\" \/>\n<meta property=\"og:description\" content=\"Lorsque Apple a publi\u00e9 la premi\u00e8re version b\u00eata d&rsquo;iOS 26.4 cette semaine, les testeurs se sont imm\u00e9diatement mis au travail \u00e0 la recherche de chaque\" \/>\n<meta property=\"og:url\" content=\"https:\/\/vieassociative.be\/actualites\/apple-ajoute-chatgpt-claude-et-gemini-a-carplay-dans-ios-26-4\/\" \/>\n<meta property=\"og:site_name\" content=\"Vie Associative\" \/>\n<meta property=\"article:published_time\" content=\"2026-02-19T09:17:45+00:00\" \/>\n<meta property=\"og:image\" content=\"https:\/\/vieassociative.be\/actualites\/wp-content\/uploads\/2024\/09\/header_backgroundk-01-e1726694325946.png\" \/>\n\t<meta property=\"og:image:width\" content=\"279\" \/>\n\t<meta property=\"og:image:height\" content=\"92\" \/>\n\t<meta property=\"og:image:type\" content=\"image\/png\" \/>\n<meta name=\"author\" content=\"Julien\" \/>\n<meta name=\"twitter:card\" content=\"summary_large_image\" \/>\n<meta name=\"twitter:label1\" content=\"\u00c9crit par\" \/>\n\t<meta name=\"twitter:data1\" content=\"Julien\" \/>\n\t<meta name=\"twitter:label2\" content=\"Dur\u00e9e de lecture est.\" \/>\n\t<meta name=\"twitter:data2\" content=\"3 minutes\" \/>\n<script type=\"application\/ld+json\" class=\"yoast-schema-graph\">{\"@context\":\"https:\/\/schema.org\",\"@graph\":[{\"@type\":\"Article\",\"@id\":\"https:\/\/vieassociative.be\/actualites\/apple-ajoute-chatgpt-claude-et-gemini-a-carplay-dans-ios-26-4\/#article\",\"isPartOf\":{\"@id\":\"https:\/\/vieassociative.be\/actualites\/apple-ajoute-chatgpt-claude-et-gemini-a-carplay-dans-ios-26-4\/\"},\"author\":{\"name\":\"Julien\",\"@id\":\"https:\/\/vieassociative.be\/actualites\/#\/schema\/person\/b87ac4f82f9d4e7b7cec7395b679edc4\"},\"headline\":\"Apple ajoute ChatGPT, Claude et Gemini \u00e0 CarPlay dans iOS 26.4\",\"datePublished\":\"2026-02-19T09:17:45+00:00\",\"dateModified\":\"2026-02-19T09:17:45+00:00\",\"mainEntityOfPage\":{\"@id\":\"https:\/\/vieassociative.be\/actualites\/apple-ajoute-chatgpt-claude-et-gemini-a-carplay-dans-ios-26-4\/\"},\"wordCount\":567,\"publisher\":{\"@id\":\"https:\/\/vieassociative.be\/actualites\/#organization\"},\"image\":{\"@id\":\"https:\/\/vieassociative.be\/actualites\/apple-ajoute-chatgpt-claude-et-gemini-a-carplay-dans-ios-26-4\/#primaryimage\"},\"thumbnailUrl\":\"https:\/\/vieassociative.be\/actualites\/wp-content\/uploads\/2026\/02\/Apple-ajoute-ChatGPT-Claude-et-Gemini-a-CarPlay-dans-iOS.jpg\",\"keywords\":[\"ajoute\",\"Apple\",\"carplay\",\"ChatGPT\",\"Claude\",\"dans\",\"Gemini\",\"iOS\"],\"inLanguage\":\"fr-BE\"},{\"@type\":\"WebPage\",\"@id\":\"https:\/\/vieassociative.be\/actualites\/apple-ajoute-chatgpt-claude-et-gemini-a-carplay-dans-ios-26-4\/\",\"url\":\"https:\/\/vieassociative.be\/actualites\/apple-ajoute-chatgpt-claude-et-gemini-a-carplay-dans-ios-26-4\/\",\"name\":\"Apple ajoute ChatGPT, Claude et Gemini \u00e0 CarPlay dans iOS 26.4 | Vie Associative\",\"isPartOf\":{\"@id\":\"https:\/\/vieassociative.be\/actualites\/#website\"},\"primaryImageOfPage\":{\"@id\":\"https:\/\/vieassociative.be\/actualites\/apple-ajoute-chatgpt-claude-et-gemini-a-carplay-dans-ios-26-4\/#primaryimage\"},\"image\":{\"@id\":\"https:\/\/vieassociative.be\/actualites\/apple-ajoute-chatgpt-claude-et-gemini-a-carplay-dans-ios-26-4\/#primaryimage\"},\"thumbnailUrl\":\"https:\/\/vieassociative.be\/actualites\/wp-content\/uploads\/2026\/02\/Apple-ajoute-ChatGPT-Claude-et-Gemini-a-CarPlay-dans-iOS.jpg\",\"datePublished\":\"2026-02-19T09:17:45+00:00\",\"dateModified\":\"2026-02-19T09:17:45+00:00\",\"breadcrumb\":{\"@id\":\"https:\/\/vieassociative.be\/actualites\/apple-ajoute-chatgpt-claude-et-gemini-a-carplay-dans-ios-26-4\/#breadcrumb\"},\"inLanguage\":\"fr-BE\",\"potentialAction\":[{\"@type\":\"ReadAction\",\"target\":[\"https:\/\/vieassociative.be\/actualites\/apple-ajoute-chatgpt-claude-et-gemini-a-carplay-dans-ios-26-4\/\"]}]},{\"@type\":\"ImageObject\",\"inLanguage\":\"fr-BE\",\"@id\":\"https:\/\/vieassociative.be\/actualites\/apple-ajoute-chatgpt-claude-et-gemini-a-carplay-dans-ios-26-4\/#primaryimage\",\"url\":\"https:\/\/vieassociative.be\/actualites\/wp-content\/uploads\/2026\/02\/Apple-ajoute-ChatGPT-Claude-et-Gemini-a-CarPlay-dans-iOS.jpg\",\"contentUrl\":\"https:\/\/vieassociative.be\/actualites\/wp-content\/uploads\/2026\/02\/Apple-ajoute-ChatGPT-Claude-et-Gemini-a-CarPlay-dans-iOS.jpg\",\"width\":1200,\"height\":675,\"caption\":\"Apple ajoute ChatGPT, Claude et Gemini \u00e0 CarPlay dans iOS 26.4\"},{\"@type\":\"BreadcrumbList\",\"@id\":\"https:\/\/vieassociative.be\/actualites\/apple-ajoute-chatgpt-claude-et-gemini-a-carplay-dans-ios-26-4\/#breadcrumb\",\"itemListElement\":[{\"@type\":\"ListItem\",\"position\":1,\"name\":\"Accueil\",\"item\":\"https:\/\/vieassociative.be\/actualites\/\"},{\"@type\":\"ListItem\",\"position\":2,\"name\":\"Apple ajoute ChatGPT, Claude et Gemini \u00e0 CarPlay dans iOS 26.4\"}]},{\"@type\":\"WebSite\",\"@id\":\"https:\/\/vieassociative.be\/actualites\/#website\",\"url\":\"https:\/\/vieassociative.be\/actualites\/\",\"name\":\"Vie Associative\",\"description\":\"\",\"publisher\":{\"@id\":\"https:\/\/vieassociative.be\/actualites\/#organization\"},\"potentialAction\":[{\"@type\":\"SearchAction\",\"target\":{\"@type\":\"EntryPoint\",\"urlTemplate\":\"https:\/\/vieassociative.be\/actualites\/?s={search_term_string}\"},\"query-input\":{\"@type\":\"PropertyValueSpecification\",\"valueRequired\":true,\"valueName\":\"search_term_string\"}}],\"inLanguage\":\"fr-BE\"},{\"@type\":\"Organization\",\"@id\":\"https:\/\/vieassociative.be\/actualites\/#organization\",\"name\":\"Vie Associative\",\"url\":\"https:\/\/vieassociative.be\/actualites\/\",\"logo\":{\"@type\":\"ImageObject\",\"inLanguage\":\"fr-BE\",\"@id\":\"https:\/\/vieassociative.be\/actualites\/#\/schema\/logo\/image\/\",\"url\":\"https:\/\/vieassociative.be\/actualites\/wp-content\/uploads\/2024\/09\/cropped-vieassociative_favicon.ico.png\",\"contentUrl\":\"https:\/\/vieassociative.be\/actualites\/wp-content\/uploads\/2024\/09\/cropped-vieassociative_favicon.ico.png\",\"width\":512,\"height\":512,\"caption\":\"Vie Associative\"},\"image\":{\"@id\":\"https:\/\/vieassociative.be\/actualites\/#\/schema\/logo\/image\/\"}},{\"@type\":\"Person\",\"@id\":\"https:\/\/vieassociative.be\/actualites\/#\/schema\/person\/b87ac4f82f9d4e7b7cec7395b679edc4\",\"name\":\"Julien\",\"image\":{\"@type\":\"ImageObject\",\"inLanguage\":\"fr-BE\",\"@id\":\"https:\/\/vieassociative.be\/actualites\/#\/schema\/person\/image\/\",\"url\":\"https:\/\/vieassociative.be\/actualites\/wp-content\/uploads\/2024\/09\/vie-associative-1-150x150.jpg\",\"contentUrl\":\"https:\/\/vieassociative.be\/actualites\/wp-content\/uploads\/2024\/09\/vie-associative-1-150x150.jpg\",\"caption\":\"Julien\"},\"description\":\"Je suis Julien, r\u00e9dacteur pour Vie Associative. Passionn\u00e9 par le monde associatif depuis plus de 10 ans, j'ai \u00e0 c\u0153ur de partager des histoires inspirantes et de mettre en lumi\u00e8re les initiatives locales. Mon objectif est de sensibiliser et d'encourager l'engagement communautaire \u00e0 travers mes articles.\",\"sameAs\":[\"https:\/\/vieassociative.be\/\"]}]}<\/script>\n<!-- \/ Yoast SEO plugin. -->","yoast_head_json":{"title":"Apple ajoute ChatGPT, Claude et Gemini \u00e0 CarPlay dans iOS 26.4 | Vie Associative","robots":{"index":"index","follow":"follow","max-snippet":"max-snippet:-1","max-image-preview":"max-image-preview:large","max-video-preview":"max-video-preview:-1"},"canonical":"https:\/\/vieassociative.be\/actualites\/apple-ajoute-chatgpt-claude-et-gemini-a-carplay-dans-ios-26-4\/","og_locale":"fr_FR","og_type":"article","og_title":"Apple ajoute ChatGPT, Claude et Gemini \u00e0 CarPlay dans iOS 26.4 | Vie Associative","og_description":"Lorsque Apple a publi\u00e9 la premi\u00e8re version b\u00eata d&rsquo;iOS 26.4 cette semaine, les testeurs se sont imm\u00e9diatement mis au travail \u00e0 la recherche de chaque","og_url":"https:\/\/vieassociative.be\/actualites\/apple-ajoute-chatgpt-claude-et-gemini-a-carplay-dans-ios-26-4\/","og_site_name":"Vie Associative","article_published_time":"2026-02-19T09:17:45+00:00","og_image":[{"width":279,"height":92,"url":"https:\/\/vieassociative.be\/actualites\/wp-content\/uploads\/2024\/09\/header_backgroundk-01-e1726694325946.png","type":"image\/png"}],"author":"Julien","twitter_card":"summary_large_image","twitter_misc":{"\u00c9crit par":"Julien","Dur\u00e9e de lecture est.":"3 minutes"},"schema":{"@context":"https:\/\/schema.org","@graph":[{"@type":"Article","@id":"https:\/\/vieassociative.be\/actualites\/apple-ajoute-chatgpt-claude-et-gemini-a-carplay-dans-ios-26-4\/#article","isPartOf":{"@id":"https:\/\/vieassociative.be\/actualites\/apple-ajoute-chatgpt-claude-et-gemini-a-carplay-dans-ios-26-4\/"},"author":{"name":"Julien","@id":"https:\/\/vieassociative.be\/actualites\/#\/schema\/person\/b87ac4f82f9d4e7b7cec7395b679edc4"},"headline":"Apple ajoute ChatGPT, Claude et Gemini \u00e0 CarPlay dans iOS 26.4","datePublished":"2026-02-19T09:17:45+00:00","dateModified":"2026-02-19T09:17:45+00:00","mainEntityOfPage":{"@id":"https:\/\/vieassociative.be\/actualites\/apple-ajoute-chatgpt-claude-et-gemini-a-carplay-dans-ios-26-4\/"},"wordCount":567,"publisher":{"@id":"https:\/\/vieassociative.be\/actualites\/#organization"},"image":{"@id":"https:\/\/vieassociative.be\/actualites\/apple-ajoute-chatgpt-claude-et-gemini-a-carplay-dans-ios-26-4\/#primaryimage"},"thumbnailUrl":"https:\/\/vieassociative.be\/actualites\/wp-content\/uploads\/2026\/02\/Apple-ajoute-ChatGPT-Claude-et-Gemini-a-CarPlay-dans-iOS.jpg","keywords":["ajoute","Apple","carplay","ChatGPT","Claude","dans","Gemini","iOS"],"inLanguage":"fr-BE"},{"@type":"WebPage","@id":"https:\/\/vieassociative.be\/actualites\/apple-ajoute-chatgpt-claude-et-gemini-a-carplay-dans-ios-26-4\/","url":"https:\/\/vieassociative.be\/actualites\/apple-ajoute-chatgpt-claude-et-gemini-a-carplay-dans-ios-26-4\/","name":"Apple ajoute ChatGPT, Claude et Gemini \u00e0 CarPlay dans iOS 26.4 | Vie Associative","isPartOf":{"@id":"https:\/\/vieassociative.be\/actualites\/#website"},"primaryImageOfPage":{"@id":"https:\/\/vieassociative.be\/actualites\/apple-ajoute-chatgpt-claude-et-gemini-a-carplay-dans-ios-26-4\/#primaryimage"},"image":{"@id":"https:\/\/vieassociative.be\/actualites\/apple-ajoute-chatgpt-claude-et-gemini-a-carplay-dans-ios-26-4\/#primaryimage"},"thumbnailUrl":"https:\/\/vieassociative.be\/actualites\/wp-content\/uploads\/2026\/02\/Apple-ajoute-ChatGPT-Claude-et-Gemini-a-CarPlay-dans-iOS.jpg","datePublished":"2026-02-19T09:17:45+00:00","dateModified":"2026-02-19T09:17:45+00:00","breadcrumb":{"@id":"https:\/\/vieassociative.be\/actualites\/apple-ajoute-chatgpt-claude-et-gemini-a-carplay-dans-ios-26-4\/#breadcrumb"},"inLanguage":"fr-BE","potentialAction":[{"@type":"ReadAction","target":["https:\/\/vieassociative.be\/actualites\/apple-ajoute-chatgpt-claude-et-gemini-a-carplay-dans-ios-26-4\/"]}]},{"@type":"ImageObject","inLanguage":"fr-BE","@id":"https:\/\/vieassociative.be\/actualites\/apple-ajoute-chatgpt-claude-et-gemini-a-carplay-dans-ios-26-4\/#primaryimage","url":"https:\/\/vieassociative.be\/actualites\/wp-content\/uploads\/2026\/02\/Apple-ajoute-ChatGPT-Claude-et-Gemini-a-CarPlay-dans-iOS.jpg","contentUrl":"https:\/\/vieassociative.be\/actualites\/wp-content\/uploads\/2026\/02\/Apple-ajoute-ChatGPT-Claude-et-Gemini-a-CarPlay-dans-iOS.jpg","width":1200,"height":675,"caption":"Apple ajoute ChatGPT, Claude et Gemini \u00e0 CarPlay dans iOS 26.4"},{"@type":"BreadcrumbList","@id":"https:\/\/vieassociative.be\/actualites\/apple-ajoute-chatgpt-claude-et-gemini-a-carplay-dans-ios-26-4\/#breadcrumb","itemListElement":[{"@type":"ListItem","position":1,"name":"Accueil","item":"https:\/\/vieassociative.be\/actualites\/"},{"@type":"ListItem","position":2,"name":"Apple ajoute ChatGPT, Claude et Gemini \u00e0 CarPlay dans iOS 26.4"}]},{"@type":"WebSite","@id":"https:\/\/vieassociative.be\/actualites\/#website","url":"https:\/\/vieassociative.be\/actualites\/","name":"Vie Associative","description":"","publisher":{"@id":"https:\/\/vieassociative.be\/actualites\/#organization"},"potentialAction":[{"@type":"SearchAction","target":{"@type":"EntryPoint","urlTemplate":"https:\/\/vieassociative.be\/actualites\/?s={search_term_string}"},"query-input":{"@type":"PropertyValueSpecification","valueRequired":true,"valueName":"search_term_string"}}],"inLanguage":"fr-BE"},{"@type":"Organization","@id":"https:\/\/vieassociative.be\/actualites\/#organization","name":"Vie Associative","url":"https:\/\/vieassociative.be\/actualites\/","logo":{"@type":"ImageObject","inLanguage":"fr-BE","@id":"https:\/\/vieassociative.be\/actualites\/#\/schema\/logo\/image\/","url":"https:\/\/vieassociative.be\/actualites\/wp-content\/uploads\/2024\/09\/cropped-vieassociative_favicon.ico.png","contentUrl":"https:\/\/vieassociative.be\/actualites\/wp-content\/uploads\/2024\/09\/cropped-vieassociative_favicon.ico.png","width":512,"height":512,"caption":"Vie Associative"},"image":{"@id":"https:\/\/vieassociative.be\/actualites\/#\/schema\/logo\/image\/"}},{"@type":"Person","@id":"https:\/\/vieassociative.be\/actualites\/#\/schema\/person\/b87ac4f82f9d4e7b7cec7395b679edc4","name":"Julien","image":{"@type":"ImageObject","inLanguage":"fr-BE","@id":"https:\/\/vieassociative.be\/actualites\/#\/schema\/person\/image\/","url":"https:\/\/vieassociative.be\/actualites\/wp-content\/uploads\/2024\/09\/vie-associative-1-150x150.jpg","contentUrl":"https:\/\/vieassociative.be\/actualites\/wp-content\/uploads\/2024\/09\/vie-associative-1-150x150.jpg","caption":"Julien"},"description":"Je suis Julien, r\u00e9dacteur pour Vie Associative. Passionn\u00e9 par le monde associatif depuis plus de 10 ans, j'ai \u00e0 c\u0153ur de partager des histoires inspirantes et de mettre en lumi\u00e8re les initiatives locales. Mon objectif est de sensibiliser et d'encourager l'engagement communautaire \u00e0 travers mes articles.","sameAs":["https:\/\/vieassociative.be\/"]}]}},"_links":{"self":[{"href":"https:\/\/vieassociative.be\/actualites\/wp-json\/wp\/v2\/posts\/12706"}],"collection":[{"href":"https:\/\/vieassociative.be\/actualites\/wp-json\/wp\/v2\/posts"}],"about":[{"href":"https:\/\/vieassociative.be\/actualites\/wp-json\/wp\/v2\/types\/post"}],"author":[{"embeddable":true,"href":"https:\/\/vieassociative.be\/actualites\/wp-json\/wp\/v2\/users\/1"}],"replies":[{"embeddable":true,"href":"https:\/\/vieassociative.be\/actualites\/wp-json\/wp\/v2\/comments?post=12706"}],"version-history":[{"count":0,"href":"https:\/\/vieassociative.be\/actualites\/wp-json\/wp\/v2\/posts\/12706\/revisions"}],"wp:featuredmedia":[{"embeddable":true,"href":"https:\/\/vieassociative.be\/actualites\/wp-json\/wp\/v2\/media\/12707"}],"wp:attachment":[{"href":"https:\/\/vieassociative.be\/actualites\/wp-json\/wp\/v2\/media?parent=12706"}],"wp:term":[{"taxonomy":"category","embeddable":true,"href":"https:\/\/vieassociative.be\/actualites\/wp-json\/wp\/v2\/categories?post=12706"},{"taxonomy":"post_tag","embeddable":true,"href":"https:\/\/vieassociative.be\/actualites\/wp-json\/wp\/v2\/tags?post=12706"}],"curies":[{"name":"wp","href":"https:\/\/api.w.org\/{rel}","templated":true}]}}