{"id":12704,"date":"2026-02-19T05:17:27","date_gmt":"2026-02-19T04:17:27","guid":{"rendered":"https:\/\/vieassociative.be\/actualites\/polemique-sur-le-racisme-autour-de-vinicius-junior-real-honte-au-football-une-punition-severe-est-exigee\/"},"modified":"2026-02-19T05:17:27","modified_gmt":"2026-02-19T04:17:27","slug":"polemique-sur-le-racisme-autour-de-vinicius-junior-real-honte-au-football-une-punition-severe-est-exigee","status":"publish","type":"post","link":"https:\/\/vieassociative.be\/actualites\/polemique-sur-le-racisme-autour-de-vinicius-junior-real-honte-au-football-une-punition-severe-est-exigee\/","title":{"rendered":"Pol\u00e9mique sur le racisme autour de Vin\u00edcius Junior (Real) : \u00ab Honte au football \u00bb \u2013 une punition s\u00e9v\u00e8re est exig\u00e9e"},"content":{"rendered":"<p><strong>La vraie star Vin\u00edcius Junior n&rsquo;a pu \u00eatre calm\u00e9e ni par l&rsquo;entra\u00eeneur de Benfica Jos\u00e9 Mourinho ni par son co\u00e9quipier Kylian Mbapp\u00e9. Le buteur vainqueur de la victoire 1-0 de Madrid \u00e0 Lisbonne a d\u00e9nonc\u00e9 avec col\u00e8re avoir \u00e9t\u00e9 insult\u00e9 \u00e0 caract\u00e8re raciste par le professionnel du Benfica, Gianluca Prestianni.<\/strong><\/p>\n<p><span id=\"more-437008\"><\/span>L&rsquo;incident survenu lors du match aller des \u00e9liminatoires de la Ligue des champions continuera de pr\u00e9occuper l&rsquo;Union europ\u00e9enne de football, l&rsquo;UEFA. \u00ab\u00a0Les racistes sont avant tout des l\u00e2ches. Ils doivent se mettre le maillot dans la bouche pour d\u00e9montrer leur faiblesse\u00a0\u00bb, a accus\u00e9 Vin\u00edcius Junior sur Instagram. L&rsquo;ancien footballeur mondial a d\u00e9clar\u00e9 qu&rsquo;il n&rsquo;aimait pas se retrouver dans de telles situations.<\/p>\n<p>\u00ab\u00a0Surtout pas apr\u00e8s une belle victoire, et alors que les gros titres devraient \u00eatre le Real Madrid, mais c&rsquo;\u00e9tait n\u00e9cessaire\u00a0\u00bb, a expliqu\u00e9 Vin\u00edcius Junior.<\/p>\n<div id=\"attachment_437014\" class=\"wp-caption alignleft\" style=\"max-width: 300px\"><img fetchpriority=\"high\" decoding=\"async\" class=\"wp-image-437014 size-medium\" src=\"https:\/\/vieassociative.be\/actualites\/wp-content\/uploads\/2026\/02\/Polemique-sur-le-racisme-autour-de-Vinicius-Junior-Real.jpg\" alt=\"\" width=\"300\" height=\"200\"><\/div>\n<p><strong>\u2013 Jersey cache des mots :<\/strong> Une semaine avant le match retour au stade Bernab\u00e9u, la valeur sportive du succ\u00e8s gr\u00e2ce au but fantastique du Br\u00e9silien a \u00e9t\u00e9 rel\u00e9gu\u00e9e au second plan face aux accusations de racisme.<\/p>\n<p>Apr\u00e8s que Vini Jr. ait c\u00e9l\u00e9br\u00e9 son but avec une danse au drapeau de corner peu apr\u00e8s la mi-temps, certaines personnes ont perdu leur sang-froid. Le professionnel argentin du Benfica, Prestianni, a mis son maillot sur sa bouche avant une dispute verbale : y a-t-il eu des insultes racistes ?<\/p>\n<p>\u00ab\u00a0Si vous vous couvrez la bouche avec votre chemise en parlant, vous voulez \u00e9videmment dire quelque chose de vraiment laid\u00a0\u00bb, a d\u00e9clar\u00e9 la star du Real Federico Valverde. \u00ab\u00a0Il a dit un mot que vous ne devriez jamais utiliser. Ce qu&rsquo;il a dit \u00e9tait path\u00e9tique. C&rsquo;est vraiment tr\u00e8s mauvais.\u00a0\u00bb Selon plusieurs m\u00e9dias et joueurs du Real Madrid, Vin\u00edcius Junior a d\u00e9clar\u00e9 que le mot \u00ab\u00a0mono\u00a0\u00bb avait \u00e9t\u00e9 mentionn\u00e9 &#8211; un terme espagnol pour singe.<\/p>\n<p><strong>\u2013 L\u2019accus\u00e9 nie l\u2019insulte raciste :<\/strong> Prestianni a ni\u00e9 avoir utilis\u00e9 une insulte raciste. \u00ab\u00a0Je tiens \u00e0 pr\u00e9ciser qu&rsquo;\u00e0 aucun moment je n&rsquo;ai adress\u00e9 d&rsquo;insultes racistes \u00e0 Vin\u00edcius Junior, qui a malheureusement mal interpr\u00e9t\u00e9 ce qu&rsquo;il pensait entendre\u00a0\u00bb, a expliqu\u00e9 le jeune homme de 20 ans sur Instagram. Il n&rsquo;a jamais \u00e9t\u00e9 raciste envers qui que ce soit et a regrett\u00e9 que les joueurs du Real l&rsquo;aient menac\u00e9.<\/p>\n<p>L&rsquo;arbitre fran\u00e7ais Fran\u00e7ois Letexier a interrompu le match mardi soir \u00e0 l&rsquo;Est\u00e1dio da Luz pendant plusieurs minutes suite \u00e0 la plainte de Vin\u00edcius Junior. Les bras crois\u00e9s, il a indiqu\u00e9 que le protocole antiraciste de l&rsquo;UEFA \u00e9tait en cours d&rsquo;adoption. L&rsquo;UEFA enqu\u00eate sur l&rsquo;incident. Une d\u00e9cision sera alors prise concernant d&rsquo;\u00e9ventuelles mesures disciplinaires.<\/p>\n<div id=\"attachment_437015\" class=\"wp-caption alignnone\" style=\"max-width: 300px\"><img decoding=\"async\" class=\"size-medium wp-image-437015\" src=\"https:\/\/vieassociative.be\/actualites\/wp-content\/uploads\/2026\/02\/1771474647_996_Polemique-sur-le-racisme-autour-de-Vinicius-Junior-Real.jpg\" alt=\"\" width=\"300\" height=\"200\"><\/div>\n<p>Ind\u00e9pendamment des enqu\u00eates en cours, le pr\u00e9sident de la FIFA, Gianni Infantino, \u00e9tait d\u00e9j\u00e0 \u00ab choqu\u00e9 et triste \u00bb, comme l&rsquo;a \u00e9crit le pr\u00e9sident de la F\u00e9d\u00e9ration mondiale de football sur Instagram : \u00ab Il n&rsquo;y a absolument aucune place pour le racisme dans notre sport et dans la soci\u00e9t\u00e9. \u00bb Des mesures doivent \u00eatre prises pour demander des comptes aux responsables, a exig\u00e9 Infantino.<\/p>\n<p><strong>\u2013 Mbapp\u00e9 r\u00e9clame une punition s\u00e9v\u00e8re :<\/strong> \u00ab\u00a0Maintenant, ils ont un cas s\u00e9rieux et j&rsquo;esp\u00e8re qu&rsquo;ils feront quelque chose\u00a0\u00bb, a d\u00e9clar\u00e9 Mbapp\u00e9. #Nous ne pouvons pas accepter qu&rsquo;un joueur \u00e9voluant dans la premi\u00e8re comp\u00e9tition europ\u00e9enne se comporte ainsi. Ce gars ne m\u00e9rite plus de jouer la Ligue des champions, mais nous verrons ce qui se passera. Le d\u00e9fenseur Trent Alexander-Arnold a qualifi\u00e9 les insultes pr\u00e9sum\u00e9es de \u00ab honte pour le football \u00bb.<\/p>\n<p>Vin\u00edcius Junior a \u00e9t\u00e9 victime d&rsquo;insultes racistes \u00e0 plusieurs reprises tout au long de sa carri\u00e8re. Selon Mourinho, le joueur de 25 ans a \u00e9galement un r\u00f4le \u00e0 jouer dans le fait qu&rsquo;il soit si souvent au centre de l&rsquo;hostilit\u00e9. \u00ab\u00a0Je lui ai dit que si tu marquais un but comme celui-l\u00e0, c\u00e9l\u00e9brais et revenais\u00a0\u00bb, a d\u00e9clar\u00e9 l&rsquo;ancien entra\u00eeneur du Real. Le Portugais a d\u00e9fendu Benfica contre les soup\u00e7ons de racisme et a d\u00e9clar\u00e9 qu&rsquo;il rappelait \u00e0 Vin\u00edcius Junior le l\u00e9gendaire buteur Eusebio : \u00ab\u00a0La plus grande personne de l&rsquo;histoire de ce club \u00e9tait noire.\u00a0\u00bb<\/p>\n<div id=\"attachment_437017\" class=\"wp-caption alignleft\" style=\"max-width: 300px\"><img decoding=\"async\" class=\"wp-image-437017 size-medium\" src=\"https:\/\/vieassociative.be\/actualites\/wp-content\/uploads\/2026\/02\/1771474647_959_Polemique-sur-le-racisme-autour-de-Vinicius-Junior-Real.jpg\" alt=\"\" width=\"300\" height=\"200\"  ><\/div>\n<p><strong>\u2013 Il y a toujours du bruit \u00e0 propos de Vin\u00edcius Junior :<\/strong> Vin\u00edcius polarise avec ses performances. En Espagne, il est insult\u00e9 et insult\u00e9 \u00e0 plusieurs reprises dans les stades. L&rsquo;ann\u00e9e derni\u00e8re, plusieurs fans ont \u00e9t\u00e9 reconnus coupables d&rsquo;insultes racistes \u00e0 l&rsquo;\u00e9gard de la star offensive, et ont notamment \u00e9t\u00e9 condamn\u00e9s \u00e0 des peines de prison avec sursis. Certains auraient accroch\u00e9 une poup\u00e9e gonflable marron avec un maillot de Vin\u00edcius sur un pont, tandis que d&rsquo;autres auraient insult\u00e9 le professionnel des Blancos lors d&rsquo;un match de championnat.<\/p>\n<p>Ces verdicts constituent une \u00ab \u00e9tape importante \u00bb, selon la ligue professionnelle espagnole, car il s\u2019agit de la premi\u00e8re condamnation en Espagne \u00ab qualifiant les insultes racistes dans les stades de crime de haine \u00bb.<\/p>\n<p>Le soutien de Vin\u00edcius Junior ne provenait pas uniquement de ses co\u00e9quipiers et de ses entra\u00eeneurs. Le champion du monde britannique de Formule 1, Lewis Hamilton, a \u00e9galement pris la parole et a \u00e9crit sur Instagram : \u00ab Nous sommes avec vous, Vini Jr. \u00bb (dpa)<\/p>\n<p><em><strong>Sur le sujet, voir aussi l&rsquo;article suivant sur l&rsquo;OD :<\/strong><\/em><\/p>\n<div class=\"responsive-embed widescreen\">\n<blockquote class=\"wp-embedded-content\" data-secret=\"lfFf751okp\">\n<p>Le FC Bruges veut prouver aujourd&rsquo;hui contre l&rsquo;Atl\u00e9tico Madrid qu&rsquo;il n&rsquo;a peur de personne au stade Jan Breydel<\/p>\n<\/blockquote>\n<p><iframe loading=\"lazy\" class=\"wp-embedded-content\" sandbox=\"allow-scripts\" security=\"restricted\" style=\"position: absolute; visibility: hidden;\" title=\"\u201eDer FC Br\u00fcgge will heute gegen Atl\u00e9tico Madrid beweisen, dass er sich im Jan-Breydel-Stadion vor niemandem f\u00fcrchten muss\u201c \u2013 Ostbelgien Direkt\" src=\"https:\/\/ostbelgiendirekt.be\/about:blank\" data-secret=\"lfFf751okp\" width=\"500\" height=\"282\" frameborder=\"0\" marginwidth=\"0\" marginheight=\"0\" scrolling=\"no\" data-rocket-lazyload=\"fitvidscompatible\" data-lazy-src=\"https:\/\/ostbelgiendirekt.be\/fc-bruegge-gegen-atletico-2026-436978\/embed#?secret=5FAUfEJQPV#?secret=lfFf751okp\"><\/iframe><noscript><iframe class=\"wp-embedded-content\" sandbox=\"allow-scripts\" security=\"restricted\" style=\"position: absolute; visibility: hidden;\" title=\"\u201eDer FC Br\u00fcgge will heute gegen Atl\u00e9tico Madrid beweisen, dass er sich im Jan-Breydel-Stadion vor niemandem f\u00fcrchten muss\u201c \u2013 Ostbelgien Direkt\" src=\"https:\/\/ostbelgiendirekt.be\/fc-bruegge-gegen-atletico-2026-436978\/embed#?secret=5FAUfEJQPV#?secret=lfFf751okp\" data-secret=\"lfFf751okp\" width=\"500\" height=\"282\" frameborder=\"0\" marginwidth=\"0\" marginheight=\"0\" scrolling=\"no\"><\/iframe><\/noscript><\/p>\n<\/div>\n","protected":false},"excerpt":{"rendered":"<p>La vraie star Vin\u00edcius Junior n&rsquo;a pu \u00eatre calm\u00e9e ni par l&rsquo;entra\u00eeneur de Benfica Jos\u00e9 Mourinho ni par son co\u00e9quipier Kylian Mbapp\u00e9. Le buteur vainqueur<\/p>\n","protected":false},"author":1,"featured_media":12705,"comment_status":"","ping_status":"","sticky":false,"template":"","format":"standard","meta":{"footnotes":""},"categories":[298],"tags":[618,76,6694,1104,1975,4078,9572,4671,5926,369,10062,33,110,4077],"class_list":["post-12704","post","type-post","status-publish","format-standard","has-post-thumbnail","hentry","category-belgique","tag-autour","tag-est","tag-exigee","tag-football","tag-honte","tag-junior","tag-polemique","tag-punition","tag-racisme","tag-real","tag-severe","tag-sur","tag-une","tag-vinicius","generate-columns","tablet-grid-50","mobile-grid-100","grid-parent","grid-33"],"yoast_head":"<!-- This site is optimized with the Yoast SEO plugin v24.0 - https:\/\/yoast.com\/wordpress\/plugins\/seo\/ -->\n<title>Pol\u00e9mique sur le racisme autour de Vin\u00edcius Junior (Real) : \u00ab Honte au football \u00bb \u2013 une punition s\u00e9v\u00e8re est exig\u00e9e | Vie Associative<\/title>\n<meta name=\"robots\" content=\"index, follow, max-snippet:-1, max-image-preview:large, max-video-preview:-1\" \/>\n<link rel=\"canonical\" href=\"https:\/\/vieassociative.be\/actualites\/polemique-sur-le-racisme-autour-de-vinicius-junior-real-honte-au-football-une-punition-severe-est-exigee\/\" \/>\n<meta property=\"og:locale\" content=\"fr_FR\" \/>\n<meta property=\"og:type\" content=\"article\" \/>\n<meta property=\"og:title\" content=\"Pol\u00e9mique sur le racisme autour de Vin\u00edcius Junior (Real) : \u00ab Honte au football \u00bb \u2013 une punition s\u00e9v\u00e8re est exig\u00e9e | Vie Associative\" \/>\n<meta property=\"og:description\" content=\"La vraie star Vin\u00edcius Junior n&rsquo;a pu \u00eatre calm\u00e9e ni par l&rsquo;entra\u00eeneur de Benfica Jos\u00e9 Mourinho ni par son co\u00e9quipier Kylian Mbapp\u00e9. Le buteur vainqueur\" \/>\n<meta property=\"og:url\" content=\"https:\/\/vieassociative.be\/actualites\/polemique-sur-le-racisme-autour-de-vinicius-junior-real-honte-au-football-une-punition-severe-est-exigee\/\" \/>\n<meta property=\"og:site_name\" content=\"Vie Associative\" \/>\n<meta property=\"article:published_time\" content=\"2026-02-19T04:17:27+00:00\" \/>\n<meta property=\"og:image\" content=\"https:\/\/vieassociative.be\/actualites\/wp-content\/uploads\/2024\/09\/header_backgroundk-01-e1726694325946.png\" \/>\n\t<meta property=\"og:image:width\" content=\"279\" \/>\n\t<meta property=\"og:image:height\" content=\"92\" \/>\n\t<meta property=\"og:image:type\" content=\"image\/png\" \/>\n<meta name=\"author\" content=\"Julien\" \/>\n<meta name=\"twitter:card\" content=\"summary_large_image\" \/>\n<meta name=\"twitter:label1\" content=\"\u00c9crit par\" \/>\n\t<meta name=\"twitter:data1\" content=\"Julien\" \/>\n\t<meta name=\"twitter:label2\" content=\"Dur\u00e9e de lecture est.\" \/>\n\t<meta name=\"twitter:data2\" content=\"4 minutes\" \/>\n<script type=\"application\/ld+json\" class=\"yoast-schema-graph\">{\"@context\":\"https:\/\/schema.org\",\"@graph\":[{\"@type\":\"Article\",\"@id\":\"https:\/\/vieassociative.be\/actualites\/polemique-sur-le-racisme-autour-de-vinicius-junior-real-honte-au-football-une-punition-severe-est-exigee\/#article\",\"isPartOf\":{\"@id\":\"https:\/\/vieassociative.be\/actualites\/polemique-sur-le-racisme-autour-de-vinicius-junior-real-honte-au-football-une-punition-severe-est-exigee\/\"},\"author\":{\"name\":\"Julien\",\"@id\":\"https:\/\/vieassociative.be\/actualites\/#\/schema\/person\/b87ac4f82f9d4e7b7cec7395b679edc4\"},\"headline\":\"Pol\u00e9mique sur le racisme autour de Vin\u00edcius Junior (Real) : \u00ab Honte au football \u00bb \u2013 une punition s\u00e9v\u00e8re est exig\u00e9e\",\"datePublished\":\"2026-02-19T04:17:27+00:00\",\"dateModified\":\"2026-02-19T04:17:27+00:00\",\"mainEntityOfPage\":{\"@id\":\"https:\/\/vieassociative.be\/actualites\/polemique-sur-le-racisme-autour-de-vinicius-junior-real-honte-au-football-une-punition-severe-est-exigee\/\"},\"wordCount\":961,\"publisher\":{\"@id\":\"https:\/\/vieassociative.be\/actualites\/#organization\"},\"image\":{\"@id\":\"https:\/\/vieassociative.be\/actualites\/polemique-sur-le-racisme-autour-de-vinicius-junior-real-honte-au-football-une-punition-severe-est-exigee\/#primaryimage\"},\"thumbnailUrl\":\"https:\/\/vieassociative.be\/actualites\/wp-content\/uploads\/2026\/02\/1771474648_Polemique-sur-le-racisme-autour-de-Vinicius-Junior-Real.jpg\",\"keywords\":[\"Autour\",\"est\",\"exig\u00e9e\",\"football\",\"honte\",\"J\u00fanior\",\"pol\u00e9mique\",\"punition\",\"racisme\",\"Real\",\"s\u00e9v\u00e8re\",\"sur\",\"une\",\"Vin\u00edcius\"],\"articleSection\":[\"Belgique\"],\"inLanguage\":\"fr-BE\"},{\"@type\":\"WebPage\",\"@id\":\"https:\/\/vieassociative.be\/actualites\/polemique-sur-le-racisme-autour-de-vinicius-junior-real-honte-au-football-une-punition-severe-est-exigee\/\",\"url\":\"https:\/\/vieassociative.be\/actualites\/polemique-sur-le-racisme-autour-de-vinicius-junior-real-honte-au-football-une-punition-severe-est-exigee\/\",\"name\":\"Pol\u00e9mique sur le racisme autour de Vin\u00edcius Junior (Real) : \u00ab Honte au football \u00bb \u2013 une punition s\u00e9v\u00e8re est exig\u00e9e | Vie Associative\",\"isPartOf\":{\"@id\":\"https:\/\/vieassociative.be\/actualites\/#website\"},\"primaryImageOfPage\":{\"@id\":\"https:\/\/vieassociative.be\/actualites\/polemique-sur-le-racisme-autour-de-vinicius-junior-real-honte-au-football-une-punition-severe-est-exigee\/#primaryimage\"},\"image\":{\"@id\":\"https:\/\/vieassociative.be\/actualites\/polemique-sur-le-racisme-autour-de-vinicius-junior-real-honte-au-football-une-punition-severe-est-exigee\/#primaryimage\"},\"thumbnailUrl\":\"https:\/\/vieassociative.be\/actualites\/wp-content\/uploads\/2026\/02\/1771474648_Polemique-sur-le-racisme-autour-de-Vinicius-Junior-Real.jpg\",\"datePublished\":\"2026-02-19T04:17:27+00:00\",\"dateModified\":\"2026-02-19T04:17:27+00:00\",\"breadcrumb\":{\"@id\":\"https:\/\/vieassociative.be\/actualites\/polemique-sur-le-racisme-autour-de-vinicius-junior-real-honte-au-football-une-punition-severe-est-exigee\/#breadcrumb\"},\"inLanguage\":\"fr-BE\",\"potentialAction\":[{\"@type\":\"ReadAction\",\"target\":[\"https:\/\/vieassociative.be\/actualites\/polemique-sur-le-racisme-autour-de-vinicius-junior-real-honte-au-football-une-punition-severe-est-exigee\/\"]}]},{\"@type\":\"ImageObject\",\"inLanguage\":\"fr-BE\",\"@id\":\"https:\/\/vieassociative.be\/actualites\/polemique-sur-le-racisme-autour-de-vinicius-junior-real-honte-au-football-une-punition-severe-est-exigee\/#primaryimage\",\"url\":\"https:\/\/vieassociative.be\/actualites\/wp-content\/uploads\/2026\/02\/1771474648_Polemique-sur-le-racisme-autour-de-Vinicius-Junior-Real.jpg\",\"contentUrl\":\"https:\/\/vieassociative.be\/actualites\/wp-content\/uploads\/2026\/02\/1771474648_Polemique-sur-le-racisme-autour-de-Vinicius-Junior-Real.jpg\",\"width\":1200,\"height\":800,\"caption\":\"Pol\u00e9mique sur le racisme autour de Vin\u00edcius Junior (Real) : \u00ab Honte au football \u00bb \u2013 une punition s\u00e9v\u00e8re est exig\u00e9e\"},{\"@type\":\"BreadcrumbList\",\"@id\":\"https:\/\/vieassociative.be\/actualites\/polemique-sur-le-racisme-autour-de-vinicius-junior-real-honte-au-football-une-punition-severe-est-exigee\/#breadcrumb\",\"itemListElement\":[{\"@type\":\"ListItem\",\"position\":1,\"name\":\"Accueil\",\"item\":\"https:\/\/vieassociative.be\/actualites\/\"},{\"@type\":\"ListItem\",\"position\":2,\"name\":\"Pol\u00e9mique sur le racisme autour de Vin\u00edcius Junior (Real) : \u00ab Honte au football \u00bb \u2013 une punition s\u00e9v\u00e8re est exig\u00e9e\"}]},{\"@type\":\"WebSite\",\"@id\":\"https:\/\/vieassociative.be\/actualites\/#website\",\"url\":\"https:\/\/vieassociative.be\/actualites\/\",\"name\":\"Vie Associative\",\"description\":\"\",\"publisher\":{\"@id\":\"https:\/\/vieassociative.be\/actualites\/#organization\"},\"potentialAction\":[{\"@type\":\"SearchAction\",\"target\":{\"@type\":\"EntryPoint\",\"urlTemplate\":\"https:\/\/vieassociative.be\/actualites\/?s={search_term_string}\"},\"query-input\":{\"@type\":\"PropertyValueSpecification\",\"valueRequired\":true,\"valueName\":\"search_term_string\"}}],\"inLanguage\":\"fr-BE\"},{\"@type\":\"Organization\",\"@id\":\"https:\/\/vieassociative.be\/actualites\/#organization\",\"name\":\"Vie Associative\",\"url\":\"https:\/\/vieassociative.be\/actualites\/\",\"logo\":{\"@type\":\"ImageObject\",\"inLanguage\":\"fr-BE\",\"@id\":\"https:\/\/vieassociative.be\/actualites\/#\/schema\/logo\/image\/\",\"url\":\"https:\/\/vieassociative.be\/actualites\/wp-content\/uploads\/2024\/09\/cropped-vieassociative_favicon.ico.png\",\"contentUrl\":\"https:\/\/vieassociative.be\/actualites\/wp-content\/uploads\/2024\/09\/cropped-vieassociative_favicon.ico.png\",\"width\":512,\"height\":512,\"caption\":\"Vie Associative\"},\"image\":{\"@id\":\"https:\/\/vieassociative.be\/actualites\/#\/schema\/logo\/image\/\"}},{\"@type\":\"Person\",\"@id\":\"https:\/\/vieassociative.be\/actualites\/#\/schema\/person\/b87ac4f82f9d4e7b7cec7395b679edc4\",\"name\":\"Julien\",\"image\":{\"@type\":\"ImageObject\",\"inLanguage\":\"fr-BE\",\"@id\":\"https:\/\/vieassociative.be\/actualites\/#\/schema\/person\/image\/\",\"url\":\"https:\/\/vieassociative.be\/actualites\/wp-content\/uploads\/2024\/09\/vie-associative-1-150x150.jpg\",\"contentUrl\":\"https:\/\/vieassociative.be\/actualites\/wp-content\/uploads\/2024\/09\/vie-associative-1-150x150.jpg\",\"caption\":\"Julien\"},\"description\":\"Je suis Julien, r\u00e9dacteur pour Vie Associative. Passionn\u00e9 par le monde associatif depuis plus de 10 ans, j'ai \u00e0 c\u0153ur de partager des histoires inspirantes et de mettre en lumi\u00e8re les initiatives locales. Mon objectif est de sensibiliser et d'encourager l'engagement communautaire \u00e0 travers mes articles.\",\"sameAs\":[\"https:\/\/vieassociative.be\/\"]}]}<\/script>\n<!-- \/ Yoast SEO plugin. -->","yoast_head_json":{"title":"Pol\u00e9mique sur le racisme autour de Vin\u00edcius Junior (Real) : \u00ab Honte au football \u00bb \u2013 une punition s\u00e9v\u00e8re est exig\u00e9e | Vie Associative","robots":{"index":"index","follow":"follow","max-snippet":"max-snippet:-1","max-image-preview":"max-image-preview:large","max-video-preview":"max-video-preview:-1"},"canonical":"https:\/\/vieassociative.be\/actualites\/polemique-sur-le-racisme-autour-de-vinicius-junior-real-honte-au-football-une-punition-severe-est-exigee\/","og_locale":"fr_FR","og_type":"article","og_title":"Pol\u00e9mique sur le racisme autour de Vin\u00edcius Junior (Real) : \u00ab Honte au football \u00bb \u2013 une punition s\u00e9v\u00e8re est exig\u00e9e | Vie Associative","og_description":"La vraie star Vin\u00edcius Junior n&rsquo;a pu \u00eatre calm\u00e9e ni par l&rsquo;entra\u00eeneur de Benfica Jos\u00e9 Mourinho ni par son co\u00e9quipier Kylian Mbapp\u00e9. Le buteur vainqueur","og_url":"https:\/\/vieassociative.be\/actualites\/polemique-sur-le-racisme-autour-de-vinicius-junior-real-honte-au-football-une-punition-severe-est-exigee\/","og_site_name":"Vie Associative","article_published_time":"2026-02-19T04:17:27+00:00","og_image":[{"width":279,"height":92,"url":"https:\/\/vieassociative.be\/actualites\/wp-content\/uploads\/2024\/09\/header_backgroundk-01-e1726694325946.png","type":"image\/png"}],"author":"Julien","twitter_card":"summary_large_image","twitter_misc":{"\u00c9crit par":"Julien","Dur\u00e9e de lecture est.":"4 minutes"},"schema":{"@context":"https:\/\/schema.org","@graph":[{"@type":"Article","@id":"https:\/\/vieassociative.be\/actualites\/polemique-sur-le-racisme-autour-de-vinicius-junior-real-honte-au-football-une-punition-severe-est-exigee\/#article","isPartOf":{"@id":"https:\/\/vieassociative.be\/actualites\/polemique-sur-le-racisme-autour-de-vinicius-junior-real-honte-au-football-une-punition-severe-est-exigee\/"},"author":{"name":"Julien","@id":"https:\/\/vieassociative.be\/actualites\/#\/schema\/person\/b87ac4f82f9d4e7b7cec7395b679edc4"},"headline":"Pol\u00e9mique sur le racisme autour de Vin\u00edcius Junior (Real) : \u00ab Honte au football \u00bb \u2013 une punition s\u00e9v\u00e8re est exig\u00e9e","datePublished":"2026-02-19T04:17:27+00:00","dateModified":"2026-02-19T04:17:27+00:00","mainEntityOfPage":{"@id":"https:\/\/vieassociative.be\/actualites\/polemique-sur-le-racisme-autour-de-vinicius-junior-real-honte-au-football-une-punition-severe-est-exigee\/"},"wordCount":961,"publisher":{"@id":"https:\/\/vieassociative.be\/actualites\/#organization"},"image":{"@id":"https:\/\/vieassociative.be\/actualites\/polemique-sur-le-racisme-autour-de-vinicius-junior-real-honte-au-football-une-punition-severe-est-exigee\/#primaryimage"},"thumbnailUrl":"https:\/\/vieassociative.be\/actualites\/wp-content\/uploads\/2026\/02\/1771474648_Polemique-sur-le-racisme-autour-de-Vinicius-Junior-Real.jpg","keywords":["Autour","est","exig\u00e9e","football","honte","J\u00fanior","pol\u00e9mique","punition","racisme","Real","s\u00e9v\u00e8re","sur","une","Vin\u00edcius"],"articleSection":["Belgique"],"inLanguage":"fr-BE"},{"@type":"WebPage","@id":"https:\/\/vieassociative.be\/actualites\/polemique-sur-le-racisme-autour-de-vinicius-junior-real-honte-au-football-une-punition-severe-est-exigee\/","url":"https:\/\/vieassociative.be\/actualites\/polemique-sur-le-racisme-autour-de-vinicius-junior-real-honte-au-football-une-punition-severe-est-exigee\/","name":"Pol\u00e9mique sur le racisme autour de Vin\u00edcius Junior (Real) : \u00ab Honte au football \u00bb \u2013 une punition s\u00e9v\u00e8re est exig\u00e9e | Vie Associative","isPartOf":{"@id":"https:\/\/vieassociative.be\/actualites\/#website"},"primaryImageOfPage":{"@id":"https:\/\/vieassociative.be\/actualites\/polemique-sur-le-racisme-autour-de-vinicius-junior-real-honte-au-football-une-punition-severe-est-exigee\/#primaryimage"},"image":{"@id":"https:\/\/vieassociative.be\/actualites\/polemique-sur-le-racisme-autour-de-vinicius-junior-real-honte-au-football-une-punition-severe-est-exigee\/#primaryimage"},"thumbnailUrl":"https:\/\/vieassociative.be\/actualites\/wp-content\/uploads\/2026\/02\/1771474648_Polemique-sur-le-racisme-autour-de-Vinicius-Junior-Real.jpg","datePublished":"2026-02-19T04:17:27+00:00","dateModified":"2026-02-19T04:17:27+00:00","breadcrumb":{"@id":"https:\/\/vieassociative.be\/actualites\/polemique-sur-le-racisme-autour-de-vinicius-junior-real-honte-au-football-une-punition-severe-est-exigee\/#breadcrumb"},"inLanguage":"fr-BE","potentialAction":[{"@type":"ReadAction","target":["https:\/\/vieassociative.be\/actualites\/polemique-sur-le-racisme-autour-de-vinicius-junior-real-honte-au-football-une-punition-severe-est-exigee\/"]}]},{"@type":"ImageObject","inLanguage":"fr-BE","@id":"https:\/\/vieassociative.be\/actualites\/polemique-sur-le-racisme-autour-de-vinicius-junior-real-honte-au-football-une-punition-severe-est-exigee\/#primaryimage","url":"https:\/\/vieassociative.be\/actualites\/wp-content\/uploads\/2026\/02\/1771474648_Polemique-sur-le-racisme-autour-de-Vinicius-Junior-Real.jpg","contentUrl":"https:\/\/vieassociative.be\/actualites\/wp-content\/uploads\/2026\/02\/1771474648_Polemique-sur-le-racisme-autour-de-Vinicius-Junior-Real.jpg","width":1200,"height":800,"caption":"Pol\u00e9mique sur le racisme autour de Vin\u00edcius Junior (Real) : \u00ab Honte au football \u00bb \u2013 une punition s\u00e9v\u00e8re est exig\u00e9e"},{"@type":"BreadcrumbList","@id":"https:\/\/vieassociative.be\/actualites\/polemique-sur-le-racisme-autour-de-vinicius-junior-real-honte-au-football-une-punition-severe-est-exigee\/#breadcrumb","itemListElement":[{"@type":"ListItem","position":1,"name":"Accueil","item":"https:\/\/vieassociative.be\/actualites\/"},{"@type":"ListItem","position":2,"name":"Pol\u00e9mique sur le racisme autour de Vin\u00edcius Junior (Real) : \u00ab Honte au football \u00bb \u2013 une punition s\u00e9v\u00e8re est exig\u00e9e"}]},{"@type":"WebSite","@id":"https:\/\/vieassociative.be\/actualites\/#website","url":"https:\/\/vieassociative.be\/actualites\/","name":"Vie Associative","description":"","publisher":{"@id":"https:\/\/vieassociative.be\/actualites\/#organization"},"potentialAction":[{"@type":"SearchAction","target":{"@type":"EntryPoint","urlTemplate":"https:\/\/vieassociative.be\/actualites\/?s={search_term_string}"},"query-input":{"@type":"PropertyValueSpecification","valueRequired":true,"valueName":"search_term_string"}}],"inLanguage":"fr-BE"},{"@type":"Organization","@id":"https:\/\/vieassociative.be\/actualites\/#organization","name":"Vie Associative","url":"https:\/\/vieassociative.be\/actualites\/","logo":{"@type":"ImageObject","inLanguage":"fr-BE","@id":"https:\/\/vieassociative.be\/actualites\/#\/schema\/logo\/image\/","url":"https:\/\/vieassociative.be\/actualites\/wp-content\/uploads\/2024\/09\/cropped-vieassociative_favicon.ico.png","contentUrl":"https:\/\/vieassociative.be\/actualites\/wp-content\/uploads\/2024\/09\/cropped-vieassociative_favicon.ico.png","width":512,"height":512,"caption":"Vie Associative"},"image":{"@id":"https:\/\/vieassociative.be\/actualites\/#\/schema\/logo\/image\/"}},{"@type":"Person","@id":"https:\/\/vieassociative.be\/actualites\/#\/schema\/person\/b87ac4f82f9d4e7b7cec7395b679edc4","name":"Julien","image":{"@type":"ImageObject","inLanguage":"fr-BE","@id":"https:\/\/vieassociative.be\/actualites\/#\/schema\/person\/image\/","url":"https:\/\/vieassociative.be\/actualites\/wp-content\/uploads\/2024\/09\/vie-associative-1-150x150.jpg","contentUrl":"https:\/\/vieassociative.be\/actualites\/wp-content\/uploads\/2024\/09\/vie-associative-1-150x150.jpg","caption":"Julien"},"description":"Je suis Julien, r\u00e9dacteur pour Vie Associative. Passionn\u00e9 par le monde associatif depuis plus de 10 ans, j'ai \u00e0 c\u0153ur de partager des histoires inspirantes et de mettre en lumi\u00e8re les initiatives locales. Mon objectif est de sensibiliser et d'encourager l'engagement communautaire \u00e0 travers mes articles.","sameAs":["https:\/\/vieassociative.be\/"]}]}},"_links":{"self":[{"href":"https:\/\/vieassociative.be\/actualites\/wp-json\/wp\/v2\/posts\/12704"}],"collection":[{"href":"https:\/\/vieassociative.be\/actualites\/wp-json\/wp\/v2\/posts"}],"about":[{"href":"https:\/\/vieassociative.be\/actualites\/wp-json\/wp\/v2\/types\/post"}],"author":[{"embeddable":true,"href":"https:\/\/vieassociative.be\/actualites\/wp-json\/wp\/v2\/users\/1"}],"replies":[{"embeddable":true,"href":"https:\/\/vieassociative.be\/actualites\/wp-json\/wp\/v2\/comments?post=12704"}],"version-history":[{"count":0,"href":"https:\/\/vieassociative.be\/actualites\/wp-json\/wp\/v2\/posts\/12704\/revisions"}],"wp:featuredmedia":[{"embeddable":true,"href":"https:\/\/vieassociative.be\/actualites\/wp-json\/wp\/v2\/media\/12705"}],"wp:attachment":[{"href":"https:\/\/vieassociative.be\/actualites\/wp-json\/wp\/v2\/media?parent=12704"}],"wp:term":[{"taxonomy":"category","embeddable":true,"href":"https:\/\/vieassociative.be\/actualites\/wp-json\/wp\/v2\/categories?post=12704"},{"taxonomy":"post_tag","embeddable":true,"href":"https:\/\/vieassociative.be\/actualites\/wp-json\/wp\/v2\/tags?post=12704"}],"curies":[{"name":"wp","href":"https:\/\/api.w.org\/{rel}","templated":true}]}}