{"id":12700,"date":"2026-02-18T23:17:32","date_gmt":"2026-02-18T22:17:32","guid":{"rendered":"https:\/\/vieassociative.be\/actualites\/33-apres-02-et-23-le-fc-bruges-fait-preuve-de-caractere-et-maintient-ses-chances-datteindre-les-huitiemes-de-finale-dans-la-categorie-reine\/"},"modified":"2026-02-18T23:17:32","modified_gmt":"2026-02-18T22:17:32","slug":"33-apres-02-et-23-le-fc-bruges-fait-preuve-de-caractere-et-maintient-ses-chances-datteindre-les-huitiemes-de-finale-dans-la-categorie-reine","status":"publish","type":"post","link":"https:\/\/vieassociative.be\/actualites\/33-apres-02-et-23-le-fc-bruges-fait-preuve-de-caractere-et-maintient-ses-chances-datteindre-les-huitiemes-de-finale-dans-la-categorie-reine\/","title":{"rendered":"3:3 apr\u00e8s 0:2 et 2:3 \u2013 Le FC Bruges fait preuve de caract\u00e8re et maintient ses chances d&rsquo;atteindre les huiti\u00e8mes de finale dans la cat\u00e9gorie reine"},"content":{"rendered":"<p><strong>Le FC Bruges a une nouvelle fois d\u00e9montr\u00e9 sa maturit\u00e9 europ\u00e9enne lors du match aller des \u00e9liminatoires de la Ligue des Champions face \u00e0 l&rsquo;Atl\u00e9tico Madrid mercredi. Le vice-champion belge a r\u00e9alis\u00e9 un score de 3:3 malgr\u00e9 un retard de 0:2 et 2:3 et a ainsi pr\u00e9serv\u00e9 ses chances d&rsquo;atteindre les huiti\u00e8mes de finale.<\/strong><\/p>\n<p><span id=\"more-437024\"><\/span>Une folle soir\u00e9e au Jan Breydelstadion : Apr\u00e8s un match tr\u00e8s spectaculaire, le FC Bruges et l&rsquo;Atl\u00e9tico Madrid ont fait match nul lors du match aller des \u00e9liminatoires de la Ligue des Champions (3:3). Apr\u00e8s un d\u00e9ficit de 0:2 puis de 2:3, les \u00ab Blauw en Zwart \u00bb ont fait preuve d&rsquo;une r\u00e9silience impressionnante et se sont battus pour l&rsquo;\u00e9galisation. Vanaken &#038; Co. peut d\u00e9sormais r\u00eaver de se qualifier pour les huiti\u00e8mes de finale, mais pour cela, ils doivent r\u00e9aliser une nouvelle brillante performance mardi prochain \u00e0 Madrid.<\/p>\n<div id=\"attachment_415351\" class=\"wp-caption alignleft\" style=\"max-width: 300px\"><img fetchpriority=\"high\" decoding=\"async\" class=\"wp-image-415351 size-medium\" src=\"https:\/\/vieassociative.be\/actualites\/wp-content\/uploads\/2025\/05\/Le-FC-Brugge-lance-KRC-Genk-de-la-course-de.jpg\" alt=\"\" width=\"300\" height=\"200\"  ><\/div>\n<p>Cependant, le match a tr\u00e8s mal commenc\u00e9 pour Bruges : ils ont conc\u00e9d\u00e9 un penalty \u00e0 la huiti\u00e8me minute du match, qu&rsquo;Alvarez a transform\u00e9. Ils ont bien r\u00e9agi, se sont cr\u00e9\u00e9s plusieurs occasions, mais n&rsquo;ont pas r\u00e9ussi \u00e0 les convertir, et c&rsquo;est donc l&rsquo;Atl\u00e9tico qui a port\u00e9 le score \u00e0 2-0 gr\u00e2ce \u00e0 Lookman peu avant la mi-temps.<\/p>\n<p>Cependant, au d\u00e9but de la seconde p\u00e9riode, la dynamique du jeu a chang\u00e9 et Bruges a rapidement r\u00e9duit le d\u00e9ficit gr\u00e2ce \u00e0 Onyedika, qui a bondi sur un ballon bloqu\u00e9 par le gardien de l&rsquo;Atl\u00e9tico Oblak, redonnant un nouvel espoir \u00e0 tout le stade.<\/p>\n<p>Moins de dix minutes plus tard, Tresoldi \u00e9galisait m\u00eame et on pensait que le vice-champion belge pouvait r\u00e9aliser l&rsquo;impossible et gagner.<\/p>\n<p>Bruges a ensuite \u00e9t\u00e9 rattrap\u00e9 par un but contre son camp d&rsquo;Ordonez, mais les h\u00f4tes n&rsquo;ont pas abandonn\u00e9 et Tzolis a assur\u00e9 \u00e0 son \u00e9quipe un point bien m\u00e9rit\u00e9. La qualification se d\u00e9cidera dans six jours \u00e0 Madrid. (cr\u00e9er)<\/p>\n","protected":false},"excerpt":{"rendered":"<p>Le FC Bruges a une nouvelle fois d\u00e9montr\u00e9 sa maturit\u00e9 europ\u00e9enne lors du match aller des \u00e9liminatoires de la Ligue des Champions face \u00e0 l&rsquo;Atl\u00e9tico<\/p>\n","protected":false},"author":1,"featured_media":12701,"comment_status":"","ping_status":"","sticky":false,"template":"","format":"standard","meta":{"footnotes":""},"categories":[298],"tags":[472,2851,1676,7054,3279,166,1562,635,879,9881,14,4584,10060,7586,1055],"class_list":["post-12700","post","type-post","status-publish","format-standard","has-post-thumbnail","hentry","category-belgique","tag-apres","tag-bruges","tag-caractere","tag-categorie","tag-chances","tag-dans","tag-datteindre","tag-fait","tag-finale","tag-huitiemes","tag-les","tag-maintient","tag-preuve","tag-reine","tag-ses","generate-columns","tablet-grid-50","mobile-grid-100","grid-parent","grid-33"],"yoast_head":"<!-- This site is optimized with the Yoast SEO plugin v24.0 - https:\/\/yoast.com\/wordpress\/plugins\/seo\/ -->\n<title>3:3 apr\u00e8s 0:2 et 2:3 \u2013 Le FC Bruges fait preuve de caract\u00e8re et maintient ses chances d&#039;atteindre les huiti\u00e8mes de finale dans la cat\u00e9gorie reine | Vie Associative<\/title>\n<meta name=\"robots\" content=\"index, follow, max-snippet:-1, max-image-preview:large, max-video-preview:-1\" \/>\n<link rel=\"canonical\" href=\"https:\/\/vieassociative.be\/actualites\/33-apres-02-et-23-le-fc-bruges-fait-preuve-de-caractere-et-maintient-ses-chances-datteindre-les-huitiemes-de-finale-dans-la-categorie-reine\/\" \/>\n<meta property=\"og:locale\" content=\"fr_FR\" \/>\n<meta property=\"og:type\" content=\"article\" \/>\n<meta property=\"og:title\" content=\"3:3 apr\u00e8s 0:2 et 2:3 \u2013 Le FC Bruges fait preuve de caract\u00e8re et maintient ses chances d&#039;atteindre les huiti\u00e8mes de finale dans la cat\u00e9gorie reine | Vie Associative\" \/>\n<meta property=\"og:description\" content=\"Le FC Bruges a une nouvelle fois d\u00e9montr\u00e9 sa maturit\u00e9 europ\u00e9enne lors du match aller des \u00e9liminatoires de la Ligue des Champions face \u00e0 l&rsquo;Atl\u00e9tico\" \/>\n<meta property=\"og:url\" content=\"https:\/\/vieassociative.be\/actualites\/33-apres-02-et-23-le-fc-bruges-fait-preuve-de-caractere-et-maintient-ses-chances-datteindre-les-huitiemes-de-finale-dans-la-categorie-reine\/\" \/>\n<meta property=\"og:site_name\" content=\"Vie Associative\" \/>\n<meta property=\"article:published_time\" content=\"2026-02-18T22:17:32+00:00\" \/>\n<meta property=\"og:image\" content=\"https:\/\/vieassociative.be\/actualites\/wp-content\/uploads\/2024\/09\/header_backgroundk-01-e1726694325946.png\" \/>\n\t<meta property=\"og:image:width\" content=\"279\" \/>\n\t<meta property=\"og:image:height\" content=\"92\" \/>\n\t<meta property=\"og:image:type\" content=\"image\/png\" \/>\n<meta name=\"author\" content=\"Julien\" \/>\n<meta name=\"twitter:card\" content=\"summary_large_image\" \/>\n<meta name=\"twitter:label1\" content=\"\u00c9crit par\" \/>\n\t<meta name=\"twitter:data1\" content=\"Julien\" \/>\n\t<meta name=\"twitter:label2\" content=\"Dur\u00e9e de lecture est.\" \/>\n\t<meta name=\"twitter:data2\" content=\"2 minutes\" \/>\n<script type=\"application\/ld+json\" class=\"yoast-schema-graph\">{\"@context\":\"https:\/\/schema.org\",\"@graph\":[{\"@type\":\"Article\",\"@id\":\"https:\/\/vieassociative.be\/actualites\/33-apres-02-et-23-le-fc-bruges-fait-preuve-de-caractere-et-maintient-ses-chances-datteindre-les-huitiemes-de-finale-dans-la-categorie-reine\/#article\",\"isPartOf\":{\"@id\":\"https:\/\/vieassociative.be\/actualites\/33-apres-02-et-23-le-fc-bruges-fait-preuve-de-caractere-et-maintient-ses-chances-datteindre-les-huitiemes-de-finale-dans-la-categorie-reine\/\"},\"author\":{\"name\":\"Julien\",\"@id\":\"https:\/\/vieassociative.be\/actualites\/#\/schema\/person\/b87ac4f82f9d4e7b7cec7395b679edc4\"},\"headline\":\"3:3 apr\u00e8s 0:2 et 2:3 \u2013 Le FC Bruges fait preuve de caract\u00e8re et maintient ses chances d&rsquo;atteindre les huiti\u00e8mes de finale dans la cat\u00e9gorie reine\",\"datePublished\":\"2026-02-18T22:17:32+00:00\",\"dateModified\":\"2026-02-18T22:17:32+00:00\",\"mainEntityOfPage\":{\"@id\":\"https:\/\/vieassociative.be\/actualites\/33-apres-02-et-23-le-fc-bruges-fait-preuve-de-caractere-et-maintient-ses-chances-datteindre-les-huitiemes-de-finale-dans-la-categorie-reine\/\"},\"wordCount\":360,\"publisher\":{\"@id\":\"https:\/\/vieassociative.be\/actualites\/#organization\"},\"image\":{\"@id\":\"https:\/\/vieassociative.be\/actualites\/33-apres-02-et-23-le-fc-bruges-fait-preuve-de-caractere-et-maintient-ses-chances-datteindre-les-huitiemes-de-finale-dans-la-categorie-reine\/#primaryimage\"},\"thumbnailUrl\":\"https:\/\/vieassociative.be\/actualites\/wp-content\/uploads\/2026\/02\/33-apres-02-et-23-\u2013-Le-FC-Bruges-fait.jpg\",\"keywords\":[\"Apr\u00e8s\",\"Bruges\",\"caract\u00e8re\",\"cat\u00e9gorie\",\"chances\",\"dans\",\"datteindre\",\"fait\",\"finale\",\"huiti\u00e8mes\",\"Les\",\"maintient\",\"preuve\",\"reine\",\"ses\"],\"articleSection\":[\"Belgique\"],\"inLanguage\":\"fr-BE\"},{\"@type\":\"WebPage\",\"@id\":\"https:\/\/vieassociative.be\/actualites\/33-apres-02-et-23-le-fc-bruges-fait-preuve-de-caractere-et-maintient-ses-chances-datteindre-les-huitiemes-de-finale-dans-la-categorie-reine\/\",\"url\":\"https:\/\/vieassociative.be\/actualites\/33-apres-02-et-23-le-fc-bruges-fait-preuve-de-caractere-et-maintient-ses-chances-datteindre-les-huitiemes-de-finale-dans-la-categorie-reine\/\",\"name\":\"3:3 apr\u00e8s 0:2 et 2:3 \u2013 Le FC Bruges fait preuve de caract\u00e8re et maintient ses chances d'atteindre les huiti\u00e8mes de finale dans la cat\u00e9gorie reine | Vie Associative\",\"isPartOf\":{\"@id\":\"https:\/\/vieassociative.be\/actualites\/#website\"},\"primaryImageOfPage\":{\"@id\":\"https:\/\/vieassociative.be\/actualites\/33-apres-02-et-23-le-fc-bruges-fait-preuve-de-caractere-et-maintient-ses-chances-datteindre-les-huitiemes-de-finale-dans-la-categorie-reine\/#primaryimage\"},\"image\":{\"@id\":\"https:\/\/vieassociative.be\/actualites\/33-apres-02-et-23-le-fc-bruges-fait-preuve-de-caractere-et-maintient-ses-chances-datteindre-les-huitiemes-de-finale-dans-la-categorie-reine\/#primaryimage\"},\"thumbnailUrl\":\"https:\/\/vieassociative.be\/actualites\/wp-content\/uploads\/2026\/02\/33-apres-02-et-23-\u2013-Le-FC-Bruges-fait.jpg\",\"datePublished\":\"2026-02-18T22:17:32+00:00\",\"dateModified\":\"2026-02-18T22:17:32+00:00\",\"breadcrumb\":{\"@id\":\"https:\/\/vieassociative.be\/actualites\/33-apres-02-et-23-le-fc-bruges-fait-preuve-de-caractere-et-maintient-ses-chances-datteindre-les-huitiemes-de-finale-dans-la-categorie-reine\/#breadcrumb\"},\"inLanguage\":\"fr-BE\",\"potentialAction\":[{\"@type\":\"ReadAction\",\"target\":[\"https:\/\/vieassociative.be\/actualites\/33-apres-02-et-23-le-fc-bruges-fait-preuve-de-caractere-et-maintient-ses-chances-datteindre-les-huitiemes-de-finale-dans-la-categorie-reine\/\"]}]},{\"@type\":\"ImageObject\",\"inLanguage\":\"fr-BE\",\"@id\":\"https:\/\/vieassociative.be\/actualites\/33-apres-02-et-23-le-fc-bruges-fait-preuve-de-caractere-et-maintient-ses-chances-datteindre-les-huitiemes-de-finale-dans-la-categorie-reine\/#primaryimage\",\"url\":\"https:\/\/vieassociative.be\/actualites\/wp-content\/uploads\/2026\/02\/33-apres-02-et-23-\u2013-Le-FC-Bruges-fait.jpg\",\"contentUrl\":\"https:\/\/vieassociative.be\/actualites\/wp-content\/uploads\/2026\/02\/33-apres-02-et-23-\u2013-Le-FC-Bruges-fait.jpg\",\"width\":1200,\"height\":800,\"caption\":\"3:3 apr\u00e8s 0:2 et 2:3 \u2013 Le FC Bruges fait preuve de caract\u00e8re et maintient ses chances d'atteindre les huiti\u00e8mes de finale dans la cat\u00e9gorie reine\"},{\"@type\":\"BreadcrumbList\",\"@id\":\"https:\/\/vieassociative.be\/actualites\/33-apres-02-et-23-le-fc-bruges-fait-preuve-de-caractere-et-maintient-ses-chances-datteindre-les-huitiemes-de-finale-dans-la-categorie-reine\/#breadcrumb\",\"itemListElement\":[{\"@type\":\"ListItem\",\"position\":1,\"name\":\"Accueil\",\"item\":\"https:\/\/vieassociative.be\/actualites\/\"},{\"@type\":\"ListItem\",\"position\":2,\"name\":\"3:3 apr\u00e8s 0:2 et 2:3 \u2013 Le FC Bruges fait preuve de caract\u00e8re et maintient ses chances d&rsquo;atteindre les huiti\u00e8mes de finale dans la cat\u00e9gorie reine\"}]},{\"@type\":\"WebSite\",\"@id\":\"https:\/\/vieassociative.be\/actualites\/#website\",\"url\":\"https:\/\/vieassociative.be\/actualites\/\",\"name\":\"Vie Associative\",\"description\":\"\",\"publisher\":{\"@id\":\"https:\/\/vieassociative.be\/actualites\/#organization\"},\"potentialAction\":[{\"@type\":\"SearchAction\",\"target\":{\"@type\":\"EntryPoint\",\"urlTemplate\":\"https:\/\/vieassociative.be\/actualites\/?s={search_term_string}\"},\"query-input\":{\"@type\":\"PropertyValueSpecification\",\"valueRequired\":true,\"valueName\":\"search_term_string\"}}],\"inLanguage\":\"fr-BE\"},{\"@type\":\"Organization\",\"@id\":\"https:\/\/vieassociative.be\/actualites\/#organization\",\"name\":\"Vie Associative\",\"url\":\"https:\/\/vieassociative.be\/actualites\/\",\"logo\":{\"@type\":\"ImageObject\",\"inLanguage\":\"fr-BE\",\"@id\":\"https:\/\/vieassociative.be\/actualites\/#\/schema\/logo\/image\/\",\"url\":\"https:\/\/vieassociative.be\/actualites\/wp-content\/uploads\/2024\/09\/cropped-vieassociative_favicon.ico.png\",\"contentUrl\":\"https:\/\/vieassociative.be\/actualites\/wp-content\/uploads\/2024\/09\/cropped-vieassociative_favicon.ico.png\",\"width\":512,\"height\":512,\"caption\":\"Vie Associative\"},\"image\":{\"@id\":\"https:\/\/vieassociative.be\/actualites\/#\/schema\/logo\/image\/\"}},{\"@type\":\"Person\",\"@id\":\"https:\/\/vieassociative.be\/actualites\/#\/schema\/person\/b87ac4f82f9d4e7b7cec7395b679edc4\",\"name\":\"Julien\",\"image\":{\"@type\":\"ImageObject\",\"inLanguage\":\"fr-BE\",\"@id\":\"https:\/\/vieassociative.be\/actualites\/#\/schema\/person\/image\/\",\"url\":\"https:\/\/vieassociative.be\/actualites\/wp-content\/uploads\/2024\/09\/vie-associative-1-150x150.jpg\",\"contentUrl\":\"https:\/\/vieassociative.be\/actualites\/wp-content\/uploads\/2024\/09\/vie-associative-1-150x150.jpg\",\"caption\":\"Julien\"},\"description\":\"Je suis Julien, r\u00e9dacteur pour Vie Associative. Passionn\u00e9 par le monde associatif depuis plus de 10 ans, j'ai \u00e0 c\u0153ur de partager des histoires inspirantes et de mettre en lumi\u00e8re les initiatives locales. Mon objectif est de sensibiliser et d'encourager l'engagement communautaire \u00e0 travers mes articles.\",\"sameAs\":[\"https:\/\/vieassociative.be\/\"]}]}<\/script>\n<!-- \/ Yoast SEO plugin. -->","yoast_head_json":{"title":"3:3 apr\u00e8s 0:2 et 2:3 \u2013 Le FC Bruges fait preuve de caract\u00e8re et maintient ses chances d'atteindre les huiti\u00e8mes de finale dans la cat\u00e9gorie reine | Vie Associative","robots":{"index":"index","follow":"follow","max-snippet":"max-snippet:-1","max-image-preview":"max-image-preview:large","max-video-preview":"max-video-preview:-1"},"canonical":"https:\/\/vieassociative.be\/actualites\/33-apres-02-et-23-le-fc-bruges-fait-preuve-de-caractere-et-maintient-ses-chances-datteindre-les-huitiemes-de-finale-dans-la-categorie-reine\/","og_locale":"fr_FR","og_type":"article","og_title":"3:3 apr\u00e8s 0:2 et 2:3 \u2013 Le FC Bruges fait preuve de caract\u00e8re et maintient ses chances d'atteindre les huiti\u00e8mes de finale dans la cat\u00e9gorie reine | Vie Associative","og_description":"Le FC Bruges a une nouvelle fois d\u00e9montr\u00e9 sa maturit\u00e9 europ\u00e9enne lors du match aller des \u00e9liminatoires de la Ligue des Champions face \u00e0 l&rsquo;Atl\u00e9tico","og_url":"https:\/\/vieassociative.be\/actualites\/33-apres-02-et-23-le-fc-bruges-fait-preuve-de-caractere-et-maintient-ses-chances-datteindre-les-huitiemes-de-finale-dans-la-categorie-reine\/","og_site_name":"Vie Associative","article_published_time":"2026-02-18T22:17:32+00:00","og_image":[{"width":279,"height":92,"url":"https:\/\/vieassociative.be\/actualites\/wp-content\/uploads\/2024\/09\/header_backgroundk-01-e1726694325946.png","type":"image\/png"}],"author":"Julien","twitter_card":"summary_large_image","twitter_misc":{"\u00c9crit par":"Julien","Dur\u00e9e de lecture est.":"2 minutes"},"schema":{"@context":"https:\/\/schema.org","@graph":[{"@type":"Article","@id":"https:\/\/vieassociative.be\/actualites\/33-apres-02-et-23-le-fc-bruges-fait-preuve-de-caractere-et-maintient-ses-chances-datteindre-les-huitiemes-de-finale-dans-la-categorie-reine\/#article","isPartOf":{"@id":"https:\/\/vieassociative.be\/actualites\/33-apres-02-et-23-le-fc-bruges-fait-preuve-de-caractere-et-maintient-ses-chances-datteindre-les-huitiemes-de-finale-dans-la-categorie-reine\/"},"author":{"name":"Julien","@id":"https:\/\/vieassociative.be\/actualites\/#\/schema\/person\/b87ac4f82f9d4e7b7cec7395b679edc4"},"headline":"3:3 apr\u00e8s 0:2 et 2:3 \u2013 Le FC Bruges fait preuve de caract\u00e8re et maintient ses chances d&rsquo;atteindre les huiti\u00e8mes de finale dans la cat\u00e9gorie reine","datePublished":"2026-02-18T22:17:32+00:00","dateModified":"2026-02-18T22:17:32+00:00","mainEntityOfPage":{"@id":"https:\/\/vieassociative.be\/actualites\/33-apres-02-et-23-le-fc-bruges-fait-preuve-de-caractere-et-maintient-ses-chances-datteindre-les-huitiemes-de-finale-dans-la-categorie-reine\/"},"wordCount":360,"publisher":{"@id":"https:\/\/vieassociative.be\/actualites\/#organization"},"image":{"@id":"https:\/\/vieassociative.be\/actualites\/33-apres-02-et-23-le-fc-bruges-fait-preuve-de-caractere-et-maintient-ses-chances-datteindre-les-huitiemes-de-finale-dans-la-categorie-reine\/#primaryimage"},"thumbnailUrl":"https:\/\/vieassociative.be\/actualites\/wp-content\/uploads\/2026\/02\/33-apres-02-et-23-\u2013-Le-FC-Bruges-fait.jpg","keywords":["Apr\u00e8s","Bruges","caract\u00e8re","cat\u00e9gorie","chances","dans","datteindre","fait","finale","huiti\u00e8mes","Les","maintient","preuve","reine","ses"],"articleSection":["Belgique"],"inLanguage":"fr-BE"},{"@type":"WebPage","@id":"https:\/\/vieassociative.be\/actualites\/33-apres-02-et-23-le-fc-bruges-fait-preuve-de-caractere-et-maintient-ses-chances-datteindre-les-huitiemes-de-finale-dans-la-categorie-reine\/","url":"https:\/\/vieassociative.be\/actualites\/33-apres-02-et-23-le-fc-bruges-fait-preuve-de-caractere-et-maintient-ses-chances-datteindre-les-huitiemes-de-finale-dans-la-categorie-reine\/","name":"3:3 apr\u00e8s 0:2 et 2:3 \u2013 Le FC Bruges fait preuve de caract\u00e8re et maintient ses chances d'atteindre les huiti\u00e8mes de finale dans la cat\u00e9gorie reine | Vie Associative","isPartOf":{"@id":"https:\/\/vieassociative.be\/actualites\/#website"},"primaryImageOfPage":{"@id":"https:\/\/vieassociative.be\/actualites\/33-apres-02-et-23-le-fc-bruges-fait-preuve-de-caractere-et-maintient-ses-chances-datteindre-les-huitiemes-de-finale-dans-la-categorie-reine\/#primaryimage"},"image":{"@id":"https:\/\/vieassociative.be\/actualites\/33-apres-02-et-23-le-fc-bruges-fait-preuve-de-caractere-et-maintient-ses-chances-datteindre-les-huitiemes-de-finale-dans-la-categorie-reine\/#primaryimage"},"thumbnailUrl":"https:\/\/vieassociative.be\/actualites\/wp-content\/uploads\/2026\/02\/33-apres-02-et-23-\u2013-Le-FC-Bruges-fait.jpg","datePublished":"2026-02-18T22:17:32+00:00","dateModified":"2026-02-18T22:17:32+00:00","breadcrumb":{"@id":"https:\/\/vieassociative.be\/actualites\/33-apres-02-et-23-le-fc-bruges-fait-preuve-de-caractere-et-maintient-ses-chances-datteindre-les-huitiemes-de-finale-dans-la-categorie-reine\/#breadcrumb"},"inLanguage":"fr-BE","potentialAction":[{"@type":"ReadAction","target":["https:\/\/vieassociative.be\/actualites\/33-apres-02-et-23-le-fc-bruges-fait-preuve-de-caractere-et-maintient-ses-chances-datteindre-les-huitiemes-de-finale-dans-la-categorie-reine\/"]}]},{"@type":"ImageObject","inLanguage":"fr-BE","@id":"https:\/\/vieassociative.be\/actualites\/33-apres-02-et-23-le-fc-bruges-fait-preuve-de-caractere-et-maintient-ses-chances-datteindre-les-huitiemes-de-finale-dans-la-categorie-reine\/#primaryimage","url":"https:\/\/vieassociative.be\/actualites\/wp-content\/uploads\/2026\/02\/33-apres-02-et-23-\u2013-Le-FC-Bruges-fait.jpg","contentUrl":"https:\/\/vieassociative.be\/actualites\/wp-content\/uploads\/2026\/02\/33-apres-02-et-23-\u2013-Le-FC-Bruges-fait.jpg","width":1200,"height":800,"caption":"3:3 apr\u00e8s 0:2 et 2:3 \u2013 Le FC Bruges fait preuve de caract\u00e8re et maintient ses chances d'atteindre les huiti\u00e8mes de finale dans la cat\u00e9gorie reine"},{"@type":"BreadcrumbList","@id":"https:\/\/vieassociative.be\/actualites\/33-apres-02-et-23-le-fc-bruges-fait-preuve-de-caractere-et-maintient-ses-chances-datteindre-les-huitiemes-de-finale-dans-la-categorie-reine\/#breadcrumb","itemListElement":[{"@type":"ListItem","position":1,"name":"Accueil","item":"https:\/\/vieassociative.be\/actualites\/"},{"@type":"ListItem","position":2,"name":"3:3 apr\u00e8s 0:2 et 2:3 \u2013 Le FC Bruges fait preuve de caract\u00e8re et maintient ses chances d&rsquo;atteindre les huiti\u00e8mes de finale dans la cat\u00e9gorie reine"}]},{"@type":"WebSite","@id":"https:\/\/vieassociative.be\/actualites\/#website","url":"https:\/\/vieassociative.be\/actualites\/","name":"Vie Associative","description":"","publisher":{"@id":"https:\/\/vieassociative.be\/actualites\/#organization"},"potentialAction":[{"@type":"SearchAction","target":{"@type":"EntryPoint","urlTemplate":"https:\/\/vieassociative.be\/actualites\/?s={search_term_string}"},"query-input":{"@type":"PropertyValueSpecification","valueRequired":true,"valueName":"search_term_string"}}],"inLanguage":"fr-BE"},{"@type":"Organization","@id":"https:\/\/vieassociative.be\/actualites\/#organization","name":"Vie Associative","url":"https:\/\/vieassociative.be\/actualites\/","logo":{"@type":"ImageObject","inLanguage":"fr-BE","@id":"https:\/\/vieassociative.be\/actualites\/#\/schema\/logo\/image\/","url":"https:\/\/vieassociative.be\/actualites\/wp-content\/uploads\/2024\/09\/cropped-vieassociative_favicon.ico.png","contentUrl":"https:\/\/vieassociative.be\/actualites\/wp-content\/uploads\/2024\/09\/cropped-vieassociative_favicon.ico.png","width":512,"height":512,"caption":"Vie Associative"},"image":{"@id":"https:\/\/vieassociative.be\/actualites\/#\/schema\/logo\/image\/"}},{"@type":"Person","@id":"https:\/\/vieassociative.be\/actualites\/#\/schema\/person\/b87ac4f82f9d4e7b7cec7395b679edc4","name":"Julien","image":{"@type":"ImageObject","inLanguage":"fr-BE","@id":"https:\/\/vieassociative.be\/actualites\/#\/schema\/person\/image\/","url":"https:\/\/vieassociative.be\/actualites\/wp-content\/uploads\/2024\/09\/vie-associative-1-150x150.jpg","contentUrl":"https:\/\/vieassociative.be\/actualites\/wp-content\/uploads\/2024\/09\/vie-associative-1-150x150.jpg","caption":"Julien"},"description":"Je suis Julien, r\u00e9dacteur pour Vie Associative. Passionn\u00e9 par le monde associatif depuis plus de 10 ans, j'ai \u00e0 c\u0153ur de partager des histoires inspirantes et de mettre en lumi\u00e8re les initiatives locales. Mon objectif est de sensibiliser et d'encourager l'engagement communautaire \u00e0 travers mes articles.","sameAs":["https:\/\/vieassociative.be\/"]}]}},"_links":{"self":[{"href":"https:\/\/vieassociative.be\/actualites\/wp-json\/wp\/v2\/posts\/12700"}],"collection":[{"href":"https:\/\/vieassociative.be\/actualites\/wp-json\/wp\/v2\/posts"}],"about":[{"href":"https:\/\/vieassociative.be\/actualites\/wp-json\/wp\/v2\/types\/post"}],"author":[{"embeddable":true,"href":"https:\/\/vieassociative.be\/actualites\/wp-json\/wp\/v2\/users\/1"}],"replies":[{"embeddable":true,"href":"https:\/\/vieassociative.be\/actualites\/wp-json\/wp\/v2\/comments?post=12700"}],"version-history":[{"count":0,"href":"https:\/\/vieassociative.be\/actualites\/wp-json\/wp\/v2\/posts\/12700\/revisions"}],"wp:featuredmedia":[{"embeddable":true,"href":"https:\/\/vieassociative.be\/actualites\/wp-json\/wp\/v2\/media\/12701"}],"wp:attachment":[{"href":"https:\/\/vieassociative.be\/actualites\/wp-json\/wp\/v2\/media?parent=12700"}],"wp:term":[{"taxonomy":"category","embeddable":true,"href":"https:\/\/vieassociative.be\/actualites\/wp-json\/wp\/v2\/categories?post=12700"},{"taxonomy":"post_tag","embeddable":true,"href":"https:\/\/vieassociative.be\/actualites\/wp-json\/wp\/v2\/tags?post=12700"}],"curies":[{"name":"wp","href":"https:\/\/api.w.org\/{rel}","templated":true}]}}