{"id":12696,"date":"2026-02-18T17:17:20","date_gmt":"2026-02-18T16:17:20","guid":{"rendered":"https:\/\/vieassociative.be\/actualites\/lambassadeur-des-etats-unis-en-belgique-sur-la-voie-de-la-confrontation-bill-white-cherche-un-differend-avec-le-gouvernement-et-les-politiciens\/"},"modified":"2026-02-18T17:17:20","modified_gmt":"2026-02-18T16:17:20","slug":"lambassadeur-des-etats-unis-en-belgique-sur-la-voie-de-la-confrontation-bill-white-cherche-un-differend-avec-le-gouvernement-et-les-politiciens","status":"publish","type":"post","link":"https:\/\/vieassociative.be\/actualites\/lambassadeur-des-etats-unis-en-belgique-sur-la-voie-de-la-confrontation-bill-white-cherche-un-differend-avec-le-gouvernement-et-les-politiciens\/","title":{"rendered":"L\u2019ambassadeur des \u00c9tats-Unis en Belgique sur la voie de la confrontation \u2013 Bill White cherche un diff\u00e9rend avec le gouvernement et les politiciens"},"content":{"rendered":"<p><strong>Les diplomates sont traditionnellement consid\u00e9r\u00e9s comme des m\u00e9diateurs qui d\u00e9samorcent les tensions et recherchent un \u00e9quilibre en coulisses. Dans le cas de l&rsquo;ambassadeur am\u00e9ricain en Belgique, Bill White, on a cependant l&rsquo;impression d&rsquo;avoir une attitude plus conflictuelle, ce qui n&rsquo;est pas vraiment le cas des ambassadeurs. Les observateurs font des parall\u00e8les avec le style politique de Donald Trump, selon lequel White a \u00e9t\u00e9 nomm\u00e9.<\/strong><\/p>\n<p><span id=\"more-436990\"><\/span>Le d\u00e9clencheur des tensions diplomatiques a \u00e9t\u00e9 une enqu\u00eate en cours \u00e0 Anvers contre trois circonciseurs rituels juifs (Mohelim). Selon la loi belge, la circoncision est consid\u00e9r\u00e9e comme un acte m\u00e9dical soumis \u00e0 certaines exigences l\u00e9gales. L\u2019enqu\u00eate a suscit\u00e9 l\u2019inqui\u00e9tude d\u2019une partie de la communaut\u00e9 juive.<\/p>\n<div id=\"attachment_379806\" class=\"wp-caption alignleft\" style=\"max-width: 300px\"><img fetchpriority=\"high\" decoding=\"async\" class=\"wp-image-379806 size-medium\" src=\"https:\/\/vieassociative.be\/actualites\/wp-content\/uploads\/2026\/02\/Lambassadeur-des-Etats-Unis-en-Belgique-sur-la-voie-de-la.jpg\" alt=\"\" width=\"300\" height=\"200\"><\/div>\n<p>L\u2019ambassadeur White est intervenu publiquement et a qualifi\u00e9 la proc\u00e9dure d\u2019\u00ab antis\u00e9mite \u00bb et d\u2019attaque contre la libert\u00e9 religieuse. Il a utilis\u00e9 les r\u00e9seaux sociaux pour critiquer vivement les autorit\u00e9s belges et a \u00e9galement nomm\u00e9 des membres du gouvernement. La forme publique et le choix des mots de son intervention ont \u00e9t\u00e9 consid\u00e9r\u00e9s comme diplomatiquement inhabituels en Belgique.<\/p>\n<p><strong>\u2013 R\u00e9action du gouvernement belge :<\/strong> Le gouvernement belge a fermement rejet\u00e9 ces all\u00e9gations. Le ministre des Affaires \u00e9trang\u00e8res Maxime Pr\u00e9vot (Les Engag\u00e9s) a convoqu\u00e9 White et expliqu\u00e9 que la Belgique combat activement l&rsquo;antis\u00e9mitisme et respecte la libert\u00e9 religieuse. La proc\u00e9dure n&rsquo;est pas motiv\u00e9e par des consid\u00e9rations religieuses, mais est bas\u00e9e sur la loi applicable. Il a \u00e9galement \u00e9t\u00e9 soulign\u00e9 que le pouvoir judiciaire travaille de mani\u00e8re ind\u00e9pendante et n&rsquo;est pas influenc\u00e9 par des d\u00e9clarations politiques ou diplomatiques.<\/p>\n<p>\u00c0 Bruxelles, les actions de White ont \u00e9t\u00e9 consid\u00e9r\u00e9es comme une rupture avec les pratiques diplomatiques habituelles, dans la mesure o\u00f9 les conflits entre \u00c9tats partenaires sont g\u00e9n\u00e9ralement r\u00e9solus par des voies confidentielles.<\/p>\n<div id=\"attachment_350044\" class=\"wp-caption alignleft\" style=\"max-width: 300px\"><img decoding=\"async\" class=\"wp-image-350044 size-medium\" src=\"https:\/\/vieassociative.be\/actualites\/wp-content\/uploads\/2024\/11\/Konig-accorde-a-De-Wever-un-nouveau-delai-\u2013-sans.jpeg\" alt=\"\" width=\"300\" height=\"200\"  ><\/div>\n<p><strong>\u2013 Conflit avec le patron du Vooruit Rousseau :<\/strong> Dans le m\u00eame temps, la situation s&rsquo;est aggrav\u00e9e \u00e0 cause des d\u00e9clarations de Conner Rousseau, leader du parti social-d\u00e9mocrate Vooruit. Dans un message vid\u00e9o, Rousseau a critiqu\u00e9 l&rsquo;\u00e9volution politique aux \u00c9tats-Unis et a \u00e9tabli des comparaisons historiques avec l&rsquo;\u00e9poque du national-socialisme. Il met en garde contre les tendances autoritaires et \u00e9voque des m\u00e9thodes qui rappellent les \u00ab pratiques nazies \u00bb.<\/p>\n<p>Ces commentaires ont \u00e9t\u00e9 largement interpr\u00e9t\u00e9s comme une r\u00e9f\u00e9rence au pr\u00e9sident Trump. Le choix des mots a suscit\u00e9 un d\u00e9bat tant au niveau national qu\u2019international.<\/p>\n<p>L&rsquo;ambassadeur White a vivement r\u00e9agi aux d\u00e9clarations de Rousseau. Il a publiquement exig\u00e9 des excuses et d\u00e9clar\u00e9 que les comparaisons entre un pr\u00e9sident am\u00e9ricain \u00e9lu et le nazisme \u00e9taient inacceptables. Il aurait \u00e9galement \u00e9voqu\u00e9 la perspective d\u2019\u00e9ventuelles cons\u00e9quences diplomatiques. Rousseau a rejet\u00e9 cette demande, invoquant la libert\u00e9 d&rsquo;expression dans une soci\u00e9t\u00e9 d\u00e9mocratique. (cr\u00e9er)<\/p>\n","protected":false},"excerpt":{"rendered":"<p>Les diplomates sont traditionnellement consid\u00e9r\u00e9s comme des m\u00e9diateurs qui d\u00e9samorcent les tensions et recherchent un \u00e9quilibre en coulisses. Dans le cas de l&rsquo;ambassadeur am\u00e9ricain en<\/p>\n","protected":false},"author":1,"featured_media":12697,"comment_status":"","ping_status":"","sticky":false,"template":"","format":"standard","meta":{"footnotes":""},"categories":[298],"tags":[61,383,9080,10059,10058,29,1159,290,615,10057,14,6302,33,2815,5498],"class_list":["post-12696","post","type-post","status-publish","format-standard","has-post-thumbnail","hentry","category-belgique","tag-avec","tag-belgique","tag-bill","tag-cherche","tag-confrontation","tag-des","tag-differend","tag-etatsunis","tag-gouvernement","tag-lambassadeur","tag-les","tag-politiciens","tag-sur","tag-voie","tag-white","generate-columns","tablet-grid-50","mobile-grid-100","grid-parent","grid-33"],"yoast_head":"<!-- This site is optimized with the Yoast SEO plugin v24.0 - https:\/\/yoast.com\/wordpress\/plugins\/seo\/ -->\n<title>L\u2019ambassadeur des \u00c9tats-Unis en Belgique sur la voie de la confrontation \u2013 Bill White cherche un diff\u00e9rend avec le gouvernement et les politiciens | Vie Associative<\/title>\n<meta name=\"robots\" content=\"index, follow, max-snippet:-1, max-image-preview:large, max-video-preview:-1\" \/>\n<link rel=\"canonical\" href=\"https:\/\/vieassociative.be\/actualites\/lambassadeur-des-etats-unis-en-belgique-sur-la-voie-de-la-confrontation-bill-white-cherche-un-differend-avec-le-gouvernement-et-les-politiciens\/\" \/>\n<meta property=\"og:locale\" content=\"fr_FR\" \/>\n<meta property=\"og:type\" content=\"article\" \/>\n<meta property=\"og:title\" content=\"L\u2019ambassadeur des \u00c9tats-Unis en Belgique sur la voie de la confrontation \u2013 Bill White cherche un diff\u00e9rend avec le gouvernement et les politiciens | Vie Associative\" \/>\n<meta property=\"og:description\" content=\"Les diplomates sont traditionnellement consid\u00e9r\u00e9s comme des m\u00e9diateurs qui d\u00e9samorcent les tensions et recherchent un \u00e9quilibre en coulisses. Dans le cas de l&rsquo;ambassadeur am\u00e9ricain en\" \/>\n<meta property=\"og:url\" content=\"https:\/\/vieassociative.be\/actualites\/lambassadeur-des-etats-unis-en-belgique-sur-la-voie-de-la-confrontation-bill-white-cherche-un-differend-avec-le-gouvernement-et-les-politiciens\/\" \/>\n<meta property=\"og:site_name\" content=\"Vie Associative\" \/>\n<meta property=\"article:published_time\" content=\"2026-02-18T16:17:20+00:00\" \/>\n<meta property=\"og:image\" content=\"https:\/\/vieassociative.be\/actualites\/wp-content\/uploads\/2024\/09\/header_backgroundk-01-e1726694325946.png\" \/>\n\t<meta property=\"og:image:width\" content=\"279\" \/>\n\t<meta property=\"og:image:height\" content=\"92\" \/>\n\t<meta property=\"og:image:type\" content=\"image\/png\" \/>\n<meta name=\"author\" content=\"Julien\" \/>\n<meta name=\"twitter:card\" content=\"summary_large_image\" \/>\n<meta name=\"twitter:label1\" content=\"\u00c9crit par\" \/>\n\t<meta name=\"twitter:data1\" content=\"Julien\" \/>\n\t<meta name=\"twitter:label2\" content=\"Dur\u00e9e de lecture est.\" \/>\n\t<meta name=\"twitter:data2\" content=\"2 minutes\" \/>\n<script type=\"application\/ld+json\" class=\"yoast-schema-graph\">{\"@context\":\"https:\/\/schema.org\",\"@graph\":[{\"@type\":\"Article\",\"@id\":\"https:\/\/vieassociative.be\/actualites\/lambassadeur-des-etats-unis-en-belgique-sur-la-voie-de-la-confrontation-bill-white-cherche-un-differend-avec-le-gouvernement-et-les-politiciens\/#article\",\"isPartOf\":{\"@id\":\"https:\/\/vieassociative.be\/actualites\/lambassadeur-des-etats-unis-en-belgique-sur-la-voie-de-la-confrontation-bill-white-cherche-un-differend-avec-le-gouvernement-et-les-politiciens\/\"},\"author\":{\"name\":\"Julien\",\"@id\":\"https:\/\/vieassociative.be\/actualites\/#\/schema\/person\/b87ac4f82f9d4e7b7cec7395b679edc4\"},\"headline\":\"L\u2019ambassadeur des \u00c9tats-Unis en Belgique sur la voie de la confrontation \u2013 Bill White cherche un diff\u00e9rend avec le gouvernement et les politiciens\",\"datePublished\":\"2026-02-18T16:17:20+00:00\",\"dateModified\":\"2026-02-18T16:17:20+00:00\",\"mainEntityOfPage\":{\"@id\":\"https:\/\/vieassociative.be\/actualites\/lambassadeur-des-etats-unis-en-belgique-sur-la-voie-de-la-confrontation-bill-white-cherche-un-differend-avec-le-gouvernement-et-les-politiciens\/\"},\"wordCount\":517,\"publisher\":{\"@id\":\"https:\/\/vieassociative.be\/actualites\/#organization\"},\"image\":{\"@id\":\"https:\/\/vieassociative.be\/actualites\/lambassadeur-des-etats-unis-en-belgique-sur-la-voie-de-la-confrontation-bill-white-cherche-un-differend-avec-le-gouvernement-et-les-politiciens\/#primaryimage\"},\"thumbnailUrl\":\"https:\/\/vieassociative.be\/actualites\/wp-content\/uploads\/2026\/02\/1771431440_Lambassadeur-des-Etats-Unis-en-Belgique-sur-la-voie-de-la.jpg\",\"keywords\":[\"avec\",\"Belgique\",\"Bill\",\"cherche\",\"confrontation\",\"Des\",\"diff\u00e9rend\",\"\u00c9tatsUnis\",\"gouvernement\",\"Lambassadeur\",\"Les\",\"politiciens\",\"sur\",\"voie\",\"White\"],\"articleSection\":[\"Belgique\"],\"inLanguage\":\"fr-BE\"},{\"@type\":\"WebPage\",\"@id\":\"https:\/\/vieassociative.be\/actualites\/lambassadeur-des-etats-unis-en-belgique-sur-la-voie-de-la-confrontation-bill-white-cherche-un-differend-avec-le-gouvernement-et-les-politiciens\/\",\"url\":\"https:\/\/vieassociative.be\/actualites\/lambassadeur-des-etats-unis-en-belgique-sur-la-voie-de-la-confrontation-bill-white-cherche-un-differend-avec-le-gouvernement-et-les-politiciens\/\",\"name\":\"L\u2019ambassadeur des \u00c9tats-Unis en Belgique sur la voie de la confrontation \u2013 Bill White cherche un diff\u00e9rend avec le gouvernement et les politiciens | Vie Associative\",\"isPartOf\":{\"@id\":\"https:\/\/vieassociative.be\/actualites\/#website\"},\"primaryImageOfPage\":{\"@id\":\"https:\/\/vieassociative.be\/actualites\/lambassadeur-des-etats-unis-en-belgique-sur-la-voie-de-la-confrontation-bill-white-cherche-un-differend-avec-le-gouvernement-et-les-politiciens\/#primaryimage\"},\"image\":{\"@id\":\"https:\/\/vieassociative.be\/actualites\/lambassadeur-des-etats-unis-en-belgique-sur-la-voie-de-la-confrontation-bill-white-cherche-un-differend-avec-le-gouvernement-et-les-politiciens\/#primaryimage\"},\"thumbnailUrl\":\"https:\/\/vieassociative.be\/actualites\/wp-content\/uploads\/2026\/02\/1771431440_Lambassadeur-des-Etats-Unis-en-Belgique-sur-la-voie-de-la.jpg\",\"datePublished\":\"2026-02-18T16:17:20+00:00\",\"dateModified\":\"2026-02-18T16:17:20+00:00\",\"breadcrumb\":{\"@id\":\"https:\/\/vieassociative.be\/actualites\/lambassadeur-des-etats-unis-en-belgique-sur-la-voie-de-la-confrontation-bill-white-cherche-un-differend-avec-le-gouvernement-et-les-politiciens\/#breadcrumb\"},\"inLanguage\":\"fr-BE\",\"potentialAction\":[{\"@type\":\"ReadAction\",\"target\":[\"https:\/\/vieassociative.be\/actualites\/lambassadeur-des-etats-unis-en-belgique-sur-la-voie-de-la-confrontation-bill-white-cherche-un-differend-avec-le-gouvernement-et-les-politiciens\/\"]}]},{\"@type\":\"ImageObject\",\"inLanguage\":\"fr-BE\",\"@id\":\"https:\/\/vieassociative.be\/actualites\/lambassadeur-des-etats-unis-en-belgique-sur-la-voie-de-la-confrontation-bill-white-cherche-un-differend-avec-le-gouvernement-et-les-politiciens\/#primaryimage\",\"url\":\"https:\/\/vieassociative.be\/actualites\/wp-content\/uploads\/2026\/02\/1771431440_Lambassadeur-des-Etats-Unis-en-Belgique-sur-la-voie-de-la.jpg\",\"contentUrl\":\"https:\/\/vieassociative.be\/actualites\/wp-content\/uploads\/2026\/02\/1771431440_Lambassadeur-des-Etats-Unis-en-Belgique-sur-la-voie-de-la.jpg\",\"width\":1200,\"height\":800,\"caption\":\"L\u2019ambassadeur des \u00c9tats-Unis en Belgique sur la voie de la confrontation \u2013 Bill White cherche un diff\u00e9rend avec le gouvernement et les politiciens\"},{\"@type\":\"BreadcrumbList\",\"@id\":\"https:\/\/vieassociative.be\/actualites\/lambassadeur-des-etats-unis-en-belgique-sur-la-voie-de-la-confrontation-bill-white-cherche-un-differend-avec-le-gouvernement-et-les-politiciens\/#breadcrumb\",\"itemListElement\":[{\"@type\":\"ListItem\",\"position\":1,\"name\":\"Accueil\",\"item\":\"https:\/\/vieassociative.be\/actualites\/\"},{\"@type\":\"ListItem\",\"position\":2,\"name\":\"L\u2019ambassadeur des \u00c9tats-Unis en Belgique sur la voie de la confrontation \u2013 Bill White cherche un diff\u00e9rend avec le gouvernement et les politiciens\"}]},{\"@type\":\"WebSite\",\"@id\":\"https:\/\/vieassociative.be\/actualites\/#website\",\"url\":\"https:\/\/vieassociative.be\/actualites\/\",\"name\":\"Vie Associative\",\"description\":\"\",\"publisher\":{\"@id\":\"https:\/\/vieassociative.be\/actualites\/#organization\"},\"potentialAction\":[{\"@type\":\"SearchAction\",\"target\":{\"@type\":\"EntryPoint\",\"urlTemplate\":\"https:\/\/vieassociative.be\/actualites\/?s={search_term_string}\"},\"query-input\":{\"@type\":\"PropertyValueSpecification\",\"valueRequired\":true,\"valueName\":\"search_term_string\"}}],\"inLanguage\":\"fr-BE\"},{\"@type\":\"Organization\",\"@id\":\"https:\/\/vieassociative.be\/actualites\/#organization\",\"name\":\"Vie Associative\",\"url\":\"https:\/\/vieassociative.be\/actualites\/\",\"logo\":{\"@type\":\"ImageObject\",\"inLanguage\":\"fr-BE\",\"@id\":\"https:\/\/vieassociative.be\/actualites\/#\/schema\/logo\/image\/\",\"url\":\"https:\/\/vieassociative.be\/actualites\/wp-content\/uploads\/2024\/09\/cropped-vieassociative_favicon.ico.png\",\"contentUrl\":\"https:\/\/vieassociative.be\/actualites\/wp-content\/uploads\/2024\/09\/cropped-vieassociative_favicon.ico.png\",\"width\":512,\"height\":512,\"caption\":\"Vie Associative\"},\"image\":{\"@id\":\"https:\/\/vieassociative.be\/actualites\/#\/schema\/logo\/image\/\"}},{\"@type\":\"Person\",\"@id\":\"https:\/\/vieassociative.be\/actualites\/#\/schema\/person\/b87ac4f82f9d4e7b7cec7395b679edc4\",\"name\":\"Julien\",\"image\":{\"@type\":\"ImageObject\",\"inLanguage\":\"fr-BE\",\"@id\":\"https:\/\/vieassociative.be\/actualites\/#\/schema\/person\/image\/\",\"url\":\"https:\/\/vieassociative.be\/actualites\/wp-content\/uploads\/2024\/09\/vie-associative-1-150x150.jpg\",\"contentUrl\":\"https:\/\/vieassociative.be\/actualites\/wp-content\/uploads\/2024\/09\/vie-associative-1-150x150.jpg\",\"caption\":\"Julien\"},\"description\":\"Je suis Julien, r\u00e9dacteur pour Vie Associative. Passionn\u00e9 par le monde associatif depuis plus de 10 ans, j'ai \u00e0 c\u0153ur de partager des histoires inspirantes et de mettre en lumi\u00e8re les initiatives locales. Mon objectif est de sensibiliser et d'encourager l'engagement communautaire \u00e0 travers mes articles.\",\"sameAs\":[\"https:\/\/vieassociative.be\/\"]}]}<\/script>\n<!-- \/ Yoast SEO plugin. -->","yoast_head_json":{"title":"L\u2019ambassadeur des \u00c9tats-Unis en Belgique sur la voie de la confrontation \u2013 Bill White cherche un diff\u00e9rend avec le gouvernement et les politiciens | Vie Associative","robots":{"index":"index","follow":"follow","max-snippet":"max-snippet:-1","max-image-preview":"max-image-preview:large","max-video-preview":"max-video-preview:-1"},"canonical":"https:\/\/vieassociative.be\/actualites\/lambassadeur-des-etats-unis-en-belgique-sur-la-voie-de-la-confrontation-bill-white-cherche-un-differend-avec-le-gouvernement-et-les-politiciens\/","og_locale":"fr_FR","og_type":"article","og_title":"L\u2019ambassadeur des \u00c9tats-Unis en Belgique sur la voie de la confrontation \u2013 Bill White cherche un diff\u00e9rend avec le gouvernement et les politiciens | Vie Associative","og_description":"Les diplomates sont traditionnellement consid\u00e9r\u00e9s comme des m\u00e9diateurs qui d\u00e9samorcent les tensions et recherchent un \u00e9quilibre en coulisses. Dans le cas de l&rsquo;ambassadeur am\u00e9ricain en","og_url":"https:\/\/vieassociative.be\/actualites\/lambassadeur-des-etats-unis-en-belgique-sur-la-voie-de-la-confrontation-bill-white-cherche-un-differend-avec-le-gouvernement-et-les-politiciens\/","og_site_name":"Vie Associative","article_published_time":"2026-02-18T16:17:20+00:00","og_image":[{"width":279,"height":92,"url":"https:\/\/vieassociative.be\/actualites\/wp-content\/uploads\/2024\/09\/header_backgroundk-01-e1726694325946.png","type":"image\/png"}],"author":"Julien","twitter_card":"summary_large_image","twitter_misc":{"\u00c9crit par":"Julien","Dur\u00e9e de lecture est.":"2 minutes"},"schema":{"@context":"https:\/\/schema.org","@graph":[{"@type":"Article","@id":"https:\/\/vieassociative.be\/actualites\/lambassadeur-des-etats-unis-en-belgique-sur-la-voie-de-la-confrontation-bill-white-cherche-un-differend-avec-le-gouvernement-et-les-politiciens\/#article","isPartOf":{"@id":"https:\/\/vieassociative.be\/actualites\/lambassadeur-des-etats-unis-en-belgique-sur-la-voie-de-la-confrontation-bill-white-cherche-un-differend-avec-le-gouvernement-et-les-politiciens\/"},"author":{"name":"Julien","@id":"https:\/\/vieassociative.be\/actualites\/#\/schema\/person\/b87ac4f82f9d4e7b7cec7395b679edc4"},"headline":"L\u2019ambassadeur des \u00c9tats-Unis en Belgique sur la voie de la confrontation \u2013 Bill White cherche un diff\u00e9rend avec le gouvernement et les politiciens","datePublished":"2026-02-18T16:17:20+00:00","dateModified":"2026-02-18T16:17:20+00:00","mainEntityOfPage":{"@id":"https:\/\/vieassociative.be\/actualites\/lambassadeur-des-etats-unis-en-belgique-sur-la-voie-de-la-confrontation-bill-white-cherche-un-differend-avec-le-gouvernement-et-les-politiciens\/"},"wordCount":517,"publisher":{"@id":"https:\/\/vieassociative.be\/actualites\/#organization"},"image":{"@id":"https:\/\/vieassociative.be\/actualites\/lambassadeur-des-etats-unis-en-belgique-sur-la-voie-de-la-confrontation-bill-white-cherche-un-differend-avec-le-gouvernement-et-les-politiciens\/#primaryimage"},"thumbnailUrl":"https:\/\/vieassociative.be\/actualites\/wp-content\/uploads\/2026\/02\/1771431440_Lambassadeur-des-Etats-Unis-en-Belgique-sur-la-voie-de-la.jpg","keywords":["avec","Belgique","Bill","cherche","confrontation","Des","diff\u00e9rend","\u00c9tatsUnis","gouvernement","Lambassadeur","Les","politiciens","sur","voie","White"],"articleSection":["Belgique"],"inLanguage":"fr-BE"},{"@type":"WebPage","@id":"https:\/\/vieassociative.be\/actualites\/lambassadeur-des-etats-unis-en-belgique-sur-la-voie-de-la-confrontation-bill-white-cherche-un-differend-avec-le-gouvernement-et-les-politiciens\/","url":"https:\/\/vieassociative.be\/actualites\/lambassadeur-des-etats-unis-en-belgique-sur-la-voie-de-la-confrontation-bill-white-cherche-un-differend-avec-le-gouvernement-et-les-politiciens\/","name":"L\u2019ambassadeur des \u00c9tats-Unis en Belgique sur la voie de la confrontation \u2013 Bill White cherche un diff\u00e9rend avec le gouvernement et les politiciens | Vie Associative","isPartOf":{"@id":"https:\/\/vieassociative.be\/actualites\/#website"},"primaryImageOfPage":{"@id":"https:\/\/vieassociative.be\/actualites\/lambassadeur-des-etats-unis-en-belgique-sur-la-voie-de-la-confrontation-bill-white-cherche-un-differend-avec-le-gouvernement-et-les-politiciens\/#primaryimage"},"image":{"@id":"https:\/\/vieassociative.be\/actualites\/lambassadeur-des-etats-unis-en-belgique-sur-la-voie-de-la-confrontation-bill-white-cherche-un-differend-avec-le-gouvernement-et-les-politiciens\/#primaryimage"},"thumbnailUrl":"https:\/\/vieassociative.be\/actualites\/wp-content\/uploads\/2026\/02\/1771431440_Lambassadeur-des-Etats-Unis-en-Belgique-sur-la-voie-de-la.jpg","datePublished":"2026-02-18T16:17:20+00:00","dateModified":"2026-02-18T16:17:20+00:00","breadcrumb":{"@id":"https:\/\/vieassociative.be\/actualites\/lambassadeur-des-etats-unis-en-belgique-sur-la-voie-de-la-confrontation-bill-white-cherche-un-differend-avec-le-gouvernement-et-les-politiciens\/#breadcrumb"},"inLanguage":"fr-BE","potentialAction":[{"@type":"ReadAction","target":["https:\/\/vieassociative.be\/actualites\/lambassadeur-des-etats-unis-en-belgique-sur-la-voie-de-la-confrontation-bill-white-cherche-un-differend-avec-le-gouvernement-et-les-politiciens\/"]}]},{"@type":"ImageObject","inLanguage":"fr-BE","@id":"https:\/\/vieassociative.be\/actualites\/lambassadeur-des-etats-unis-en-belgique-sur-la-voie-de-la-confrontation-bill-white-cherche-un-differend-avec-le-gouvernement-et-les-politiciens\/#primaryimage","url":"https:\/\/vieassociative.be\/actualites\/wp-content\/uploads\/2026\/02\/1771431440_Lambassadeur-des-Etats-Unis-en-Belgique-sur-la-voie-de-la.jpg","contentUrl":"https:\/\/vieassociative.be\/actualites\/wp-content\/uploads\/2026\/02\/1771431440_Lambassadeur-des-Etats-Unis-en-Belgique-sur-la-voie-de-la.jpg","width":1200,"height":800,"caption":"L\u2019ambassadeur des \u00c9tats-Unis en Belgique sur la voie de la confrontation \u2013 Bill White cherche un diff\u00e9rend avec le gouvernement et les politiciens"},{"@type":"BreadcrumbList","@id":"https:\/\/vieassociative.be\/actualites\/lambassadeur-des-etats-unis-en-belgique-sur-la-voie-de-la-confrontation-bill-white-cherche-un-differend-avec-le-gouvernement-et-les-politiciens\/#breadcrumb","itemListElement":[{"@type":"ListItem","position":1,"name":"Accueil","item":"https:\/\/vieassociative.be\/actualites\/"},{"@type":"ListItem","position":2,"name":"L\u2019ambassadeur des \u00c9tats-Unis en Belgique sur la voie de la confrontation \u2013 Bill White cherche un diff\u00e9rend avec le gouvernement et les politiciens"}]},{"@type":"WebSite","@id":"https:\/\/vieassociative.be\/actualites\/#website","url":"https:\/\/vieassociative.be\/actualites\/","name":"Vie Associative","description":"","publisher":{"@id":"https:\/\/vieassociative.be\/actualites\/#organization"},"potentialAction":[{"@type":"SearchAction","target":{"@type":"EntryPoint","urlTemplate":"https:\/\/vieassociative.be\/actualites\/?s={search_term_string}"},"query-input":{"@type":"PropertyValueSpecification","valueRequired":true,"valueName":"search_term_string"}}],"inLanguage":"fr-BE"},{"@type":"Organization","@id":"https:\/\/vieassociative.be\/actualites\/#organization","name":"Vie Associative","url":"https:\/\/vieassociative.be\/actualites\/","logo":{"@type":"ImageObject","inLanguage":"fr-BE","@id":"https:\/\/vieassociative.be\/actualites\/#\/schema\/logo\/image\/","url":"https:\/\/vieassociative.be\/actualites\/wp-content\/uploads\/2024\/09\/cropped-vieassociative_favicon.ico.png","contentUrl":"https:\/\/vieassociative.be\/actualites\/wp-content\/uploads\/2024\/09\/cropped-vieassociative_favicon.ico.png","width":512,"height":512,"caption":"Vie Associative"},"image":{"@id":"https:\/\/vieassociative.be\/actualites\/#\/schema\/logo\/image\/"}},{"@type":"Person","@id":"https:\/\/vieassociative.be\/actualites\/#\/schema\/person\/b87ac4f82f9d4e7b7cec7395b679edc4","name":"Julien","image":{"@type":"ImageObject","inLanguage":"fr-BE","@id":"https:\/\/vieassociative.be\/actualites\/#\/schema\/person\/image\/","url":"https:\/\/vieassociative.be\/actualites\/wp-content\/uploads\/2024\/09\/vie-associative-1-150x150.jpg","contentUrl":"https:\/\/vieassociative.be\/actualites\/wp-content\/uploads\/2024\/09\/vie-associative-1-150x150.jpg","caption":"Julien"},"description":"Je suis Julien, r\u00e9dacteur pour Vie Associative. Passionn\u00e9 par le monde associatif depuis plus de 10 ans, j'ai \u00e0 c\u0153ur de partager des histoires inspirantes et de mettre en lumi\u00e8re les initiatives locales. Mon objectif est de sensibiliser et d'encourager l'engagement communautaire \u00e0 travers mes articles.","sameAs":["https:\/\/vieassociative.be\/"]}]}},"_links":{"self":[{"href":"https:\/\/vieassociative.be\/actualites\/wp-json\/wp\/v2\/posts\/12696"}],"collection":[{"href":"https:\/\/vieassociative.be\/actualites\/wp-json\/wp\/v2\/posts"}],"about":[{"href":"https:\/\/vieassociative.be\/actualites\/wp-json\/wp\/v2\/types\/post"}],"author":[{"embeddable":true,"href":"https:\/\/vieassociative.be\/actualites\/wp-json\/wp\/v2\/users\/1"}],"replies":[{"embeddable":true,"href":"https:\/\/vieassociative.be\/actualites\/wp-json\/wp\/v2\/comments?post=12696"}],"version-history":[{"count":0,"href":"https:\/\/vieassociative.be\/actualites\/wp-json\/wp\/v2\/posts\/12696\/revisions"}],"wp:featuredmedia":[{"embeddable":true,"href":"https:\/\/vieassociative.be\/actualites\/wp-json\/wp\/v2\/media\/12697"}],"wp:attachment":[{"href":"https:\/\/vieassociative.be\/actualites\/wp-json\/wp\/v2\/media?parent=12696"}],"wp:term":[{"taxonomy":"category","embeddable":true,"href":"https:\/\/vieassociative.be\/actualites\/wp-json\/wp\/v2\/categories?post=12696"},{"taxonomy":"post_tag","embeddable":true,"href":"https:\/\/vieassociative.be\/actualites\/wp-json\/wp\/v2\/tags?post=12696"}],"curies":[{"name":"wp","href":"https:\/\/api.w.org\/{rel}","templated":true}]}}